{"id":23408,"date":"2023-10-24T00:29:20","date_gmt":"2023-10-24T00:29:20","guid":{"rendered":"https:\/\/www.africa-press.net\/congo-brazzaville\/politique\/vie-des-partis-le-cpr-tiendra-son-congres-avant-la-fin-de-lannee"},"modified":"2023-10-24T00:52:26","modified_gmt":"2023-10-24T00:52:26","slug":"vie-des-partis-le-cpr-tiendra-son-congres-avant-la-fin-de-lannee","status":"publish","type":"post","link":"https:\/\/www.africa-press.net\/congo-brazzaville\/politique\/vie-des-partis-le-cpr-tiendra-son-congres-avant-la-fin-de-lannee","title":{"rendered":"Vie des partis : le CPR tiendra son congr\u00e8s avant la fin de l\u2019ann\u00e9e"},"content":{"rendered":"<p><span style=\"color: #ff6600\"><strong>Africa-Press &#8211; Congo Brazzaville. <\/strong><\/span><b>Le pre\u0301sident du Club perspectives et re\u0301alite\u0301s (CPR), Aime\u0301 Hydevert Mouagni, a annonce\u0301 le 22 octobre, au cours d\u2019une confe\u0301rence de presse, la tenue du congre\u0300s tant attendu d\u2019ici a\u0300 la fin de cette anne\u0301e. Il s\u2019est e\u0301galement prononce\u0301 sur le sommet des trois bassins tropicaux et les relations entre le Congo et la France.<\/b><\/p>\n<p>Apre\u0300s un moment d\u2019hibernation, le CPR, parti de la majorite\u0301 pre\u0301sidentielle, a fait sa rentre\u0301e politique ce week-end a\u0300 travers un e\u0301change entre son pre\u0301sident et la presse. Une occasion pour Aime\u0301 Hydevert Mouagni de fixer l\u2019opinion sur l\u2019avenir de son parti qui compte un de\u0301pute\u0301 et trois e\u0301lus locaux a\u0300 l\u2019issue des e\u0301lections le\u0301gislatives et locales de 2022. Ainsi, pour permettre sa restructuration et la redynamisation de ses instances interme\u0301diaires, le CPR envisage d\u2019organiser son congre\u0300s avant la fin du mois de de\u0301cembre.<\/p>\n<p>Interroge\u0301 sur ses relations avec les autres partis de la majorite\u0301 pre\u0301sidentielle, notamment le Parti congolais du travail, il a re\u0301pondu que les deux formations politiques sont en bons termes.<\/p>\n<p>S\u2019agissant de la tenue du Sommet sur les trois bassins tropicaux mondiaux, pre\u0301vu du 26 au 28 octobre en Re\u0301publique du Congo, le pre\u0301sident du CPR a rappele\u0301 que cette grand-messe vise a\u0300 e\u0301tablir une gouvernance solide pour les trois e\u0301cosyste\u0300mes mondiaux qui repre\u0301sentent 80% de la biodiversite\u0301 mondiale. De ce fait, les trois bassins jouent, selon lui, un ro\u0302le vital en tant que re\u0301gulateur du bilan carbone mondial. Une rencontre qui permettra, a-t-il dit, de reconnai\u0302tre le leadership du chef de l\u2019Etat congolais qu\u2019il qualifie de champion de l\u2019e\u0301cologie dans la sous-re\u0301gion Afrique centrale.<\/p>\n<p>C\u2019est ainsi qu\u2019Aime\u0301 Hydevert Mouagni a critique\u0301 certaines langues qui pensent que Brazzaville ne peut pas pre\u0301tendre de\u0301fendre le bassin du Congo parce que repre\u0301sentant un petit pourcentage de fore\u0302ts.<\/p>\n<p>Concernant les relations entre le Congo et la France, le CPR appelle a\u0300 la re\u0301vision de certains accords signe\u0301s dans les anne\u0301es 40 entre les deux pays. D\u2019apre\u0300s ce parti, il n\u2019y a pas de transposition des faits politiques d\u2019un Etat a\u0300 un autre. \u00ab 78 ans apre\u0300s, le Congo ayant aujourd\u2019hui des juristes et e\u0301conomistes chevronne\u0301s, capables de de\u0301celer ce qui est pre\u0301judiciable a\u0300 notre pays, empe\u0302chant toute forme de de\u0301veloppement faute d\u2019inde\u0301pendance e\u0301conomique et mone\u0301taire&#8230;. nous demandons a\u0300 notre ancienne puissance coloniale de revoir sa politique africaine car l\u2019Afrique d\u2019aujourd\u2019hui n\u2019est plus comparable a\u0300 celle d\u2019hier \u00bb, a-t-il souhaite\u0301, privile\u0301giant un partenariat gagnant-gagnant entre le Congo et la France.<\/p>\n<p>Interpelle\u0301 par la presse sur la vente aux enche\u0300res d\u2019un avion pre\u0301sidentiel en France, le de\u0301pute\u0301 de la premie\u0300re circonscription e\u0301lectorale de Moungali a parle\u0301 d\u2019une \u00ab escroquerie juridique \u00bb.<\/p>\n\r\n                <style type=\"text\/css\">\r\n                    \r\n                    #td_uid_1_69f5b3aa47fae  .td-doubleSlider-2 .td-item1 {\r\n                        background: url(https:\/\/static.africa-press.net\/congo-brazzaville\/sites\/51\/2023\/10\/sm_1698095914.01129-80x60.jpg) 0 0 no-repeat;\r\n                    }\r\n                    #td_uid_1_69f5b3aa47fae  .td-doubleSlider-2 .td-item2 {\r\n                        background: url(https:\/\/static.africa-press.net\/congo-brazzaville\/sites\/51\/2023\/10\/sm_1698095922.001838-80x60.jpg) 0 0 no-repeat;\r\n                    }\r\n                <\/style>\r\n\r\n                <div id=\"td_uid_1_69f5b3aa47fae\" class=\"td-gallery td-slide-on-2-columns\">\r\n                    <div class=\"post_td_gallery\">\r\n                        <div class=\"td-gallery-slide-top\">\r\n                           <div class=\"td-gallery-title\"><\/div>\r\n\r\n                            <div class=\"td-gallery-controls-wrapper\">\r\n                                <div class=\"td-gallery-slide-count\"><span class=\"td-gallery-slide-item-focus\">1<\/span> de 2<\/div>\r\n                                <div class=\"td-gallery-slide-prev-next-but\">\r\n                                    <i class = \"td-icon-left doubleSliderPrevButton\"><\/i>\r\n                                    <i class = \"td-icon-right doubleSliderNextButton\"><\/i>\r\n                                <\/div>\r\n                            <\/div>\r\n                        <\/div>\r\n\r\n                        <div class = \"td-doubleSlider-1 \">\r\n                            <div class = \"td-slider\">\r\n                                \r\n                    <div class = \"td-slide-item td-item1\">\r\n                        <figure class=\"td-slide-galery-figure td-slide-popup-gallery\">\r\n                            <a class=\"slide-gallery-image-link\" href=\"https:\/\/static.africa-press.net\/congo-brazzaville\/sites\/51\/2023\/10\/sm_1698095914.01129.jpg\" title=\"sm_1698095914.01129\"  data-caption=\"\"  data-description=\"\">\r\n                                <img decoding=\"async\" src=\"https:\/\/static.africa-press.net\/congo-brazzaville\/sites\/51\/2023\/10\/sm_1698095914.01129.jpg\" srcset=\"https:\/\/static.africa-press.net\/congo-brazzaville\/sites\/51\/2023\/10\/sm_1698095914.01129.jpg 1024w, https:\/\/static.africa-press.net\/congo-brazzaville\/sites\/51\/2023\/10\/sm_1698095914.01129-300x225.jpg 300w, https:\/\/static.africa-press.net\/congo-brazzaville\/sites\/51\/2023\/10\/sm_1698095914.01129-768x576.jpg 768w, https:\/\/static.africa-press.net\/congo-brazzaville\/sites\/51\/2023\/10\/sm_1698095914.01129-80x60.jpg 80w\" sizes=\"(max-width: 1024px) 100vw, 1024px\" alt=\"\">\r\n                            <\/a>\r\n                            \r\n                        <\/figure>\r\n                    <\/div>\r\n                    <div class = \"td-slide-item td-item2\">\r\n                        <figure class=\"td-slide-galery-figure td-slide-popup-gallery\">\r\n                            <a class=\"slide-gallery-image-link\" href=\"https:\/\/static.africa-press.net\/congo-brazzaville\/sites\/51\/2023\/10\/sm_1698095922.001838.jpg\" title=\"sm_1698095922.001838\"  data-caption=\"\"  data-description=\"\">\r\n                                <img decoding=\"async\" src=\"https:\/\/static.africa-press.net\/congo-brazzaville\/sites\/51\/2023\/10\/sm_1698095922.001838.jpg\" srcset=\"https:\/\/static.africa-press.net\/congo-brazzaville\/sites\/51\/2023\/10\/sm_1698095922.001838.jpg 1024w, https:\/\/static.africa-press.net\/congo-brazzaville\/sites\/51\/2023\/10\/sm_1698095922.001838-300x225.jpg 300w, https:\/\/static.africa-press.net\/congo-brazzaville\/sites\/51\/2023\/10\/sm_1698095922.001838-768x576.jpg 768w, https:\/\/static.africa-press.net\/congo-brazzaville\/sites\/51\/2023\/10\/sm_1698095922.001838-80x60.jpg 80w\" sizes=\"(max-width: 1024px) 100vw, 1024px\" alt=\"\">\r\n                            <\/a>\r\n                            \r\n                        <\/figure>\r\n                    <\/div>\r\n                            <\/div>\r\n                        <\/div>\r\n\r\n                        <div class = \"td-doubleSlider-2\">\r\n                            <div class = \"td-slider\">\r\n                                \r\n                    <div class = \"td-button td-item1\">\r\n                        <div class = \"td-border\"><\/div>\r\n                    <\/div>\r\n                    <div class = \"td-button td-item2\">\r\n                        <div class = \"td-border\"><\/div>\r\n                    <\/div>\r\n                            <\/div>\r\n                        <\/div>\r\n\r\n                    <\/div>\r\n\r\n                <\/div>\r\n                \n<p><strong>Pour plus d&rsquo;informations et d&rsquo;analyses sur la <a href=\"https:\/\/www.africa-press.net\/congo-brazzaville\">Congo Brazzaville<\/a>, suivez <a href=\"https:\/\/www.africa-press.net\/\">Africa-Press<\/a><\/strong><\/p>\n","protected":false},"excerpt":{"rendered":"<p>Africa-Press &#8211; Congo Brazzaville. Le pre\u0301sident du Club perspectives et re\u0301alite\u0301s (CPR), Aime\u0301 Hydevert Mouagni, a annonce\u0301 le 22 octobre, au cours d\u2019une confe\u0301rence de presse, la tenue du congre\u0300s tant attendu d\u2019ici a\u0300 la fin de cette anne\u0301e. Il s\u2019est e\u0301galement prononce\u0301 sur le sommet des trois bassins tropicaux et les relations entre le [&hellip;]<\/p>\n","protected":false},"author":82,"featured_media":23407,"comment_status":"open","ping_status":"closed","sticky":false,"template":"","format":"standard","meta":{"footnotes":""},"categories":[8,2,10],"tags":[36,47,46],"class_list":["post-23408","post","type-post","status-publish","format-standard","has-post-thumbnail","hentry","category-photo","category-politique","category-toutes-les-actualites","tag-africa-press","tag-africa-press-congo-brazzaville","tag-congo-brazzaville"],"yoast_head":"<!-- This site is optimized with the Yoast SEO Premium plugin v26.1 (Yoast SEO v27.0) - https:\/\/yoast.com\/product\/yoast-seo-premium-wordpress\/ -->\n<title>Vie des partis : le CPR tiendra son congr\u00e8s avant la fin de l\u2019ann\u00e9e - Congo Brazzaville<\/title>\n<meta name=\"description\" content=\"Le pre\u0301sident du Club perspectives et re\u0301alite\u0301s (CPR), Aime\u0301 Hydevert Mouagni, a annonce\u0301 le 22 octobre, au cours d\u2019 ...\" \/>\n<meta name=\"robots\" content=\"index, follow, max-snippet:-1, max-image-preview:large, max-video-preview:-1\" \/>\n<link rel=\"canonical\" href=\"https:\/\/www.africa-press.net\/congo-brazzaville\/politique\/vie-des-partis-le-cpr-tiendra-son-congres-avant-la-fin-de-lannee\" \/>\n<meta property=\"og:locale\" content=\"fr_FR\" \/>\n<meta property=\"og:type\" content=\"article\" \/>\n<meta property=\"og:title\" content=\"Vie des partis : le CPR tiendra son congr\u00e8s avant la fin de l\u2019ann\u00e9e\" \/>\n<meta property=\"og:description\" content=\"Le pre\u0301sident du Club perspectives et re\u0301alite\u0301s (CPR), Aime\u0301 Hydevert Mouagni, a annonce\u0301 le 22 octobre, au cours d\u2019 ...\" \/>\n<meta property=\"og:url\" content=\"https:\/\/www.africa-press.net\/congo-brazzaville\/politique\/vie-des-partis-le-cpr-tiendra-son-congres-avant-la-fin-de-lannee\" \/>\n<meta property=\"og:site_name\" content=\"Congo Brazzaville\" \/>\n<meta property=\"article:published_time\" content=\"2023-10-24T00:29:20+00:00\" \/>\n<meta property=\"article:modified_time\" content=\"2023-10-24T00:52:26+00:00\" \/>\n<meta property=\"og:image\" content=\"https:\/\/static.africa-press.net\/congo-brazzaville\/sites\/51\/2023\/10\/sm_1698095928.75548.jpg\" \/>\n\t<meta property=\"og:image:width\" content=\"1024\" \/>\n\t<meta property=\"og:image:height\" content=\"768\" \/>\n\t<meta property=\"og:image:type\" content=\"image\/jpeg\" \/>\n<meta name=\"author\" content=\"cfeditorfr\" \/>\n<meta name=\"twitter:card\" content=\"summary_large_image\" \/>\n<meta name=\"twitter:label1\" content=\"\u00c9crit par\" \/>\n\t<meta name=\"twitter:data1\" content=\"cfeditorfr\" \/>\n\t<meta name=\"twitter:label2\" content=\"Dur\u00e9e de lecture estim\u00e9e\" \/>\n\t<meta name=\"twitter:data2\" content=\"3 minutes\" \/>\n<script type=\"application\/ld+json\" class=\"yoast-schema-graph\">{\"@context\":\"https:\/\/schema.org\",\"@graph\":[{\"@type\":\"Article\",\"@id\":\"https:\/\/www.africa-press.net\/congo-brazzaville\/politique\/vie-des-partis-le-cpr-tiendra-son-congres-avant-la-fin-de-lannee#article\",\"isPartOf\":{\"@id\":\"https:\/\/www.africa-press.net\/congo-brazzaville\/politique\/vie-des-partis-le-cpr-tiendra-son-congres-avant-la-fin-de-lannee\"},\"author\":{\"name\":\"cfeditorfr\",\"@id\":\"https:\/\/www.africa-press.net\/congo-brazzaville\/#\/schema\/person\/2b1cf3cd81a31e3cd26889ca66d677f1\"},\"headline\":\"Vie des partis : le CPR tiendra son congr\u00e8s avant la fin de l\u2019ann\u00e9e\",\"datePublished\":\"2023-10-24T00:29:20+00:00\",\"dateModified\":\"2023-10-24T00:52:26+00:00\",\"mainEntityOfPage\":{\"@id\":\"https:\/\/www.africa-press.net\/congo-brazzaville\/politique\/vie-des-partis-le-cpr-tiendra-son-congres-avant-la-fin-de-lannee\"},\"wordCount\":550,\"commentCount\":0,\"image\":{\"@id\":\"https:\/\/www.africa-press.net\/congo-brazzaville\/politique\/vie-des-partis-le-cpr-tiendra-son-congres-avant-la-fin-de-lannee#primaryimage\"},\"thumbnailUrl\":\"https:\/\/static.africa-press.net\/congo-brazzaville\/sites\/51\/2023\/10\/sm_1698095928.75548.jpg\",\"keywords\":[\"Africa Press\",\"Africa Press-Congo Brazzaville\",\"Congo Brazzaville\"],\"articleSection\":[\"Photo\",\"Politique\",\"Toutes les actualit\u00e9s\"],\"inLanguage\":\"fr-FR\",\"potentialAction\":[{\"@type\":\"CommentAction\",\"name\":\"Comment\",\"target\":[\"https:\/\/www.africa-press.net\/congo-brazzaville\/politique\/vie-des-partis-le-cpr-tiendra-son-congres-avant-la-fin-de-lannee#respond\"]}]},{\"@type\":\"WebPage\",\"@id\":\"https:\/\/www.africa-press.net\/congo-brazzaville\/politique\/vie-des-partis-le-cpr-tiendra-son-congres-avant-la-fin-de-lannee\",\"url\":\"https:\/\/www.africa-press.net\/congo-brazzaville\/politique\/vie-des-partis-le-cpr-tiendra-son-congres-avant-la-fin-de-lannee\",\"name\":\"Vie des partis : le CPR tiendra son congr\u00e8s avant la fin de l\u2019ann\u00e9e - Congo Brazzaville\",\"isPartOf\":{\"@id\":\"https:\/\/www.africa-press.net\/congo-brazzaville\/#website\"},\"primaryImageOfPage\":{\"@id\":\"https:\/\/www.africa-press.net\/congo-brazzaville\/politique\/vie-des-partis-le-cpr-tiendra-son-congres-avant-la-fin-de-lannee#primaryimage\"},\"image\":{\"@id\":\"https:\/\/www.africa-press.net\/congo-brazzaville\/politique\/vie-des-partis-le-cpr-tiendra-son-congres-avant-la-fin-de-lannee#primaryimage\"},\"thumbnailUrl\":\"https:\/\/static.africa-press.net\/congo-brazzaville\/sites\/51\/2023\/10\/sm_1698095928.75548.jpg\",\"datePublished\":\"2023-10-24T00:29:20+00:00\",\"dateModified\":\"2023-10-24T00:52:26+00:00\",\"author\":{\"@id\":\"https:\/\/www.africa-press.net\/congo-brazzaville\/#\/schema\/person\/2b1cf3cd81a31e3cd26889ca66d677f1\"},\"description\":\"Le pre\u0301sident du Club perspectives et re\u0301alite\u0301s (CPR), Aime\u0301 Hydevert Mouagni, a annonce\u0301 le 22 octobre, au cours d\u2019 ...\",\"breadcrumb\":{\"@id\":\"https:\/\/www.africa-press.net\/congo-brazzaville\/politique\/vie-des-partis-le-cpr-tiendra-son-congres-avant-la-fin-de-lannee#breadcrumb\"},\"inLanguage\":\"fr-FR\",\"potentialAction\":[{\"@type\":\"ReadAction\",\"target\":[\"https:\/\/www.africa-press.net\/congo-brazzaville\/politique\/vie-des-partis-le-cpr-tiendra-son-congres-avant-la-fin-de-lannee\"]}]},{\"@type\":\"ImageObject\",\"inLanguage\":\"fr-FR\",\"@id\":\"https:\/\/www.africa-press.net\/congo-brazzaville\/politique\/vie-des-partis-le-cpr-tiendra-son-congres-avant-la-fin-de-lannee#primaryimage\",\"url\":\"https:\/\/static.africa-press.net\/congo-brazzaville\/sites\/51\/2023\/10\/sm_1698095928.75548.jpg\",\"contentUrl\":\"https:\/\/static.africa-press.net\/congo-brazzaville\/sites\/51\/2023\/10\/sm_1698095928.75548.jpg\",\"width\":1024,\"height\":768,\"caption\":\"Vie des partis : le CPR tiendra son congr\u00e8s avant la fin de l\u2019ann\u00e9e\"},{\"@type\":\"BreadcrumbList\",\"@id\":\"https:\/\/www.africa-press.net\/congo-brazzaville\/politique\/vie-des-partis-le-cpr-tiendra-son-congres-avant-la-fin-de-lannee#breadcrumb\",\"itemListElement\":[{\"@type\":\"ListItem\",\"position\":1,\"name\":\"Accueil\",\"item\":\"https:\/\/www.africa-press.net\/congo-brazzaville\/\"},{\"@type\":\"ListItem\",\"position\":2,\"name\":\"Vie des partis : le CPR tiendra son congr\u00e8s avant la fin de l\u2019ann\u00e9e\"}]},{\"@type\":\"WebSite\",\"@id\":\"https:\/\/www.africa-press.net\/congo-brazzaville\/#website\",\"url\":\"https:\/\/www.africa-press.net\/congo-brazzaville\/\",\"name\":\"Congo Brazzaville\",\"description\":\"Just another Africa News Agency Sites site\",\"potentialAction\":[{\"@type\":\"SearchAction\",\"target\":{\"@type\":\"EntryPoint\",\"urlTemplate\":\"https:\/\/www.africa-press.net\/congo-brazzaville\/?s={search_term_string}\"},\"query-input\":{\"@type\":\"PropertyValueSpecification\",\"valueRequired\":true,\"valueName\":\"search_term_string\"}}],\"inLanguage\":\"fr-FR\"},{\"@type\":\"Person\",\"@id\":\"https:\/\/www.africa-press.net\/congo-brazzaville\/#\/schema\/person\/2b1cf3cd81a31e3cd26889ca66d677f1\",\"name\":\"cfeditorfr\"}]}<\/script>\n<!-- \/ Yoast SEO Premium plugin. -->","yoast_head_json":{"title":"Vie des partis : le CPR tiendra son congr\u00e8s avant la fin de l\u2019ann\u00e9e - Congo Brazzaville","description":"Le pre\u0301sident du Club perspectives et re\u0301alite\u0301s (CPR), Aime\u0301 Hydevert Mouagni, a annonce\u0301 le 22 octobre, au cours d\u2019 ...","robots":{"index":"index","follow":"follow","max-snippet":"max-snippet:-1","max-image-preview":"max-image-preview:large","max-video-preview":"max-video-preview:-1"},"canonical":"https:\/\/www.africa-press.net\/congo-brazzaville\/politique\/vie-des-partis-le-cpr-tiendra-son-congres-avant-la-fin-de-lannee","og_locale":"fr_FR","og_type":"article","og_title":"Vie des partis : le CPR tiendra son congr\u00e8s avant la fin de l\u2019ann\u00e9e","og_description":"Le pre\u0301sident du Club perspectives et re\u0301alite\u0301s (CPR), Aime\u0301 Hydevert Mouagni, a annonce\u0301 le 22 octobre, au cours d\u2019 ...","og_url":"https:\/\/www.africa-press.net\/congo-brazzaville\/politique\/vie-des-partis-le-cpr-tiendra-son-congres-avant-la-fin-de-lannee","og_site_name":"Congo Brazzaville","article_published_time":"2023-10-24T00:29:20+00:00","article_modified_time":"2023-10-24T00:52:26+00:00","og_image":[{"width":1024,"height":768,"url":"https:\/\/static.africa-press.net\/congo-brazzaville\/sites\/51\/2023\/10\/sm_1698095928.75548.jpg","type":"image\/jpeg"}],"author":"cfeditorfr","twitter_card":"summary_large_image","twitter_misc":{"\u00c9crit par":"cfeditorfr","Dur\u00e9e de lecture estim\u00e9e":"3 minutes"},"schema":{"@context":"https:\/\/schema.org","@graph":[{"@type":"Article","@id":"https:\/\/www.africa-press.net\/congo-brazzaville\/politique\/vie-des-partis-le-cpr-tiendra-son-congres-avant-la-fin-de-lannee#article","isPartOf":{"@id":"https:\/\/www.africa-press.net\/congo-brazzaville\/politique\/vie-des-partis-le-cpr-tiendra-son-congres-avant-la-fin-de-lannee"},"author":{"name":"cfeditorfr","@id":"https:\/\/www.africa-press.net\/congo-brazzaville\/#\/schema\/person\/2b1cf3cd81a31e3cd26889ca66d677f1"},"headline":"Vie des partis : le CPR tiendra son congr\u00e8s avant la fin de l\u2019ann\u00e9e","datePublished":"2023-10-24T00:29:20+00:00","dateModified":"2023-10-24T00:52:26+00:00","mainEntityOfPage":{"@id":"https:\/\/www.africa-press.net\/congo-brazzaville\/politique\/vie-des-partis-le-cpr-tiendra-son-congres-avant-la-fin-de-lannee"},"wordCount":550,"commentCount":0,"image":{"@id":"https:\/\/www.africa-press.net\/congo-brazzaville\/politique\/vie-des-partis-le-cpr-tiendra-son-congres-avant-la-fin-de-lannee#primaryimage"},"thumbnailUrl":"https:\/\/static.africa-press.net\/congo-brazzaville\/sites\/51\/2023\/10\/sm_1698095928.75548.jpg","keywords":["Africa Press","Africa Press-Congo Brazzaville","Congo Brazzaville"],"articleSection":["Photo","Politique","Toutes les actualit\u00e9s"],"inLanguage":"fr-FR","potentialAction":[{"@type":"CommentAction","name":"Comment","target":["https:\/\/www.africa-press.net\/congo-brazzaville\/politique\/vie-des-partis-le-cpr-tiendra-son-congres-avant-la-fin-de-lannee#respond"]}]},{"@type":"WebPage","@id":"https:\/\/www.africa-press.net\/congo-brazzaville\/politique\/vie-des-partis-le-cpr-tiendra-son-congres-avant-la-fin-de-lannee","url":"https:\/\/www.africa-press.net\/congo-brazzaville\/politique\/vie-des-partis-le-cpr-tiendra-son-congres-avant-la-fin-de-lannee","name":"Vie des partis : le CPR tiendra son congr\u00e8s avant la fin de l\u2019ann\u00e9e - Congo Brazzaville","isPartOf":{"@id":"https:\/\/www.africa-press.net\/congo-brazzaville\/#website"},"primaryImageOfPage":{"@id":"https:\/\/www.africa-press.net\/congo-brazzaville\/politique\/vie-des-partis-le-cpr-tiendra-son-congres-avant-la-fin-de-lannee#primaryimage"},"image":{"@id":"https:\/\/www.africa-press.net\/congo-brazzaville\/politique\/vie-des-partis-le-cpr-tiendra-son-congres-avant-la-fin-de-lannee#primaryimage"},"thumbnailUrl":"https:\/\/static.africa-press.net\/congo-brazzaville\/sites\/51\/2023\/10\/sm_1698095928.75548.jpg","datePublished":"2023-10-24T00:29:20+00:00","dateModified":"2023-10-24T00:52:26+00:00","author":{"@id":"https:\/\/www.africa-press.net\/congo-brazzaville\/#\/schema\/person\/2b1cf3cd81a31e3cd26889ca66d677f1"},"description":"Le pre\u0301sident du Club perspectives et re\u0301alite\u0301s (CPR), Aime\u0301 Hydevert Mouagni, a annonce\u0301 le 22 octobre, au cours d\u2019 ...","breadcrumb":{"@id":"https:\/\/www.africa-press.net\/congo-brazzaville\/politique\/vie-des-partis-le-cpr-tiendra-son-congres-avant-la-fin-de-lannee#breadcrumb"},"inLanguage":"fr-FR","potentialAction":[{"@type":"ReadAction","target":["https:\/\/www.africa-press.net\/congo-brazzaville\/politique\/vie-des-partis-le-cpr-tiendra-son-congres-avant-la-fin-de-lannee"]}]},{"@type":"ImageObject","inLanguage":"fr-FR","@id":"https:\/\/www.africa-press.net\/congo-brazzaville\/politique\/vie-des-partis-le-cpr-tiendra-son-congres-avant-la-fin-de-lannee#primaryimage","url":"https:\/\/static.africa-press.net\/congo-brazzaville\/sites\/51\/2023\/10\/sm_1698095928.75548.jpg","contentUrl":"https:\/\/static.africa-press.net\/congo-brazzaville\/sites\/51\/2023\/10\/sm_1698095928.75548.jpg","width":1024,"height":768,"caption":"Vie des partis : le CPR tiendra son congr\u00e8s avant la fin de l\u2019ann\u00e9e"},{"@type":"BreadcrumbList","@id":"https:\/\/www.africa-press.net\/congo-brazzaville\/politique\/vie-des-partis-le-cpr-tiendra-son-congres-avant-la-fin-de-lannee#breadcrumb","itemListElement":[{"@type":"ListItem","position":1,"name":"Accueil","item":"https:\/\/www.africa-press.net\/congo-brazzaville\/"},{"@type":"ListItem","position":2,"name":"Vie des partis : le CPR tiendra son congr\u00e8s avant la fin de l\u2019ann\u00e9e"}]},{"@type":"WebSite","@id":"https:\/\/www.africa-press.net\/congo-brazzaville\/#website","url":"https:\/\/www.africa-press.net\/congo-brazzaville\/","name":"Congo Brazzaville","description":"Just another Africa News Agency Sites site","potentialAction":[{"@type":"SearchAction","target":{"@type":"EntryPoint","urlTemplate":"https:\/\/www.africa-press.net\/congo-brazzaville\/?s={search_term_string}"},"query-input":{"@type":"PropertyValueSpecification","valueRequired":true,"valueName":"search_term_string"}}],"inLanguage":"fr-FR"},{"@type":"Person","@id":"https:\/\/www.africa-press.net\/congo-brazzaville\/#\/schema\/person\/2b1cf3cd81a31e3cd26889ca66d677f1","name":"cfeditorfr"}]}},"_links":{"self":[{"href":"https:\/\/www.africa-press.net\/congo-brazzaville\/wp-json\/wp\/v2\/posts\/23408","targetHints":{"allow":["GET"]}}],"collection":[{"href":"https:\/\/www.africa-press.net\/congo-brazzaville\/wp-json\/wp\/v2\/posts"}],"about":[{"href":"https:\/\/www.africa-press.net\/congo-brazzaville\/wp-json\/wp\/v2\/types\/post"}],"author":[{"embeddable":true,"href":"https:\/\/www.africa-press.net\/congo-brazzaville\/wp-json\/wp\/v2\/users\/82"}],"replies":[{"embeddable":true,"href":"https:\/\/www.africa-press.net\/congo-brazzaville\/wp-json\/wp\/v2\/comments?post=23408"}],"version-history":[{"count":0,"href":"https:\/\/www.africa-press.net\/congo-brazzaville\/wp-json\/wp\/v2\/posts\/23408\/revisions"}],"wp:featuredmedia":[{"embeddable":true,"href":"https:\/\/www.africa-press.net\/congo-brazzaville\/wp-json\/wp\/v2\/media\/23407"}],"wp:attachment":[{"href":"https:\/\/www.africa-press.net\/congo-brazzaville\/wp-json\/wp\/v2\/media?parent=23408"}],"wp:term":[{"taxonomy":"category","embeddable":true,"href":"https:\/\/www.africa-press.net\/congo-brazzaville\/wp-json\/wp\/v2\/categories?post=23408"},{"taxonomy":"post_tag","embeddable":true,"href":"https:\/\/www.africa-press.net\/congo-brazzaville\/wp-json\/wp\/v2\/tags?post=23408"}],"curies":[{"name":"wp","href":"https:\/\/api.w.org\/{rel}","templated":true}]}}