{"id":23416,"date":"2023-10-24T00:30:00","date_gmt":"2023-10-24T00:30:00","guid":{"rendered":"https:\/\/www.africa-press.net\/congo-brazzaville\/politique\/sommet-des-trois-bassins-forestiers-un-planting-darbres-pour-preserver-la-biodiversite"},"modified":"2023-10-24T00:53:03","modified_gmt":"2023-10-24T00:53:03","slug":"sommet-des-trois-bassins-forestiers-un-planting-darbres-pour-preserver-la-biodiversite","status":"publish","type":"post","link":"https:\/\/www.africa-press.net\/congo-brazzaville\/photo\/sommet-des-trois-bassins-forestiers-un-planting-darbres-pour-preserver-la-biodiversite","title":{"rendered":"Sommet des trois bassins forestiers : un planting d\u2019arbres pour pr\u00e9server la biodiversit\u00e9"},"content":{"rendered":"<p><span style=\"color: #ff6600\"><strong>Africa-Press &#8211; Congo Brazzaville. <\/strong><\/span><b>A l\u2019initiative de Brazzaville international leadership youth forum (Bilyf), des jeunes ont plante\u0301 le 22 octobre a\u0300 Brazzaville, sur la corniche, a\u0300 hauteur du quartier Mpissa, a\u0300 Bacongo, 1 250 plants d\u2019acacias. Cette ope\u0301ration vise, entre autres, a\u0300 promouvoir et a\u0300 pre\u0301server la biodiversite\u0301.<\/b><\/p>\n<p>Ils e\u0301taient nombreux a\u0300 avoir re\u0301pondu pre\u0301sent a\u0300 l\u2019appel du Bilyf, accompagne\u0301 du syste\u0300me des Nations unies en Re\u0301publique du Congo. Une activite\u0301 de grande envergure, a salue\u0301 le coordonnateur re\u0301sident du syste\u0300me des Nations unies, Chris Mburu, qui s\u2019est, par ailleurs, re\u0301joui du fait que la jeunesse prend re\u0301ellement sa place dans la lutte contre les changements climatiques. \u00ab Nous sommes ici pour promouvoir les Objectifs de de\u0301veloppement durable (ODD), parmi lesquels, il y a l\u2019ODD 13 qui vise a\u0300 lutter contre les changements climatiques. Dans quelques jours, le Congo va abriter un grand sommet sur le sujet, c\u2019est vraiment le moment d\u2019avoir cette discussion \u00bb, a-t-il souligne\u0301.<\/p>\n<p>Selon lui, le syste\u0300me des Nations unies, qui s\u2019appre\u0302te a\u0300 comme\u0301morer son 78e anniversaire, a tenu a\u0300 te\u0301moigner de sa contribution aux sujets lie\u0301s a\u0300 la protection de l\u2019environnement en participant a\u0300 cette initiative de plantation d&rsquo;arbres.<\/p>\n<p>\u00ab Le secre\u0301taire ge\u0301ne\u0301ral des Nations unies, que je repre\u0301sente en Re\u0301publique du Congo, tient a\u0300 ce que la jeunesse soit implique\u0301e dans cette question de lutte contre les changements climatiques, parce que ce sont les jeunes qui sont appele\u0301s a\u0300 prote\u0301ger les fore\u0302ts, a\u0300 travailler de sorte que les proble\u0300mes qui nous menacent soient e\u0301radique\u0301s \u00bb, a-t-il conclu.<\/p>\n<p>Le pre\u0301sident de Bilyf, Pre\u0301cieux Massoueme\u0301, s\u2019est, quant a\u0300 lui, fe\u0301licite\u0301 de l\u2019implication de la jeunesse congolaise qui a bien voulu marquer de son empreinte inde\u0301le\u0301bile cette journe\u0301e, organise\u0301e en pre\u0301lude au sommet sur les trois bassins forestiers (Amazonie, Borne\u0301o-Me\u0301kong et Congo), pre\u0301vu du 26 au 28 octobre prochain. Il a rappele\u0301 que le chef de l\u2019Etat, Denis Sassou N\u2019Guesso, a pris a\u0300 bras-le-corps la bataille des changements climatiques depuis les anne\u0301es 80, en restaurant la Journe\u0301e nationale de l\u2019arbre le 6 novembre.<\/p>\n<p>\u00ab Nous avons voulu par cette action marquer notre empreinte, envoyer un signal fort au monde entier que les changements climatiques, l\u2019environnement c\u2019est d\u2019abord une question de jeunesse. Nous voulons, a\u0300 travers cet acte, rappeler l\u2019importance de planter, d\u2019avoir un environnement sain, une Afrique verte et un Congo vert&#8230; C\u2019est une manie\u0300re pour nous de contribuer au sommet, pour dire que les jeunes sont mobilise\u0301s. En plantant 1250 acacias sur un demi hectare, ce n\u2019est qu\u2019un de\u0301but, nous n\u2019allons pas nous arre\u0302ter \u00bb, a-t-il promis, pre\u0301cisant que la jeunesse a, a\u0300 c\u0153ur, la proble\u0301matique des changements climatiques.<\/p>\n<p>Notons que Bilyf n\u2019est pas a\u0300 sa premie\u0300re activite\u0301 en soutien a\u0300 l\u2019organisation du sommet de Brazzaville. L\u2019association a organise\u0301 le 24 septembre dernier, toujours en partenariat avec le syste\u0300me des Nations unies, une marche environnementale et sportive.<\/p>\n\r\n                <style type=\"text\/css\">\r\n                    \r\n                    #td_uid_1_69f2e02041c15  .td-doubleSlider-2 .td-item1 {\r\n                        background: url(https:\/\/static.africa-press.net\/congo-brazzaville\/sites\/51\/2023\/10\/sm_1698095977.865858-80x60.jpg) 0 0 no-repeat;\r\n                    }\r\n                    #td_uid_1_69f2e02041c15  .td-doubleSlider-2 .td-item2 {\r\n                        background: url(https:\/\/static.africa-press.net\/congo-brazzaville\/sites\/51\/2023\/10\/sm_1698095988.593908-80x60.jpg) 0 0 no-repeat;\r\n                    }\r\n                <\/style>\r\n\r\n                <div id=\"td_uid_1_69f2e02041c15\" class=\"td-gallery td-slide-on-2-columns\">\r\n                    <div class=\"post_td_gallery\">\r\n                        <div class=\"td-gallery-slide-top\">\r\n                           <div class=\"td-gallery-title\"><\/div>\r\n\r\n                            <div class=\"td-gallery-controls-wrapper\">\r\n                                <div class=\"td-gallery-slide-count\"><span class=\"td-gallery-slide-item-focus\">1<\/span> de 2<\/div>\r\n                                <div class=\"td-gallery-slide-prev-next-but\">\r\n                                    <i class = \"td-icon-left doubleSliderPrevButton\"><\/i>\r\n                                    <i class = \"td-icon-right doubleSliderNextButton\"><\/i>\r\n                                <\/div>\r\n                            <\/div>\r\n                        <\/div>\r\n\r\n                        <div class = \"td-doubleSlider-1 \">\r\n                            <div class = \"td-slider\">\r\n                                \r\n                    <div class = \"td-slide-item td-item1\">\r\n                        <figure class=\"td-slide-galery-figure td-slide-popup-gallery\">\r\n                            <a class=\"slide-gallery-image-link\" href=\"https:\/\/static.africa-press.net\/congo-brazzaville\/sites\/51\/2023\/10\/sm_1698095977.865858.jpg\" title=\"sm_1698095977.865858\"  data-caption=\"\"  data-description=\"\">\r\n                                <img decoding=\"async\" src=\"https:\/\/static.africa-press.net\/congo-brazzaville\/sites\/51\/2023\/10\/sm_1698095977.865858.jpg\" srcset=\"https:\/\/static.africa-press.net\/congo-brazzaville\/sites\/51\/2023\/10\/sm_1698095977.865858.jpg 1024w, https:\/\/static.africa-press.net\/congo-brazzaville\/sites\/51\/2023\/10\/sm_1698095977.865858-300x225.jpg 300w, https:\/\/static.africa-press.net\/congo-brazzaville\/sites\/51\/2023\/10\/sm_1698095977.865858-768x576.jpg 768w, https:\/\/static.africa-press.net\/congo-brazzaville\/sites\/51\/2023\/10\/sm_1698095977.865858-80x60.jpg 80w\" sizes=\"(max-width: 1024px) 100vw, 1024px\" alt=\"\">\r\n                            <\/a>\r\n                            \r\n                        <\/figure>\r\n                    <\/div>\r\n                    <div class = \"td-slide-item td-item2\">\r\n                        <figure class=\"td-slide-galery-figure td-slide-popup-gallery\">\r\n                            <a class=\"slide-gallery-image-link\" href=\"https:\/\/static.africa-press.net\/congo-brazzaville\/sites\/51\/2023\/10\/sm_1698095988.593908.jpg\" title=\"sm_1698095988.593908\"  data-caption=\"\"  data-description=\"\">\r\n                                <img decoding=\"async\" src=\"https:\/\/static.africa-press.net\/congo-brazzaville\/sites\/51\/2023\/10\/sm_1698095988.593908.jpg\" srcset=\"https:\/\/static.africa-press.net\/congo-brazzaville\/sites\/51\/2023\/10\/sm_1698095988.593908.jpg 1024w, https:\/\/static.africa-press.net\/congo-brazzaville\/sites\/51\/2023\/10\/sm_1698095988.593908-300x225.jpg 300w, https:\/\/static.africa-press.net\/congo-brazzaville\/sites\/51\/2023\/10\/sm_1698095988.593908-768x576.jpg 768w, https:\/\/static.africa-press.net\/congo-brazzaville\/sites\/51\/2023\/10\/sm_1698095988.593908-80x60.jpg 80w\" sizes=\"(max-width: 1024px) 100vw, 1024px\" alt=\"\">\r\n                            <\/a>\r\n                            \r\n                        <\/figure>\r\n                    <\/div>\r\n                            <\/div>\r\n                        <\/div>\r\n\r\n                        <div class = \"td-doubleSlider-2\">\r\n                            <div class = \"td-slider\">\r\n                                \r\n                    <div class = \"td-button td-item1\">\r\n                        <div class = \"td-border\"><\/div>\r\n                    <\/div>\r\n                    <div class = \"td-button td-item2\">\r\n                        <div class = \"td-border\"><\/div>\r\n                    <\/div>\r\n                            <\/div>\r\n                        <\/div>\r\n\r\n                    <\/div>\r\n\r\n                <\/div>\r\n                \n<p><strong>Pour plus d&rsquo;informations et d&rsquo;analyses sur la <a href=\"https:\/\/www.africa-press.net\/congo-brazzaville\">Congo Brazzaville<\/a>, suivez <a href=\"https:\/\/www.africa-press.net\/\">Africa-Press<\/a><\/strong><\/p>\n","protected":false},"excerpt":{"rendered":"<p>Africa-Press &#8211; Congo Brazzaville. A l\u2019initiative de Brazzaville international leadership youth forum (Bilyf), des jeunes ont plante\u0301 le 22 octobre a\u0300 Brazzaville, sur la corniche, a\u0300 hauteur du quartier Mpissa, a\u0300 Bacongo, 1 250 plants d\u2019acacias. Cette ope\u0301ration vise, entre autres, a\u0300 promouvoir et a\u0300 pre\u0301server la biodiversite\u0301. Ils e\u0301taient nombreux a\u0300 avoir re\u0301pondu pre\u0301sent [&hellip;]<\/p>\n","protected":false},"author":82,"featured_media":23415,"comment_status":"open","ping_status":"closed","sticky":false,"template":"","format":"standard","meta":{"footnotes":""},"categories":[21,8,10],"tags":[36,47,46],"class_list":["post-23416","post","type-post","status-publish","format-standard","has-post-thumbnail","hentry","category-communaute","category-photo","category-toutes-les-actualites","tag-africa-press","tag-africa-press-congo-brazzaville","tag-congo-brazzaville"],"yoast_head":"<!-- This site is optimized with the Yoast SEO Premium plugin v26.1 (Yoast SEO v27.0) - https:\/\/yoast.com\/product\/yoast-seo-premium-wordpress\/ -->\n<title>Sommet des trois bassins forestiers : un planting d\u2019arbres pour pr\u00e9server la biodiversit\u00e9 - Congo Brazzaville<\/title>\n<meta name=\"description\" content=\"A l\u2019initiative de Brazzaville international leadership youth forum (Bilyf), des jeunes ont plante\u0301 le 22 octobre a\u0300 B ...\" \/>\n<meta name=\"robots\" content=\"index, follow, max-snippet:-1, max-image-preview:large, max-video-preview:-1\" \/>\n<link rel=\"canonical\" href=\"https:\/\/www.africa-press.net\/congo-brazzaville\/photo\/sommet-des-trois-bassins-forestiers-un-planting-darbres-pour-preserver-la-biodiversite\" \/>\n<meta property=\"og:locale\" content=\"fr_FR\" \/>\n<meta property=\"og:type\" content=\"article\" \/>\n<meta property=\"og:title\" content=\"Sommet des trois bassins forestiers : un planting d\u2019arbres pour pr\u00e9server la biodiversit\u00e9\" \/>\n<meta property=\"og:description\" content=\"A l\u2019initiative de Brazzaville international leadership youth forum (Bilyf), des jeunes ont plante\u0301 le 22 octobre a\u0300 B ...\" \/>\n<meta property=\"og:url\" content=\"https:\/\/www.africa-press.net\/congo-brazzaville\/photo\/sommet-des-trois-bassins-forestiers-un-planting-darbres-pour-preserver-la-biodiversite\" \/>\n<meta property=\"og:site_name\" content=\"Congo Brazzaville\" \/>\n<meta property=\"article:published_time\" content=\"2023-10-24T00:30:00+00:00\" \/>\n<meta property=\"article:modified_time\" content=\"2023-10-24T00:53:03+00:00\" \/>\n<meta property=\"og:image\" content=\"https:\/\/static.africa-press.net\/congo-brazzaville\/sites\/51\/2023\/10\/sm_1698095995.915604.jpg\" \/>\n\t<meta property=\"og:image:width\" content=\"1024\" \/>\n\t<meta property=\"og:image:height\" content=\"768\" \/>\n\t<meta property=\"og:image:type\" content=\"image\/jpeg\" \/>\n<meta name=\"author\" content=\"cfeditorfr\" \/>\n<meta name=\"twitter:card\" content=\"summary_large_image\" \/>\n<meta name=\"twitter:label1\" content=\"\u00c9crit par\" \/>\n\t<meta name=\"twitter:data1\" content=\"cfeditorfr\" \/>\n\t<meta name=\"twitter:label2\" content=\"Dur\u00e9e de lecture estim\u00e9e\" \/>\n\t<meta name=\"twitter:data2\" content=\"3 minutes\" \/>\n<script type=\"application\/ld+json\" class=\"yoast-schema-graph\">{\"@context\":\"https:\/\/schema.org\",\"@graph\":[{\"@type\":\"Article\",\"@id\":\"https:\/\/www.africa-press.net\/congo-brazzaville\/photo\/sommet-des-trois-bassins-forestiers-un-planting-darbres-pour-preserver-la-biodiversite#article\",\"isPartOf\":{\"@id\":\"https:\/\/www.africa-press.net\/congo-brazzaville\/photo\/sommet-des-trois-bassins-forestiers-un-planting-darbres-pour-preserver-la-biodiversite\"},\"author\":{\"name\":\"cfeditorfr\",\"@id\":\"https:\/\/www.africa-press.net\/congo-brazzaville\/#\/schema\/person\/2b1cf3cd81a31e3cd26889ca66d677f1\"},\"headline\":\"Sommet des trois bassins forestiers : un planting d\u2019arbres pour pr\u00e9server la biodiversit\u00e9\",\"datePublished\":\"2023-10-24T00:30:00+00:00\",\"dateModified\":\"2023-10-24T00:53:03+00:00\",\"mainEntityOfPage\":{\"@id\":\"https:\/\/www.africa-press.net\/congo-brazzaville\/photo\/sommet-des-trois-bassins-forestiers-un-planting-darbres-pour-preserver-la-biodiversite\"},\"wordCount\":570,\"commentCount\":0,\"image\":{\"@id\":\"https:\/\/www.africa-press.net\/congo-brazzaville\/photo\/sommet-des-trois-bassins-forestiers-un-planting-darbres-pour-preserver-la-biodiversite#primaryimage\"},\"thumbnailUrl\":\"https:\/\/static.africa-press.net\/congo-brazzaville\/sites\/51\/2023\/10\/sm_1698095995.915604.jpg\",\"keywords\":[\"Africa Press\",\"Africa Press-Congo Brazzaville\",\"Congo Brazzaville\"],\"articleSection\":[\"Communaut\u00e9\",\"Photo\",\"Toutes les actualit\u00e9s\"],\"inLanguage\":\"fr-FR\",\"potentialAction\":[{\"@type\":\"CommentAction\",\"name\":\"Comment\",\"target\":[\"https:\/\/www.africa-press.net\/congo-brazzaville\/photo\/sommet-des-trois-bassins-forestiers-un-planting-darbres-pour-preserver-la-biodiversite#respond\"]}]},{\"@type\":\"WebPage\",\"@id\":\"https:\/\/www.africa-press.net\/congo-brazzaville\/photo\/sommet-des-trois-bassins-forestiers-un-planting-darbres-pour-preserver-la-biodiversite\",\"url\":\"https:\/\/www.africa-press.net\/congo-brazzaville\/photo\/sommet-des-trois-bassins-forestiers-un-planting-darbres-pour-preserver-la-biodiversite\",\"name\":\"Sommet des trois bassins forestiers : un planting d\u2019arbres pour pr\u00e9server la biodiversit\u00e9 - Congo Brazzaville\",\"isPartOf\":{\"@id\":\"https:\/\/www.africa-press.net\/congo-brazzaville\/#website\"},\"primaryImageOfPage\":{\"@id\":\"https:\/\/www.africa-press.net\/congo-brazzaville\/photo\/sommet-des-trois-bassins-forestiers-un-planting-darbres-pour-preserver-la-biodiversite#primaryimage\"},\"image\":{\"@id\":\"https:\/\/www.africa-press.net\/congo-brazzaville\/photo\/sommet-des-trois-bassins-forestiers-un-planting-darbres-pour-preserver-la-biodiversite#primaryimage\"},\"thumbnailUrl\":\"https:\/\/static.africa-press.net\/congo-brazzaville\/sites\/51\/2023\/10\/sm_1698095995.915604.jpg\",\"datePublished\":\"2023-10-24T00:30:00+00:00\",\"dateModified\":\"2023-10-24T00:53:03+00:00\",\"author\":{\"@id\":\"https:\/\/www.africa-press.net\/congo-brazzaville\/#\/schema\/person\/2b1cf3cd81a31e3cd26889ca66d677f1\"},\"description\":\"A l\u2019initiative de Brazzaville international leadership youth forum (Bilyf), des jeunes ont plante\u0301 le 22 octobre a\u0300 B ...\",\"breadcrumb\":{\"@id\":\"https:\/\/www.africa-press.net\/congo-brazzaville\/photo\/sommet-des-trois-bassins-forestiers-un-planting-darbres-pour-preserver-la-biodiversite#breadcrumb\"},\"inLanguage\":\"fr-FR\",\"potentialAction\":[{\"@type\":\"ReadAction\",\"target\":[\"https:\/\/www.africa-press.net\/congo-brazzaville\/photo\/sommet-des-trois-bassins-forestiers-un-planting-darbres-pour-preserver-la-biodiversite\"]}]},{\"@type\":\"ImageObject\",\"inLanguage\":\"fr-FR\",\"@id\":\"https:\/\/www.africa-press.net\/congo-brazzaville\/photo\/sommet-des-trois-bassins-forestiers-un-planting-darbres-pour-preserver-la-biodiversite#primaryimage\",\"url\":\"https:\/\/static.africa-press.net\/congo-brazzaville\/sites\/51\/2023\/10\/sm_1698095995.915604.jpg\",\"contentUrl\":\"https:\/\/static.africa-press.net\/congo-brazzaville\/sites\/51\/2023\/10\/sm_1698095995.915604.jpg\",\"width\":1024,\"height\":768,\"caption\":\"Sommet des trois bassins forestiers : un planting d\u2019arbres pour pr\u00e9server la biodiversit\u00e9\"},{\"@type\":\"BreadcrumbList\",\"@id\":\"https:\/\/www.africa-press.net\/congo-brazzaville\/photo\/sommet-des-trois-bassins-forestiers-un-planting-darbres-pour-preserver-la-biodiversite#breadcrumb\",\"itemListElement\":[{\"@type\":\"ListItem\",\"position\":1,\"name\":\"Accueil\",\"item\":\"https:\/\/www.africa-press.net\/congo-brazzaville\/\"},{\"@type\":\"ListItem\",\"position\":2,\"name\":\"Sommet des trois bassins forestiers : un planting d\u2019arbres pour pr\u00e9server la biodiversit\u00e9\"}]},{\"@type\":\"WebSite\",\"@id\":\"https:\/\/www.africa-press.net\/congo-brazzaville\/#website\",\"url\":\"https:\/\/www.africa-press.net\/congo-brazzaville\/\",\"name\":\"Congo Brazzaville\",\"description\":\"Just another Africa News Agency Sites site\",\"potentialAction\":[{\"@type\":\"SearchAction\",\"target\":{\"@type\":\"EntryPoint\",\"urlTemplate\":\"https:\/\/www.africa-press.net\/congo-brazzaville\/?s={search_term_string}\"},\"query-input\":{\"@type\":\"PropertyValueSpecification\",\"valueRequired\":true,\"valueName\":\"search_term_string\"}}],\"inLanguage\":\"fr-FR\"},{\"@type\":\"Person\",\"@id\":\"https:\/\/www.africa-press.net\/congo-brazzaville\/#\/schema\/person\/2b1cf3cd81a31e3cd26889ca66d677f1\",\"name\":\"cfeditorfr\"}]}<\/script>\n<!-- \/ Yoast SEO Premium plugin. -->","yoast_head_json":{"title":"Sommet des trois bassins forestiers : un planting d\u2019arbres pour pr\u00e9server la biodiversit\u00e9 - Congo Brazzaville","description":"A l\u2019initiative de Brazzaville international leadership youth forum (Bilyf), des jeunes ont plante\u0301 le 22 octobre a\u0300 B ...","robots":{"index":"index","follow":"follow","max-snippet":"max-snippet:-1","max-image-preview":"max-image-preview:large","max-video-preview":"max-video-preview:-1"},"canonical":"https:\/\/www.africa-press.net\/congo-brazzaville\/photo\/sommet-des-trois-bassins-forestiers-un-planting-darbres-pour-preserver-la-biodiversite","og_locale":"fr_FR","og_type":"article","og_title":"Sommet des trois bassins forestiers : un planting d\u2019arbres pour pr\u00e9server la biodiversit\u00e9","og_description":"A l\u2019initiative de Brazzaville international leadership youth forum (Bilyf), des jeunes ont plante\u0301 le 22 octobre a\u0300 B ...","og_url":"https:\/\/www.africa-press.net\/congo-brazzaville\/photo\/sommet-des-trois-bassins-forestiers-un-planting-darbres-pour-preserver-la-biodiversite","og_site_name":"Congo Brazzaville","article_published_time":"2023-10-24T00:30:00+00:00","article_modified_time":"2023-10-24T00:53:03+00:00","og_image":[{"width":1024,"height":768,"url":"https:\/\/static.africa-press.net\/congo-brazzaville\/sites\/51\/2023\/10\/sm_1698095995.915604.jpg","type":"image\/jpeg"}],"author":"cfeditorfr","twitter_card":"summary_large_image","twitter_misc":{"\u00c9crit par":"cfeditorfr","Dur\u00e9e de lecture estim\u00e9e":"3 minutes"},"schema":{"@context":"https:\/\/schema.org","@graph":[{"@type":"Article","@id":"https:\/\/www.africa-press.net\/congo-brazzaville\/photo\/sommet-des-trois-bassins-forestiers-un-planting-darbres-pour-preserver-la-biodiversite#article","isPartOf":{"@id":"https:\/\/www.africa-press.net\/congo-brazzaville\/photo\/sommet-des-trois-bassins-forestiers-un-planting-darbres-pour-preserver-la-biodiversite"},"author":{"name":"cfeditorfr","@id":"https:\/\/www.africa-press.net\/congo-brazzaville\/#\/schema\/person\/2b1cf3cd81a31e3cd26889ca66d677f1"},"headline":"Sommet des trois bassins forestiers : un planting d\u2019arbres pour pr\u00e9server la biodiversit\u00e9","datePublished":"2023-10-24T00:30:00+00:00","dateModified":"2023-10-24T00:53:03+00:00","mainEntityOfPage":{"@id":"https:\/\/www.africa-press.net\/congo-brazzaville\/photo\/sommet-des-trois-bassins-forestiers-un-planting-darbres-pour-preserver-la-biodiversite"},"wordCount":570,"commentCount":0,"image":{"@id":"https:\/\/www.africa-press.net\/congo-brazzaville\/photo\/sommet-des-trois-bassins-forestiers-un-planting-darbres-pour-preserver-la-biodiversite#primaryimage"},"thumbnailUrl":"https:\/\/static.africa-press.net\/congo-brazzaville\/sites\/51\/2023\/10\/sm_1698095995.915604.jpg","keywords":["Africa Press","Africa Press-Congo Brazzaville","Congo Brazzaville"],"articleSection":["Communaut\u00e9","Photo","Toutes les actualit\u00e9s"],"inLanguage":"fr-FR","potentialAction":[{"@type":"CommentAction","name":"Comment","target":["https:\/\/www.africa-press.net\/congo-brazzaville\/photo\/sommet-des-trois-bassins-forestiers-un-planting-darbres-pour-preserver-la-biodiversite#respond"]}]},{"@type":"WebPage","@id":"https:\/\/www.africa-press.net\/congo-brazzaville\/photo\/sommet-des-trois-bassins-forestiers-un-planting-darbres-pour-preserver-la-biodiversite","url":"https:\/\/www.africa-press.net\/congo-brazzaville\/photo\/sommet-des-trois-bassins-forestiers-un-planting-darbres-pour-preserver-la-biodiversite","name":"Sommet des trois bassins forestiers : un planting d\u2019arbres pour pr\u00e9server la biodiversit\u00e9 - Congo Brazzaville","isPartOf":{"@id":"https:\/\/www.africa-press.net\/congo-brazzaville\/#website"},"primaryImageOfPage":{"@id":"https:\/\/www.africa-press.net\/congo-brazzaville\/photo\/sommet-des-trois-bassins-forestiers-un-planting-darbres-pour-preserver-la-biodiversite#primaryimage"},"image":{"@id":"https:\/\/www.africa-press.net\/congo-brazzaville\/photo\/sommet-des-trois-bassins-forestiers-un-planting-darbres-pour-preserver-la-biodiversite#primaryimage"},"thumbnailUrl":"https:\/\/static.africa-press.net\/congo-brazzaville\/sites\/51\/2023\/10\/sm_1698095995.915604.jpg","datePublished":"2023-10-24T00:30:00+00:00","dateModified":"2023-10-24T00:53:03+00:00","author":{"@id":"https:\/\/www.africa-press.net\/congo-brazzaville\/#\/schema\/person\/2b1cf3cd81a31e3cd26889ca66d677f1"},"description":"A l\u2019initiative de Brazzaville international leadership youth forum (Bilyf), des jeunes ont plante\u0301 le 22 octobre a\u0300 B ...","breadcrumb":{"@id":"https:\/\/www.africa-press.net\/congo-brazzaville\/photo\/sommet-des-trois-bassins-forestiers-un-planting-darbres-pour-preserver-la-biodiversite#breadcrumb"},"inLanguage":"fr-FR","potentialAction":[{"@type":"ReadAction","target":["https:\/\/www.africa-press.net\/congo-brazzaville\/photo\/sommet-des-trois-bassins-forestiers-un-planting-darbres-pour-preserver-la-biodiversite"]}]},{"@type":"ImageObject","inLanguage":"fr-FR","@id":"https:\/\/www.africa-press.net\/congo-brazzaville\/photo\/sommet-des-trois-bassins-forestiers-un-planting-darbres-pour-preserver-la-biodiversite#primaryimage","url":"https:\/\/static.africa-press.net\/congo-brazzaville\/sites\/51\/2023\/10\/sm_1698095995.915604.jpg","contentUrl":"https:\/\/static.africa-press.net\/congo-brazzaville\/sites\/51\/2023\/10\/sm_1698095995.915604.jpg","width":1024,"height":768,"caption":"Sommet des trois bassins forestiers : un planting d\u2019arbres pour pr\u00e9server la biodiversit\u00e9"},{"@type":"BreadcrumbList","@id":"https:\/\/www.africa-press.net\/congo-brazzaville\/photo\/sommet-des-trois-bassins-forestiers-un-planting-darbres-pour-preserver-la-biodiversite#breadcrumb","itemListElement":[{"@type":"ListItem","position":1,"name":"Accueil","item":"https:\/\/www.africa-press.net\/congo-brazzaville\/"},{"@type":"ListItem","position":2,"name":"Sommet des trois bassins forestiers : un planting d\u2019arbres pour pr\u00e9server la biodiversit\u00e9"}]},{"@type":"WebSite","@id":"https:\/\/www.africa-press.net\/congo-brazzaville\/#website","url":"https:\/\/www.africa-press.net\/congo-brazzaville\/","name":"Congo Brazzaville","description":"Just another Africa News Agency Sites site","potentialAction":[{"@type":"SearchAction","target":{"@type":"EntryPoint","urlTemplate":"https:\/\/www.africa-press.net\/congo-brazzaville\/?s={search_term_string}"},"query-input":{"@type":"PropertyValueSpecification","valueRequired":true,"valueName":"search_term_string"}}],"inLanguage":"fr-FR"},{"@type":"Person","@id":"https:\/\/www.africa-press.net\/congo-brazzaville\/#\/schema\/person\/2b1cf3cd81a31e3cd26889ca66d677f1","name":"cfeditorfr"}]}},"_links":{"self":[{"href":"https:\/\/www.africa-press.net\/congo-brazzaville\/wp-json\/wp\/v2\/posts\/23416","targetHints":{"allow":["GET"]}}],"collection":[{"href":"https:\/\/www.africa-press.net\/congo-brazzaville\/wp-json\/wp\/v2\/posts"}],"about":[{"href":"https:\/\/www.africa-press.net\/congo-brazzaville\/wp-json\/wp\/v2\/types\/post"}],"author":[{"embeddable":true,"href":"https:\/\/www.africa-press.net\/congo-brazzaville\/wp-json\/wp\/v2\/users\/82"}],"replies":[{"embeddable":true,"href":"https:\/\/www.africa-press.net\/congo-brazzaville\/wp-json\/wp\/v2\/comments?post=23416"}],"version-history":[{"count":0,"href":"https:\/\/www.africa-press.net\/congo-brazzaville\/wp-json\/wp\/v2\/posts\/23416\/revisions"}],"wp:featuredmedia":[{"embeddable":true,"href":"https:\/\/www.africa-press.net\/congo-brazzaville\/wp-json\/wp\/v2\/media\/23415"}],"wp:attachment":[{"href":"https:\/\/www.africa-press.net\/congo-brazzaville\/wp-json\/wp\/v2\/media?parent=23416"}],"wp:term":[{"taxonomy":"category","embeddable":true,"href":"https:\/\/www.africa-press.net\/congo-brazzaville\/wp-json\/wp\/v2\/categories?post=23416"},{"taxonomy":"post_tag","embeddable":true,"href":"https:\/\/www.africa-press.net\/congo-brazzaville\/wp-json\/wp\/v2\/tags?post=23416"}],"curies":[{"name":"wp","href":"https:\/\/api.w.org\/{rel}","templated":true}]}}