{"id":23446,"date":"2023-10-24T22:57:34","date_gmt":"2023-10-24T22:57:34","guid":{"rendered":"https:\/\/www.africa-press.net\/congo-brazzaville\/politique\/festival-tuseo-la-16e-edition-placee-sous-le-signe-de-la-lutte-ecologique"},"modified":"2023-10-24T23:29:08","modified_gmt":"2023-10-24T23:29:08","slug":"festival-tuseo-la-16e-edition-placee-sous-le-signe-de-la-lutte-ecologique","status":"publish","type":"post","link":"https:\/\/www.africa-press.net\/congo-brazzaville\/culture-et-art\/festival-tuseo-la-16e-edition-placee-sous-le-signe-de-la-lutte-ecologique","title":{"rendered":"Festival Tuseo : la 16e \u00e9dition plac\u00e9e sous le signe de la lutte \u00e9cologique"},"content":{"rendered":"<p><span style=\"color: #ff6600\"><strong>Africa-Press &#8211; Congo Brazzaville. <\/strong><\/span><b>Du 26 au 28 octobre prochain, l\u2019Institut franc\u0327ais du Congo (IFC) abritera une fois de plus le rendez-vous international du rire de Brazzaville \u00ab Tuseo \u00bb. Cette anne\u0301e, le festival allie humour et sensibilisation a\u0300 la protection de l\u2019environnement a\u0300 travers le the\u0300me \u00ab Les rires verts e\u0301chos-logiques \u00bb.<\/b><\/p>\n<p>En pre\u0301lude a\u0300 l\u2019e\u0301ve\u0301nement, une confe\u0301rence de presse a e\u0301te\u0301 anime\u0301e la matine\u0301e du 24 octobre a\u0300 l\u2019IFC par Lauryathe Bikouta, directrice du festival Tuseo, en compagnie de Re\u0301gis Se\u0301gala, directeur de\u0301le\u0301gue\u0301 de l\u2019IFC; Nice Stone, journaliste scientifique ; Guillaume Quevarec, directeur de la transition e\u0301cologique dans une agglome\u0301ration franc\u0327aise. De\u0301sertification, de\u0301forestation, acidification des oce\u0301ans, e\u0301rosion massive de la biodiversite\u0301, tremblements de terre, chute des stocks de ressources halieutiques, multiples formes de pollution&#8230; autant de maux subis par la plane\u0300te depuis plusieurs anne\u0301es et qui, aujourd\u2019hui, ne laissent plus personne indiffe\u0301rente face a\u0300 l\u2019urgence d\u2019agir. D\u2019ou\u0300 le the\u0300me \u00ab Les rires verts e\u0301chos-logiques \u00bb.<\/p>\n<p>\u00ab E\u0301chos-logiques renvoient simplement aux e\u0301chos qui sont logiques. Cette anne\u0301e, nous allons traiter de la re\u0301sonance sur l\u2019environnement et c\u2019est logique pour nous de le faire en tant qu\u2019artistes, en tant que socie\u0301te\u0301 civile, en tant qu\u2019habitants de la terre qui est en train de souffrir de ce de\u0301se\u0301quilibre e\u0301cologique. On ne va pas continuer a\u0300 rire si on n\u2019a plus une plane\u0300te en bonne sante\u0301. Parlons des voyages par exemple. Peut-e\u0302tre que demain on ne prendra plus l\u2019avion a\u0300 cause de la de\u0301gradation de la plane\u0300te&#8230;Rire c&rsquo;est bien, mais il faut rire dans un environnement sain. \u00bb, a justifie\u0301 Lauryathe Bikouta.<\/p>\n<p>Pour atteindre un public e\u0301largi, le festival s\u2019est associe\u0301 a\u0300 plusieurs membres de la socie\u0301te\u0301 civile comme des associations et fondations au nombre desquelles la fondation Les experts d\u2019Afrique repre\u0301sente\u0301e par Nice Stone ; l\u2019ONG Tunga conduite par Severin Nkala-Guembo ; etc. \u00ab C\u2019est une bonne initiative de casser les codes aujourd\u2019hui car avec toutes les catastrophes naturelles que nous subissons dans le monde, on se rend malheureusement compte que tous les maillons travaillent de fac\u0327on individuelle. Le scientifique travaille dans son laboratoire, l\u2019artiste de son co\u0302te\u0301&#8230; Cette fois-ci, on veut tous s\u2019emme\u0302ler et s\u2019emmener vers le public pour se parler et sensibiliser \u00bb, a confie\u0301 Nice Stone durant les e\u0301changes.<\/p>\n<p>Dans le me\u0302me ordre d\u2019ide\u0301e, Guillaume Quevarec a releve\u0301 le fait que \u00ab l\u2019on voit bien les difficulte\u0301s qu\u2019on a, et quel que soit les pays, a\u0300 sensibiliser les populations sur le sujet de l\u2019environnement. On essaye plein de choses diffe\u0301rentes, les spots radio, les spots te\u0301le\u0301, les confe\u0301rences, les expositions, les affiches, les banderoles, et du coup je pense qu\u2019effectivement l\u2019humour, qui est quelque chose d\u2019universel, peut peut-e\u0302tre e\u0302tre effectivement un excellent vecteur sur ce sujet-la\u0300 \u00bb.<\/p>\n<p><b>Tuseo 2023 : une programmation riche et varie\u0301e <\/b><\/p>\n<p>L\u2019ouverture de la 16e e\u0301dition du festival Tuseo se de\u0301roulera dans la soire\u0301e du 26 octobre a\u0300 l\u2019IFC. Au programme, un spectacle de musique concocte\u0301 spe\u0301cialement pour la circonstance. Intitule\u0301 \u00ab Averti-son \u00bb, ce spectacle re\u0301unit des artistes du Se\u0301ne\u0301gal, du Cameroun, du Congo-Brazzaville et de la Re\u0301publique de\u0301mocratique du Congo (RDC). A travers des mots pointilleux et sensibles, ces artistes africains entendent plaider pour une meilleure protection de l\u2019environnement. Outre la musique, l\u2019humour battra aussi son plein avec les artistes Myriam Baroukh (France), Jojo la le\u0301gende (Congo), Les Tuma Haut TV (RDC), Mimi l&rsquo;Ouragon (Congo), Tiche Comedy (Belgique), TuSeo Family avec Karl Virel (Congo) et Jordaniel (RDC).<\/p>\n<p>La seconde et dernie\u0300re journe\u0301e de l\u2019e\u0301ve\u0301nement vibreront e\u0301galement au rythme de l\u2019humour gra\u0302ce au talent d\u2019autres artistes tout aussi talentueux et venant de divers horizons : Sergent 2Kapi (Co\u0302te d&rsquo;Ivoire), Cheiknito (Mali), Esdras Mbemba (Congo), Evans (Congo), Tuseo Family avec Kiminu (Congo) et Yannick Kitoko (RDC), Manitou (Gabon), Cheiknito (Mali), Benjamin Kahitare (RDC), Bruno Alves (Congo), Moucharaf (Congo), Esther B (Congo), Tuseo Family avec Pap&rsquo;S (Congo) et Donalci Miayoukou (Congo).<\/p>\n<p>Outre les spectacles d\u2019humour, Tuseo mettra aussi un accent sur les confe\u0301rences en vue de sensibiliser a\u0300 la protection de l\u2019environnement. Parmi les the\u0300mes au programme, on note \u00ab Changement climatique et pollutions de l\u2019environnement \u00bb avec l\u2019ONG Tunga ; \u00ab Rire et humour : Terre de jubilation ou obstacle social a\u0300 l&rsquo;heure du re\u0301chauffement climatique \u00bb ; \u00ab Les relations internationales et e\u0301cologiques : enjeux et de\u0301fis a\u0300 relever face aux populations plus vulne\u0301rables du Sud \u00bb ; \u00ab Le rire thermodynamique psychosomatique \u00bb ; \u00ab Valeur culturelle Green Week de culture scientifique du Bassin du Congo face a\u0300 l&rsquo;urgence climatique sur le festival Tuseo \u00bb.<\/p>\n<p>Coi\u0308ncidant avec la tenue du Sommet des trois Bassins a\u0300 Brazzaville, Lauryathe Bikouta invite massivement la population a\u0300 participer aux e\u0301changes et spectacles lors de la 16e e\u0301dition de Tuseo car la protection de l\u2019environnement est une affaire de tous.<\/p>\n\r\n                <style type=\"text\/css\">\r\n                    \r\n                    #td_uid_1_69f2bdc51e474  .td-doubleSlider-2 .td-item1 {\r\n                        background: url(https:\/\/static.africa-press.net\/congo-brazzaville\/sites\/51\/2023\/10\/sm_1698177339.248746-80x60.jpg) 0 0 no-repeat;\r\n                    }\r\n                    #td_uid_1_69f2bdc51e474  .td-doubleSlider-2 .td-item2 {\r\n                        background: url(https:\/\/static.africa-press.net\/congo-brazzaville\/sites\/51\/2023\/10\/sm_1698177351.426254-80x60.jpg) 0 0 no-repeat;\r\n                    }\r\n                <\/style>\r\n\r\n                <div id=\"td_uid_1_69f2bdc51e474\" class=\"td-gallery td-slide-on-2-columns\">\r\n                    <div class=\"post_td_gallery\">\r\n                        <div class=\"td-gallery-slide-top\">\r\n                           <div class=\"td-gallery-title\"><\/div>\r\n\r\n                            <div class=\"td-gallery-controls-wrapper\">\r\n                                <div class=\"td-gallery-slide-count\"><span class=\"td-gallery-slide-item-focus\">1<\/span> de 2<\/div>\r\n                                <div class=\"td-gallery-slide-prev-next-but\">\r\n                                    <i class = \"td-icon-left doubleSliderPrevButton\"><\/i>\r\n                                    <i class = \"td-icon-right doubleSliderNextButton\"><\/i>\r\n                                <\/div>\r\n                            <\/div>\r\n                        <\/div>\r\n\r\n                        <div class = \"td-doubleSlider-1 \">\r\n                            <div class = \"td-slider\">\r\n                                \r\n                    <div class = \"td-slide-item td-item1\">\r\n                        <figure class=\"td-slide-galery-figure td-slide-popup-gallery\">\r\n                            <a class=\"slide-gallery-image-link\" href=\"https:\/\/static.africa-press.net\/congo-brazzaville\/sites\/51\/2023\/10\/sm_1698177339.248746.jpg\" title=\"sm_1698177339.248746\"  data-caption=\"\"  data-description=\"\">\r\n                                <img decoding=\"async\" src=\"https:\/\/static.africa-press.net\/congo-brazzaville\/sites\/51\/2023\/10\/sm_1698177339.248746.jpg\" srcset=\"https:\/\/static.africa-press.net\/congo-brazzaville\/sites\/51\/2023\/10\/sm_1698177339.248746.jpg 1024w, https:\/\/static.africa-press.net\/congo-brazzaville\/sites\/51\/2023\/10\/sm_1698177339.248746-300x225.jpg 300w, https:\/\/static.africa-press.net\/congo-brazzaville\/sites\/51\/2023\/10\/sm_1698177339.248746-768x576.jpg 768w, https:\/\/static.africa-press.net\/congo-brazzaville\/sites\/51\/2023\/10\/sm_1698177339.248746-80x60.jpg 80w\" sizes=\"(max-width: 1024px) 100vw, 1024px\" alt=\"\">\r\n                            <\/a>\r\n                            \r\n                        <\/figure>\r\n                    <\/div>\r\n                    <div class = \"td-slide-item td-item2\">\r\n                        <figure class=\"td-slide-galery-figure td-slide-popup-gallery\">\r\n                            <a class=\"slide-gallery-image-link\" href=\"https:\/\/static.africa-press.net\/congo-brazzaville\/sites\/51\/2023\/10\/sm_1698177351.426254.jpg\" title=\"sm_1698177351.426254\"  data-caption=\"\"  data-description=\"\">\r\n                                <img decoding=\"async\" src=\"https:\/\/static.africa-press.net\/congo-brazzaville\/sites\/51\/2023\/10\/sm_1698177351.426254.jpg\" srcset=\"https:\/\/static.africa-press.net\/congo-brazzaville\/sites\/51\/2023\/10\/sm_1698177351.426254.jpg 1024w, https:\/\/static.africa-press.net\/congo-brazzaville\/sites\/51\/2023\/10\/sm_1698177351.426254-300x228.jpg 300w, https:\/\/static.africa-press.net\/congo-brazzaville\/sites\/51\/2023\/10\/sm_1698177351.426254-768x583.jpg 768w, https:\/\/static.africa-press.net\/congo-brazzaville\/sites\/51\/2023\/10\/sm_1698177351.426254-80x60.jpg 80w\" sizes=\"(max-width: 1024px) 100vw, 1024px\" alt=\"\">\r\n                            <\/a>\r\n                            \r\n                        <\/figure>\r\n                    <\/div>\r\n                            <\/div>\r\n                        <\/div>\r\n\r\n                        <div class = \"td-doubleSlider-2\">\r\n                            <div class = \"td-slider\">\r\n                                \r\n                    <div class = \"td-button td-item1\">\r\n                        <div class = \"td-border\"><\/div>\r\n                    <\/div>\r\n                    <div class = \"td-button td-item2\">\r\n                        <div class = \"td-border\"><\/div>\r\n                    <\/div>\r\n                            <\/div>\r\n                        <\/div>\r\n\r\n                    <\/div>\r\n\r\n                <\/div>\r\n                \n<p><strong>Pour plus d&rsquo;informations et d&rsquo;analyses sur la <a href=\"https:\/\/www.africa-press.net\/congo-brazzaville\">Congo Brazzaville<\/a>, suivez <a href=\"https:\/\/www.africa-press.net\/\">Africa-Press<\/a><\/strong><\/p>\n","protected":false},"excerpt":{"rendered":"<p>Africa-Press &#8211; Congo Brazzaville. Du 26 au 28 octobre prochain, l\u2019Institut franc\u0327ais du Congo (IFC) abritera une fois de plus le rendez-vous international du rire de Brazzaville \u00ab Tuseo \u00bb. Cette anne\u0301e, le festival allie humour et sensibilisation a\u0300 la protection de l\u2019environnement a\u0300 travers le the\u0300me \u00ab Les rires verts e\u0301chos-logiques \u00bb. En pre\u0301lude [&hellip;]<\/p>\n","protected":false},"author":82,"featured_media":23445,"comment_status":"open","ping_status":"closed","sticky":false,"template":"","format":"standard","meta":{"footnotes":""},"categories":[5,8,10],"tags":[36,47,46],"class_list":["post-23446","post","type-post","status-publish","format-standard","has-post-thumbnail","hentry","category-culture-et-art","category-photo","category-toutes-les-actualites","tag-africa-press","tag-africa-press-congo-brazzaville","tag-congo-brazzaville"],"yoast_head":"<!-- This site is optimized with the Yoast SEO Premium plugin v26.1 (Yoast SEO v27.0) - https:\/\/yoast.com\/product\/yoast-seo-premium-wordpress\/ -->\n<title>Festival Tuseo : la 16e \u00e9dition plac\u00e9e sous le signe de la lutte \u00e9cologique - Congo Brazzaville<\/title>\n<meta name=\"description\" content=\"Du 26 au 28 octobre prochain, l\u2019Institut franc\u0327ais du Congo (IFC) abritera une fois de plus le rendez-vous internatio ...\" \/>\n<meta name=\"robots\" content=\"index, follow, max-snippet:-1, max-image-preview:large, max-video-preview:-1\" \/>\n<link rel=\"canonical\" href=\"https:\/\/www.africa-press.net\/congo-brazzaville\/culture-et-art\/festival-tuseo-la-16e-edition-placee-sous-le-signe-de-la-lutte-ecologique\" \/>\n<meta property=\"og:locale\" content=\"fr_FR\" \/>\n<meta property=\"og:type\" content=\"article\" \/>\n<meta property=\"og:title\" content=\"Festival Tuseo : la 16e \u00e9dition plac\u00e9e sous le signe de la lutte \u00e9cologique\" \/>\n<meta property=\"og:description\" content=\"Du 26 au 28 octobre prochain, l\u2019Institut franc\u0327ais du Congo (IFC) abritera une fois de plus le rendez-vous internatio ...\" \/>\n<meta property=\"og:url\" content=\"https:\/\/www.africa-press.net\/congo-brazzaville\/culture-et-art\/festival-tuseo-la-16e-edition-placee-sous-le-signe-de-la-lutte-ecologique\" \/>\n<meta property=\"og:site_name\" content=\"Congo Brazzaville\" \/>\n<meta property=\"article:published_time\" content=\"2023-10-24T22:57:34+00:00\" \/>\n<meta property=\"article:modified_time\" content=\"2023-10-24T23:29:08+00:00\" \/>\n<meta property=\"og:image\" content=\"https:\/\/static.africa-press.net\/congo-brazzaville\/sites\/51\/2023\/10\/sm_1698177364.282463.jpg\" \/>\n\t<meta property=\"og:image:width\" content=\"1024\" \/>\n\t<meta property=\"og:image:height\" content=\"768\" \/>\n\t<meta property=\"og:image:type\" content=\"image\/jpeg\" \/>\n<meta name=\"author\" content=\"cfeditorfr\" \/>\n<meta name=\"twitter:card\" content=\"summary_large_image\" \/>\n<meta name=\"twitter:label1\" content=\"\u00c9crit par\" \/>\n\t<meta name=\"twitter:data1\" content=\"cfeditorfr\" \/>\n\t<meta name=\"twitter:label2\" content=\"Dur\u00e9e de lecture estim\u00e9e\" \/>\n\t<meta name=\"twitter:data2\" content=\"4 minutes\" \/>\n<script type=\"application\/ld+json\" class=\"yoast-schema-graph\">{\"@context\":\"https:\/\/schema.org\",\"@graph\":[{\"@type\":\"Article\",\"@id\":\"https:\/\/www.africa-press.net\/congo-brazzaville\/culture-et-art\/festival-tuseo-la-16e-edition-placee-sous-le-signe-de-la-lutte-ecologique#article\",\"isPartOf\":{\"@id\":\"https:\/\/www.africa-press.net\/congo-brazzaville\/culture-et-art\/festival-tuseo-la-16e-edition-placee-sous-le-signe-de-la-lutte-ecologique\"},\"author\":{\"name\":\"cfeditorfr\",\"@id\":\"https:\/\/www.africa-press.net\/congo-brazzaville\/#\/schema\/person\/2b1cf3cd81a31e3cd26889ca66d677f1\"},\"headline\":\"Festival Tuseo : la 16e \u00e9dition plac\u00e9e sous le signe de la lutte \u00e9cologique\",\"datePublished\":\"2023-10-24T22:57:34+00:00\",\"dateModified\":\"2023-10-24T23:29:08+00:00\",\"mainEntityOfPage\":{\"@id\":\"https:\/\/www.africa-press.net\/congo-brazzaville\/culture-et-art\/festival-tuseo-la-16e-edition-placee-sous-le-signe-de-la-lutte-ecologique\"},\"wordCount\":911,\"commentCount\":0,\"image\":{\"@id\":\"https:\/\/www.africa-press.net\/congo-brazzaville\/culture-et-art\/festival-tuseo-la-16e-edition-placee-sous-le-signe-de-la-lutte-ecologique#primaryimage\"},\"thumbnailUrl\":\"https:\/\/static.africa-press.net\/congo-brazzaville\/sites\/51\/2023\/10\/sm_1698177364.282463.jpg\",\"keywords\":[\"Africa Press\",\"Africa Press-Congo Brazzaville\",\"Congo Brazzaville\"],\"articleSection\":[\"Culture et Art\",\"Photo\",\"Toutes les actualit\u00e9s\"],\"inLanguage\":\"fr-FR\",\"potentialAction\":[{\"@type\":\"CommentAction\",\"name\":\"Comment\",\"target\":[\"https:\/\/www.africa-press.net\/congo-brazzaville\/culture-et-art\/festival-tuseo-la-16e-edition-placee-sous-le-signe-de-la-lutte-ecologique#respond\"]}]},{\"@type\":\"WebPage\",\"@id\":\"https:\/\/www.africa-press.net\/congo-brazzaville\/culture-et-art\/festival-tuseo-la-16e-edition-placee-sous-le-signe-de-la-lutte-ecologique\",\"url\":\"https:\/\/www.africa-press.net\/congo-brazzaville\/culture-et-art\/festival-tuseo-la-16e-edition-placee-sous-le-signe-de-la-lutte-ecologique\",\"name\":\"Festival Tuseo : la 16e \u00e9dition plac\u00e9e sous le signe de la lutte \u00e9cologique - Congo Brazzaville\",\"isPartOf\":{\"@id\":\"https:\/\/www.africa-press.net\/congo-brazzaville\/#website\"},\"primaryImageOfPage\":{\"@id\":\"https:\/\/www.africa-press.net\/congo-brazzaville\/culture-et-art\/festival-tuseo-la-16e-edition-placee-sous-le-signe-de-la-lutte-ecologique#primaryimage\"},\"image\":{\"@id\":\"https:\/\/www.africa-press.net\/congo-brazzaville\/culture-et-art\/festival-tuseo-la-16e-edition-placee-sous-le-signe-de-la-lutte-ecologique#primaryimage\"},\"thumbnailUrl\":\"https:\/\/static.africa-press.net\/congo-brazzaville\/sites\/51\/2023\/10\/sm_1698177364.282463.jpg\",\"datePublished\":\"2023-10-24T22:57:34+00:00\",\"dateModified\":\"2023-10-24T23:29:08+00:00\",\"author\":{\"@id\":\"https:\/\/www.africa-press.net\/congo-brazzaville\/#\/schema\/person\/2b1cf3cd81a31e3cd26889ca66d677f1\"},\"description\":\"Du 26 au 28 octobre prochain, l\u2019Institut franc\u0327ais du Congo (IFC) abritera une fois de plus le rendez-vous internatio ...\",\"breadcrumb\":{\"@id\":\"https:\/\/www.africa-press.net\/congo-brazzaville\/culture-et-art\/festival-tuseo-la-16e-edition-placee-sous-le-signe-de-la-lutte-ecologique#breadcrumb\"},\"inLanguage\":\"fr-FR\",\"potentialAction\":[{\"@type\":\"ReadAction\",\"target\":[\"https:\/\/www.africa-press.net\/congo-brazzaville\/culture-et-art\/festival-tuseo-la-16e-edition-placee-sous-le-signe-de-la-lutte-ecologique\"]}]},{\"@type\":\"ImageObject\",\"inLanguage\":\"fr-FR\",\"@id\":\"https:\/\/www.africa-press.net\/congo-brazzaville\/culture-et-art\/festival-tuseo-la-16e-edition-placee-sous-le-signe-de-la-lutte-ecologique#primaryimage\",\"url\":\"https:\/\/static.africa-press.net\/congo-brazzaville\/sites\/51\/2023\/10\/sm_1698177364.282463.jpg\",\"contentUrl\":\"https:\/\/static.africa-press.net\/congo-brazzaville\/sites\/51\/2023\/10\/sm_1698177364.282463.jpg\",\"width\":1024,\"height\":768,\"caption\":\"Festival Tuseo : la 16e \u00e9dition plac\u00e9e sous le signe de la lutte \u00e9cologique\"},{\"@type\":\"BreadcrumbList\",\"@id\":\"https:\/\/www.africa-press.net\/congo-brazzaville\/culture-et-art\/festival-tuseo-la-16e-edition-placee-sous-le-signe-de-la-lutte-ecologique#breadcrumb\",\"itemListElement\":[{\"@type\":\"ListItem\",\"position\":1,\"name\":\"Accueil\",\"item\":\"https:\/\/www.africa-press.net\/congo-brazzaville\/\"},{\"@type\":\"ListItem\",\"position\":2,\"name\":\"Festival Tuseo : la 16e \u00e9dition plac\u00e9e sous le signe de la lutte \u00e9cologique\"}]},{\"@type\":\"WebSite\",\"@id\":\"https:\/\/www.africa-press.net\/congo-brazzaville\/#website\",\"url\":\"https:\/\/www.africa-press.net\/congo-brazzaville\/\",\"name\":\"Congo Brazzaville\",\"description\":\"Just another Africa News Agency Sites site\",\"potentialAction\":[{\"@type\":\"SearchAction\",\"target\":{\"@type\":\"EntryPoint\",\"urlTemplate\":\"https:\/\/www.africa-press.net\/congo-brazzaville\/?s={search_term_string}\"},\"query-input\":{\"@type\":\"PropertyValueSpecification\",\"valueRequired\":true,\"valueName\":\"search_term_string\"}}],\"inLanguage\":\"fr-FR\"},{\"@type\":\"Person\",\"@id\":\"https:\/\/www.africa-press.net\/congo-brazzaville\/#\/schema\/person\/2b1cf3cd81a31e3cd26889ca66d677f1\",\"name\":\"cfeditorfr\"}]}<\/script>\n<!-- \/ Yoast SEO Premium plugin. -->","yoast_head_json":{"title":"Festival Tuseo : la 16e \u00e9dition plac\u00e9e sous le signe de la lutte \u00e9cologique - Congo Brazzaville","description":"Du 26 au 28 octobre prochain, l\u2019Institut franc\u0327ais du Congo (IFC) abritera une fois de plus le rendez-vous internatio ...","robots":{"index":"index","follow":"follow","max-snippet":"max-snippet:-1","max-image-preview":"max-image-preview:large","max-video-preview":"max-video-preview:-1"},"canonical":"https:\/\/www.africa-press.net\/congo-brazzaville\/culture-et-art\/festival-tuseo-la-16e-edition-placee-sous-le-signe-de-la-lutte-ecologique","og_locale":"fr_FR","og_type":"article","og_title":"Festival Tuseo : la 16e \u00e9dition plac\u00e9e sous le signe de la lutte \u00e9cologique","og_description":"Du 26 au 28 octobre prochain, l\u2019Institut franc\u0327ais du Congo (IFC) abritera une fois de plus le rendez-vous internatio ...","og_url":"https:\/\/www.africa-press.net\/congo-brazzaville\/culture-et-art\/festival-tuseo-la-16e-edition-placee-sous-le-signe-de-la-lutte-ecologique","og_site_name":"Congo Brazzaville","article_published_time":"2023-10-24T22:57:34+00:00","article_modified_time":"2023-10-24T23:29:08+00:00","og_image":[{"width":1024,"height":768,"url":"https:\/\/static.africa-press.net\/congo-brazzaville\/sites\/51\/2023\/10\/sm_1698177364.282463.jpg","type":"image\/jpeg"}],"author":"cfeditorfr","twitter_card":"summary_large_image","twitter_misc":{"\u00c9crit par":"cfeditorfr","Dur\u00e9e de lecture estim\u00e9e":"4 minutes"},"schema":{"@context":"https:\/\/schema.org","@graph":[{"@type":"Article","@id":"https:\/\/www.africa-press.net\/congo-brazzaville\/culture-et-art\/festival-tuseo-la-16e-edition-placee-sous-le-signe-de-la-lutte-ecologique#article","isPartOf":{"@id":"https:\/\/www.africa-press.net\/congo-brazzaville\/culture-et-art\/festival-tuseo-la-16e-edition-placee-sous-le-signe-de-la-lutte-ecologique"},"author":{"name":"cfeditorfr","@id":"https:\/\/www.africa-press.net\/congo-brazzaville\/#\/schema\/person\/2b1cf3cd81a31e3cd26889ca66d677f1"},"headline":"Festival Tuseo : la 16e \u00e9dition plac\u00e9e sous le signe de la lutte \u00e9cologique","datePublished":"2023-10-24T22:57:34+00:00","dateModified":"2023-10-24T23:29:08+00:00","mainEntityOfPage":{"@id":"https:\/\/www.africa-press.net\/congo-brazzaville\/culture-et-art\/festival-tuseo-la-16e-edition-placee-sous-le-signe-de-la-lutte-ecologique"},"wordCount":911,"commentCount":0,"image":{"@id":"https:\/\/www.africa-press.net\/congo-brazzaville\/culture-et-art\/festival-tuseo-la-16e-edition-placee-sous-le-signe-de-la-lutte-ecologique#primaryimage"},"thumbnailUrl":"https:\/\/static.africa-press.net\/congo-brazzaville\/sites\/51\/2023\/10\/sm_1698177364.282463.jpg","keywords":["Africa Press","Africa Press-Congo Brazzaville","Congo Brazzaville"],"articleSection":["Culture et Art","Photo","Toutes les actualit\u00e9s"],"inLanguage":"fr-FR","potentialAction":[{"@type":"CommentAction","name":"Comment","target":["https:\/\/www.africa-press.net\/congo-brazzaville\/culture-et-art\/festival-tuseo-la-16e-edition-placee-sous-le-signe-de-la-lutte-ecologique#respond"]}]},{"@type":"WebPage","@id":"https:\/\/www.africa-press.net\/congo-brazzaville\/culture-et-art\/festival-tuseo-la-16e-edition-placee-sous-le-signe-de-la-lutte-ecologique","url":"https:\/\/www.africa-press.net\/congo-brazzaville\/culture-et-art\/festival-tuseo-la-16e-edition-placee-sous-le-signe-de-la-lutte-ecologique","name":"Festival Tuseo : la 16e \u00e9dition plac\u00e9e sous le signe de la lutte \u00e9cologique - Congo Brazzaville","isPartOf":{"@id":"https:\/\/www.africa-press.net\/congo-brazzaville\/#website"},"primaryImageOfPage":{"@id":"https:\/\/www.africa-press.net\/congo-brazzaville\/culture-et-art\/festival-tuseo-la-16e-edition-placee-sous-le-signe-de-la-lutte-ecologique#primaryimage"},"image":{"@id":"https:\/\/www.africa-press.net\/congo-brazzaville\/culture-et-art\/festival-tuseo-la-16e-edition-placee-sous-le-signe-de-la-lutte-ecologique#primaryimage"},"thumbnailUrl":"https:\/\/static.africa-press.net\/congo-brazzaville\/sites\/51\/2023\/10\/sm_1698177364.282463.jpg","datePublished":"2023-10-24T22:57:34+00:00","dateModified":"2023-10-24T23:29:08+00:00","author":{"@id":"https:\/\/www.africa-press.net\/congo-brazzaville\/#\/schema\/person\/2b1cf3cd81a31e3cd26889ca66d677f1"},"description":"Du 26 au 28 octobre prochain, l\u2019Institut franc\u0327ais du Congo (IFC) abritera une fois de plus le rendez-vous internatio ...","breadcrumb":{"@id":"https:\/\/www.africa-press.net\/congo-brazzaville\/culture-et-art\/festival-tuseo-la-16e-edition-placee-sous-le-signe-de-la-lutte-ecologique#breadcrumb"},"inLanguage":"fr-FR","potentialAction":[{"@type":"ReadAction","target":["https:\/\/www.africa-press.net\/congo-brazzaville\/culture-et-art\/festival-tuseo-la-16e-edition-placee-sous-le-signe-de-la-lutte-ecologique"]}]},{"@type":"ImageObject","inLanguage":"fr-FR","@id":"https:\/\/www.africa-press.net\/congo-brazzaville\/culture-et-art\/festival-tuseo-la-16e-edition-placee-sous-le-signe-de-la-lutte-ecologique#primaryimage","url":"https:\/\/static.africa-press.net\/congo-brazzaville\/sites\/51\/2023\/10\/sm_1698177364.282463.jpg","contentUrl":"https:\/\/static.africa-press.net\/congo-brazzaville\/sites\/51\/2023\/10\/sm_1698177364.282463.jpg","width":1024,"height":768,"caption":"Festival Tuseo : la 16e \u00e9dition plac\u00e9e sous le signe de la lutte \u00e9cologique"},{"@type":"BreadcrumbList","@id":"https:\/\/www.africa-press.net\/congo-brazzaville\/culture-et-art\/festival-tuseo-la-16e-edition-placee-sous-le-signe-de-la-lutte-ecologique#breadcrumb","itemListElement":[{"@type":"ListItem","position":1,"name":"Accueil","item":"https:\/\/www.africa-press.net\/congo-brazzaville\/"},{"@type":"ListItem","position":2,"name":"Festival Tuseo : la 16e \u00e9dition plac\u00e9e sous le signe de la lutte \u00e9cologique"}]},{"@type":"WebSite","@id":"https:\/\/www.africa-press.net\/congo-brazzaville\/#website","url":"https:\/\/www.africa-press.net\/congo-brazzaville\/","name":"Congo Brazzaville","description":"Just another Africa News Agency Sites site","potentialAction":[{"@type":"SearchAction","target":{"@type":"EntryPoint","urlTemplate":"https:\/\/www.africa-press.net\/congo-brazzaville\/?s={search_term_string}"},"query-input":{"@type":"PropertyValueSpecification","valueRequired":true,"valueName":"search_term_string"}}],"inLanguage":"fr-FR"},{"@type":"Person","@id":"https:\/\/www.africa-press.net\/congo-brazzaville\/#\/schema\/person\/2b1cf3cd81a31e3cd26889ca66d677f1","name":"cfeditorfr"}]}},"_links":{"self":[{"href":"https:\/\/www.africa-press.net\/congo-brazzaville\/wp-json\/wp\/v2\/posts\/23446","targetHints":{"allow":["GET"]}}],"collection":[{"href":"https:\/\/www.africa-press.net\/congo-brazzaville\/wp-json\/wp\/v2\/posts"}],"about":[{"href":"https:\/\/www.africa-press.net\/congo-brazzaville\/wp-json\/wp\/v2\/types\/post"}],"author":[{"embeddable":true,"href":"https:\/\/www.africa-press.net\/congo-brazzaville\/wp-json\/wp\/v2\/users\/82"}],"replies":[{"embeddable":true,"href":"https:\/\/www.africa-press.net\/congo-brazzaville\/wp-json\/wp\/v2\/comments?post=23446"}],"version-history":[{"count":0,"href":"https:\/\/www.africa-press.net\/congo-brazzaville\/wp-json\/wp\/v2\/posts\/23446\/revisions"}],"wp:featuredmedia":[{"embeddable":true,"href":"https:\/\/www.africa-press.net\/congo-brazzaville\/wp-json\/wp\/v2\/media\/23445"}],"wp:attachment":[{"href":"https:\/\/www.africa-press.net\/congo-brazzaville\/wp-json\/wp\/v2\/media?parent=23446"}],"wp:term":[{"taxonomy":"category","embeddable":true,"href":"https:\/\/www.africa-press.net\/congo-brazzaville\/wp-json\/wp\/v2\/categories?post=23446"},{"taxonomy":"post_tag","embeddable":true,"href":"https:\/\/www.africa-press.net\/congo-brazzaville\/wp-json\/wp\/v2\/tags?post=23446"}],"curies":[{"name":"wp","href":"https:\/\/api.w.org\/{rel}","templated":true}]}}