{"id":23448,"date":"2023-10-24T22:57:43","date_gmt":"2023-10-24T22:57:43","guid":{"rendered":"https:\/\/www.africa-press.net\/congo-brazzaville\/politique\/medias-un-seminaire-de-formation-sur-le-journalisme-economique-et-financier"},"modified":"2023-10-24T23:29:21","modified_gmt":"2023-10-24T23:29:21","slug":"medias-un-seminaire-de-formation-sur-le-journalisme-economique-et-financier","status":"publish","type":"post","link":"https:\/\/www.africa-press.net\/congo-brazzaville\/economie\/medias-un-seminaire-de-formation-sur-le-journalisme-economique-et-financier","title":{"rendered":"M\u00e9dias : un s\u00e9minaire de formation sur le \u00ab journalisme \u00e9conomique et financier \u00bb"},"content":{"rendered":"<p><span style=\"color: #ff6600\"><strong>Africa-Press &#8211; Congo Brazzaville. <\/strong><\/span><b>Une trentaine de journalistes prend part du 24 au 25 octobre, a\u0300 Brazzaville, a\u0300 un se\u0301minaire de formation des professionnels des me\u0301dias au journalisme e\u0301conomique et financier. Initie\u0301e par la fe\u0301de\u0301ration des Mucodec, cette session de renforcement des capacite\u0301s vise a\u0300 acque\u0301rir des connaissances et de l\u2019expertise dans le domaine cible\u0301.<\/b><\/p>\n<p>Ouvrant les travaux, le directeur ge\u0301ne\u0301ral des Mucodec, Dieudonne\u0301 Ndinga Moukala, a indique\u0301 que le se\u0301minaire organise\u0301 ce jour reve\u0302t une importance capitale pour tous car, dit-il, le journalisme e\u0301conomique et financier est un pilier essentiel de la transparence et de la responsabilite\u0301 dans le secteur bancaire et financier.<\/p>\n<p>Pendant deux jours, diffe\u0301rentes the\u0301matiques seront aborde\u0301es afin de permettre aux participants d&rsquo;approfondir leurs compe\u0301tences dans la compre\u0301hension des sujets e\u0301conomiques et financiers. Ces derniers pourront, de ce fait, interagir avec des experts reconnus dans lesdits domaines.<\/p>\n<p>\u00ab En tant que journaliste, vous jouez un ro\u0302le essentiel dans la diffusion d&rsquo;informations pre\u0301cises et pertinentes qui contribuent a\u0300 e\u0301clairer le public, qui sont les enjeux e\u0301conomiques et financiers de notre pays. Ce se\u0301minaire de formation est donc une belle occasion pour nous de vous fournir les outils ne\u0301cessaires pour mener a\u0300 bien votre mission d&rsquo;information \u00bb, a de\u0301clare\u0301 Dieudonne\u0301 Ndinga Moukala.<\/p>\n<p>Par la me\u0302me occasion, il a fait savoir que cette formation constitue le trait d\u2019union entre les Mucodec et les me\u0301dias dans le but commun de promouvoir l&rsquo;acce\u0300s a\u0300 l\u2019information en tant que liberte\u0301 fondamentale et pilier essentiel de l\u2019e\u0301dification de socie\u0301te\u0301s inclusives dans la transparence, la responsabilite\u0301 et le de\u0301veloppement e\u0301conomique du Congo.<\/p>\n<p>\u00ab Ensemble, nous pourrons contribuer a\u0300 une couverture me\u0301diatique, riche sur son contenu, plus rigoureuse et e\u0301claire\u0301e, favorisant ainsi une compre\u0301hension aise\u0301e dans un environnement propice au de\u0301veloppement e\u0301conomique et a\u0300 la confiance des citoyens \u00bb, a-t-il dit.<\/p>\n<p>Pour rappel, les Mucodec sont profonde\u0301ment engage\u0301es dans le de\u0301veloppement e\u0301conomique du Congo en offrant les services financiers accessibles a\u0300 tous. Aussi, le re\u0301seau Mucodec compte a\u0300 ce jour 45 caisses locales et points de vente re\u0301partis dans l\u2019ensemble du territoire national ; 420 000 membres socie\u0301taires, 208 milliards de de\u0301po\u0302ts, 39 ans d&rsquo;anciennete\u0301, 548 salarie\u0301s et 380 e\u0301lus be\u0301ne\u0301voles.<\/p>\n<p><strong>Pour plus d&rsquo;informations et d&rsquo;analyses sur la <a href=\"https:\/\/www.africa-press.net\/congo-brazzaville\">Congo Brazzaville<\/a>, suivez <a href=\"https:\/\/www.africa-press.net\/\">Africa-Press<\/a><\/strong><\/p>\n","protected":false},"excerpt":{"rendered":"<p>Africa-Press &#8211; Congo Brazzaville. Une trentaine de journalistes prend part du 24 au 25 octobre, a\u0300 Brazzaville, a\u0300 un se\u0301minaire de formation des professionnels des me\u0301dias au journalisme e\u0301conomique et financier. Initie\u0301e par la fe\u0301de\u0301ration des Mucodec, cette session de renforcement des capacite\u0301s vise a\u0300 acque\u0301rir des connaissances et de l\u2019expertise dans le domaine cible\u0301. [&hellip;]<\/p>\n","protected":false},"author":82,"featured_media":23447,"comment_status":"open","ping_status":"closed","sticky":false,"template":"","format":"standard","meta":{"footnotes":""},"categories":[3,10],"tags":[36,47,46],"class_list":["post-23448","post","type-post","status-publish","format-standard","has-post-thumbnail","hentry","category-economie","category-toutes-les-actualites","tag-africa-press","tag-africa-press-congo-brazzaville","tag-congo-brazzaville"],"yoast_head":"<!-- This site is optimized with the Yoast SEO Premium plugin v26.1 (Yoast SEO v27.0) - https:\/\/yoast.com\/product\/yoast-seo-premium-wordpress\/ -->\n<title>M\u00e9dias : un s\u00e9minaire de formation sur le \u00ab journalisme \u00e9conomique et financier \u00bb - Congo Brazzaville<\/title>\n<meta name=\"description\" content=\"Une trentaine de journalistes prend part du 24 au 25 octobre, a\u0300 Brazzaville, a\u0300 un se\u0301minaire de formation des profe ...\" \/>\n<meta name=\"robots\" content=\"index, follow, max-snippet:-1, max-image-preview:large, max-video-preview:-1\" \/>\n<link rel=\"canonical\" href=\"https:\/\/www.africa-press.net\/congo-brazzaville\/economie\/medias-un-seminaire-de-formation-sur-le-journalisme-economique-et-financier\" \/>\n<meta property=\"og:locale\" content=\"fr_FR\" \/>\n<meta property=\"og:type\" content=\"article\" \/>\n<meta property=\"og:title\" content=\"M\u00e9dias : un s\u00e9minaire de formation sur le \u00ab journalisme \u00e9conomique et financier \u00bb\" \/>\n<meta property=\"og:description\" content=\"Une trentaine de journalistes prend part du 24 au 25 octobre, a\u0300 Brazzaville, a\u0300 un se\u0301minaire de formation des profe ...\" \/>\n<meta property=\"og:url\" content=\"https:\/\/www.africa-press.net\/congo-brazzaville\/economie\/medias-un-seminaire-de-formation-sur-le-journalisme-economique-et-financier\" \/>\n<meta property=\"og:site_name\" content=\"Congo Brazzaville\" \/>\n<meta property=\"article:published_time\" content=\"2023-10-24T22:57:43+00:00\" \/>\n<meta property=\"article:modified_time\" content=\"2023-10-24T23:29:21+00:00\" \/>\n<meta property=\"og:image\" content=\"https:\/\/static.africa-press.net\/congo-brazzaville\/sites\/51\/2023\/10\/sm_1698177387.630898.jpg\" \/>\n\t<meta property=\"og:image:width\" content=\"1024\" \/>\n\t<meta property=\"og:image:height\" content=\"768\" \/>\n\t<meta property=\"og:image:type\" content=\"image\/jpeg\" \/>\n<meta name=\"author\" content=\"cfeditorfr\" \/>\n<meta name=\"twitter:card\" content=\"summary_large_image\" \/>\n<meta name=\"twitter:label1\" content=\"\u00c9crit par\" \/>\n\t<meta name=\"twitter:data1\" content=\"cfeditorfr\" \/>\n\t<meta name=\"twitter:label2\" content=\"Dur\u00e9e de lecture estim\u00e9e\" \/>\n\t<meta name=\"twitter:data2\" content=\"2 minutes\" \/>\n<script type=\"application\/ld+json\" class=\"yoast-schema-graph\">{\"@context\":\"https:\/\/schema.org\",\"@graph\":[{\"@type\":\"Article\",\"@id\":\"https:\/\/www.africa-press.net\/congo-brazzaville\/economie\/medias-un-seminaire-de-formation-sur-le-journalisme-economique-et-financier#article\",\"isPartOf\":{\"@id\":\"https:\/\/www.africa-press.net\/congo-brazzaville\/economie\/medias-un-seminaire-de-formation-sur-le-journalisme-economique-et-financier\"},\"author\":{\"name\":\"cfeditorfr\",\"@id\":\"https:\/\/www.africa-press.net\/congo-brazzaville\/#\/schema\/person\/2b1cf3cd81a31e3cd26889ca66d677f1\"},\"headline\":\"M\u00e9dias : un s\u00e9minaire de formation sur le \u00ab journalisme \u00e9conomique et financier \u00bb\",\"datePublished\":\"2023-10-24T22:57:43+00:00\",\"dateModified\":\"2023-10-24T23:29:21+00:00\",\"mainEntityOfPage\":{\"@id\":\"https:\/\/www.africa-press.net\/congo-brazzaville\/economie\/medias-un-seminaire-de-formation-sur-le-journalisme-economique-et-financier\"},\"wordCount\":432,\"commentCount\":0,\"image\":{\"@id\":\"https:\/\/www.africa-press.net\/congo-brazzaville\/economie\/medias-un-seminaire-de-formation-sur-le-journalisme-economique-et-financier#primaryimage\"},\"thumbnailUrl\":\"https:\/\/static.africa-press.net\/congo-brazzaville\/sites\/51\/2023\/10\/sm_1698177387.630898.jpg\",\"keywords\":[\"Africa Press\",\"Africa Press-Congo Brazzaville\",\"Congo Brazzaville\"],\"articleSection\":[\"\u00c9conomie\",\"Toutes les actualit\u00e9s\"],\"inLanguage\":\"fr-FR\",\"potentialAction\":[{\"@type\":\"CommentAction\",\"name\":\"Comment\",\"target\":[\"https:\/\/www.africa-press.net\/congo-brazzaville\/economie\/medias-un-seminaire-de-formation-sur-le-journalisme-economique-et-financier#respond\"]}]},{\"@type\":\"WebPage\",\"@id\":\"https:\/\/www.africa-press.net\/congo-brazzaville\/economie\/medias-un-seminaire-de-formation-sur-le-journalisme-economique-et-financier\",\"url\":\"https:\/\/www.africa-press.net\/congo-brazzaville\/economie\/medias-un-seminaire-de-formation-sur-le-journalisme-economique-et-financier\",\"name\":\"M\u00e9dias : un s\u00e9minaire de formation sur le \u00ab journalisme \u00e9conomique et financier \u00bb - Congo Brazzaville\",\"isPartOf\":{\"@id\":\"https:\/\/www.africa-press.net\/congo-brazzaville\/#website\"},\"primaryImageOfPage\":{\"@id\":\"https:\/\/www.africa-press.net\/congo-brazzaville\/economie\/medias-un-seminaire-de-formation-sur-le-journalisme-economique-et-financier#primaryimage\"},\"image\":{\"@id\":\"https:\/\/www.africa-press.net\/congo-brazzaville\/economie\/medias-un-seminaire-de-formation-sur-le-journalisme-economique-et-financier#primaryimage\"},\"thumbnailUrl\":\"https:\/\/static.africa-press.net\/congo-brazzaville\/sites\/51\/2023\/10\/sm_1698177387.630898.jpg\",\"datePublished\":\"2023-10-24T22:57:43+00:00\",\"dateModified\":\"2023-10-24T23:29:21+00:00\",\"author\":{\"@id\":\"https:\/\/www.africa-press.net\/congo-brazzaville\/#\/schema\/person\/2b1cf3cd81a31e3cd26889ca66d677f1\"},\"description\":\"Une trentaine de journalistes prend part du 24 au 25 octobre, a\u0300 Brazzaville, a\u0300 un se\u0301minaire de formation des profe ...\",\"breadcrumb\":{\"@id\":\"https:\/\/www.africa-press.net\/congo-brazzaville\/economie\/medias-un-seminaire-de-formation-sur-le-journalisme-economique-et-financier#breadcrumb\"},\"inLanguage\":\"fr-FR\",\"potentialAction\":[{\"@type\":\"ReadAction\",\"target\":[\"https:\/\/www.africa-press.net\/congo-brazzaville\/economie\/medias-un-seminaire-de-formation-sur-le-journalisme-economique-et-financier\"]}]},{\"@type\":\"ImageObject\",\"inLanguage\":\"fr-FR\",\"@id\":\"https:\/\/www.africa-press.net\/congo-brazzaville\/economie\/medias-un-seminaire-de-formation-sur-le-journalisme-economique-et-financier#primaryimage\",\"url\":\"https:\/\/static.africa-press.net\/congo-brazzaville\/sites\/51\/2023\/10\/sm_1698177387.630898.jpg\",\"contentUrl\":\"https:\/\/static.africa-press.net\/congo-brazzaville\/sites\/51\/2023\/10\/sm_1698177387.630898.jpg\",\"width\":1024,\"height\":768,\"caption\":\"M\u00e9dias : un s\u00e9minaire de formation sur le \u00ab journalisme \u00e9conomique et financier \u00bb\"},{\"@type\":\"BreadcrumbList\",\"@id\":\"https:\/\/www.africa-press.net\/congo-brazzaville\/economie\/medias-un-seminaire-de-formation-sur-le-journalisme-economique-et-financier#breadcrumb\",\"itemListElement\":[{\"@type\":\"ListItem\",\"position\":1,\"name\":\"Accueil\",\"item\":\"https:\/\/www.africa-press.net\/congo-brazzaville\/\"},{\"@type\":\"ListItem\",\"position\":2,\"name\":\"M\u00e9dias : un s\u00e9minaire de formation sur le \u00ab journalisme \u00e9conomique et financier \u00bb\"}]},{\"@type\":\"WebSite\",\"@id\":\"https:\/\/www.africa-press.net\/congo-brazzaville\/#website\",\"url\":\"https:\/\/www.africa-press.net\/congo-brazzaville\/\",\"name\":\"Congo Brazzaville\",\"description\":\"Just another Africa News Agency Sites site\",\"potentialAction\":[{\"@type\":\"SearchAction\",\"target\":{\"@type\":\"EntryPoint\",\"urlTemplate\":\"https:\/\/www.africa-press.net\/congo-brazzaville\/?s={search_term_string}\"},\"query-input\":{\"@type\":\"PropertyValueSpecification\",\"valueRequired\":true,\"valueName\":\"search_term_string\"}}],\"inLanguage\":\"fr-FR\"},{\"@type\":\"Person\",\"@id\":\"https:\/\/www.africa-press.net\/congo-brazzaville\/#\/schema\/person\/2b1cf3cd81a31e3cd26889ca66d677f1\",\"name\":\"cfeditorfr\"}]}<\/script>\n<!-- \/ Yoast SEO Premium plugin. -->","yoast_head_json":{"title":"M\u00e9dias : un s\u00e9minaire de formation sur le \u00ab journalisme \u00e9conomique et financier \u00bb - Congo Brazzaville","description":"Une trentaine de journalistes prend part du 24 au 25 octobre, a\u0300 Brazzaville, a\u0300 un se\u0301minaire de formation des profe ...","robots":{"index":"index","follow":"follow","max-snippet":"max-snippet:-1","max-image-preview":"max-image-preview:large","max-video-preview":"max-video-preview:-1"},"canonical":"https:\/\/www.africa-press.net\/congo-brazzaville\/economie\/medias-un-seminaire-de-formation-sur-le-journalisme-economique-et-financier","og_locale":"fr_FR","og_type":"article","og_title":"M\u00e9dias : un s\u00e9minaire de formation sur le \u00ab journalisme \u00e9conomique et financier \u00bb","og_description":"Une trentaine de journalistes prend part du 24 au 25 octobre, a\u0300 Brazzaville, a\u0300 un se\u0301minaire de formation des profe ...","og_url":"https:\/\/www.africa-press.net\/congo-brazzaville\/economie\/medias-un-seminaire-de-formation-sur-le-journalisme-economique-et-financier","og_site_name":"Congo Brazzaville","article_published_time":"2023-10-24T22:57:43+00:00","article_modified_time":"2023-10-24T23:29:21+00:00","og_image":[{"width":1024,"height":768,"url":"https:\/\/static.africa-press.net\/congo-brazzaville\/sites\/51\/2023\/10\/sm_1698177387.630898.jpg","type":"image\/jpeg"}],"author":"cfeditorfr","twitter_card":"summary_large_image","twitter_misc":{"\u00c9crit par":"cfeditorfr","Dur\u00e9e de lecture estim\u00e9e":"2 minutes"},"schema":{"@context":"https:\/\/schema.org","@graph":[{"@type":"Article","@id":"https:\/\/www.africa-press.net\/congo-brazzaville\/economie\/medias-un-seminaire-de-formation-sur-le-journalisme-economique-et-financier#article","isPartOf":{"@id":"https:\/\/www.africa-press.net\/congo-brazzaville\/economie\/medias-un-seminaire-de-formation-sur-le-journalisme-economique-et-financier"},"author":{"name":"cfeditorfr","@id":"https:\/\/www.africa-press.net\/congo-brazzaville\/#\/schema\/person\/2b1cf3cd81a31e3cd26889ca66d677f1"},"headline":"M\u00e9dias : un s\u00e9minaire de formation sur le \u00ab journalisme \u00e9conomique et financier \u00bb","datePublished":"2023-10-24T22:57:43+00:00","dateModified":"2023-10-24T23:29:21+00:00","mainEntityOfPage":{"@id":"https:\/\/www.africa-press.net\/congo-brazzaville\/economie\/medias-un-seminaire-de-formation-sur-le-journalisme-economique-et-financier"},"wordCount":432,"commentCount":0,"image":{"@id":"https:\/\/www.africa-press.net\/congo-brazzaville\/economie\/medias-un-seminaire-de-formation-sur-le-journalisme-economique-et-financier#primaryimage"},"thumbnailUrl":"https:\/\/static.africa-press.net\/congo-brazzaville\/sites\/51\/2023\/10\/sm_1698177387.630898.jpg","keywords":["Africa Press","Africa Press-Congo Brazzaville","Congo Brazzaville"],"articleSection":["\u00c9conomie","Toutes les actualit\u00e9s"],"inLanguage":"fr-FR","potentialAction":[{"@type":"CommentAction","name":"Comment","target":["https:\/\/www.africa-press.net\/congo-brazzaville\/economie\/medias-un-seminaire-de-formation-sur-le-journalisme-economique-et-financier#respond"]}]},{"@type":"WebPage","@id":"https:\/\/www.africa-press.net\/congo-brazzaville\/economie\/medias-un-seminaire-de-formation-sur-le-journalisme-economique-et-financier","url":"https:\/\/www.africa-press.net\/congo-brazzaville\/economie\/medias-un-seminaire-de-formation-sur-le-journalisme-economique-et-financier","name":"M\u00e9dias : un s\u00e9minaire de formation sur le \u00ab journalisme \u00e9conomique et financier \u00bb - Congo Brazzaville","isPartOf":{"@id":"https:\/\/www.africa-press.net\/congo-brazzaville\/#website"},"primaryImageOfPage":{"@id":"https:\/\/www.africa-press.net\/congo-brazzaville\/economie\/medias-un-seminaire-de-formation-sur-le-journalisme-economique-et-financier#primaryimage"},"image":{"@id":"https:\/\/www.africa-press.net\/congo-brazzaville\/economie\/medias-un-seminaire-de-formation-sur-le-journalisme-economique-et-financier#primaryimage"},"thumbnailUrl":"https:\/\/static.africa-press.net\/congo-brazzaville\/sites\/51\/2023\/10\/sm_1698177387.630898.jpg","datePublished":"2023-10-24T22:57:43+00:00","dateModified":"2023-10-24T23:29:21+00:00","author":{"@id":"https:\/\/www.africa-press.net\/congo-brazzaville\/#\/schema\/person\/2b1cf3cd81a31e3cd26889ca66d677f1"},"description":"Une trentaine de journalistes prend part du 24 au 25 octobre, a\u0300 Brazzaville, a\u0300 un se\u0301minaire de formation des profe ...","breadcrumb":{"@id":"https:\/\/www.africa-press.net\/congo-brazzaville\/economie\/medias-un-seminaire-de-formation-sur-le-journalisme-economique-et-financier#breadcrumb"},"inLanguage":"fr-FR","potentialAction":[{"@type":"ReadAction","target":["https:\/\/www.africa-press.net\/congo-brazzaville\/economie\/medias-un-seminaire-de-formation-sur-le-journalisme-economique-et-financier"]}]},{"@type":"ImageObject","inLanguage":"fr-FR","@id":"https:\/\/www.africa-press.net\/congo-brazzaville\/economie\/medias-un-seminaire-de-formation-sur-le-journalisme-economique-et-financier#primaryimage","url":"https:\/\/static.africa-press.net\/congo-brazzaville\/sites\/51\/2023\/10\/sm_1698177387.630898.jpg","contentUrl":"https:\/\/static.africa-press.net\/congo-brazzaville\/sites\/51\/2023\/10\/sm_1698177387.630898.jpg","width":1024,"height":768,"caption":"M\u00e9dias : un s\u00e9minaire de formation sur le \u00ab journalisme \u00e9conomique et financier \u00bb"},{"@type":"BreadcrumbList","@id":"https:\/\/www.africa-press.net\/congo-brazzaville\/economie\/medias-un-seminaire-de-formation-sur-le-journalisme-economique-et-financier#breadcrumb","itemListElement":[{"@type":"ListItem","position":1,"name":"Accueil","item":"https:\/\/www.africa-press.net\/congo-brazzaville\/"},{"@type":"ListItem","position":2,"name":"M\u00e9dias : un s\u00e9minaire de formation sur le \u00ab journalisme \u00e9conomique et financier \u00bb"}]},{"@type":"WebSite","@id":"https:\/\/www.africa-press.net\/congo-brazzaville\/#website","url":"https:\/\/www.africa-press.net\/congo-brazzaville\/","name":"Congo Brazzaville","description":"Just another Africa News Agency Sites site","potentialAction":[{"@type":"SearchAction","target":{"@type":"EntryPoint","urlTemplate":"https:\/\/www.africa-press.net\/congo-brazzaville\/?s={search_term_string}"},"query-input":{"@type":"PropertyValueSpecification","valueRequired":true,"valueName":"search_term_string"}}],"inLanguage":"fr-FR"},{"@type":"Person","@id":"https:\/\/www.africa-press.net\/congo-brazzaville\/#\/schema\/person\/2b1cf3cd81a31e3cd26889ca66d677f1","name":"cfeditorfr"}]}},"_links":{"self":[{"href":"https:\/\/www.africa-press.net\/congo-brazzaville\/wp-json\/wp\/v2\/posts\/23448","targetHints":{"allow":["GET"]}}],"collection":[{"href":"https:\/\/www.africa-press.net\/congo-brazzaville\/wp-json\/wp\/v2\/posts"}],"about":[{"href":"https:\/\/www.africa-press.net\/congo-brazzaville\/wp-json\/wp\/v2\/types\/post"}],"author":[{"embeddable":true,"href":"https:\/\/www.africa-press.net\/congo-brazzaville\/wp-json\/wp\/v2\/users\/82"}],"replies":[{"embeddable":true,"href":"https:\/\/www.africa-press.net\/congo-brazzaville\/wp-json\/wp\/v2\/comments?post=23448"}],"version-history":[{"count":0,"href":"https:\/\/www.africa-press.net\/congo-brazzaville\/wp-json\/wp\/v2\/posts\/23448\/revisions"}],"wp:featuredmedia":[{"embeddable":true,"href":"https:\/\/www.africa-press.net\/congo-brazzaville\/wp-json\/wp\/v2\/media\/23447"}],"wp:attachment":[{"href":"https:\/\/www.africa-press.net\/congo-brazzaville\/wp-json\/wp\/v2\/media?parent=23448"}],"wp:term":[{"taxonomy":"category","embeddable":true,"href":"https:\/\/www.africa-press.net\/congo-brazzaville\/wp-json\/wp\/v2\/categories?post=23448"},{"taxonomy":"post_tag","embeddable":true,"href":"https:\/\/www.africa-press.net\/congo-brazzaville\/wp-json\/wp\/v2\/tags?post=23448"}],"curies":[{"name":"wp","href":"https:\/\/api.w.org\/{rel}","templated":true}]}}