{"id":23454,"date":"2023-10-24T22:58:10","date_gmt":"2023-10-24T22:58:10","guid":{"rendered":"https:\/\/www.africa-press.net\/congo-brazzaville\/politique\/parlement-des-enfants-le-bureau-departemental-de-la-ville-oceane-installe"},"modified":"2023-10-24T23:29:51","modified_gmt":"2023-10-24T23:29:51","slug":"parlement-des-enfants-le-bureau-departemental-de-la-ville-oceane-installe","status":"publish","type":"post","link":"https:\/\/www.africa-press.net\/congo-brazzaville\/toutes-les-actualites\/parlement-des-enfants-le-bureau-departemental-de-la-ville-oceane-installe","title":{"rendered":"Parlement des enfants: le bureau d\u00e9partemental de la ville oc\u00e9ane install\u00e9"},"content":{"rendered":"<p><span style=\"color: #ff6600\"><strong>Africa-Press &#8211; Congo Brazzaville. <\/strong><\/span><b>Le bureau de\u0301partemental des de\u0301pute\u0301s juniors de Pointe-Noire a e\u0301te\u0301 mis en place, le 21 octobre, dans la salle du 28 novembre 1958 de l&rsquo;ex-e\u0301cole parame\u0301dicale Jean-Joseph Loukabou par Germain Bemba-Bantsimba, deuxie\u0300me vice-pre\u0301sident du Conseil de\u0301partemental et municipal, en pre\u0301sence des responsables de la direction de\u0301partementale des Affaires sociales. <\/b><\/p>\n<p>Germain Bemba-Bantsimba a intronise\u0301 les de\u0301pute\u0301s juniors en leur rappelant les missions qui leur sont assigne\u0301es, a\u0300 savoir promouvoir et vulgariser les droits de l&rsquo;enfant, amener ces derniers a\u0300 s&rsquo;exprimer et a\u0300 formuler des esquisses de solutions sur les proble\u0300mes de l\u2019enfance. Ce, en application du de\u0301cret n\u00b0 2023-25 du 23 janvier 2023 portant cre\u0301ation, organisation, composition et fonctionnement du Parlement des enfants du Congo.<\/p>\n<p>Dans son mot de circonstance, Prince Bantandi, pre\u0301sident e\u0301lu du bureau de\u0301partemental des de\u0301pute\u0301s juniors de Pointe-Noire, a exprime\u0301 sa gratitude au pre\u0301sident de la Re\u0301publique, Denis Sassou N&rsquo;Guesso, pour toutes les actions prises en faveur des enfants du Congo et, surtout, pour la mise en place de cette tribune qui dore\u0301navant permettra aux enfants de s\u2019exprimer sur leurs pre\u0301occupations. \u00ab Le bureau ne me\u0301nagera aucun effort pour promouvoir les droits des enfants du de\u0301partement de Pointe-Noire. Il travaillera ensemble avec les trente-deux de\u0301pute\u0301s juniors de Pointe-Noire a\u0300 l\u2019identification des proble\u0301matiques en lien avec l\u2019enfance\u00bb, a-t-il dit.<\/p>\n<p>Apre\u0300s l&rsquo;installation les de\u0301pute\u0301s juniors, la session inaugurale dudit Parlement a e\u0301te\u0301 ouverte. L\u2019adoption du re\u0300glement inte\u0301rieur et le plan d&rsquo;action pour l&rsquo;anne\u0301e scolaire 2023-2024 ont e\u0301te\u0301 les premie\u0300res de\u0301cisions prises lors de cette session. Les de\u0301pute\u0301s juniors e\u0301lus au bureau sont : pre\u0301sident, Prince Bantandi, e\u0301le\u0300ve en classe de terminale C; secre\u0301taire charge\u0301 a\u0300 la communication, Emmanuel Makaya Tchinanou, e\u0301le\u0300ve en classe de 4e; rapporteur, Angela Sita, e\u0301le\u0300ve en classe de terminale C.<\/p>\n<p><strong>Pour plus d&rsquo;informations et d&rsquo;analyses sur la <a href=\"https:\/\/www.africa-press.net\/congo-brazzaville\">Congo Brazzaville<\/a>, suivez <a href=\"https:\/\/www.africa-press.net\/\">Africa-Press<\/a><\/strong><\/p>\n","protected":false},"excerpt":{"rendered":"<p>Africa-Press &#8211; Congo Brazzaville. Le bureau de\u0301partemental des de\u0301pute\u0301s juniors de Pointe-Noire a e\u0301te\u0301 mis en place, le 21 octobre, dans la salle du 28 novembre 1958 de l&rsquo;ex-e\u0301cole parame\u0301dicale Jean-Joseph Loukabou par Germain Bemba-Bantsimba, deuxie\u0300me vice-pre\u0301sident du Conseil de\u0301partemental et municipal, en pre\u0301sence des responsables de la direction de\u0301partementale des Affaires sociales. Germain Bemba-Bantsimba [&hellip;]<\/p>\n","protected":false},"author":82,"featured_media":23453,"comment_status":"open","ping_status":"closed","sticky":false,"template":"","format":"standard","meta":{"footnotes":""},"categories":[21,10],"tags":[36,47,46],"class_list":["post-23454","post","type-post","status-publish","format-standard","has-post-thumbnail","hentry","category-communaute","category-toutes-les-actualites","tag-africa-press","tag-africa-press-congo-brazzaville","tag-congo-brazzaville"],"yoast_head":"<!-- This site is optimized with the Yoast SEO Premium plugin v26.1 (Yoast SEO v27.0) - https:\/\/yoast.com\/product\/yoast-seo-premium-wordpress\/ -->\n<title>Parlement des enfants: le bureau d\u00e9partemental de la ville oc\u00e9ane install\u00e9 - Congo Brazzaville<\/title>\n<meta name=\"description\" content=\"Le bureau de\u0301partemental des de\u0301pute\u0301s juniors de Pointe-Noire a e\u0301te\u0301 mis en place, le 21 octobre, dans la salle du ...\" \/>\n<meta name=\"robots\" content=\"index, follow, max-snippet:-1, max-image-preview:large, max-video-preview:-1\" \/>\n<link rel=\"canonical\" href=\"https:\/\/www.africa-press.net\/congo-brazzaville\/toutes-les-actualites\/parlement-des-enfants-le-bureau-departemental-de-la-ville-oceane-installe\" \/>\n<meta property=\"og:locale\" content=\"fr_FR\" \/>\n<meta property=\"og:type\" content=\"article\" \/>\n<meta property=\"og:title\" content=\"Parlement des enfants: le bureau d\u00e9partemental de la ville oc\u00e9ane install\u00e9\" \/>\n<meta property=\"og:description\" content=\"Le bureau de\u0301partemental des de\u0301pute\u0301s juniors de Pointe-Noire a e\u0301te\u0301 mis en place, le 21 octobre, dans la salle du ...\" \/>\n<meta property=\"og:url\" content=\"https:\/\/www.africa-press.net\/congo-brazzaville\/toutes-les-actualites\/parlement-des-enfants-le-bureau-departemental-de-la-ville-oceane-installe\" \/>\n<meta property=\"og:site_name\" content=\"Congo Brazzaville\" \/>\n<meta property=\"article:published_time\" content=\"2023-10-24T22:58:10+00:00\" \/>\n<meta property=\"article:modified_time\" content=\"2023-10-24T23:29:51+00:00\" \/>\n<meta property=\"og:image\" content=\"https:\/\/static.africa-press.net\/congo-brazzaville\/sites\/51\/2023\/10\/sm_1698177444.761741.jpg\" \/>\n\t<meta property=\"og:image:width\" content=\"1280\" \/>\n\t<meta property=\"og:image:height\" content=\"960\" \/>\n\t<meta property=\"og:image:type\" content=\"image\/jpeg\" \/>\n<meta name=\"author\" content=\"cfeditorfr\" \/>\n<meta name=\"twitter:card\" content=\"summary_large_image\" \/>\n<meta name=\"twitter:label1\" content=\"\u00c9crit par\" \/>\n\t<meta name=\"twitter:data1\" content=\"cfeditorfr\" \/>\n\t<meta name=\"twitter:label2\" content=\"Dur\u00e9e de lecture estim\u00e9e\" \/>\n\t<meta name=\"twitter:data2\" content=\"2 minutes\" \/>\n<script type=\"application\/ld+json\" class=\"yoast-schema-graph\">{\"@context\":\"https:\/\/schema.org\",\"@graph\":[{\"@type\":\"Article\",\"@id\":\"https:\/\/www.africa-press.net\/congo-brazzaville\/toutes-les-actualites\/parlement-des-enfants-le-bureau-departemental-de-la-ville-oceane-installe#article\",\"isPartOf\":{\"@id\":\"https:\/\/www.africa-press.net\/congo-brazzaville\/toutes-les-actualites\/parlement-des-enfants-le-bureau-departemental-de-la-ville-oceane-installe\"},\"author\":{\"name\":\"cfeditorfr\",\"@id\":\"https:\/\/www.africa-press.net\/congo-brazzaville\/#\/schema\/person\/2b1cf3cd81a31e3cd26889ca66d677f1\"},\"headline\":\"Parlement des enfants: le bureau d\u00e9partemental de la ville oc\u00e9ane install\u00e9\",\"datePublished\":\"2023-10-24T22:58:10+00:00\",\"dateModified\":\"2023-10-24T23:29:51+00:00\",\"mainEntityOfPage\":{\"@id\":\"https:\/\/www.africa-press.net\/congo-brazzaville\/toutes-les-actualites\/parlement-des-enfants-le-bureau-departemental-de-la-ville-oceane-installe\"},\"wordCount\":372,\"commentCount\":0,\"image\":{\"@id\":\"https:\/\/www.africa-press.net\/congo-brazzaville\/toutes-les-actualites\/parlement-des-enfants-le-bureau-departemental-de-la-ville-oceane-installe#primaryimage\"},\"thumbnailUrl\":\"https:\/\/static.africa-press.net\/congo-brazzaville\/sites\/51\/2023\/10\/sm_1698177444.761741.jpg\",\"keywords\":[\"Africa Press\",\"Africa Press-Congo Brazzaville\",\"Congo Brazzaville\"],\"articleSection\":[\"Communaut\u00e9\",\"Toutes les actualit\u00e9s\"],\"inLanguage\":\"fr-FR\",\"potentialAction\":[{\"@type\":\"CommentAction\",\"name\":\"Comment\",\"target\":[\"https:\/\/www.africa-press.net\/congo-brazzaville\/toutes-les-actualites\/parlement-des-enfants-le-bureau-departemental-de-la-ville-oceane-installe#respond\"]}]},{\"@type\":\"WebPage\",\"@id\":\"https:\/\/www.africa-press.net\/congo-brazzaville\/toutes-les-actualites\/parlement-des-enfants-le-bureau-departemental-de-la-ville-oceane-installe\",\"url\":\"https:\/\/www.africa-press.net\/congo-brazzaville\/toutes-les-actualites\/parlement-des-enfants-le-bureau-departemental-de-la-ville-oceane-installe\",\"name\":\"Parlement des enfants: le bureau d\u00e9partemental de la ville oc\u00e9ane install\u00e9 - Congo Brazzaville\",\"isPartOf\":{\"@id\":\"https:\/\/www.africa-press.net\/congo-brazzaville\/#website\"},\"primaryImageOfPage\":{\"@id\":\"https:\/\/www.africa-press.net\/congo-brazzaville\/toutes-les-actualites\/parlement-des-enfants-le-bureau-departemental-de-la-ville-oceane-installe#primaryimage\"},\"image\":{\"@id\":\"https:\/\/www.africa-press.net\/congo-brazzaville\/toutes-les-actualites\/parlement-des-enfants-le-bureau-departemental-de-la-ville-oceane-installe#primaryimage\"},\"thumbnailUrl\":\"https:\/\/static.africa-press.net\/congo-brazzaville\/sites\/51\/2023\/10\/sm_1698177444.761741.jpg\",\"datePublished\":\"2023-10-24T22:58:10+00:00\",\"dateModified\":\"2023-10-24T23:29:51+00:00\",\"author\":{\"@id\":\"https:\/\/www.africa-press.net\/congo-brazzaville\/#\/schema\/person\/2b1cf3cd81a31e3cd26889ca66d677f1\"},\"description\":\"Le bureau de\u0301partemental des de\u0301pute\u0301s juniors de Pointe-Noire a e\u0301te\u0301 mis en place, le 21 octobre, dans la salle du ...\",\"breadcrumb\":{\"@id\":\"https:\/\/www.africa-press.net\/congo-brazzaville\/toutes-les-actualites\/parlement-des-enfants-le-bureau-departemental-de-la-ville-oceane-installe#breadcrumb\"},\"inLanguage\":\"fr-FR\",\"potentialAction\":[{\"@type\":\"ReadAction\",\"target\":[\"https:\/\/www.africa-press.net\/congo-brazzaville\/toutes-les-actualites\/parlement-des-enfants-le-bureau-departemental-de-la-ville-oceane-installe\"]}]},{\"@type\":\"ImageObject\",\"inLanguage\":\"fr-FR\",\"@id\":\"https:\/\/www.africa-press.net\/congo-brazzaville\/toutes-les-actualites\/parlement-des-enfants-le-bureau-departemental-de-la-ville-oceane-installe#primaryimage\",\"url\":\"https:\/\/static.africa-press.net\/congo-brazzaville\/sites\/51\/2023\/10\/sm_1698177444.761741.jpg\",\"contentUrl\":\"https:\/\/static.africa-press.net\/congo-brazzaville\/sites\/51\/2023\/10\/sm_1698177444.761741.jpg\",\"width\":1280,\"height\":960,\"caption\":\"Parlement des enfants: le bureau d\u00e9partemental de la ville oc\u00e9ane install\u00e9\"},{\"@type\":\"BreadcrumbList\",\"@id\":\"https:\/\/www.africa-press.net\/congo-brazzaville\/toutes-les-actualites\/parlement-des-enfants-le-bureau-departemental-de-la-ville-oceane-installe#breadcrumb\",\"itemListElement\":[{\"@type\":\"ListItem\",\"position\":1,\"name\":\"Accueil\",\"item\":\"https:\/\/www.africa-press.net\/congo-brazzaville\/\"},{\"@type\":\"ListItem\",\"position\":2,\"name\":\"Parlement des enfants: le bureau d\u00e9partemental de la ville oc\u00e9ane install\u00e9\"}]},{\"@type\":\"WebSite\",\"@id\":\"https:\/\/www.africa-press.net\/congo-brazzaville\/#website\",\"url\":\"https:\/\/www.africa-press.net\/congo-brazzaville\/\",\"name\":\"Congo Brazzaville\",\"description\":\"Just another Africa News Agency Sites site\",\"potentialAction\":[{\"@type\":\"SearchAction\",\"target\":{\"@type\":\"EntryPoint\",\"urlTemplate\":\"https:\/\/www.africa-press.net\/congo-brazzaville\/?s={search_term_string}\"},\"query-input\":{\"@type\":\"PropertyValueSpecification\",\"valueRequired\":true,\"valueName\":\"search_term_string\"}}],\"inLanguage\":\"fr-FR\"},{\"@type\":\"Person\",\"@id\":\"https:\/\/www.africa-press.net\/congo-brazzaville\/#\/schema\/person\/2b1cf3cd81a31e3cd26889ca66d677f1\",\"name\":\"cfeditorfr\"}]}<\/script>\n<!-- \/ Yoast SEO Premium plugin. -->","yoast_head_json":{"title":"Parlement des enfants: le bureau d\u00e9partemental de la ville oc\u00e9ane install\u00e9 - Congo Brazzaville","description":"Le bureau de\u0301partemental des de\u0301pute\u0301s juniors de Pointe-Noire a e\u0301te\u0301 mis en place, le 21 octobre, dans la salle du ...","robots":{"index":"index","follow":"follow","max-snippet":"max-snippet:-1","max-image-preview":"max-image-preview:large","max-video-preview":"max-video-preview:-1"},"canonical":"https:\/\/www.africa-press.net\/congo-brazzaville\/toutes-les-actualites\/parlement-des-enfants-le-bureau-departemental-de-la-ville-oceane-installe","og_locale":"fr_FR","og_type":"article","og_title":"Parlement des enfants: le bureau d\u00e9partemental de la ville oc\u00e9ane install\u00e9","og_description":"Le bureau de\u0301partemental des de\u0301pute\u0301s juniors de Pointe-Noire a e\u0301te\u0301 mis en place, le 21 octobre, dans la salle du ...","og_url":"https:\/\/www.africa-press.net\/congo-brazzaville\/toutes-les-actualites\/parlement-des-enfants-le-bureau-departemental-de-la-ville-oceane-installe","og_site_name":"Congo Brazzaville","article_published_time":"2023-10-24T22:58:10+00:00","article_modified_time":"2023-10-24T23:29:51+00:00","og_image":[{"width":1280,"height":960,"url":"https:\/\/static.africa-press.net\/congo-brazzaville\/sites\/51\/2023\/10\/sm_1698177444.761741.jpg","type":"image\/jpeg"}],"author":"cfeditorfr","twitter_card":"summary_large_image","twitter_misc":{"\u00c9crit par":"cfeditorfr","Dur\u00e9e de lecture estim\u00e9e":"2 minutes"},"schema":{"@context":"https:\/\/schema.org","@graph":[{"@type":"Article","@id":"https:\/\/www.africa-press.net\/congo-brazzaville\/toutes-les-actualites\/parlement-des-enfants-le-bureau-departemental-de-la-ville-oceane-installe#article","isPartOf":{"@id":"https:\/\/www.africa-press.net\/congo-brazzaville\/toutes-les-actualites\/parlement-des-enfants-le-bureau-departemental-de-la-ville-oceane-installe"},"author":{"name":"cfeditorfr","@id":"https:\/\/www.africa-press.net\/congo-brazzaville\/#\/schema\/person\/2b1cf3cd81a31e3cd26889ca66d677f1"},"headline":"Parlement des enfants: le bureau d\u00e9partemental de la ville oc\u00e9ane install\u00e9","datePublished":"2023-10-24T22:58:10+00:00","dateModified":"2023-10-24T23:29:51+00:00","mainEntityOfPage":{"@id":"https:\/\/www.africa-press.net\/congo-brazzaville\/toutes-les-actualites\/parlement-des-enfants-le-bureau-departemental-de-la-ville-oceane-installe"},"wordCount":372,"commentCount":0,"image":{"@id":"https:\/\/www.africa-press.net\/congo-brazzaville\/toutes-les-actualites\/parlement-des-enfants-le-bureau-departemental-de-la-ville-oceane-installe#primaryimage"},"thumbnailUrl":"https:\/\/static.africa-press.net\/congo-brazzaville\/sites\/51\/2023\/10\/sm_1698177444.761741.jpg","keywords":["Africa Press","Africa Press-Congo Brazzaville","Congo Brazzaville"],"articleSection":["Communaut\u00e9","Toutes les actualit\u00e9s"],"inLanguage":"fr-FR","potentialAction":[{"@type":"CommentAction","name":"Comment","target":["https:\/\/www.africa-press.net\/congo-brazzaville\/toutes-les-actualites\/parlement-des-enfants-le-bureau-departemental-de-la-ville-oceane-installe#respond"]}]},{"@type":"WebPage","@id":"https:\/\/www.africa-press.net\/congo-brazzaville\/toutes-les-actualites\/parlement-des-enfants-le-bureau-departemental-de-la-ville-oceane-installe","url":"https:\/\/www.africa-press.net\/congo-brazzaville\/toutes-les-actualites\/parlement-des-enfants-le-bureau-departemental-de-la-ville-oceane-installe","name":"Parlement des enfants: le bureau d\u00e9partemental de la ville oc\u00e9ane install\u00e9 - Congo Brazzaville","isPartOf":{"@id":"https:\/\/www.africa-press.net\/congo-brazzaville\/#website"},"primaryImageOfPage":{"@id":"https:\/\/www.africa-press.net\/congo-brazzaville\/toutes-les-actualites\/parlement-des-enfants-le-bureau-departemental-de-la-ville-oceane-installe#primaryimage"},"image":{"@id":"https:\/\/www.africa-press.net\/congo-brazzaville\/toutes-les-actualites\/parlement-des-enfants-le-bureau-departemental-de-la-ville-oceane-installe#primaryimage"},"thumbnailUrl":"https:\/\/static.africa-press.net\/congo-brazzaville\/sites\/51\/2023\/10\/sm_1698177444.761741.jpg","datePublished":"2023-10-24T22:58:10+00:00","dateModified":"2023-10-24T23:29:51+00:00","author":{"@id":"https:\/\/www.africa-press.net\/congo-brazzaville\/#\/schema\/person\/2b1cf3cd81a31e3cd26889ca66d677f1"},"description":"Le bureau de\u0301partemental des de\u0301pute\u0301s juniors de Pointe-Noire a e\u0301te\u0301 mis en place, le 21 octobre, dans la salle du ...","breadcrumb":{"@id":"https:\/\/www.africa-press.net\/congo-brazzaville\/toutes-les-actualites\/parlement-des-enfants-le-bureau-departemental-de-la-ville-oceane-installe#breadcrumb"},"inLanguage":"fr-FR","potentialAction":[{"@type":"ReadAction","target":["https:\/\/www.africa-press.net\/congo-brazzaville\/toutes-les-actualites\/parlement-des-enfants-le-bureau-departemental-de-la-ville-oceane-installe"]}]},{"@type":"ImageObject","inLanguage":"fr-FR","@id":"https:\/\/www.africa-press.net\/congo-brazzaville\/toutes-les-actualites\/parlement-des-enfants-le-bureau-departemental-de-la-ville-oceane-installe#primaryimage","url":"https:\/\/static.africa-press.net\/congo-brazzaville\/sites\/51\/2023\/10\/sm_1698177444.761741.jpg","contentUrl":"https:\/\/static.africa-press.net\/congo-brazzaville\/sites\/51\/2023\/10\/sm_1698177444.761741.jpg","width":1280,"height":960,"caption":"Parlement des enfants: le bureau d\u00e9partemental de la ville oc\u00e9ane install\u00e9"},{"@type":"BreadcrumbList","@id":"https:\/\/www.africa-press.net\/congo-brazzaville\/toutes-les-actualites\/parlement-des-enfants-le-bureau-departemental-de-la-ville-oceane-installe#breadcrumb","itemListElement":[{"@type":"ListItem","position":1,"name":"Accueil","item":"https:\/\/www.africa-press.net\/congo-brazzaville\/"},{"@type":"ListItem","position":2,"name":"Parlement des enfants: le bureau d\u00e9partemental de la ville oc\u00e9ane install\u00e9"}]},{"@type":"WebSite","@id":"https:\/\/www.africa-press.net\/congo-brazzaville\/#website","url":"https:\/\/www.africa-press.net\/congo-brazzaville\/","name":"Congo Brazzaville","description":"Just another Africa News Agency Sites site","potentialAction":[{"@type":"SearchAction","target":{"@type":"EntryPoint","urlTemplate":"https:\/\/www.africa-press.net\/congo-brazzaville\/?s={search_term_string}"},"query-input":{"@type":"PropertyValueSpecification","valueRequired":true,"valueName":"search_term_string"}}],"inLanguage":"fr-FR"},{"@type":"Person","@id":"https:\/\/www.africa-press.net\/congo-brazzaville\/#\/schema\/person\/2b1cf3cd81a31e3cd26889ca66d677f1","name":"cfeditorfr"}]}},"_links":{"self":[{"href":"https:\/\/www.africa-press.net\/congo-brazzaville\/wp-json\/wp\/v2\/posts\/23454","targetHints":{"allow":["GET"]}}],"collection":[{"href":"https:\/\/www.africa-press.net\/congo-brazzaville\/wp-json\/wp\/v2\/posts"}],"about":[{"href":"https:\/\/www.africa-press.net\/congo-brazzaville\/wp-json\/wp\/v2\/types\/post"}],"author":[{"embeddable":true,"href":"https:\/\/www.africa-press.net\/congo-brazzaville\/wp-json\/wp\/v2\/users\/82"}],"replies":[{"embeddable":true,"href":"https:\/\/www.africa-press.net\/congo-brazzaville\/wp-json\/wp\/v2\/comments?post=23454"}],"version-history":[{"count":0,"href":"https:\/\/www.africa-press.net\/congo-brazzaville\/wp-json\/wp\/v2\/posts\/23454\/revisions"}],"wp:featuredmedia":[{"embeddable":true,"href":"https:\/\/www.africa-press.net\/congo-brazzaville\/wp-json\/wp\/v2\/media\/23453"}],"wp:attachment":[{"href":"https:\/\/www.africa-press.net\/congo-brazzaville\/wp-json\/wp\/v2\/media?parent=23454"}],"wp:term":[{"taxonomy":"category","embeddable":true,"href":"https:\/\/www.africa-press.net\/congo-brazzaville\/wp-json\/wp\/v2\/categories?post=23454"},{"taxonomy":"post_tag","embeddable":true,"href":"https:\/\/www.africa-press.net\/congo-brazzaville\/wp-json\/wp\/v2\/tags?post=23454"}],"curies":[{"name":"wp","href":"https:\/\/api.w.org\/{rel}","templated":true}]}}