{"id":23456,"date":"2023-10-24T22:58:21","date_gmt":"2023-10-24T22:58:21","guid":{"rendered":"https:\/\/www.africa-press.net\/congo-brazzaville\/politique\/sommet-des-trois-bassins-forestiers-matrice-de-la-strategie-regionale-sur-la-finance-du-marche-carbone"},"modified":"2023-10-24T23:30:10","modified_gmt":"2023-10-24T23:30:10","slug":"sommet-des-trois-bassins-forestiers-matrice-de-la-strategie-regionale-sur-la-finance-du-marche-carbone","status":"publish","type":"post","link":"https:\/\/www.africa-press.net\/congo-brazzaville\/toutes-les-actualites\/sommet-des-trois-bassins-forestiers-matrice-de-la-strategie-regionale-sur-la-finance-du-marche-carbone","title":{"rendered":"Sommet des trois bassins forestiers : matrice de la strat\u00e9gie r\u00e9gionale sur la finance du march\u00e9 carbone"},"content":{"rendered":"<p><span style=\"color: #ff6600\"><strong>Africa-Press &#8211; Congo Brazzaville. <\/strong><\/span><b>La ministre de l&rsquo;Environnement, du De\u0301veloppement durable et du Bassin du Congo, Arlette Soudan-Nonault, a pre\u0301side\u0301, le 24 octobre a\u0300 Brazzaville, par visioconfe\u0301rence, en sa qualite\u0301 de coordinatrice technique de la Commission climat du Bassin du Congo (CCBC), la re\u0301union des experts visant a\u0300 soumettre aux ministres des pays membres du Bassin du Congo une strate\u0301gie re\u0301gionale sur la finance du marche\u0301 carbone.<\/b><\/p>\n<p>Le document finalise\u0301 sur la strate\u0301gie re\u0301gionale sur la finance du marche\u0301 carbone sera pre\u0301sente\u0301 aux ministres, en pre\u0301lude aux assises du sommet des trois bassins.<\/p>\n<p>Les marche\u0301s carbone, e\u0301galement nomme\u0301s syste\u0300mes d&rsquo;e\u0301change de quotas d&rsquo;e\u0301missions ou syste\u0300me de permis d&rsquo;e\u0301missions ne\u0301gociables sont des outils re\u0301glementaires facilitant l&rsquo;atteinte pour tout ou partie des objectifs de re\u0301duction d&rsquo;e\u0301missions de gaz a\u0300 effet de serre de\u0301termine\u0301s.<\/p>\n<p>Les marche\u0301s carbone forestiers et non forestiers devraient apporter aux pays membres de la CCBC 40% de leur produit inte\u0301rieur brut. L\u2019Accord de Paris reconnait que les parties peuvent choisir de coope\u0301rer volontairement a\u0300 la mise en \u0153uvre de leur contribution nationale de\u0301termine\u0301e pour relever le niveau d\u2019ambitions de leur mesure d\u2019atte\u0301nuation et d\u2019adaptation.<\/p>\n<p>\u00ab La finance carbone et les paiements pour les services environnementaux prennent de plus en plus de l\u2019ampleur. Et, l\u2019extension du marche\u0301 carbone serait estime\u0301e a\u0300 plus de 400 milliards dollars US a\u0300 partir de 2030. Vous comprendrez que les Etats de la CCBC ont de\u0301cide\u0301 de se doter d\u2019une strate\u0301gie re\u0301gionale afin de se positionner sur le me\u0301canisme financier existant et a\u0300 venir \u00bb, a indique\u0301 la ministre Arlette Soudan-Nonault.<\/p>\n<p><strong>Pour plus d&rsquo;informations et d&rsquo;analyses sur la <a href=\"https:\/\/www.africa-press.net\/congo-brazzaville\">Congo Brazzaville<\/a>, suivez <a href=\"https:\/\/www.africa-press.net\/\">Africa-Press<\/a><\/strong><\/p>\n","protected":false},"excerpt":{"rendered":"<p>Africa-Press &#8211; Congo Brazzaville. La ministre de l&rsquo;Environnement, du De\u0301veloppement durable et du Bassin du Congo, Arlette Soudan-Nonault, a pre\u0301side\u0301, le 24 octobre a\u0300 Brazzaville, par visioconfe\u0301rence, en sa qualite\u0301 de coordinatrice technique de la Commission climat du Bassin du Congo (CCBC), la re\u0301union des experts visant a\u0300 soumettre aux ministres des pays membres du [&hellip;]<\/p>\n","protected":false},"author":82,"featured_media":23455,"comment_status":"open","ping_status":"closed","sticky":false,"template":"","format":"standard","meta":{"footnotes":""},"categories":[21,10],"tags":[36,47,46],"class_list":["post-23456","post","type-post","status-publish","format-standard","has-post-thumbnail","hentry","category-communaute","category-toutes-les-actualites","tag-africa-press","tag-africa-press-congo-brazzaville","tag-congo-brazzaville"],"yoast_head":"<!-- This site is optimized with the Yoast SEO Premium plugin v26.1 (Yoast SEO v27.0) - https:\/\/yoast.com\/product\/yoast-seo-premium-wordpress\/ -->\n<title>Sommet des trois bassins forestiers : matrice de la strat\u00e9gie r\u00e9gionale sur la finance du march\u00e9 carbone - Congo Brazzaville<\/title>\n<meta name=\"description\" content=\"La ministre de l&#039;Environnement, du De\u0301veloppement durable et du Bassin du Congo, Arlette Soudan-Nonault, a pre\u0301side\u0301, ...\" \/>\n<meta name=\"robots\" content=\"index, follow, max-snippet:-1, max-image-preview:large, max-video-preview:-1\" \/>\n<link rel=\"canonical\" href=\"https:\/\/www.africa-press.net\/congo-brazzaville\/toutes-les-actualites\/sommet-des-trois-bassins-forestiers-matrice-de-la-strategie-regionale-sur-la-finance-du-marche-carbone\" \/>\n<meta property=\"og:locale\" content=\"fr_FR\" \/>\n<meta property=\"og:type\" content=\"article\" \/>\n<meta property=\"og:title\" content=\"Sommet des trois bassins forestiers : matrice de la strat\u00e9gie r\u00e9gionale sur la finance du march\u00e9 carbone\" \/>\n<meta property=\"og:description\" content=\"La ministre de l&#039;Environnement, du De\u0301veloppement durable et du Bassin du Congo, Arlette Soudan-Nonault, a pre\u0301side\u0301, ...\" \/>\n<meta property=\"og:url\" content=\"https:\/\/www.africa-press.net\/congo-brazzaville\/toutes-les-actualites\/sommet-des-trois-bassins-forestiers-matrice-de-la-strategie-regionale-sur-la-finance-du-marche-carbone\" \/>\n<meta property=\"og:site_name\" content=\"Congo Brazzaville\" \/>\n<meta property=\"article:published_time\" content=\"2023-10-24T22:58:21+00:00\" \/>\n<meta property=\"article:modified_time\" content=\"2023-10-24T23:30:10+00:00\" \/>\n<meta property=\"og:image\" content=\"https:\/\/static.africa-press.net\/congo-brazzaville\/sites\/51\/2023\/10\/sm_1698177459.712825.jpg\" \/>\n\t<meta property=\"og:image:width\" content=\"1280\" \/>\n\t<meta property=\"og:image:height\" content=\"720\" \/>\n\t<meta property=\"og:image:type\" content=\"image\/jpeg\" \/>\n<meta name=\"author\" content=\"cfeditorfr\" \/>\n<meta name=\"twitter:card\" content=\"summary_large_image\" \/>\n<meta name=\"twitter:label1\" content=\"\u00c9crit par\" \/>\n\t<meta name=\"twitter:data1\" content=\"cfeditorfr\" \/>\n\t<meta name=\"twitter:label2\" content=\"Dur\u00e9e de lecture estim\u00e9e\" \/>\n\t<meta name=\"twitter:data2\" content=\"2 minutes\" \/>\n<script type=\"application\/ld+json\" class=\"yoast-schema-graph\">{\"@context\":\"https:\/\/schema.org\",\"@graph\":[{\"@type\":\"Article\",\"@id\":\"https:\/\/www.africa-press.net\/congo-brazzaville\/toutes-les-actualites\/sommet-des-trois-bassins-forestiers-matrice-de-la-strategie-regionale-sur-la-finance-du-marche-carbone#article\",\"isPartOf\":{\"@id\":\"https:\/\/www.africa-press.net\/congo-brazzaville\/toutes-les-actualites\/sommet-des-trois-bassins-forestiers-matrice-de-la-strategie-regionale-sur-la-finance-du-marche-carbone\"},\"author\":{\"name\":\"cfeditorfr\",\"@id\":\"https:\/\/www.africa-press.net\/congo-brazzaville\/#\/schema\/person\/2b1cf3cd81a31e3cd26889ca66d677f1\"},\"headline\":\"Sommet des trois bassins forestiers : matrice de la strat\u00e9gie r\u00e9gionale sur la finance du march\u00e9 carbone\",\"datePublished\":\"2023-10-24T22:58:21+00:00\",\"dateModified\":\"2023-10-24T23:30:10+00:00\",\"mainEntityOfPage\":{\"@id\":\"https:\/\/www.africa-press.net\/congo-brazzaville\/toutes-les-actualites\/sommet-des-trois-bassins-forestiers-matrice-de-la-strategie-regionale-sur-la-finance-du-marche-carbone\"},\"wordCount\":329,\"commentCount\":0,\"image\":{\"@id\":\"https:\/\/www.africa-press.net\/congo-brazzaville\/toutes-les-actualites\/sommet-des-trois-bassins-forestiers-matrice-de-la-strategie-regionale-sur-la-finance-du-marche-carbone#primaryimage\"},\"thumbnailUrl\":\"https:\/\/static.africa-press.net\/congo-brazzaville\/sites\/51\/2023\/10\/sm_1698177459.712825.jpg\",\"keywords\":[\"Africa Press\",\"Africa Press-Congo Brazzaville\",\"Congo Brazzaville\"],\"articleSection\":[\"Communaut\u00e9\",\"Toutes les actualit\u00e9s\"],\"inLanguage\":\"fr-FR\",\"potentialAction\":[{\"@type\":\"CommentAction\",\"name\":\"Comment\",\"target\":[\"https:\/\/www.africa-press.net\/congo-brazzaville\/toutes-les-actualites\/sommet-des-trois-bassins-forestiers-matrice-de-la-strategie-regionale-sur-la-finance-du-marche-carbone#respond\"]}]},{\"@type\":\"WebPage\",\"@id\":\"https:\/\/www.africa-press.net\/congo-brazzaville\/toutes-les-actualites\/sommet-des-trois-bassins-forestiers-matrice-de-la-strategie-regionale-sur-la-finance-du-marche-carbone\",\"url\":\"https:\/\/www.africa-press.net\/congo-brazzaville\/toutes-les-actualites\/sommet-des-trois-bassins-forestiers-matrice-de-la-strategie-regionale-sur-la-finance-du-marche-carbone\",\"name\":\"Sommet des trois bassins forestiers : matrice de la strat\u00e9gie r\u00e9gionale sur la finance du march\u00e9 carbone - Congo Brazzaville\",\"isPartOf\":{\"@id\":\"https:\/\/www.africa-press.net\/congo-brazzaville\/#website\"},\"primaryImageOfPage\":{\"@id\":\"https:\/\/www.africa-press.net\/congo-brazzaville\/toutes-les-actualites\/sommet-des-trois-bassins-forestiers-matrice-de-la-strategie-regionale-sur-la-finance-du-marche-carbone#primaryimage\"},\"image\":{\"@id\":\"https:\/\/www.africa-press.net\/congo-brazzaville\/toutes-les-actualites\/sommet-des-trois-bassins-forestiers-matrice-de-la-strategie-regionale-sur-la-finance-du-marche-carbone#primaryimage\"},\"thumbnailUrl\":\"https:\/\/static.africa-press.net\/congo-brazzaville\/sites\/51\/2023\/10\/sm_1698177459.712825.jpg\",\"datePublished\":\"2023-10-24T22:58:21+00:00\",\"dateModified\":\"2023-10-24T23:30:10+00:00\",\"author\":{\"@id\":\"https:\/\/www.africa-press.net\/congo-brazzaville\/#\/schema\/person\/2b1cf3cd81a31e3cd26889ca66d677f1\"},\"description\":\"La ministre de l'Environnement, du De\u0301veloppement durable et du Bassin du Congo, Arlette Soudan-Nonault, a pre\u0301side\u0301, ...\",\"breadcrumb\":{\"@id\":\"https:\/\/www.africa-press.net\/congo-brazzaville\/toutes-les-actualites\/sommet-des-trois-bassins-forestiers-matrice-de-la-strategie-regionale-sur-la-finance-du-marche-carbone#breadcrumb\"},\"inLanguage\":\"fr-FR\",\"potentialAction\":[{\"@type\":\"ReadAction\",\"target\":[\"https:\/\/www.africa-press.net\/congo-brazzaville\/toutes-les-actualites\/sommet-des-trois-bassins-forestiers-matrice-de-la-strategie-regionale-sur-la-finance-du-marche-carbone\"]}]},{\"@type\":\"ImageObject\",\"inLanguage\":\"fr-FR\",\"@id\":\"https:\/\/www.africa-press.net\/congo-brazzaville\/toutes-les-actualites\/sommet-des-trois-bassins-forestiers-matrice-de-la-strategie-regionale-sur-la-finance-du-marche-carbone#primaryimage\",\"url\":\"https:\/\/static.africa-press.net\/congo-brazzaville\/sites\/51\/2023\/10\/sm_1698177459.712825.jpg\",\"contentUrl\":\"https:\/\/static.africa-press.net\/congo-brazzaville\/sites\/51\/2023\/10\/sm_1698177459.712825.jpg\",\"width\":1280,\"height\":720,\"caption\":\"Sommet des trois bassins forestiers : matrice de la strat\u00e9gie r\u00e9gionale sur la finance du march\u00e9 carbone\"},{\"@type\":\"BreadcrumbList\",\"@id\":\"https:\/\/www.africa-press.net\/congo-brazzaville\/toutes-les-actualites\/sommet-des-trois-bassins-forestiers-matrice-de-la-strategie-regionale-sur-la-finance-du-marche-carbone#breadcrumb\",\"itemListElement\":[{\"@type\":\"ListItem\",\"position\":1,\"name\":\"Accueil\",\"item\":\"https:\/\/www.africa-press.net\/congo-brazzaville\/\"},{\"@type\":\"ListItem\",\"position\":2,\"name\":\"Sommet des trois bassins forestiers : matrice de la strat\u00e9gie r\u00e9gionale sur la finance du march\u00e9 carbone\"}]},{\"@type\":\"WebSite\",\"@id\":\"https:\/\/www.africa-press.net\/congo-brazzaville\/#website\",\"url\":\"https:\/\/www.africa-press.net\/congo-brazzaville\/\",\"name\":\"Congo Brazzaville\",\"description\":\"Just another Africa News Agency Sites site\",\"potentialAction\":[{\"@type\":\"SearchAction\",\"target\":{\"@type\":\"EntryPoint\",\"urlTemplate\":\"https:\/\/www.africa-press.net\/congo-brazzaville\/?s={search_term_string}\"},\"query-input\":{\"@type\":\"PropertyValueSpecification\",\"valueRequired\":true,\"valueName\":\"search_term_string\"}}],\"inLanguage\":\"fr-FR\"},{\"@type\":\"Person\",\"@id\":\"https:\/\/www.africa-press.net\/congo-brazzaville\/#\/schema\/person\/2b1cf3cd81a31e3cd26889ca66d677f1\",\"name\":\"cfeditorfr\"}]}<\/script>\n<!-- \/ Yoast SEO Premium plugin. -->","yoast_head_json":{"title":"Sommet des trois bassins forestiers : matrice de la strat\u00e9gie r\u00e9gionale sur la finance du march\u00e9 carbone - Congo Brazzaville","description":"La ministre de l'Environnement, du De\u0301veloppement durable et du Bassin du Congo, Arlette Soudan-Nonault, a pre\u0301side\u0301, ...","robots":{"index":"index","follow":"follow","max-snippet":"max-snippet:-1","max-image-preview":"max-image-preview:large","max-video-preview":"max-video-preview:-1"},"canonical":"https:\/\/www.africa-press.net\/congo-brazzaville\/toutes-les-actualites\/sommet-des-trois-bassins-forestiers-matrice-de-la-strategie-regionale-sur-la-finance-du-marche-carbone","og_locale":"fr_FR","og_type":"article","og_title":"Sommet des trois bassins forestiers : matrice de la strat\u00e9gie r\u00e9gionale sur la finance du march\u00e9 carbone","og_description":"La ministre de l'Environnement, du De\u0301veloppement durable et du Bassin du Congo, Arlette Soudan-Nonault, a pre\u0301side\u0301, ...","og_url":"https:\/\/www.africa-press.net\/congo-brazzaville\/toutes-les-actualites\/sommet-des-trois-bassins-forestiers-matrice-de-la-strategie-regionale-sur-la-finance-du-marche-carbone","og_site_name":"Congo Brazzaville","article_published_time":"2023-10-24T22:58:21+00:00","article_modified_time":"2023-10-24T23:30:10+00:00","og_image":[{"width":1280,"height":720,"url":"https:\/\/static.africa-press.net\/congo-brazzaville\/sites\/51\/2023\/10\/sm_1698177459.712825.jpg","type":"image\/jpeg"}],"author":"cfeditorfr","twitter_card":"summary_large_image","twitter_misc":{"\u00c9crit par":"cfeditorfr","Dur\u00e9e de lecture estim\u00e9e":"2 minutes"},"schema":{"@context":"https:\/\/schema.org","@graph":[{"@type":"Article","@id":"https:\/\/www.africa-press.net\/congo-brazzaville\/toutes-les-actualites\/sommet-des-trois-bassins-forestiers-matrice-de-la-strategie-regionale-sur-la-finance-du-marche-carbone#article","isPartOf":{"@id":"https:\/\/www.africa-press.net\/congo-brazzaville\/toutes-les-actualites\/sommet-des-trois-bassins-forestiers-matrice-de-la-strategie-regionale-sur-la-finance-du-marche-carbone"},"author":{"name":"cfeditorfr","@id":"https:\/\/www.africa-press.net\/congo-brazzaville\/#\/schema\/person\/2b1cf3cd81a31e3cd26889ca66d677f1"},"headline":"Sommet des trois bassins forestiers : matrice de la strat\u00e9gie r\u00e9gionale sur la finance du march\u00e9 carbone","datePublished":"2023-10-24T22:58:21+00:00","dateModified":"2023-10-24T23:30:10+00:00","mainEntityOfPage":{"@id":"https:\/\/www.africa-press.net\/congo-brazzaville\/toutes-les-actualites\/sommet-des-trois-bassins-forestiers-matrice-de-la-strategie-regionale-sur-la-finance-du-marche-carbone"},"wordCount":329,"commentCount":0,"image":{"@id":"https:\/\/www.africa-press.net\/congo-brazzaville\/toutes-les-actualites\/sommet-des-trois-bassins-forestiers-matrice-de-la-strategie-regionale-sur-la-finance-du-marche-carbone#primaryimage"},"thumbnailUrl":"https:\/\/static.africa-press.net\/congo-brazzaville\/sites\/51\/2023\/10\/sm_1698177459.712825.jpg","keywords":["Africa Press","Africa Press-Congo Brazzaville","Congo Brazzaville"],"articleSection":["Communaut\u00e9","Toutes les actualit\u00e9s"],"inLanguage":"fr-FR","potentialAction":[{"@type":"CommentAction","name":"Comment","target":["https:\/\/www.africa-press.net\/congo-brazzaville\/toutes-les-actualites\/sommet-des-trois-bassins-forestiers-matrice-de-la-strategie-regionale-sur-la-finance-du-marche-carbone#respond"]}]},{"@type":"WebPage","@id":"https:\/\/www.africa-press.net\/congo-brazzaville\/toutes-les-actualites\/sommet-des-trois-bassins-forestiers-matrice-de-la-strategie-regionale-sur-la-finance-du-marche-carbone","url":"https:\/\/www.africa-press.net\/congo-brazzaville\/toutes-les-actualites\/sommet-des-trois-bassins-forestiers-matrice-de-la-strategie-regionale-sur-la-finance-du-marche-carbone","name":"Sommet des trois bassins forestiers : matrice de la strat\u00e9gie r\u00e9gionale sur la finance du march\u00e9 carbone - Congo Brazzaville","isPartOf":{"@id":"https:\/\/www.africa-press.net\/congo-brazzaville\/#website"},"primaryImageOfPage":{"@id":"https:\/\/www.africa-press.net\/congo-brazzaville\/toutes-les-actualites\/sommet-des-trois-bassins-forestiers-matrice-de-la-strategie-regionale-sur-la-finance-du-marche-carbone#primaryimage"},"image":{"@id":"https:\/\/www.africa-press.net\/congo-brazzaville\/toutes-les-actualites\/sommet-des-trois-bassins-forestiers-matrice-de-la-strategie-regionale-sur-la-finance-du-marche-carbone#primaryimage"},"thumbnailUrl":"https:\/\/static.africa-press.net\/congo-brazzaville\/sites\/51\/2023\/10\/sm_1698177459.712825.jpg","datePublished":"2023-10-24T22:58:21+00:00","dateModified":"2023-10-24T23:30:10+00:00","author":{"@id":"https:\/\/www.africa-press.net\/congo-brazzaville\/#\/schema\/person\/2b1cf3cd81a31e3cd26889ca66d677f1"},"description":"La ministre de l'Environnement, du De\u0301veloppement durable et du Bassin du Congo, Arlette Soudan-Nonault, a pre\u0301side\u0301, ...","breadcrumb":{"@id":"https:\/\/www.africa-press.net\/congo-brazzaville\/toutes-les-actualites\/sommet-des-trois-bassins-forestiers-matrice-de-la-strategie-regionale-sur-la-finance-du-marche-carbone#breadcrumb"},"inLanguage":"fr-FR","potentialAction":[{"@type":"ReadAction","target":["https:\/\/www.africa-press.net\/congo-brazzaville\/toutes-les-actualites\/sommet-des-trois-bassins-forestiers-matrice-de-la-strategie-regionale-sur-la-finance-du-marche-carbone"]}]},{"@type":"ImageObject","inLanguage":"fr-FR","@id":"https:\/\/www.africa-press.net\/congo-brazzaville\/toutes-les-actualites\/sommet-des-trois-bassins-forestiers-matrice-de-la-strategie-regionale-sur-la-finance-du-marche-carbone#primaryimage","url":"https:\/\/static.africa-press.net\/congo-brazzaville\/sites\/51\/2023\/10\/sm_1698177459.712825.jpg","contentUrl":"https:\/\/static.africa-press.net\/congo-brazzaville\/sites\/51\/2023\/10\/sm_1698177459.712825.jpg","width":1280,"height":720,"caption":"Sommet des trois bassins forestiers : matrice de la strat\u00e9gie r\u00e9gionale sur la finance du march\u00e9 carbone"},{"@type":"BreadcrumbList","@id":"https:\/\/www.africa-press.net\/congo-brazzaville\/toutes-les-actualites\/sommet-des-trois-bassins-forestiers-matrice-de-la-strategie-regionale-sur-la-finance-du-marche-carbone#breadcrumb","itemListElement":[{"@type":"ListItem","position":1,"name":"Accueil","item":"https:\/\/www.africa-press.net\/congo-brazzaville\/"},{"@type":"ListItem","position":2,"name":"Sommet des trois bassins forestiers : matrice de la strat\u00e9gie r\u00e9gionale sur la finance du march\u00e9 carbone"}]},{"@type":"WebSite","@id":"https:\/\/www.africa-press.net\/congo-brazzaville\/#website","url":"https:\/\/www.africa-press.net\/congo-brazzaville\/","name":"Congo Brazzaville","description":"Just another Africa News Agency Sites site","potentialAction":[{"@type":"SearchAction","target":{"@type":"EntryPoint","urlTemplate":"https:\/\/www.africa-press.net\/congo-brazzaville\/?s={search_term_string}"},"query-input":{"@type":"PropertyValueSpecification","valueRequired":true,"valueName":"search_term_string"}}],"inLanguage":"fr-FR"},{"@type":"Person","@id":"https:\/\/www.africa-press.net\/congo-brazzaville\/#\/schema\/person\/2b1cf3cd81a31e3cd26889ca66d677f1","name":"cfeditorfr"}]}},"_links":{"self":[{"href":"https:\/\/www.africa-press.net\/congo-brazzaville\/wp-json\/wp\/v2\/posts\/23456","targetHints":{"allow":["GET"]}}],"collection":[{"href":"https:\/\/www.africa-press.net\/congo-brazzaville\/wp-json\/wp\/v2\/posts"}],"about":[{"href":"https:\/\/www.africa-press.net\/congo-brazzaville\/wp-json\/wp\/v2\/types\/post"}],"author":[{"embeddable":true,"href":"https:\/\/www.africa-press.net\/congo-brazzaville\/wp-json\/wp\/v2\/users\/82"}],"replies":[{"embeddable":true,"href":"https:\/\/www.africa-press.net\/congo-brazzaville\/wp-json\/wp\/v2\/comments?post=23456"}],"version-history":[{"count":0,"href":"https:\/\/www.africa-press.net\/congo-brazzaville\/wp-json\/wp\/v2\/posts\/23456\/revisions"}],"wp:featuredmedia":[{"embeddable":true,"href":"https:\/\/www.africa-press.net\/congo-brazzaville\/wp-json\/wp\/v2\/media\/23455"}],"wp:attachment":[{"href":"https:\/\/www.africa-press.net\/congo-brazzaville\/wp-json\/wp\/v2\/media?parent=23456"}],"wp:term":[{"taxonomy":"category","embeddable":true,"href":"https:\/\/www.africa-press.net\/congo-brazzaville\/wp-json\/wp\/v2\/categories?post=23456"},{"taxonomy":"post_tag","embeddable":true,"href":"https:\/\/www.africa-press.net\/congo-brazzaville\/wp-json\/wp\/v2\/tags?post=23456"}],"curies":[{"name":"wp","href":"https:\/\/api.w.org\/{rel}","templated":true}]}}