{"id":23458,"date":"2023-10-24T22:58:26","date_gmt":"2023-10-24T22:58:26","guid":{"rendered":"https:\/\/www.africa-press.net\/congo-brazzaville\/politique\/protection-des-enfants-des-echanges-sur-lencadrement-de-la-progeniture"},"modified":"2023-10-24T23:30:27","modified_gmt":"2023-10-24T23:30:27","slug":"protection-des-enfants-des-echanges-sur-lencadrement-de-la-progeniture","status":"publish","type":"post","link":"https:\/\/www.africa-press.net\/congo-brazzaville\/toutes-les-actualites\/protection-des-enfants-des-echanges-sur-lencadrement-de-la-progeniture","title":{"rendered":"Protection des enfants : des \u00e9changes sur l&rsquo;encadrement de la prog\u00e9niture"},"content":{"rendered":"<p><span style=\"color: #ff6600\"><strong>Africa-Press &#8211; Congo Brazzaville. <\/strong><\/span><b>Une confe\u0301rence-de\u0301bat initie\u0301e par le magazine Mwana a e\u0301te\u0301 organise\u0301e, le 21 octobre, a\u0300 Pointe-Noire sur le the\u0300me \u00ab\u00a0Bien-e\u0302tre des enfants\u00a0\u00bb. <\/b><\/p>\n<p>Comment faire face aux dangers des me\u0301dias sociaux et des e\u0301crans et l\u2019alimentation des enfants ont e\u0301te\u0301 les principaux sous-the\u0300mes de\u0301ve\u0301loppe\u0301s lors de cette confe\u0301rence. Marisca Mabiala Makosso, pe\u0301diatre, a dans son expose\u0301 en lien avec le premier sous-the\u0300me montre\u0301 les avantages et l\u2019apport non ne\u0301gligeable des re\u0301seaux sociaux dans notre quotidien et, surtout, le quotidien des enfants en facilitant notamment les e\u0301changes interpersonnels, le partage en re\u0301duisant de fac\u0327on significative les distances, l\u2019e\u0301loignement des uns et des autres, bref en mate\u0301rialisant le fameux village plane\u0301taire qui jadis e\u0301tait encore un mythe.<\/p>\n<p>Cependant, ces avance\u0301es sont malheureusement mises a\u0300 mal par les inconve\u0301nients ne\u0301s des progre\u0300s technologiques trop rapides et envahissants au point d\u2019en constituer aujourd\u2019hui un ve\u0301ritable proble\u0300me dans l\u2019univers social, a-t-elle poursuivi. La quasi-de\u0301pendance aux outils modernes de communication, la re\u0301duction du temps de sommeil, la fatigue, les migraines, la diminution exponentielle des interactions sont autant des faits ne\u0301fastes. L\u2019immixtion impromptue de nouveaux me\u0301tiers comme les influenceurs et autres sont en train de modifier conside\u0301rablement le mode de vie des enfants. Et cela remet en cause l\u2019importance de l\u2019e\u0301ducation scolaire tout en les exposant contre les images non censure\u0301es telles les vide\u0301os faisant l\u2019apologie de la violence ou celles a\u0300 caracte\u0300re e\u0301rotique ou pornographique, a dit la pe\u0301diatre.<\/p>\n<p>Abordant le me\u0302me sous-the\u0300me, Passi Bibene, directeur de publication du Magazine Mwana, a ouvert son expose\u0301 sur un rappel historique des medias congolais 60 ans en arrie\u0300re. \u00ab En 1962, lors de la cre\u0301ation de Te\u0301le\u0301 Congo, on comptait 16 postes de te\u0301le\u0301vision dispose\u0301s un peu partout a\u0300 Brazzaville dans les lieux publics et 34 autres remis a\u0300 des personnalite\u0301s politiques et religieuses de premier plan. En ce temps-la\u0300, il y avait un e\u0301cran de te\u0301le\u0301vision pour tout le quartier. Aujourd\u2019hui, la tendance n\u2019est me\u0302me pas a\u0300 un e\u0301cran pour une famille. On tend vers un e\u0301cran pour chaque membre de la famille \u00bb, a-t-il souligne\u0301.<\/p>\n<p>Apre\u0300s les e\u0301changes, la constance s\u2019est de\u0301gage\u0301e dans les approches de solutions en apportant le maximum d\u2019informations sur les risques de l\u2019internet. Les efforts doivent e\u0302tre faits pour limiter ce risque, seul moyen pour e\u0301chapper au cyber harce\u0300lement, a\u0300 l\u2019arnaque, au chantage et autres conse\u0301quences pouvant mettre en pe\u0301ril la vie des enfants. La fixation des re\u0300gles d\u2019utilisation de l\u2019internet et de la re\u0301duction de son emprise sur les enfants pour e\u0301viter tout exce\u0300s qui peut e\u0302tre nuisible.<\/p>\n<p>Exposant sur l\u2019alimentation des enfants, Grace Mboungou, die\u0301te\u0301ticien, a insiste\u0301 sur le changement ine\u0301luctable des habitudes alimentaires car bien se nourrir n\u2019est pas synonyme de remplir le ventre de l\u2019enfant mais lui apporter une alimentation riche et e\u0301quilibre\u0301e. \u00ab\u00a0Les fruits, les le\u0301gumes et surtout les produits locaux bon marche\u0301 sont riches en vitamines, a\u0300 l\u2019oppose\u0301 des aliments importe\u0301s tels les produits surgele\u0301s ou laitiers au prix exorbitant souvent sources de maladies diverses\u00a0\u00bb, a-t-il conclu. De son co\u0302te\u0301, Panty Taty, die\u0301te\u0301ticienne, a insiste\u0301 sur l\u2019allaitement au lait maternel pour les nouveau-ne\u0301s afin de garantir leur croissance.<\/p>\n<p>L\u2019information, la sensibilisation et l\u2019e\u0301ducation doivent guider toute action visant a\u0300 prote\u0301ger l\u2019enfant et garantir son avenir. Des principes fondamentaux que le Magazine Mwana met en exergue a\u0300 travers son journal et aussi les diffe\u0301rentes actions mene\u0301es dans la socie\u0301te\u0301 a\u0300 l\u2019instar des confe\u0301rences-de\u0301bats, ve\u0301ritables lieu d\u2019e\u0301change et de partage, contribuent aussi au bien-e\u0302tre des enfants.<\/p>\n<p><strong>Pour plus d&rsquo;informations et d&rsquo;analyses sur la <a href=\"https:\/\/www.africa-press.net\/congo-brazzaville\">Congo Brazzaville<\/a>, suivez <a href=\"https:\/\/www.africa-press.net\/\">Africa-Press<\/a><\/strong><\/p>\n","protected":false},"excerpt":{"rendered":"<p>Africa-Press &#8211; Congo Brazzaville. Une confe\u0301rence-de\u0301bat initie\u0301e par le magazine Mwana a e\u0301te\u0301 organise\u0301e, le 21 octobre, a\u0300 Pointe-Noire sur le the\u0300me \u00ab\u00a0Bien-e\u0302tre des enfants\u00a0\u00bb. Comment faire face aux dangers des me\u0301dias sociaux et des e\u0301crans et l\u2019alimentation des enfants ont e\u0301te\u0301 les principaux sous-the\u0300mes de\u0301ve\u0301loppe\u0301s lors de cette confe\u0301rence. Marisca Mabiala Makosso, pe\u0301diatre, a [&hellip;]<\/p>\n","protected":false},"author":82,"featured_media":23457,"comment_status":"open","ping_status":"closed","sticky":false,"template":"","format":"standard","meta":{"footnotes":""},"categories":[21,10],"tags":[36,47,46],"class_list":["post-23458","post","type-post","status-publish","format-standard","has-post-thumbnail","hentry","category-communaute","category-toutes-les-actualites","tag-africa-press","tag-africa-press-congo-brazzaville","tag-congo-brazzaville"],"yoast_head":"<!-- This site is optimized with the Yoast SEO Premium plugin v26.1 (Yoast SEO v27.0) - https:\/\/yoast.com\/product\/yoast-seo-premium-wordpress\/ -->\n<title>Protection des enfants : des \u00e9changes sur l&#039;encadrement de la prog\u00e9niture - Congo Brazzaville<\/title>\n<meta name=\"description\" content=\"Une confe\u0301rence-de\u0301bat initie\u0301e par le magazine Mwana a e\u0301te\u0301 organise\u0301e, le 21 octobre, a\u0300 Pointe-Noire sur le the\u0300m ...\" \/>\n<meta name=\"robots\" content=\"index, follow, max-snippet:-1, max-image-preview:large, max-video-preview:-1\" \/>\n<link rel=\"canonical\" href=\"https:\/\/www.africa-press.net\/congo-brazzaville\/toutes-les-actualites\/protection-des-enfants-des-echanges-sur-lencadrement-de-la-progeniture\" \/>\n<meta property=\"og:locale\" content=\"fr_FR\" \/>\n<meta property=\"og:type\" content=\"article\" \/>\n<meta property=\"og:title\" content=\"Protection des enfants : des \u00e9changes sur l&#039;encadrement de la prog\u00e9niture\" \/>\n<meta property=\"og:description\" content=\"Une confe\u0301rence-de\u0301bat initie\u0301e par le magazine Mwana a e\u0301te\u0301 organise\u0301e, le 21 octobre, a\u0300 Pointe-Noire sur le the\u0300m ...\" \/>\n<meta property=\"og:url\" content=\"https:\/\/www.africa-press.net\/congo-brazzaville\/toutes-les-actualites\/protection-des-enfants-des-echanges-sur-lencadrement-de-la-progeniture\" \/>\n<meta property=\"og:site_name\" content=\"Congo Brazzaville\" \/>\n<meta property=\"article:published_time\" content=\"2023-10-24T22:58:26+00:00\" \/>\n<meta property=\"article:modified_time\" content=\"2023-10-24T23:30:27+00:00\" \/>\n<meta property=\"og:image\" content=\"https:\/\/static.africa-press.net\/congo-brazzaville\/sites\/51\/2023\/10\/sm_1698177474.0038.jpg\" \/>\n\t<meta property=\"og:image:width\" content=\"1536\" \/>\n\t<meta property=\"og:image:height\" content=\"768\" \/>\n\t<meta property=\"og:image:type\" content=\"image\/jpeg\" \/>\n<meta name=\"author\" content=\"cfeditorfr\" \/>\n<meta name=\"twitter:card\" content=\"summary_large_image\" \/>\n<meta name=\"twitter:label1\" content=\"\u00c9crit par\" \/>\n\t<meta name=\"twitter:data1\" content=\"cfeditorfr\" \/>\n\t<meta name=\"twitter:label2\" content=\"Dur\u00e9e de lecture estim\u00e9e\" \/>\n\t<meta name=\"twitter:data2\" content=\"3 minutes\" \/>\n<script type=\"application\/ld+json\" class=\"yoast-schema-graph\">{\"@context\":\"https:\/\/schema.org\",\"@graph\":[{\"@type\":\"Article\",\"@id\":\"https:\/\/www.africa-press.net\/congo-brazzaville\/toutes-les-actualites\/protection-des-enfants-des-echanges-sur-lencadrement-de-la-progeniture#article\",\"isPartOf\":{\"@id\":\"https:\/\/www.africa-press.net\/congo-brazzaville\/toutes-les-actualites\/protection-des-enfants-des-echanges-sur-lencadrement-de-la-progeniture\"},\"author\":{\"name\":\"cfeditorfr\",\"@id\":\"https:\/\/www.africa-press.net\/congo-brazzaville\/#\/schema\/person\/2b1cf3cd81a31e3cd26889ca66d677f1\"},\"headline\":\"Protection des enfants : des \u00e9changes sur l&rsquo;encadrement de la prog\u00e9niture\",\"datePublished\":\"2023-10-24T22:58:26+00:00\",\"dateModified\":\"2023-10-24T23:30:27+00:00\",\"mainEntityOfPage\":{\"@id\":\"https:\/\/www.africa-press.net\/congo-brazzaville\/toutes-les-actualites\/protection-des-enfants-des-echanges-sur-lencadrement-de-la-progeniture\"},\"wordCount\":710,\"commentCount\":0,\"image\":{\"@id\":\"https:\/\/www.africa-press.net\/congo-brazzaville\/toutes-les-actualites\/protection-des-enfants-des-echanges-sur-lencadrement-de-la-progeniture#primaryimage\"},\"thumbnailUrl\":\"https:\/\/static.africa-press.net\/congo-brazzaville\/sites\/51\/2023\/10\/sm_1698177474.0038.jpg\",\"keywords\":[\"Africa Press\",\"Africa Press-Congo Brazzaville\",\"Congo Brazzaville\"],\"articleSection\":[\"Communaut\u00e9\",\"Toutes les actualit\u00e9s\"],\"inLanguage\":\"fr-FR\",\"potentialAction\":[{\"@type\":\"CommentAction\",\"name\":\"Comment\",\"target\":[\"https:\/\/www.africa-press.net\/congo-brazzaville\/toutes-les-actualites\/protection-des-enfants-des-echanges-sur-lencadrement-de-la-progeniture#respond\"]}]},{\"@type\":\"WebPage\",\"@id\":\"https:\/\/www.africa-press.net\/congo-brazzaville\/toutes-les-actualites\/protection-des-enfants-des-echanges-sur-lencadrement-de-la-progeniture\",\"url\":\"https:\/\/www.africa-press.net\/congo-brazzaville\/toutes-les-actualites\/protection-des-enfants-des-echanges-sur-lencadrement-de-la-progeniture\",\"name\":\"Protection des enfants : des \u00e9changes sur l'encadrement de la prog\u00e9niture - Congo Brazzaville\",\"isPartOf\":{\"@id\":\"https:\/\/www.africa-press.net\/congo-brazzaville\/#website\"},\"primaryImageOfPage\":{\"@id\":\"https:\/\/www.africa-press.net\/congo-brazzaville\/toutes-les-actualites\/protection-des-enfants-des-echanges-sur-lencadrement-de-la-progeniture#primaryimage\"},\"image\":{\"@id\":\"https:\/\/www.africa-press.net\/congo-brazzaville\/toutes-les-actualites\/protection-des-enfants-des-echanges-sur-lencadrement-de-la-progeniture#primaryimage\"},\"thumbnailUrl\":\"https:\/\/static.africa-press.net\/congo-brazzaville\/sites\/51\/2023\/10\/sm_1698177474.0038.jpg\",\"datePublished\":\"2023-10-24T22:58:26+00:00\",\"dateModified\":\"2023-10-24T23:30:27+00:00\",\"author\":{\"@id\":\"https:\/\/www.africa-press.net\/congo-brazzaville\/#\/schema\/person\/2b1cf3cd81a31e3cd26889ca66d677f1\"},\"description\":\"Une confe\u0301rence-de\u0301bat initie\u0301e par le magazine Mwana a e\u0301te\u0301 organise\u0301e, le 21 octobre, a\u0300 Pointe-Noire sur le the\u0300m ...\",\"breadcrumb\":{\"@id\":\"https:\/\/www.africa-press.net\/congo-brazzaville\/toutes-les-actualites\/protection-des-enfants-des-echanges-sur-lencadrement-de-la-progeniture#breadcrumb\"},\"inLanguage\":\"fr-FR\",\"potentialAction\":[{\"@type\":\"ReadAction\",\"target\":[\"https:\/\/www.africa-press.net\/congo-brazzaville\/toutes-les-actualites\/protection-des-enfants-des-echanges-sur-lencadrement-de-la-progeniture\"]}]},{\"@type\":\"ImageObject\",\"inLanguage\":\"fr-FR\",\"@id\":\"https:\/\/www.africa-press.net\/congo-brazzaville\/toutes-les-actualites\/protection-des-enfants-des-echanges-sur-lencadrement-de-la-progeniture#primaryimage\",\"url\":\"https:\/\/static.africa-press.net\/congo-brazzaville\/sites\/51\/2023\/10\/sm_1698177474.0038.jpg\",\"contentUrl\":\"https:\/\/static.africa-press.net\/congo-brazzaville\/sites\/51\/2023\/10\/sm_1698177474.0038.jpg\",\"width\":1536,\"height\":768,\"caption\":\"Protection des enfants : des \u00e9changes sur l'encadrement de la prog\u00e9niture\"},{\"@type\":\"BreadcrumbList\",\"@id\":\"https:\/\/www.africa-press.net\/congo-brazzaville\/toutes-les-actualites\/protection-des-enfants-des-echanges-sur-lencadrement-de-la-progeniture#breadcrumb\",\"itemListElement\":[{\"@type\":\"ListItem\",\"position\":1,\"name\":\"Accueil\",\"item\":\"https:\/\/www.africa-press.net\/congo-brazzaville\/\"},{\"@type\":\"ListItem\",\"position\":2,\"name\":\"Protection des enfants : des \u00e9changes sur l&#8217;encadrement de la prog\u00e9niture\"}]},{\"@type\":\"WebSite\",\"@id\":\"https:\/\/www.africa-press.net\/congo-brazzaville\/#website\",\"url\":\"https:\/\/www.africa-press.net\/congo-brazzaville\/\",\"name\":\"Congo Brazzaville\",\"description\":\"Just another Africa News Agency Sites site\",\"potentialAction\":[{\"@type\":\"SearchAction\",\"target\":{\"@type\":\"EntryPoint\",\"urlTemplate\":\"https:\/\/www.africa-press.net\/congo-brazzaville\/?s={search_term_string}\"},\"query-input\":{\"@type\":\"PropertyValueSpecification\",\"valueRequired\":true,\"valueName\":\"search_term_string\"}}],\"inLanguage\":\"fr-FR\"},{\"@type\":\"Person\",\"@id\":\"https:\/\/www.africa-press.net\/congo-brazzaville\/#\/schema\/person\/2b1cf3cd81a31e3cd26889ca66d677f1\",\"name\":\"cfeditorfr\"}]}<\/script>\n<!-- \/ Yoast SEO Premium plugin. -->","yoast_head_json":{"title":"Protection des enfants : des \u00e9changes sur l'encadrement de la prog\u00e9niture - Congo Brazzaville","description":"Une confe\u0301rence-de\u0301bat initie\u0301e par le magazine Mwana a e\u0301te\u0301 organise\u0301e, le 21 octobre, a\u0300 Pointe-Noire sur le the\u0300m ...","robots":{"index":"index","follow":"follow","max-snippet":"max-snippet:-1","max-image-preview":"max-image-preview:large","max-video-preview":"max-video-preview:-1"},"canonical":"https:\/\/www.africa-press.net\/congo-brazzaville\/toutes-les-actualites\/protection-des-enfants-des-echanges-sur-lencadrement-de-la-progeniture","og_locale":"fr_FR","og_type":"article","og_title":"Protection des enfants : des \u00e9changes sur l'encadrement de la prog\u00e9niture","og_description":"Une confe\u0301rence-de\u0301bat initie\u0301e par le magazine Mwana a e\u0301te\u0301 organise\u0301e, le 21 octobre, a\u0300 Pointe-Noire sur le the\u0300m ...","og_url":"https:\/\/www.africa-press.net\/congo-brazzaville\/toutes-les-actualites\/protection-des-enfants-des-echanges-sur-lencadrement-de-la-progeniture","og_site_name":"Congo Brazzaville","article_published_time":"2023-10-24T22:58:26+00:00","article_modified_time":"2023-10-24T23:30:27+00:00","og_image":[{"width":1536,"height":768,"url":"https:\/\/static.africa-press.net\/congo-brazzaville\/sites\/51\/2023\/10\/sm_1698177474.0038.jpg","type":"image\/jpeg"}],"author":"cfeditorfr","twitter_card":"summary_large_image","twitter_misc":{"\u00c9crit par":"cfeditorfr","Dur\u00e9e de lecture estim\u00e9e":"3 minutes"},"schema":{"@context":"https:\/\/schema.org","@graph":[{"@type":"Article","@id":"https:\/\/www.africa-press.net\/congo-brazzaville\/toutes-les-actualites\/protection-des-enfants-des-echanges-sur-lencadrement-de-la-progeniture#article","isPartOf":{"@id":"https:\/\/www.africa-press.net\/congo-brazzaville\/toutes-les-actualites\/protection-des-enfants-des-echanges-sur-lencadrement-de-la-progeniture"},"author":{"name":"cfeditorfr","@id":"https:\/\/www.africa-press.net\/congo-brazzaville\/#\/schema\/person\/2b1cf3cd81a31e3cd26889ca66d677f1"},"headline":"Protection des enfants : des \u00e9changes sur l&rsquo;encadrement de la prog\u00e9niture","datePublished":"2023-10-24T22:58:26+00:00","dateModified":"2023-10-24T23:30:27+00:00","mainEntityOfPage":{"@id":"https:\/\/www.africa-press.net\/congo-brazzaville\/toutes-les-actualites\/protection-des-enfants-des-echanges-sur-lencadrement-de-la-progeniture"},"wordCount":710,"commentCount":0,"image":{"@id":"https:\/\/www.africa-press.net\/congo-brazzaville\/toutes-les-actualites\/protection-des-enfants-des-echanges-sur-lencadrement-de-la-progeniture#primaryimage"},"thumbnailUrl":"https:\/\/static.africa-press.net\/congo-brazzaville\/sites\/51\/2023\/10\/sm_1698177474.0038.jpg","keywords":["Africa Press","Africa Press-Congo Brazzaville","Congo Brazzaville"],"articleSection":["Communaut\u00e9","Toutes les actualit\u00e9s"],"inLanguage":"fr-FR","potentialAction":[{"@type":"CommentAction","name":"Comment","target":["https:\/\/www.africa-press.net\/congo-brazzaville\/toutes-les-actualites\/protection-des-enfants-des-echanges-sur-lencadrement-de-la-progeniture#respond"]}]},{"@type":"WebPage","@id":"https:\/\/www.africa-press.net\/congo-brazzaville\/toutes-les-actualites\/protection-des-enfants-des-echanges-sur-lencadrement-de-la-progeniture","url":"https:\/\/www.africa-press.net\/congo-brazzaville\/toutes-les-actualites\/protection-des-enfants-des-echanges-sur-lencadrement-de-la-progeniture","name":"Protection des enfants : des \u00e9changes sur l'encadrement de la prog\u00e9niture - Congo Brazzaville","isPartOf":{"@id":"https:\/\/www.africa-press.net\/congo-brazzaville\/#website"},"primaryImageOfPage":{"@id":"https:\/\/www.africa-press.net\/congo-brazzaville\/toutes-les-actualites\/protection-des-enfants-des-echanges-sur-lencadrement-de-la-progeniture#primaryimage"},"image":{"@id":"https:\/\/www.africa-press.net\/congo-brazzaville\/toutes-les-actualites\/protection-des-enfants-des-echanges-sur-lencadrement-de-la-progeniture#primaryimage"},"thumbnailUrl":"https:\/\/static.africa-press.net\/congo-brazzaville\/sites\/51\/2023\/10\/sm_1698177474.0038.jpg","datePublished":"2023-10-24T22:58:26+00:00","dateModified":"2023-10-24T23:30:27+00:00","author":{"@id":"https:\/\/www.africa-press.net\/congo-brazzaville\/#\/schema\/person\/2b1cf3cd81a31e3cd26889ca66d677f1"},"description":"Une confe\u0301rence-de\u0301bat initie\u0301e par le magazine Mwana a e\u0301te\u0301 organise\u0301e, le 21 octobre, a\u0300 Pointe-Noire sur le the\u0300m ...","breadcrumb":{"@id":"https:\/\/www.africa-press.net\/congo-brazzaville\/toutes-les-actualites\/protection-des-enfants-des-echanges-sur-lencadrement-de-la-progeniture#breadcrumb"},"inLanguage":"fr-FR","potentialAction":[{"@type":"ReadAction","target":["https:\/\/www.africa-press.net\/congo-brazzaville\/toutes-les-actualites\/protection-des-enfants-des-echanges-sur-lencadrement-de-la-progeniture"]}]},{"@type":"ImageObject","inLanguage":"fr-FR","@id":"https:\/\/www.africa-press.net\/congo-brazzaville\/toutes-les-actualites\/protection-des-enfants-des-echanges-sur-lencadrement-de-la-progeniture#primaryimage","url":"https:\/\/static.africa-press.net\/congo-brazzaville\/sites\/51\/2023\/10\/sm_1698177474.0038.jpg","contentUrl":"https:\/\/static.africa-press.net\/congo-brazzaville\/sites\/51\/2023\/10\/sm_1698177474.0038.jpg","width":1536,"height":768,"caption":"Protection des enfants : des \u00e9changes sur l'encadrement de la prog\u00e9niture"},{"@type":"BreadcrumbList","@id":"https:\/\/www.africa-press.net\/congo-brazzaville\/toutes-les-actualites\/protection-des-enfants-des-echanges-sur-lencadrement-de-la-progeniture#breadcrumb","itemListElement":[{"@type":"ListItem","position":1,"name":"Accueil","item":"https:\/\/www.africa-press.net\/congo-brazzaville\/"},{"@type":"ListItem","position":2,"name":"Protection des enfants : des \u00e9changes sur l&#8217;encadrement de la prog\u00e9niture"}]},{"@type":"WebSite","@id":"https:\/\/www.africa-press.net\/congo-brazzaville\/#website","url":"https:\/\/www.africa-press.net\/congo-brazzaville\/","name":"Congo Brazzaville","description":"Just another Africa News Agency Sites site","potentialAction":[{"@type":"SearchAction","target":{"@type":"EntryPoint","urlTemplate":"https:\/\/www.africa-press.net\/congo-brazzaville\/?s={search_term_string}"},"query-input":{"@type":"PropertyValueSpecification","valueRequired":true,"valueName":"search_term_string"}}],"inLanguage":"fr-FR"},{"@type":"Person","@id":"https:\/\/www.africa-press.net\/congo-brazzaville\/#\/schema\/person\/2b1cf3cd81a31e3cd26889ca66d677f1","name":"cfeditorfr"}]}},"_links":{"self":[{"href":"https:\/\/www.africa-press.net\/congo-brazzaville\/wp-json\/wp\/v2\/posts\/23458","targetHints":{"allow":["GET"]}}],"collection":[{"href":"https:\/\/www.africa-press.net\/congo-brazzaville\/wp-json\/wp\/v2\/posts"}],"about":[{"href":"https:\/\/www.africa-press.net\/congo-brazzaville\/wp-json\/wp\/v2\/types\/post"}],"author":[{"embeddable":true,"href":"https:\/\/www.africa-press.net\/congo-brazzaville\/wp-json\/wp\/v2\/users\/82"}],"replies":[{"embeddable":true,"href":"https:\/\/www.africa-press.net\/congo-brazzaville\/wp-json\/wp\/v2\/comments?post=23458"}],"version-history":[{"count":0,"href":"https:\/\/www.africa-press.net\/congo-brazzaville\/wp-json\/wp\/v2\/posts\/23458\/revisions"}],"wp:featuredmedia":[{"embeddable":true,"href":"https:\/\/www.africa-press.net\/congo-brazzaville\/wp-json\/wp\/v2\/media\/23457"}],"wp:attachment":[{"href":"https:\/\/www.africa-press.net\/congo-brazzaville\/wp-json\/wp\/v2\/media?parent=23458"}],"wp:term":[{"taxonomy":"category","embeddable":true,"href":"https:\/\/www.africa-press.net\/congo-brazzaville\/wp-json\/wp\/v2\/categories?post=23458"},{"taxonomy":"post_tag","embeddable":true,"href":"https:\/\/www.africa-press.net\/congo-brazzaville\/wp-json\/wp\/v2\/tags?post=23458"}],"curies":[{"name":"wp","href":"https:\/\/api.w.org\/{rel}","templated":true}]}}