{"id":23464,"date":"2023-10-24T22:58:44","date_gmt":"2023-10-24T22:58:44","guid":{"rendered":"https:\/\/www.africa-press.net\/congo-brazzaville\/politique\/pme-les-formateurs-outilles-pour-laccompagnement-des-entrepreneurs"},"modified":"2023-10-24T23:30:54","modified_gmt":"2023-10-24T23:30:54","slug":"pme-les-formateurs-outilles-pour-laccompagnement-des-entrepreneurs","status":"publish","type":"post","link":"https:\/\/www.africa-press.net\/congo-brazzaville\/economie\/pme-les-formateurs-outilles-pour-laccompagnement-des-entrepreneurs","title":{"rendered":"PME : les formateurs outill\u00e9s pour l\u2019accompagnement des entrepreneurs"},"content":{"rendered":"<p><span style=\"color: #ff6600\"><strong>Africa-Press &#8211; Congo Brazzaville. <\/strong><\/span><b>Apre\u0300s la formation des formateurs au programme \u2018\u2019Ge\u0301rez mieux votre entreprise\u2019\u2019 (Germe) du Bureau international du travail (BIT) pour leur certification, ces derniers sont attendus sur le terrain pour ame\u0301liorer l\u2019offre des services aux entrepreneurs et porteurs de projets. <\/b><\/p>\n<p>\u00ab La certification a\u0300 laquelle a abouti ce processus n\u2019est en effet qu\u2019une e\u0301tape. Les formateurs a\u0300 travers ces deux outils peuvent de\u0300s a\u0300 pre\u0301sent accompagner les entrepreneurs potentiels a\u0300 ge\u0301ne\u0301rer des ide\u0301es, a\u0300 re\u0301diger leurs plans d\u2019affaires et a\u0300 cre\u0301er leurs entreprises \u00bb, a fait savoir la ministre des Petites et moyennes entreprises et de l\u2019Artisanat, Jacqueline Lydia Mikolo, clo\u0302turant les travaux de la formation des formateurs au programme Germe, le 23 octobre, a\u0300 Brazzaville.<\/p>\n<p>Cette formation a permis aux cadres des structures sous tutelle du ministe\u0300re, notamment ceux de l\u2019Agence de de\u0301veloppement de tre\u0300s petites, petites et moyennes entreprises (ADPME) a\u0300 maitriser les outils du programme Germe sur plusieurs modules, entre autres, \u2018\u2019 Trouver votre ide\u0301e d\u2019entreprise\u2019\u2019 ; \u2018\u2019Ge\u0301rez mieux votre entreprise\u2019\u2019. \u00ab La fin de cette formation est le point de de\u0301part qui permettra de mettre en place nos projets. Les connaissances acquises, en effet, nous aideront a\u0300 ame\u0301liorer la qualite\u0301 de nos produits et services \u00bb, a indique\u0301 Nature Mandzila donnant lecture du mot des participants a\u0300 la formation.<\/p>\n<p>Selon Gloria Ondako Oket, repre\u0301sentant de l\u2019Organisation internationale du travail(OIT), a\u0300 ce jour, le Congo a forme\u0301 cinquante-quatre jeunes en cre\u0301ation d\u2019entreprises se\u0301lectionne\u0301s par les formateurs de l\u2019ADPME. Elle a, par ailleurs, e\u0301voque\u0301 les recommandations issues de cette formation. Il s\u2019agit notamment d\u2019organiser la formation d\u2019une nouvelle cohorte pour mieux re\u0301pondre a\u0300 la demande de formation en cre\u0301ation d\u2019entreprise et gestion d\u2019entreprise ; mettre en place un re\u0301seau national des acteurs Germe qui doit pe\u0301renniser l\u2019\u0153uvre ; assurer la formation des formateurs sur les produits Germe niveau 1 pour comple\u0301ter leur certification&#8230; \u00ab Nous voudrions vous assurer la de\u0301termination de l\u2019OIT a\u0300 tout mettre en \u0153uvre pour accompagner le gouvernement dans la promotion et la cre\u0301ation d\u2019emplois contribuant a\u0300 la croissance e\u0301conomique \u00bb, a-t-elle fait savoir.<\/p>\n<p>A en croire la ministre Jacqueline Lydia Mikolo, apre\u0300s cette session de formation, il faut continuer a\u0300 travailler pour boucler le processus et disposer a\u0300 terme des mai\u0302tres formateurs seniors afin d\u2019inte\u0301rioriser Germe comme moyen d\u2019accompagnement a\u0300 l\u2019entrepreneuriat a\u0300 l\u2019image d\u2019autres pays ayant adopte\u0301 cette me\u0301thodologie.<\/p>\n\r\n                <style type=\"text\/css\">\r\n                    \r\n                    #td_uid_1_69f2bdc2cfd06  .td-doubleSlider-2 .td-item1 {\r\n                        background: url(https:\/\/static.africa-press.net\/congo-brazzaville\/sites\/51\/2023\/10\/sm_1698177507.001723-80x60.jpg) 0 0 no-repeat;\r\n                    }\r\n                    #td_uid_1_69f2bdc2cfd06  .td-doubleSlider-2 .td-item2 {\r\n                        background: url(https:\/\/static.africa-press.net\/congo-brazzaville\/sites\/51\/2023\/10\/sm_1698177517.27895-80x60.jpg) 0 0 no-repeat;\r\n                    }\r\n                <\/style>\r\n\r\n                <div id=\"td_uid_1_69f2bdc2cfd06\" class=\"td-gallery td-slide-on-2-columns\">\r\n                    <div class=\"post_td_gallery\">\r\n                        <div class=\"td-gallery-slide-top\">\r\n                           <div class=\"td-gallery-title\"><\/div>\r\n\r\n                            <div class=\"td-gallery-controls-wrapper\">\r\n                                <div class=\"td-gallery-slide-count\"><span class=\"td-gallery-slide-item-focus\">1<\/span> de 2<\/div>\r\n                                <div class=\"td-gallery-slide-prev-next-but\">\r\n                                    <i class = \"td-icon-left doubleSliderPrevButton\"><\/i>\r\n                                    <i class = \"td-icon-right doubleSliderNextButton\"><\/i>\r\n                                <\/div>\r\n                            <\/div>\r\n                        <\/div>\r\n\r\n                        <div class = \"td-doubleSlider-1 \">\r\n                            <div class = \"td-slider\">\r\n                                \r\n                    <div class = \"td-slide-item td-item1\">\r\n                        <figure class=\"td-slide-galery-figure td-slide-popup-gallery\">\r\n                            <a class=\"slide-gallery-image-link\" href=\"https:\/\/static.africa-press.net\/congo-brazzaville\/sites\/51\/2023\/10\/sm_1698177507.001723.jpg\" title=\"sm_1698177507.001723\"  data-caption=\"\"  data-description=\"\">\r\n                                <img decoding=\"async\" src=\"https:\/\/static.africa-press.net\/congo-brazzaville\/sites\/51\/2023\/10\/sm_1698177507.001723.jpg\" srcset=\"https:\/\/static.africa-press.net\/congo-brazzaville\/sites\/51\/2023\/10\/sm_1698177507.001723.jpg 1152w, https:\/\/static.africa-press.net\/congo-brazzaville\/sites\/51\/2023\/10\/sm_1698177507.001723-300x200.jpg 300w, https:\/\/static.africa-press.net\/congo-brazzaville\/sites\/51\/2023\/10\/sm_1698177507.001723-1024x683.jpg 1024w, https:\/\/static.africa-press.net\/congo-brazzaville\/sites\/51\/2023\/10\/sm_1698177507.001723-768x512.jpg 768w\" sizes=\"(max-width: 1152px) 100vw, 1152px\" alt=\"\">\r\n                            <\/a>\r\n                            \r\n                        <\/figure>\r\n                    <\/div>\r\n                    <div class = \"td-slide-item td-item2\">\r\n                        <figure class=\"td-slide-galery-figure td-slide-popup-gallery\">\r\n                            <a class=\"slide-gallery-image-link\" href=\"https:\/\/static.africa-press.net\/congo-brazzaville\/sites\/51\/2023\/10\/sm_1698177517.27895.jpg\" title=\"sm_1698177517.27895\"  data-caption=\"\"  data-description=\"\">\r\n                                <img decoding=\"async\" src=\"https:\/\/static.africa-press.net\/congo-brazzaville\/sites\/51\/2023\/10\/sm_1698177517.27895.jpg\" srcset=\"https:\/\/static.africa-press.net\/congo-brazzaville\/sites\/51\/2023\/10\/sm_1698177517.27895.jpg 1152w, https:\/\/static.africa-press.net\/congo-brazzaville\/sites\/51\/2023\/10\/sm_1698177517.27895-300x200.jpg 300w, https:\/\/static.africa-press.net\/congo-brazzaville\/sites\/51\/2023\/10\/sm_1698177517.27895-1024x683.jpg 1024w, https:\/\/static.africa-press.net\/congo-brazzaville\/sites\/51\/2023\/10\/sm_1698177517.27895-768x512.jpg 768w\" sizes=\"(max-width: 1152px) 100vw, 1152px\" alt=\"\">\r\n                            <\/a>\r\n                            \r\n                        <\/figure>\r\n                    <\/div>\r\n                            <\/div>\r\n                        <\/div>\r\n\r\n                        <div class = \"td-doubleSlider-2\">\r\n                            <div class = \"td-slider\">\r\n                                \r\n                    <div class = \"td-button td-item1\">\r\n                        <div class = \"td-border\"><\/div>\r\n                    <\/div>\r\n                    <div class = \"td-button td-item2\">\r\n                        <div class = \"td-border\"><\/div>\r\n                    <\/div>\r\n                            <\/div>\r\n                        <\/div>\r\n\r\n                    <\/div>\r\n\r\n                <\/div>\r\n                \n<p><strong>Pour plus d&rsquo;informations et d&rsquo;analyses sur la <a href=\"https:\/\/www.africa-press.net\/congo-brazzaville\">Congo Brazzaville<\/a>, suivez <a href=\"https:\/\/www.africa-press.net\/\">Africa-Press<\/a><\/strong><\/p>\n","protected":false},"excerpt":{"rendered":"<p>Africa-Press &#8211; Congo Brazzaville. Apre\u0300s la formation des formateurs au programme \u2018\u2019Ge\u0301rez mieux votre entreprise\u2019\u2019 (Germe) du Bureau international du travail (BIT) pour leur certification, ces derniers sont attendus sur le terrain pour ame\u0301liorer l\u2019offre des services aux entrepreneurs et porteurs de projets. \u00ab La certification a\u0300 laquelle a abouti ce processus n\u2019est en effet [&hellip;]<\/p>\n","protected":false},"author":82,"featured_media":23463,"comment_status":"open","ping_status":"closed","sticky":false,"template":"","format":"standard","meta":{"footnotes":""},"categories":[3,8,10],"tags":[36,47,46],"class_list":["post-23464","post","type-post","status-publish","format-standard","has-post-thumbnail","hentry","category-economie","category-photo","category-toutes-les-actualites","tag-africa-press","tag-africa-press-congo-brazzaville","tag-congo-brazzaville"],"yoast_head":"<!-- This site is optimized with the Yoast SEO Premium plugin v26.1 (Yoast SEO v27.0) - https:\/\/yoast.com\/product\/yoast-seo-premium-wordpress\/ -->\n<title>PME : les formateurs outill\u00e9s pour l\u2019accompagnement des entrepreneurs - Congo Brazzaville<\/title>\n<meta name=\"description\" content=\"Apre\u0300s la formation des formateurs au programme \u2018\u2019Ge\u0301rez mieux votre entreprise\u2019\u2019 (Germe) du Bureau international du ...\" \/>\n<meta name=\"robots\" content=\"index, follow, max-snippet:-1, max-image-preview:large, max-video-preview:-1\" \/>\n<link rel=\"canonical\" href=\"https:\/\/www.africa-press.net\/congo-brazzaville\/economie\/pme-les-formateurs-outilles-pour-laccompagnement-des-entrepreneurs\" \/>\n<meta property=\"og:locale\" content=\"fr_FR\" \/>\n<meta property=\"og:type\" content=\"article\" \/>\n<meta property=\"og:title\" content=\"PME : les formateurs outill\u00e9s pour l\u2019accompagnement des entrepreneurs\" \/>\n<meta property=\"og:description\" content=\"Apre\u0300s la formation des formateurs au programme \u2018\u2019Ge\u0301rez mieux votre entreprise\u2019\u2019 (Germe) du Bureau international du ...\" \/>\n<meta property=\"og:url\" content=\"https:\/\/www.africa-press.net\/congo-brazzaville\/economie\/pme-les-formateurs-outilles-pour-laccompagnement-des-entrepreneurs\" \/>\n<meta property=\"og:site_name\" content=\"Congo Brazzaville\" \/>\n<meta property=\"article:published_time\" content=\"2023-10-24T22:58:44+00:00\" \/>\n<meta property=\"article:modified_time\" content=\"2023-10-24T23:30:54+00:00\" \/>\n<meta property=\"og:image\" content=\"https:\/\/static.africa-press.net\/congo-brazzaville\/sites\/51\/2023\/10\/sm_1698177530.788809.jpg\" \/>\n\t<meta property=\"og:image:width\" content=\"1152\" \/>\n\t<meta property=\"og:image:height\" content=\"768\" \/>\n\t<meta property=\"og:image:type\" content=\"image\/jpeg\" \/>\n<meta name=\"author\" content=\"cfeditorfr\" \/>\n<meta name=\"twitter:card\" content=\"summary_large_image\" \/>\n<meta name=\"twitter:label1\" content=\"\u00c9crit par\" \/>\n\t<meta name=\"twitter:data1\" content=\"cfeditorfr\" \/>\n\t<meta name=\"twitter:label2\" content=\"Dur\u00e9e de lecture estim\u00e9e\" \/>\n\t<meta name=\"twitter:data2\" content=\"2 minutes\" \/>\n<script type=\"application\/ld+json\" class=\"yoast-schema-graph\">{\"@context\":\"https:\/\/schema.org\",\"@graph\":[{\"@type\":\"Article\",\"@id\":\"https:\/\/www.africa-press.net\/congo-brazzaville\/economie\/pme-les-formateurs-outilles-pour-laccompagnement-des-entrepreneurs#article\",\"isPartOf\":{\"@id\":\"https:\/\/www.africa-press.net\/congo-brazzaville\/economie\/pme-les-formateurs-outilles-pour-laccompagnement-des-entrepreneurs\"},\"author\":{\"name\":\"cfeditorfr\",\"@id\":\"https:\/\/www.africa-press.net\/congo-brazzaville\/#\/schema\/person\/2b1cf3cd81a31e3cd26889ca66d677f1\"},\"headline\":\"PME : les formateurs outill\u00e9s pour l\u2019accompagnement des entrepreneurs\",\"datePublished\":\"2023-10-24T22:58:44+00:00\",\"dateModified\":\"2023-10-24T23:30:54+00:00\",\"mainEntityOfPage\":{\"@id\":\"https:\/\/www.africa-press.net\/congo-brazzaville\/economie\/pme-les-formateurs-outilles-pour-laccompagnement-des-entrepreneurs\"},\"wordCount\":469,\"commentCount\":0,\"image\":{\"@id\":\"https:\/\/www.africa-press.net\/congo-brazzaville\/economie\/pme-les-formateurs-outilles-pour-laccompagnement-des-entrepreneurs#primaryimage\"},\"thumbnailUrl\":\"https:\/\/static.africa-press.net\/congo-brazzaville\/sites\/51\/2023\/10\/sm_1698177530.788809.jpg\",\"keywords\":[\"Africa Press\",\"Africa Press-Congo Brazzaville\",\"Congo Brazzaville\"],\"articleSection\":[\"\u00c9conomie\",\"Photo\",\"Toutes les actualit\u00e9s\"],\"inLanguage\":\"fr-FR\",\"potentialAction\":[{\"@type\":\"CommentAction\",\"name\":\"Comment\",\"target\":[\"https:\/\/www.africa-press.net\/congo-brazzaville\/economie\/pme-les-formateurs-outilles-pour-laccompagnement-des-entrepreneurs#respond\"]}]},{\"@type\":\"WebPage\",\"@id\":\"https:\/\/www.africa-press.net\/congo-brazzaville\/economie\/pme-les-formateurs-outilles-pour-laccompagnement-des-entrepreneurs\",\"url\":\"https:\/\/www.africa-press.net\/congo-brazzaville\/economie\/pme-les-formateurs-outilles-pour-laccompagnement-des-entrepreneurs\",\"name\":\"PME : les formateurs outill\u00e9s pour l\u2019accompagnement des entrepreneurs - Congo Brazzaville\",\"isPartOf\":{\"@id\":\"https:\/\/www.africa-press.net\/congo-brazzaville\/#website\"},\"primaryImageOfPage\":{\"@id\":\"https:\/\/www.africa-press.net\/congo-brazzaville\/economie\/pme-les-formateurs-outilles-pour-laccompagnement-des-entrepreneurs#primaryimage\"},\"image\":{\"@id\":\"https:\/\/www.africa-press.net\/congo-brazzaville\/economie\/pme-les-formateurs-outilles-pour-laccompagnement-des-entrepreneurs#primaryimage\"},\"thumbnailUrl\":\"https:\/\/static.africa-press.net\/congo-brazzaville\/sites\/51\/2023\/10\/sm_1698177530.788809.jpg\",\"datePublished\":\"2023-10-24T22:58:44+00:00\",\"dateModified\":\"2023-10-24T23:30:54+00:00\",\"author\":{\"@id\":\"https:\/\/www.africa-press.net\/congo-brazzaville\/#\/schema\/person\/2b1cf3cd81a31e3cd26889ca66d677f1\"},\"description\":\"Apre\u0300s la formation des formateurs au programme \u2018\u2019Ge\u0301rez mieux votre entreprise\u2019\u2019 (Germe) du Bureau international du ...\",\"breadcrumb\":{\"@id\":\"https:\/\/www.africa-press.net\/congo-brazzaville\/economie\/pme-les-formateurs-outilles-pour-laccompagnement-des-entrepreneurs#breadcrumb\"},\"inLanguage\":\"fr-FR\",\"potentialAction\":[{\"@type\":\"ReadAction\",\"target\":[\"https:\/\/www.africa-press.net\/congo-brazzaville\/economie\/pme-les-formateurs-outilles-pour-laccompagnement-des-entrepreneurs\"]}]},{\"@type\":\"ImageObject\",\"inLanguage\":\"fr-FR\",\"@id\":\"https:\/\/www.africa-press.net\/congo-brazzaville\/economie\/pme-les-formateurs-outilles-pour-laccompagnement-des-entrepreneurs#primaryimage\",\"url\":\"https:\/\/static.africa-press.net\/congo-brazzaville\/sites\/51\/2023\/10\/sm_1698177530.788809.jpg\",\"contentUrl\":\"https:\/\/static.africa-press.net\/congo-brazzaville\/sites\/51\/2023\/10\/sm_1698177530.788809.jpg\",\"width\":1152,\"height\":768,\"caption\":\"PME : les formateurs outill\u00e9s pour l\u2019accompagnement des entrepreneurs\"},{\"@type\":\"BreadcrumbList\",\"@id\":\"https:\/\/www.africa-press.net\/congo-brazzaville\/economie\/pme-les-formateurs-outilles-pour-laccompagnement-des-entrepreneurs#breadcrumb\",\"itemListElement\":[{\"@type\":\"ListItem\",\"position\":1,\"name\":\"Accueil\",\"item\":\"https:\/\/www.africa-press.net\/congo-brazzaville\/\"},{\"@type\":\"ListItem\",\"position\":2,\"name\":\"PME : les formateurs outill\u00e9s pour l\u2019accompagnement des entrepreneurs\"}]},{\"@type\":\"WebSite\",\"@id\":\"https:\/\/www.africa-press.net\/congo-brazzaville\/#website\",\"url\":\"https:\/\/www.africa-press.net\/congo-brazzaville\/\",\"name\":\"Congo Brazzaville\",\"description\":\"Just another Africa News Agency Sites site\",\"potentialAction\":[{\"@type\":\"SearchAction\",\"target\":{\"@type\":\"EntryPoint\",\"urlTemplate\":\"https:\/\/www.africa-press.net\/congo-brazzaville\/?s={search_term_string}\"},\"query-input\":{\"@type\":\"PropertyValueSpecification\",\"valueRequired\":true,\"valueName\":\"search_term_string\"}}],\"inLanguage\":\"fr-FR\"},{\"@type\":\"Person\",\"@id\":\"https:\/\/www.africa-press.net\/congo-brazzaville\/#\/schema\/person\/2b1cf3cd81a31e3cd26889ca66d677f1\",\"name\":\"cfeditorfr\"}]}<\/script>\n<!-- \/ Yoast SEO Premium plugin. -->","yoast_head_json":{"title":"PME : les formateurs outill\u00e9s pour l\u2019accompagnement des entrepreneurs - Congo Brazzaville","description":"Apre\u0300s la formation des formateurs au programme \u2018\u2019Ge\u0301rez mieux votre entreprise\u2019\u2019 (Germe) du Bureau international du ...","robots":{"index":"index","follow":"follow","max-snippet":"max-snippet:-1","max-image-preview":"max-image-preview:large","max-video-preview":"max-video-preview:-1"},"canonical":"https:\/\/www.africa-press.net\/congo-brazzaville\/economie\/pme-les-formateurs-outilles-pour-laccompagnement-des-entrepreneurs","og_locale":"fr_FR","og_type":"article","og_title":"PME : les formateurs outill\u00e9s pour l\u2019accompagnement des entrepreneurs","og_description":"Apre\u0300s la formation des formateurs au programme \u2018\u2019Ge\u0301rez mieux votre entreprise\u2019\u2019 (Germe) du Bureau international du ...","og_url":"https:\/\/www.africa-press.net\/congo-brazzaville\/economie\/pme-les-formateurs-outilles-pour-laccompagnement-des-entrepreneurs","og_site_name":"Congo Brazzaville","article_published_time":"2023-10-24T22:58:44+00:00","article_modified_time":"2023-10-24T23:30:54+00:00","og_image":[{"width":1152,"height":768,"url":"https:\/\/static.africa-press.net\/congo-brazzaville\/sites\/51\/2023\/10\/sm_1698177530.788809.jpg","type":"image\/jpeg"}],"author":"cfeditorfr","twitter_card":"summary_large_image","twitter_misc":{"\u00c9crit par":"cfeditorfr","Dur\u00e9e de lecture estim\u00e9e":"2 minutes"},"schema":{"@context":"https:\/\/schema.org","@graph":[{"@type":"Article","@id":"https:\/\/www.africa-press.net\/congo-brazzaville\/economie\/pme-les-formateurs-outilles-pour-laccompagnement-des-entrepreneurs#article","isPartOf":{"@id":"https:\/\/www.africa-press.net\/congo-brazzaville\/economie\/pme-les-formateurs-outilles-pour-laccompagnement-des-entrepreneurs"},"author":{"name":"cfeditorfr","@id":"https:\/\/www.africa-press.net\/congo-brazzaville\/#\/schema\/person\/2b1cf3cd81a31e3cd26889ca66d677f1"},"headline":"PME : les formateurs outill\u00e9s pour l\u2019accompagnement des entrepreneurs","datePublished":"2023-10-24T22:58:44+00:00","dateModified":"2023-10-24T23:30:54+00:00","mainEntityOfPage":{"@id":"https:\/\/www.africa-press.net\/congo-brazzaville\/economie\/pme-les-formateurs-outilles-pour-laccompagnement-des-entrepreneurs"},"wordCount":469,"commentCount":0,"image":{"@id":"https:\/\/www.africa-press.net\/congo-brazzaville\/economie\/pme-les-formateurs-outilles-pour-laccompagnement-des-entrepreneurs#primaryimage"},"thumbnailUrl":"https:\/\/static.africa-press.net\/congo-brazzaville\/sites\/51\/2023\/10\/sm_1698177530.788809.jpg","keywords":["Africa Press","Africa Press-Congo Brazzaville","Congo Brazzaville"],"articleSection":["\u00c9conomie","Photo","Toutes les actualit\u00e9s"],"inLanguage":"fr-FR","potentialAction":[{"@type":"CommentAction","name":"Comment","target":["https:\/\/www.africa-press.net\/congo-brazzaville\/economie\/pme-les-formateurs-outilles-pour-laccompagnement-des-entrepreneurs#respond"]}]},{"@type":"WebPage","@id":"https:\/\/www.africa-press.net\/congo-brazzaville\/economie\/pme-les-formateurs-outilles-pour-laccompagnement-des-entrepreneurs","url":"https:\/\/www.africa-press.net\/congo-brazzaville\/economie\/pme-les-formateurs-outilles-pour-laccompagnement-des-entrepreneurs","name":"PME : les formateurs outill\u00e9s pour l\u2019accompagnement des entrepreneurs - Congo Brazzaville","isPartOf":{"@id":"https:\/\/www.africa-press.net\/congo-brazzaville\/#website"},"primaryImageOfPage":{"@id":"https:\/\/www.africa-press.net\/congo-brazzaville\/economie\/pme-les-formateurs-outilles-pour-laccompagnement-des-entrepreneurs#primaryimage"},"image":{"@id":"https:\/\/www.africa-press.net\/congo-brazzaville\/economie\/pme-les-formateurs-outilles-pour-laccompagnement-des-entrepreneurs#primaryimage"},"thumbnailUrl":"https:\/\/static.africa-press.net\/congo-brazzaville\/sites\/51\/2023\/10\/sm_1698177530.788809.jpg","datePublished":"2023-10-24T22:58:44+00:00","dateModified":"2023-10-24T23:30:54+00:00","author":{"@id":"https:\/\/www.africa-press.net\/congo-brazzaville\/#\/schema\/person\/2b1cf3cd81a31e3cd26889ca66d677f1"},"description":"Apre\u0300s la formation des formateurs au programme \u2018\u2019Ge\u0301rez mieux votre entreprise\u2019\u2019 (Germe) du Bureau international du ...","breadcrumb":{"@id":"https:\/\/www.africa-press.net\/congo-brazzaville\/economie\/pme-les-formateurs-outilles-pour-laccompagnement-des-entrepreneurs#breadcrumb"},"inLanguage":"fr-FR","potentialAction":[{"@type":"ReadAction","target":["https:\/\/www.africa-press.net\/congo-brazzaville\/economie\/pme-les-formateurs-outilles-pour-laccompagnement-des-entrepreneurs"]}]},{"@type":"ImageObject","inLanguage":"fr-FR","@id":"https:\/\/www.africa-press.net\/congo-brazzaville\/economie\/pme-les-formateurs-outilles-pour-laccompagnement-des-entrepreneurs#primaryimage","url":"https:\/\/static.africa-press.net\/congo-brazzaville\/sites\/51\/2023\/10\/sm_1698177530.788809.jpg","contentUrl":"https:\/\/static.africa-press.net\/congo-brazzaville\/sites\/51\/2023\/10\/sm_1698177530.788809.jpg","width":1152,"height":768,"caption":"PME : les formateurs outill\u00e9s pour l\u2019accompagnement des entrepreneurs"},{"@type":"BreadcrumbList","@id":"https:\/\/www.africa-press.net\/congo-brazzaville\/economie\/pme-les-formateurs-outilles-pour-laccompagnement-des-entrepreneurs#breadcrumb","itemListElement":[{"@type":"ListItem","position":1,"name":"Accueil","item":"https:\/\/www.africa-press.net\/congo-brazzaville\/"},{"@type":"ListItem","position":2,"name":"PME : les formateurs outill\u00e9s pour l\u2019accompagnement des entrepreneurs"}]},{"@type":"WebSite","@id":"https:\/\/www.africa-press.net\/congo-brazzaville\/#website","url":"https:\/\/www.africa-press.net\/congo-brazzaville\/","name":"Congo Brazzaville","description":"Just another Africa News Agency Sites site","potentialAction":[{"@type":"SearchAction","target":{"@type":"EntryPoint","urlTemplate":"https:\/\/www.africa-press.net\/congo-brazzaville\/?s={search_term_string}"},"query-input":{"@type":"PropertyValueSpecification","valueRequired":true,"valueName":"search_term_string"}}],"inLanguage":"fr-FR"},{"@type":"Person","@id":"https:\/\/www.africa-press.net\/congo-brazzaville\/#\/schema\/person\/2b1cf3cd81a31e3cd26889ca66d677f1","name":"cfeditorfr"}]}},"_links":{"self":[{"href":"https:\/\/www.africa-press.net\/congo-brazzaville\/wp-json\/wp\/v2\/posts\/23464","targetHints":{"allow":["GET"]}}],"collection":[{"href":"https:\/\/www.africa-press.net\/congo-brazzaville\/wp-json\/wp\/v2\/posts"}],"about":[{"href":"https:\/\/www.africa-press.net\/congo-brazzaville\/wp-json\/wp\/v2\/types\/post"}],"author":[{"embeddable":true,"href":"https:\/\/www.africa-press.net\/congo-brazzaville\/wp-json\/wp\/v2\/users\/82"}],"replies":[{"embeddable":true,"href":"https:\/\/www.africa-press.net\/congo-brazzaville\/wp-json\/wp\/v2\/comments?post=23464"}],"version-history":[{"count":0,"href":"https:\/\/www.africa-press.net\/congo-brazzaville\/wp-json\/wp\/v2\/posts\/23464\/revisions"}],"wp:featuredmedia":[{"embeddable":true,"href":"https:\/\/www.africa-press.net\/congo-brazzaville\/wp-json\/wp\/v2\/media\/23463"}],"wp:attachment":[{"href":"https:\/\/www.africa-press.net\/congo-brazzaville\/wp-json\/wp\/v2\/media?parent=23464"}],"wp:term":[{"taxonomy":"category","embeddable":true,"href":"https:\/\/www.africa-press.net\/congo-brazzaville\/wp-json\/wp\/v2\/categories?post=23464"},{"taxonomy":"post_tag","embeddable":true,"href":"https:\/\/www.africa-press.net\/congo-brazzaville\/wp-json\/wp\/v2\/tags?post=23464"}],"curies":[{"name":"wp","href":"https:\/\/api.w.org\/{rel}","templated":true}]}}