{"id":23467,"date":"2023-10-24T22:58:52","date_gmt":"2023-10-24T22:58:52","guid":{"rendered":"https:\/\/www.africa-press.net\/congo-brazzaville\/politique\/la-communaute-angolaise-de-pointe-noire-et-du-kouilou-se-dote-dun-nouveau-president"},"modified":"2023-10-24T23:31:06","modified_gmt":"2023-10-24T23:31:06","slug":"la-communaute-angolaise-de-pointe-noire-et-du-kouilou-se-dote-dun-nouveau-president","status":"publish","type":"post","link":"https:\/\/www.africa-press.net\/congo-brazzaville\/politique\/la-communaute-angolaise-de-pointe-noire-et-du-kouilou-se-dote-dun-nouveau-president","title":{"rendered":"la communaut\u00e9 angolaise de pointe-noire et du kouilou se dote d\u2019un nouveau pr\u00e9sident"},"content":{"rendered":"<p><span style=\"color: #ff6600\"><strong>Africa-Press &#8211; Congo Brazzaville. <\/strong><\/span><b>Le consul ge\u0301ne\u0301ral d\u2019Angola a\u0300 Pointe-Noire, Samuel Andrade Da Cunha a indique\u0301 le 21 octobre que l\u2019un des de\u0301fis de la nouvelle direction e\u0301lue e\u0301tait d\u2019organiser, d\u2019unir la communaute\u0301, de cre\u0301er des programmes et des projets pour la promotion des petites entreprises pour l\u2019achat et la vente des divers produits le\u0301gaux.<\/b><\/p>\n<p>Antonio Romario Kibinda Tumba a e\u0301te\u0301 e\u0301lu pre\u0301sident de la communaute\u0301 angolaise re\u0301sidente a\u0300 Pointe-Noire et au Kouilou lors de l\u2019assemble\u0301e ge\u0301ne\u0301rale des membres de cette communaute\u0301. Le Consul ge\u0301ne\u0301ral d\u2019Angola a profite\u0301 de l\u2019occasion pour annoncer son soutien a\u0300 la nouvelle e\u0301quipe dirigeante.<\/p>\n<p>\u00ab La nouvelle direction de la communaute\u0301 angolaise peut demander le soutien et le parrainage d\u2019entreprises base\u0301es a\u0300 Pointe-Noire mais ope\u0301rant e\u0301galement en Angola ou non, telles que les compagnies pe\u0301trolie\u0300res et autres, par le biais du consulat \u00bb, a souligne\u0301 Samuel Andrade Da Cunha, lors de la session extraordinaire de l\u2019assemble\u0301e ge\u0301ne\u0301rale e\u0301lective.<\/p>\n<p>Le diplomate angolais a appele\u0301 ses compatriotes a\u0300 de\u0301velopper un esprit entrepreneurial en vue de se prendre en charge. \u00ab En tant qu\u2019originaire du Cabinda, les membres de notre communaute\u0301 devraient e\u0302tre les proprie\u0301taires du commerce. Ce sont les de\u0301fis a\u0300 relever par la direction e\u0301lue \u00bb, a fait savoir le consul ge\u0301ne\u0301ral d\u2019Angola a\u0300 Pointe-Noire.<\/p>\n<p>Le nouveau pre\u0301sident e\u0301lu, Antonio Romario Kibinda Tumba, pour sa part a indique\u0301 qu\u2019il entendait organiser et unir la communaute\u0301 angolaise re\u0301sidente a\u0300 Pointe-Noire et au Kouilou en vue de cultiver l\u2019esprit du vivre ensemble.<\/p>\n<p>\u00ab J\u2019ai e\u0301te\u0301 e\u0301lu sur la base de la confiance et je ne me\u0301nagerai aucun effort pour renforcer les relations de coope\u0301ration entre la direction de la communaute\u0301 et le consulat pour soulager tant soi peu les attentes des angolais vivant a\u0300 Pointe-Noire et au Kouilou \u00bb, a-t-il pre\u0301cise\u0301.<\/p>\n<p>L session extraordinaire est intervenue 17 mois apre\u0300s le de\u0301ce\u0300s du pre\u0301sident sortant, Alexandre Tati. Cette nouvelle e\u0301quipe dirigeante, e\u0301lue pour 7 ans est compose\u0301e de 12 membres.<\/p>\n<p><strong>Pour plus d&rsquo;informations et d&rsquo;analyses sur la <a href=\"https:\/\/www.africa-press.net\/congo-brazzaville\">Congo Brazzaville<\/a>, suivez <a href=\"https:\/\/www.africa-press.net\/\">Africa-Press<\/a><\/strong><\/p>\n","protected":false},"excerpt":{"rendered":"<p>Africa-Press &#8211; Congo Brazzaville. Le consul ge\u0301ne\u0301ral d\u2019Angola a\u0300 Pointe-Noire, Samuel Andrade Da Cunha a indique\u0301 le 21 octobre que l\u2019un des de\u0301fis de la nouvelle direction e\u0301lue e\u0301tait d\u2019organiser, d\u2019unir la communaute\u0301, de cre\u0301er des programmes et des projets pour la promotion des petites entreprises pour l\u2019achat et la vente des divers produits le\u0301gaux. [&hellip;]<\/p>\n","protected":false},"author":82,"featured_media":23465,"comment_status":"open","ping_status":"closed","sticky":false,"template":"","format":"standard","meta":{"footnotes":""},"categories":[2,20,10],"tags":[36,47,46],"class_list":["post-23467","post","type-post","status-publish","format-standard","has-post-thumbnail","hentry","category-politique","category-top-nouvelles","category-toutes-les-actualites","tag-africa-press","tag-africa-press-congo-brazzaville","tag-congo-brazzaville"],"yoast_head":"<!-- This site is optimized with the Yoast SEO Premium plugin v26.1 (Yoast SEO v27.0) - https:\/\/yoast.com\/product\/yoast-seo-premium-wordpress\/ -->\n<title>la communaut\u00e9 angolaise de pointe-noire et du kouilou se dote d\u2019un nouveau pr\u00e9sident - Congo Brazzaville<\/title>\n<meta name=\"description\" content=\"Le consul ge\u0301ne\u0301ral d\u2019Angola a\u0300 Pointe-Noire, Samuel Andrade Da Cunha a indique\u0301 le 21 octobre que l\u2019un des de\u0301fis de ...\" \/>\n<meta name=\"robots\" content=\"index, follow, max-snippet:-1, max-image-preview:large, max-video-preview:-1\" \/>\n<link rel=\"canonical\" href=\"https:\/\/www.africa-press.net\/congo-brazzaville\/politique\/la-communaute-angolaise-de-pointe-noire-et-du-kouilou-se-dote-dun-nouveau-president\" \/>\n<meta property=\"og:locale\" content=\"fr_FR\" \/>\n<meta property=\"og:type\" content=\"article\" \/>\n<meta property=\"og:title\" content=\"la communaut\u00e9 angolaise de pointe-noire et du kouilou se dote d\u2019un nouveau pr\u00e9sident\" \/>\n<meta property=\"og:description\" content=\"Le consul ge\u0301ne\u0301ral d\u2019Angola a\u0300 Pointe-Noire, Samuel Andrade Da Cunha a indique\u0301 le 21 octobre que l\u2019un des de\u0301fis de ...\" \/>\n<meta property=\"og:url\" content=\"https:\/\/www.africa-press.net\/congo-brazzaville\/politique\/la-communaute-angolaise-de-pointe-noire-et-du-kouilou-se-dote-dun-nouveau-president\" \/>\n<meta property=\"og:site_name\" content=\"Congo Brazzaville\" \/>\n<meta property=\"article:published_time\" content=\"2023-10-24T22:58:52+00:00\" \/>\n<meta property=\"article:modified_time\" content=\"2023-10-24T23:31:06+00:00\" \/>\n<meta property=\"og:image\" content=\"https:\/\/static.africa-press.net\/congo-brazzaville\/sites\/51\/2023\/10\/sm_1698177543.975442.jpg\" \/>\n\t<meta property=\"og:image:width\" content=\"1220\" \/>\n\t<meta property=\"og:image:height\" content=\"445\" \/>\n\t<meta property=\"og:image:type\" content=\"image\/jpeg\" \/>\n<meta name=\"author\" content=\"cfeditorfr\" \/>\n<meta name=\"twitter:card\" content=\"summary_large_image\" \/>\n<meta name=\"twitter:label1\" content=\"\u00c9crit par\" \/>\n\t<meta name=\"twitter:data1\" content=\"cfeditorfr\" \/>\n\t<meta name=\"twitter:label2\" content=\"Dur\u00e9e de lecture estim\u00e9e\" \/>\n\t<meta name=\"twitter:data2\" content=\"2 minutes\" \/>\n<script type=\"application\/ld+json\" class=\"yoast-schema-graph\">{\"@context\":\"https:\/\/schema.org\",\"@graph\":[{\"@type\":\"Article\",\"@id\":\"https:\/\/www.africa-press.net\/congo-brazzaville\/politique\/la-communaute-angolaise-de-pointe-noire-et-du-kouilou-se-dote-dun-nouveau-president#article\",\"isPartOf\":{\"@id\":\"https:\/\/www.africa-press.net\/congo-brazzaville\/politique\/la-communaute-angolaise-de-pointe-noire-et-du-kouilou-se-dote-dun-nouveau-president\"},\"author\":{\"name\":\"cfeditorfr\",\"@id\":\"https:\/\/www.africa-press.net\/congo-brazzaville\/#\/schema\/person\/2b1cf3cd81a31e3cd26889ca66d677f1\"},\"headline\":\"la communaut\u00e9 angolaise de pointe-noire et du kouilou se dote d\u2019un nouveau pr\u00e9sident\",\"datePublished\":\"2023-10-24T22:58:52+00:00\",\"dateModified\":\"2023-10-24T23:31:06+00:00\",\"mainEntityOfPage\":{\"@id\":\"https:\/\/www.africa-press.net\/congo-brazzaville\/politique\/la-communaute-angolaise-de-pointe-noire-et-du-kouilou-se-dote-dun-nouveau-president\"},\"wordCount\":402,\"commentCount\":0,\"image\":{\"@id\":\"https:\/\/www.africa-press.net\/congo-brazzaville\/politique\/la-communaute-angolaise-de-pointe-noire-et-du-kouilou-se-dote-dun-nouveau-president#primaryimage\"},\"thumbnailUrl\":\"https:\/\/static.africa-press.net\/congo-brazzaville\/sites\/51\/2023\/10\/sm_1698177543.975442.jpg\",\"keywords\":[\"Africa Press\",\"Africa Press-Congo Brazzaville\",\"Congo Brazzaville\"],\"articleSection\":[\"Politique\",\"Top Nouvelles\",\"Toutes les actualit\u00e9s\"],\"inLanguage\":\"fr-FR\",\"potentialAction\":[{\"@type\":\"CommentAction\",\"name\":\"Comment\",\"target\":[\"https:\/\/www.africa-press.net\/congo-brazzaville\/politique\/la-communaute-angolaise-de-pointe-noire-et-du-kouilou-se-dote-dun-nouveau-president#respond\"]}]},{\"@type\":\"WebPage\",\"@id\":\"https:\/\/www.africa-press.net\/congo-brazzaville\/politique\/la-communaute-angolaise-de-pointe-noire-et-du-kouilou-se-dote-dun-nouveau-president\",\"url\":\"https:\/\/www.africa-press.net\/congo-brazzaville\/politique\/la-communaute-angolaise-de-pointe-noire-et-du-kouilou-se-dote-dun-nouveau-president\",\"name\":\"la communaut\u00e9 angolaise de pointe-noire et du kouilou se dote d\u2019un nouveau pr\u00e9sident - Congo Brazzaville\",\"isPartOf\":{\"@id\":\"https:\/\/www.africa-press.net\/congo-brazzaville\/#website\"},\"primaryImageOfPage\":{\"@id\":\"https:\/\/www.africa-press.net\/congo-brazzaville\/politique\/la-communaute-angolaise-de-pointe-noire-et-du-kouilou-se-dote-dun-nouveau-president#primaryimage\"},\"image\":{\"@id\":\"https:\/\/www.africa-press.net\/congo-brazzaville\/politique\/la-communaute-angolaise-de-pointe-noire-et-du-kouilou-se-dote-dun-nouveau-president#primaryimage\"},\"thumbnailUrl\":\"https:\/\/static.africa-press.net\/congo-brazzaville\/sites\/51\/2023\/10\/sm_1698177543.975442.jpg\",\"datePublished\":\"2023-10-24T22:58:52+00:00\",\"dateModified\":\"2023-10-24T23:31:06+00:00\",\"author\":{\"@id\":\"https:\/\/www.africa-press.net\/congo-brazzaville\/#\/schema\/person\/2b1cf3cd81a31e3cd26889ca66d677f1\"},\"description\":\"Le consul ge\u0301ne\u0301ral d\u2019Angola a\u0300 Pointe-Noire, Samuel Andrade Da Cunha a indique\u0301 le 21 octobre que l\u2019un des de\u0301fis de ...\",\"breadcrumb\":{\"@id\":\"https:\/\/www.africa-press.net\/congo-brazzaville\/politique\/la-communaute-angolaise-de-pointe-noire-et-du-kouilou-se-dote-dun-nouveau-president#breadcrumb\"},\"inLanguage\":\"fr-FR\",\"potentialAction\":[{\"@type\":\"ReadAction\",\"target\":[\"https:\/\/www.africa-press.net\/congo-brazzaville\/politique\/la-communaute-angolaise-de-pointe-noire-et-du-kouilou-se-dote-dun-nouveau-president\"]}]},{\"@type\":\"ImageObject\",\"inLanguage\":\"fr-FR\",\"@id\":\"https:\/\/www.africa-press.net\/congo-brazzaville\/politique\/la-communaute-angolaise-de-pointe-noire-et-du-kouilou-se-dote-dun-nouveau-president#primaryimage\",\"url\":\"https:\/\/static.africa-press.net\/congo-brazzaville\/sites\/51\/2023\/10\/sm_1698177543.975442.jpg\",\"contentUrl\":\"https:\/\/static.africa-press.net\/congo-brazzaville\/sites\/51\/2023\/10\/sm_1698177543.975442.jpg\",\"width\":1220,\"height\":445,\"caption\":\"la communaut\u00e9 angolaise de pointe-noire et du kouilou se dote d\u2019un nouveau pr\u00e9sident\"},{\"@type\":\"BreadcrumbList\",\"@id\":\"https:\/\/www.africa-press.net\/congo-brazzaville\/politique\/la-communaute-angolaise-de-pointe-noire-et-du-kouilou-se-dote-dun-nouveau-president#breadcrumb\",\"itemListElement\":[{\"@type\":\"ListItem\",\"position\":1,\"name\":\"Accueil\",\"item\":\"https:\/\/www.africa-press.net\/congo-brazzaville\/\"},{\"@type\":\"ListItem\",\"position\":2,\"name\":\"la communaut\u00e9 angolaise de pointe-noire et du kouilou se dote d\u2019un nouveau pr\u00e9sident\"}]},{\"@type\":\"WebSite\",\"@id\":\"https:\/\/www.africa-press.net\/congo-brazzaville\/#website\",\"url\":\"https:\/\/www.africa-press.net\/congo-brazzaville\/\",\"name\":\"Congo Brazzaville\",\"description\":\"Just another Africa News Agency Sites site\",\"potentialAction\":[{\"@type\":\"SearchAction\",\"target\":{\"@type\":\"EntryPoint\",\"urlTemplate\":\"https:\/\/www.africa-press.net\/congo-brazzaville\/?s={search_term_string}\"},\"query-input\":{\"@type\":\"PropertyValueSpecification\",\"valueRequired\":true,\"valueName\":\"search_term_string\"}}],\"inLanguage\":\"fr-FR\"},{\"@type\":\"Person\",\"@id\":\"https:\/\/www.africa-press.net\/congo-brazzaville\/#\/schema\/person\/2b1cf3cd81a31e3cd26889ca66d677f1\",\"name\":\"cfeditorfr\"}]}<\/script>\n<!-- \/ Yoast SEO Premium plugin. -->","yoast_head_json":{"title":"la communaut\u00e9 angolaise de pointe-noire et du kouilou se dote d\u2019un nouveau pr\u00e9sident - Congo Brazzaville","description":"Le consul ge\u0301ne\u0301ral d\u2019Angola a\u0300 Pointe-Noire, Samuel Andrade Da Cunha a indique\u0301 le 21 octobre que l\u2019un des de\u0301fis de ...","robots":{"index":"index","follow":"follow","max-snippet":"max-snippet:-1","max-image-preview":"max-image-preview:large","max-video-preview":"max-video-preview:-1"},"canonical":"https:\/\/www.africa-press.net\/congo-brazzaville\/politique\/la-communaute-angolaise-de-pointe-noire-et-du-kouilou-se-dote-dun-nouveau-president","og_locale":"fr_FR","og_type":"article","og_title":"la communaut\u00e9 angolaise de pointe-noire et du kouilou se dote d\u2019un nouveau pr\u00e9sident","og_description":"Le consul ge\u0301ne\u0301ral d\u2019Angola a\u0300 Pointe-Noire, Samuel Andrade Da Cunha a indique\u0301 le 21 octobre que l\u2019un des de\u0301fis de ...","og_url":"https:\/\/www.africa-press.net\/congo-brazzaville\/politique\/la-communaute-angolaise-de-pointe-noire-et-du-kouilou-se-dote-dun-nouveau-president","og_site_name":"Congo Brazzaville","article_published_time":"2023-10-24T22:58:52+00:00","article_modified_time":"2023-10-24T23:31:06+00:00","og_image":[{"width":1220,"height":445,"url":"https:\/\/static.africa-press.net\/congo-brazzaville\/sites\/51\/2023\/10\/sm_1698177543.975442.jpg","type":"image\/jpeg"}],"author":"cfeditorfr","twitter_card":"summary_large_image","twitter_misc":{"\u00c9crit par":"cfeditorfr","Dur\u00e9e de lecture estim\u00e9e":"2 minutes"},"schema":{"@context":"https:\/\/schema.org","@graph":[{"@type":"Article","@id":"https:\/\/www.africa-press.net\/congo-brazzaville\/politique\/la-communaute-angolaise-de-pointe-noire-et-du-kouilou-se-dote-dun-nouveau-president#article","isPartOf":{"@id":"https:\/\/www.africa-press.net\/congo-brazzaville\/politique\/la-communaute-angolaise-de-pointe-noire-et-du-kouilou-se-dote-dun-nouveau-president"},"author":{"name":"cfeditorfr","@id":"https:\/\/www.africa-press.net\/congo-brazzaville\/#\/schema\/person\/2b1cf3cd81a31e3cd26889ca66d677f1"},"headline":"la communaut\u00e9 angolaise de pointe-noire et du kouilou se dote d\u2019un nouveau pr\u00e9sident","datePublished":"2023-10-24T22:58:52+00:00","dateModified":"2023-10-24T23:31:06+00:00","mainEntityOfPage":{"@id":"https:\/\/www.africa-press.net\/congo-brazzaville\/politique\/la-communaute-angolaise-de-pointe-noire-et-du-kouilou-se-dote-dun-nouveau-president"},"wordCount":402,"commentCount":0,"image":{"@id":"https:\/\/www.africa-press.net\/congo-brazzaville\/politique\/la-communaute-angolaise-de-pointe-noire-et-du-kouilou-se-dote-dun-nouveau-president#primaryimage"},"thumbnailUrl":"https:\/\/static.africa-press.net\/congo-brazzaville\/sites\/51\/2023\/10\/sm_1698177543.975442.jpg","keywords":["Africa Press","Africa Press-Congo Brazzaville","Congo Brazzaville"],"articleSection":["Politique","Top Nouvelles","Toutes les actualit\u00e9s"],"inLanguage":"fr-FR","potentialAction":[{"@type":"CommentAction","name":"Comment","target":["https:\/\/www.africa-press.net\/congo-brazzaville\/politique\/la-communaute-angolaise-de-pointe-noire-et-du-kouilou-se-dote-dun-nouveau-president#respond"]}]},{"@type":"WebPage","@id":"https:\/\/www.africa-press.net\/congo-brazzaville\/politique\/la-communaute-angolaise-de-pointe-noire-et-du-kouilou-se-dote-dun-nouveau-president","url":"https:\/\/www.africa-press.net\/congo-brazzaville\/politique\/la-communaute-angolaise-de-pointe-noire-et-du-kouilou-se-dote-dun-nouveau-president","name":"la communaut\u00e9 angolaise de pointe-noire et du kouilou se dote d\u2019un nouveau pr\u00e9sident - Congo Brazzaville","isPartOf":{"@id":"https:\/\/www.africa-press.net\/congo-brazzaville\/#website"},"primaryImageOfPage":{"@id":"https:\/\/www.africa-press.net\/congo-brazzaville\/politique\/la-communaute-angolaise-de-pointe-noire-et-du-kouilou-se-dote-dun-nouveau-president#primaryimage"},"image":{"@id":"https:\/\/www.africa-press.net\/congo-brazzaville\/politique\/la-communaute-angolaise-de-pointe-noire-et-du-kouilou-se-dote-dun-nouveau-president#primaryimage"},"thumbnailUrl":"https:\/\/static.africa-press.net\/congo-brazzaville\/sites\/51\/2023\/10\/sm_1698177543.975442.jpg","datePublished":"2023-10-24T22:58:52+00:00","dateModified":"2023-10-24T23:31:06+00:00","author":{"@id":"https:\/\/www.africa-press.net\/congo-brazzaville\/#\/schema\/person\/2b1cf3cd81a31e3cd26889ca66d677f1"},"description":"Le consul ge\u0301ne\u0301ral d\u2019Angola a\u0300 Pointe-Noire, Samuel Andrade Da Cunha a indique\u0301 le 21 octobre que l\u2019un des de\u0301fis de ...","breadcrumb":{"@id":"https:\/\/www.africa-press.net\/congo-brazzaville\/politique\/la-communaute-angolaise-de-pointe-noire-et-du-kouilou-se-dote-dun-nouveau-president#breadcrumb"},"inLanguage":"fr-FR","potentialAction":[{"@type":"ReadAction","target":["https:\/\/www.africa-press.net\/congo-brazzaville\/politique\/la-communaute-angolaise-de-pointe-noire-et-du-kouilou-se-dote-dun-nouveau-president"]}]},{"@type":"ImageObject","inLanguage":"fr-FR","@id":"https:\/\/www.africa-press.net\/congo-brazzaville\/politique\/la-communaute-angolaise-de-pointe-noire-et-du-kouilou-se-dote-dun-nouveau-president#primaryimage","url":"https:\/\/static.africa-press.net\/congo-brazzaville\/sites\/51\/2023\/10\/sm_1698177543.975442.jpg","contentUrl":"https:\/\/static.africa-press.net\/congo-brazzaville\/sites\/51\/2023\/10\/sm_1698177543.975442.jpg","width":1220,"height":445,"caption":"la communaut\u00e9 angolaise de pointe-noire et du kouilou se dote d\u2019un nouveau pr\u00e9sident"},{"@type":"BreadcrumbList","@id":"https:\/\/www.africa-press.net\/congo-brazzaville\/politique\/la-communaute-angolaise-de-pointe-noire-et-du-kouilou-se-dote-dun-nouveau-president#breadcrumb","itemListElement":[{"@type":"ListItem","position":1,"name":"Accueil","item":"https:\/\/www.africa-press.net\/congo-brazzaville\/"},{"@type":"ListItem","position":2,"name":"la communaut\u00e9 angolaise de pointe-noire et du kouilou se dote d\u2019un nouveau pr\u00e9sident"}]},{"@type":"WebSite","@id":"https:\/\/www.africa-press.net\/congo-brazzaville\/#website","url":"https:\/\/www.africa-press.net\/congo-brazzaville\/","name":"Congo Brazzaville","description":"Just another Africa News Agency Sites site","potentialAction":[{"@type":"SearchAction","target":{"@type":"EntryPoint","urlTemplate":"https:\/\/www.africa-press.net\/congo-brazzaville\/?s={search_term_string}"},"query-input":{"@type":"PropertyValueSpecification","valueRequired":true,"valueName":"search_term_string"}}],"inLanguage":"fr-FR"},{"@type":"Person","@id":"https:\/\/www.africa-press.net\/congo-brazzaville\/#\/schema\/person\/2b1cf3cd81a31e3cd26889ca66d677f1","name":"cfeditorfr"}]}},"_links":{"self":[{"href":"https:\/\/www.africa-press.net\/congo-brazzaville\/wp-json\/wp\/v2\/posts\/23467","targetHints":{"allow":["GET"]}}],"collection":[{"href":"https:\/\/www.africa-press.net\/congo-brazzaville\/wp-json\/wp\/v2\/posts"}],"about":[{"href":"https:\/\/www.africa-press.net\/congo-brazzaville\/wp-json\/wp\/v2\/types\/post"}],"author":[{"embeddable":true,"href":"https:\/\/www.africa-press.net\/congo-brazzaville\/wp-json\/wp\/v2\/users\/82"}],"replies":[{"embeddable":true,"href":"https:\/\/www.africa-press.net\/congo-brazzaville\/wp-json\/wp\/v2\/comments?post=23467"}],"version-history":[{"count":0,"href":"https:\/\/www.africa-press.net\/congo-brazzaville\/wp-json\/wp\/v2\/posts\/23467\/revisions"}],"wp:featuredmedia":[{"embeddable":true,"href":"https:\/\/www.africa-press.net\/congo-brazzaville\/wp-json\/wp\/v2\/media\/23465"}],"wp:attachment":[{"href":"https:\/\/www.africa-press.net\/congo-brazzaville\/wp-json\/wp\/v2\/media?parent=23467"}],"wp:term":[{"taxonomy":"category","embeddable":true,"href":"https:\/\/www.africa-press.net\/congo-brazzaville\/wp-json\/wp\/v2\/categories?post=23467"},{"taxonomy":"post_tag","embeddable":true,"href":"https:\/\/www.africa-press.net\/congo-brazzaville\/wp-json\/wp\/v2\/tags?post=23467"}],"curies":[{"name":"wp","href":"https:\/\/api.w.org\/{rel}","templated":true}]}}