{"id":23470,"date":"2023-10-24T22:58:58","date_gmt":"2023-10-24T22:58:58","guid":{"rendered":"https:\/\/www.africa-press.net\/congo-brazzaville\/politique\/les-journalistes-renforcent-les-connaissances-dans-le-domaine-de-leconomique"},"modified":"2023-10-24T23:31:19","modified_gmt":"2023-10-24T23:31:19","slug":"les-journalistes-renforcent-les-connaissances-dans-le-domaine-de-leconomique","status":"publish","type":"post","link":"https:\/\/www.africa-press.net\/congo-brazzaville\/economie\/les-journalistes-renforcent-les-connaissances-dans-le-domaine-de-leconomique","title":{"rendered":"les journalistes renforcent les connaissances dans le domaine de l\u2019\u00e9conomique"},"content":{"rendered":"<p><span style=\"color: #ff6600\"><strong>Africa-Press &#8211; Congo Brazzaville. <\/strong><\/span><b>Le directeur ge\u0301ne\u0301ral des Mutuelles congolaises d\u2019e\u0301pargne et de cre\u0301dit (Mucodec), Dieudonne\u0301 Ndinga Moukala a souligne\u0301 le 24 octobre a\u0300 Brazzaville que le se\u0301minaire de formation permettra de renforcer les connaissances et expertise des journalistes en vue de contribuer et d\u2019ame\u0301liorer leur compre\u0301hension dans le traitement des sujets e\u0301conomiques et des Finances. <\/b><\/p>\n<p>\u00ab Le journalisme e\u0301conomique et financier est un pilier essentiel de la transparence et de la responsabilite\u0301 dans le secteur bancaire. C\u2019est pourquoi nous avons de\u0301cide\u0301 d\u2019organiser ce se\u0301minaire de formation, afin de vous fournir les outils ne\u0301cessaires pour mener a\u0300 bien votre mission d\u2019informer \u00bb, a indique\u0301 Dieudonne\u0301 Ndinga Moukala, lors de la ce\u0301re\u0301monie d\u2019ouverture du se\u0301minaire de formation des professionnels des me\u0301dias au journalisme e\u0301conomique et Finance.<\/p>\n<p>Nous pourrons espe\u0301rer qu\u2019a\u0300 travers cette formation, vous contribuerez a\u0300 re\u0301aliser une couverture me\u0301diatique, riche sur son contenu, rigoureuse et e\u0301claire\u0301e, favorisant ainsi une compre\u0301hension aise\u0301e, dans un environnement propice au de\u0301veloppement e\u0301conomique et a\u0300 la confiance des citoyens, a-t-il ajoute\u0301.<\/p>\n<p>Ame\u0301de\u0301e Simplice Elenga, un des formateurs a\u0300 cette formation a e\u0301pingle\u0301 les diffe\u0301rents the\u0301matiques qui seront de\u0301veloppe\u0301es au cours de cette rencontre. \u00ab Nous allons mettre a\u0300 la disposition des journalistes des concepts e\u0301conomiques comme le produit inte\u0301rieur brut, son interpre\u0301tation. Comprendre l\u2019inflation, le bilan et le chiffre d\u2019affaires. Cette formation permet aux journalistes de s\u2019approprier du jargon e\u0301conomique dans le traitement des informations \u00bb, a-t-il dit.<\/p>\n<p>\u00ab Le secteur e\u0301conomique est tre\u0300s de\u0301licat. Il exige assez des compe\u0301tences, des connaissances. Nous saluons donc l\u2019initiative de cette formation qui mettra a\u0300 notre disposition des outillages dans ce domaine afin de bien rendre les reportages sur des questions e\u0301conomiques et finances une fois sur le terrain \u00bb, a appre\u0301cie\u0301 Golden Bissemo, participant a\u0300 cette formation.<\/p>\n<p>L\u2019initiative de la formation des professionnels des me\u0301dias au journalisme e\u0301conomique et Finance, e\u0301mane de la volonte\u0301 de la direction ge\u0301ne\u0301rale des Mucodec.<\/p>\n<p><strong>Pour plus d&rsquo;informations et d&rsquo;analyses sur la <a href=\"https:\/\/www.africa-press.net\/congo-brazzaville\">Congo Brazzaville<\/a>, suivez <a href=\"https:\/\/www.africa-press.net\/\">Africa-Press<\/a><\/strong><\/p>\n","protected":false},"excerpt":{"rendered":"<p>Africa-Press &#8211; Congo Brazzaville. Le directeur ge\u0301ne\u0301ral des Mutuelles congolaises d\u2019e\u0301pargne et de cre\u0301dit (Mucodec), Dieudonne\u0301 Ndinga Moukala a souligne\u0301 le 24 octobre a\u0300 Brazzaville que le se\u0301minaire de formation permettra de renforcer les connaissances et expertise des journalistes en vue de contribuer et d\u2019ame\u0301liorer leur compre\u0301hension dans le traitement des sujets e\u0301conomiques et des [&hellip;]<\/p>\n","protected":false},"author":82,"featured_media":23468,"comment_status":"open","ping_status":"closed","sticky":false,"template":"","format":"standard","meta":{"footnotes":""},"categories":[3,10],"tags":[36,47,46],"class_list":["post-23470","post","type-post","status-publish","format-standard","has-post-thumbnail","hentry","category-economie","category-toutes-les-actualites","tag-africa-press","tag-africa-press-congo-brazzaville","tag-congo-brazzaville"],"yoast_head":"<!-- This site is optimized with the Yoast SEO Premium plugin v26.1 (Yoast SEO v27.0) - https:\/\/yoast.com\/product\/yoast-seo-premium-wordpress\/ -->\n<title>les journalistes renforcent les connaissances dans le domaine de l\u2019\u00e9conomique - Congo Brazzaville<\/title>\n<meta name=\"description\" content=\"Le directeur ge\u0301ne\u0301ral des Mutuelles congolaises d\u2019e\u0301pargne et de cre\u0301dit (Mucodec), Dieudonne\u0301 Ndinga Moukala a soul ...\" \/>\n<meta name=\"robots\" content=\"index, follow, max-snippet:-1, max-image-preview:large, max-video-preview:-1\" \/>\n<link rel=\"canonical\" href=\"https:\/\/www.africa-press.net\/congo-brazzaville\/economie\/les-journalistes-renforcent-les-connaissances-dans-le-domaine-de-leconomique\" \/>\n<meta property=\"og:locale\" content=\"fr_FR\" \/>\n<meta property=\"og:type\" content=\"article\" \/>\n<meta property=\"og:title\" content=\"les journalistes renforcent les connaissances dans le domaine de l\u2019\u00e9conomique\" \/>\n<meta property=\"og:description\" content=\"Le directeur ge\u0301ne\u0301ral des Mutuelles congolaises d\u2019e\u0301pargne et de cre\u0301dit (Mucodec), Dieudonne\u0301 Ndinga Moukala a soul ...\" \/>\n<meta property=\"og:url\" content=\"https:\/\/www.africa-press.net\/congo-brazzaville\/economie\/les-journalistes-renforcent-les-connaissances-dans-le-domaine-de-leconomique\" \/>\n<meta property=\"og:site_name\" content=\"Congo Brazzaville\" \/>\n<meta property=\"article:published_time\" content=\"2023-10-24T22:58:58+00:00\" \/>\n<meta property=\"article:modified_time\" content=\"2023-10-24T23:31:19+00:00\" \/>\n<meta property=\"og:image\" content=\"https:\/\/static.africa-press.net\/congo-brazzaville\/sites\/51\/2023\/10\/sm_1698177557.073792.jpg\" \/>\n\t<meta property=\"og:image:width\" content=\"1220\" \/>\n\t<meta property=\"og:image:height\" content=\"445\" \/>\n\t<meta property=\"og:image:type\" content=\"image\/jpeg\" \/>\n<meta name=\"author\" content=\"cfeditorfr\" \/>\n<meta name=\"twitter:card\" content=\"summary_large_image\" \/>\n<meta name=\"twitter:label1\" content=\"\u00c9crit par\" \/>\n\t<meta name=\"twitter:data1\" content=\"cfeditorfr\" \/>\n\t<meta name=\"twitter:label2\" content=\"Dur\u00e9e de lecture estim\u00e9e\" \/>\n\t<meta name=\"twitter:data2\" content=\"2 minutes\" \/>\n<script type=\"application\/ld+json\" class=\"yoast-schema-graph\">{\"@context\":\"https:\/\/schema.org\",\"@graph\":[{\"@type\":\"Article\",\"@id\":\"https:\/\/www.africa-press.net\/congo-brazzaville\/economie\/les-journalistes-renforcent-les-connaissances-dans-le-domaine-de-leconomique#article\",\"isPartOf\":{\"@id\":\"https:\/\/www.africa-press.net\/congo-brazzaville\/economie\/les-journalistes-renforcent-les-connaissances-dans-le-domaine-de-leconomique\"},\"author\":{\"name\":\"cfeditorfr\",\"@id\":\"https:\/\/www.africa-press.net\/congo-brazzaville\/#\/schema\/person\/2b1cf3cd81a31e3cd26889ca66d677f1\"},\"headline\":\"les journalistes renforcent les connaissances dans le domaine de l\u2019\u00e9conomique\",\"datePublished\":\"2023-10-24T22:58:58+00:00\",\"dateModified\":\"2023-10-24T23:31:19+00:00\",\"mainEntityOfPage\":{\"@id\":\"https:\/\/www.africa-press.net\/congo-brazzaville\/economie\/les-journalistes-renforcent-les-connaissances-dans-le-domaine-de-leconomique\"},\"wordCount\":390,\"commentCount\":0,\"image\":{\"@id\":\"https:\/\/www.africa-press.net\/congo-brazzaville\/economie\/les-journalistes-renforcent-les-connaissances-dans-le-domaine-de-leconomique#primaryimage\"},\"thumbnailUrl\":\"https:\/\/static.africa-press.net\/congo-brazzaville\/sites\/51\/2023\/10\/sm_1698177557.073792.jpg\",\"keywords\":[\"Africa Press\",\"Africa Press-Congo Brazzaville\",\"Congo Brazzaville\"],\"articleSection\":[\"\u00c9conomie\",\"Toutes les actualit\u00e9s\"],\"inLanguage\":\"fr-FR\",\"potentialAction\":[{\"@type\":\"CommentAction\",\"name\":\"Comment\",\"target\":[\"https:\/\/www.africa-press.net\/congo-brazzaville\/economie\/les-journalistes-renforcent-les-connaissances-dans-le-domaine-de-leconomique#respond\"]}]},{\"@type\":\"WebPage\",\"@id\":\"https:\/\/www.africa-press.net\/congo-brazzaville\/economie\/les-journalistes-renforcent-les-connaissances-dans-le-domaine-de-leconomique\",\"url\":\"https:\/\/www.africa-press.net\/congo-brazzaville\/economie\/les-journalistes-renforcent-les-connaissances-dans-le-domaine-de-leconomique\",\"name\":\"les journalistes renforcent les connaissances dans le domaine de l\u2019\u00e9conomique - Congo Brazzaville\",\"isPartOf\":{\"@id\":\"https:\/\/www.africa-press.net\/congo-brazzaville\/#website\"},\"primaryImageOfPage\":{\"@id\":\"https:\/\/www.africa-press.net\/congo-brazzaville\/economie\/les-journalistes-renforcent-les-connaissances-dans-le-domaine-de-leconomique#primaryimage\"},\"image\":{\"@id\":\"https:\/\/www.africa-press.net\/congo-brazzaville\/economie\/les-journalistes-renforcent-les-connaissances-dans-le-domaine-de-leconomique#primaryimage\"},\"thumbnailUrl\":\"https:\/\/static.africa-press.net\/congo-brazzaville\/sites\/51\/2023\/10\/sm_1698177557.073792.jpg\",\"datePublished\":\"2023-10-24T22:58:58+00:00\",\"dateModified\":\"2023-10-24T23:31:19+00:00\",\"author\":{\"@id\":\"https:\/\/www.africa-press.net\/congo-brazzaville\/#\/schema\/person\/2b1cf3cd81a31e3cd26889ca66d677f1\"},\"description\":\"Le directeur ge\u0301ne\u0301ral des Mutuelles congolaises d\u2019e\u0301pargne et de cre\u0301dit (Mucodec), Dieudonne\u0301 Ndinga Moukala a soul ...\",\"breadcrumb\":{\"@id\":\"https:\/\/www.africa-press.net\/congo-brazzaville\/economie\/les-journalistes-renforcent-les-connaissances-dans-le-domaine-de-leconomique#breadcrumb\"},\"inLanguage\":\"fr-FR\",\"potentialAction\":[{\"@type\":\"ReadAction\",\"target\":[\"https:\/\/www.africa-press.net\/congo-brazzaville\/economie\/les-journalistes-renforcent-les-connaissances-dans-le-domaine-de-leconomique\"]}]},{\"@type\":\"ImageObject\",\"inLanguage\":\"fr-FR\",\"@id\":\"https:\/\/www.africa-press.net\/congo-brazzaville\/economie\/les-journalistes-renforcent-les-connaissances-dans-le-domaine-de-leconomique#primaryimage\",\"url\":\"https:\/\/static.africa-press.net\/congo-brazzaville\/sites\/51\/2023\/10\/sm_1698177557.073792.jpg\",\"contentUrl\":\"https:\/\/static.africa-press.net\/congo-brazzaville\/sites\/51\/2023\/10\/sm_1698177557.073792.jpg\",\"width\":1220,\"height\":445,\"caption\":\"les journalistes renforcent les connaissances dans le domaine de l\u2019\u00e9conomique\"},{\"@type\":\"BreadcrumbList\",\"@id\":\"https:\/\/www.africa-press.net\/congo-brazzaville\/economie\/les-journalistes-renforcent-les-connaissances-dans-le-domaine-de-leconomique#breadcrumb\",\"itemListElement\":[{\"@type\":\"ListItem\",\"position\":1,\"name\":\"Accueil\",\"item\":\"https:\/\/www.africa-press.net\/congo-brazzaville\/\"},{\"@type\":\"ListItem\",\"position\":2,\"name\":\"les journalistes renforcent les connaissances dans le domaine de l\u2019\u00e9conomique\"}]},{\"@type\":\"WebSite\",\"@id\":\"https:\/\/www.africa-press.net\/congo-brazzaville\/#website\",\"url\":\"https:\/\/www.africa-press.net\/congo-brazzaville\/\",\"name\":\"Congo Brazzaville\",\"description\":\"Just another Africa News Agency Sites site\",\"potentialAction\":[{\"@type\":\"SearchAction\",\"target\":{\"@type\":\"EntryPoint\",\"urlTemplate\":\"https:\/\/www.africa-press.net\/congo-brazzaville\/?s={search_term_string}\"},\"query-input\":{\"@type\":\"PropertyValueSpecification\",\"valueRequired\":true,\"valueName\":\"search_term_string\"}}],\"inLanguage\":\"fr-FR\"},{\"@type\":\"Person\",\"@id\":\"https:\/\/www.africa-press.net\/congo-brazzaville\/#\/schema\/person\/2b1cf3cd81a31e3cd26889ca66d677f1\",\"name\":\"cfeditorfr\"}]}<\/script>\n<!-- \/ Yoast SEO Premium plugin. -->","yoast_head_json":{"title":"les journalistes renforcent les connaissances dans le domaine de l\u2019\u00e9conomique - Congo Brazzaville","description":"Le directeur ge\u0301ne\u0301ral des Mutuelles congolaises d\u2019e\u0301pargne et de cre\u0301dit (Mucodec), Dieudonne\u0301 Ndinga Moukala a soul ...","robots":{"index":"index","follow":"follow","max-snippet":"max-snippet:-1","max-image-preview":"max-image-preview:large","max-video-preview":"max-video-preview:-1"},"canonical":"https:\/\/www.africa-press.net\/congo-brazzaville\/economie\/les-journalistes-renforcent-les-connaissances-dans-le-domaine-de-leconomique","og_locale":"fr_FR","og_type":"article","og_title":"les journalistes renforcent les connaissances dans le domaine de l\u2019\u00e9conomique","og_description":"Le directeur ge\u0301ne\u0301ral des Mutuelles congolaises d\u2019e\u0301pargne et de cre\u0301dit (Mucodec), Dieudonne\u0301 Ndinga Moukala a soul ...","og_url":"https:\/\/www.africa-press.net\/congo-brazzaville\/economie\/les-journalistes-renforcent-les-connaissances-dans-le-domaine-de-leconomique","og_site_name":"Congo Brazzaville","article_published_time":"2023-10-24T22:58:58+00:00","article_modified_time":"2023-10-24T23:31:19+00:00","og_image":[{"width":1220,"height":445,"url":"https:\/\/static.africa-press.net\/congo-brazzaville\/sites\/51\/2023\/10\/sm_1698177557.073792.jpg","type":"image\/jpeg"}],"author":"cfeditorfr","twitter_card":"summary_large_image","twitter_misc":{"\u00c9crit par":"cfeditorfr","Dur\u00e9e de lecture estim\u00e9e":"2 minutes"},"schema":{"@context":"https:\/\/schema.org","@graph":[{"@type":"Article","@id":"https:\/\/www.africa-press.net\/congo-brazzaville\/economie\/les-journalistes-renforcent-les-connaissances-dans-le-domaine-de-leconomique#article","isPartOf":{"@id":"https:\/\/www.africa-press.net\/congo-brazzaville\/economie\/les-journalistes-renforcent-les-connaissances-dans-le-domaine-de-leconomique"},"author":{"name":"cfeditorfr","@id":"https:\/\/www.africa-press.net\/congo-brazzaville\/#\/schema\/person\/2b1cf3cd81a31e3cd26889ca66d677f1"},"headline":"les journalistes renforcent les connaissances dans le domaine de l\u2019\u00e9conomique","datePublished":"2023-10-24T22:58:58+00:00","dateModified":"2023-10-24T23:31:19+00:00","mainEntityOfPage":{"@id":"https:\/\/www.africa-press.net\/congo-brazzaville\/economie\/les-journalistes-renforcent-les-connaissances-dans-le-domaine-de-leconomique"},"wordCount":390,"commentCount":0,"image":{"@id":"https:\/\/www.africa-press.net\/congo-brazzaville\/economie\/les-journalistes-renforcent-les-connaissances-dans-le-domaine-de-leconomique#primaryimage"},"thumbnailUrl":"https:\/\/static.africa-press.net\/congo-brazzaville\/sites\/51\/2023\/10\/sm_1698177557.073792.jpg","keywords":["Africa Press","Africa Press-Congo Brazzaville","Congo Brazzaville"],"articleSection":["\u00c9conomie","Toutes les actualit\u00e9s"],"inLanguage":"fr-FR","potentialAction":[{"@type":"CommentAction","name":"Comment","target":["https:\/\/www.africa-press.net\/congo-brazzaville\/economie\/les-journalistes-renforcent-les-connaissances-dans-le-domaine-de-leconomique#respond"]}]},{"@type":"WebPage","@id":"https:\/\/www.africa-press.net\/congo-brazzaville\/economie\/les-journalistes-renforcent-les-connaissances-dans-le-domaine-de-leconomique","url":"https:\/\/www.africa-press.net\/congo-brazzaville\/economie\/les-journalistes-renforcent-les-connaissances-dans-le-domaine-de-leconomique","name":"les journalistes renforcent les connaissances dans le domaine de l\u2019\u00e9conomique - Congo Brazzaville","isPartOf":{"@id":"https:\/\/www.africa-press.net\/congo-brazzaville\/#website"},"primaryImageOfPage":{"@id":"https:\/\/www.africa-press.net\/congo-brazzaville\/economie\/les-journalistes-renforcent-les-connaissances-dans-le-domaine-de-leconomique#primaryimage"},"image":{"@id":"https:\/\/www.africa-press.net\/congo-brazzaville\/economie\/les-journalistes-renforcent-les-connaissances-dans-le-domaine-de-leconomique#primaryimage"},"thumbnailUrl":"https:\/\/static.africa-press.net\/congo-brazzaville\/sites\/51\/2023\/10\/sm_1698177557.073792.jpg","datePublished":"2023-10-24T22:58:58+00:00","dateModified":"2023-10-24T23:31:19+00:00","author":{"@id":"https:\/\/www.africa-press.net\/congo-brazzaville\/#\/schema\/person\/2b1cf3cd81a31e3cd26889ca66d677f1"},"description":"Le directeur ge\u0301ne\u0301ral des Mutuelles congolaises d\u2019e\u0301pargne et de cre\u0301dit (Mucodec), Dieudonne\u0301 Ndinga Moukala a soul ...","breadcrumb":{"@id":"https:\/\/www.africa-press.net\/congo-brazzaville\/economie\/les-journalistes-renforcent-les-connaissances-dans-le-domaine-de-leconomique#breadcrumb"},"inLanguage":"fr-FR","potentialAction":[{"@type":"ReadAction","target":["https:\/\/www.africa-press.net\/congo-brazzaville\/economie\/les-journalistes-renforcent-les-connaissances-dans-le-domaine-de-leconomique"]}]},{"@type":"ImageObject","inLanguage":"fr-FR","@id":"https:\/\/www.africa-press.net\/congo-brazzaville\/economie\/les-journalistes-renforcent-les-connaissances-dans-le-domaine-de-leconomique#primaryimage","url":"https:\/\/static.africa-press.net\/congo-brazzaville\/sites\/51\/2023\/10\/sm_1698177557.073792.jpg","contentUrl":"https:\/\/static.africa-press.net\/congo-brazzaville\/sites\/51\/2023\/10\/sm_1698177557.073792.jpg","width":1220,"height":445,"caption":"les journalistes renforcent les connaissances dans le domaine de l\u2019\u00e9conomique"},{"@type":"BreadcrumbList","@id":"https:\/\/www.africa-press.net\/congo-brazzaville\/economie\/les-journalistes-renforcent-les-connaissances-dans-le-domaine-de-leconomique#breadcrumb","itemListElement":[{"@type":"ListItem","position":1,"name":"Accueil","item":"https:\/\/www.africa-press.net\/congo-brazzaville\/"},{"@type":"ListItem","position":2,"name":"les journalistes renforcent les connaissances dans le domaine de l\u2019\u00e9conomique"}]},{"@type":"WebSite","@id":"https:\/\/www.africa-press.net\/congo-brazzaville\/#website","url":"https:\/\/www.africa-press.net\/congo-brazzaville\/","name":"Congo Brazzaville","description":"Just another Africa News Agency Sites site","potentialAction":[{"@type":"SearchAction","target":{"@type":"EntryPoint","urlTemplate":"https:\/\/www.africa-press.net\/congo-brazzaville\/?s={search_term_string}"},"query-input":{"@type":"PropertyValueSpecification","valueRequired":true,"valueName":"search_term_string"}}],"inLanguage":"fr-FR"},{"@type":"Person","@id":"https:\/\/www.africa-press.net\/congo-brazzaville\/#\/schema\/person\/2b1cf3cd81a31e3cd26889ca66d677f1","name":"cfeditorfr"}]}},"_links":{"self":[{"href":"https:\/\/www.africa-press.net\/congo-brazzaville\/wp-json\/wp\/v2\/posts\/23470","targetHints":{"allow":["GET"]}}],"collection":[{"href":"https:\/\/www.africa-press.net\/congo-brazzaville\/wp-json\/wp\/v2\/posts"}],"about":[{"href":"https:\/\/www.africa-press.net\/congo-brazzaville\/wp-json\/wp\/v2\/types\/post"}],"author":[{"embeddable":true,"href":"https:\/\/www.africa-press.net\/congo-brazzaville\/wp-json\/wp\/v2\/users\/82"}],"replies":[{"embeddable":true,"href":"https:\/\/www.africa-press.net\/congo-brazzaville\/wp-json\/wp\/v2\/comments?post=23470"}],"version-history":[{"count":0,"href":"https:\/\/www.africa-press.net\/congo-brazzaville\/wp-json\/wp\/v2\/posts\/23470\/revisions"}],"wp:featuredmedia":[{"embeddable":true,"href":"https:\/\/www.africa-press.net\/congo-brazzaville\/wp-json\/wp\/v2\/media\/23468"}],"wp:attachment":[{"href":"https:\/\/www.africa-press.net\/congo-brazzaville\/wp-json\/wp\/v2\/media?parent=23470"}],"wp:term":[{"taxonomy":"category","embeddable":true,"href":"https:\/\/www.africa-press.net\/congo-brazzaville\/wp-json\/wp\/v2\/categories?post=23470"},{"taxonomy":"post_tag","embeddable":true,"href":"https:\/\/www.africa-press.net\/congo-brazzaville\/wp-json\/wp\/v2\/tags?post=23470"}],"curies":[{"name":"wp","href":"https:\/\/api.w.org\/{rel}","templated":true}]}}