{"id":23486,"date":"2023-10-25T22:32:12","date_gmt":"2023-10-25T22:32:12","guid":{"rendered":"https:\/\/www.africa-press.net\/congo-brazzaville\/politique\/sommet-des-trois-bassins-forestiers-aremeau-salue-linitiative-du-chef-de-letat"},"modified":"2023-10-26T01:24:11","modified_gmt":"2023-10-26T01:24:11","slug":"sommet-des-trois-bassins-forestiers-aremeau-salue-linitiative-du-chef-de-letat","status":"publish","type":"post","link":"https:\/\/www.africa-press.net\/congo-brazzaville\/politique\/sommet-des-trois-bassins-forestiers-aremeau-salue-linitiative-du-chef-de-letat","title":{"rendered":"Sommet des trois bassins forestiers : Arem\u2019eau salue l\u2019initiative du chef de l\u2019Etat"},"content":{"rendered":"<p><span style=\"color: #ff6600\"><strong>Africa-Press &#8211; Congo Brazzaville. <\/strong><\/span><b>Dans une de\u0301claration publie\u0301e le 24 octobre a\u0300 Brazzaville, a\u0300 deux jours de l\u2018ouverture du sommet des trois bassins forestiers tropicaux, l\u2019Association des ressortissants du monde d\u2019eau (Arem\u2019eau) a salue\u0301 la tenue de ces assises sur le climat. Elle a aussi exprime\u0301 sa reconnaissance a\u0300 l\u2019endroit du chef de l\u2019Etat Denis Sassou N\u2019Guesso qui en est l\u2019initiateur.<\/b><\/p>\n<p>Dans sa communication, Arem\u2019eau que dirige Vale\u0300re Gabriel Etaka-Yemet a rendu un hommage me\u0301rite\u0301 au chef de l\u2019Etat, l\u2019initiateur du sommet qui se tient du 26 au 28 octobre. En vue de garantir le succe\u0300s du sommet des trois bassins forstiers et tropicaux du monde, l\u2019association des ressortissants du monde d\u2019eau a invite\u0301 les participants a\u0300 travailler avec objectivite\u0301.<\/p>\n<p>\u00abL\u2019Arem\u2019eau invite les participants a\u0300 harmoniser leurs points de vue, a\u0300 travailler avec engagement et enthousiasme afin de garantir la re\u0301ussite du sommet des trois bassins forestiers tropicaux qui vise le bien-e\u0302tre de l\u2019humanite\u0301 \u00bb, rele\u0300ve la de\u0301claration.<\/p>\n<p>Par ailleurs, l\u2019Arem&rsquo;eau a souhaite\u0301 que le plan de convergence et de mise en place des ressources financie\u0300res tienne compte du cadre de vie des populations vivant dans ces zones forestie\u0300res. A cet effet, elle souhaite voir les pre\u0301occupations des populations lie\u0301es a\u0300 leur existence e\u0302tre inte\u0301gre\u0301es dans la nouvelle de\u0301marche.<\/p>\n<p>S\u2019agissant de l\u2019ame\u0301lioration du cadre de vie de ces populations, l\u2019association privile\u0301gie quatre axes d\u2019efforts. Il s\u2019agit, entre autres, de la cre\u0301ation de l\u2019espace de vie dans une zone mare\u0301cageuse, sujette d\u2019anne\u0301e en anne\u0301e, a\u0300 des inondations de\u0301vastatrices ; l\u2019ame\u0301lioration des transports fluviaux ainsi que la rationalisation de la production halieutique.<\/p>\n<p>Toutefois, l\u2019Arem\u2019eau espe\u0300re sur le financement du climat initie\u0301 par les dirigeants des pays membres des trois bassins forestiers tropicaux afin de re\u0301soudre les proble\u0300mes identifie\u0301s.<\/p>\n<p><strong>Pour plus d&rsquo;informations et d&rsquo;analyses sur la <a href=\"https:\/\/www.africa-press.net\/congo-brazzaville\">Congo Brazzaville<\/a>, suivez <a href=\"https:\/\/www.africa-press.net\/\">Africa-Press<\/a><\/strong><\/p>\n","protected":false},"excerpt":{"rendered":"<p>Africa-Press &#8211; Congo Brazzaville. Dans une de\u0301claration publie\u0301e le 24 octobre a\u0300 Brazzaville, a\u0300 deux jours de l\u2018ouverture du sommet des trois bassins forestiers tropicaux, l\u2019Association des ressortissants du monde d\u2019eau (Arem\u2019eau) a salue\u0301 la tenue de ces assises sur le climat. Elle a aussi exprime\u0301 sa reconnaissance a\u0300 l\u2019endroit du chef de l\u2019Etat Denis [&hellip;]<\/p>\n","protected":false},"author":82,"featured_media":23485,"comment_status":"open","ping_status":"closed","sticky":false,"template":"","format":"standard","meta":{"footnotes":""},"categories":[2,10],"tags":[36,47,46],"class_list":["post-23486","post","type-post","status-publish","format-standard","has-post-thumbnail","hentry","category-politique","category-toutes-les-actualites","tag-africa-press","tag-africa-press-congo-brazzaville","tag-congo-brazzaville"],"yoast_head":"<!-- This site is optimized with the Yoast SEO Premium plugin v26.1 (Yoast SEO v27.0) - https:\/\/yoast.com\/product\/yoast-seo-premium-wordpress\/ -->\n<title>Sommet des trois bassins forestiers : Arem\u2019eau salue l\u2019initiative du chef de l\u2019Etat - Congo Brazzaville<\/title>\n<meta name=\"description\" content=\"Dans une de\u0301claration publie\u0301e le 24 octobre a\u0300 Brazzaville, a\u0300 deux jours de l\u2018ouverture du sommet des trois bassins ...\" \/>\n<meta name=\"robots\" content=\"index, follow, max-snippet:-1, max-image-preview:large, max-video-preview:-1\" \/>\n<link rel=\"canonical\" href=\"https:\/\/www.africa-press.net\/congo-brazzaville\/politique\/sommet-des-trois-bassins-forestiers-aremeau-salue-linitiative-du-chef-de-letat\" \/>\n<meta property=\"og:locale\" content=\"fr_FR\" \/>\n<meta property=\"og:type\" content=\"article\" \/>\n<meta property=\"og:title\" content=\"Sommet des trois bassins forestiers : Arem\u2019eau salue l\u2019initiative du chef de l\u2019Etat\" \/>\n<meta property=\"og:description\" content=\"Dans une de\u0301claration publie\u0301e le 24 octobre a\u0300 Brazzaville, a\u0300 deux jours de l\u2018ouverture du sommet des trois bassins ...\" \/>\n<meta property=\"og:url\" content=\"https:\/\/www.africa-press.net\/congo-brazzaville\/politique\/sommet-des-trois-bassins-forestiers-aremeau-salue-linitiative-du-chef-de-letat\" \/>\n<meta property=\"og:site_name\" content=\"Congo Brazzaville\" \/>\n<meta property=\"article:published_time\" content=\"2023-10-25T22:32:12+00:00\" \/>\n<meta property=\"article:modified_time\" content=\"2023-10-26T01:24:11+00:00\" \/>\n<meta property=\"og:image\" content=\"https:\/\/static.africa-press.net\/congo-brazzaville\/sites\/51\/2023\/10\/sm_1698263498.230291.jpg\" \/>\n\t<meta property=\"og:image:width\" content=\"1669\" \/>\n\t<meta property=\"og:image:height\" content=\"768\" \/>\n\t<meta property=\"og:image:type\" content=\"image\/jpeg\" \/>\n<meta name=\"author\" content=\"cfeditorfr\" \/>\n<meta name=\"twitter:card\" content=\"summary_large_image\" \/>\n<meta name=\"twitter:label1\" content=\"\u00c9crit par\" \/>\n\t<meta name=\"twitter:data1\" content=\"cfeditorfr\" \/>\n\t<meta name=\"twitter:label2\" content=\"Dur\u00e9e de lecture estim\u00e9e\" \/>\n\t<meta name=\"twitter:data2\" content=\"2 minutes\" \/>\n<script type=\"application\/ld+json\" class=\"yoast-schema-graph\">{\"@context\":\"https:\/\/schema.org\",\"@graph\":[{\"@type\":\"Article\",\"@id\":\"https:\/\/www.africa-press.net\/congo-brazzaville\/politique\/sommet-des-trois-bassins-forestiers-aremeau-salue-linitiative-du-chef-de-letat#article\",\"isPartOf\":{\"@id\":\"https:\/\/www.africa-press.net\/congo-brazzaville\/politique\/sommet-des-trois-bassins-forestiers-aremeau-salue-linitiative-du-chef-de-letat\"},\"author\":{\"name\":\"cfeditorfr\",\"@id\":\"https:\/\/www.africa-press.net\/congo-brazzaville\/#\/schema\/person\/2b1cf3cd81a31e3cd26889ca66d677f1\"},\"headline\":\"Sommet des trois bassins forestiers : Arem\u2019eau salue l\u2019initiative du chef de l\u2019Etat\",\"datePublished\":\"2023-10-25T22:32:12+00:00\",\"dateModified\":\"2023-10-26T01:24:11+00:00\",\"mainEntityOfPage\":{\"@id\":\"https:\/\/www.africa-press.net\/congo-brazzaville\/politique\/sommet-des-trois-bassins-forestiers-aremeau-salue-linitiative-du-chef-de-letat\"},\"wordCount\":366,\"commentCount\":0,\"image\":{\"@id\":\"https:\/\/www.africa-press.net\/congo-brazzaville\/politique\/sommet-des-trois-bassins-forestiers-aremeau-salue-linitiative-du-chef-de-letat#primaryimage\"},\"thumbnailUrl\":\"https:\/\/static.africa-press.net\/congo-brazzaville\/sites\/51\/2023\/10\/sm_1698263498.230291.jpg\",\"keywords\":[\"Africa Press\",\"Africa Press-Congo Brazzaville\",\"Congo Brazzaville\"],\"articleSection\":[\"Politique\",\"Toutes les actualit\u00e9s\"],\"inLanguage\":\"fr-FR\",\"potentialAction\":[{\"@type\":\"CommentAction\",\"name\":\"Comment\",\"target\":[\"https:\/\/www.africa-press.net\/congo-brazzaville\/politique\/sommet-des-trois-bassins-forestiers-aremeau-salue-linitiative-du-chef-de-letat#respond\"]}]},{\"@type\":\"WebPage\",\"@id\":\"https:\/\/www.africa-press.net\/congo-brazzaville\/politique\/sommet-des-trois-bassins-forestiers-aremeau-salue-linitiative-du-chef-de-letat\",\"url\":\"https:\/\/www.africa-press.net\/congo-brazzaville\/politique\/sommet-des-trois-bassins-forestiers-aremeau-salue-linitiative-du-chef-de-letat\",\"name\":\"Sommet des trois bassins forestiers : Arem\u2019eau salue l\u2019initiative du chef de l\u2019Etat - Congo Brazzaville\",\"isPartOf\":{\"@id\":\"https:\/\/www.africa-press.net\/congo-brazzaville\/#website\"},\"primaryImageOfPage\":{\"@id\":\"https:\/\/www.africa-press.net\/congo-brazzaville\/politique\/sommet-des-trois-bassins-forestiers-aremeau-salue-linitiative-du-chef-de-letat#primaryimage\"},\"image\":{\"@id\":\"https:\/\/www.africa-press.net\/congo-brazzaville\/politique\/sommet-des-trois-bassins-forestiers-aremeau-salue-linitiative-du-chef-de-letat#primaryimage\"},\"thumbnailUrl\":\"https:\/\/static.africa-press.net\/congo-brazzaville\/sites\/51\/2023\/10\/sm_1698263498.230291.jpg\",\"datePublished\":\"2023-10-25T22:32:12+00:00\",\"dateModified\":\"2023-10-26T01:24:11+00:00\",\"author\":{\"@id\":\"https:\/\/www.africa-press.net\/congo-brazzaville\/#\/schema\/person\/2b1cf3cd81a31e3cd26889ca66d677f1\"},\"description\":\"Dans une de\u0301claration publie\u0301e le 24 octobre a\u0300 Brazzaville, a\u0300 deux jours de l\u2018ouverture du sommet des trois bassins ...\",\"breadcrumb\":{\"@id\":\"https:\/\/www.africa-press.net\/congo-brazzaville\/politique\/sommet-des-trois-bassins-forestiers-aremeau-salue-linitiative-du-chef-de-letat#breadcrumb\"},\"inLanguage\":\"fr-FR\",\"potentialAction\":[{\"@type\":\"ReadAction\",\"target\":[\"https:\/\/www.africa-press.net\/congo-brazzaville\/politique\/sommet-des-trois-bassins-forestiers-aremeau-salue-linitiative-du-chef-de-letat\"]}]},{\"@type\":\"ImageObject\",\"inLanguage\":\"fr-FR\",\"@id\":\"https:\/\/www.africa-press.net\/congo-brazzaville\/politique\/sommet-des-trois-bassins-forestiers-aremeau-salue-linitiative-du-chef-de-letat#primaryimage\",\"url\":\"https:\/\/static.africa-press.net\/congo-brazzaville\/sites\/51\/2023\/10\/sm_1698263498.230291.jpg\",\"contentUrl\":\"https:\/\/static.africa-press.net\/congo-brazzaville\/sites\/51\/2023\/10\/sm_1698263498.230291.jpg\",\"width\":1669,\"height\":768,\"caption\":\"Sommet des trois bassins forestiers : Arem\u2019eau salue l\u2019initiative du chef de l\u2019Etat\"},{\"@type\":\"BreadcrumbList\",\"@id\":\"https:\/\/www.africa-press.net\/congo-brazzaville\/politique\/sommet-des-trois-bassins-forestiers-aremeau-salue-linitiative-du-chef-de-letat#breadcrumb\",\"itemListElement\":[{\"@type\":\"ListItem\",\"position\":1,\"name\":\"Accueil\",\"item\":\"https:\/\/www.africa-press.net\/congo-brazzaville\/\"},{\"@type\":\"ListItem\",\"position\":2,\"name\":\"Sommet des trois bassins forestiers : Arem\u2019eau salue l\u2019initiative du chef de l\u2019Etat\"}]},{\"@type\":\"WebSite\",\"@id\":\"https:\/\/www.africa-press.net\/congo-brazzaville\/#website\",\"url\":\"https:\/\/www.africa-press.net\/congo-brazzaville\/\",\"name\":\"Congo Brazzaville\",\"description\":\"Just another Africa News Agency Sites site\",\"potentialAction\":[{\"@type\":\"SearchAction\",\"target\":{\"@type\":\"EntryPoint\",\"urlTemplate\":\"https:\/\/www.africa-press.net\/congo-brazzaville\/?s={search_term_string}\"},\"query-input\":{\"@type\":\"PropertyValueSpecification\",\"valueRequired\":true,\"valueName\":\"search_term_string\"}}],\"inLanguage\":\"fr-FR\"},{\"@type\":\"Person\",\"@id\":\"https:\/\/www.africa-press.net\/congo-brazzaville\/#\/schema\/person\/2b1cf3cd81a31e3cd26889ca66d677f1\",\"name\":\"cfeditorfr\"}]}<\/script>\n<!-- \/ Yoast SEO Premium plugin. -->","yoast_head_json":{"title":"Sommet des trois bassins forestiers : Arem\u2019eau salue l\u2019initiative du chef de l\u2019Etat - Congo Brazzaville","description":"Dans une de\u0301claration publie\u0301e le 24 octobre a\u0300 Brazzaville, a\u0300 deux jours de l\u2018ouverture du sommet des trois bassins ...","robots":{"index":"index","follow":"follow","max-snippet":"max-snippet:-1","max-image-preview":"max-image-preview:large","max-video-preview":"max-video-preview:-1"},"canonical":"https:\/\/www.africa-press.net\/congo-brazzaville\/politique\/sommet-des-trois-bassins-forestiers-aremeau-salue-linitiative-du-chef-de-letat","og_locale":"fr_FR","og_type":"article","og_title":"Sommet des trois bassins forestiers : Arem\u2019eau salue l\u2019initiative du chef de l\u2019Etat","og_description":"Dans une de\u0301claration publie\u0301e le 24 octobre a\u0300 Brazzaville, a\u0300 deux jours de l\u2018ouverture du sommet des trois bassins ...","og_url":"https:\/\/www.africa-press.net\/congo-brazzaville\/politique\/sommet-des-trois-bassins-forestiers-aremeau-salue-linitiative-du-chef-de-letat","og_site_name":"Congo Brazzaville","article_published_time":"2023-10-25T22:32:12+00:00","article_modified_time":"2023-10-26T01:24:11+00:00","og_image":[{"width":1669,"height":768,"url":"https:\/\/static.africa-press.net\/congo-brazzaville\/sites\/51\/2023\/10\/sm_1698263498.230291.jpg","type":"image\/jpeg"}],"author":"cfeditorfr","twitter_card":"summary_large_image","twitter_misc":{"\u00c9crit par":"cfeditorfr","Dur\u00e9e de lecture estim\u00e9e":"2 minutes"},"schema":{"@context":"https:\/\/schema.org","@graph":[{"@type":"Article","@id":"https:\/\/www.africa-press.net\/congo-brazzaville\/politique\/sommet-des-trois-bassins-forestiers-aremeau-salue-linitiative-du-chef-de-letat#article","isPartOf":{"@id":"https:\/\/www.africa-press.net\/congo-brazzaville\/politique\/sommet-des-trois-bassins-forestiers-aremeau-salue-linitiative-du-chef-de-letat"},"author":{"name":"cfeditorfr","@id":"https:\/\/www.africa-press.net\/congo-brazzaville\/#\/schema\/person\/2b1cf3cd81a31e3cd26889ca66d677f1"},"headline":"Sommet des trois bassins forestiers : Arem\u2019eau salue l\u2019initiative du chef de l\u2019Etat","datePublished":"2023-10-25T22:32:12+00:00","dateModified":"2023-10-26T01:24:11+00:00","mainEntityOfPage":{"@id":"https:\/\/www.africa-press.net\/congo-brazzaville\/politique\/sommet-des-trois-bassins-forestiers-aremeau-salue-linitiative-du-chef-de-letat"},"wordCount":366,"commentCount":0,"image":{"@id":"https:\/\/www.africa-press.net\/congo-brazzaville\/politique\/sommet-des-trois-bassins-forestiers-aremeau-salue-linitiative-du-chef-de-letat#primaryimage"},"thumbnailUrl":"https:\/\/static.africa-press.net\/congo-brazzaville\/sites\/51\/2023\/10\/sm_1698263498.230291.jpg","keywords":["Africa Press","Africa Press-Congo Brazzaville","Congo Brazzaville"],"articleSection":["Politique","Toutes les actualit\u00e9s"],"inLanguage":"fr-FR","potentialAction":[{"@type":"CommentAction","name":"Comment","target":["https:\/\/www.africa-press.net\/congo-brazzaville\/politique\/sommet-des-trois-bassins-forestiers-aremeau-salue-linitiative-du-chef-de-letat#respond"]}]},{"@type":"WebPage","@id":"https:\/\/www.africa-press.net\/congo-brazzaville\/politique\/sommet-des-trois-bassins-forestiers-aremeau-salue-linitiative-du-chef-de-letat","url":"https:\/\/www.africa-press.net\/congo-brazzaville\/politique\/sommet-des-trois-bassins-forestiers-aremeau-salue-linitiative-du-chef-de-letat","name":"Sommet des trois bassins forestiers : Arem\u2019eau salue l\u2019initiative du chef de l\u2019Etat - Congo Brazzaville","isPartOf":{"@id":"https:\/\/www.africa-press.net\/congo-brazzaville\/#website"},"primaryImageOfPage":{"@id":"https:\/\/www.africa-press.net\/congo-brazzaville\/politique\/sommet-des-trois-bassins-forestiers-aremeau-salue-linitiative-du-chef-de-letat#primaryimage"},"image":{"@id":"https:\/\/www.africa-press.net\/congo-brazzaville\/politique\/sommet-des-trois-bassins-forestiers-aremeau-salue-linitiative-du-chef-de-letat#primaryimage"},"thumbnailUrl":"https:\/\/static.africa-press.net\/congo-brazzaville\/sites\/51\/2023\/10\/sm_1698263498.230291.jpg","datePublished":"2023-10-25T22:32:12+00:00","dateModified":"2023-10-26T01:24:11+00:00","author":{"@id":"https:\/\/www.africa-press.net\/congo-brazzaville\/#\/schema\/person\/2b1cf3cd81a31e3cd26889ca66d677f1"},"description":"Dans une de\u0301claration publie\u0301e le 24 octobre a\u0300 Brazzaville, a\u0300 deux jours de l\u2018ouverture du sommet des trois bassins ...","breadcrumb":{"@id":"https:\/\/www.africa-press.net\/congo-brazzaville\/politique\/sommet-des-trois-bassins-forestiers-aremeau-salue-linitiative-du-chef-de-letat#breadcrumb"},"inLanguage":"fr-FR","potentialAction":[{"@type":"ReadAction","target":["https:\/\/www.africa-press.net\/congo-brazzaville\/politique\/sommet-des-trois-bassins-forestiers-aremeau-salue-linitiative-du-chef-de-letat"]}]},{"@type":"ImageObject","inLanguage":"fr-FR","@id":"https:\/\/www.africa-press.net\/congo-brazzaville\/politique\/sommet-des-trois-bassins-forestiers-aremeau-salue-linitiative-du-chef-de-letat#primaryimage","url":"https:\/\/static.africa-press.net\/congo-brazzaville\/sites\/51\/2023\/10\/sm_1698263498.230291.jpg","contentUrl":"https:\/\/static.africa-press.net\/congo-brazzaville\/sites\/51\/2023\/10\/sm_1698263498.230291.jpg","width":1669,"height":768,"caption":"Sommet des trois bassins forestiers : Arem\u2019eau salue l\u2019initiative du chef de l\u2019Etat"},{"@type":"BreadcrumbList","@id":"https:\/\/www.africa-press.net\/congo-brazzaville\/politique\/sommet-des-trois-bassins-forestiers-aremeau-salue-linitiative-du-chef-de-letat#breadcrumb","itemListElement":[{"@type":"ListItem","position":1,"name":"Accueil","item":"https:\/\/www.africa-press.net\/congo-brazzaville\/"},{"@type":"ListItem","position":2,"name":"Sommet des trois bassins forestiers : Arem\u2019eau salue l\u2019initiative du chef de l\u2019Etat"}]},{"@type":"WebSite","@id":"https:\/\/www.africa-press.net\/congo-brazzaville\/#website","url":"https:\/\/www.africa-press.net\/congo-brazzaville\/","name":"Congo Brazzaville","description":"Just another Africa News Agency Sites site","potentialAction":[{"@type":"SearchAction","target":{"@type":"EntryPoint","urlTemplate":"https:\/\/www.africa-press.net\/congo-brazzaville\/?s={search_term_string}"},"query-input":{"@type":"PropertyValueSpecification","valueRequired":true,"valueName":"search_term_string"}}],"inLanguage":"fr-FR"},{"@type":"Person","@id":"https:\/\/www.africa-press.net\/congo-brazzaville\/#\/schema\/person\/2b1cf3cd81a31e3cd26889ca66d677f1","name":"cfeditorfr"}]}},"_links":{"self":[{"href":"https:\/\/www.africa-press.net\/congo-brazzaville\/wp-json\/wp\/v2\/posts\/23486","targetHints":{"allow":["GET"]}}],"collection":[{"href":"https:\/\/www.africa-press.net\/congo-brazzaville\/wp-json\/wp\/v2\/posts"}],"about":[{"href":"https:\/\/www.africa-press.net\/congo-brazzaville\/wp-json\/wp\/v2\/types\/post"}],"author":[{"embeddable":true,"href":"https:\/\/www.africa-press.net\/congo-brazzaville\/wp-json\/wp\/v2\/users\/82"}],"replies":[{"embeddable":true,"href":"https:\/\/www.africa-press.net\/congo-brazzaville\/wp-json\/wp\/v2\/comments?post=23486"}],"version-history":[{"count":0,"href":"https:\/\/www.africa-press.net\/congo-brazzaville\/wp-json\/wp\/v2\/posts\/23486\/revisions"}],"wp:featuredmedia":[{"embeddable":true,"href":"https:\/\/www.africa-press.net\/congo-brazzaville\/wp-json\/wp\/v2\/media\/23485"}],"wp:attachment":[{"href":"https:\/\/www.africa-press.net\/congo-brazzaville\/wp-json\/wp\/v2\/media?parent=23486"}],"wp:term":[{"taxonomy":"category","embeddable":true,"href":"https:\/\/www.africa-press.net\/congo-brazzaville\/wp-json\/wp\/v2\/categories?post=23486"},{"taxonomy":"post_tag","embeddable":true,"href":"https:\/\/www.africa-press.net\/congo-brazzaville\/wp-json\/wp\/v2\/tags?post=23486"}],"curies":[{"name":"wp","href":"https:\/\/api.w.org\/{rel}","templated":true}]}}