{"id":23490,"date":"2023-10-25T22:32:29","date_gmt":"2023-10-25T22:32:29","guid":{"rendered":"https:\/\/www.africa-press.net\/congo-brazzaville\/politique\/journee-mondiale-contre-la-polio-les-rotariens-reaffirment-leur-engagement"},"modified":"2023-10-26T01:24:26","modified_gmt":"2023-10-26T01:24:26","slug":"journee-mondiale-contre-la-polio-les-rotariens-reaffirment-leur-engagement","status":"publish","type":"post","link":"https:\/\/www.africa-press.net\/congo-brazzaville\/photo\/journee-mondiale-contre-la-polio-les-rotariens-reaffirment-leur-engagement","title":{"rendered":"Journ\u00e9e mondiale contre la polio : les Rotariens r\u00e9affirment leur engagement"},"content":{"rendered":"<p><span style=\"color: #ff6600\"><strong>Africa-Press &#8211; Congo Brazzaville. <\/strong><\/span><b>Les responsables des cinq clubs de Rotary de Brazzaville se sont retrouve\u0301s, le 24 octobre, pour faire le point sur la situation de poliomye\u0301lite dans le monde et au Congo, avant de re\u0301affirmer leur engagement dans la lutte contre cette pande\u0301mie.<\/b><\/p>\n<p>L\u2019ancien gouverneur du district 9150, Roland Rizet, qui a fait l\u2019aperc\u0327u historique du Rotary Club international dans la lutte contre la poliomye\u0301lite, a rappele\u0301 que cette organisation a consacre\u0301 depuis plusieurs de\u0301cennies des budgets colossaux pour vacciner plus de deux milliards d\u2019enfants de moins de 5 ans, e\u0301chappant ainsi a\u0300 la paralysie. Selon lui, plus de 500 000 cas sont e\u0301vite\u0301s chaque anne\u0301e et le nombre de contamination a chute\u0301 de 99%. \u00ab Tout est parti d\u2019une ope\u0301ration de vaccination en 1979 et cela a abouti en 1985 que le Rotary prenne comme leitmotiv l\u2019e\u0301radication totale de la circulation du poliovirus sauvage. Ce qui a e\u0301te\u0301 repris en 1988 par une re\u0301solution de l\u2019Assemble\u0301e ge\u0301ne\u0301rale de l\u2019Organisation mondiale de la sante\u0301 (OMS) pour l\u2019initiative mondiale pour l\u2019e\u0301radication de la poliomye\u0301lite \u00bb, a-t-il rappele\u0301, pre\u0301cisant que lors de la ce\u0301le\u0301bration du centenaire du Rotary international en 2005, le nombre de pays ou\u0300 se\u0301vissait de manie\u0300re ende\u0301mique la poliomye\u0301lite est passe\u0301 de 205 a\u0300 4.<\/p>\n<p>Mais, aujourd\u2019hui, il n\u2019y a que deux pays dans lesquels se\u0301vit la circulation du poliovirus sauvage, notamment l\u2019Afghanistan et le Pakistan. Sur le continent africain, l\u2019Afrique centrale est plus ou moins conside\u0301re\u0301e comme le berceau de la pande\u0301mie avec la circulation du poliovirus de\u0301rive\u0301 de la vaccination dans certains pays comme la Re\u0301publique de\u0301mocratique du Congo ou\u0300 150 cas ont e\u0301te\u0301 de\u0301cele\u0301s re\u0301cemment. La Re\u0301publique du Congo, qui a connu une pe\u0301riode meurtrie\u0300re en 2010 avec 540 cas re\u0301pertorie\u0301s dont 220 de\u0301ce\u0300s, reste encore sous menace car l\u2019on trouve, apre\u0300s des e\u0301tudes environnementales, la circulation du virus de\u0301rive\u0301 de la vaccination.<\/p>\n<p>En effet, les subventions du Rotary accorde\u0301es a\u0300 l\u2019OMS et a\u0300 l\u2019Unicef depuis 1985 pour le Congo sont estime\u0301es a\u0300 2,340 912 dollars. Des fonds utilise\u0301s pour le soutien ope\u0301rationnel, la surveillance, la mobilisation sociale, l\u2019assistance technique et la vaccination. \u00ab Le Rotary international n\u2019est pas loin de conclure, nous n\u2019en avons plus le choix. Ce doit e\u0302tre un cadeau offert aux enfants de notre plane\u0300te pour nous Rotariens, accompagne\u0301s de nos partenaires. Nous devons nous en donner les moyens. Nous exhortons les Rotariens a\u0300 soutenir les efforts de vaccination et la Fondation du Rotary international de par les cotisations mensuelles que nous faisons \u00bb, a conclu le Dr Roland Rizet.<\/p>\n<p>Conseiller aux maladies e\u0301vitables par la vaccination au bureau de l\u2019OMS-Congo, le Dr Edouard Ndinga, qui a parle\u0301 de la situation de la polio dans le monde, en Afrique et Re\u0301publique du Congo, a souligne\u0301 la ne\u0301cessite\u0301 pour les pouvoirs publics de s\u2019approprier la lutte contre cette pande\u0301mie. Selon lui, la poliomye\u0301lite reste jusqu\u2019aujourd\u2019hui une urgence de sante\u0301 publique. \u00ab Au Congo, nous sommes dans une situation ou\u0300 l\u2019on a notifie\u0301 quelques cas du virus de\u0301rive\u0301 de vaccination dont un survenu l\u2019anne\u0301e dernie\u0300re et un autre cette anne\u0301e. C\u2019est pour cette raison que le gouvernement appuye\u0301 par l\u2019OMS lance des campagnes de vaccination. Nous en avons connu de\u0301ja\u0300 deux. En novembre, on connai\u0302tra un autre passage, nous appelons a\u0300 l\u2019adhe\u0301sion de la population \u00bb, a-t-il invite\u0301, insistant sur l\u2019implication des me\u0301dias dans la sensibilisation des parents.<\/p>\n<p>Initie\u0301e par le Rotary Club Bilengue\u0301, cette re\u0301union interclubs a permis aux participants de s\u2019informer de l\u2019organisation, le 23 de\u0301cembre prochain, de l\u2019arbre de Noe\u0308l. Une activite\u0301 qui regroupera environ 200 pensionnaires des orphelinats de Brazzaville autour des jeux ludiques a\u0300 la place du Rotary. Notons que le clou de cette ce\u0301le\u0301bration a e\u0301te\u0301 la confe\u0301rence de presse co-anime\u0301e par les responsables des Clubs de Rotary de Brazzaville.<\/p>\n\r\n                <style type=\"text\/css\">\r\n                    \r\n                    #td_uid_1_69f2ad173084b  .td-doubleSlider-2 .td-item1 {\r\n                        background: url(https:\/\/static.africa-press.net\/congo-brazzaville\/sites\/51\/2023\/10\/sm_1698263536.686996-80x60.jpg) 0 0 no-repeat;\r\n                    }\r\n                    #td_uid_1_69f2ad173084b  .td-doubleSlider-2 .td-item2 {\r\n                        background: url(https:\/\/static.africa-press.net\/congo-brazzaville\/sites\/51\/2023\/10\/sm_1698263551.938129-80x60.jpg) 0 0 no-repeat;\r\n                    }\r\n                <\/style>\r\n\r\n                <div id=\"td_uid_1_69f2ad173084b\" class=\"td-gallery td-slide-on-2-columns\">\r\n                    <div class=\"post_td_gallery\">\r\n                        <div class=\"td-gallery-slide-top\">\r\n                           <div class=\"td-gallery-title\"><\/div>\r\n\r\n                            <div class=\"td-gallery-controls-wrapper\">\r\n                                <div class=\"td-gallery-slide-count\"><span class=\"td-gallery-slide-item-focus\">1<\/span> de 2<\/div>\r\n                                <div class=\"td-gallery-slide-prev-next-but\">\r\n                                    <i class = \"td-icon-left doubleSliderPrevButton\"><\/i>\r\n                                    <i class = \"td-icon-right doubleSliderNextButton\"><\/i>\r\n                                <\/div>\r\n                            <\/div>\r\n                        <\/div>\r\n\r\n                        <div class = \"td-doubleSlider-1 \">\r\n                            <div class = \"td-slider\">\r\n                                \r\n                    <div class = \"td-slide-item td-item1\">\r\n                        <figure class=\"td-slide-galery-figure td-slide-popup-gallery\">\r\n                            <a class=\"slide-gallery-image-link\" href=\"https:\/\/static.africa-press.net\/congo-brazzaville\/sites\/51\/2023\/10\/sm_1698263536.686996.jpg\" title=\"sm_1698263536.686996\"  data-caption=\"\"  data-description=\"\">\r\n                                <img decoding=\"async\" src=\"https:\/\/static.africa-press.net\/congo-brazzaville\/sites\/51\/2023\/10\/sm_1698263536.686996.jpg\" srcset=\"https:\/\/static.africa-press.net\/congo-brazzaville\/sites\/51\/2023\/10\/sm_1698263536.686996.jpg 1024w, https:\/\/static.africa-press.net\/congo-brazzaville\/sites\/51\/2023\/10\/sm_1698263536.686996-300x225.jpg 300w, https:\/\/static.africa-press.net\/congo-brazzaville\/sites\/51\/2023\/10\/sm_1698263536.686996-768x576.jpg 768w, https:\/\/static.africa-press.net\/congo-brazzaville\/sites\/51\/2023\/10\/sm_1698263536.686996-80x60.jpg 80w\" sizes=\"(max-width: 1024px) 100vw, 1024px\" alt=\"\">\r\n                            <\/a>\r\n                            \r\n                        <\/figure>\r\n                    <\/div>\r\n                    <div class = \"td-slide-item td-item2\">\r\n                        <figure class=\"td-slide-galery-figure td-slide-popup-gallery\">\r\n                            <a class=\"slide-gallery-image-link\" href=\"https:\/\/static.africa-press.net\/congo-brazzaville\/sites\/51\/2023\/10\/sm_1698263551.938129.jpg\" title=\"sm_1698263551.938129\"  data-caption=\"\"  data-description=\"\">\r\n                                <img decoding=\"async\" src=\"https:\/\/static.africa-press.net\/congo-brazzaville\/sites\/51\/2023\/10\/sm_1698263551.938129.jpg\" srcset=\"https:\/\/static.africa-press.net\/congo-brazzaville\/sites\/51\/2023\/10\/sm_1698263551.938129.jpg 1024w, https:\/\/static.africa-press.net\/congo-brazzaville\/sites\/51\/2023\/10\/sm_1698263551.938129-300x225.jpg 300w, https:\/\/static.africa-press.net\/congo-brazzaville\/sites\/51\/2023\/10\/sm_1698263551.938129-768x576.jpg 768w, https:\/\/static.africa-press.net\/congo-brazzaville\/sites\/51\/2023\/10\/sm_1698263551.938129-80x60.jpg 80w\" sizes=\"(max-width: 1024px) 100vw, 1024px\" alt=\"\">\r\n                            <\/a>\r\n                            \r\n                        <\/figure>\r\n                    <\/div>\r\n                            <\/div>\r\n                        <\/div>\r\n\r\n                        <div class = \"td-doubleSlider-2\">\r\n                            <div class = \"td-slider\">\r\n                                \r\n                    <div class = \"td-button td-item1\">\r\n                        <div class = \"td-border\"><\/div>\r\n                    <\/div>\r\n                    <div class = \"td-button td-item2\">\r\n                        <div class = \"td-border\"><\/div>\r\n                    <\/div>\r\n                            <\/div>\r\n                        <\/div>\r\n\r\n                    <\/div>\r\n\r\n                <\/div>\r\n                \n<p><strong>Pour plus d&rsquo;informations et d&rsquo;analyses sur la <a href=\"https:\/\/www.africa-press.net\/congo-brazzaville\">Congo Brazzaville<\/a>, suivez <a href=\"https:\/\/www.africa-press.net\/\">Africa-Press<\/a><\/strong><\/p>\n","protected":false},"excerpt":{"rendered":"<p>Africa-Press &#8211; Congo Brazzaville. Les responsables des cinq clubs de Rotary de Brazzaville se sont retrouve\u0301s, le 24 octobre, pour faire le point sur la situation de poliomye\u0301lite dans le monde et au Congo, avant de re\u0301affirmer leur engagement dans la lutte contre cette pande\u0301mie. L\u2019ancien gouverneur du district 9150, Roland Rizet, qui a fait [&hellip;]<\/p>\n","protected":false},"author":82,"featured_media":23489,"comment_status":"open","ping_status":"closed","sticky":false,"template":"","format":"standard","meta":{"footnotes":""},"categories":[21,8,10],"tags":[36,47,46],"class_list":["post-23490","post","type-post","status-publish","format-standard","has-post-thumbnail","hentry","category-communaute","category-photo","category-toutes-les-actualites","tag-africa-press","tag-africa-press-congo-brazzaville","tag-congo-brazzaville"],"yoast_head":"<!-- This site is optimized with the Yoast SEO Premium plugin v26.1 (Yoast SEO v27.0) - https:\/\/yoast.com\/product\/yoast-seo-premium-wordpress\/ -->\n<title>Journ\u00e9e mondiale contre la polio : les Rotariens r\u00e9affirment leur engagement - Congo Brazzaville<\/title>\n<meta name=\"description\" content=\"Les responsables des cinq clubs de Rotary de Brazzaville se sont retrouve\u0301s, le 24 octobre, pour faire le point sur l ...\" \/>\n<meta name=\"robots\" content=\"index, follow, max-snippet:-1, max-image-preview:large, max-video-preview:-1\" \/>\n<link rel=\"canonical\" href=\"https:\/\/www.africa-press.net\/congo-brazzaville\/photo\/journee-mondiale-contre-la-polio-les-rotariens-reaffirment-leur-engagement\" \/>\n<meta property=\"og:locale\" content=\"fr_FR\" \/>\n<meta property=\"og:type\" content=\"article\" \/>\n<meta property=\"og:title\" content=\"Journ\u00e9e mondiale contre la polio : les Rotariens r\u00e9affirment leur engagement\" \/>\n<meta property=\"og:description\" content=\"Les responsables des cinq clubs de Rotary de Brazzaville se sont retrouve\u0301s, le 24 octobre, pour faire le point sur l ...\" \/>\n<meta property=\"og:url\" content=\"https:\/\/www.africa-press.net\/congo-brazzaville\/photo\/journee-mondiale-contre-la-polio-les-rotariens-reaffirment-leur-engagement\" \/>\n<meta property=\"og:site_name\" content=\"Congo Brazzaville\" \/>\n<meta property=\"article:published_time\" content=\"2023-10-25T22:32:29+00:00\" \/>\n<meta property=\"article:modified_time\" content=\"2023-10-26T01:24:26+00:00\" \/>\n<meta property=\"og:image\" content=\"https:\/\/static.africa-press.net\/congo-brazzaville\/sites\/51\/2023\/10\/sm_1698263567.385989.jpg\" \/>\n\t<meta property=\"og:image:width\" content=\"1024\" \/>\n\t<meta property=\"og:image:height\" content=\"768\" \/>\n\t<meta property=\"og:image:type\" content=\"image\/jpeg\" \/>\n<meta name=\"author\" content=\"cfeditorfr\" \/>\n<meta name=\"twitter:card\" content=\"summary_large_image\" \/>\n<meta name=\"twitter:label1\" content=\"\u00c9crit par\" \/>\n\t<meta name=\"twitter:data1\" content=\"cfeditorfr\" \/>\n\t<meta name=\"twitter:label2\" content=\"Dur\u00e9e de lecture estim\u00e9e\" \/>\n\t<meta name=\"twitter:data2\" content=\"4 minutes\" \/>\n<script type=\"application\/ld+json\" class=\"yoast-schema-graph\">{\"@context\":\"https:\/\/schema.org\",\"@graph\":[{\"@type\":\"Article\",\"@id\":\"https:\/\/www.africa-press.net\/congo-brazzaville\/photo\/journee-mondiale-contre-la-polio-les-rotariens-reaffirment-leur-engagement#article\",\"isPartOf\":{\"@id\":\"https:\/\/www.africa-press.net\/congo-brazzaville\/photo\/journee-mondiale-contre-la-polio-les-rotariens-reaffirment-leur-engagement\"},\"author\":{\"name\":\"cfeditorfr\",\"@id\":\"https:\/\/www.africa-press.net\/congo-brazzaville\/#\/schema\/person\/2b1cf3cd81a31e3cd26889ca66d677f1\"},\"headline\":\"Journ\u00e9e mondiale contre la polio : les Rotariens r\u00e9affirment leur engagement\",\"datePublished\":\"2023-10-25T22:32:29+00:00\",\"dateModified\":\"2023-10-26T01:24:26+00:00\",\"mainEntityOfPage\":{\"@id\":\"https:\/\/www.africa-press.net\/congo-brazzaville\/photo\/journee-mondiale-contre-la-polio-les-rotariens-reaffirment-leur-engagement\"},\"wordCount\":741,\"commentCount\":0,\"image\":{\"@id\":\"https:\/\/www.africa-press.net\/congo-brazzaville\/photo\/journee-mondiale-contre-la-polio-les-rotariens-reaffirment-leur-engagement#primaryimage\"},\"thumbnailUrl\":\"https:\/\/static.africa-press.net\/congo-brazzaville\/sites\/51\/2023\/10\/sm_1698263567.385989.jpg\",\"keywords\":[\"Africa Press\",\"Africa Press-Congo Brazzaville\",\"Congo Brazzaville\"],\"articleSection\":[\"Communaut\u00e9\",\"Photo\",\"Toutes les actualit\u00e9s\"],\"inLanguage\":\"fr-FR\",\"potentialAction\":[{\"@type\":\"CommentAction\",\"name\":\"Comment\",\"target\":[\"https:\/\/www.africa-press.net\/congo-brazzaville\/photo\/journee-mondiale-contre-la-polio-les-rotariens-reaffirment-leur-engagement#respond\"]}]},{\"@type\":\"WebPage\",\"@id\":\"https:\/\/www.africa-press.net\/congo-brazzaville\/photo\/journee-mondiale-contre-la-polio-les-rotariens-reaffirment-leur-engagement\",\"url\":\"https:\/\/www.africa-press.net\/congo-brazzaville\/photo\/journee-mondiale-contre-la-polio-les-rotariens-reaffirment-leur-engagement\",\"name\":\"Journ\u00e9e mondiale contre la polio : les Rotariens r\u00e9affirment leur engagement - Congo Brazzaville\",\"isPartOf\":{\"@id\":\"https:\/\/www.africa-press.net\/congo-brazzaville\/#website\"},\"primaryImageOfPage\":{\"@id\":\"https:\/\/www.africa-press.net\/congo-brazzaville\/photo\/journee-mondiale-contre-la-polio-les-rotariens-reaffirment-leur-engagement#primaryimage\"},\"image\":{\"@id\":\"https:\/\/www.africa-press.net\/congo-brazzaville\/photo\/journee-mondiale-contre-la-polio-les-rotariens-reaffirment-leur-engagement#primaryimage\"},\"thumbnailUrl\":\"https:\/\/static.africa-press.net\/congo-brazzaville\/sites\/51\/2023\/10\/sm_1698263567.385989.jpg\",\"datePublished\":\"2023-10-25T22:32:29+00:00\",\"dateModified\":\"2023-10-26T01:24:26+00:00\",\"author\":{\"@id\":\"https:\/\/www.africa-press.net\/congo-brazzaville\/#\/schema\/person\/2b1cf3cd81a31e3cd26889ca66d677f1\"},\"description\":\"Les responsables des cinq clubs de Rotary de Brazzaville se sont retrouve\u0301s, le 24 octobre, pour faire le point sur l ...\",\"breadcrumb\":{\"@id\":\"https:\/\/www.africa-press.net\/congo-brazzaville\/photo\/journee-mondiale-contre-la-polio-les-rotariens-reaffirment-leur-engagement#breadcrumb\"},\"inLanguage\":\"fr-FR\",\"potentialAction\":[{\"@type\":\"ReadAction\",\"target\":[\"https:\/\/www.africa-press.net\/congo-brazzaville\/photo\/journee-mondiale-contre-la-polio-les-rotariens-reaffirment-leur-engagement\"]}]},{\"@type\":\"ImageObject\",\"inLanguage\":\"fr-FR\",\"@id\":\"https:\/\/www.africa-press.net\/congo-brazzaville\/photo\/journee-mondiale-contre-la-polio-les-rotariens-reaffirment-leur-engagement#primaryimage\",\"url\":\"https:\/\/static.africa-press.net\/congo-brazzaville\/sites\/51\/2023\/10\/sm_1698263567.385989.jpg\",\"contentUrl\":\"https:\/\/static.africa-press.net\/congo-brazzaville\/sites\/51\/2023\/10\/sm_1698263567.385989.jpg\",\"width\":1024,\"height\":768,\"caption\":\"Journ\u00e9e mondiale contre la polio : les Rotariens r\u00e9affirment leur engagement\"},{\"@type\":\"BreadcrumbList\",\"@id\":\"https:\/\/www.africa-press.net\/congo-brazzaville\/photo\/journee-mondiale-contre-la-polio-les-rotariens-reaffirment-leur-engagement#breadcrumb\",\"itemListElement\":[{\"@type\":\"ListItem\",\"position\":1,\"name\":\"Accueil\",\"item\":\"https:\/\/www.africa-press.net\/congo-brazzaville\/\"},{\"@type\":\"ListItem\",\"position\":2,\"name\":\"Journ\u00e9e mondiale contre la polio : les Rotariens r\u00e9affirment leur engagement\"}]},{\"@type\":\"WebSite\",\"@id\":\"https:\/\/www.africa-press.net\/congo-brazzaville\/#website\",\"url\":\"https:\/\/www.africa-press.net\/congo-brazzaville\/\",\"name\":\"Congo Brazzaville\",\"description\":\"Just another Africa News Agency Sites site\",\"potentialAction\":[{\"@type\":\"SearchAction\",\"target\":{\"@type\":\"EntryPoint\",\"urlTemplate\":\"https:\/\/www.africa-press.net\/congo-brazzaville\/?s={search_term_string}\"},\"query-input\":{\"@type\":\"PropertyValueSpecification\",\"valueRequired\":true,\"valueName\":\"search_term_string\"}}],\"inLanguage\":\"fr-FR\"},{\"@type\":\"Person\",\"@id\":\"https:\/\/www.africa-press.net\/congo-brazzaville\/#\/schema\/person\/2b1cf3cd81a31e3cd26889ca66d677f1\",\"name\":\"cfeditorfr\"}]}<\/script>\n<!-- \/ Yoast SEO Premium plugin. -->","yoast_head_json":{"title":"Journ\u00e9e mondiale contre la polio : les Rotariens r\u00e9affirment leur engagement - Congo Brazzaville","description":"Les responsables des cinq clubs de Rotary de Brazzaville se sont retrouve\u0301s, le 24 octobre, pour faire le point sur l ...","robots":{"index":"index","follow":"follow","max-snippet":"max-snippet:-1","max-image-preview":"max-image-preview:large","max-video-preview":"max-video-preview:-1"},"canonical":"https:\/\/www.africa-press.net\/congo-brazzaville\/photo\/journee-mondiale-contre-la-polio-les-rotariens-reaffirment-leur-engagement","og_locale":"fr_FR","og_type":"article","og_title":"Journ\u00e9e mondiale contre la polio : les Rotariens r\u00e9affirment leur engagement","og_description":"Les responsables des cinq clubs de Rotary de Brazzaville se sont retrouve\u0301s, le 24 octobre, pour faire le point sur l ...","og_url":"https:\/\/www.africa-press.net\/congo-brazzaville\/photo\/journee-mondiale-contre-la-polio-les-rotariens-reaffirment-leur-engagement","og_site_name":"Congo Brazzaville","article_published_time":"2023-10-25T22:32:29+00:00","article_modified_time":"2023-10-26T01:24:26+00:00","og_image":[{"width":1024,"height":768,"url":"https:\/\/static.africa-press.net\/congo-brazzaville\/sites\/51\/2023\/10\/sm_1698263567.385989.jpg","type":"image\/jpeg"}],"author":"cfeditorfr","twitter_card":"summary_large_image","twitter_misc":{"\u00c9crit par":"cfeditorfr","Dur\u00e9e de lecture estim\u00e9e":"4 minutes"},"schema":{"@context":"https:\/\/schema.org","@graph":[{"@type":"Article","@id":"https:\/\/www.africa-press.net\/congo-brazzaville\/photo\/journee-mondiale-contre-la-polio-les-rotariens-reaffirment-leur-engagement#article","isPartOf":{"@id":"https:\/\/www.africa-press.net\/congo-brazzaville\/photo\/journee-mondiale-contre-la-polio-les-rotariens-reaffirment-leur-engagement"},"author":{"name":"cfeditorfr","@id":"https:\/\/www.africa-press.net\/congo-brazzaville\/#\/schema\/person\/2b1cf3cd81a31e3cd26889ca66d677f1"},"headline":"Journ\u00e9e mondiale contre la polio : les Rotariens r\u00e9affirment leur engagement","datePublished":"2023-10-25T22:32:29+00:00","dateModified":"2023-10-26T01:24:26+00:00","mainEntityOfPage":{"@id":"https:\/\/www.africa-press.net\/congo-brazzaville\/photo\/journee-mondiale-contre-la-polio-les-rotariens-reaffirment-leur-engagement"},"wordCount":741,"commentCount":0,"image":{"@id":"https:\/\/www.africa-press.net\/congo-brazzaville\/photo\/journee-mondiale-contre-la-polio-les-rotariens-reaffirment-leur-engagement#primaryimage"},"thumbnailUrl":"https:\/\/static.africa-press.net\/congo-brazzaville\/sites\/51\/2023\/10\/sm_1698263567.385989.jpg","keywords":["Africa Press","Africa Press-Congo Brazzaville","Congo Brazzaville"],"articleSection":["Communaut\u00e9","Photo","Toutes les actualit\u00e9s"],"inLanguage":"fr-FR","potentialAction":[{"@type":"CommentAction","name":"Comment","target":["https:\/\/www.africa-press.net\/congo-brazzaville\/photo\/journee-mondiale-contre-la-polio-les-rotariens-reaffirment-leur-engagement#respond"]}]},{"@type":"WebPage","@id":"https:\/\/www.africa-press.net\/congo-brazzaville\/photo\/journee-mondiale-contre-la-polio-les-rotariens-reaffirment-leur-engagement","url":"https:\/\/www.africa-press.net\/congo-brazzaville\/photo\/journee-mondiale-contre-la-polio-les-rotariens-reaffirment-leur-engagement","name":"Journ\u00e9e mondiale contre la polio : les Rotariens r\u00e9affirment leur engagement - Congo Brazzaville","isPartOf":{"@id":"https:\/\/www.africa-press.net\/congo-brazzaville\/#website"},"primaryImageOfPage":{"@id":"https:\/\/www.africa-press.net\/congo-brazzaville\/photo\/journee-mondiale-contre-la-polio-les-rotariens-reaffirment-leur-engagement#primaryimage"},"image":{"@id":"https:\/\/www.africa-press.net\/congo-brazzaville\/photo\/journee-mondiale-contre-la-polio-les-rotariens-reaffirment-leur-engagement#primaryimage"},"thumbnailUrl":"https:\/\/static.africa-press.net\/congo-brazzaville\/sites\/51\/2023\/10\/sm_1698263567.385989.jpg","datePublished":"2023-10-25T22:32:29+00:00","dateModified":"2023-10-26T01:24:26+00:00","author":{"@id":"https:\/\/www.africa-press.net\/congo-brazzaville\/#\/schema\/person\/2b1cf3cd81a31e3cd26889ca66d677f1"},"description":"Les responsables des cinq clubs de Rotary de Brazzaville se sont retrouve\u0301s, le 24 octobre, pour faire le point sur l ...","breadcrumb":{"@id":"https:\/\/www.africa-press.net\/congo-brazzaville\/photo\/journee-mondiale-contre-la-polio-les-rotariens-reaffirment-leur-engagement#breadcrumb"},"inLanguage":"fr-FR","potentialAction":[{"@type":"ReadAction","target":["https:\/\/www.africa-press.net\/congo-brazzaville\/photo\/journee-mondiale-contre-la-polio-les-rotariens-reaffirment-leur-engagement"]}]},{"@type":"ImageObject","inLanguage":"fr-FR","@id":"https:\/\/www.africa-press.net\/congo-brazzaville\/photo\/journee-mondiale-contre-la-polio-les-rotariens-reaffirment-leur-engagement#primaryimage","url":"https:\/\/static.africa-press.net\/congo-brazzaville\/sites\/51\/2023\/10\/sm_1698263567.385989.jpg","contentUrl":"https:\/\/static.africa-press.net\/congo-brazzaville\/sites\/51\/2023\/10\/sm_1698263567.385989.jpg","width":1024,"height":768,"caption":"Journ\u00e9e mondiale contre la polio : les Rotariens r\u00e9affirment leur engagement"},{"@type":"BreadcrumbList","@id":"https:\/\/www.africa-press.net\/congo-brazzaville\/photo\/journee-mondiale-contre-la-polio-les-rotariens-reaffirment-leur-engagement#breadcrumb","itemListElement":[{"@type":"ListItem","position":1,"name":"Accueil","item":"https:\/\/www.africa-press.net\/congo-brazzaville\/"},{"@type":"ListItem","position":2,"name":"Journ\u00e9e mondiale contre la polio : les Rotariens r\u00e9affirment leur engagement"}]},{"@type":"WebSite","@id":"https:\/\/www.africa-press.net\/congo-brazzaville\/#website","url":"https:\/\/www.africa-press.net\/congo-brazzaville\/","name":"Congo Brazzaville","description":"Just another Africa News Agency Sites site","potentialAction":[{"@type":"SearchAction","target":{"@type":"EntryPoint","urlTemplate":"https:\/\/www.africa-press.net\/congo-brazzaville\/?s={search_term_string}"},"query-input":{"@type":"PropertyValueSpecification","valueRequired":true,"valueName":"search_term_string"}}],"inLanguage":"fr-FR"},{"@type":"Person","@id":"https:\/\/www.africa-press.net\/congo-brazzaville\/#\/schema\/person\/2b1cf3cd81a31e3cd26889ca66d677f1","name":"cfeditorfr"}]}},"_links":{"self":[{"href":"https:\/\/www.africa-press.net\/congo-brazzaville\/wp-json\/wp\/v2\/posts\/23490","targetHints":{"allow":["GET"]}}],"collection":[{"href":"https:\/\/www.africa-press.net\/congo-brazzaville\/wp-json\/wp\/v2\/posts"}],"about":[{"href":"https:\/\/www.africa-press.net\/congo-brazzaville\/wp-json\/wp\/v2\/types\/post"}],"author":[{"embeddable":true,"href":"https:\/\/www.africa-press.net\/congo-brazzaville\/wp-json\/wp\/v2\/users\/82"}],"replies":[{"embeddable":true,"href":"https:\/\/www.africa-press.net\/congo-brazzaville\/wp-json\/wp\/v2\/comments?post=23490"}],"version-history":[{"count":0,"href":"https:\/\/www.africa-press.net\/congo-brazzaville\/wp-json\/wp\/v2\/posts\/23490\/revisions"}],"wp:featuredmedia":[{"embeddable":true,"href":"https:\/\/www.africa-press.net\/congo-brazzaville\/wp-json\/wp\/v2\/media\/23489"}],"wp:attachment":[{"href":"https:\/\/www.africa-press.net\/congo-brazzaville\/wp-json\/wp\/v2\/media?parent=23490"}],"wp:term":[{"taxonomy":"category","embeddable":true,"href":"https:\/\/www.africa-press.net\/congo-brazzaville\/wp-json\/wp\/v2\/categories?post=23490"},{"taxonomy":"post_tag","embeddable":true,"href":"https:\/\/www.africa-press.net\/congo-brazzaville\/wp-json\/wp\/v2\/tags?post=23490"}],"curies":[{"name":"wp","href":"https:\/\/api.w.org\/{rel}","templated":true}]}}