{"id":23498,"date":"2023-10-25T22:34:51","date_gmt":"2023-10-25T22:34:51","guid":{"rendered":"https:\/\/www.africa-press.net\/congo-brazzaville\/politique\/environnement-le-leadership-de-denis-sassou-nguesso-au-coeur-dun-webinaire"},"modified":"2023-10-26T01:25:24","modified_gmt":"2023-10-26T01:25:24","slug":"environnement-le-leadership-de-denis-sassou-nguesso-au-coeur-dun-webinaire","status":"publish","type":"post","link":"https:\/\/www.africa-press.net\/congo-brazzaville\/politique\/environnement-le-leadership-de-denis-sassou-nguesso-au-coeur-dun-webinaire","title":{"rendered":"Environnement : le leadership de Denis Sassou N\u2019Guesso au c\u0153ur d\u2019un webinaire"},"content":{"rendered":"<p><span style=\"color: #ff6600\"><strong>Africa-Press &#8211; Congo Brazzaville. <\/strong><\/span>La rencontre virtuelle a permis aux participants issus de divers horizons dont les influenceurs du net d\u2019e\u0301changer sur six sous-the\u0300mes. Il s\u2019agit, entre autres, de \u00ab la certification forestie\u0300re \u00bb ; \u00ab la participation du Congo aux Confe\u0301rences des parties (COP) \u00bb ; \u00ab les notions de base de l\u2019environnement \u00bb. Les autres communications ont porte\u0301 sur \u00ab la politique gouvernementale en matie\u0300re environnementale \u00bb ; \u00ab l\u2019implication des populations dans la protection de l\u2019environnement \u00bb ; \u00ab l\u2019apport du bassin du Congo dans l\u2019e\u0301quilibre e\u0301cologique plane\u0301taire \u00bb.<\/p>\n<p>Des communications qui ont donne\u0301 lieu aux ve\u0301ritables e\u0301changes dont ont participe\u0301 des experts internationaux depuis l\u2019Ame\u0301rique, l\u2019Asie, l\u2019Afrique.<\/p>\n<p>Notons que \u00ab Parlons vrai 242 \u00bb est une plateforme citoyenne qui re\u0301unit les intellectuels en vue d\u2019e\u0301changer sur des sujets divers touchant la vie de la nation. Elle avait organise\u0301 sa session inaugurale en format hybride (en pre\u0301sentiel et en ligne) le 22 septembre dernier sur le the\u0300me \u00ab Que se passe-t-il en Afrique noire francophone ? \u00bb. Une rencontre qui avait re\u0301uni dans une me\u0302me salle des universitaires et acteurs des re\u0301seaux sociaux et bien d\u2019autres intellectuels.<\/p>\n<p><strong>Pour plus d&rsquo;informations et d&rsquo;analyses sur la <a href=\"https:\/\/www.africa-press.net\/congo-brazzaville\">Congo Brazzaville<\/a>, suivez <a href=\"https:\/\/www.africa-press.net\/\">Africa-Press<\/a><\/strong><\/p>\n","protected":false},"excerpt":{"rendered":"<p>Africa-Press &#8211; Congo Brazzaville. La rencontre virtuelle a permis aux participants issus de divers horizons dont les influenceurs du net d\u2019e\u0301changer sur six sous-the\u0300mes. Il s\u2019agit, entre autres, de \u00ab la certification forestie\u0300re \u00bb ; \u00ab la participation du Congo aux Confe\u0301rences des parties (COP) \u00bb ; \u00ab les notions de base de l\u2019environnement \u00bb. [&hellip;]<\/p>\n","protected":false},"author":82,"featured_media":23496,"comment_status":"open","ping_status":"closed","sticky":false,"template":"","format":"standard","meta":{"footnotes":""},"categories":[2,10],"tags":[36,47,46],"class_list":["post-23498","post","type-post","status-publish","format-standard","has-post-thumbnail","hentry","category-politique","category-toutes-les-actualites","tag-africa-press","tag-africa-press-congo-brazzaville","tag-congo-brazzaville"],"yoast_head":"<!-- This site is optimized with the Yoast SEO Premium plugin v26.1 (Yoast SEO v27.0) - https:\/\/yoast.com\/product\/yoast-seo-premium-wordpress\/ -->\n<title>Environnement : le leadership de Denis Sassou N\u2019Guesso au c\u0153ur d\u2019un webinaire - Congo Brazzaville<\/title>\n<meta name=\"description\" content=\"La rencontre virtuelle a permis aux participants issus de divers horizons dont les influenceurs du net d\u2019e\u0301changer sur s ...\" \/>\n<meta name=\"robots\" content=\"index, follow, max-snippet:-1, max-image-preview:large, max-video-preview:-1\" \/>\n<link rel=\"canonical\" href=\"https:\/\/www.africa-press.net\/congo-brazzaville\/politique\/environnement-le-leadership-de-denis-sassou-nguesso-au-coeur-dun-webinaire\" \/>\n<meta property=\"og:locale\" content=\"fr_FR\" \/>\n<meta property=\"og:type\" content=\"article\" \/>\n<meta property=\"og:title\" content=\"Environnement : le leadership de Denis Sassou N\u2019Guesso au c\u0153ur d\u2019un webinaire\" \/>\n<meta property=\"og:description\" content=\"La rencontre virtuelle a permis aux participants issus de divers horizons dont les influenceurs du net d\u2019e\u0301changer sur s ...\" \/>\n<meta property=\"og:url\" content=\"https:\/\/www.africa-press.net\/congo-brazzaville\/politique\/environnement-le-leadership-de-denis-sassou-nguesso-au-coeur-dun-webinaire\" \/>\n<meta property=\"og:site_name\" content=\"Congo Brazzaville\" \/>\n<meta property=\"article:published_time\" content=\"2023-10-25T22:34:51+00:00\" \/>\n<meta property=\"article:modified_time\" content=\"2023-10-26T01:25:24+00:00\" \/>\n<meta property=\"og:image\" content=\"https:\/\/static.africa-press.net\/congo-brazzaville\/sites\/51\/2023\/10\/sm_1698263642.470362.jpg\" \/>\n\t<meta property=\"og:image:width\" content=\"1600\" \/>\n\t<meta property=\"og:image:height\" content=\"1066\" \/>\n\t<meta property=\"og:image:type\" content=\"image\/jpeg\" \/>\n<meta name=\"author\" content=\"cfeditorfr\" \/>\n<meta name=\"twitter:card\" content=\"summary_large_image\" \/>\n<meta name=\"twitter:label1\" content=\"\u00c9crit par\" \/>\n\t<meta name=\"twitter:data1\" content=\"cfeditorfr\" \/>\n\t<meta name=\"twitter:label2\" content=\"Dur\u00e9e de lecture estim\u00e9e\" \/>\n\t<meta name=\"twitter:data2\" content=\"1 minute\" \/>\n<script type=\"application\/ld+json\" class=\"yoast-schema-graph\">{\"@context\":\"https:\/\/schema.org\",\"@graph\":[{\"@type\":\"Article\",\"@id\":\"https:\/\/www.africa-press.net\/congo-brazzaville\/politique\/environnement-le-leadership-de-denis-sassou-nguesso-au-coeur-dun-webinaire#article\",\"isPartOf\":{\"@id\":\"https:\/\/www.africa-press.net\/congo-brazzaville\/politique\/environnement-le-leadership-de-denis-sassou-nguesso-au-coeur-dun-webinaire\"},\"author\":{\"name\":\"cfeditorfr\",\"@id\":\"https:\/\/www.africa-press.net\/congo-brazzaville\/#\/schema\/person\/2b1cf3cd81a31e3cd26889ca66d677f1\"},\"headline\":\"Environnement : le leadership de Denis Sassou N\u2019Guesso au c\u0153ur d\u2019un webinaire\",\"datePublished\":\"2023-10-25T22:34:51+00:00\",\"dateModified\":\"2023-10-26T01:25:24+00:00\",\"mainEntityOfPage\":{\"@id\":\"https:\/\/www.africa-press.net\/congo-brazzaville\/politique\/environnement-le-leadership-de-denis-sassou-nguesso-au-coeur-dun-webinaire\"},\"wordCount\":224,\"commentCount\":0,\"image\":{\"@id\":\"https:\/\/www.africa-press.net\/congo-brazzaville\/politique\/environnement-le-leadership-de-denis-sassou-nguesso-au-coeur-dun-webinaire#primaryimage\"},\"thumbnailUrl\":\"https:\/\/static.africa-press.net\/congo-brazzaville\/sites\/51\/2023\/10\/sm_1698263642.470362.jpg\",\"keywords\":[\"Africa Press\",\"Africa Press-Congo Brazzaville\",\"Congo Brazzaville\"],\"articleSection\":[\"Politique\",\"Toutes les actualit\u00e9s\"],\"inLanguage\":\"fr-FR\",\"potentialAction\":[{\"@type\":\"CommentAction\",\"name\":\"Comment\",\"target\":[\"https:\/\/www.africa-press.net\/congo-brazzaville\/politique\/environnement-le-leadership-de-denis-sassou-nguesso-au-coeur-dun-webinaire#respond\"]}]},{\"@type\":\"WebPage\",\"@id\":\"https:\/\/www.africa-press.net\/congo-brazzaville\/politique\/environnement-le-leadership-de-denis-sassou-nguesso-au-coeur-dun-webinaire\",\"url\":\"https:\/\/www.africa-press.net\/congo-brazzaville\/politique\/environnement-le-leadership-de-denis-sassou-nguesso-au-coeur-dun-webinaire\",\"name\":\"Environnement : le leadership de Denis Sassou N\u2019Guesso au c\u0153ur d\u2019un webinaire - Congo Brazzaville\",\"isPartOf\":{\"@id\":\"https:\/\/www.africa-press.net\/congo-brazzaville\/#website\"},\"primaryImageOfPage\":{\"@id\":\"https:\/\/www.africa-press.net\/congo-brazzaville\/politique\/environnement-le-leadership-de-denis-sassou-nguesso-au-coeur-dun-webinaire#primaryimage\"},\"image\":{\"@id\":\"https:\/\/www.africa-press.net\/congo-brazzaville\/politique\/environnement-le-leadership-de-denis-sassou-nguesso-au-coeur-dun-webinaire#primaryimage\"},\"thumbnailUrl\":\"https:\/\/static.africa-press.net\/congo-brazzaville\/sites\/51\/2023\/10\/sm_1698263642.470362.jpg\",\"datePublished\":\"2023-10-25T22:34:51+00:00\",\"dateModified\":\"2023-10-26T01:25:24+00:00\",\"author\":{\"@id\":\"https:\/\/www.africa-press.net\/congo-brazzaville\/#\/schema\/person\/2b1cf3cd81a31e3cd26889ca66d677f1\"},\"description\":\"La rencontre virtuelle a permis aux participants issus de divers horizons dont les influenceurs du net d\u2019e\u0301changer sur s ...\",\"breadcrumb\":{\"@id\":\"https:\/\/www.africa-press.net\/congo-brazzaville\/politique\/environnement-le-leadership-de-denis-sassou-nguesso-au-coeur-dun-webinaire#breadcrumb\"},\"inLanguage\":\"fr-FR\",\"potentialAction\":[{\"@type\":\"ReadAction\",\"target\":[\"https:\/\/www.africa-press.net\/congo-brazzaville\/politique\/environnement-le-leadership-de-denis-sassou-nguesso-au-coeur-dun-webinaire\"]}]},{\"@type\":\"ImageObject\",\"inLanguage\":\"fr-FR\",\"@id\":\"https:\/\/www.africa-press.net\/congo-brazzaville\/politique\/environnement-le-leadership-de-denis-sassou-nguesso-au-coeur-dun-webinaire#primaryimage\",\"url\":\"https:\/\/static.africa-press.net\/congo-brazzaville\/sites\/51\/2023\/10\/sm_1698263642.470362.jpg\",\"contentUrl\":\"https:\/\/static.africa-press.net\/congo-brazzaville\/sites\/51\/2023\/10\/sm_1698263642.470362.jpg\",\"width\":1600,\"height\":1066,\"caption\":\"Environnement : le leadership de Denis Sassou N\u2019Guesso au c\u0153ur d\u2019un webinaire\"},{\"@type\":\"BreadcrumbList\",\"@id\":\"https:\/\/www.africa-press.net\/congo-brazzaville\/politique\/environnement-le-leadership-de-denis-sassou-nguesso-au-coeur-dun-webinaire#breadcrumb\",\"itemListElement\":[{\"@type\":\"ListItem\",\"position\":1,\"name\":\"Accueil\",\"item\":\"https:\/\/www.africa-press.net\/congo-brazzaville\/\"},{\"@type\":\"ListItem\",\"position\":2,\"name\":\"Environnement : le leadership de Denis Sassou N\u2019Guesso au c\u0153ur d\u2019un webinaire\"}]},{\"@type\":\"WebSite\",\"@id\":\"https:\/\/www.africa-press.net\/congo-brazzaville\/#website\",\"url\":\"https:\/\/www.africa-press.net\/congo-brazzaville\/\",\"name\":\"Congo Brazzaville\",\"description\":\"Just another Africa News Agency Sites site\",\"potentialAction\":[{\"@type\":\"SearchAction\",\"target\":{\"@type\":\"EntryPoint\",\"urlTemplate\":\"https:\/\/www.africa-press.net\/congo-brazzaville\/?s={search_term_string}\"},\"query-input\":{\"@type\":\"PropertyValueSpecification\",\"valueRequired\":true,\"valueName\":\"search_term_string\"}}],\"inLanguage\":\"fr-FR\"},{\"@type\":\"Person\",\"@id\":\"https:\/\/www.africa-press.net\/congo-brazzaville\/#\/schema\/person\/2b1cf3cd81a31e3cd26889ca66d677f1\",\"name\":\"cfeditorfr\"}]}<\/script>\n<!-- \/ Yoast SEO Premium plugin. -->","yoast_head_json":{"title":"Environnement : le leadership de Denis Sassou N\u2019Guesso au c\u0153ur d\u2019un webinaire - Congo Brazzaville","description":"La rencontre virtuelle a permis aux participants issus de divers horizons dont les influenceurs du net d\u2019e\u0301changer sur s ...","robots":{"index":"index","follow":"follow","max-snippet":"max-snippet:-1","max-image-preview":"max-image-preview:large","max-video-preview":"max-video-preview:-1"},"canonical":"https:\/\/www.africa-press.net\/congo-brazzaville\/politique\/environnement-le-leadership-de-denis-sassou-nguesso-au-coeur-dun-webinaire","og_locale":"fr_FR","og_type":"article","og_title":"Environnement : le leadership de Denis Sassou N\u2019Guesso au c\u0153ur d\u2019un webinaire","og_description":"La rencontre virtuelle a permis aux participants issus de divers horizons dont les influenceurs du net d\u2019e\u0301changer sur s ...","og_url":"https:\/\/www.africa-press.net\/congo-brazzaville\/politique\/environnement-le-leadership-de-denis-sassou-nguesso-au-coeur-dun-webinaire","og_site_name":"Congo Brazzaville","article_published_time":"2023-10-25T22:34:51+00:00","article_modified_time":"2023-10-26T01:25:24+00:00","og_image":[{"width":1600,"height":1066,"url":"https:\/\/static.africa-press.net\/congo-brazzaville\/sites\/51\/2023\/10\/sm_1698263642.470362.jpg","type":"image\/jpeg"}],"author":"cfeditorfr","twitter_card":"summary_large_image","twitter_misc":{"\u00c9crit par":"cfeditorfr","Dur\u00e9e de lecture estim\u00e9e":"1 minute"},"schema":{"@context":"https:\/\/schema.org","@graph":[{"@type":"Article","@id":"https:\/\/www.africa-press.net\/congo-brazzaville\/politique\/environnement-le-leadership-de-denis-sassou-nguesso-au-coeur-dun-webinaire#article","isPartOf":{"@id":"https:\/\/www.africa-press.net\/congo-brazzaville\/politique\/environnement-le-leadership-de-denis-sassou-nguesso-au-coeur-dun-webinaire"},"author":{"name":"cfeditorfr","@id":"https:\/\/www.africa-press.net\/congo-brazzaville\/#\/schema\/person\/2b1cf3cd81a31e3cd26889ca66d677f1"},"headline":"Environnement : le leadership de Denis Sassou N\u2019Guesso au c\u0153ur d\u2019un webinaire","datePublished":"2023-10-25T22:34:51+00:00","dateModified":"2023-10-26T01:25:24+00:00","mainEntityOfPage":{"@id":"https:\/\/www.africa-press.net\/congo-brazzaville\/politique\/environnement-le-leadership-de-denis-sassou-nguesso-au-coeur-dun-webinaire"},"wordCount":224,"commentCount":0,"image":{"@id":"https:\/\/www.africa-press.net\/congo-brazzaville\/politique\/environnement-le-leadership-de-denis-sassou-nguesso-au-coeur-dun-webinaire#primaryimage"},"thumbnailUrl":"https:\/\/static.africa-press.net\/congo-brazzaville\/sites\/51\/2023\/10\/sm_1698263642.470362.jpg","keywords":["Africa Press","Africa Press-Congo Brazzaville","Congo Brazzaville"],"articleSection":["Politique","Toutes les actualit\u00e9s"],"inLanguage":"fr-FR","potentialAction":[{"@type":"CommentAction","name":"Comment","target":["https:\/\/www.africa-press.net\/congo-brazzaville\/politique\/environnement-le-leadership-de-denis-sassou-nguesso-au-coeur-dun-webinaire#respond"]}]},{"@type":"WebPage","@id":"https:\/\/www.africa-press.net\/congo-brazzaville\/politique\/environnement-le-leadership-de-denis-sassou-nguesso-au-coeur-dun-webinaire","url":"https:\/\/www.africa-press.net\/congo-brazzaville\/politique\/environnement-le-leadership-de-denis-sassou-nguesso-au-coeur-dun-webinaire","name":"Environnement : le leadership de Denis Sassou N\u2019Guesso au c\u0153ur d\u2019un webinaire - Congo Brazzaville","isPartOf":{"@id":"https:\/\/www.africa-press.net\/congo-brazzaville\/#website"},"primaryImageOfPage":{"@id":"https:\/\/www.africa-press.net\/congo-brazzaville\/politique\/environnement-le-leadership-de-denis-sassou-nguesso-au-coeur-dun-webinaire#primaryimage"},"image":{"@id":"https:\/\/www.africa-press.net\/congo-brazzaville\/politique\/environnement-le-leadership-de-denis-sassou-nguesso-au-coeur-dun-webinaire#primaryimage"},"thumbnailUrl":"https:\/\/static.africa-press.net\/congo-brazzaville\/sites\/51\/2023\/10\/sm_1698263642.470362.jpg","datePublished":"2023-10-25T22:34:51+00:00","dateModified":"2023-10-26T01:25:24+00:00","author":{"@id":"https:\/\/www.africa-press.net\/congo-brazzaville\/#\/schema\/person\/2b1cf3cd81a31e3cd26889ca66d677f1"},"description":"La rencontre virtuelle a permis aux participants issus de divers horizons dont les influenceurs du net d\u2019e\u0301changer sur s ...","breadcrumb":{"@id":"https:\/\/www.africa-press.net\/congo-brazzaville\/politique\/environnement-le-leadership-de-denis-sassou-nguesso-au-coeur-dun-webinaire#breadcrumb"},"inLanguage":"fr-FR","potentialAction":[{"@type":"ReadAction","target":["https:\/\/www.africa-press.net\/congo-brazzaville\/politique\/environnement-le-leadership-de-denis-sassou-nguesso-au-coeur-dun-webinaire"]}]},{"@type":"ImageObject","inLanguage":"fr-FR","@id":"https:\/\/www.africa-press.net\/congo-brazzaville\/politique\/environnement-le-leadership-de-denis-sassou-nguesso-au-coeur-dun-webinaire#primaryimage","url":"https:\/\/static.africa-press.net\/congo-brazzaville\/sites\/51\/2023\/10\/sm_1698263642.470362.jpg","contentUrl":"https:\/\/static.africa-press.net\/congo-brazzaville\/sites\/51\/2023\/10\/sm_1698263642.470362.jpg","width":1600,"height":1066,"caption":"Environnement : le leadership de Denis Sassou N\u2019Guesso au c\u0153ur d\u2019un webinaire"},{"@type":"BreadcrumbList","@id":"https:\/\/www.africa-press.net\/congo-brazzaville\/politique\/environnement-le-leadership-de-denis-sassou-nguesso-au-coeur-dun-webinaire#breadcrumb","itemListElement":[{"@type":"ListItem","position":1,"name":"Accueil","item":"https:\/\/www.africa-press.net\/congo-brazzaville\/"},{"@type":"ListItem","position":2,"name":"Environnement : le leadership de Denis Sassou N\u2019Guesso au c\u0153ur d\u2019un webinaire"}]},{"@type":"WebSite","@id":"https:\/\/www.africa-press.net\/congo-brazzaville\/#website","url":"https:\/\/www.africa-press.net\/congo-brazzaville\/","name":"Congo Brazzaville","description":"Just another Africa News Agency Sites site","potentialAction":[{"@type":"SearchAction","target":{"@type":"EntryPoint","urlTemplate":"https:\/\/www.africa-press.net\/congo-brazzaville\/?s={search_term_string}"},"query-input":{"@type":"PropertyValueSpecification","valueRequired":true,"valueName":"search_term_string"}}],"inLanguage":"fr-FR"},{"@type":"Person","@id":"https:\/\/www.africa-press.net\/congo-brazzaville\/#\/schema\/person\/2b1cf3cd81a31e3cd26889ca66d677f1","name":"cfeditorfr"}]}},"_links":{"self":[{"href":"https:\/\/www.africa-press.net\/congo-brazzaville\/wp-json\/wp\/v2\/posts\/23498","targetHints":{"allow":["GET"]}}],"collection":[{"href":"https:\/\/www.africa-press.net\/congo-brazzaville\/wp-json\/wp\/v2\/posts"}],"about":[{"href":"https:\/\/www.africa-press.net\/congo-brazzaville\/wp-json\/wp\/v2\/types\/post"}],"author":[{"embeddable":true,"href":"https:\/\/www.africa-press.net\/congo-brazzaville\/wp-json\/wp\/v2\/users\/82"}],"replies":[{"embeddable":true,"href":"https:\/\/www.africa-press.net\/congo-brazzaville\/wp-json\/wp\/v2\/comments?post=23498"}],"version-history":[{"count":0,"href":"https:\/\/www.africa-press.net\/congo-brazzaville\/wp-json\/wp\/v2\/posts\/23498\/revisions"}],"wp:featuredmedia":[{"embeddable":true,"href":"https:\/\/www.africa-press.net\/congo-brazzaville\/wp-json\/wp\/v2\/media\/23496"}],"wp:attachment":[{"href":"https:\/\/www.africa-press.net\/congo-brazzaville\/wp-json\/wp\/v2\/media?parent=23498"}],"wp:term":[{"taxonomy":"category","embeddable":true,"href":"https:\/\/www.africa-press.net\/congo-brazzaville\/wp-json\/wp\/v2\/categories?post=23498"},{"taxonomy":"post_tag","embeddable":true,"href":"https:\/\/www.africa-press.net\/congo-brazzaville\/wp-json\/wp\/v2\/tags?post=23498"}],"curies":[{"name":"wp","href":"https:\/\/api.w.org\/{rel}","templated":true}]}}