{"id":23505,"date":"2023-10-25T22:35:20","date_gmt":"2023-10-25T22:35:20","guid":{"rendered":"https:\/\/www.africa-press.net\/congo-brazzaville\/politique\/mireille-bouilama-cumule-le-journalisme-et-lhumour-au-festival-tuseo"},"modified":"2023-10-26T01:26:10","modified_gmt":"2023-10-26T01:26:10","slug":"mireille-bouilama-cumule-le-journalisme-et-lhumour-au-festival-tuseo","status":"publish","type":"post","link":"https:\/\/www.africa-press.net\/congo-brazzaville\/toutes-les-actualites\/mireille-bouilama-cumule-le-journalisme-et-lhumour-au-festival-tuseo","title":{"rendered":"mireille bouilama cumule le journalisme et l\u2019humour au festival \u2018\u2019 tuseo \u2019\u2019"},"content":{"rendered":"<p><span style=\"color: #ff6600\"><strong>Africa-Press &#8211; Congo Brazzaville. <\/strong><\/span><b>Connue sous le nom de Lydie Mireille Bouilama, en qualite\u0301 de journaliste a\u0300 la chai\u0302ne de te\u0301le\u0301vision VOX Tv, en embrassant l\u2019humour, elle devient Mimi l\u2019Ouragan. C\u2019est sous cette appellation qu\u2019elle se prestera sur la sce\u0300ne du 16e\u0300me e\u0301dition du festival TUSEO, un rendez-vous international du rire qui se tient a\u0300 Brazzaville du 26 au 29 octobre. <\/b><\/p>\n<p>A travers un sketch intitule\u0301 \u2018\u2019 La feuille qui sauve\u2019\u2019, Mimi l\u2019Ouragan embarquera le public dans une aventure des rires verts Echos-logiques au 16e festival TUSEO. Le public aura l\u2019opportunite\u0301 de de\u0301couvrir une autre facette de la pre\u0301sentatrice de l\u2019e\u0301mission te\u0301le\u0301vise\u0301e \u00ab Votre Avis \u00bb. C\u2019est la nouvelle coqueluche dans le parterre des humoristes qui seront pre\u0301sents a\u0300 cet e\u0301ve\u0300nement culturel annuel qui se produira a\u0300 l\u2019Institut franc\u0327ais du Congo du 26 au 29 octobre 2023 a\u0300 Brazzaville.<\/p>\n<p>Lydie Mireille Bouilama, la journaliste de la chai\u0302ne de te\u0301le\u0301vision VOXTV \u2018\u2019 Le Congo vu de l\u2019inte\u0301rieur \u00bb a toujours un mot pour rire. Rien d\u2019e\u0301tonnant que son portrait soit pre\u0301sent sur l\u2019affiche des humoristes de la 16e\u0300me e\u0301dition du festival TUSEO, le rendez-vous international du rire de Brazzaville dirige\u0301 par sa fondatrice, Lauryathe Ce\u0301phis Bikouta Loutaya.<\/p>\n<p>La 16e e\u0301dition du festival tuse\u0301o se tient au moment ou\u0300 la Re\u0301publique du Congo abrite du 26 au 28 octobre, a\u0300 la Commune de Kinte\u0301le\u0301, le Sommet des trois bassins forestiers tropicaux a\u0300 travers le monde : Amazonie en Ame\u0301rique du Sud ; Bassin du Congo en Afrique centrale ; Borne\u0301o Me\u0301kong en Aise du Sud Est.<\/p>\n<p><strong>Pour plus d&rsquo;informations et d&rsquo;analyses sur la <a href=\"https:\/\/www.africa-press.net\/congo-brazzaville\">Congo Brazzaville<\/a>, suivez <a href=\"https:\/\/www.africa-press.net\/\">Africa-Press<\/a><\/strong><\/p>\n","protected":false},"excerpt":{"rendered":"<p>Africa-Press &#8211; Congo Brazzaville. Connue sous le nom de Lydie Mireille Bouilama, en qualite\u0301 de journaliste a\u0300 la chai\u0302ne de te\u0301le\u0301vision VOX Tv, en embrassant l\u2019humour, elle devient Mimi l\u2019Ouragan. C\u2019est sous cette appellation qu\u2019elle se prestera sur la sce\u0300ne du 16e\u0300me e\u0301dition du festival TUSEO, un rendez-vous international du rire qui se tient a\u0300 [&hellip;]<\/p>\n","protected":false},"author":82,"featured_media":23503,"comment_status":"open","ping_status":"closed","sticky":false,"template":"","format":"standard","meta":{"footnotes":""},"categories":[21,10],"tags":[36,47,46],"class_list":["post-23505","post","type-post","status-publish","format-standard","has-post-thumbnail","hentry","category-communaute","category-toutes-les-actualites","tag-africa-press","tag-africa-press-congo-brazzaville","tag-congo-brazzaville"],"yoast_head":"<!-- This site is optimized with the Yoast SEO Premium plugin v26.1 (Yoast SEO v27.0) - https:\/\/yoast.com\/product\/yoast-seo-premium-wordpress\/ -->\n<title>mireille bouilama cumule le journalisme et l\u2019humour au festival \u2018\u2019 tuseo \u2019\u2019 - Congo Brazzaville<\/title>\n<meta name=\"description\" content=\"Connue sous le nom de Lydie Mireille Bouilama, en qualite\u0301 de journaliste a\u0300 la chai\u0302ne de te\u0301le\u0301vision VOX Tv, en em ...\" \/>\n<meta name=\"robots\" content=\"index, follow, max-snippet:-1, max-image-preview:large, max-video-preview:-1\" \/>\n<link rel=\"canonical\" href=\"https:\/\/www.africa-press.net\/congo-brazzaville\/toutes-les-actualites\/mireille-bouilama-cumule-le-journalisme-et-lhumour-au-festival-tuseo\" \/>\n<meta property=\"og:locale\" content=\"fr_FR\" \/>\n<meta property=\"og:type\" content=\"article\" \/>\n<meta property=\"og:title\" content=\"mireille bouilama cumule le journalisme et l\u2019humour au festival \u2018\u2019 tuseo \u2019\u2019\" \/>\n<meta property=\"og:description\" content=\"Connue sous le nom de Lydie Mireille Bouilama, en qualite\u0301 de journaliste a\u0300 la chai\u0302ne de te\u0301le\u0301vision VOX Tv, en em ...\" \/>\n<meta property=\"og:url\" content=\"https:\/\/www.africa-press.net\/congo-brazzaville\/toutes-les-actualites\/mireille-bouilama-cumule-le-journalisme-et-lhumour-au-festival-tuseo\" \/>\n<meta property=\"og:site_name\" content=\"Congo Brazzaville\" \/>\n<meta property=\"article:published_time\" content=\"2023-10-25T22:35:20+00:00\" \/>\n<meta property=\"article:modified_time\" content=\"2023-10-26T01:26:10+00:00\" \/>\n<meta property=\"og:image\" content=\"https:\/\/static.africa-press.net\/congo-brazzaville\/sites\/51\/2023\/10\/sm_1698263688.773385.jpg\" \/>\n\t<meta property=\"og:image:width\" content=\"1220\" \/>\n\t<meta property=\"og:image:height\" content=\"445\" \/>\n\t<meta property=\"og:image:type\" content=\"image\/jpeg\" \/>\n<meta name=\"author\" content=\"cfeditorfr\" \/>\n<meta name=\"twitter:card\" content=\"summary_large_image\" \/>\n<meta name=\"twitter:label1\" content=\"\u00c9crit par\" \/>\n\t<meta name=\"twitter:data1\" content=\"cfeditorfr\" \/>\n\t<meta name=\"twitter:label2\" content=\"Dur\u00e9e de lecture estim\u00e9e\" \/>\n\t<meta name=\"twitter:data2\" content=\"1 minute\" \/>\n<script type=\"application\/ld+json\" class=\"yoast-schema-graph\">{\"@context\":\"https:\/\/schema.org\",\"@graph\":[{\"@type\":\"Article\",\"@id\":\"https:\/\/www.africa-press.net\/congo-brazzaville\/toutes-les-actualites\/mireille-bouilama-cumule-le-journalisme-et-lhumour-au-festival-tuseo#article\",\"isPartOf\":{\"@id\":\"https:\/\/www.africa-press.net\/congo-brazzaville\/toutes-les-actualites\/mireille-bouilama-cumule-le-journalisme-et-lhumour-au-festival-tuseo\"},\"author\":{\"name\":\"cfeditorfr\",\"@id\":\"https:\/\/www.africa-press.net\/congo-brazzaville\/#\/schema\/person\/2b1cf3cd81a31e3cd26889ca66d677f1\"},\"headline\":\"mireille bouilama cumule le journalisme et l\u2019humour au festival \u2018\u2019 tuseo \u2019\u2019\",\"datePublished\":\"2023-10-25T22:35:20+00:00\",\"dateModified\":\"2023-10-26T01:26:10+00:00\",\"mainEntityOfPage\":{\"@id\":\"https:\/\/www.africa-press.net\/congo-brazzaville\/toutes-les-actualites\/mireille-bouilama-cumule-le-journalisme-et-lhumour-au-festival-tuseo\"},\"wordCount\":307,\"commentCount\":0,\"image\":{\"@id\":\"https:\/\/www.africa-press.net\/congo-brazzaville\/toutes-les-actualites\/mireille-bouilama-cumule-le-journalisme-et-lhumour-au-festival-tuseo#primaryimage\"},\"thumbnailUrl\":\"https:\/\/static.africa-press.net\/congo-brazzaville\/sites\/51\/2023\/10\/sm_1698263688.773385.jpg\",\"keywords\":[\"Africa Press\",\"Africa Press-Congo Brazzaville\",\"Congo Brazzaville\"],\"articleSection\":[\"Communaut\u00e9\",\"Toutes les actualit\u00e9s\"],\"inLanguage\":\"fr-FR\",\"potentialAction\":[{\"@type\":\"CommentAction\",\"name\":\"Comment\",\"target\":[\"https:\/\/www.africa-press.net\/congo-brazzaville\/toutes-les-actualites\/mireille-bouilama-cumule-le-journalisme-et-lhumour-au-festival-tuseo#respond\"]}]},{\"@type\":\"WebPage\",\"@id\":\"https:\/\/www.africa-press.net\/congo-brazzaville\/toutes-les-actualites\/mireille-bouilama-cumule-le-journalisme-et-lhumour-au-festival-tuseo\",\"url\":\"https:\/\/www.africa-press.net\/congo-brazzaville\/toutes-les-actualites\/mireille-bouilama-cumule-le-journalisme-et-lhumour-au-festival-tuseo\",\"name\":\"mireille bouilama cumule le journalisme et l\u2019humour au festival \u2018\u2019 tuseo \u2019\u2019 - Congo Brazzaville\",\"isPartOf\":{\"@id\":\"https:\/\/www.africa-press.net\/congo-brazzaville\/#website\"},\"primaryImageOfPage\":{\"@id\":\"https:\/\/www.africa-press.net\/congo-brazzaville\/toutes-les-actualites\/mireille-bouilama-cumule-le-journalisme-et-lhumour-au-festival-tuseo#primaryimage\"},\"image\":{\"@id\":\"https:\/\/www.africa-press.net\/congo-brazzaville\/toutes-les-actualites\/mireille-bouilama-cumule-le-journalisme-et-lhumour-au-festival-tuseo#primaryimage\"},\"thumbnailUrl\":\"https:\/\/static.africa-press.net\/congo-brazzaville\/sites\/51\/2023\/10\/sm_1698263688.773385.jpg\",\"datePublished\":\"2023-10-25T22:35:20+00:00\",\"dateModified\":\"2023-10-26T01:26:10+00:00\",\"author\":{\"@id\":\"https:\/\/www.africa-press.net\/congo-brazzaville\/#\/schema\/person\/2b1cf3cd81a31e3cd26889ca66d677f1\"},\"description\":\"Connue sous le nom de Lydie Mireille Bouilama, en qualite\u0301 de journaliste a\u0300 la chai\u0302ne de te\u0301le\u0301vision VOX Tv, en em ...\",\"breadcrumb\":{\"@id\":\"https:\/\/www.africa-press.net\/congo-brazzaville\/toutes-les-actualites\/mireille-bouilama-cumule-le-journalisme-et-lhumour-au-festival-tuseo#breadcrumb\"},\"inLanguage\":\"fr-FR\",\"potentialAction\":[{\"@type\":\"ReadAction\",\"target\":[\"https:\/\/www.africa-press.net\/congo-brazzaville\/toutes-les-actualites\/mireille-bouilama-cumule-le-journalisme-et-lhumour-au-festival-tuseo\"]}]},{\"@type\":\"ImageObject\",\"inLanguage\":\"fr-FR\",\"@id\":\"https:\/\/www.africa-press.net\/congo-brazzaville\/toutes-les-actualites\/mireille-bouilama-cumule-le-journalisme-et-lhumour-au-festival-tuseo#primaryimage\",\"url\":\"https:\/\/static.africa-press.net\/congo-brazzaville\/sites\/51\/2023\/10\/sm_1698263688.773385.jpg\",\"contentUrl\":\"https:\/\/static.africa-press.net\/congo-brazzaville\/sites\/51\/2023\/10\/sm_1698263688.773385.jpg\",\"width\":1220,\"height\":445,\"caption\":\"mireille bouilama cumule le journalisme et l\u2019humour au festival \u2018\u2019 tuseo \u2019\u2019\"},{\"@type\":\"BreadcrumbList\",\"@id\":\"https:\/\/www.africa-press.net\/congo-brazzaville\/toutes-les-actualites\/mireille-bouilama-cumule-le-journalisme-et-lhumour-au-festival-tuseo#breadcrumb\",\"itemListElement\":[{\"@type\":\"ListItem\",\"position\":1,\"name\":\"Accueil\",\"item\":\"https:\/\/www.africa-press.net\/congo-brazzaville\/\"},{\"@type\":\"ListItem\",\"position\":2,\"name\":\"mireille bouilama cumule le journalisme et l\u2019humour au festival \u2018\u2019 tuseo \u2019\u2019\"}]},{\"@type\":\"WebSite\",\"@id\":\"https:\/\/www.africa-press.net\/congo-brazzaville\/#website\",\"url\":\"https:\/\/www.africa-press.net\/congo-brazzaville\/\",\"name\":\"Congo Brazzaville\",\"description\":\"Just another Africa News Agency Sites site\",\"potentialAction\":[{\"@type\":\"SearchAction\",\"target\":{\"@type\":\"EntryPoint\",\"urlTemplate\":\"https:\/\/www.africa-press.net\/congo-brazzaville\/?s={search_term_string}\"},\"query-input\":{\"@type\":\"PropertyValueSpecification\",\"valueRequired\":true,\"valueName\":\"search_term_string\"}}],\"inLanguage\":\"fr-FR\"},{\"@type\":\"Person\",\"@id\":\"https:\/\/www.africa-press.net\/congo-brazzaville\/#\/schema\/person\/2b1cf3cd81a31e3cd26889ca66d677f1\",\"name\":\"cfeditorfr\"}]}<\/script>\n<!-- \/ Yoast SEO Premium plugin. -->","yoast_head_json":{"title":"mireille bouilama cumule le journalisme et l\u2019humour au festival \u2018\u2019 tuseo \u2019\u2019 - Congo Brazzaville","description":"Connue sous le nom de Lydie Mireille Bouilama, en qualite\u0301 de journaliste a\u0300 la chai\u0302ne de te\u0301le\u0301vision VOX Tv, en em ...","robots":{"index":"index","follow":"follow","max-snippet":"max-snippet:-1","max-image-preview":"max-image-preview:large","max-video-preview":"max-video-preview:-1"},"canonical":"https:\/\/www.africa-press.net\/congo-brazzaville\/toutes-les-actualites\/mireille-bouilama-cumule-le-journalisme-et-lhumour-au-festival-tuseo","og_locale":"fr_FR","og_type":"article","og_title":"mireille bouilama cumule le journalisme et l\u2019humour au festival \u2018\u2019 tuseo \u2019\u2019","og_description":"Connue sous le nom de Lydie Mireille Bouilama, en qualite\u0301 de journaliste a\u0300 la chai\u0302ne de te\u0301le\u0301vision VOX Tv, en em ...","og_url":"https:\/\/www.africa-press.net\/congo-brazzaville\/toutes-les-actualites\/mireille-bouilama-cumule-le-journalisme-et-lhumour-au-festival-tuseo","og_site_name":"Congo Brazzaville","article_published_time":"2023-10-25T22:35:20+00:00","article_modified_time":"2023-10-26T01:26:10+00:00","og_image":[{"width":1220,"height":445,"url":"https:\/\/static.africa-press.net\/congo-brazzaville\/sites\/51\/2023\/10\/sm_1698263688.773385.jpg","type":"image\/jpeg"}],"author":"cfeditorfr","twitter_card":"summary_large_image","twitter_misc":{"\u00c9crit par":"cfeditorfr","Dur\u00e9e de lecture estim\u00e9e":"1 minute"},"schema":{"@context":"https:\/\/schema.org","@graph":[{"@type":"Article","@id":"https:\/\/www.africa-press.net\/congo-brazzaville\/toutes-les-actualites\/mireille-bouilama-cumule-le-journalisme-et-lhumour-au-festival-tuseo#article","isPartOf":{"@id":"https:\/\/www.africa-press.net\/congo-brazzaville\/toutes-les-actualites\/mireille-bouilama-cumule-le-journalisme-et-lhumour-au-festival-tuseo"},"author":{"name":"cfeditorfr","@id":"https:\/\/www.africa-press.net\/congo-brazzaville\/#\/schema\/person\/2b1cf3cd81a31e3cd26889ca66d677f1"},"headline":"mireille bouilama cumule le journalisme et l\u2019humour au festival \u2018\u2019 tuseo \u2019\u2019","datePublished":"2023-10-25T22:35:20+00:00","dateModified":"2023-10-26T01:26:10+00:00","mainEntityOfPage":{"@id":"https:\/\/www.africa-press.net\/congo-brazzaville\/toutes-les-actualites\/mireille-bouilama-cumule-le-journalisme-et-lhumour-au-festival-tuseo"},"wordCount":307,"commentCount":0,"image":{"@id":"https:\/\/www.africa-press.net\/congo-brazzaville\/toutes-les-actualites\/mireille-bouilama-cumule-le-journalisme-et-lhumour-au-festival-tuseo#primaryimage"},"thumbnailUrl":"https:\/\/static.africa-press.net\/congo-brazzaville\/sites\/51\/2023\/10\/sm_1698263688.773385.jpg","keywords":["Africa Press","Africa Press-Congo Brazzaville","Congo Brazzaville"],"articleSection":["Communaut\u00e9","Toutes les actualit\u00e9s"],"inLanguage":"fr-FR","potentialAction":[{"@type":"CommentAction","name":"Comment","target":["https:\/\/www.africa-press.net\/congo-brazzaville\/toutes-les-actualites\/mireille-bouilama-cumule-le-journalisme-et-lhumour-au-festival-tuseo#respond"]}]},{"@type":"WebPage","@id":"https:\/\/www.africa-press.net\/congo-brazzaville\/toutes-les-actualites\/mireille-bouilama-cumule-le-journalisme-et-lhumour-au-festival-tuseo","url":"https:\/\/www.africa-press.net\/congo-brazzaville\/toutes-les-actualites\/mireille-bouilama-cumule-le-journalisme-et-lhumour-au-festival-tuseo","name":"mireille bouilama cumule le journalisme et l\u2019humour au festival \u2018\u2019 tuseo \u2019\u2019 - Congo Brazzaville","isPartOf":{"@id":"https:\/\/www.africa-press.net\/congo-brazzaville\/#website"},"primaryImageOfPage":{"@id":"https:\/\/www.africa-press.net\/congo-brazzaville\/toutes-les-actualites\/mireille-bouilama-cumule-le-journalisme-et-lhumour-au-festival-tuseo#primaryimage"},"image":{"@id":"https:\/\/www.africa-press.net\/congo-brazzaville\/toutes-les-actualites\/mireille-bouilama-cumule-le-journalisme-et-lhumour-au-festival-tuseo#primaryimage"},"thumbnailUrl":"https:\/\/static.africa-press.net\/congo-brazzaville\/sites\/51\/2023\/10\/sm_1698263688.773385.jpg","datePublished":"2023-10-25T22:35:20+00:00","dateModified":"2023-10-26T01:26:10+00:00","author":{"@id":"https:\/\/www.africa-press.net\/congo-brazzaville\/#\/schema\/person\/2b1cf3cd81a31e3cd26889ca66d677f1"},"description":"Connue sous le nom de Lydie Mireille Bouilama, en qualite\u0301 de journaliste a\u0300 la chai\u0302ne de te\u0301le\u0301vision VOX Tv, en em ...","breadcrumb":{"@id":"https:\/\/www.africa-press.net\/congo-brazzaville\/toutes-les-actualites\/mireille-bouilama-cumule-le-journalisme-et-lhumour-au-festival-tuseo#breadcrumb"},"inLanguage":"fr-FR","potentialAction":[{"@type":"ReadAction","target":["https:\/\/www.africa-press.net\/congo-brazzaville\/toutes-les-actualites\/mireille-bouilama-cumule-le-journalisme-et-lhumour-au-festival-tuseo"]}]},{"@type":"ImageObject","inLanguage":"fr-FR","@id":"https:\/\/www.africa-press.net\/congo-brazzaville\/toutes-les-actualites\/mireille-bouilama-cumule-le-journalisme-et-lhumour-au-festival-tuseo#primaryimage","url":"https:\/\/static.africa-press.net\/congo-brazzaville\/sites\/51\/2023\/10\/sm_1698263688.773385.jpg","contentUrl":"https:\/\/static.africa-press.net\/congo-brazzaville\/sites\/51\/2023\/10\/sm_1698263688.773385.jpg","width":1220,"height":445,"caption":"mireille bouilama cumule le journalisme et l\u2019humour au festival \u2018\u2019 tuseo \u2019\u2019"},{"@type":"BreadcrumbList","@id":"https:\/\/www.africa-press.net\/congo-brazzaville\/toutes-les-actualites\/mireille-bouilama-cumule-le-journalisme-et-lhumour-au-festival-tuseo#breadcrumb","itemListElement":[{"@type":"ListItem","position":1,"name":"Accueil","item":"https:\/\/www.africa-press.net\/congo-brazzaville\/"},{"@type":"ListItem","position":2,"name":"mireille bouilama cumule le journalisme et l\u2019humour au festival \u2018\u2019 tuseo \u2019\u2019"}]},{"@type":"WebSite","@id":"https:\/\/www.africa-press.net\/congo-brazzaville\/#website","url":"https:\/\/www.africa-press.net\/congo-brazzaville\/","name":"Congo Brazzaville","description":"Just another Africa News Agency Sites site","potentialAction":[{"@type":"SearchAction","target":{"@type":"EntryPoint","urlTemplate":"https:\/\/www.africa-press.net\/congo-brazzaville\/?s={search_term_string}"},"query-input":{"@type":"PropertyValueSpecification","valueRequired":true,"valueName":"search_term_string"}}],"inLanguage":"fr-FR"},{"@type":"Person","@id":"https:\/\/www.africa-press.net\/congo-brazzaville\/#\/schema\/person\/2b1cf3cd81a31e3cd26889ca66d677f1","name":"cfeditorfr"}]}},"_links":{"self":[{"href":"https:\/\/www.africa-press.net\/congo-brazzaville\/wp-json\/wp\/v2\/posts\/23505","targetHints":{"allow":["GET"]}}],"collection":[{"href":"https:\/\/www.africa-press.net\/congo-brazzaville\/wp-json\/wp\/v2\/posts"}],"about":[{"href":"https:\/\/www.africa-press.net\/congo-brazzaville\/wp-json\/wp\/v2\/types\/post"}],"author":[{"embeddable":true,"href":"https:\/\/www.africa-press.net\/congo-brazzaville\/wp-json\/wp\/v2\/users\/82"}],"replies":[{"embeddable":true,"href":"https:\/\/www.africa-press.net\/congo-brazzaville\/wp-json\/wp\/v2\/comments?post=23505"}],"version-history":[{"count":0,"href":"https:\/\/www.africa-press.net\/congo-brazzaville\/wp-json\/wp\/v2\/posts\/23505\/revisions"}],"wp:featuredmedia":[{"embeddable":true,"href":"https:\/\/www.africa-press.net\/congo-brazzaville\/wp-json\/wp\/v2\/media\/23503"}],"wp:attachment":[{"href":"https:\/\/www.africa-press.net\/congo-brazzaville\/wp-json\/wp\/v2\/media?parent=23505"}],"wp:term":[{"taxonomy":"category","embeddable":true,"href":"https:\/\/www.africa-press.net\/congo-brazzaville\/wp-json\/wp\/v2\/categories?post=23505"},{"taxonomy":"post_tag","embeddable":true,"href":"https:\/\/www.africa-press.net\/congo-brazzaville\/wp-json\/wp\/v2\/tags?post=23505"}],"curies":[{"name":"wp","href":"https:\/\/api.w.org\/{rel}","templated":true}]}}