{"id":23526,"date":"2023-10-26T23:20:18","date_gmt":"2023-10-26T23:20:18","guid":{"rendered":"https:\/\/www.africa-press.net\/congo-brazzaville\/politique\/la-7eme-edition-de-la-foire-aux-plants-lancee-a-pointe-noire"},"modified":"2023-10-26T23:55:45","modified_gmt":"2023-10-26T23:55:45","slug":"la-7eme-edition-de-la-foire-aux-plants-lancee-a-pointe-noire","status":"publish","type":"post","link":"https:\/\/www.africa-press.net\/congo-brazzaville\/economie\/la-7eme-edition-de-la-foire-aux-plants-lancee-a-pointe-noire","title":{"rendered":"la 7\u00e8me\u00a0\u00e9dition de la foire aux plants lanc\u00e9e \u00e0 pointe-noire"},"content":{"rendered":"<p><span style=\"color: #ff6600\"><strong>Africa-Press &#8211; Congo Brazzaville. <\/strong><\/span><b>Le directeur du service national de reboisement, Modeste Lie\u0301 Gangoue a indique\u0301 le 25 octobre a\u0300 Pointe-Noire que les arbres n\u2019e\u0301taient pas seulement des e\u0301le\u0301ments esthe\u0301tiques du pays, mais aussi des gardiens de la plane\u0300te puisqu\u2019ils purifient l\u2019air, stabilisent les sols, fournissent des abris, de la nourriture a\u0300 une multitude d\u2019espe\u0300ces et jouent un ro\u0302le fondamental dans la lutte contre le changement climatique.<\/b><\/p>\n<p>\u00ab Le the\u0300me de cette foire aux plants n\u2019est pas un simple e\u0301ve\u0300nement. C\u2019est une de\u0301monstration de notre engagement a\u0300 restaurer et a\u0300 pre\u0301server l\u2019environnement. C\u2019est un rappel de responsabilite\u0301 envers les ge\u0301ne\u0301rations futures, afin qu\u2019elles puissent e\u0301galement be\u0301ne\u0301ficier d\u2019une plane\u0300te en bonne sante\u0301. Chaque plante que vous trouverez ici est un pas de plus vers un avenir plus vert et plus durable \u00bb, a souligne\u0301, Modeste Lie\u0301 Gangoue, lors de la ce\u0301re\u0301monie de lancement de la foire aux plants.<\/p>\n<p>Le directeur du service national de reboisement a encourage\u0301 les pe\u0301pinie\u0301ristes et les amoureux de la nature pour le travail acharne\u0301 qu\u2019ils ne cessent de fournir au quotidien. \u00ab Gra\u0302ce a\u0300 leur de\u0301vouement les populations peuvent continuer a\u0300 planter des arbres, a\u0300 restaurer des e\u0301cosyste\u0300mes et a\u0300 construire un avenir meilleur \u00bb, a-t-il poursuivi.<\/p>\n<p>A cette e\u0301dition, qui fermera ses portes le 30 novembre, plusieurs varie\u0301te\u0301s de plants sont expose\u0301es notamment, les espe\u0300ces forestie\u0300res, fruitie\u0300res, ornementales, me\u0301dicinales et des produits forestiers non ligneux.<\/p>\n<p><strong>Pour plus d&rsquo;informations et d&rsquo;analyses sur la <a href=\"https:\/\/www.africa-press.net\/congo-brazzaville\">Congo Brazzaville<\/a>, suivez <a href=\"https:\/\/www.africa-press.net\/\">Africa-Press<\/a><\/strong><\/p>\n","protected":false},"excerpt":{"rendered":"<p>Africa-Press &#8211; Congo Brazzaville. Le directeur du service national de reboisement, Modeste Lie\u0301 Gangoue a indique\u0301 le 25 octobre a\u0300 Pointe-Noire que les arbres n\u2019e\u0301taient pas seulement des e\u0301le\u0301ments esthe\u0301tiques du pays, mais aussi des gardiens de la plane\u0300te puisqu\u2019ils purifient l\u2019air, stabilisent les sols, fournissent des abris, de la nourriture a\u0300 une multitude d\u2019espe\u0300ces [&hellip;]<\/p>\n","protected":false},"author":82,"featured_media":23524,"comment_status":"open","ping_status":"closed","sticky":false,"template":"","format":"standard","meta":{"footnotes":""},"categories":[3,10],"tags":[36,47,46],"class_list":["post-23526","post","type-post","status-publish","format-standard","has-post-thumbnail","hentry","category-economie","category-toutes-les-actualites","tag-africa-press","tag-africa-press-congo-brazzaville","tag-congo-brazzaville"],"yoast_head":"<!-- This site is optimized with the Yoast SEO Premium plugin v26.1 (Yoast SEO v27.0) - https:\/\/yoast.com\/product\/yoast-seo-premium-wordpress\/ -->\n<title>la 7\u00e8me\u00a0\u00e9dition de la foire aux plants lanc\u00e9e \u00e0 pointe-noire - Congo Brazzaville<\/title>\n<meta name=\"description\" content=\"Le directeur du service national de reboisement, Modeste Lie\u0301 Gangoue a indique\u0301 le 25 octobre a\u0300 Pointe-Noire que le ...\" \/>\n<meta name=\"robots\" content=\"index, follow, max-snippet:-1, max-image-preview:large, max-video-preview:-1\" \/>\n<link rel=\"canonical\" href=\"https:\/\/www.africa-press.net\/congo-brazzaville\/economie\/la-7eme-edition-de-la-foire-aux-plants-lancee-a-pointe-noire\" \/>\n<meta property=\"og:locale\" content=\"fr_FR\" \/>\n<meta property=\"og:type\" content=\"article\" \/>\n<meta property=\"og:title\" content=\"la 7\u00e8me\u00a0\u00e9dition de la foire aux plants lanc\u00e9e \u00e0 pointe-noire\" \/>\n<meta property=\"og:description\" content=\"Le directeur du service national de reboisement, Modeste Lie\u0301 Gangoue a indique\u0301 le 25 octobre a\u0300 Pointe-Noire que le ...\" \/>\n<meta property=\"og:url\" content=\"https:\/\/www.africa-press.net\/congo-brazzaville\/economie\/la-7eme-edition-de-la-foire-aux-plants-lancee-a-pointe-noire\" \/>\n<meta property=\"og:site_name\" content=\"Congo Brazzaville\" \/>\n<meta property=\"article:published_time\" content=\"2023-10-26T23:20:18+00:00\" \/>\n<meta property=\"article:modified_time\" content=\"2023-10-26T23:55:45+00:00\" \/>\n<meta property=\"og:image\" content=\"https:\/\/static.africa-press.net\/congo-brazzaville\/sites\/51\/2023\/10\/sm_1698351882.414415.jpg\" \/>\n\t<meta property=\"og:image:width\" content=\"1220\" \/>\n\t<meta property=\"og:image:height\" content=\"445\" \/>\n\t<meta property=\"og:image:type\" content=\"image\/jpeg\" \/>\n<meta name=\"author\" content=\"cfeditorfr\" \/>\n<meta name=\"twitter:card\" content=\"summary_large_image\" \/>\n<meta name=\"twitter:label1\" content=\"\u00c9crit par\" \/>\n\t<meta name=\"twitter:data1\" content=\"cfeditorfr\" \/>\n\t<meta name=\"twitter:label2\" content=\"Dur\u00e9e de lecture estim\u00e9e\" \/>\n\t<meta name=\"twitter:data2\" content=\"1 minute\" \/>\n<script type=\"application\/ld+json\" class=\"yoast-schema-graph\">{\"@context\":\"https:\/\/schema.org\",\"@graph\":[{\"@type\":\"Article\",\"@id\":\"https:\/\/www.africa-press.net\/congo-brazzaville\/economie\/la-7eme-edition-de-la-foire-aux-plants-lancee-a-pointe-noire#article\",\"isPartOf\":{\"@id\":\"https:\/\/www.africa-press.net\/congo-brazzaville\/economie\/la-7eme-edition-de-la-foire-aux-plants-lancee-a-pointe-noire\"},\"author\":{\"name\":\"cfeditorfr\",\"@id\":\"https:\/\/www.africa-press.net\/congo-brazzaville\/#\/schema\/person\/2b1cf3cd81a31e3cd26889ca66d677f1\"},\"headline\":\"la 7\u00e8me\u00a0\u00e9dition de la foire aux plants lanc\u00e9e \u00e0 pointe-noire\",\"datePublished\":\"2023-10-26T23:20:18+00:00\",\"dateModified\":\"2023-10-26T23:55:45+00:00\",\"mainEntityOfPage\":{\"@id\":\"https:\/\/www.africa-press.net\/congo-brazzaville\/economie\/la-7eme-edition-de-la-foire-aux-plants-lancee-a-pointe-noire\"},\"wordCount\":293,\"commentCount\":0,\"image\":{\"@id\":\"https:\/\/www.africa-press.net\/congo-brazzaville\/economie\/la-7eme-edition-de-la-foire-aux-plants-lancee-a-pointe-noire#primaryimage\"},\"thumbnailUrl\":\"https:\/\/static.africa-press.net\/congo-brazzaville\/sites\/51\/2023\/10\/sm_1698351882.414415.jpg\",\"keywords\":[\"Africa Press\",\"Africa Press-Congo Brazzaville\",\"Congo Brazzaville\"],\"articleSection\":[\"\u00c9conomie\",\"Toutes les actualit\u00e9s\"],\"inLanguage\":\"fr-FR\",\"potentialAction\":[{\"@type\":\"CommentAction\",\"name\":\"Comment\",\"target\":[\"https:\/\/www.africa-press.net\/congo-brazzaville\/economie\/la-7eme-edition-de-la-foire-aux-plants-lancee-a-pointe-noire#respond\"]}]},{\"@type\":\"WebPage\",\"@id\":\"https:\/\/www.africa-press.net\/congo-brazzaville\/economie\/la-7eme-edition-de-la-foire-aux-plants-lancee-a-pointe-noire\",\"url\":\"https:\/\/www.africa-press.net\/congo-brazzaville\/economie\/la-7eme-edition-de-la-foire-aux-plants-lancee-a-pointe-noire\",\"name\":\"la 7\u00e8me\u00a0\u00e9dition de la foire aux plants lanc\u00e9e \u00e0 pointe-noire - Congo Brazzaville\",\"isPartOf\":{\"@id\":\"https:\/\/www.africa-press.net\/congo-brazzaville\/#website\"},\"primaryImageOfPage\":{\"@id\":\"https:\/\/www.africa-press.net\/congo-brazzaville\/economie\/la-7eme-edition-de-la-foire-aux-plants-lancee-a-pointe-noire#primaryimage\"},\"image\":{\"@id\":\"https:\/\/www.africa-press.net\/congo-brazzaville\/economie\/la-7eme-edition-de-la-foire-aux-plants-lancee-a-pointe-noire#primaryimage\"},\"thumbnailUrl\":\"https:\/\/static.africa-press.net\/congo-brazzaville\/sites\/51\/2023\/10\/sm_1698351882.414415.jpg\",\"datePublished\":\"2023-10-26T23:20:18+00:00\",\"dateModified\":\"2023-10-26T23:55:45+00:00\",\"author\":{\"@id\":\"https:\/\/www.africa-press.net\/congo-brazzaville\/#\/schema\/person\/2b1cf3cd81a31e3cd26889ca66d677f1\"},\"description\":\"Le directeur du service national de reboisement, Modeste Lie\u0301 Gangoue a indique\u0301 le 25 octobre a\u0300 Pointe-Noire que le ...\",\"breadcrumb\":{\"@id\":\"https:\/\/www.africa-press.net\/congo-brazzaville\/economie\/la-7eme-edition-de-la-foire-aux-plants-lancee-a-pointe-noire#breadcrumb\"},\"inLanguage\":\"fr-FR\",\"potentialAction\":[{\"@type\":\"ReadAction\",\"target\":[\"https:\/\/www.africa-press.net\/congo-brazzaville\/economie\/la-7eme-edition-de-la-foire-aux-plants-lancee-a-pointe-noire\"]}]},{\"@type\":\"ImageObject\",\"inLanguage\":\"fr-FR\",\"@id\":\"https:\/\/www.africa-press.net\/congo-brazzaville\/economie\/la-7eme-edition-de-la-foire-aux-plants-lancee-a-pointe-noire#primaryimage\",\"url\":\"https:\/\/static.africa-press.net\/congo-brazzaville\/sites\/51\/2023\/10\/sm_1698351882.414415.jpg\",\"contentUrl\":\"https:\/\/static.africa-press.net\/congo-brazzaville\/sites\/51\/2023\/10\/sm_1698351882.414415.jpg\",\"width\":1220,\"height\":445,\"caption\":\"la 7\u00e8me\u00a0\u00e9dition de la foire aux plants lanc\u00e9e \u00e0 pointe-noire\"},{\"@type\":\"BreadcrumbList\",\"@id\":\"https:\/\/www.africa-press.net\/congo-brazzaville\/economie\/la-7eme-edition-de-la-foire-aux-plants-lancee-a-pointe-noire#breadcrumb\",\"itemListElement\":[{\"@type\":\"ListItem\",\"position\":1,\"name\":\"Accueil\",\"item\":\"https:\/\/www.africa-press.net\/congo-brazzaville\/\"},{\"@type\":\"ListItem\",\"position\":2,\"name\":\"la 7\u00e8me\u00a0\u00e9dition de la foire aux plants lanc\u00e9e \u00e0 pointe-noire\"}]},{\"@type\":\"WebSite\",\"@id\":\"https:\/\/www.africa-press.net\/congo-brazzaville\/#website\",\"url\":\"https:\/\/www.africa-press.net\/congo-brazzaville\/\",\"name\":\"Congo Brazzaville\",\"description\":\"Just another Africa News Agency Sites site\",\"potentialAction\":[{\"@type\":\"SearchAction\",\"target\":{\"@type\":\"EntryPoint\",\"urlTemplate\":\"https:\/\/www.africa-press.net\/congo-brazzaville\/?s={search_term_string}\"},\"query-input\":{\"@type\":\"PropertyValueSpecification\",\"valueRequired\":true,\"valueName\":\"search_term_string\"}}],\"inLanguage\":\"fr-FR\"},{\"@type\":\"Person\",\"@id\":\"https:\/\/www.africa-press.net\/congo-brazzaville\/#\/schema\/person\/2b1cf3cd81a31e3cd26889ca66d677f1\",\"name\":\"cfeditorfr\"}]}<\/script>\n<!-- \/ Yoast SEO Premium plugin. -->","yoast_head_json":{"title":"la 7\u00e8me\u00a0\u00e9dition de la foire aux plants lanc\u00e9e \u00e0 pointe-noire - Congo Brazzaville","description":"Le directeur du service national de reboisement, Modeste Lie\u0301 Gangoue a indique\u0301 le 25 octobre a\u0300 Pointe-Noire que le ...","robots":{"index":"index","follow":"follow","max-snippet":"max-snippet:-1","max-image-preview":"max-image-preview:large","max-video-preview":"max-video-preview:-1"},"canonical":"https:\/\/www.africa-press.net\/congo-brazzaville\/economie\/la-7eme-edition-de-la-foire-aux-plants-lancee-a-pointe-noire","og_locale":"fr_FR","og_type":"article","og_title":"la 7\u00e8me\u00a0\u00e9dition de la foire aux plants lanc\u00e9e \u00e0 pointe-noire","og_description":"Le directeur du service national de reboisement, Modeste Lie\u0301 Gangoue a indique\u0301 le 25 octobre a\u0300 Pointe-Noire que le ...","og_url":"https:\/\/www.africa-press.net\/congo-brazzaville\/economie\/la-7eme-edition-de-la-foire-aux-plants-lancee-a-pointe-noire","og_site_name":"Congo Brazzaville","article_published_time":"2023-10-26T23:20:18+00:00","article_modified_time":"2023-10-26T23:55:45+00:00","og_image":[{"width":1220,"height":445,"url":"https:\/\/static.africa-press.net\/congo-brazzaville\/sites\/51\/2023\/10\/sm_1698351882.414415.jpg","type":"image\/jpeg"}],"author":"cfeditorfr","twitter_card":"summary_large_image","twitter_misc":{"\u00c9crit par":"cfeditorfr","Dur\u00e9e de lecture estim\u00e9e":"1 minute"},"schema":{"@context":"https:\/\/schema.org","@graph":[{"@type":"Article","@id":"https:\/\/www.africa-press.net\/congo-brazzaville\/economie\/la-7eme-edition-de-la-foire-aux-plants-lancee-a-pointe-noire#article","isPartOf":{"@id":"https:\/\/www.africa-press.net\/congo-brazzaville\/economie\/la-7eme-edition-de-la-foire-aux-plants-lancee-a-pointe-noire"},"author":{"name":"cfeditorfr","@id":"https:\/\/www.africa-press.net\/congo-brazzaville\/#\/schema\/person\/2b1cf3cd81a31e3cd26889ca66d677f1"},"headline":"la 7\u00e8me\u00a0\u00e9dition de la foire aux plants lanc\u00e9e \u00e0 pointe-noire","datePublished":"2023-10-26T23:20:18+00:00","dateModified":"2023-10-26T23:55:45+00:00","mainEntityOfPage":{"@id":"https:\/\/www.africa-press.net\/congo-brazzaville\/economie\/la-7eme-edition-de-la-foire-aux-plants-lancee-a-pointe-noire"},"wordCount":293,"commentCount":0,"image":{"@id":"https:\/\/www.africa-press.net\/congo-brazzaville\/economie\/la-7eme-edition-de-la-foire-aux-plants-lancee-a-pointe-noire#primaryimage"},"thumbnailUrl":"https:\/\/static.africa-press.net\/congo-brazzaville\/sites\/51\/2023\/10\/sm_1698351882.414415.jpg","keywords":["Africa Press","Africa Press-Congo Brazzaville","Congo Brazzaville"],"articleSection":["\u00c9conomie","Toutes les actualit\u00e9s"],"inLanguage":"fr-FR","potentialAction":[{"@type":"CommentAction","name":"Comment","target":["https:\/\/www.africa-press.net\/congo-brazzaville\/economie\/la-7eme-edition-de-la-foire-aux-plants-lancee-a-pointe-noire#respond"]}]},{"@type":"WebPage","@id":"https:\/\/www.africa-press.net\/congo-brazzaville\/economie\/la-7eme-edition-de-la-foire-aux-plants-lancee-a-pointe-noire","url":"https:\/\/www.africa-press.net\/congo-brazzaville\/economie\/la-7eme-edition-de-la-foire-aux-plants-lancee-a-pointe-noire","name":"la 7\u00e8me\u00a0\u00e9dition de la foire aux plants lanc\u00e9e \u00e0 pointe-noire - Congo Brazzaville","isPartOf":{"@id":"https:\/\/www.africa-press.net\/congo-brazzaville\/#website"},"primaryImageOfPage":{"@id":"https:\/\/www.africa-press.net\/congo-brazzaville\/economie\/la-7eme-edition-de-la-foire-aux-plants-lancee-a-pointe-noire#primaryimage"},"image":{"@id":"https:\/\/www.africa-press.net\/congo-brazzaville\/economie\/la-7eme-edition-de-la-foire-aux-plants-lancee-a-pointe-noire#primaryimage"},"thumbnailUrl":"https:\/\/static.africa-press.net\/congo-brazzaville\/sites\/51\/2023\/10\/sm_1698351882.414415.jpg","datePublished":"2023-10-26T23:20:18+00:00","dateModified":"2023-10-26T23:55:45+00:00","author":{"@id":"https:\/\/www.africa-press.net\/congo-brazzaville\/#\/schema\/person\/2b1cf3cd81a31e3cd26889ca66d677f1"},"description":"Le directeur du service national de reboisement, Modeste Lie\u0301 Gangoue a indique\u0301 le 25 octobre a\u0300 Pointe-Noire que le ...","breadcrumb":{"@id":"https:\/\/www.africa-press.net\/congo-brazzaville\/economie\/la-7eme-edition-de-la-foire-aux-plants-lancee-a-pointe-noire#breadcrumb"},"inLanguage":"fr-FR","potentialAction":[{"@type":"ReadAction","target":["https:\/\/www.africa-press.net\/congo-brazzaville\/economie\/la-7eme-edition-de-la-foire-aux-plants-lancee-a-pointe-noire"]}]},{"@type":"ImageObject","inLanguage":"fr-FR","@id":"https:\/\/www.africa-press.net\/congo-brazzaville\/economie\/la-7eme-edition-de-la-foire-aux-plants-lancee-a-pointe-noire#primaryimage","url":"https:\/\/static.africa-press.net\/congo-brazzaville\/sites\/51\/2023\/10\/sm_1698351882.414415.jpg","contentUrl":"https:\/\/static.africa-press.net\/congo-brazzaville\/sites\/51\/2023\/10\/sm_1698351882.414415.jpg","width":1220,"height":445,"caption":"la 7\u00e8me\u00a0\u00e9dition de la foire aux plants lanc\u00e9e \u00e0 pointe-noire"},{"@type":"BreadcrumbList","@id":"https:\/\/www.africa-press.net\/congo-brazzaville\/economie\/la-7eme-edition-de-la-foire-aux-plants-lancee-a-pointe-noire#breadcrumb","itemListElement":[{"@type":"ListItem","position":1,"name":"Accueil","item":"https:\/\/www.africa-press.net\/congo-brazzaville\/"},{"@type":"ListItem","position":2,"name":"la 7\u00e8me\u00a0\u00e9dition de la foire aux plants lanc\u00e9e \u00e0 pointe-noire"}]},{"@type":"WebSite","@id":"https:\/\/www.africa-press.net\/congo-brazzaville\/#website","url":"https:\/\/www.africa-press.net\/congo-brazzaville\/","name":"Congo Brazzaville","description":"Just another Africa News Agency Sites site","potentialAction":[{"@type":"SearchAction","target":{"@type":"EntryPoint","urlTemplate":"https:\/\/www.africa-press.net\/congo-brazzaville\/?s={search_term_string}"},"query-input":{"@type":"PropertyValueSpecification","valueRequired":true,"valueName":"search_term_string"}}],"inLanguage":"fr-FR"},{"@type":"Person","@id":"https:\/\/www.africa-press.net\/congo-brazzaville\/#\/schema\/person\/2b1cf3cd81a31e3cd26889ca66d677f1","name":"cfeditorfr"}]}},"_links":{"self":[{"href":"https:\/\/www.africa-press.net\/congo-brazzaville\/wp-json\/wp\/v2\/posts\/23526","targetHints":{"allow":["GET"]}}],"collection":[{"href":"https:\/\/www.africa-press.net\/congo-brazzaville\/wp-json\/wp\/v2\/posts"}],"about":[{"href":"https:\/\/www.africa-press.net\/congo-brazzaville\/wp-json\/wp\/v2\/types\/post"}],"author":[{"embeddable":true,"href":"https:\/\/www.africa-press.net\/congo-brazzaville\/wp-json\/wp\/v2\/users\/82"}],"replies":[{"embeddable":true,"href":"https:\/\/www.africa-press.net\/congo-brazzaville\/wp-json\/wp\/v2\/comments?post=23526"}],"version-history":[{"count":0,"href":"https:\/\/www.africa-press.net\/congo-brazzaville\/wp-json\/wp\/v2\/posts\/23526\/revisions"}],"wp:featuredmedia":[{"embeddable":true,"href":"https:\/\/www.africa-press.net\/congo-brazzaville\/wp-json\/wp\/v2\/media\/23524"}],"wp:attachment":[{"href":"https:\/\/www.africa-press.net\/congo-brazzaville\/wp-json\/wp\/v2\/media?parent=23526"}],"wp:term":[{"taxonomy":"category","embeddable":true,"href":"https:\/\/www.africa-press.net\/congo-brazzaville\/wp-json\/wp\/v2\/categories?post=23526"},{"taxonomy":"post_tag","embeddable":true,"href":"https:\/\/www.africa-press.net\/congo-brazzaville\/wp-json\/wp\/v2\/tags?post=23526"}],"curies":[{"name":"wp","href":"https:\/\/api.w.org\/{rel}","templated":true}]}}