{"id":23535,"date":"2023-10-26T23:19:48","date_gmt":"2023-10-26T23:19:48","guid":{"rendered":"https:\/\/www.africa-press.net\/congo-brazzaville\/politique\/sommet-des-trois-bassins-le-senat-appelle-a-la-prise-des-decisions-reelles"},"modified":"2023-10-26T23:58:58","modified_gmt":"2023-10-26T23:58:58","slug":"sommet-des-trois-bassins-le-senat-appelle-a-la-prise-des-decisions-reelles","status":"publish","type":"post","link":"https:\/\/www.africa-press.net\/congo-brazzaville\/politique\/sommet-des-trois-bassins-le-senat-appelle-a-la-prise-des-decisions-reelles","title":{"rendered":"Sommet des trois bassins : le S\u00e9nat  appelle \u00e0 la prise des d\u00e9cisions r\u00e9elles"},"content":{"rendered":"<p><span style=\"color: #ff6600\"><strong>Africa-Press &#8211; Congo Brazzaville. <\/strong><\/span>Ouvrant la premie\u0300re session ordinaire budge\u0301taire du Se\u0301nat le 15 octobre dernier, le pre\u0301sident de cette institution, Pierre Ngolo, a, a\u0300 propos du sommet des trois bassins forestiers du monde, appele\u0301 par anticipation a\u0300 la pleine responsabilite\u0301 de tous les participants.<\/p>\n<p>\u00ab Que ces assises qui se tiendront du 26 au 28 ne doivent pas e\u0302tre la tribune de simples joutes oratoires mais un lieu de prise de re\u0301elles de\u0301cisions a\u0300 impacts ve\u0301ritables sur la vie de l\u2019humanite\u0301 tout entie\u0300re \u00bb, a-t-il dit, avant d\u2019ajouter que les enjeux lie\u0301s aux changements climatiques appellent une action collective conse\u0301quente de lutte contre les de\u0301fis environnementaux.<\/p>\n<p>\u00ab Les tempe\u0302tes, les inondations, les se\u0301ismes, les feux de fore\u0302ts, bref les diverses catastrophes qui rendent de plus en plus l\u2019existence pre\u0301caire sont la\u0300 pour nous tenir dore\u0301navant sur nos gardes \u00bb, a-t-il renche\u0301ri.<\/p>\n<p>Il a, par la me\u0302me occasion, fe\u0301licite\u0301 le chef de l\u2019Etat conglais pour cette heureuse initiative qui s&rsquo; inscrt dans la constance de son engagement en faveur de la protection de l\u2019environnement.<\/p>\n<p><strong>Pour plus d&rsquo;informations et d&rsquo;analyses sur la <a href=\"https:\/\/www.africa-press.net\/congo-brazzaville\">Congo Brazzaville<\/a>, suivez <a href=\"https:\/\/www.africa-press.net\/\">Africa-Press<\/a><\/strong><\/p>\n","protected":false},"excerpt":{"rendered":"<p>Africa-Press &#8211; Congo Brazzaville. Ouvrant la premie\u0300re session ordinaire budge\u0301taire du Se\u0301nat le 15 octobre dernier, le pre\u0301sident de cette institution, Pierre Ngolo, a, a\u0300 propos du sommet des trois bassins forestiers du monde, appele\u0301 par anticipation a\u0300 la pleine responsabilite\u0301 de tous les participants. \u00ab Que ces assises qui se tiendront du 26 au [&hellip;]<\/p>\n","protected":false},"author":82,"featured_media":23533,"comment_status":"open","ping_status":"closed","sticky":false,"template":"","format":"standard","meta":{"footnotes":""},"categories":[2,20,10],"tags":[36,47,46],"class_list":["post-23535","post","type-post","status-publish","format-standard","has-post-thumbnail","hentry","category-politique","category-top-nouvelles","category-toutes-les-actualites","tag-africa-press","tag-africa-press-congo-brazzaville","tag-congo-brazzaville"],"yoast_head":"<!-- This site is optimized with the Yoast SEO Premium plugin v26.1 (Yoast SEO v27.0) - https:\/\/yoast.com\/product\/yoast-seo-premium-wordpress\/ -->\n<title>Sommet des trois bassins : le S\u00e9nat appelle \u00e0 la prise des d\u00e9cisions r\u00e9elles - Congo Brazzaville<\/title>\n<meta name=\"description\" content=\"Ouvrant la premie\u0300re session ordinaire budge\u0301taire du Se\u0301nat le 15 octobre dernier, le pre\u0301sident de cette institution, ...\" \/>\n<meta name=\"robots\" content=\"index, follow, max-snippet:-1, max-image-preview:large, max-video-preview:-1\" \/>\n<link rel=\"canonical\" href=\"https:\/\/www.africa-press.net\/congo-brazzaville\/politique\/sommet-des-trois-bassins-le-senat-appelle-a-la-prise-des-decisions-reelles\" \/>\n<meta property=\"og:locale\" content=\"fr_FR\" \/>\n<meta property=\"og:type\" content=\"article\" \/>\n<meta property=\"og:title\" content=\"Sommet des trois bassins : le S\u00e9nat appelle \u00e0 la prise des d\u00e9cisions r\u00e9elles\" \/>\n<meta property=\"og:description\" content=\"Ouvrant la premie\u0300re session ordinaire budge\u0301taire du Se\u0301nat le 15 octobre dernier, le pre\u0301sident de cette institution, ...\" \/>\n<meta property=\"og:url\" content=\"https:\/\/www.africa-press.net\/congo-brazzaville\/politique\/sommet-des-trois-bassins-le-senat-appelle-a-la-prise-des-decisions-reelles\" \/>\n<meta property=\"og:site_name\" content=\"Congo Brazzaville\" \/>\n<meta property=\"article:published_time\" content=\"2023-10-26T23:19:48+00:00\" \/>\n<meta property=\"article:modified_time\" content=\"2023-10-26T23:58:58+00:00\" \/>\n<meta property=\"og:image\" content=\"https:\/\/static.africa-press.net\/congo-brazzaville\/sites\/51\/2023\/10\/sm_1698352122.934238.jpg\" \/>\n\t<meta property=\"og:image:width\" content=\"720\" \/>\n\t<meta property=\"og:image:height\" content=\"360\" \/>\n\t<meta property=\"og:image:type\" content=\"image\/jpeg\" \/>\n<meta name=\"author\" content=\"cfeditorfr\" \/>\n<meta name=\"twitter:card\" content=\"summary_large_image\" \/>\n<meta name=\"twitter:label1\" content=\"\u00c9crit par\" \/>\n\t<meta name=\"twitter:data1\" content=\"cfeditorfr\" \/>\n\t<meta name=\"twitter:label2\" content=\"Dur\u00e9e de lecture estim\u00e9e\" \/>\n\t<meta name=\"twitter:data2\" content=\"1 minute\" \/>\n<script type=\"application\/ld+json\" class=\"yoast-schema-graph\">{\"@context\":\"https:\/\/schema.org\",\"@graph\":[{\"@type\":\"Article\",\"@id\":\"https:\/\/www.africa-press.net\/congo-brazzaville\/politique\/sommet-des-trois-bassins-le-senat-appelle-a-la-prise-des-decisions-reelles#article\",\"isPartOf\":{\"@id\":\"https:\/\/www.africa-press.net\/congo-brazzaville\/politique\/sommet-des-trois-bassins-le-senat-appelle-a-la-prise-des-decisions-reelles\"},\"author\":{\"name\":\"cfeditorfr\",\"@id\":\"https:\/\/www.africa-press.net\/congo-brazzaville\/#\/schema\/person\/2b1cf3cd81a31e3cd26889ca66d677f1\"},\"headline\":\"Sommet des trois bassins : le S\u00e9nat appelle \u00e0 la prise des d\u00e9cisions r\u00e9elles\",\"datePublished\":\"2023-10-26T23:19:48+00:00\",\"dateModified\":\"2023-10-26T23:58:58+00:00\",\"mainEntityOfPage\":{\"@id\":\"https:\/\/www.africa-press.net\/congo-brazzaville\/politique\/sommet-des-trois-bassins-le-senat-appelle-a-la-prise-des-decisions-reelles\"},\"wordCount\":220,\"commentCount\":0,\"image\":{\"@id\":\"https:\/\/www.africa-press.net\/congo-brazzaville\/politique\/sommet-des-trois-bassins-le-senat-appelle-a-la-prise-des-decisions-reelles#primaryimage\"},\"thumbnailUrl\":\"https:\/\/static.africa-press.net\/congo-brazzaville\/sites\/51\/2023\/10\/sm_1698352122.934238.jpg\",\"keywords\":[\"Africa Press\",\"Africa Press-Congo Brazzaville\",\"Congo Brazzaville\"],\"articleSection\":[\"Politique\",\"Top Nouvelles\",\"Toutes les actualit\u00e9s\"],\"inLanguage\":\"fr-FR\",\"potentialAction\":[{\"@type\":\"CommentAction\",\"name\":\"Comment\",\"target\":[\"https:\/\/www.africa-press.net\/congo-brazzaville\/politique\/sommet-des-trois-bassins-le-senat-appelle-a-la-prise-des-decisions-reelles#respond\"]}]},{\"@type\":\"WebPage\",\"@id\":\"https:\/\/www.africa-press.net\/congo-brazzaville\/politique\/sommet-des-trois-bassins-le-senat-appelle-a-la-prise-des-decisions-reelles\",\"url\":\"https:\/\/www.africa-press.net\/congo-brazzaville\/politique\/sommet-des-trois-bassins-le-senat-appelle-a-la-prise-des-decisions-reelles\",\"name\":\"Sommet des trois bassins : le S\u00e9nat appelle \u00e0 la prise des d\u00e9cisions r\u00e9elles - Congo Brazzaville\",\"isPartOf\":{\"@id\":\"https:\/\/www.africa-press.net\/congo-brazzaville\/#website\"},\"primaryImageOfPage\":{\"@id\":\"https:\/\/www.africa-press.net\/congo-brazzaville\/politique\/sommet-des-trois-bassins-le-senat-appelle-a-la-prise-des-decisions-reelles#primaryimage\"},\"image\":{\"@id\":\"https:\/\/www.africa-press.net\/congo-brazzaville\/politique\/sommet-des-trois-bassins-le-senat-appelle-a-la-prise-des-decisions-reelles#primaryimage\"},\"thumbnailUrl\":\"https:\/\/static.africa-press.net\/congo-brazzaville\/sites\/51\/2023\/10\/sm_1698352122.934238.jpg\",\"datePublished\":\"2023-10-26T23:19:48+00:00\",\"dateModified\":\"2023-10-26T23:58:58+00:00\",\"author\":{\"@id\":\"https:\/\/www.africa-press.net\/congo-brazzaville\/#\/schema\/person\/2b1cf3cd81a31e3cd26889ca66d677f1\"},\"description\":\"Ouvrant la premie\u0300re session ordinaire budge\u0301taire du Se\u0301nat le 15 octobre dernier, le pre\u0301sident de cette institution, ...\",\"breadcrumb\":{\"@id\":\"https:\/\/www.africa-press.net\/congo-brazzaville\/politique\/sommet-des-trois-bassins-le-senat-appelle-a-la-prise-des-decisions-reelles#breadcrumb\"},\"inLanguage\":\"fr-FR\",\"potentialAction\":[{\"@type\":\"ReadAction\",\"target\":[\"https:\/\/www.africa-press.net\/congo-brazzaville\/politique\/sommet-des-trois-bassins-le-senat-appelle-a-la-prise-des-decisions-reelles\"]}]},{\"@type\":\"ImageObject\",\"inLanguage\":\"fr-FR\",\"@id\":\"https:\/\/www.africa-press.net\/congo-brazzaville\/politique\/sommet-des-trois-bassins-le-senat-appelle-a-la-prise-des-decisions-reelles#primaryimage\",\"url\":\"https:\/\/static.africa-press.net\/congo-brazzaville\/sites\/51\/2023\/10\/sm_1698352122.934238.jpg\",\"contentUrl\":\"https:\/\/static.africa-press.net\/congo-brazzaville\/sites\/51\/2023\/10\/sm_1698352122.934238.jpg\",\"width\":720,\"height\":360,\"caption\":\"Sommet des trois bassins : le S\u00e9nat appelle \u00e0 la prise des d\u00e9cisions r\u00e9elles\"},{\"@type\":\"BreadcrumbList\",\"@id\":\"https:\/\/www.africa-press.net\/congo-brazzaville\/politique\/sommet-des-trois-bassins-le-senat-appelle-a-la-prise-des-decisions-reelles#breadcrumb\",\"itemListElement\":[{\"@type\":\"ListItem\",\"position\":1,\"name\":\"Accueil\",\"item\":\"https:\/\/www.africa-press.net\/congo-brazzaville\/\"},{\"@type\":\"ListItem\",\"position\":2,\"name\":\"Sommet des trois bassins : le S\u00e9nat appelle \u00e0 la prise des d\u00e9cisions r\u00e9elles\"}]},{\"@type\":\"WebSite\",\"@id\":\"https:\/\/www.africa-press.net\/congo-brazzaville\/#website\",\"url\":\"https:\/\/www.africa-press.net\/congo-brazzaville\/\",\"name\":\"Congo Brazzaville\",\"description\":\"Just another Africa News Agency Sites site\",\"potentialAction\":[{\"@type\":\"SearchAction\",\"target\":{\"@type\":\"EntryPoint\",\"urlTemplate\":\"https:\/\/www.africa-press.net\/congo-brazzaville\/?s={search_term_string}\"},\"query-input\":{\"@type\":\"PropertyValueSpecification\",\"valueRequired\":true,\"valueName\":\"search_term_string\"}}],\"inLanguage\":\"fr-FR\"},{\"@type\":\"Person\",\"@id\":\"https:\/\/www.africa-press.net\/congo-brazzaville\/#\/schema\/person\/2b1cf3cd81a31e3cd26889ca66d677f1\",\"name\":\"cfeditorfr\"}]}<\/script>\n<!-- \/ Yoast SEO Premium plugin. -->","yoast_head_json":{"title":"Sommet des trois bassins : le S\u00e9nat appelle \u00e0 la prise des d\u00e9cisions r\u00e9elles - Congo Brazzaville","description":"Ouvrant la premie\u0300re session ordinaire budge\u0301taire du Se\u0301nat le 15 octobre dernier, le pre\u0301sident de cette institution, ...","robots":{"index":"index","follow":"follow","max-snippet":"max-snippet:-1","max-image-preview":"max-image-preview:large","max-video-preview":"max-video-preview:-1"},"canonical":"https:\/\/www.africa-press.net\/congo-brazzaville\/politique\/sommet-des-trois-bassins-le-senat-appelle-a-la-prise-des-decisions-reelles","og_locale":"fr_FR","og_type":"article","og_title":"Sommet des trois bassins : le S\u00e9nat appelle \u00e0 la prise des d\u00e9cisions r\u00e9elles","og_description":"Ouvrant la premie\u0300re session ordinaire budge\u0301taire du Se\u0301nat le 15 octobre dernier, le pre\u0301sident de cette institution, ...","og_url":"https:\/\/www.africa-press.net\/congo-brazzaville\/politique\/sommet-des-trois-bassins-le-senat-appelle-a-la-prise-des-decisions-reelles","og_site_name":"Congo Brazzaville","article_published_time":"2023-10-26T23:19:48+00:00","article_modified_time":"2023-10-26T23:58:58+00:00","og_image":[{"width":720,"height":360,"url":"https:\/\/static.africa-press.net\/congo-brazzaville\/sites\/51\/2023\/10\/sm_1698352122.934238.jpg","type":"image\/jpeg"}],"author":"cfeditorfr","twitter_card":"summary_large_image","twitter_misc":{"\u00c9crit par":"cfeditorfr","Dur\u00e9e de lecture estim\u00e9e":"1 minute"},"schema":{"@context":"https:\/\/schema.org","@graph":[{"@type":"Article","@id":"https:\/\/www.africa-press.net\/congo-brazzaville\/politique\/sommet-des-trois-bassins-le-senat-appelle-a-la-prise-des-decisions-reelles#article","isPartOf":{"@id":"https:\/\/www.africa-press.net\/congo-brazzaville\/politique\/sommet-des-trois-bassins-le-senat-appelle-a-la-prise-des-decisions-reelles"},"author":{"name":"cfeditorfr","@id":"https:\/\/www.africa-press.net\/congo-brazzaville\/#\/schema\/person\/2b1cf3cd81a31e3cd26889ca66d677f1"},"headline":"Sommet des trois bassins : le S\u00e9nat appelle \u00e0 la prise des d\u00e9cisions r\u00e9elles","datePublished":"2023-10-26T23:19:48+00:00","dateModified":"2023-10-26T23:58:58+00:00","mainEntityOfPage":{"@id":"https:\/\/www.africa-press.net\/congo-brazzaville\/politique\/sommet-des-trois-bassins-le-senat-appelle-a-la-prise-des-decisions-reelles"},"wordCount":220,"commentCount":0,"image":{"@id":"https:\/\/www.africa-press.net\/congo-brazzaville\/politique\/sommet-des-trois-bassins-le-senat-appelle-a-la-prise-des-decisions-reelles#primaryimage"},"thumbnailUrl":"https:\/\/static.africa-press.net\/congo-brazzaville\/sites\/51\/2023\/10\/sm_1698352122.934238.jpg","keywords":["Africa Press","Africa Press-Congo Brazzaville","Congo Brazzaville"],"articleSection":["Politique","Top Nouvelles","Toutes les actualit\u00e9s"],"inLanguage":"fr-FR","potentialAction":[{"@type":"CommentAction","name":"Comment","target":["https:\/\/www.africa-press.net\/congo-brazzaville\/politique\/sommet-des-trois-bassins-le-senat-appelle-a-la-prise-des-decisions-reelles#respond"]}]},{"@type":"WebPage","@id":"https:\/\/www.africa-press.net\/congo-brazzaville\/politique\/sommet-des-trois-bassins-le-senat-appelle-a-la-prise-des-decisions-reelles","url":"https:\/\/www.africa-press.net\/congo-brazzaville\/politique\/sommet-des-trois-bassins-le-senat-appelle-a-la-prise-des-decisions-reelles","name":"Sommet des trois bassins : le S\u00e9nat appelle \u00e0 la prise des d\u00e9cisions r\u00e9elles - Congo Brazzaville","isPartOf":{"@id":"https:\/\/www.africa-press.net\/congo-brazzaville\/#website"},"primaryImageOfPage":{"@id":"https:\/\/www.africa-press.net\/congo-brazzaville\/politique\/sommet-des-trois-bassins-le-senat-appelle-a-la-prise-des-decisions-reelles#primaryimage"},"image":{"@id":"https:\/\/www.africa-press.net\/congo-brazzaville\/politique\/sommet-des-trois-bassins-le-senat-appelle-a-la-prise-des-decisions-reelles#primaryimage"},"thumbnailUrl":"https:\/\/static.africa-press.net\/congo-brazzaville\/sites\/51\/2023\/10\/sm_1698352122.934238.jpg","datePublished":"2023-10-26T23:19:48+00:00","dateModified":"2023-10-26T23:58:58+00:00","author":{"@id":"https:\/\/www.africa-press.net\/congo-brazzaville\/#\/schema\/person\/2b1cf3cd81a31e3cd26889ca66d677f1"},"description":"Ouvrant la premie\u0300re session ordinaire budge\u0301taire du Se\u0301nat le 15 octobre dernier, le pre\u0301sident de cette institution, ...","breadcrumb":{"@id":"https:\/\/www.africa-press.net\/congo-brazzaville\/politique\/sommet-des-trois-bassins-le-senat-appelle-a-la-prise-des-decisions-reelles#breadcrumb"},"inLanguage":"fr-FR","potentialAction":[{"@type":"ReadAction","target":["https:\/\/www.africa-press.net\/congo-brazzaville\/politique\/sommet-des-trois-bassins-le-senat-appelle-a-la-prise-des-decisions-reelles"]}]},{"@type":"ImageObject","inLanguage":"fr-FR","@id":"https:\/\/www.africa-press.net\/congo-brazzaville\/politique\/sommet-des-trois-bassins-le-senat-appelle-a-la-prise-des-decisions-reelles#primaryimage","url":"https:\/\/static.africa-press.net\/congo-brazzaville\/sites\/51\/2023\/10\/sm_1698352122.934238.jpg","contentUrl":"https:\/\/static.africa-press.net\/congo-brazzaville\/sites\/51\/2023\/10\/sm_1698352122.934238.jpg","width":720,"height":360,"caption":"Sommet des trois bassins : le S\u00e9nat appelle \u00e0 la prise des d\u00e9cisions r\u00e9elles"},{"@type":"BreadcrumbList","@id":"https:\/\/www.africa-press.net\/congo-brazzaville\/politique\/sommet-des-trois-bassins-le-senat-appelle-a-la-prise-des-decisions-reelles#breadcrumb","itemListElement":[{"@type":"ListItem","position":1,"name":"Accueil","item":"https:\/\/www.africa-press.net\/congo-brazzaville\/"},{"@type":"ListItem","position":2,"name":"Sommet des trois bassins : le S\u00e9nat appelle \u00e0 la prise des d\u00e9cisions r\u00e9elles"}]},{"@type":"WebSite","@id":"https:\/\/www.africa-press.net\/congo-brazzaville\/#website","url":"https:\/\/www.africa-press.net\/congo-brazzaville\/","name":"Congo Brazzaville","description":"Just another Africa News Agency Sites site","potentialAction":[{"@type":"SearchAction","target":{"@type":"EntryPoint","urlTemplate":"https:\/\/www.africa-press.net\/congo-brazzaville\/?s={search_term_string}"},"query-input":{"@type":"PropertyValueSpecification","valueRequired":true,"valueName":"search_term_string"}}],"inLanguage":"fr-FR"},{"@type":"Person","@id":"https:\/\/www.africa-press.net\/congo-brazzaville\/#\/schema\/person\/2b1cf3cd81a31e3cd26889ca66d677f1","name":"cfeditorfr"}]}},"_links":{"self":[{"href":"https:\/\/www.africa-press.net\/congo-brazzaville\/wp-json\/wp\/v2\/posts\/23535","targetHints":{"allow":["GET"]}}],"collection":[{"href":"https:\/\/www.africa-press.net\/congo-brazzaville\/wp-json\/wp\/v2\/posts"}],"about":[{"href":"https:\/\/www.africa-press.net\/congo-brazzaville\/wp-json\/wp\/v2\/types\/post"}],"author":[{"embeddable":true,"href":"https:\/\/www.africa-press.net\/congo-brazzaville\/wp-json\/wp\/v2\/users\/82"}],"replies":[{"embeddable":true,"href":"https:\/\/www.africa-press.net\/congo-brazzaville\/wp-json\/wp\/v2\/comments?post=23535"}],"version-history":[{"count":0,"href":"https:\/\/www.africa-press.net\/congo-brazzaville\/wp-json\/wp\/v2\/posts\/23535\/revisions"}],"wp:featuredmedia":[{"embeddable":true,"href":"https:\/\/www.africa-press.net\/congo-brazzaville\/wp-json\/wp\/v2\/media\/23533"}],"wp:attachment":[{"href":"https:\/\/www.africa-press.net\/congo-brazzaville\/wp-json\/wp\/v2\/media?parent=23535"}],"wp:term":[{"taxonomy":"category","embeddable":true,"href":"https:\/\/www.africa-press.net\/congo-brazzaville\/wp-json\/wp\/v2\/categories?post=23535"},{"taxonomy":"post_tag","embeddable":true,"href":"https:\/\/www.africa-press.net\/congo-brazzaville\/wp-json\/wp\/v2\/tags?post=23535"}],"curies":[{"name":"wp","href":"https:\/\/api.w.org\/{rel}","templated":true}]}}