{"id":23565,"date":"2023-10-27T12:40:17","date_gmt":"2023-10-27T12:40:17","guid":{"rendered":"https:\/\/www.africa-press.net\/congo-brazzaville\/politique\/sommet-des-trois-bassins-les-parlementaires-edifies-sur-les-defis-et-opportunites-climatiques-au-congo"},"modified":"2023-10-27T12:50:57","modified_gmt":"2023-10-27T12:50:57","slug":"sommet-des-trois-bassins-les-parlementaires-edifies-sur-les-defis-et-opportunites-climatiques-au-congo","status":"publish","type":"post","link":"https:\/\/www.africa-press.net\/congo-brazzaville\/politique\/sommet-des-trois-bassins-les-parlementaires-edifies-sur-les-defis-et-opportunites-climatiques-au-congo","title":{"rendered":"Sommet des trois bassins: les parlementaires \u00e9difi\u00e9s sur les d\u00e9fis et opportunit\u00e9s climatiques au Congo"},"content":{"rendered":"<p><span style=\"color: #ff6600\"><strong>Africa-Press &#8211; Congo Brazzaville. <\/strong><\/span><b>En marge du sommet sur les trois bassins forestiers tropicaux qui se tient dans la ville capitale, la Banque mondiale a organise\u0301, le 24 octobre, une journe\u0301e parlementaire pour e\u0301difier les se\u0301nateurs et de\u0301pute\u0301s sur les de\u0301fis et opportunite\u0301s climatiques au Congo.<\/b><\/p>\n<p>Co-dirige\u0301e par le pre\u0301sident du Se\u0301nat, Pierre Ngolo, et celui de l\u2019Assemble\u0301e nationale, Isidore Mvouba, la journe\u0301e parlementaire a e\u0301te\u0301 anime\u0301e par le directeur des ope\u0301rations de la Banque mondiale pour le Congo, Cheick Fantamadi Kante\u0301.<\/p>\n<p>La re\u0301union a e\u0301te\u0301 axe\u0301e sur trois aspects essentiels, a\u0300 savoir les recommandations du rapport-pays sur le financement climatique en Re\u0301publique du Congo ; les opportunite\u0301s des marche\u0301s du carbone et le me\u0301canisme de redistribution des ressources naturelles.<\/p>\n<p>La rencontre avait pour objet le partage d\u2019informations climatiques avec les parlementaires, mais aussi d\u2019exhorter les se\u0301nateurs et de\u0301pute\u0301s a\u0300 jouer leur partition dans la lutte contre le changement climatique. Etant donne\u0301 que le Parlement occupe une place de choix dans l\u2019affectation des cre\u0301dits et la le\u0301gislation lie\u0301e au financement du climat.<\/p>\n<p>\u00abCette journe\u0301e parlementaire a vocation a\u0300 doter aux de\u0301pute\u0301s et se\u0301nateurs congolais des outils ne\u0301cessaires pour mieux appre\u0301hender les de\u0301fis du changement climatique ainsi que l\u2019importance du financement du changement climatique au moment ou\u0300 le Parlement tient sa session budge\u0301taire. Cette journe\u0301e parlementaire vise surtout a\u0300 transformer la crise climatique en opportunite\u0301s afin de promouvoir une prospe\u0301rite\u0301 durable \u00bb, a affirme\u0301 le pre\u0301sident de l\u2019Assemble\u0301e nationale, Isidore Mvouba, qui a pre\u0301side\u0301 l\u2019ouverture des travaux.<\/p>\n<p>Clo\u0302turant la ce\u0301re\u0301monie a\u0300 son tour, le pre\u0301sident de la chambre haute du Parlement a rappele\u0301 aux parlementaires les de\u0301fis qu\u2019ils doivent relever pour contribuer a\u0300 la cre\u0301ation d\u2019un monde durable au profit de la plane\u0300te.<\/p>\n<p>\u00abAffronter la crise climatique est un impe\u0301ratif moral et social. Outre le climat, les conflits, la pauvrete\u0301, la justice, la paix ou\u0300 les institutions portent, il y a aussi les de\u0301fis existentiels qui se mesurent en vies perdues, en maisons de\u0301truites, en droits viole\u0301s et ine\u0301galite\u0301s persistantes. Tous ces de\u0301fis nous placent devant l\u2019exigence de mener des actions efficaces et concerte\u0301es. Ce qui nous engage pleinement dans les pre\u0301paratifs de ce sommet de l\u2019espoir. Recentrons nos e\u0301nergies sur la cre\u0301ation d\u2019un monde durable au profit des populations \u00bb, a conclu Pierre Ngolo.<\/p>\n<p><strong>Pour plus d&rsquo;informations et d&rsquo;analyses sur la <a href=\"https:\/\/www.africa-press.net\/congo-brazzaville\">Congo Brazzaville<\/a>, suivez <a href=\"https:\/\/www.africa-press.net\/\">Africa-Press<\/a><\/strong><\/p>\n","protected":false},"excerpt":{"rendered":"<p>Africa-Press &#8211; Congo Brazzaville. En marge du sommet sur les trois bassins forestiers tropicaux qui se tient dans la ville capitale, la Banque mondiale a organise\u0301, le 24 octobre, une journe\u0301e parlementaire pour e\u0301difier les se\u0301nateurs et de\u0301pute\u0301s sur les de\u0301fis et opportunite\u0301s climatiques au Congo. Co-dirige\u0301e par le pre\u0301sident du Se\u0301nat, Pierre Ngolo, et [&hellip;]<\/p>\n","protected":false},"author":82,"featured_media":23564,"comment_status":"open","ping_status":"closed","sticky":false,"template":"","format":"standard","meta":{"footnotes":""},"categories":[2,49,20,10],"tags":[36,47,46],"class_list":["post-23565","post","type-post","status-publish","format-standard","has-post-thumbnail","hentry","category-politique","category-to-homepage","category-top-nouvelles","category-toutes-les-actualites","tag-africa-press","tag-africa-press-congo-brazzaville","tag-congo-brazzaville"],"yoast_head":"<!-- This site is optimized with the Yoast SEO Premium plugin v26.1 (Yoast SEO v27.0) - https:\/\/yoast.com\/product\/yoast-seo-premium-wordpress\/ -->\n<title>Sommet des trois bassins: les parlementaires \u00e9difi\u00e9s sur les d\u00e9fis et opportunit\u00e9s climatiques au Congo - Congo Brazzaville<\/title>\n<meta name=\"description\" content=\"En marge du sommet sur les trois bassins forestiers tropicaux qui se tient dans la ville capitale, la Banque mondiale ...\" \/>\n<meta name=\"robots\" content=\"index, follow, max-snippet:-1, max-image-preview:large, max-video-preview:-1\" \/>\n<link rel=\"canonical\" href=\"https:\/\/www.africa-press.net\/congo-brazzaville\/politique\/sommet-des-trois-bassins-les-parlementaires-edifies-sur-les-defis-et-opportunites-climatiques-au-congo\" \/>\n<meta property=\"og:locale\" content=\"fr_FR\" \/>\n<meta property=\"og:type\" content=\"article\" \/>\n<meta property=\"og:title\" content=\"Sommet des trois bassins: les parlementaires \u00e9difi\u00e9s sur les d\u00e9fis et opportunit\u00e9s climatiques au Congo\" \/>\n<meta property=\"og:description\" content=\"En marge du sommet sur les trois bassins forestiers tropicaux qui se tient dans la ville capitale, la Banque mondiale ...\" \/>\n<meta property=\"og:url\" content=\"https:\/\/www.africa-press.net\/congo-brazzaville\/politique\/sommet-des-trois-bassins-les-parlementaires-edifies-sur-les-defis-et-opportunites-climatiques-au-congo\" \/>\n<meta property=\"og:site_name\" content=\"Congo Brazzaville\" \/>\n<meta property=\"article:published_time\" content=\"2023-10-27T12:40:17+00:00\" \/>\n<meta property=\"article:modified_time\" content=\"2023-10-27T12:50:57+00:00\" \/>\n<meta property=\"og:image\" content=\"https:\/\/static.africa-press.net\/congo-brazzaville\/sites\/51\/2023\/10\/sm_1698398337.083793.jpg\" \/>\n\t<meta property=\"og:image:width\" content=\"845\" \/>\n\t<meta property=\"og:image:height\" content=\"321\" \/>\n\t<meta property=\"og:image:type\" content=\"image\/jpeg\" \/>\n<meta name=\"author\" content=\"cfeditorfr\" \/>\n<meta name=\"twitter:card\" content=\"summary_large_image\" \/>\n<meta name=\"twitter:label1\" content=\"\u00c9crit par\" \/>\n\t<meta name=\"twitter:data1\" content=\"cfeditorfr\" \/>\n\t<meta name=\"twitter:label2\" content=\"Dur\u00e9e de lecture estim\u00e9e\" \/>\n\t<meta name=\"twitter:data2\" content=\"2 minutes\" \/>\n<script type=\"application\/ld+json\" class=\"yoast-schema-graph\">{\"@context\":\"https:\/\/schema.org\",\"@graph\":[{\"@type\":\"Article\",\"@id\":\"https:\/\/www.africa-press.net\/congo-brazzaville\/politique\/sommet-des-trois-bassins-les-parlementaires-edifies-sur-les-defis-et-opportunites-climatiques-au-congo#article\",\"isPartOf\":{\"@id\":\"https:\/\/www.africa-press.net\/congo-brazzaville\/politique\/sommet-des-trois-bassins-les-parlementaires-edifies-sur-les-defis-et-opportunites-climatiques-au-congo\"},\"author\":{\"name\":\"cfeditorfr\",\"@id\":\"https:\/\/www.africa-press.net\/congo-brazzaville\/#\/schema\/person\/2b1cf3cd81a31e3cd26889ca66d677f1\"},\"headline\":\"Sommet des trois bassins: les parlementaires \u00e9difi\u00e9s sur les d\u00e9fis et opportunit\u00e9s climatiques au Congo\",\"datePublished\":\"2023-10-27T12:40:17+00:00\",\"dateModified\":\"2023-10-27T12:50:57+00:00\",\"mainEntityOfPage\":{\"@id\":\"https:\/\/www.africa-press.net\/congo-brazzaville\/politique\/sommet-des-trois-bassins-les-parlementaires-edifies-sur-les-defis-et-opportunites-climatiques-au-congo\"},\"wordCount\":473,\"commentCount\":0,\"image\":{\"@id\":\"https:\/\/www.africa-press.net\/congo-brazzaville\/politique\/sommet-des-trois-bassins-les-parlementaires-edifies-sur-les-defis-et-opportunites-climatiques-au-congo#primaryimage\"},\"thumbnailUrl\":\"https:\/\/static.africa-press.net\/congo-brazzaville\/sites\/51\/2023\/10\/sm_1698398337.083793.jpg\",\"keywords\":[\"Africa Press\",\"Africa Press-Congo Brazzaville\",\"Congo Brazzaville\"],\"articleSection\":[\"Politique\",\"to-homepage\",\"Top Nouvelles\",\"Toutes les actualit\u00e9s\"],\"inLanguage\":\"fr-FR\",\"potentialAction\":[{\"@type\":\"CommentAction\",\"name\":\"Comment\",\"target\":[\"https:\/\/www.africa-press.net\/congo-brazzaville\/politique\/sommet-des-trois-bassins-les-parlementaires-edifies-sur-les-defis-et-opportunites-climatiques-au-congo#respond\"]}]},{\"@type\":\"WebPage\",\"@id\":\"https:\/\/www.africa-press.net\/congo-brazzaville\/politique\/sommet-des-trois-bassins-les-parlementaires-edifies-sur-les-defis-et-opportunites-climatiques-au-congo\",\"url\":\"https:\/\/www.africa-press.net\/congo-brazzaville\/politique\/sommet-des-trois-bassins-les-parlementaires-edifies-sur-les-defis-et-opportunites-climatiques-au-congo\",\"name\":\"Sommet des trois bassins: les parlementaires \u00e9difi\u00e9s sur les d\u00e9fis et opportunit\u00e9s climatiques au Congo - Congo Brazzaville\",\"isPartOf\":{\"@id\":\"https:\/\/www.africa-press.net\/congo-brazzaville\/#website\"},\"primaryImageOfPage\":{\"@id\":\"https:\/\/www.africa-press.net\/congo-brazzaville\/politique\/sommet-des-trois-bassins-les-parlementaires-edifies-sur-les-defis-et-opportunites-climatiques-au-congo#primaryimage\"},\"image\":{\"@id\":\"https:\/\/www.africa-press.net\/congo-brazzaville\/politique\/sommet-des-trois-bassins-les-parlementaires-edifies-sur-les-defis-et-opportunites-climatiques-au-congo#primaryimage\"},\"thumbnailUrl\":\"https:\/\/static.africa-press.net\/congo-brazzaville\/sites\/51\/2023\/10\/sm_1698398337.083793.jpg\",\"datePublished\":\"2023-10-27T12:40:17+00:00\",\"dateModified\":\"2023-10-27T12:50:57+00:00\",\"author\":{\"@id\":\"https:\/\/www.africa-press.net\/congo-brazzaville\/#\/schema\/person\/2b1cf3cd81a31e3cd26889ca66d677f1\"},\"description\":\"En marge du sommet sur les trois bassins forestiers tropicaux qui se tient dans la ville capitale, la Banque mondiale ...\",\"breadcrumb\":{\"@id\":\"https:\/\/www.africa-press.net\/congo-brazzaville\/politique\/sommet-des-trois-bassins-les-parlementaires-edifies-sur-les-defis-et-opportunites-climatiques-au-congo#breadcrumb\"},\"inLanguage\":\"fr-FR\",\"potentialAction\":[{\"@type\":\"ReadAction\",\"target\":[\"https:\/\/www.africa-press.net\/congo-brazzaville\/politique\/sommet-des-trois-bassins-les-parlementaires-edifies-sur-les-defis-et-opportunites-climatiques-au-congo\"]}]},{\"@type\":\"ImageObject\",\"inLanguage\":\"fr-FR\",\"@id\":\"https:\/\/www.africa-press.net\/congo-brazzaville\/politique\/sommet-des-trois-bassins-les-parlementaires-edifies-sur-les-defis-et-opportunites-climatiques-au-congo#primaryimage\",\"url\":\"https:\/\/static.africa-press.net\/congo-brazzaville\/sites\/51\/2023\/10\/sm_1698398337.083793.jpg\",\"contentUrl\":\"https:\/\/static.africa-press.net\/congo-brazzaville\/sites\/51\/2023\/10\/sm_1698398337.083793.jpg\",\"width\":845,\"height\":321,\"caption\":\"Sommet des trois bassins: les parlementaires \u00e9difi\u00e9s sur les d\u00e9fis et opportunit\u00e9s climatiques au Congo\"},{\"@type\":\"BreadcrumbList\",\"@id\":\"https:\/\/www.africa-press.net\/congo-brazzaville\/politique\/sommet-des-trois-bassins-les-parlementaires-edifies-sur-les-defis-et-opportunites-climatiques-au-congo#breadcrumb\",\"itemListElement\":[{\"@type\":\"ListItem\",\"position\":1,\"name\":\"Accueil\",\"item\":\"https:\/\/www.africa-press.net\/congo-brazzaville\/\"},{\"@type\":\"ListItem\",\"position\":2,\"name\":\"Sommet des trois bassins: les parlementaires \u00e9difi\u00e9s sur les d\u00e9fis et opportunit\u00e9s climatiques au Congo\"}]},{\"@type\":\"WebSite\",\"@id\":\"https:\/\/www.africa-press.net\/congo-brazzaville\/#website\",\"url\":\"https:\/\/www.africa-press.net\/congo-brazzaville\/\",\"name\":\"Congo Brazzaville\",\"description\":\"Just another Africa News Agency Sites site\",\"potentialAction\":[{\"@type\":\"SearchAction\",\"target\":{\"@type\":\"EntryPoint\",\"urlTemplate\":\"https:\/\/www.africa-press.net\/congo-brazzaville\/?s={search_term_string}\"},\"query-input\":{\"@type\":\"PropertyValueSpecification\",\"valueRequired\":true,\"valueName\":\"search_term_string\"}}],\"inLanguage\":\"fr-FR\"},{\"@type\":\"Person\",\"@id\":\"https:\/\/www.africa-press.net\/congo-brazzaville\/#\/schema\/person\/2b1cf3cd81a31e3cd26889ca66d677f1\",\"name\":\"cfeditorfr\"}]}<\/script>\n<!-- \/ Yoast SEO Premium plugin. -->","yoast_head_json":{"title":"Sommet des trois bassins: les parlementaires \u00e9difi\u00e9s sur les d\u00e9fis et opportunit\u00e9s climatiques au Congo - Congo Brazzaville","description":"En marge du sommet sur les trois bassins forestiers tropicaux qui se tient dans la ville capitale, la Banque mondiale ...","robots":{"index":"index","follow":"follow","max-snippet":"max-snippet:-1","max-image-preview":"max-image-preview:large","max-video-preview":"max-video-preview:-1"},"canonical":"https:\/\/www.africa-press.net\/congo-brazzaville\/politique\/sommet-des-trois-bassins-les-parlementaires-edifies-sur-les-defis-et-opportunites-climatiques-au-congo","og_locale":"fr_FR","og_type":"article","og_title":"Sommet des trois bassins: les parlementaires \u00e9difi\u00e9s sur les d\u00e9fis et opportunit\u00e9s climatiques au Congo","og_description":"En marge du sommet sur les trois bassins forestiers tropicaux qui se tient dans la ville capitale, la Banque mondiale ...","og_url":"https:\/\/www.africa-press.net\/congo-brazzaville\/politique\/sommet-des-trois-bassins-les-parlementaires-edifies-sur-les-defis-et-opportunites-climatiques-au-congo","og_site_name":"Congo Brazzaville","article_published_time":"2023-10-27T12:40:17+00:00","article_modified_time":"2023-10-27T12:50:57+00:00","og_image":[{"width":845,"height":321,"url":"https:\/\/static.africa-press.net\/congo-brazzaville\/sites\/51\/2023\/10\/sm_1698398337.083793.jpg","type":"image\/jpeg"}],"author":"cfeditorfr","twitter_card":"summary_large_image","twitter_misc":{"\u00c9crit par":"cfeditorfr","Dur\u00e9e de lecture estim\u00e9e":"2 minutes"},"schema":{"@context":"https:\/\/schema.org","@graph":[{"@type":"Article","@id":"https:\/\/www.africa-press.net\/congo-brazzaville\/politique\/sommet-des-trois-bassins-les-parlementaires-edifies-sur-les-defis-et-opportunites-climatiques-au-congo#article","isPartOf":{"@id":"https:\/\/www.africa-press.net\/congo-brazzaville\/politique\/sommet-des-trois-bassins-les-parlementaires-edifies-sur-les-defis-et-opportunites-climatiques-au-congo"},"author":{"name":"cfeditorfr","@id":"https:\/\/www.africa-press.net\/congo-brazzaville\/#\/schema\/person\/2b1cf3cd81a31e3cd26889ca66d677f1"},"headline":"Sommet des trois bassins: les parlementaires \u00e9difi\u00e9s sur les d\u00e9fis et opportunit\u00e9s climatiques au Congo","datePublished":"2023-10-27T12:40:17+00:00","dateModified":"2023-10-27T12:50:57+00:00","mainEntityOfPage":{"@id":"https:\/\/www.africa-press.net\/congo-brazzaville\/politique\/sommet-des-trois-bassins-les-parlementaires-edifies-sur-les-defis-et-opportunites-climatiques-au-congo"},"wordCount":473,"commentCount":0,"image":{"@id":"https:\/\/www.africa-press.net\/congo-brazzaville\/politique\/sommet-des-trois-bassins-les-parlementaires-edifies-sur-les-defis-et-opportunites-climatiques-au-congo#primaryimage"},"thumbnailUrl":"https:\/\/static.africa-press.net\/congo-brazzaville\/sites\/51\/2023\/10\/sm_1698398337.083793.jpg","keywords":["Africa Press","Africa Press-Congo Brazzaville","Congo Brazzaville"],"articleSection":["Politique","to-homepage","Top Nouvelles","Toutes les actualit\u00e9s"],"inLanguage":"fr-FR","potentialAction":[{"@type":"CommentAction","name":"Comment","target":["https:\/\/www.africa-press.net\/congo-brazzaville\/politique\/sommet-des-trois-bassins-les-parlementaires-edifies-sur-les-defis-et-opportunites-climatiques-au-congo#respond"]}]},{"@type":"WebPage","@id":"https:\/\/www.africa-press.net\/congo-brazzaville\/politique\/sommet-des-trois-bassins-les-parlementaires-edifies-sur-les-defis-et-opportunites-climatiques-au-congo","url":"https:\/\/www.africa-press.net\/congo-brazzaville\/politique\/sommet-des-trois-bassins-les-parlementaires-edifies-sur-les-defis-et-opportunites-climatiques-au-congo","name":"Sommet des trois bassins: les parlementaires \u00e9difi\u00e9s sur les d\u00e9fis et opportunit\u00e9s climatiques au Congo - Congo Brazzaville","isPartOf":{"@id":"https:\/\/www.africa-press.net\/congo-brazzaville\/#website"},"primaryImageOfPage":{"@id":"https:\/\/www.africa-press.net\/congo-brazzaville\/politique\/sommet-des-trois-bassins-les-parlementaires-edifies-sur-les-defis-et-opportunites-climatiques-au-congo#primaryimage"},"image":{"@id":"https:\/\/www.africa-press.net\/congo-brazzaville\/politique\/sommet-des-trois-bassins-les-parlementaires-edifies-sur-les-defis-et-opportunites-climatiques-au-congo#primaryimage"},"thumbnailUrl":"https:\/\/static.africa-press.net\/congo-brazzaville\/sites\/51\/2023\/10\/sm_1698398337.083793.jpg","datePublished":"2023-10-27T12:40:17+00:00","dateModified":"2023-10-27T12:50:57+00:00","author":{"@id":"https:\/\/www.africa-press.net\/congo-brazzaville\/#\/schema\/person\/2b1cf3cd81a31e3cd26889ca66d677f1"},"description":"En marge du sommet sur les trois bassins forestiers tropicaux qui se tient dans la ville capitale, la Banque mondiale ...","breadcrumb":{"@id":"https:\/\/www.africa-press.net\/congo-brazzaville\/politique\/sommet-des-trois-bassins-les-parlementaires-edifies-sur-les-defis-et-opportunites-climatiques-au-congo#breadcrumb"},"inLanguage":"fr-FR","potentialAction":[{"@type":"ReadAction","target":["https:\/\/www.africa-press.net\/congo-brazzaville\/politique\/sommet-des-trois-bassins-les-parlementaires-edifies-sur-les-defis-et-opportunites-climatiques-au-congo"]}]},{"@type":"ImageObject","inLanguage":"fr-FR","@id":"https:\/\/www.africa-press.net\/congo-brazzaville\/politique\/sommet-des-trois-bassins-les-parlementaires-edifies-sur-les-defis-et-opportunites-climatiques-au-congo#primaryimage","url":"https:\/\/static.africa-press.net\/congo-brazzaville\/sites\/51\/2023\/10\/sm_1698398337.083793.jpg","contentUrl":"https:\/\/static.africa-press.net\/congo-brazzaville\/sites\/51\/2023\/10\/sm_1698398337.083793.jpg","width":845,"height":321,"caption":"Sommet des trois bassins: les parlementaires \u00e9difi\u00e9s sur les d\u00e9fis et opportunit\u00e9s climatiques au Congo"},{"@type":"BreadcrumbList","@id":"https:\/\/www.africa-press.net\/congo-brazzaville\/politique\/sommet-des-trois-bassins-les-parlementaires-edifies-sur-les-defis-et-opportunites-climatiques-au-congo#breadcrumb","itemListElement":[{"@type":"ListItem","position":1,"name":"Accueil","item":"https:\/\/www.africa-press.net\/congo-brazzaville\/"},{"@type":"ListItem","position":2,"name":"Sommet des trois bassins: les parlementaires \u00e9difi\u00e9s sur les d\u00e9fis et opportunit\u00e9s climatiques au Congo"}]},{"@type":"WebSite","@id":"https:\/\/www.africa-press.net\/congo-brazzaville\/#website","url":"https:\/\/www.africa-press.net\/congo-brazzaville\/","name":"Congo Brazzaville","description":"Just another Africa News Agency Sites site","potentialAction":[{"@type":"SearchAction","target":{"@type":"EntryPoint","urlTemplate":"https:\/\/www.africa-press.net\/congo-brazzaville\/?s={search_term_string}"},"query-input":{"@type":"PropertyValueSpecification","valueRequired":true,"valueName":"search_term_string"}}],"inLanguage":"fr-FR"},{"@type":"Person","@id":"https:\/\/www.africa-press.net\/congo-brazzaville\/#\/schema\/person\/2b1cf3cd81a31e3cd26889ca66d677f1","name":"cfeditorfr"}]}},"_links":{"self":[{"href":"https:\/\/www.africa-press.net\/congo-brazzaville\/wp-json\/wp\/v2\/posts\/23565","targetHints":{"allow":["GET"]}}],"collection":[{"href":"https:\/\/www.africa-press.net\/congo-brazzaville\/wp-json\/wp\/v2\/posts"}],"about":[{"href":"https:\/\/www.africa-press.net\/congo-brazzaville\/wp-json\/wp\/v2\/types\/post"}],"author":[{"embeddable":true,"href":"https:\/\/www.africa-press.net\/congo-brazzaville\/wp-json\/wp\/v2\/users\/82"}],"replies":[{"embeddable":true,"href":"https:\/\/www.africa-press.net\/congo-brazzaville\/wp-json\/wp\/v2\/comments?post=23565"}],"version-history":[{"count":0,"href":"https:\/\/www.africa-press.net\/congo-brazzaville\/wp-json\/wp\/v2\/posts\/23565\/revisions"}],"wp:featuredmedia":[{"embeddable":true,"href":"https:\/\/www.africa-press.net\/congo-brazzaville\/wp-json\/wp\/v2\/media\/23564"}],"wp:attachment":[{"href":"https:\/\/www.africa-press.net\/congo-brazzaville\/wp-json\/wp\/v2\/media?parent=23565"}],"wp:term":[{"taxonomy":"category","embeddable":true,"href":"https:\/\/www.africa-press.net\/congo-brazzaville\/wp-json\/wp\/v2\/categories?post=23565"},{"taxonomy":"post_tag","embeddable":true,"href":"https:\/\/www.africa-press.net\/congo-brazzaville\/wp-json\/wp\/v2\/tags?post=23565"}],"curies":[{"name":"wp","href":"https:\/\/api.w.org\/{rel}","templated":true}]}}