{"id":23675,"date":"2023-10-28T12:27:58","date_gmt":"2023-10-28T12:27:58","guid":{"rendered":"https:\/\/www.africa-press.net\/congo-brazzaville\/politique\/villes-africaines-limiter-limpact-climatique-en-promouvant-la-marche-et-le-velo"},"modified":"2023-10-28T12:34:58","modified_gmt":"2023-10-28T12:34:58","slug":"villes-africaines-limiter-limpact-climatique-en-promouvant-la-marche-et-le-velo","status":"publish","type":"post","link":"https:\/\/www.africa-press.net\/congo-brazzaville\/toutes-les-actualites\/villes-africaines-limiter-limpact-climatique-en-promouvant-la-marche-et-le-velo","title":{"rendered":"Villes africaines : limiter l\u2019impact climatique en promouvant la marche et le v\u00e9lo"},"content":{"rendered":"<p><span style=\"color: #ff6600\"><strong>Africa-Press &#8211; Congo Brazzaville. <\/strong><\/span><b>Les transports urbains e\u0301taient au c\u0153ur de la Semaine africaine du climat 2023, qui s&rsquo;est de\u0301roule\u0301e au mois de septembre a\u0300 Nairobi au Kenya. Cet e\u0301ve\u0301nement annuel, auquel ont participe\u0301 des de\u0301cideurs politiques de tout le continent, a eu pour but d&rsquo;aider les pays du continent a\u0300 surmonter la crise climatique, notamment en re\u0301duisant leurs e\u0301missions de gaz a\u0300 effet de serre. La re\u0301gion est pourtant l&rsquo;une de celles qui contribuent le moins au changement climatique. <\/b><\/p>\n<p>L\u2019un des moyens pre\u0301conise\u0301s pour y arriver est d\u2019emmener les Africains a\u0300 adopter la marche et le ve\u0301lo qui pre\u0301sentent d\u2019e\u0301normes avantages pour les personnes et la plane\u0300te, en ame\u0301liorant la sante\u0301, en re\u0301duisant notre empreinte carbone et en ame\u0301liorant la qualite\u0301 de l\u2019air. Quelques pays, a\u0300 l\u2019instar de l\u2019Ethiopie, sont devenus des mode\u0300les pour le potentiel environnemental de la mobilite\u0301 active. Avec le soutien du Programme des Nations unies pour l\u2019environnement (PNUE), le pays a lance\u0301 une initiative ambitieuse visant a\u0300 convaincre les citoyens de continuer a\u0300 marcher et a\u0300 faire du ve\u0301lo tout en e\u0301vitant les ve\u0301hicules qui crachent de la suie.<\/p>\n<p>Le mouvement de la mobilite\u0301 active s\u2019e\u0301tend a\u0300 toute l\u2019Afrique. Dans la capitale Kenyane par exemple, toutes les nouvelles routes sont construites avec un chemin pie\u0301tonnier et une piste cyclable. 20% du budget des transports de la ville de Nairobi sont consacre\u0301s a\u0300 la mobilite\u0301 active, une politique que le PNUE a contribue\u0301 a\u0300 promouvoir.<\/p>\n<p>Le Rwanda a instaure\u0301 des journe\u0301es bimensuelles sans voiture, au cours desquelles les routes sont re\u0301serve\u0301es aux marcheurs, aux joggeurs, aux patineurs a\u0300 roulettes et aux cyclistes. \u00ab Guraride \u00bb, une application qui permet aux utilisateurs de louer des ve\u0301los et des deux-roues e\u0301lectriques, a e\u0301galement e\u0301te\u0301 introduite.<\/p>\n<p>A Brazzaville, l\u2019avenue de la Corniche qui longe le fleuve Congo est ferme\u0301e chaque dimanche a\u0300 la circulation automobile pour permettre aux pie\u0301tons d\u2019y vaquer librement a\u0300 toutes leurs activite\u0301s.<\/p>\n<p>Cependant, dans une grande partie de l&rsquo;Afrique, les routes restent pe\u0301rilleuses. Le continent compte 20% des de\u0301ce\u0300s dus aux accidents de la route, alors qu\u2019il ne compte que 3 % des ve\u0301hicules immatricule\u0301s dans le monde. En moyenne, 260 pie\u0301tons et 18 cyclistes sont tue\u0301s chaque jour en Afrique. Cela est du\u0302 en grande partie au manque d&rsquo;infrastructures, a\u0300 une mauvaise planification urbaine et a\u0300 une mauvaise conduite.<\/p>\n<p>Les experts estiment que la re\u0301solution de ces proble\u0300mes de se\u0301curite\u0301 pourrait conduire a\u0300 une floraison de la mobilite\u0301 active a\u0300 travers le continent, ce qui apporterait toute une se\u0301rie d&rsquo;avantages. Un rapport du PNUE a montre\u0301 qu\u2019une personne qui fait du ve\u0301lo au lieu de faire cinq petits trajets en voiture par semaine re\u0301duit de 86 kg par an la quantite\u0301 de gaz a\u0300 effet de serre dont elle est responsable.<\/p>\n<p><strong>Pour plus d&rsquo;informations et d&rsquo;analyses sur la <a href=\"https:\/\/www.africa-press.net\/congo-brazzaville\">Congo Brazzaville<\/a>, suivez <a href=\"https:\/\/www.africa-press.net\/\">Africa-Press<\/a><\/strong><\/p>\n","protected":false},"excerpt":{"rendered":"<p>Africa-Press &#8211; Congo Brazzaville. Les transports urbains e\u0301taient au c\u0153ur de la Semaine africaine du climat 2023, qui s&rsquo;est de\u0301roule\u0301e au mois de septembre a\u0300 Nairobi au Kenya. Cet e\u0301ve\u0301nement annuel, auquel ont participe\u0301 des de\u0301cideurs politiques de tout le continent, a eu pour but d&rsquo;aider les pays du continent a\u0300 surmonter la crise climatique, [&hellip;]<\/p>\n","protected":false},"author":82,"featured_media":23674,"comment_status":"open","ping_status":"closed","sticky":false,"template":"","format":"standard","meta":{"footnotes":""},"categories":[21,10],"tags":[36,47,46],"class_list":["post-23675","post","type-post","status-publish","format-standard","has-post-thumbnail","hentry","category-communaute","category-toutes-les-actualites","tag-africa-press","tag-africa-press-congo-brazzaville","tag-congo-brazzaville"],"yoast_head":"<!-- This site is optimized with the Yoast SEO Premium plugin v26.1 (Yoast SEO v27.0) - https:\/\/yoast.com\/product\/yoast-seo-premium-wordpress\/ -->\n<title>Villes africaines : limiter l\u2019impact climatique en promouvant la marche et le v\u00e9lo - Congo Brazzaville<\/title>\n<meta name=\"description\" content=\"Les transports urbains e\u0301taient au c\u0153ur de la Semaine africaine du climat 2023, qui s&#039;est de\u0301roule\u0301e au mois de septe ...\" \/>\n<meta name=\"robots\" content=\"index, follow, max-snippet:-1, max-image-preview:large, max-video-preview:-1\" \/>\n<link rel=\"canonical\" href=\"https:\/\/www.africa-press.net\/congo-brazzaville\/toutes-les-actualites\/villes-africaines-limiter-limpact-climatique-en-promouvant-la-marche-et-le-velo\" \/>\n<meta property=\"og:locale\" content=\"fr_FR\" \/>\n<meta property=\"og:type\" content=\"article\" \/>\n<meta property=\"og:title\" content=\"Villes africaines : limiter l\u2019impact climatique en promouvant la marche et le v\u00e9lo\" \/>\n<meta property=\"og:description\" content=\"Les transports urbains e\u0301taient au c\u0153ur de la Semaine africaine du climat 2023, qui s&#039;est de\u0301roule\u0301e au mois de septe ...\" \/>\n<meta property=\"og:url\" content=\"https:\/\/www.africa-press.net\/congo-brazzaville\/toutes-les-actualites\/villes-africaines-limiter-limpact-climatique-en-promouvant-la-marche-et-le-velo\" \/>\n<meta property=\"og:site_name\" content=\"Congo Brazzaville\" \/>\n<meta property=\"article:published_time\" content=\"2023-10-28T12:27:58+00:00\" \/>\n<meta property=\"article:modified_time\" content=\"2023-10-28T12:34:58+00:00\" \/>\n<meta property=\"og:image\" content=\"https:\/\/static.africa-press.net\/congo-brazzaville\/sites\/51\/2023\/10\/sm_1698483784.37322.jpg\" \/>\n\t<meta property=\"og:image:width\" content=\"728\" \/>\n\t<meta property=\"og:image:height\" content=\"489\" \/>\n\t<meta property=\"og:image:type\" content=\"image\/jpeg\" \/>\n<meta name=\"author\" content=\"cfeditorfr\" \/>\n<meta name=\"twitter:card\" content=\"summary_large_image\" \/>\n<meta name=\"twitter:label1\" content=\"\u00c9crit par\" \/>\n\t<meta name=\"twitter:data1\" content=\"cfeditorfr\" \/>\n\t<meta name=\"twitter:label2\" content=\"Dur\u00e9e de lecture estim\u00e9e\" \/>\n\t<meta name=\"twitter:data2\" content=\"3 minutes\" \/>\n<script type=\"application\/ld+json\" class=\"yoast-schema-graph\">{\"@context\":\"https:\/\/schema.org\",\"@graph\":[{\"@type\":\"Article\",\"@id\":\"https:\/\/www.africa-press.net\/congo-brazzaville\/toutes-les-actualites\/villes-africaines-limiter-limpact-climatique-en-promouvant-la-marche-et-le-velo#article\",\"isPartOf\":{\"@id\":\"https:\/\/www.africa-press.net\/congo-brazzaville\/toutes-les-actualites\/villes-africaines-limiter-limpact-climatique-en-promouvant-la-marche-et-le-velo\"},\"author\":{\"name\":\"cfeditorfr\",\"@id\":\"https:\/\/www.africa-press.net\/congo-brazzaville\/#\/schema\/person\/2b1cf3cd81a31e3cd26889ca66d677f1\"},\"headline\":\"Villes africaines : limiter l\u2019impact climatique en promouvant la marche et le v\u00e9lo\",\"datePublished\":\"2023-10-28T12:27:58+00:00\",\"dateModified\":\"2023-10-28T12:34:58+00:00\",\"mainEntityOfPage\":{\"@id\":\"https:\/\/www.africa-press.net\/congo-brazzaville\/toutes-les-actualites\/villes-africaines-limiter-limpact-climatique-en-promouvant-la-marche-et-le-velo\"},\"wordCount\":542,\"commentCount\":0,\"image\":{\"@id\":\"https:\/\/www.africa-press.net\/congo-brazzaville\/toutes-les-actualites\/villes-africaines-limiter-limpact-climatique-en-promouvant-la-marche-et-le-velo#primaryimage\"},\"thumbnailUrl\":\"https:\/\/static.africa-press.net\/congo-brazzaville\/sites\/51\/2023\/10\/sm_1698483784.37322.jpg\",\"keywords\":[\"Africa Press\",\"Africa Press-Congo Brazzaville\",\"Congo Brazzaville\"],\"articleSection\":[\"Communaut\u00e9\",\"Toutes les actualit\u00e9s\"],\"inLanguage\":\"fr-FR\",\"potentialAction\":[{\"@type\":\"CommentAction\",\"name\":\"Comment\",\"target\":[\"https:\/\/www.africa-press.net\/congo-brazzaville\/toutes-les-actualites\/villes-africaines-limiter-limpact-climatique-en-promouvant-la-marche-et-le-velo#respond\"]}]},{\"@type\":\"WebPage\",\"@id\":\"https:\/\/www.africa-press.net\/congo-brazzaville\/toutes-les-actualites\/villes-africaines-limiter-limpact-climatique-en-promouvant-la-marche-et-le-velo\",\"url\":\"https:\/\/www.africa-press.net\/congo-brazzaville\/toutes-les-actualites\/villes-africaines-limiter-limpact-climatique-en-promouvant-la-marche-et-le-velo\",\"name\":\"Villes africaines : limiter l\u2019impact climatique en promouvant la marche et le v\u00e9lo - Congo Brazzaville\",\"isPartOf\":{\"@id\":\"https:\/\/www.africa-press.net\/congo-brazzaville\/#website\"},\"primaryImageOfPage\":{\"@id\":\"https:\/\/www.africa-press.net\/congo-brazzaville\/toutes-les-actualites\/villes-africaines-limiter-limpact-climatique-en-promouvant-la-marche-et-le-velo#primaryimage\"},\"image\":{\"@id\":\"https:\/\/www.africa-press.net\/congo-brazzaville\/toutes-les-actualites\/villes-africaines-limiter-limpact-climatique-en-promouvant-la-marche-et-le-velo#primaryimage\"},\"thumbnailUrl\":\"https:\/\/static.africa-press.net\/congo-brazzaville\/sites\/51\/2023\/10\/sm_1698483784.37322.jpg\",\"datePublished\":\"2023-10-28T12:27:58+00:00\",\"dateModified\":\"2023-10-28T12:34:58+00:00\",\"author\":{\"@id\":\"https:\/\/www.africa-press.net\/congo-brazzaville\/#\/schema\/person\/2b1cf3cd81a31e3cd26889ca66d677f1\"},\"description\":\"Les transports urbains e\u0301taient au c\u0153ur de la Semaine africaine du climat 2023, qui s'est de\u0301roule\u0301e au mois de septe ...\",\"breadcrumb\":{\"@id\":\"https:\/\/www.africa-press.net\/congo-brazzaville\/toutes-les-actualites\/villes-africaines-limiter-limpact-climatique-en-promouvant-la-marche-et-le-velo#breadcrumb\"},\"inLanguage\":\"fr-FR\",\"potentialAction\":[{\"@type\":\"ReadAction\",\"target\":[\"https:\/\/www.africa-press.net\/congo-brazzaville\/toutes-les-actualites\/villes-africaines-limiter-limpact-climatique-en-promouvant-la-marche-et-le-velo\"]}]},{\"@type\":\"ImageObject\",\"inLanguage\":\"fr-FR\",\"@id\":\"https:\/\/www.africa-press.net\/congo-brazzaville\/toutes-les-actualites\/villes-africaines-limiter-limpact-climatique-en-promouvant-la-marche-et-le-velo#primaryimage\",\"url\":\"https:\/\/static.africa-press.net\/congo-brazzaville\/sites\/51\/2023\/10\/sm_1698483784.37322.jpg\",\"contentUrl\":\"https:\/\/static.africa-press.net\/congo-brazzaville\/sites\/51\/2023\/10\/sm_1698483784.37322.jpg\",\"width\":728,\"height\":489,\"caption\":\"Villes africaines : limiter l\u2019impact climatique en promouvant la marche et le v\u00e9lo\"},{\"@type\":\"BreadcrumbList\",\"@id\":\"https:\/\/www.africa-press.net\/congo-brazzaville\/toutes-les-actualites\/villes-africaines-limiter-limpact-climatique-en-promouvant-la-marche-et-le-velo#breadcrumb\",\"itemListElement\":[{\"@type\":\"ListItem\",\"position\":1,\"name\":\"Accueil\",\"item\":\"https:\/\/www.africa-press.net\/congo-brazzaville\/\"},{\"@type\":\"ListItem\",\"position\":2,\"name\":\"Villes africaines : limiter l\u2019impact climatique en promouvant la marche et le v\u00e9lo\"}]},{\"@type\":\"WebSite\",\"@id\":\"https:\/\/www.africa-press.net\/congo-brazzaville\/#website\",\"url\":\"https:\/\/www.africa-press.net\/congo-brazzaville\/\",\"name\":\"Congo Brazzaville\",\"description\":\"Just another Africa News Agency Sites site\",\"potentialAction\":[{\"@type\":\"SearchAction\",\"target\":{\"@type\":\"EntryPoint\",\"urlTemplate\":\"https:\/\/www.africa-press.net\/congo-brazzaville\/?s={search_term_string}\"},\"query-input\":{\"@type\":\"PropertyValueSpecification\",\"valueRequired\":true,\"valueName\":\"search_term_string\"}}],\"inLanguage\":\"fr-FR\"},{\"@type\":\"Person\",\"@id\":\"https:\/\/www.africa-press.net\/congo-brazzaville\/#\/schema\/person\/2b1cf3cd81a31e3cd26889ca66d677f1\",\"name\":\"cfeditorfr\"}]}<\/script>\n<!-- \/ Yoast SEO Premium plugin. -->","yoast_head_json":{"title":"Villes africaines : limiter l\u2019impact climatique en promouvant la marche et le v\u00e9lo - Congo Brazzaville","description":"Les transports urbains e\u0301taient au c\u0153ur de la Semaine africaine du climat 2023, qui s'est de\u0301roule\u0301e au mois de septe ...","robots":{"index":"index","follow":"follow","max-snippet":"max-snippet:-1","max-image-preview":"max-image-preview:large","max-video-preview":"max-video-preview:-1"},"canonical":"https:\/\/www.africa-press.net\/congo-brazzaville\/toutes-les-actualites\/villes-africaines-limiter-limpact-climatique-en-promouvant-la-marche-et-le-velo","og_locale":"fr_FR","og_type":"article","og_title":"Villes africaines : limiter l\u2019impact climatique en promouvant la marche et le v\u00e9lo","og_description":"Les transports urbains e\u0301taient au c\u0153ur de la Semaine africaine du climat 2023, qui s'est de\u0301roule\u0301e au mois de septe ...","og_url":"https:\/\/www.africa-press.net\/congo-brazzaville\/toutes-les-actualites\/villes-africaines-limiter-limpact-climatique-en-promouvant-la-marche-et-le-velo","og_site_name":"Congo Brazzaville","article_published_time":"2023-10-28T12:27:58+00:00","article_modified_time":"2023-10-28T12:34:58+00:00","og_image":[{"width":728,"height":489,"url":"https:\/\/static.africa-press.net\/congo-brazzaville\/sites\/51\/2023\/10\/sm_1698483784.37322.jpg","type":"image\/jpeg"}],"author":"cfeditorfr","twitter_card":"summary_large_image","twitter_misc":{"\u00c9crit par":"cfeditorfr","Dur\u00e9e de lecture estim\u00e9e":"3 minutes"},"schema":{"@context":"https:\/\/schema.org","@graph":[{"@type":"Article","@id":"https:\/\/www.africa-press.net\/congo-brazzaville\/toutes-les-actualites\/villes-africaines-limiter-limpact-climatique-en-promouvant-la-marche-et-le-velo#article","isPartOf":{"@id":"https:\/\/www.africa-press.net\/congo-brazzaville\/toutes-les-actualites\/villes-africaines-limiter-limpact-climatique-en-promouvant-la-marche-et-le-velo"},"author":{"name":"cfeditorfr","@id":"https:\/\/www.africa-press.net\/congo-brazzaville\/#\/schema\/person\/2b1cf3cd81a31e3cd26889ca66d677f1"},"headline":"Villes africaines : limiter l\u2019impact climatique en promouvant la marche et le v\u00e9lo","datePublished":"2023-10-28T12:27:58+00:00","dateModified":"2023-10-28T12:34:58+00:00","mainEntityOfPage":{"@id":"https:\/\/www.africa-press.net\/congo-brazzaville\/toutes-les-actualites\/villes-africaines-limiter-limpact-climatique-en-promouvant-la-marche-et-le-velo"},"wordCount":542,"commentCount":0,"image":{"@id":"https:\/\/www.africa-press.net\/congo-brazzaville\/toutes-les-actualites\/villes-africaines-limiter-limpact-climatique-en-promouvant-la-marche-et-le-velo#primaryimage"},"thumbnailUrl":"https:\/\/static.africa-press.net\/congo-brazzaville\/sites\/51\/2023\/10\/sm_1698483784.37322.jpg","keywords":["Africa Press","Africa Press-Congo Brazzaville","Congo Brazzaville"],"articleSection":["Communaut\u00e9","Toutes les actualit\u00e9s"],"inLanguage":"fr-FR","potentialAction":[{"@type":"CommentAction","name":"Comment","target":["https:\/\/www.africa-press.net\/congo-brazzaville\/toutes-les-actualites\/villes-africaines-limiter-limpact-climatique-en-promouvant-la-marche-et-le-velo#respond"]}]},{"@type":"WebPage","@id":"https:\/\/www.africa-press.net\/congo-brazzaville\/toutes-les-actualites\/villes-africaines-limiter-limpact-climatique-en-promouvant-la-marche-et-le-velo","url":"https:\/\/www.africa-press.net\/congo-brazzaville\/toutes-les-actualites\/villes-africaines-limiter-limpact-climatique-en-promouvant-la-marche-et-le-velo","name":"Villes africaines : limiter l\u2019impact climatique en promouvant la marche et le v\u00e9lo - Congo Brazzaville","isPartOf":{"@id":"https:\/\/www.africa-press.net\/congo-brazzaville\/#website"},"primaryImageOfPage":{"@id":"https:\/\/www.africa-press.net\/congo-brazzaville\/toutes-les-actualites\/villes-africaines-limiter-limpact-climatique-en-promouvant-la-marche-et-le-velo#primaryimage"},"image":{"@id":"https:\/\/www.africa-press.net\/congo-brazzaville\/toutes-les-actualites\/villes-africaines-limiter-limpact-climatique-en-promouvant-la-marche-et-le-velo#primaryimage"},"thumbnailUrl":"https:\/\/static.africa-press.net\/congo-brazzaville\/sites\/51\/2023\/10\/sm_1698483784.37322.jpg","datePublished":"2023-10-28T12:27:58+00:00","dateModified":"2023-10-28T12:34:58+00:00","author":{"@id":"https:\/\/www.africa-press.net\/congo-brazzaville\/#\/schema\/person\/2b1cf3cd81a31e3cd26889ca66d677f1"},"description":"Les transports urbains e\u0301taient au c\u0153ur de la Semaine africaine du climat 2023, qui s'est de\u0301roule\u0301e au mois de septe ...","breadcrumb":{"@id":"https:\/\/www.africa-press.net\/congo-brazzaville\/toutes-les-actualites\/villes-africaines-limiter-limpact-climatique-en-promouvant-la-marche-et-le-velo#breadcrumb"},"inLanguage":"fr-FR","potentialAction":[{"@type":"ReadAction","target":["https:\/\/www.africa-press.net\/congo-brazzaville\/toutes-les-actualites\/villes-africaines-limiter-limpact-climatique-en-promouvant-la-marche-et-le-velo"]}]},{"@type":"ImageObject","inLanguage":"fr-FR","@id":"https:\/\/www.africa-press.net\/congo-brazzaville\/toutes-les-actualites\/villes-africaines-limiter-limpact-climatique-en-promouvant-la-marche-et-le-velo#primaryimage","url":"https:\/\/static.africa-press.net\/congo-brazzaville\/sites\/51\/2023\/10\/sm_1698483784.37322.jpg","contentUrl":"https:\/\/static.africa-press.net\/congo-brazzaville\/sites\/51\/2023\/10\/sm_1698483784.37322.jpg","width":728,"height":489,"caption":"Villes africaines : limiter l\u2019impact climatique en promouvant la marche et le v\u00e9lo"},{"@type":"BreadcrumbList","@id":"https:\/\/www.africa-press.net\/congo-brazzaville\/toutes-les-actualites\/villes-africaines-limiter-limpact-climatique-en-promouvant-la-marche-et-le-velo#breadcrumb","itemListElement":[{"@type":"ListItem","position":1,"name":"Accueil","item":"https:\/\/www.africa-press.net\/congo-brazzaville\/"},{"@type":"ListItem","position":2,"name":"Villes africaines : limiter l\u2019impact climatique en promouvant la marche et le v\u00e9lo"}]},{"@type":"WebSite","@id":"https:\/\/www.africa-press.net\/congo-brazzaville\/#website","url":"https:\/\/www.africa-press.net\/congo-brazzaville\/","name":"Congo Brazzaville","description":"Just another Africa News Agency Sites site","potentialAction":[{"@type":"SearchAction","target":{"@type":"EntryPoint","urlTemplate":"https:\/\/www.africa-press.net\/congo-brazzaville\/?s={search_term_string}"},"query-input":{"@type":"PropertyValueSpecification","valueRequired":true,"valueName":"search_term_string"}}],"inLanguage":"fr-FR"},{"@type":"Person","@id":"https:\/\/www.africa-press.net\/congo-brazzaville\/#\/schema\/person\/2b1cf3cd81a31e3cd26889ca66d677f1","name":"cfeditorfr"}]}},"_links":{"self":[{"href":"https:\/\/www.africa-press.net\/congo-brazzaville\/wp-json\/wp\/v2\/posts\/23675","targetHints":{"allow":["GET"]}}],"collection":[{"href":"https:\/\/www.africa-press.net\/congo-brazzaville\/wp-json\/wp\/v2\/posts"}],"about":[{"href":"https:\/\/www.africa-press.net\/congo-brazzaville\/wp-json\/wp\/v2\/types\/post"}],"author":[{"embeddable":true,"href":"https:\/\/www.africa-press.net\/congo-brazzaville\/wp-json\/wp\/v2\/users\/82"}],"replies":[{"embeddable":true,"href":"https:\/\/www.africa-press.net\/congo-brazzaville\/wp-json\/wp\/v2\/comments?post=23675"}],"version-history":[{"count":0,"href":"https:\/\/www.africa-press.net\/congo-brazzaville\/wp-json\/wp\/v2\/posts\/23675\/revisions"}],"wp:featuredmedia":[{"embeddable":true,"href":"https:\/\/www.africa-press.net\/congo-brazzaville\/wp-json\/wp\/v2\/media\/23674"}],"wp:attachment":[{"href":"https:\/\/www.africa-press.net\/congo-brazzaville\/wp-json\/wp\/v2\/media?parent=23675"}],"wp:term":[{"taxonomy":"category","embeddable":true,"href":"https:\/\/www.africa-press.net\/congo-brazzaville\/wp-json\/wp\/v2\/categories?post=23675"},{"taxonomy":"post_tag","embeddable":true,"href":"https:\/\/www.africa-press.net\/congo-brazzaville\/wp-json\/wp\/v2\/tags?post=23675"}],"curies":[{"name":"wp","href":"https:\/\/api.w.org\/{rel}","templated":true}]}}