{"id":23677,"date":"2023-10-28T12:28:04","date_gmt":"2023-10-28T12:28:04","guid":{"rendered":"https:\/\/www.africa-press.net\/congo-brazzaville\/politique\/livre-la-26e-edition-du-sila-met-a-lhonneur-le-continent-africain"},"modified":"2023-10-28T12:35:16","modified_gmt":"2023-10-28T12:35:16","slug":"livre-la-26e-edition-du-sila-met-a-lhonneur-le-continent-africain","status":"publish","type":"post","link":"https:\/\/www.africa-press.net\/congo-brazzaville\/culture-et-art\/livre-la-26e-edition-du-sila-met-a-lhonneur-le-continent-africain","title":{"rendered":"Livre : la 26e \u00e9dition du Sila met \u00e0 l\u2019honneur le continent africain"},"content":{"rendered":"<p><span style=\"color: #ff6600\"><strong>Africa-Press &#8211; Congo Brazzaville. <\/strong><\/span><b>La 26e e\u0301dition du Salon international du livre d&rsquo;Alger (Sila) s\u2019est ouverte, le 25 octobre, avec, comme invite\u0301 d\u2019honneur, le continent africain. \u00ab L\u2019Afrique e\u0301crit son avenir \u00bb est d&rsquo;ailleurs le slogan de ce salon du livre, l\u2019un des plus grands des pays arabes et africains. Cette e\u0301dition se de\u0301roule sur une dizaine de jours en pre\u0301sence de plus de 1200 e\u0301diteurs.<\/b><\/p>\n<p>Alger avait annule\u0301 des multiples manifestations de cine\u0301ma et de musique. La ville a e\u0301galement suspendu tous les matchs de foot en signe de soutien a\u0300 Gaza, mais a maintenu ce rendez-vous culturel conside\u0301re\u0301 comme le plus important du pays : le Sila, qui a de\u0301bute\u0301 le mercredi 25 octobre.<\/p>\n<p>Les e\u0301diteurs et e\u0301crivains sont venus de 61 pays dont 18 africains. Pour cette 26e e\u0301dition, le Sila 2023 consacre plusieurs tables rondes a\u0300 des personnalite\u0301s africaines, des symboles connus de tous, comme Nelson Mandela pour le dixie\u0300me anniversaire de sa mort ou Frantz Fanon, figure majeure de l&rsquo;anticolonialisme.<\/p>\n<p>Le salon met aussi en lumie\u0300re l&rsquo;he\u0301ritage et l&rsquo;histoire commune des pays du continent. Ainsi, par exemple, un colloque sera organise\u0301 sur le soufisme. Le salon souhaite ce\u0301le\u0301brer la litte\u0301rature et la pense\u0301e intellectuelle, sans oublier de parler de l&rsquo;importance de la nume\u0301risation dans le monde de l\u2019e\u0301dition. \u00ab C\u2019est une e\u0301dition exceptionnelle, gra\u0302ce a\u0300 la richesse et l\u2019ampleur du programme culturel, qui inclut, en premier lieu, l\u2019Afrique a\u0300 l\u2019honneur. Il est aussi exceptionnel par notre the\u0301matique qui est le livre et le nume\u0301rique \u00bb, a dit Mohamed Iguerb, le directeur du salon.<\/p>\n<p>Noureddine Azzouz du comite\u0301 d&rsquo;organisation a explique\u0301 le choix de l&rsquo;Afrique comme invite\u0301 d&rsquo;honneur du salon : \u00ab On parle de l\u2019Afrique comme horizon ge\u0301o-e\u0301conomique, comme horizon ge\u0301opolitique. On s\u2019est dit : puisqu\u2019on parle de ces horizons-la\u0300, il y en a un autre qui est extre\u0302mement inte\u0301ressant et porteur de facteurs de rapprochement encore plus important, c\u2019est l\u2019horizon ge\u0301oculturel. On a en Alge\u0301rie, dans le champ des acteurs de la recherche universitaire, des gens qui s\u2019inte\u0301ressent au fait culturel esthe\u0301tique africain, on s\u2019est dit que l\u2019ide\u0301e serait inte\u0301ressante de ramener et d\u2019inviter ces gens-la\u0300 pour qu\u2019ils disent au public du Sila ce qu\u2019ils font comme travail \u00bb. Le salon durera jusqu&rsquo;au 4 novembre prochain. Plusieurs auteurs africains sont pre\u0301sents a\u0300 Alger a\u0300 l&rsquo;image du Guine\u0301en Tierno Mone\u0301nembo, la Camerounaise Calixthe Beyala, le Nige\u0301rian Wale Okediran et la Malienne Fatoumata Kei\u0308ta.<\/p>\n<p><strong>Pour plus d&rsquo;informations et d&rsquo;analyses sur la <a href=\"https:\/\/www.africa-press.net\/congo-brazzaville\">Congo Brazzaville<\/a>, suivez <a href=\"https:\/\/www.africa-press.net\/\">Africa-Press<\/a><\/strong><\/p>\n","protected":false},"excerpt":{"rendered":"<p>Africa-Press &#8211; Congo Brazzaville. La 26e e\u0301dition du Salon international du livre d&rsquo;Alger (Sila) s\u2019est ouverte, le 25 octobre, avec, comme invite\u0301 d\u2019honneur, le continent africain. \u00ab L\u2019Afrique e\u0301crit son avenir \u00bb est d&rsquo;ailleurs le slogan de ce salon du livre, l\u2019un des plus grands des pays arabes et africains. Cette e\u0301dition se de\u0301roule sur [&hellip;]<\/p>\n","protected":false},"author":82,"featured_media":23676,"comment_status":"open","ping_status":"closed","sticky":false,"template":"","format":"standard","meta":{"footnotes":""},"categories":[5,10],"tags":[36,47,46],"class_list":["post-23677","post","type-post","status-publish","format-standard","has-post-thumbnail","hentry","category-culture-et-art","category-toutes-les-actualites","tag-africa-press","tag-africa-press-congo-brazzaville","tag-congo-brazzaville"],"yoast_head":"<!-- This site is optimized with the Yoast SEO Premium plugin v26.1 (Yoast SEO v27.0) - https:\/\/yoast.com\/product\/yoast-seo-premium-wordpress\/ -->\n<title>Livre : la 26e \u00e9dition du Sila met \u00e0 l\u2019honneur le continent africain - Congo Brazzaville<\/title>\n<meta name=\"description\" content=\"La 26e e\u0301dition du Salon international du livre d&#039;Alger (Sila) s\u2019est ouverte, le 25 octobre, avec, comme invite\u0301 d\u2019ho ...\" \/>\n<meta name=\"robots\" content=\"index, follow, max-snippet:-1, max-image-preview:large, max-video-preview:-1\" \/>\n<link rel=\"canonical\" href=\"https:\/\/www.africa-press.net\/congo-brazzaville\/culture-et-art\/livre-la-26e-edition-du-sila-met-a-lhonneur-le-continent-africain\" \/>\n<meta property=\"og:locale\" content=\"fr_FR\" \/>\n<meta property=\"og:type\" content=\"article\" \/>\n<meta property=\"og:title\" content=\"Livre : la 26e \u00e9dition du Sila met \u00e0 l\u2019honneur le continent africain\" \/>\n<meta property=\"og:description\" content=\"La 26e e\u0301dition du Salon international du livre d&#039;Alger (Sila) s\u2019est ouverte, le 25 octobre, avec, comme invite\u0301 d\u2019ho ...\" \/>\n<meta property=\"og:url\" content=\"https:\/\/www.africa-press.net\/congo-brazzaville\/culture-et-art\/livre-la-26e-edition-du-sila-met-a-lhonneur-le-continent-africain\" \/>\n<meta property=\"og:site_name\" content=\"Congo Brazzaville\" \/>\n<meta property=\"article:published_time\" content=\"2023-10-28T12:28:04+00:00\" \/>\n<meta property=\"article:modified_time\" content=\"2023-10-28T12:35:16+00:00\" \/>\n<meta property=\"og:image\" content=\"https:\/\/static.africa-press.net\/congo-brazzaville\/sites\/51\/2023\/10\/sm_1698483815.518284.jpg\" \/>\n\t<meta property=\"og:image:width\" content=\"980\" \/>\n\t<meta property=\"og:image:height\" content=\"551\" \/>\n\t<meta property=\"og:image:type\" content=\"image\/jpeg\" \/>\n<meta name=\"author\" content=\"cfeditorfr\" \/>\n<meta name=\"twitter:card\" content=\"summary_large_image\" \/>\n<meta name=\"twitter:label1\" content=\"\u00c9crit par\" \/>\n\t<meta name=\"twitter:data1\" content=\"cfeditorfr\" \/>\n\t<meta name=\"twitter:label2\" content=\"Dur\u00e9e de lecture estim\u00e9e\" \/>\n\t<meta name=\"twitter:data2\" content=\"2 minutes\" \/>\n<script type=\"application\/ld+json\" class=\"yoast-schema-graph\">{\"@context\":\"https:\/\/schema.org\",\"@graph\":[{\"@type\":\"Article\",\"@id\":\"https:\/\/www.africa-press.net\/congo-brazzaville\/culture-et-art\/livre-la-26e-edition-du-sila-met-a-lhonneur-le-continent-africain#article\",\"isPartOf\":{\"@id\":\"https:\/\/www.africa-press.net\/congo-brazzaville\/culture-et-art\/livre-la-26e-edition-du-sila-met-a-lhonneur-le-continent-africain\"},\"author\":{\"name\":\"cfeditorfr\",\"@id\":\"https:\/\/www.africa-press.net\/congo-brazzaville\/#\/schema\/person\/2b1cf3cd81a31e3cd26889ca66d677f1\"},\"headline\":\"Livre : la 26e \u00e9dition du Sila met \u00e0 l\u2019honneur le continent africain\",\"datePublished\":\"2023-10-28T12:28:04+00:00\",\"dateModified\":\"2023-10-28T12:35:16+00:00\",\"mainEntityOfPage\":{\"@id\":\"https:\/\/www.africa-press.net\/congo-brazzaville\/culture-et-art\/livre-la-26e-edition-du-sila-met-a-lhonneur-le-continent-africain\"},\"wordCount\":481,\"commentCount\":0,\"image\":{\"@id\":\"https:\/\/www.africa-press.net\/congo-brazzaville\/culture-et-art\/livre-la-26e-edition-du-sila-met-a-lhonneur-le-continent-africain#primaryimage\"},\"thumbnailUrl\":\"https:\/\/static.africa-press.net\/congo-brazzaville\/sites\/51\/2023\/10\/sm_1698483815.518284.jpg\",\"keywords\":[\"Africa Press\",\"Africa Press-Congo Brazzaville\",\"Congo Brazzaville\"],\"articleSection\":[\"Culture et Art\",\"Toutes les actualit\u00e9s\"],\"inLanguage\":\"fr-FR\",\"potentialAction\":[{\"@type\":\"CommentAction\",\"name\":\"Comment\",\"target\":[\"https:\/\/www.africa-press.net\/congo-brazzaville\/culture-et-art\/livre-la-26e-edition-du-sila-met-a-lhonneur-le-continent-africain#respond\"]}]},{\"@type\":\"WebPage\",\"@id\":\"https:\/\/www.africa-press.net\/congo-brazzaville\/culture-et-art\/livre-la-26e-edition-du-sila-met-a-lhonneur-le-continent-africain\",\"url\":\"https:\/\/www.africa-press.net\/congo-brazzaville\/culture-et-art\/livre-la-26e-edition-du-sila-met-a-lhonneur-le-continent-africain\",\"name\":\"Livre : la 26e \u00e9dition du Sila met \u00e0 l\u2019honneur le continent africain - Congo Brazzaville\",\"isPartOf\":{\"@id\":\"https:\/\/www.africa-press.net\/congo-brazzaville\/#website\"},\"primaryImageOfPage\":{\"@id\":\"https:\/\/www.africa-press.net\/congo-brazzaville\/culture-et-art\/livre-la-26e-edition-du-sila-met-a-lhonneur-le-continent-africain#primaryimage\"},\"image\":{\"@id\":\"https:\/\/www.africa-press.net\/congo-brazzaville\/culture-et-art\/livre-la-26e-edition-du-sila-met-a-lhonneur-le-continent-africain#primaryimage\"},\"thumbnailUrl\":\"https:\/\/static.africa-press.net\/congo-brazzaville\/sites\/51\/2023\/10\/sm_1698483815.518284.jpg\",\"datePublished\":\"2023-10-28T12:28:04+00:00\",\"dateModified\":\"2023-10-28T12:35:16+00:00\",\"author\":{\"@id\":\"https:\/\/www.africa-press.net\/congo-brazzaville\/#\/schema\/person\/2b1cf3cd81a31e3cd26889ca66d677f1\"},\"description\":\"La 26e e\u0301dition du Salon international du livre d'Alger (Sila) s\u2019est ouverte, le 25 octobre, avec, comme invite\u0301 d\u2019ho ...\",\"breadcrumb\":{\"@id\":\"https:\/\/www.africa-press.net\/congo-brazzaville\/culture-et-art\/livre-la-26e-edition-du-sila-met-a-lhonneur-le-continent-africain#breadcrumb\"},\"inLanguage\":\"fr-FR\",\"potentialAction\":[{\"@type\":\"ReadAction\",\"target\":[\"https:\/\/www.africa-press.net\/congo-brazzaville\/culture-et-art\/livre-la-26e-edition-du-sila-met-a-lhonneur-le-continent-africain\"]}]},{\"@type\":\"ImageObject\",\"inLanguage\":\"fr-FR\",\"@id\":\"https:\/\/www.africa-press.net\/congo-brazzaville\/culture-et-art\/livre-la-26e-edition-du-sila-met-a-lhonneur-le-continent-africain#primaryimage\",\"url\":\"https:\/\/static.africa-press.net\/congo-brazzaville\/sites\/51\/2023\/10\/sm_1698483815.518284.jpg\",\"contentUrl\":\"https:\/\/static.africa-press.net\/congo-brazzaville\/sites\/51\/2023\/10\/sm_1698483815.518284.jpg\",\"width\":980,\"height\":551,\"caption\":\"Livre : la 26e \u00e9dition du Sila met \u00e0 l\u2019honneur le continent africain\"},{\"@type\":\"BreadcrumbList\",\"@id\":\"https:\/\/www.africa-press.net\/congo-brazzaville\/culture-et-art\/livre-la-26e-edition-du-sila-met-a-lhonneur-le-continent-africain#breadcrumb\",\"itemListElement\":[{\"@type\":\"ListItem\",\"position\":1,\"name\":\"Accueil\",\"item\":\"https:\/\/www.africa-press.net\/congo-brazzaville\/\"},{\"@type\":\"ListItem\",\"position\":2,\"name\":\"Livre : la 26e \u00e9dition du Sila met \u00e0 l\u2019honneur le continent africain\"}]},{\"@type\":\"WebSite\",\"@id\":\"https:\/\/www.africa-press.net\/congo-brazzaville\/#website\",\"url\":\"https:\/\/www.africa-press.net\/congo-brazzaville\/\",\"name\":\"Congo Brazzaville\",\"description\":\"Just another Africa News Agency Sites site\",\"potentialAction\":[{\"@type\":\"SearchAction\",\"target\":{\"@type\":\"EntryPoint\",\"urlTemplate\":\"https:\/\/www.africa-press.net\/congo-brazzaville\/?s={search_term_string}\"},\"query-input\":{\"@type\":\"PropertyValueSpecification\",\"valueRequired\":true,\"valueName\":\"search_term_string\"}}],\"inLanguage\":\"fr-FR\"},{\"@type\":\"Person\",\"@id\":\"https:\/\/www.africa-press.net\/congo-brazzaville\/#\/schema\/person\/2b1cf3cd81a31e3cd26889ca66d677f1\",\"name\":\"cfeditorfr\"}]}<\/script>\n<!-- \/ Yoast SEO Premium plugin. -->","yoast_head_json":{"title":"Livre : la 26e \u00e9dition du Sila met \u00e0 l\u2019honneur le continent africain - Congo Brazzaville","description":"La 26e e\u0301dition du Salon international du livre d'Alger (Sila) s\u2019est ouverte, le 25 octobre, avec, comme invite\u0301 d\u2019ho ...","robots":{"index":"index","follow":"follow","max-snippet":"max-snippet:-1","max-image-preview":"max-image-preview:large","max-video-preview":"max-video-preview:-1"},"canonical":"https:\/\/www.africa-press.net\/congo-brazzaville\/culture-et-art\/livre-la-26e-edition-du-sila-met-a-lhonneur-le-continent-africain","og_locale":"fr_FR","og_type":"article","og_title":"Livre : la 26e \u00e9dition du Sila met \u00e0 l\u2019honneur le continent africain","og_description":"La 26e e\u0301dition du Salon international du livre d'Alger (Sila) s\u2019est ouverte, le 25 octobre, avec, comme invite\u0301 d\u2019ho ...","og_url":"https:\/\/www.africa-press.net\/congo-brazzaville\/culture-et-art\/livre-la-26e-edition-du-sila-met-a-lhonneur-le-continent-africain","og_site_name":"Congo Brazzaville","article_published_time":"2023-10-28T12:28:04+00:00","article_modified_time":"2023-10-28T12:35:16+00:00","og_image":[{"width":980,"height":551,"url":"https:\/\/static.africa-press.net\/congo-brazzaville\/sites\/51\/2023\/10\/sm_1698483815.518284.jpg","type":"image\/jpeg"}],"author":"cfeditorfr","twitter_card":"summary_large_image","twitter_misc":{"\u00c9crit par":"cfeditorfr","Dur\u00e9e de lecture estim\u00e9e":"2 minutes"},"schema":{"@context":"https:\/\/schema.org","@graph":[{"@type":"Article","@id":"https:\/\/www.africa-press.net\/congo-brazzaville\/culture-et-art\/livre-la-26e-edition-du-sila-met-a-lhonneur-le-continent-africain#article","isPartOf":{"@id":"https:\/\/www.africa-press.net\/congo-brazzaville\/culture-et-art\/livre-la-26e-edition-du-sila-met-a-lhonneur-le-continent-africain"},"author":{"name":"cfeditorfr","@id":"https:\/\/www.africa-press.net\/congo-brazzaville\/#\/schema\/person\/2b1cf3cd81a31e3cd26889ca66d677f1"},"headline":"Livre : la 26e \u00e9dition du Sila met \u00e0 l\u2019honneur le continent africain","datePublished":"2023-10-28T12:28:04+00:00","dateModified":"2023-10-28T12:35:16+00:00","mainEntityOfPage":{"@id":"https:\/\/www.africa-press.net\/congo-brazzaville\/culture-et-art\/livre-la-26e-edition-du-sila-met-a-lhonneur-le-continent-africain"},"wordCount":481,"commentCount":0,"image":{"@id":"https:\/\/www.africa-press.net\/congo-brazzaville\/culture-et-art\/livre-la-26e-edition-du-sila-met-a-lhonneur-le-continent-africain#primaryimage"},"thumbnailUrl":"https:\/\/static.africa-press.net\/congo-brazzaville\/sites\/51\/2023\/10\/sm_1698483815.518284.jpg","keywords":["Africa Press","Africa Press-Congo Brazzaville","Congo Brazzaville"],"articleSection":["Culture et Art","Toutes les actualit\u00e9s"],"inLanguage":"fr-FR","potentialAction":[{"@type":"CommentAction","name":"Comment","target":["https:\/\/www.africa-press.net\/congo-brazzaville\/culture-et-art\/livre-la-26e-edition-du-sila-met-a-lhonneur-le-continent-africain#respond"]}]},{"@type":"WebPage","@id":"https:\/\/www.africa-press.net\/congo-brazzaville\/culture-et-art\/livre-la-26e-edition-du-sila-met-a-lhonneur-le-continent-africain","url":"https:\/\/www.africa-press.net\/congo-brazzaville\/culture-et-art\/livre-la-26e-edition-du-sila-met-a-lhonneur-le-continent-africain","name":"Livre : la 26e \u00e9dition du Sila met \u00e0 l\u2019honneur le continent africain - Congo Brazzaville","isPartOf":{"@id":"https:\/\/www.africa-press.net\/congo-brazzaville\/#website"},"primaryImageOfPage":{"@id":"https:\/\/www.africa-press.net\/congo-brazzaville\/culture-et-art\/livre-la-26e-edition-du-sila-met-a-lhonneur-le-continent-africain#primaryimage"},"image":{"@id":"https:\/\/www.africa-press.net\/congo-brazzaville\/culture-et-art\/livre-la-26e-edition-du-sila-met-a-lhonneur-le-continent-africain#primaryimage"},"thumbnailUrl":"https:\/\/static.africa-press.net\/congo-brazzaville\/sites\/51\/2023\/10\/sm_1698483815.518284.jpg","datePublished":"2023-10-28T12:28:04+00:00","dateModified":"2023-10-28T12:35:16+00:00","author":{"@id":"https:\/\/www.africa-press.net\/congo-brazzaville\/#\/schema\/person\/2b1cf3cd81a31e3cd26889ca66d677f1"},"description":"La 26e e\u0301dition du Salon international du livre d'Alger (Sila) s\u2019est ouverte, le 25 octobre, avec, comme invite\u0301 d\u2019ho ...","breadcrumb":{"@id":"https:\/\/www.africa-press.net\/congo-brazzaville\/culture-et-art\/livre-la-26e-edition-du-sila-met-a-lhonneur-le-continent-africain#breadcrumb"},"inLanguage":"fr-FR","potentialAction":[{"@type":"ReadAction","target":["https:\/\/www.africa-press.net\/congo-brazzaville\/culture-et-art\/livre-la-26e-edition-du-sila-met-a-lhonneur-le-continent-africain"]}]},{"@type":"ImageObject","inLanguage":"fr-FR","@id":"https:\/\/www.africa-press.net\/congo-brazzaville\/culture-et-art\/livre-la-26e-edition-du-sila-met-a-lhonneur-le-continent-africain#primaryimage","url":"https:\/\/static.africa-press.net\/congo-brazzaville\/sites\/51\/2023\/10\/sm_1698483815.518284.jpg","contentUrl":"https:\/\/static.africa-press.net\/congo-brazzaville\/sites\/51\/2023\/10\/sm_1698483815.518284.jpg","width":980,"height":551,"caption":"Livre : la 26e \u00e9dition du Sila met \u00e0 l\u2019honneur le continent africain"},{"@type":"BreadcrumbList","@id":"https:\/\/www.africa-press.net\/congo-brazzaville\/culture-et-art\/livre-la-26e-edition-du-sila-met-a-lhonneur-le-continent-africain#breadcrumb","itemListElement":[{"@type":"ListItem","position":1,"name":"Accueil","item":"https:\/\/www.africa-press.net\/congo-brazzaville\/"},{"@type":"ListItem","position":2,"name":"Livre : la 26e \u00e9dition du Sila met \u00e0 l\u2019honneur le continent africain"}]},{"@type":"WebSite","@id":"https:\/\/www.africa-press.net\/congo-brazzaville\/#website","url":"https:\/\/www.africa-press.net\/congo-brazzaville\/","name":"Congo Brazzaville","description":"Just another Africa News Agency Sites site","potentialAction":[{"@type":"SearchAction","target":{"@type":"EntryPoint","urlTemplate":"https:\/\/www.africa-press.net\/congo-brazzaville\/?s={search_term_string}"},"query-input":{"@type":"PropertyValueSpecification","valueRequired":true,"valueName":"search_term_string"}}],"inLanguage":"fr-FR"},{"@type":"Person","@id":"https:\/\/www.africa-press.net\/congo-brazzaville\/#\/schema\/person\/2b1cf3cd81a31e3cd26889ca66d677f1","name":"cfeditorfr"}]}},"_links":{"self":[{"href":"https:\/\/www.africa-press.net\/congo-brazzaville\/wp-json\/wp\/v2\/posts\/23677","targetHints":{"allow":["GET"]}}],"collection":[{"href":"https:\/\/www.africa-press.net\/congo-brazzaville\/wp-json\/wp\/v2\/posts"}],"about":[{"href":"https:\/\/www.africa-press.net\/congo-brazzaville\/wp-json\/wp\/v2\/types\/post"}],"author":[{"embeddable":true,"href":"https:\/\/www.africa-press.net\/congo-brazzaville\/wp-json\/wp\/v2\/users\/82"}],"replies":[{"embeddable":true,"href":"https:\/\/www.africa-press.net\/congo-brazzaville\/wp-json\/wp\/v2\/comments?post=23677"}],"version-history":[{"count":0,"href":"https:\/\/www.africa-press.net\/congo-brazzaville\/wp-json\/wp\/v2\/posts\/23677\/revisions"}],"wp:featuredmedia":[{"embeddable":true,"href":"https:\/\/www.africa-press.net\/congo-brazzaville\/wp-json\/wp\/v2\/media\/23676"}],"wp:attachment":[{"href":"https:\/\/www.africa-press.net\/congo-brazzaville\/wp-json\/wp\/v2\/media?parent=23677"}],"wp:term":[{"taxonomy":"category","embeddable":true,"href":"https:\/\/www.africa-press.net\/congo-brazzaville\/wp-json\/wp\/v2\/categories?post=23677"},{"taxonomy":"post_tag","embeddable":true,"href":"https:\/\/www.africa-press.net\/congo-brazzaville\/wp-json\/wp\/v2\/tags?post=23677"}],"curies":[{"name":"wp","href":"https:\/\/api.w.org\/{rel}","templated":true}]}}