{"id":23691,"date":"2023-10-28T12:28:36","date_gmt":"2023-10-28T12:28:36","guid":{"rendered":"https:\/\/www.africa-press.net\/congo-brazzaville\/politique\/cooperation-decentralisee-des-etudiants-congolais-beneficient-des-bourses-detudes-au-maroc"},"modified":"2023-10-28T12:36:25","modified_gmt":"2023-10-28T12:36:25","slug":"cooperation-decentralisee-des-etudiants-congolais-beneficient-des-bourses-detudes-au-maroc","status":"publish","type":"post","link":"https:\/\/www.africa-press.net\/congo-brazzaville\/politique\/cooperation-decentralisee-des-etudiants-congolais-beneficient-des-bourses-detudes-au-maroc","title":{"rendered":"Coop\u00e9ration d\u00e9centralis\u00e9e : des \u00e9tudiants congolais b\u00e9n\u00e9ficient des bourses d\u2019\u00e9tudes au Maroc"},"content":{"rendered":"<p><span style=\"color: #ff6600\"><strong>Africa-Press &#8211; Congo Brazzaville. <\/strong><\/span><b>Six e\u0301tudiants congolais se sont envole\u0301s le 27 octobre pour le Maroc ou\u0300 ils poursuivront leurs e\u0301tudes universitaires dans le cadre de l\u2019accord signe\u0301 entre le conseil de\u0301partemental du Niari et celui de l\u2019Oriental du royaume du Maroc.<\/b><\/p>\n<p>Le forum sur la revitalisation et la redynamisation de la de\u0301centralisation et du de\u0301veloppement local, organise\u0301 en mars dernier a\u0300 Brazzaville, commence a\u0300 apporter ses fruits. En effet, cette rencontre avait abouti a\u0300 la signature de plusieurs accords de coope\u0301ration entre les collectivite\u0301s locales du Congo et celles de la France et du Maroc.<\/p>\n<p>Se\u0301lectionne\u0301s par l\u2019Agence marocaine de coope\u0301ration internationale, par le biais du pre\u0301sident du conseil de la re\u0301gion de l\u2019Oriental, les six meilleurs bacheliers du de\u0301partement du Niari ont rec\u0327u le 25 octobre dernier leurs documents de voyage, notamment les passeports, les autorisations e\u0301lectroniques de voyage au Maroc ainsi que les billets. C\u2019est le ministre de\u0301le\u0301gue\u0301 en charge de la De\u0301centralisation et du de\u0301veloppement local, Juste De\u0301sire\u0301 Mondele\u0301, qui leur a remis les titres de voyage. Au Maroc, les be\u0301ne\u0301ficiaires de ces bourses de coope\u0301ration poursuivront leurs e\u0301tudes en droit, science de la vie et de la terre, ainsi que science e\u0301conomique et gestion.<\/p>\n<p>\u00ab Vous e\u0302tes les six meilleurs choisis pour la promotion 2023-2024 qui est la premie\u0300re. Nous comptons sur votre sens de responsabilite\u0301. Vous partez comme ambassadeurs, pre\u0301curseurs, pionniers ; donc vous avez les valeurs de la Re\u0301publique a\u0300 porter, des valeurs e\u0301thiques a\u0300 respecter. Nous avons le bonheur aujourd\u2019hui d\u2019avoir six de nos meilleurs bacheliers partir e\u0301tudier au royaume du Maroc, dans le cadre des partenariats noue\u0301s entre nos collectivite\u0301s \u00bb, s\u2019est re\u0301joui le ministre de\u0301le\u0301gue\u0301.<\/p>\n<p>Insistant sur le respect de la discipline, de l\u2019e\u0301thique, Juste De\u0301sire\u0301 Mondele\u0301 a invite\u0301 ces e\u0301tudiants a\u0300 observer scrupuleusement les lois et les re\u0300gles du royaume de Maroc. \u00ab Il y a plusieurs collectivite\u0301s locales africaines qui ont envoye\u0301 leurs e\u0301tudiants au Maroc ; faites la fierte\u0301 de vos parents, de votre pays et votre propre fierte\u0301 parce que vous entrez par la grande porte dans la vraie vie. Nous allons faire un suivi re\u0301gulier et aurons le rapport global de vos activite\u0301s, de vos re\u0301sultats universitaires mais aussi de votre comportement. Nous savons compter sur vous \u00bb, a-t-il conclu, pre\u0301cisant que la moyenne d\u2019a\u0302ge est de 18 ans.<\/p>\n<p>Un des be\u0301ne\u0301ficiaires, Royalle Nibelle Daucqa Ngouambi a remercie\u0301 les autorite\u0301s pour leur avoir accorde\u0301 l\u2019opportunite\u0301 d\u2019aller e\u0301tudier a\u0300 l\u2019e\u0301tranger. \u00ab Nous allons finir vite et revenir servir notre pays. Apre\u0300s le bac, je n\u2019imaginai pas a\u0300 aller poursuivre mes e\u0301tudes a\u0300 l\u2019e\u0301tranger. Je vais faire droit, nous allons nous donner a\u0300 fond, sans rela\u0302che et re\u0301aliser notre promesse envers monsieur le ministre, celui de revenir avec les diplo\u0302mes \u00bb.<\/p>\n<p>Notons que cette re\u0301ception s\u2019est de\u0301roule\u0301e en pre\u0301sence du pre\u0301sident du conseil de\u0301partemental du Niari, Armand Moody Mafoumbou, assiste\u0301 de son vice-pre\u0301sident, Gabriel Lissouba, ainsi que des parents des re\u0301cipiendaires.<\/p>\n\r\n                <style type=\"text\/css\">\r\n                    \r\n                    #td_uid_1_69f2729cc9e1c  .td-doubleSlider-2 .td-item1 {\r\n                        background: url(https:\/\/static.africa-press.net\/congo-brazzaville\/sites\/51\/2023\/10\/sm_1698483914.713515-80x60.jpg) 0 0 no-repeat;\r\n                    }\r\n                    #td_uid_1_69f2729cc9e1c  .td-doubleSlider-2 .td-item2 {\r\n                        background: url(https:\/\/static.africa-press.net\/congo-brazzaville\/sites\/51\/2023\/10\/sm_1698483927.502922-80x60.jpg) 0 0 no-repeat;\r\n                    }\r\n                <\/style>\r\n\r\n                <div id=\"td_uid_1_69f2729cc9e1c\" class=\"td-gallery td-slide-on-2-columns\">\r\n                    <div class=\"post_td_gallery\">\r\n                        <div class=\"td-gallery-slide-top\">\r\n                           <div class=\"td-gallery-title\"><\/div>\r\n\r\n                            <div class=\"td-gallery-controls-wrapper\">\r\n                                <div class=\"td-gallery-slide-count\"><span class=\"td-gallery-slide-item-focus\">1<\/span> de 2<\/div>\r\n                                <div class=\"td-gallery-slide-prev-next-but\">\r\n                                    <i class = \"td-icon-left doubleSliderPrevButton\"><\/i>\r\n                                    <i class = \"td-icon-right doubleSliderNextButton\"><\/i>\r\n                                <\/div>\r\n                            <\/div>\r\n                        <\/div>\r\n\r\n                        <div class = \"td-doubleSlider-1 \">\r\n                            <div class = \"td-slider\">\r\n                                \r\n                    <div class = \"td-slide-item td-item1\">\r\n                        <figure class=\"td-slide-galery-figure td-slide-popup-gallery\">\r\n                            <a class=\"slide-gallery-image-link\" href=\"https:\/\/static.africa-press.net\/congo-brazzaville\/sites\/51\/2023\/10\/sm_1698483914.713515.jpg\" title=\"sm_1698483914.713515\"  data-caption=\"\"  data-description=\"\">\r\n                                <img decoding=\"async\" src=\"https:\/\/static.africa-press.net\/congo-brazzaville\/sites\/51\/2023\/10\/sm_1698483914.713515.jpg\" srcset=\"https:\/\/static.africa-press.net\/congo-brazzaville\/sites\/51\/2023\/10\/sm_1698483914.713515.jpg 1080w, https:\/\/static.africa-press.net\/congo-brazzaville\/sites\/51\/2023\/10\/sm_1698483914.713515-300x200.jpg 300w, https:\/\/static.africa-press.net\/congo-brazzaville\/sites\/51\/2023\/10\/sm_1698483914.713515-1024x683.jpg 1024w, https:\/\/static.africa-press.net\/congo-brazzaville\/sites\/51\/2023\/10\/sm_1698483914.713515-768x512.jpg 768w\" sizes=\"(max-width: 1080px) 100vw, 1080px\" alt=\"\">\r\n                            <\/a>\r\n                            \r\n                        <\/figure>\r\n                    <\/div>\r\n                    <div class = \"td-slide-item td-item2\">\r\n                        <figure class=\"td-slide-galery-figure td-slide-popup-gallery\">\r\n                            <a class=\"slide-gallery-image-link\" href=\"https:\/\/static.africa-press.net\/congo-brazzaville\/sites\/51\/2023\/10\/sm_1698483927.502922.jpg\" title=\"sm_1698483927.502922\"  data-caption=\"\"  data-description=\"\">\r\n                                <img decoding=\"async\" src=\"https:\/\/static.africa-press.net\/congo-brazzaville\/sites\/51\/2023\/10\/sm_1698483927.502922.jpg\" srcset=\"https:\/\/static.africa-press.net\/congo-brazzaville\/sites\/51\/2023\/10\/sm_1698483927.502922.jpg 1080w, https:\/\/static.africa-press.net\/congo-brazzaville\/sites\/51\/2023\/10\/sm_1698483927.502922-300x200.jpg 300w, https:\/\/static.africa-press.net\/congo-brazzaville\/sites\/51\/2023\/10\/sm_1698483927.502922-1024x683.jpg 1024w, https:\/\/static.africa-press.net\/congo-brazzaville\/sites\/51\/2023\/10\/sm_1698483927.502922-768x512.jpg 768w\" sizes=\"(max-width: 1080px) 100vw, 1080px\" alt=\"\">\r\n                            <\/a>\r\n                            \r\n                        <\/figure>\r\n                    <\/div>\r\n                            <\/div>\r\n                        <\/div>\r\n\r\n                        <div class = \"td-doubleSlider-2\">\r\n                            <div class = \"td-slider\">\r\n                                \r\n                    <div class = \"td-button td-item1\">\r\n                        <div class = \"td-border\"><\/div>\r\n                    <\/div>\r\n                    <div class = \"td-button td-item2\">\r\n                        <div class = \"td-border\"><\/div>\r\n                    <\/div>\r\n                            <\/div>\r\n                        <\/div>\r\n\r\n                    <\/div>\r\n\r\n                <\/div>\r\n                \n<p><strong>Pour plus d&rsquo;informations et d&rsquo;analyses sur la <a href=\"https:\/\/www.africa-press.net\/congo-brazzaville\">Congo Brazzaville<\/a>, suivez <a href=\"https:\/\/www.africa-press.net\/\">Africa-Press<\/a><\/strong><\/p>\n","protected":false},"excerpt":{"rendered":"<p>Africa-Press &#8211; Congo Brazzaville. Six e\u0301tudiants congolais se sont envole\u0301s le 27 octobre pour le Maroc ou\u0300 ils poursuivront leurs e\u0301tudes universitaires dans le cadre de l\u2019accord signe\u0301 entre le conseil de\u0301partemental du Niari et celui de l\u2019Oriental du royaume du Maroc. Le forum sur la revitalisation et la redynamisation de la de\u0301centralisation et du [&hellip;]<\/p>\n","protected":false},"author":82,"featured_media":23689,"comment_status":"open","ping_status":"closed","sticky":false,"template":"","format":"standard","meta":{"footnotes":""},"categories":[8,2,10],"tags":[36,47,46],"class_list":["post-23691","post","type-post","status-publish","format-standard","has-post-thumbnail","hentry","category-photo","category-politique","category-toutes-les-actualites","tag-africa-press","tag-africa-press-congo-brazzaville","tag-congo-brazzaville"],"yoast_head":"<!-- This site is optimized with the Yoast SEO Premium plugin v26.1 (Yoast SEO v27.0) - https:\/\/yoast.com\/product\/yoast-seo-premium-wordpress\/ -->\n<title>Coop\u00e9ration d\u00e9centralis\u00e9e : des \u00e9tudiants congolais b\u00e9n\u00e9ficient des bourses d\u2019\u00e9tudes au Maroc - Congo Brazzaville<\/title>\n<meta name=\"description\" content=\"Six e\u0301tudiants congolais se sont envole\u0301s le 27 octobre pour le Maroc ou\u0300 ils poursuivront leurs e\u0301tudes universitair ...\" \/>\n<meta name=\"robots\" content=\"index, follow, max-snippet:-1, max-image-preview:large, max-video-preview:-1\" \/>\n<link rel=\"canonical\" href=\"https:\/\/www.africa-press.net\/congo-brazzaville\/politique\/cooperation-decentralisee-des-etudiants-congolais-beneficient-des-bourses-detudes-au-maroc\" \/>\n<meta property=\"og:locale\" content=\"fr_FR\" \/>\n<meta property=\"og:type\" content=\"article\" \/>\n<meta property=\"og:title\" content=\"Coop\u00e9ration d\u00e9centralis\u00e9e : des \u00e9tudiants congolais b\u00e9n\u00e9ficient des bourses d\u2019\u00e9tudes au Maroc\" \/>\n<meta property=\"og:description\" content=\"Six e\u0301tudiants congolais se sont envole\u0301s le 27 octobre pour le Maroc ou\u0300 ils poursuivront leurs e\u0301tudes universitair ...\" \/>\n<meta property=\"og:url\" content=\"https:\/\/www.africa-press.net\/congo-brazzaville\/politique\/cooperation-decentralisee-des-etudiants-congolais-beneficient-des-bourses-detudes-au-maroc\" \/>\n<meta property=\"og:site_name\" content=\"Congo Brazzaville\" \/>\n<meta property=\"article:published_time\" content=\"2023-10-28T12:28:36+00:00\" \/>\n<meta property=\"article:modified_time\" content=\"2023-10-28T12:36:25+00:00\" \/>\n<meta property=\"og:image\" content=\"https:\/\/static.africa-press.net\/congo-brazzaville\/sites\/51\/2023\/10\/sm_1698483940.641076.jpg\" \/>\n\t<meta property=\"og:image:width\" content=\"1080\" \/>\n\t<meta property=\"og:image:height\" content=\"720\" \/>\n\t<meta property=\"og:image:type\" content=\"image\/jpeg\" \/>\n<meta name=\"author\" content=\"cfeditorfr\" \/>\n<meta name=\"twitter:card\" content=\"summary_large_image\" \/>\n<meta name=\"twitter:label1\" content=\"\u00c9crit par\" \/>\n\t<meta name=\"twitter:data1\" content=\"cfeditorfr\" \/>\n\t<meta name=\"twitter:label2\" content=\"Dur\u00e9e de lecture estim\u00e9e\" \/>\n\t<meta name=\"twitter:data2\" content=\"3 minutes\" \/>\n<script type=\"application\/ld+json\" class=\"yoast-schema-graph\">{\"@context\":\"https:\/\/schema.org\",\"@graph\":[{\"@type\":\"Article\",\"@id\":\"https:\/\/www.africa-press.net\/congo-brazzaville\/politique\/cooperation-decentralisee-des-etudiants-congolais-beneficient-des-bourses-detudes-au-maroc#article\",\"isPartOf\":{\"@id\":\"https:\/\/www.africa-press.net\/congo-brazzaville\/politique\/cooperation-decentralisee-des-etudiants-congolais-beneficient-des-bourses-detudes-au-maroc\"},\"author\":{\"name\":\"cfeditorfr\",\"@id\":\"https:\/\/www.africa-press.net\/congo-brazzaville\/#\/schema\/person\/2b1cf3cd81a31e3cd26889ca66d677f1\"},\"headline\":\"Coop\u00e9ration d\u00e9centralis\u00e9e : des \u00e9tudiants congolais b\u00e9n\u00e9ficient des bourses d\u2019\u00e9tudes au Maroc\",\"datePublished\":\"2023-10-28T12:28:36+00:00\",\"dateModified\":\"2023-10-28T12:36:25+00:00\",\"mainEntityOfPage\":{\"@id\":\"https:\/\/www.africa-press.net\/congo-brazzaville\/politique\/cooperation-decentralisee-des-etudiants-congolais-beneficient-des-bourses-detudes-au-maroc\"},\"wordCount\":596,\"commentCount\":0,\"image\":{\"@id\":\"https:\/\/www.africa-press.net\/congo-brazzaville\/politique\/cooperation-decentralisee-des-etudiants-congolais-beneficient-des-bourses-detudes-au-maroc#primaryimage\"},\"thumbnailUrl\":\"https:\/\/static.africa-press.net\/congo-brazzaville\/sites\/51\/2023\/10\/sm_1698483940.641076.jpg\",\"keywords\":[\"Africa Press\",\"Africa Press-Congo Brazzaville\",\"Congo Brazzaville\"],\"articleSection\":[\"Photo\",\"Politique\",\"Toutes les actualit\u00e9s\"],\"inLanguage\":\"fr-FR\",\"potentialAction\":[{\"@type\":\"CommentAction\",\"name\":\"Comment\",\"target\":[\"https:\/\/www.africa-press.net\/congo-brazzaville\/politique\/cooperation-decentralisee-des-etudiants-congolais-beneficient-des-bourses-detudes-au-maroc#respond\"]}]},{\"@type\":\"WebPage\",\"@id\":\"https:\/\/www.africa-press.net\/congo-brazzaville\/politique\/cooperation-decentralisee-des-etudiants-congolais-beneficient-des-bourses-detudes-au-maroc\",\"url\":\"https:\/\/www.africa-press.net\/congo-brazzaville\/politique\/cooperation-decentralisee-des-etudiants-congolais-beneficient-des-bourses-detudes-au-maroc\",\"name\":\"Coop\u00e9ration d\u00e9centralis\u00e9e : des \u00e9tudiants congolais b\u00e9n\u00e9ficient des bourses d\u2019\u00e9tudes au Maroc - Congo Brazzaville\",\"isPartOf\":{\"@id\":\"https:\/\/www.africa-press.net\/congo-brazzaville\/#website\"},\"primaryImageOfPage\":{\"@id\":\"https:\/\/www.africa-press.net\/congo-brazzaville\/politique\/cooperation-decentralisee-des-etudiants-congolais-beneficient-des-bourses-detudes-au-maroc#primaryimage\"},\"image\":{\"@id\":\"https:\/\/www.africa-press.net\/congo-brazzaville\/politique\/cooperation-decentralisee-des-etudiants-congolais-beneficient-des-bourses-detudes-au-maroc#primaryimage\"},\"thumbnailUrl\":\"https:\/\/static.africa-press.net\/congo-brazzaville\/sites\/51\/2023\/10\/sm_1698483940.641076.jpg\",\"datePublished\":\"2023-10-28T12:28:36+00:00\",\"dateModified\":\"2023-10-28T12:36:25+00:00\",\"author\":{\"@id\":\"https:\/\/www.africa-press.net\/congo-brazzaville\/#\/schema\/person\/2b1cf3cd81a31e3cd26889ca66d677f1\"},\"description\":\"Six e\u0301tudiants congolais se sont envole\u0301s le 27 octobre pour le Maroc ou\u0300 ils poursuivront leurs e\u0301tudes universitair ...\",\"breadcrumb\":{\"@id\":\"https:\/\/www.africa-press.net\/congo-brazzaville\/politique\/cooperation-decentralisee-des-etudiants-congolais-beneficient-des-bourses-detudes-au-maroc#breadcrumb\"},\"inLanguage\":\"fr-FR\",\"potentialAction\":[{\"@type\":\"ReadAction\",\"target\":[\"https:\/\/www.africa-press.net\/congo-brazzaville\/politique\/cooperation-decentralisee-des-etudiants-congolais-beneficient-des-bourses-detudes-au-maroc\"]}]},{\"@type\":\"ImageObject\",\"inLanguage\":\"fr-FR\",\"@id\":\"https:\/\/www.africa-press.net\/congo-brazzaville\/politique\/cooperation-decentralisee-des-etudiants-congolais-beneficient-des-bourses-detudes-au-maroc#primaryimage\",\"url\":\"https:\/\/static.africa-press.net\/congo-brazzaville\/sites\/51\/2023\/10\/sm_1698483940.641076.jpg\",\"contentUrl\":\"https:\/\/static.africa-press.net\/congo-brazzaville\/sites\/51\/2023\/10\/sm_1698483940.641076.jpg\",\"width\":1080,\"height\":720,\"caption\":\"Coop\u00e9ration d\u00e9centralis\u00e9e : des \u00e9tudiants congolais b\u00e9n\u00e9ficient des bourses d\u2019\u00e9tudes au Maroc\"},{\"@type\":\"BreadcrumbList\",\"@id\":\"https:\/\/www.africa-press.net\/congo-brazzaville\/politique\/cooperation-decentralisee-des-etudiants-congolais-beneficient-des-bourses-detudes-au-maroc#breadcrumb\",\"itemListElement\":[{\"@type\":\"ListItem\",\"position\":1,\"name\":\"Accueil\",\"item\":\"https:\/\/www.africa-press.net\/congo-brazzaville\/\"},{\"@type\":\"ListItem\",\"position\":2,\"name\":\"Coop\u00e9ration d\u00e9centralis\u00e9e : des \u00e9tudiants congolais b\u00e9n\u00e9ficient des bourses d\u2019\u00e9tudes au Maroc\"}]},{\"@type\":\"WebSite\",\"@id\":\"https:\/\/www.africa-press.net\/congo-brazzaville\/#website\",\"url\":\"https:\/\/www.africa-press.net\/congo-brazzaville\/\",\"name\":\"Congo Brazzaville\",\"description\":\"Just another Africa News Agency Sites site\",\"potentialAction\":[{\"@type\":\"SearchAction\",\"target\":{\"@type\":\"EntryPoint\",\"urlTemplate\":\"https:\/\/www.africa-press.net\/congo-brazzaville\/?s={search_term_string}\"},\"query-input\":{\"@type\":\"PropertyValueSpecification\",\"valueRequired\":true,\"valueName\":\"search_term_string\"}}],\"inLanguage\":\"fr-FR\"},{\"@type\":\"Person\",\"@id\":\"https:\/\/www.africa-press.net\/congo-brazzaville\/#\/schema\/person\/2b1cf3cd81a31e3cd26889ca66d677f1\",\"name\":\"cfeditorfr\"}]}<\/script>\n<!-- \/ Yoast SEO Premium plugin. -->","yoast_head_json":{"title":"Coop\u00e9ration d\u00e9centralis\u00e9e : des \u00e9tudiants congolais b\u00e9n\u00e9ficient des bourses d\u2019\u00e9tudes au Maroc - Congo Brazzaville","description":"Six e\u0301tudiants congolais se sont envole\u0301s le 27 octobre pour le Maroc ou\u0300 ils poursuivront leurs e\u0301tudes universitair ...","robots":{"index":"index","follow":"follow","max-snippet":"max-snippet:-1","max-image-preview":"max-image-preview:large","max-video-preview":"max-video-preview:-1"},"canonical":"https:\/\/www.africa-press.net\/congo-brazzaville\/politique\/cooperation-decentralisee-des-etudiants-congolais-beneficient-des-bourses-detudes-au-maroc","og_locale":"fr_FR","og_type":"article","og_title":"Coop\u00e9ration d\u00e9centralis\u00e9e : des \u00e9tudiants congolais b\u00e9n\u00e9ficient des bourses d\u2019\u00e9tudes au Maroc","og_description":"Six e\u0301tudiants congolais se sont envole\u0301s le 27 octobre pour le Maroc ou\u0300 ils poursuivront leurs e\u0301tudes universitair ...","og_url":"https:\/\/www.africa-press.net\/congo-brazzaville\/politique\/cooperation-decentralisee-des-etudiants-congolais-beneficient-des-bourses-detudes-au-maroc","og_site_name":"Congo Brazzaville","article_published_time":"2023-10-28T12:28:36+00:00","article_modified_time":"2023-10-28T12:36:25+00:00","og_image":[{"width":1080,"height":720,"url":"https:\/\/static.africa-press.net\/congo-brazzaville\/sites\/51\/2023\/10\/sm_1698483940.641076.jpg","type":"image\/jpeg"}],"author":"cfeditorfr","twitter_card":"summary_large_image","twitter_misc":{"\u00c9crit par":"cfeditorfr","Dur\u00e9e de lecture estim\u00e9e":"3 minutes"},"schema":{"@context":"https:\/\/schema.org","@graph":[{"@type":"Article","@id":"https:\/\/www.africa-press.net\/congo-brazzaville\/politique\/cooperation-decentralisee-des-etudiants-congolais-beneficient-des-bourses-detudes-au-maroc#article","isPartOf":{"@id":"https:\/\/www.africa-press.net\/congo-brazzaville\/politique\/cooperation-decentralisee-des-etudiants-congolais-beneficient-des-bourses-detudes-au-maroc"},"author":{"name":"cfeditorfr","@id":"https:\/\/www.africa-press.net\/congo-brazzaville\/#\/schema\/person\/2b1cf3cd81a31e3cd26889ca66d677f1"},"headline":"Coop\u00e9ration d\u00e9centralis\u00e9e : des \u00e9tudiants congolais b\u00e9n\u00e9ficient des bourses d\u2019\u00e9tudes au Maroc","datePublished":"2023-10-28T12:28:36+00:00","dateModified":"2023-10-28T12:36:25+00:00","mainEntityOfPage":{"@id":"https:\/\/www.africa-press.net\/congo-brazzaville\/politique\/cooperation-decentralisee-des-etudiants-congolais-beneficient-des-bourses-detudes-au-maroc"},"wordCount":596,"commentCount":0,"image":{"@id":"https:\/\/www.africa-press.net\/congo-brazzaville\/politique\/cooperation-decentralisee-des-etudiants-congolais-beneficient-des-bourses-detudes-au-maroc#primaryimage"},"thumbnailUrl":"https:\/\/static.africa-press.net\/congo-brazzaville\/sites\/51\/2023\/10\/sm_1698483940.641076.jpg","keywords":["Africa Press","Africa Press-Congo Brazzaville","Congo Brazzaville"],"articleSection":["Photo","Politique","Toutes les actualit\u00e9s"],"inLanguage":"fr-FR","potentialAction":[{"@type":"CommentAction","name":"Comment","target":["https:\/\/www.africa-press.net\/congo-brazzaville\/politique\/cooperation-decentralisee-des-etudiants-congolais-beneficient-des-bourses-detudes-au-maroc#respond"]}]},{"@type":"WebPage","@id":"https:\/\/www.africa-press.net\/congo-brazzaville\/politique\/cooperation-decentralisee-des-etudiants-congolais-beneficient-des-bourses-detudes-au-maroc","url":"https:\/\/www.africa-press.net\/congo-brazzaville\/politique\/cooperation-decentralisee-des-etudiants-congolais-beneficient-des-bourses-detudes-au-maroc","name":"Coop\u00e9ration d\u00e9centralis\u00e9e : des \u00e9tudiants congolais b\u00e9n\u00e9ficient des bourses d\u2019\u00e9tudes au Maroc - Congo Brazzaville","isPartOf":{"@id":"https:\/\/www.africa-press.net\/congo-brazzaville\/#website"},"primaryImageOfPage":{"@id":"https:\/\/www.africa-press.net\/congo-brazzaville\/politique\/cooperation-decentralisee-des-etudiants-congolais-beneficient-des-bourses-detudes-au-maroc#primaryimage"},"image":{"@id":"https:\/\/www.africa-press.net\/congo-brazzaville\/politique\/cooperation-decentralisee-des-etudiants-congolais-beneficient-des-bourses-detudes-au-maroc#primaryimage"},"thumbnailUrl":"https:\/\/static.africa-press.net\/congo-brazzaville\/sites\/51\/2023\/10\/sm_1698483940.641076.jpg","datePublished":"2023-10-28T12:28:36+00:00","dateModified":"2023-10-28T12:36:25+00:00","author":{"@id":"https:\/\/www.africa-press.net\/congo-brazzaville\/#\/schema\/person\/2b1cf3cd81a31e3cd26889ca66d677f1"},"description":"Six e\u0301tudiants congolais se sont envole\u0301s le 27 octobre pour le Maroc ou\u0300 ils poursuivront leurs e\u0301tudes universitair ...","breadcrumb":{"@id":"https:\/\/www.africa-press.net\/congo-brazzaville\/politique\/cooperation-decentralisee-des-etudiants-congolais-beneficient-des-bourses-detudes-au-maroc#breadcrumb"},"inLanguage":"fr-FR","potentialAction":[{"@type":"ReadAction","target":["https:\/\/www.africa-press.net\/congo-brazzaville\/politique\/cooperation-decentralisee-des-etudiants-congolais-beneficient-des-bourses-detudes-au-maroc"]}]},{"@type":"ImageObject","inLanguage":"fr-FR","@id":"https:\/\/www.africa-press.net\/congo-brazzaville\/politique\/cooperation-decentralisee-des-etudiants-congolais-beneficient-des-bourses-detudes-au-maroc#primaryimage","url":"https:\/\/static.africa-press.net\/congo-brazzaville\/sites\/51\/2023\/10\/sm_1698483940.641076.jpg","contentUrl":"https:\/\/static.africa-press.net\/congo-brazzaville\/sites\/51\/2023\/10\/sm_1698483940.641076.jpg","width":1080,"height":720,"caption":"Coop\u00e9ration d\u00e9centralis\u00e9e : des \u00e9tudiants congolais b\u00e9n\u00e9ficient des bourses d\u2019\u00e9tudes au Maroc"},{"@type":"BreadcrumbList","@id":"https:\/\/www.africa-press.net\/congo-brazzaville\/politique\/cooperation-decentralisee-des-etudiants-congolais-beneficient-des-bourses-detudes-au-maroc#breadcrumb","itemListElement":[{"@type":"ListItem","position":1,"name":"Accueil","item":"https:\/\/www.africa-press.net\/congo-brazzaville\/"},{"@type":"ListItem","position":2,"name":"Coop\u00e9ration d\u00e9centralis\u00e9e : des \u00e9tudiants congolais b\u00e9n\u00e9ficient des bourses d\u2019\u00e9tudes au Maroc"}]},{"@type":"WebSite","@id":"https:\/\/www.africa-press.net\/congo-brazzaville\/#website","url":"https:\/\/www.africa-press.net\/congo-brazzaville\/","name":"Congo Brazzaville","description":"Just another Africa News Agency Sites site","potentialAction":[{"@type":"SearchAction","target":{"@type":"EntryPoint","urlTemplate":"https:\/\/www.africa-press.net\/congo-brazzaville\/?s={search_term_string}"},"query-input":{"@type":"PropertyValueSpecification","valueRequired":true,"valueName":"search_term_string"}}],"inLanguage":"fr-FR"},{"@type":"Person","@id":"https:\/\/www.africa-press.net\/congo-brazzaville\/#\/schema\/person\/2b1cf3cd81a31e3cd26889ca66d677f1","name":"cfeditorfr"}]}},"_links":{"self":[{"href":"https:\/\/www.africa-press.net\/congo-brazzaville\/wp-json\/wp\/v2\/posts\/23691","targetHints":{"allow":["GET"]}}],"collection":[{"href":"https:\/\/www.africa-press.net\/congo-brazzaville\/wp-json\/wp\/v2\/posts"}],"about":[{"href":"https:\/\/www.africa-press.net\/congo-brazzaville\/wp-json\/wp\/v2\/types\/post"}],"author":[{"embeddable":true,"href":"https:\/\/www.africa-press.net\/congo-brazzaville\/wp-json\/wp\/v2\/users\/82"}],"replies":[{"embeddable":true,"href":"https:\/\/www.africa-press.net\/congo-brazzaville\/wp-json\/wp\/v2\/comments?post=23691"}],"version-history":[{"count":0,"href":"https:\/\/www.africa-press.net\/congo-brazzaville\/wp-json\/wp\/v2\/posts\/23691\/revisions"}],"wp:featuredmedia":[{"embeddable":true,"href":"https:\/\/www.africa-press.net\/congo-brazzaville\/wp-json\/wp\/v2\/media\/23689"}],"wp:attachment":[{"href":"https:\/\/www.africa-press.net\/congo-brazzaville\/wp-json\/wp\/v2\/media?parent=23691"}],"wp:term":[{"taxonomy":"category","embeddable":true,"href":"https:\/\/www.africa-press.net\/congo-brazzaville\/wp-json\/wp\/v2\/categories?post=23691"},{"taxonomy":"post_tag","embeddable":true,"href":"https:\/\/www.africa-press.net\/congo-brazzaville\/wp-json\/wp\/v2\/tags?post=23691"}],"curies":[{"name":"wp","href":"https:\/\/api.w.org\/{rel}","templated":true}]}}