{"id":23710,"date":"2023-10-29T19:43:18","date_gmt":"2023-10-29T19:43:18","guid":{"rendered":"https:\/\/www.africa-press.net\/congo-brazzaville\/politique\/a-brazzaville-felix-tshisekedi-decu-de-son-infructueux-volontarisme-diplomatique-en-afrique"},"modified":"2023-10-29T20:01:42","modified_gmt":"2023-10-29T20:01:42","slug":"a-brazzaville-felix-tshisekedi-decu-de-son-infructueux-volontarisme-diplomatique-en-afrique","status":"publish","type":"post","link":"https:\/\/www.africa-press.net\/congo-brazzaville\/politique\/a-brazzaville-felix-tshisekedi-decu-de-son-infructueux-volontarisme-diplomatique-en-afrique","title":{"rendered":"A Brazzaville, F\u00e9lix Tshisekedi de\u00e7u de son infructueux volontarisme diplomatique en Afrique"},"content":{"rendered":"<p><span style=\"color: #ff6600\"><strong>Africa-Press &#8211; Congo Brazzaville. <\/strong><\/span><b>Le pre\u0301sident de la Re\u0301publique de\u0301mocratique du Congo, Fe\u0301lix Tshisekedi, a participe\u0301, samedi a\u0300 Brazzaville, au deuxie\u0300me sommet des trois bassins tropicaux du monde.<\/b><\/p>\n<p>Intervenant en qualite\u0301 de co-organisateur de ces assises, avant le discours du lancement des travaux par son homologue du Congo, Denis Sassou, Fe\u0301lix Tshisekedi a ouvert une parenthe\u0300se au cours de son speech pour re\u0301agir aux propos du chef de l\u2019E\u0301tat du Kenya, William Ruto.<\/p>\n<p>Ce dernier, tre\u0300s ovationne\u0301 par le public ayant rempli la salle de confe\u0301rence du centre international de Kinte\u0301le\u0301, avait, dans un discours magistral, appele\u0301 ses pairs africains a\u0300 acce\u0301le\u0301rer la mise en \u0153uvre de la ZLECAF (Zone de libre e\u0301change continental africain) pour renforcer la collaboration des E\u0301tats africains et assurer la consolidation de la puissance de l\u2019Afrique. Ruto s\u2019est fe\u0301licite\u0301 de sa politique de suppression de visa entre son pays et quelques E\u0301tats africains, et a appele\u0301 a\u0300 l\u2019application de cette mesure par tous les E\u0301tats du continent.<\/p>\n<p><b>Re\u0301action de Fe\u0301lix Tshisekedi<\/b><\/p>\n<p>\u00ab Avant de conclure mon propos, permettez-moi de re\u0301agir a\u0300 la tre\u0300s brillante prestation de notre fre\u0300re le pre\u0301sident William Ruto mais e\u0301galement de notre fre\u0300re Brice Oligui sur la ne\u0301cessite\u0301 d\u2019e\u0302tre unis et des avantages qui en de\u0301coulent \u00bb, a de\u0301clare\u0301 Fe\u0301lix Tshisekedi dans une parenthe\u0300se l\u2019ayant sorti de son discours officiel.<\/p>\n<p>\u00ab Lorsque je suis devenu pre\u0301sident de Ia Re\u0301publique, la premie\u0300re destination a\u0300 laquelle j\u2019ai re\u0301serve\u0301 mes de\u0301placements, c\u2019e\u0301tait en Afrique. (&#8230;) J\u2019ai parcouru et visite\u0301 tous les neuf voisins de la RDC. (&#8230;) Mon but e\u0301tait de parler a\u0300 tous mes pairs de la me\u0301cessite\u0301 de vivre en paix, de vivre unis, de de\u0301velopper des projets. Je suis en mesure de dire pour chaque pays les projets sur lesquels nous avons commence\u0301 a\u0300 parler. C\u2019est vous dire l\u2019attachement que j\u2019ai a\u0300 la paix et a\u0300 l\u2019unite\u0301 des peuples d\u2019Afrique \u00bb, a poursuivi le chef de l\u2019E\u0301tat de la RDC.<\/p>\n<p>Et d\u2019ajouter :<\/p>\n<p>\u00bb Mais, et je voudrais vraiment tempe\u0301rer l\u2019enthousiasme qui e\u0301tait no\u0302tre quand nous avons suivi le pre\u0301sident Ruto, pour dire malheureusement que nous sommes loin de la re\u0301alite\u0301 \u00bb de paix et d\u2019unite\u0301 en Afrique \u00bb.<\/p>\n<p>\u00ab Car, en ce moment ou\u0300 nous parlons de la de notre biodiversite\u0301, il se passe en ce moment au Parc national des Virunga, une des re\u0301serves les plus importantes au monde en fore\u0302t et en biodiversite\u0301, un activisme arme\u0301 qui met en mal cet e\u0301cosyste\u0300me, (pire, ndlr) qui le de\u0301truit. Et cela n\u2019a pas e\u0301te\u0301 de\u0301cide\u0301 a\u0300 Washington, a\u0300 Paris ou a\u0300 Londres. C\u0327\u2019a e\u0301te\u0301 de\u0301cide\u0301 en Afrique et plus pre\u0301cise\u0301ment a\u0300 Kigali \u00bb, a de\u0301plore\u0301 Fe\u0301lix Tshisekedi avant de conclure :<\/p>\n<p><b>\u00ab C\u2019est pour dire que nous devons bannir l\u2019hypocrisie qu\u2019il y a entre nous \u00bb.<\/b><br \/>\n<b>Pour l\u2019e\u0301rection d\u2019un mur entre la RDC et le Rwanda ?<\/b><\/p>\n<p>Au terme de son premier mandat a\u0300 la te\u0302te de la RDC, le pre\u0301sident Fe\u0301lix Tshisekedi est butte\u0301 a\u0300 une re\u0301alite\u0301 se\u0301curitaire contrastant avec sa volonte\u0301 de pacifier le flanc oriental du pays en proie a\u0300 l\u2019activisme de plus de deux cents cinquante groupes arme\u0301s locaux et e\u0301trangers.<\/p>\n<p>Dans ses propos, Fe\u0301lix Tshisekedi a, a\u0300 peine, dissimule\u0301 ses intentions face au Rwanda accuse\u0301 d\u2019acte d\u2019agression et de soutien au M23 contre l\u2019E\u0301tat congolais. \u00ab Je ne suis tente\u0301 de construire des ponts, mais pluto\u0302t des murs pour prote\u0301ger ma population \u00bb contre l\u2019agression rwandaise. Cette piste a e\u0301te\u0301 publiquement propose\u0301e par Adolphe Muzito, ancien Premier Ministre et candidat a\u0300 l\u2019e\u0301lection pre\u0301sidentielle du 20 de\u0301cembre prochain.<\/p>\n<p>A\u0300 quelques semaines du lancement de la campagne e\u0301lectorale, ce sujet alimentera certainement les de\u0301bats publics sur les voies d\u2019un re\u0300glement durable de la crise se\u0301curitaire dans l\u2019est du pays.<\/p>\n<p><strong>Pour plus d&rsquo;informations et d&rsquo;analyses sur la <a href=\"https:\/\/www.africa-press.net\/congo-brazzaville\">Congo Brazzaville<\/a>, suivez <a href=\"https:\/\/www.africa-press.net\/\">Africa-Press<\/a><\/strong><\/p>\n","protected":false},"excerpt":{"rendered":"<p>Africa-Press &#8211; Congo Brazzaville. Le pre\u0301sident de la Re\u0301publique de\u0301mocratique du Congo, Fe\u0301lix Tshisekedi, a participe\u0301, samedi a\u0300 Brazzaville, au deuxie\u0300me sommet des trois bassins tropicaux du monde. Intervenant en qualite\u0301 de co-organisateur de ces assises, avant le discours du lancement des travaux par son homologue du Congo, Denis Sassou, Fe\u0301lix Tshisekedi a ouvert une [&hellip;]<\/p>\n","protected":false},"author":82,"featured_media":23709,"comment_status":"open","ping_status":"closed","sticky":false,"template":"","format":"standard","meta":{"footnotes":""},"categories":[2,20,10],"tags":[36,47,46],"class_list":["post-23710","post","type-post","status-publish","format-standard","has-post-thumbnail","hentry","category-politique","category-top-nouvelles","category-toutes-les-actualites","tag-africa-press","tag-africa-press-congo-brazzaville","tag-congo-brazzaville"],"yoast_head":"<!-- This site is optimized with the Yoast SEO Premium plugin v26.1 (Yoast SEO v27.0) - https:\/\/yoast.com\/product\/yoast-seo-premium-wordpress\/ -->\n<title>A Brazzaville, F\u00e9lix Tshisekedi de\u00e7u de son infructueux volontarisme diplomatique en Afrique - Congo Brazzaville<\/title>\n<meta name=\"description\" content=\"Le pre\u0301sident de la Re\u0301publique de\u0301mocratique du Congo, Fe\u0301lix Tshisekedi, a participe\u0301, samedi a\u0300 Brazzaville, au de ...\" \/>\n<meta name=\"robots\" content=\"index, follow, max-snippet:-1, max-image-preview:large, max-video-preview:-1\" \/>\n<link rel=\"canonical\" href=\"https:\/\/www.africa-press.net\/congo-brazzaville\/politique\/a-brazzaville-felix-tshisekedi-decu-de-son-infructueux-volontarisme-diplomatique-en-afrique\" \/>\n<meta property=\"og:locale\" content=\"fr_FR\" \/>\n<meta property=\"og:type\" content=\"article\" \/>\n<meta property=\"og:title\" content=\"A Brazzaville, F\u00e9lix Tshisekedi de\u00e7u de son infructueux volontarisme diplomatique en Afrique\" \/>\n<meta property=\"og:description\" content=\"Le pre\u0301sident de la Re\u0301publique de\u0301mocratique du Congo, Fe\u0301lix Tshisekedi, a participe\u0301, samedi a\u0300 Brazzaville, au de ...\" \/>\n<meta property=\"og:url\" content=\"https:\/\/www.africa-press.net\/congo-brazzaville\/politique\/a-brazzaville-felix-tshisekedi-decu-de-son-infructueux-volontarisme-diplomatique-en-afrique\" \/>\n<meta property=\"og:site_name\" content=\"Congo Brazzaville\" \/>\n<meta property=\"article:published_time\" content=\"2023-10-29T19:43:18+00:00\" \/>\n<meta property=\"article:modified_time\" content=\"2023-10-29T20:01:42+00:00\" \/>\n<meta property=\"og:image\" content=\"https:\/\/static.africa-press.net\/congo-brazzaville\/sites\/51\/2023\/10\/sm_1698597052.168274.jpg\" \/>\n\t<meta property=\"og:image:width\" content=\"720\" \/>\n\t<meta property=\"og:image:height\" content=\"479\" \/>\n\t<meta property=\"og:image:type\" content=\"image\/jpeg\" \/>\n<meta name=\"author\" content=\"cfeditorfr\" \/>\n<meta name=\"twitter:card\" content=\"summary_large_image\" \/>\n<meta name=\"twitter:label1\" content=\"\u00c9crit par\" \/>\n\t<meta name=\"twitter:data1\" content=\"cfeditorfr\" \/>\n\t<meta name=\"twitter:label2\" content=\"Dur\u00e9e de lecture estim\u00e9e\" \/>\n\t<meta name=\"twitter:data2\" content=\"4 minutes\" \/>\n<script type=\"application\/ld+json\" class=\"yoast-schema-graph\">{\"@context\":\"https:\/\/schema.org\",\"@graph\":[{\"@type\":\"Article\",\"@id\":\"https:\/\/www.africa-press.net\/congo-brazzaville\/politique\/a-brazzaville-felix-tshisekedi-decu-de-son-infructueux-volontarisme-diplomatique-en-afrique#article\",\"isPartOf\":{\"@id\":\"https:\/\/www.africa-press.net\/congo-brazzaville\/politique\/a-brazzaville-felix-tshisekedi-decu-de-son-infructueux-volontarisme-diplomatique-en-afrique\"},\"author\":{\"name\":\"cfeditorfr\",\"@id\":\"https:\/\/www.africa-press.net\/congo-brazzaville\/#\/schema\/person\/2b1cf3cd81a31e3cd26889ca66d677f1\"},\"headline\":\"A Brazzaville, F\u00e9lix Tshisekedi de\u00e7u de son infructueux volontarisme diplomatique en Afrique\",\"datePublished\":\"2023-10-29T19:43:18+00:00\",\"dateModified\":\"2023-10-29T20:01:42+00:00\",\"mainEntityOfPage\":{\"@id\":\"https:\/\/www.africa-press.net\/congo-brazzaville\/politique\/a-brazzaville-felix-tshisekedi-decu-de-son-infructueux-volontarisme-diplomatique-en-afrique\"},\"wordCount\":735,\"commentCount\":0,\"image\":{\"@id\":\"https:\/\/www.africa-press.net\/congo-brazzaville\/politique\/a-brazzaville-felix-tshisekedi-decu-de-son-infructueux-volontarisme-diplomatique-en-afrique#primaryimage\"},\"thumbnailUrl\":\"https:\/\/static.africa-press.net\/congo-brazzaville\/sites\/51\/2023\/10\/sm_1698597052.168274.jpg\",\"keywords\":[\"Africa Press\",\"Africa Press-Congo Brazzaville\",\"Congo Brazzaville\"],\"articleSection\":[\"Politique\",\"Top Nouvelles\",\"Toutes les actualit\u00e9s\"],\"inLanguage\":\"fr-FR\",\"potentialAction\":[{\"@type\":\"CommentAction\",\"name\":\"Comment\",\"target\":[\"https:\/\/www.africa-press.net\/congo-brazzaville\/politique\/a-brazzaville-felix-tshisekedi-decu-de-son-infructueux-volontarisme-diplomatique-en-afrique#respond\"]}]},{\"@type\":\"WebPage\",\"@id\":\"https:\/\/www.africa-press.net\/congo-brazzaville\/politique\/a-brazzaville-felix-tshisekedi-decu-de-son-infructueux-volontarisme-diplomatique-en-afrique\",\"url\":\"https:\/\/www.africa-press.net\/congo-brazzaville\/politique\/a-brazzaville-felix-tshisekedi-decu-de-son-infructueux-volontarisme-diplomatique-en-afrique\",\"name\":\"A Brazzaville, F\u00e9lix Tshisekedi de\u00e7u de son infructueux volontarisme diplomatique en Afrique - Congo Brazzaville\",\"isPartOf\":{\"@id\":\"https:\/\/www.africa-press.net\/congo-brazzaville\/#website\"},\"primaryImageOfPage\":{\"@id\":\"https:\/\/www.africa-press.net\/congo-brazzaville\/politique\/a-brazzaville-felix-tshisekedi-decu-de-son-infructueux-volontarisme-diplomatique-en-afrique#primaryimage\"},\"image\":{\"@id\":\"https:\/\/www.africa-press.net\/congo-brazzaville\/politique\/a-brazzaville-felix-tshisekedi-decu-de-son-infructueux-volontarisme-diplomatique-en-afrique#primaryimage\"},\"thumbnailUrl\":\"https:\/\/static.africa-press.net\/congo-brazzaville\/sites\/51\/2023\/10\/sm_1698597052.168274.jpg\",\"datePublished\":\"2023-10-29T19:43:18+00:00\",\"dateModified\":\"2023-10-29T20:01:42+00:00\",\"author\":{\"@id\":\"https:\/\/www.africa-press.net\/congo-brazzaville\/#\/schema\/person\/2b1cf3cd81a31e3cd26889ca66d677f1\"},\"description\":\"Le pre\u0301sident de la Re\u0301publique de\u0301mocratique du Congo, Fe\u0301lix Tshisekedi, a participe\u0301, samedi a\u0300 Brazzaville, au de ...\",\"breadcrumb\":{\"@id\":\"https:\/\/www.africa-press.net\/congo-brazzaville\/politique\/a-brazzaville-felix-tshisekedi-decu-de-son-infructueux-volontarisme-diplomatique-en-afrique#breadcrumb\"},\"inLanguage\":\"fr-FR\",\"potentialAction\":[{\"@type\":\"ReadAction\",\"target\":[\"https:\/\/www.africa-press.net\/congo-brazzaville\/politique\/a-brazzaville-felix-tshisekedi-decu-de-son-infructueux-volontarisme-diplomatique-en-afrique\"]}]},{\"@type\":\"ImageObject\",\"inLanguage\":\"fr-FR\",\"@id\":\"https:\/\/www.africa-press.net\/congo-brazzaville\/politique\/a-brazzaville-felix-tshisekedi-decu-de-son-infructueux-volontarisme-diplomatique-en-afrique#primaryimage\",\"url\":\"https:\/\/static.africa-press.net\/congo-brazzaville\/sites\/51\/2023\/10\/sm_1698597052.168274.jpg\",\"contentUrl\":\"https:\/\/static.africa-press.net\/congo-brazzaville\/sites\/51\/2023\/10\/sm_1698597052.168274.jpg\",\"width\":720,\"height\":479,\"caption\":\"A Brazzaville, F\u00e9lix Tshisekedi de\u00e7u de son infructueux volontarisme diplomatique en Afrique\"},{\"@type\":\"BreadcrumbList\",\"@id\":\"https:\/\/www.africa-press.net\/congo-brazzaville\/politique\/a-brazzaville-felix-tshisekedi-decu-de-son-infructueux-volontarisme-diplomatique-en-afrique#breadcrumb\",\"itemListElement\":[{\"@type\":\"ListItem\",\"position\":1,\"name\":\"Accueil\",\"item\":\"https:\/\/www.africa-press.net\/congo-brazzaville\/\"},{\"@type\":\"ListItem\",\"position\":2,\"name\":\"A Brazzaville, F\u00e9lix Tshisekedi de\u00e7u de son infructueux volontarisme diplomatique en Afrique\"}]},{\"@type\":\"WebSite\",\"@id\":\"https:\/\/www.africa-press.net\/congo-brazzaville\/#website\",\"url\":\"https:\/\/www.africa-press.net\/congo-brazzaville\/\",\"name\":\"Congo Brazzaville\",\"description\":\"Just another Africa News Agency Sites site\",\"potentialAction\":[{\"@type\":\"SearchAction\",\"target\":{\"@type\":\"EntryPoint\",\"urlTemplate\":\"https:\/\/www.africa-press.net\/congo-brazzaville\/?s={search_term_string}\"},\"query-input\":{\"@type\":\"PropertyValueSpecification\",\"valueRequired\":true,\"valueName\":\"search_term_string\"}}],\"inLanguage\":\"fr-FR\"},{\"@type\":\"Person\",\"@id\":\"https:\/\/www.africa-press.net\/congo-brazzaville\/#\/schema\/person\/2b1cf3cd81a31e3cd26889ca66d677f1\",\"name\":\"cfeditorfr\"}]}<\/script>\n<!-- \/ Yoast SEO Premium plugin. -->","yoast_head_json":{"title":"A Brazzaville, F\u00e9lix Tshisekedi de\u00e7u de son infructueux volontarisme diplomatique en Afrique - Congo Brazzaville","description":"Le pre\u0301sident de la Re\u0301publique de\u0301mocratique du Congo, Fe\u0301lix Tshisekedi, a participe\u0301, samedi a\u0300 Brazzaville, au de ...","robots":{"index":"index","follow":"follow","max-snippet":"max-snippet:-1","max-image-preview":"max-image-preview:large","max-video-preview":"max-video-preview:-1"},"canonical":"https:\/\/www.africa-press.net\/congo-brazzaville\/politique\/a-brazzaville-felix-tshisekedi-decu-de-son-infructueux-volontarisme-diplomatique-en-afrique","og_locale":"fr_FR","og_type":"article","og_title":"A Brazzaville, F\u00e9lix Tshisekedi de\u00e7u de son infructueux volontarisme diplomatique en Afrique","og_description":"Le pre\u0301sident de la Re\u0301publique de\u0301mocratique du Congo, Fe\u0301lix Tshisekedi, a participe\u0301, samedi a\u0300 Brazzaville, au de ...","og_url":"https:\/\/www.africa-press.net\/congo-brazzaville\/politique\/a-brazzaville-felix-tshisekedi-decu-de-son-infructueux-volontarisme-diplomatique-en-afrique","og_site_name":"Congo Brazzaville","article_published_time":"2023-10-29T19:43:18+00:00","article_modified_time":"2023-10-29T20:01:42+00:00","og_image":[{"width":720,"height":479,"url":"https:\/\/static.africa-press.net\/congo-brazzaville\/sites\/51\/2023\/10\/sm_1698597052.168274.jpg","type":"image\/jpeg"}],"author":"cfeditorfr","twitter_card":"summary_large_image","twitter_misc":{"\u00c9crit par":"cfeditorfr","Dur\u00e9e de lecture estim\u00e9e":"4 minutes"},"schema":{"@context":"https:\/\/schema.org","@graph":[{"@type":"Article","@id":"https:\/\/www.africa-press.net\/congo-brazzaville\/politique\/a-brazzaville-felix-tshisekedi-decu-de-son-infructueux-volontarisme-diplomatique-en-afrique#article","isPartOf":{"@id":"https:\/\/www.africa-press.net\/congo-brazzaville\/politique\/a-brazzaville-felix-tshisekedi-decu-de-son-infructueux-volontarisme-diplomatique-en-afrique"},"author":{"name":"cfeditorfr","@id":"https:\/\/www.africa-press.net\/congo-brazzaville\/#\/schema\/person\/2b1cf3cd81a31e3cd26889ca66d677f1"},"headline":"A Brazzaville, F\u00e9lix Tshisekedi de\u00e7u de son infructueux volontarisme diplomatique en Afrique","datePublished":"2023-10-29T19:43:18+00:00","dateModified":"2023-10-29T20:01:42+00:00","mainEntityOfPage":{"@id":"https:\/\/www.africa-press.net\/congo-brazzaville\/politique\/a-brazzaville-felix-tshisekedi-decu-de-son-infructueux-volontarisme-diplomatique-en-afrique"},"wordCount":735,"commentCount":0,"image":{"@id":"https:\/\/www.africa-press.net\/congo-brazzaville\/politique\/a-brazzaville-felix-tshisekedi-decu-de-son-infructueux-volontarisme-diplomatique-en-afrique#primaryimage"},"thumbnailUrl":"https:\/\/static.africa-press.net\/congo-brazzaville\/sites\/51\/2023\/10\/sm_1698597052.168274.jpg","keywords":["Africa Press","Africa Press-Congo Brazzaville","Congo Brazzaville"],"articleSection":["Politique","Top Nouvelles","Toutes les actualit\u00e9s"],"inLanguage":"fr-FR","potentialAction":[{"@type":"CommentAction","name":"Comment","target":["https:\/\/www.africa-press.net\/congo-brazzaville\/politique\/a-brazzaville-felix-tshisekedi-decu-de-son-infructueux-volontarisme-diplomatique-en-afrique#respond"]}]},{"@type":"WebPage","@id":"https:\/\/www.africa-press.net\/congo-brazzaville\/politique\/a-brazzaville-felix-tshisekedi-decu-de-son-infructueux-volontarisme-diplomatique-en-afrique","url":"https:\/\/www.africa-press.net\/congo-brazzaville\/politique\/a-brazzaville-felix-tshisekedi-decu-de-son-infructueux-volontarisme-diplomatique-en-afrique","name":"A Brazzaville, F\u00e9lix Tshisekedi de\u00e7u de son infructueux volontarisme diplomatique en Afrique - Congo Brazzaville","isPartOf":{"@id":"https:\/\/www.africa-press.net\/congo-brazzaville\/#website"},"primaryImageOfPage":{"@id":"https:\/\/www.africa-press.net\/congo-brazzaville\/politique\/a-brazzaville-felix-tshisekedi-decu-de-son-infructueux-volontarisme-diplomatique-en-afrique#primaryimage"},"image":{"@id":"https:\/\/www.africa-press.net\/congo-brazzaville\/politique\/a-brazzaville-felix-tshisekedi-decu-de-son-infructueux-volontarisme-diplomatique-en-afrique#primaryimage"},"thumbnailUrl":"https:\/\/static.africa-press.net\/congo-brazzaville\/sites\/51\/2023\/10\/sm_1698597052.168274.jpg","datePublished":"2023-10-29T19:43:18+00:00","dateModified":"2023-10-29T20:01:42+00:00","author":{"@id":"https:\/\/www.africa-press.net\/congo-brazzaville\/#\/schema\/person\/2b1cf3cd81a31e3cd26889ca66d677f1"},"description":"Le pre\u0301sident de la Re\u0301publique de\u0301mocratique du Congo, Fe\u0301lix Tshisekedi, a participe\u0301, samedi a\u0300 Brazzaville, au de ...","breadcrumb":{"@id":"https:\/\/www.africa-press.net\/congo-brazzaville\/politique\/a-brazzaville-felix-tshisekedi-decu-de-son-infructueux-volontarisme-diplomatique-en-afrique#breadcrumb"},"inLanguage":"fr-FR","potentialAction":[{"@type":"ReadAction","target":["https:\/\/www.africa-press.net\/congo-brazzaville\/politique\/a-brazzaville-felix-tshisekedi-decu-de-son-infructueux-volontarisme-diplomatique-en-afrique"]}]},{"@type":"ImageObject","inLanguage":"fr-FR","@id":"https:\/\/www.africa-press.net\/congo-brazzaville\/politique\/a-brazzaville-felix-tshisekedi-decu-de-son-infructueux-volontarisme-diplomatique-en-afrique#primaryimage","url":"https:\/\/static.africa-press.net\/congo-brazzaville\/sites\/51\/2023\/10\/sm_1698597052.168274.jpg","contentUrl":"https:\/\/static.africa-press.net\/congo-brazzaville\/sites\/51\/2023\/10\/sm_1698597052.168274.jpg","width":720,"height":479,"caption":"A Brazzaville, F\u00e9lix Tshisekedi de\u00e7u de son infructueux volontarisme diplomatique en Afrique"},{"@type":"BreadcrumbList","@id":"https:\/\/www.africa-press.net\/congo-brazzaville\/politique\/a-brazzaville-felix-tshisekedi-decu-de-son-infructueux-volontarisme-diplomatique-en-afrique#breadcrumb","itemListElement":[{"@type":"ListItem","position":1,"name":"Accueil","item":"https:\/\/www.africa-press.net\/congo-brazzaville\/"},{"@type":"ListItem","position":2,"name":"A Brazzaville, F\u00e9lix Tshisekedi de\u00e7u de son infructueux volontarisme diplomatique en Afrique"}]},{"@type":"WebSite","@id":"https:\/\/www.africa-press.net\/congo-brazzaville\/#website","url":"https:\/\/www.africa-press.net\/congo-brazzaville\/","name":"Congo Brazzaville","description":"Just another Africa News Agency Sites site","potentialAction":[{"@type":"SearchAction","target":{"@type":"EntryPoint","urlTemplate":"https:\/\/www.africa-press.net\/congo-brazzaville\/?s={search_term_string}"},"query-input":{"@type":"PropertyValueSpecification","valueRequired":true,"valueName":"search_term_string"}}],"inLanguage":"fr-FR"},{"@type":"Person","@id":"https:\/\/www.africa-press.net\/congo-brazzaville\/#\/schema\/person\/2b1cf3cd81a31e3cd26889ca66d677f1","name":"cfeditorfr"}]}},"_links":{"self":[{"href":"https:\/\/www.africa-press.net\/congo-brazzaville\/wp-json\/wp\/v2\/posts\/23710","targetHints":{"allow":["GET"]}}],"collection":[{"href":"https:\/\/www.africa-press.net\/congo-brazzaville\/wp-json\/wp\/v2\/posts"}],"about":[{"href":"https:\/\/www.africa-press.net\/congo-brazzaville\/wp-json\/wp\/v2\/types\/post"}],"author":[{"embeddable":true,"href":"https:\/\/www.africa-press.net\/congo-brazzaville\/wp-json\/wp\/v2\/users\/82"}],"replies":[{"embeddable":true,"href":"https:\/\/www.africa-press.net\/congo-brazzaville\/wp-json\/wp\/v2\/comments?post=23710"}],"version-history":[{"count":0,"href":"https:\/\/www.africa-press.net\/congo-brazzaville\/wp-json\/wp\/v2\/posts\/23710\/revisions"}],"wp:featuredmedia":[{"embeddable":true,"href":"https:\/\/www.africa-press.net\/congo-brazzaville\/wp-json\/wp\/v2\/media\/23709"}],"wp:attachment":[{"href":"https:\/\/www.africa-press.net\/congo-brazzaville\/wp-json\/wp\/v2\/media?parent=23710"}],"wp:term":[{"taxonomy":"category","embeddable":true,"href":"https:\/\/www.africa-press.net\/congo-brazzaville\/wp-json\/wp\/v2\/categories?post=23710"},{"taxonomy":"post_tag","embeddable":true,"href":"https:\/\/www.africa-press.net\/congo-brazzaville\/wp-json\/wp\/v2\/tags?post=23710"}],"curies":[{"name":"wp","href":"https:\/\/api.w.org\/{rel}","templated":true}]}}