{"id":23713,"date":"2023-10-29T19:43:38","date_gmt":"2023-10-29T19:43:38","guid":{"rendered":"https:\/\/www.africa-press.net\/congo-brazzaville\/politique\/parc-national-des-virunga-les-defis-de-conservation-dans-un-contexte-de-guerre-et-delections"},"modified":"2023-10-29T20:02:10","modified_gmt":"2023-10-29T20:02:10","slug":"parc-national-des-virunga-les-defis-de-conservation-dans-un-contexte-de-guerre-et-delections","status":"publish","type":"post","link":"https:\/\/www.africa-press.net\/congo-brazzaville\/politique\/parc-national-des-virunga-les-defis-de-conservation-dans-un-contexte-de-guerre-et-delections","title":{"rendered":"Parc National des Virunga : Les d\u00e9fis de conservation dans un contexte de guerre et d\u2019\u00e9lections"},"content":{"rendered":"<p><span style=\"color: #ff6600\"><strong>Africa-Press &#8211; Congo Brazzaville. <\/strong><\/span><b>L\u2019Institut Congolais pour la Conservation de la Nature (ICCN) a tenu un cafe\u0301 de presse ce vendredi pour discuter de l\u2019e\u0301tat actuel du Parc National de Virunga, site du patrimoine mondial de l\u2019UNESCO, en cette pe\u0301riode de guerre et en vue des e\u0301lections en Re\u0301publique De\u0301mocratique du Congo.<\/b><\/p>\n<p>Lors des e\u0301changes avec les journalistes locaux et internationaux, plusieurs questions ont e\u0301te\u0301 aborde\u0301es concernant les incidents re\u0301cents ayant affecte\u0301 le travail des conservateurs de ce patrimoine naturel.<\/p>\n<p>L\u2019un des sujets discute\u0301s fut l\u2019explosion d\u2019une bombe sur la ligne haute tension de Virunga Erengie, qui alimente la ville de Goma. Cet incident s\u2019est produit lors des affrontements entre le M23 et les groupes d\u2019autode\u0301fense locaux dans le territoire de Nyiragongo. Bien que la ligne ait e\u0301te\u0301 endommage\u0301e en six endroits, les e\u0301quipes de re\u0301paration n\u2019ont pas encore pu intervenir en raison de la situation tendue dans la zone. Cependant, gra\u0302ce a\u0300 un syste\u0300me intelligent, la ville de Goma et le territoire de Rutshuru ont bascule\u0301 sur une moyenne tension pour maintenir l\u2019e\u0301lectricite\u0301 en attendant que la situation se stabilise. Les autorite\u0301s ont appele\u0301 les Forces Arme\u0301es de la Re\u0301publique De\u0301mocratique du Congo (FARDC) et les e\u0301quipes de Virunga Energy a\u0300 se de\u0301ployer rapidement pour re\u0301parer la ligne.<\/p>\n<p>Un autre incident pre\u0301occupant a e\u0301te\u0301 mentionne\u0301 lors du cafe\u0301 de presse, celui de l\u2019abattage d\u2019un e\u0301le\u0301phant a\u0300 Katwiguru il y a quelques jours. Il a e\u0301te\u0301 rapporte\u0301 que certains politiciens ont exploite\u0301 cette situation pour des gains politiques et ont me\u0302me incite\u0301 les jeunes a\u0300 de\u0301truire la clo\u0302ture e\u0301lectronique qui empe\u0302chait les animaux de quitter leur habitat naturel. Bien que la clo\u0302ture ait e\u0301te\u0301 re\u0301pare\u0301e, les ivoires de l\u2019e\u0301le\u0301phant abattu n\u2019ont pas e\u0301te\u0301 retrouve\u0301s. L\u2019ICCN a profite\u0301 de l\u2019occasion pour appeler la population a\u0300 prote\u0301ger les ressources naturelles et a\u0300 ne pas tomber dans les manipulations et les actions ne\u0301gatives des politiciens pendant cette pe\u0301riode e\u0301lectorale.<\/p>\n<p>Dans le but d\u2019ame\u0301liorer la coordination des efforts de conservation, l\u2019ICCN a annonce\u0301 la mise en place d\u2019un cadre de concertation autour du Lac-Edouard. Ce cadre re\u0301unira les diffe\u0301rents services e\u0301tatiques travaillant dans la zone, tels que l\u2019ICCN, les services de l\u2019environnement, les services de la pe\u0302che et la force navale. L\u2019objectif est de traiter toutes les questions lie\u0301es a\u0300 la pe\u0302che et aux activite\u0301s autour du lac en concertation avec les communaute\u0301s locales.<\/p>\n<p>Concernant les besoins des populations riveraines du Parc National de Virunga, l\u2019ICCN a rappele\u0301 que sa mission ne se limite pas a\u0300 identifier ces besoins. Gra\u0302ce a\u0300 des partenariats public-prive\u0301, l\u2019ICCN a de\u0301ja\u0300 pu soutenir certaines communaute\u0301s gra\u0302ce aux fonds mobilise\u0301s par la Virunga Fondation. Cependant, certains villages ne be\u0301ne\u0301ficient pas encore de ces financements, et pour reme\u0301dier a\u0300 cette situation, l\u2019ICCN a mis en place des entreprises ge\u0301ne\u0301ratrices de revenus, dont les be\u0301ne\u0301fices seront utilise\u0301s pour intervenir dans les zones non couvertes par les bailleurs de fonds.<\/p>\n<p>En de\u0301pit de l\u2019inse\u0301curite\u0301 persistante dans certaines zones sous occupation de groupes arme\u0301s, l\u2019ICCN continue d\u2019investir dans des projets visant a\u0300 pre\u0301server les acquis de\u0301ja\u0300 re\u0301alise\u0301s. La loi sur la Conservation permet aux aires prote\u0301ge\u0301es de maintenir leur neutralite\u0301 pendant les conflits arme\u0301s, ce qui permet a\u0300 l\u2019ICCN de poursuivre son travail au profit de la population.<\/p>\n<p>L\u2019ICCN, en tant qu\u2019e\u0301tablissement public, est re\u0301gi par la loi congolaise et be\u0301ne\u0301ficie d\u2019une personnalite\u0301 juridique propre ainsi que d\u2019une autonomie financie\u0300re. Il est place\u0301 sous la double tutelle du Ministe\u0300re de l\u2019Environnement, Conservation de la Nature, Eaux et Fore\u0302ts, et du Portefeuille.<\/p>\n<p><strong>Pour plus d&rsquo;informations et d&rsquo;analyses sur la <a href=\"https:\/\/www.africa-press.net\/congo-brazzaville\">Congo Brazzaville<\/a>, suivez <a href=\"https:\/\/www.africa-press.net\/\">Africa-Press<\/a><\/strong><\/p>\n","protected":false},"excerpt":{"rendered":"<p>Africa-Press &#8211; Congo Brazzaville. L\u2019Institut Congolais pour la Conservation de la Nature (ICCN) a tenu un cafe\u0301 de presse ce vendredi pour discuter de l\u2019e\u0301tat actuel du Parc National de Virunga, site du patrimoine mondial de l\u2019UNESCO, en cette pe\u0301riode de guerre et en vue des e\u0301lections en Re\u0301publique De\u0301mocratique du Congo. Lors des e\u0301changes [&hellip;]<\/p>\n","protected":false},"author":82,"featured_media":23711,"comment_status":"open","ping_status":"closed","sticky":false,"template":"","format":"standard","meta":{"footnotes":""},"categories":[2,10],"tags":[36,47,46],"class_list":["post-23713","post","type-post","status-publish","format-standard","has-post-thumbnail","hentry","category-politique","category-toutes-les-actualites","tag-africa-press","tag-africa-press-congo-brazzaville","tag-congo-brazzaville"],"yoast_head":"<!-- This site is optimized with the Yoast SEO Premium plugin v26.1 (Yoast SEO v27.0) - https:\/\/yoast.com\/product\/yoast-seo-premium-wordpress\/ -->\n<title>Parc National des Virunga : Les d\u00e9fis de conservation dans un contexte de guerre et d\u2019\u00e9lections - Congo Brazzaville<\/title>\n<meta name=\"description\" content=\"L\u2019Institut Congolais pour la Conservation de la Nature (ICCN) a tenu un cafe\u0301 de presse ce vendredi pour discuter de ...\" \/>\n<meta name=\"robots\" content=\"index, follow, max-snippet:-1, max-image-preview:large, max-video-preview:-1\" \/>\n<link rel=\"canonical\" href=\"https:\/\/www.africa-press.net\/congo-brazzaville\/politique\/parc-national-des-virunga-les-defis-de-conservation-dans-un-contexte-de-guerre-et-delections\" \/>\n<meta property=\"og:locale\" content=\"fr_FR\" \/>\n<meta property=\"og:type\" content=\"article\" \/>\n<meta property=\"og:title\" content=\"Parc National des Virunga : Les d\u00e9fis de conservation dans un contexte de guerre et d\u2019\u00e9lections\" \/>\n<meta property=\"og:description\" content=\"L\u2019Institut Congolais pour la Conservation de la Nature (ICCN) a tenu un cafe\u0301 de presse ce vendredi pour discuter de ...\" \/>\n<meta property=\"og:url\" content=\"https:\/\/www.africa-press.net\/congo-brazzaville\/politique\/parc-national-des-virunga-les-defis-de-conservation-dans-un-contexte-de-guerre-et-delections\" \/>\n<meta property=\"og:site_name\" content=\"Congo Brazzaville\" \/>\n<meta property=\"article:published_time\" content=\"2023-10-29T19:43:38+00:00\" \/>\n<meta property=\"article:modified_time\" content=\"2023-10-29T20:02:10+00:00\" \/>\n<meta property=\"og:image\" content=\"https:\/\/static.africa-press.net\/congo-brazzaville\/sites\/51\/2023\/10\/sm_1698597089.909869.jpg\" \/>\n\t<meta property=\"og:image:width\" content=\"750\" \/>\n\t<meta property=\"og:image:height\" content=\"374\" \/>\n\t<meta property=\"og:image:type\" content=\"image\/jpeg\" \/>\n<meta name=\"author\" content=\"cfeditorfr\" \/>\n<meta name=\"twitter:card\" content=\"summary_large_image\" \/>\n<meta name=\"twitter:label1\" content=\"\u00c9crit par\" \/>\n\t<meta name=\"twitter:data1\" content=\"cfeditorfr\" \/>\n\t<meta name=\"twitter:label2\" content=\"Dur\u00e9e de lecture estim\u00e9e\" \/>\n\t<meta name=\"twitter:data2\" content=\"4 minutes\" \/>\n<script type=\"application\/ld+json\" class=\"yoast-schema-graph\">{\"@context\":\"https:\/\/schema.org\",\"@graph\":[{\"@type\":\"Article\",\"@id\":\"https:\/\/www.africa-press.net\/congo-brazzaville\/politique\/parc-national-des-virunga-les-defis-de-conservation-dans-un-contexte-de-guerre-et-delections#article\",\"isPartOf\":{\"@id\":\"https:\/\/www.africa-press.net\/congo-brazzaville\/politique\/parc-national-des-virunga-les-defis-de-conservation-dans-un-contexte-de-guerre-et-delections\"},\"author\":{\"name\":\"cfeditorfr\",\"@id\":\"https:\/\/www.africa-press.net\/congo-brazzaville\/#\/schema\/person\/2b1cf3cd81a31e3cd26889ca66d677f1\"},\"headline\":\"Parc National des Virunga : Les d\u00e9fis de conservation dans un contexte de guerre et d\u2019\u00e9lections\",\"datePublished\":\"2023-10-29T19:43:38+00:00\",\"dateModified\":\"2023-10-29T20:02:10+00:00\",\"mainEntityOfPage\":{\"@id\":\"https:\/\/www.africa-press.net\/congo-brazzaville\/politique\/parc-national-des-virunga-les-defis-de-conservation-dans-un-contexte-de-guerre-et-delections\"},\"wordCount\":728,\"commentCount\":0,\"image\":{\"@id\":\"https:\/\/www.africa-press.net\/congo-brazzaville\/politique\/parc-national-des-virunga-les-defis-de-conservation-dans-un-contexte-de-guerre-et-delections#primaryimage\"},\"thumbnailUrl\":\"https:\/\/static.africa-press.net\/congo-brazzaville\/sites\/51\/2023\/10\/sm_1698597089.909869.jpg\",\"keywords\":[\"Africa Press\",\"Africa Press-Congo Brazzaville\",\"Congo Brazzaville\"],\"articleSection\":[\"Politique\",\"Toutes les actualit\u00e9s\"],\"inLanguage\":\"fr-FR\",\"potentialAction\":[{\"@type\":\"CommentAction\",\"name\":\"Comment\",\"target\":[\"https:\/\/www.africa-press.net\/congo-brazzaville\/politique\/parc-national-des-virunga-les-defis-de-conservation-dans-un-contexte-de-guerre-et-delections#respond\"]}]},{\"@type\":\"WebPage\",\"@id\":\"https:\/\/www.africa-press.net\/congo-brazzaville\/politique\/parc-national-des-virunga-les-defis-de-conservation-dans-un-contexte-de-guerre-et-delections\",\"url\":\"https:\/\/www.africa-press.net\/congo-brazzaville\/politique\/parc-national-des-virunga-les-defis-de-conservation-dans-un-contexte-de-guerre-et-delections\",\"name\":\"Parc National des Virunga : Les d\u00e9fis de conservation dans un contexte de guerre et d\u2019\u00e9lections - Congo Brazzaville\",\"isPartOf\":{\"@id\":\"https:\/\/www.africa-press.net\/congo-brazzaville\/#website\"},\"primaryImageOfPage\":{\"@id\":\"https:\/\/www.africa-press.net\/congo-brazzaville\/politique\/parc-national-des-virunga-les-defis-de-conservation-dans-un-contexte-de-guerre-et-delections#primaryimage\"},\"image\":{\"@id\":\"https:\/\/www.africa-press.net\/congo-brazzaville\/politique\/parc-national-des-virunga-les-defis-de-conservation-dans-un-contexte-de-guerre-et-delections#primaryimage\"},\"thumbnailUrl\":\"https:\/\/static.africa-press.net\/congo-brazzaville\/sites\/51\/2023\/10\/sm_1698597089.909869.jpg\",\"datePublished\":\"2023-10-29T19:43:38+00:00\",\"dateModified\":\"2023-10-29T20:02:10+00:00\",\"author\":{\"@id\":\"https:\/\/www.africa-press.net\/congo-brazzaville\/#\/schema\/person\/2b1cf3cd81a31e3cd26889ca66d677f1\"},\"description\":\"L\u2019Institut Congolais pour la Conservation de la Nature (ICCN) a tenu un cafe\u0301 de presse ce vendredi pour discuter de ...\",\"breadcrumb\":{\"@id\":\"https:\/\/www.africa-press.net\/congo-brazzaville\/politique\/parc-national-des-virunga-les-defis-de-conservation-dans-un-contexte-de-guerre-et-delections#breadcrumb\"},\"inLanguage\":\"fr-FR\",\"potentialAction\":[{\"@type\":\"ReadAction\",\"target\":[\"https:\/\/www.africa-press.net\/congo-brazzaville\/politique\/parc-national-des-virunga-les-defis-de-conservation-dans-un-contexte-de-guerre-et-delections\"]}]},{\"@type\":\"ImageObject\",\"inLanguage\":\"fr-FR\",\"@id\":\"https:\/\/www.africa-press.net\/congo-brazzaville\/politique\/parc-national-des-virunga-les-defis-de-conservation-dans-un-contexte-de-guerre-et-delections#primaryimage\",\"url\":\"https:\/\/static.africa-press.net\/congo-brazzaville\/sites\/51\/2023\/10\/sm_1698597089.909869.jpg\",\"contentUrl\":\"https:\/\/static.africa-press.net\/congo-brazzaville\/sites\/51\/2023\/10\/sm_1698597089.909869.jpg\",\"width\":750,\"height\":374,\"caption\":\"Parc National des Virunga : Les d\u00e9fis de conservation dans un contexte de guerre et d\u2019\u00e9lections\"},{\"@type\":\"BreadcrumbList\",\"@id\":\"https:\/\/www.africa-press.net\/congo-brazzaville\/politique\/parc-national-des-virunga-les-defis-de-conservation-dans-un-contexte-de-guerre-et-delections#breadcrumb\",\"itemListElement\":[{\"@type\":\"ListItem\",\"position\":1,\"name\":\"Accueil\",\"item\":\"https:\/\/www.africa-press.net\/congo-brazzaville\/\"},{\"@type\":\"ListItem\",\"position\":2,\"name\":\"Parc National des Virunga : Les d\u00e9fis de conservation dans un contexte de guerre et d\u2019\u00e9lections\"}]},{\"@type\":\"WebSite\",\"@id\":\"https:\/\/www.africa-press.net\/congo-brazzaville\/#website\",\"url\":\"https:\/\/www.africa-press.net\/congo-brazzaville\/\",\"name\":\"Congo Brazzaville\",\"description\":\"Just another Africa News Agency Sites site\",\"potentialAction\":[{\"@type\":\"SearchAction\",\"target\":{\"@type\":\"EntryPoint\",\"urlTemplate\":\"https:\/\/www.africa-press.net\/congo-brazzaville\/?s={search_term_string}\"},\"query-input\":{\"@type\":\"PropertyValueSpecification\",\"valueRequired\":true,\"valueName\":\"search_term_string\"}}],\"inLanguage\":\"fr-FR\"},{\"@type\":\"Person\",\"@id\":\"https:\/\/www.africa-press.net\/congo-brazzaville\/#\/schema\/person\/2b1cf3cd81a31e3cd26889ca66d677f1\",\"name\":\"cfeditorfr\"}]}<\/script>\n<!-- \/ Yoast SEO Premium plugin. -->","yoast_head_json":{"title":"Parc National des Virunga : Les d\u00e9fis de conservation dans un contexte de guerre et d\u2019\u00e9lections - Congo Brazzaville","description":"L\u2019Institut Congolais pour la Conservation de la Nature (ICCN) a tenu un cafe\u0301 de presse ce vendredi pour discuter de ...","robots":{"index":"index","follow":"follow","max-snippet":"max-snippet:-1","max-image-preview":"max-image-preview:large","max-video-preview":"max-video-preview:-1"},"canonical":"https:\/\/www.africa-press.net\/congo-brazzaville\/politique\/parc-national-des-virunga-les-defis-de-conservation-dans-un-contexte-de-guerre-et-delections","og_locale":"fr_FR","og_type":"article","og_title":"Parc National des Virunga : Les d\u00e9fis de conservation dans un contexte de guerre et d\u2019\u00e9lections","og_description":"L\u2019Institut Congolais pour la Conservation de la Nature (ICCN) a tenu un cafe\u0301 de presse ce vendredi pour discuter de ...","og_url":"https:\/\/www.africa-press.net\/congo-brazzaville\/politique\/parc-national-des-virunga-les-defis-de-conservation-dans-un-contexte-de-guerre-et-delections","og_site_name":"Congo Brazzaville","article_published_time":"2023-10-29T19:43:38+00:00","article_modified_time":"2023-10-29T20:02:10+00:00","og_image":[{"width":750,"height":374,"url":"https:\/\/static.africa-press.net\/congo-brazzaville\/sites\/51\/2023\/10\/sm_1698597089.909869.jpg","type":"image\/jpeg"}],"author":"cfeditorfr","twitter_card":"summary_large_image","twitter_misc":{"\u00c9crit par":"cfeditorfr","Dur\u00e9e de lecture estim\u00e9e":"4 minutes"},"schema":{"@context":"https:\/\/schema.org","@graph":[{"@type":"Article","@id":"https:\/\/www.africa-press.net\/congo-brazzaville\/politique\/parc-national-des-virunga-les-defis-de-conservation-dans-un-contexte-de-guerre-et-delections#article","isPartOf":{"@id":"https:\/\/www.africa-press.net\/congo-brazzaville\/politique\/parc-national-des-virunga-les-defis-de-conservation-dans-un-contexte-de-guerre-et-delections"},"author":{"name":"cfeditorfr","@id":"https:\/\/www.africa-press.net\/congo-brazzaville\/#\/schema\/person\/2b1cf3cd81a31e3cd26889ca66d677f1"},"headline":"Parc National des Virunga : Les d\u00e9fis de conservation dans un contexte de guerre et d\u2019\u00e9lections","datePublished":"2023-10-29T19:43:38+00:00","dateModified":"2023-10-29T20:02:10+00:00","mainEntityOfPage":{"@id":"https:\/\/www.africa-press.net\/congo-brazzaville\/politique\/parc-national-des-virunga-les-defis-de-conservation-dans-un-contexte-de-guerre-et-delections"},"wordCount":728,"commentCount":0,"image":{"@id":"https:\/\/www.africa-press.net\/congo-brazzaville\/politique\/parc-national-des-virunga-les-defis-de-conservation-dans-un-contexte-de-guerre-et-delections#primaryimage"},"thumbnailUrl":"https:\/\/static.africa-press.net\/congo-brazzaville\/sites\/51\/2023\/10\/sm_1698597089.909869.jpg","keywords":["Africa Press","Africa Press-Congo Brazzaville","Congo Brazzaville"],"articleSection":["Politique","Toutes les actualit\u00e9s"],"inLanguage":"fr-FR","potentialAction":[{"@type":"CommentAction","name":"Comment","target":["https:\/\/www.africa-press.net\/congo-brazzaville\/politique\/parc-national-des-virunga-les-defis-de-conservation-dans-un-contexte-de-guerre-et-delections#respond"]}]},{"@type":"WebPage","@id":"https:\/\/www.africa-press.net\/congo-brazzaville\/politique\/parc-national-des-virunga-les-defis-de-conservation-dans-un-contexte-de-guerre-et-delections","url":"https:\/\/www.africa-press.net\/congo-brazzaville\/politique\/parc-national-des-virunga-les-defis-de-conservation-dans-un-contexte-de-guerre-et-delections","name":"Parc National des Virunga : Les d\u00e9fis de conservation dans un contexte de guerre et d\u2019\u00e9lections - Congo Brazzaville","isPartOf":{"@id":"https:\/\/www.africa-press.net\/congo-brazzaville\/#website"},"primaryImageOfPage":{"@id":"https:\/\/www.africa-press.net\/congo-brazzaville\/politique\/parc-national-des-virunga-les-defis-de-conservation-dans-un-contexte-de-guerre-et-delections#primaryimage"},"image":{"@id":"https:\/\/www.africa-press.net\/congo-brazzaville\/politique\/parc-national-des-virunga-les-defis-de-conservation-dans-un-contexte-de-guerre-et-delections#primaryimage"},"thumbnailUrl":"https:\/\/static.africa-press.net\/congo-brazzaville\/sites\/51\/2023\/10\/sm_1698597089.909869.jpg","datePublished":"2023-10-29T19:43:38+00:00","dateModified":"2023-10-29T20:02:10+00:00","author":{"@id":"https:\/\/www.africa-press.net\/congo-brazzaville\/#\/schema\/person\/2b1cf3cd81a31e3cd26889ca66d677f1"},"description":"L\u2019Institut Congolais pour la Conservation de la Nature (ICCN) a tenu un cafe\u0301 de presse ce vendredi pour discuter de ...","breadcrumb":{"@id":"https:\/\/www.africa-press.net\/congo-brazzaville\/politique\/parc-national-des-virunga-les-defis-de-conservation-dans-un-contexte-de-guerre-et-delections#breadcrumb"},"inLanguage":"fr-FR","potentialAction":[{"@type":"ReadAction","target":["https:\/\/www.africa-press.net\/congo-brazzaville\/politique\/parc-national-des-virunga-les-defis-de-conservation-dans-un-contexte-de-guerre-et-delections"]}]},{"@type":"ImageObject","inLanguage":"fr-FR","@id":"https:\/\/www.africa-press.net\/congo-brazzaville\/politique\/parc-national-des-virunga-les-defis-de-conservation-dans-un-contexte-de-guerre-et-delections#primaryimage","url":"https:\/\/static.africa-press.net\/congo-brazzaville\/sites\/51\/2023\/10\/sm_1698597089.909869.jpg","contentUrl":"https:\/\/static.africa-press.net\/congo-brazzaville\/sites\/51\/2023\/10\/sm_1698597089.909869.jpg","width":750,"height":374,"caption":"Parc National des Virunga : Les d\u00e9fis de conservation dans un contexte de guerre et d\u2019\u00e9lections"},{"@type":"BreadcrumbList","@id":"https:\/\/www.africa-press.net\/congo-brazzaville\/politique\/parc-national-des-virunga-les-defis-de-conservation-dans-un-contexte-de-guerre-et-delections#breadcrumb","itemListElement":[{"@type":"ListItem","position":1,"name":"Accueil","item":"https:\/\/www.africa-press.net\/congo-brazzaville\/"},{"@type":"ListItem","position":2,"name":"Parc National des Virunga : Les d\u00e9fis de conservation dans un contexte de guerre et d\u2019\u00e9lections"}]},{"@type":"WebSite","@id":"https:\/\/www.africa-press.net\/congo-brazzaville\/#website","url":"https:\/\/www.africa-press.net\/congo-brazzaville\/","name":"Congo Brazzaville","description":"Just another Africa News Agency Sites site","potentialAction":[{"@type":"SearchAction","target":{"@type":"EntryPoint","urlTemplate":"https:\/\/www.africa-press.net\/congo-brazzaville\/?s={search_term_string}"},"query-input":{"@type":"PropertyValueSpecification","valueRequired":true,"valueName":"search_term_string"}}],"inLanguage":"fr-FR"},{"@type":"Person","@id":"https:\/\/www.africa-press.net\/congo-brazzaville\/#\/schema\/person\/2b1cf3cd81a31e3cd26889ca66d677f1","name":"cfeditorfr"}]}},"_links":{"self":[{"href":"https:\/\/www.africa-press.net\/congo-brazzaville\/wp-json\/wp\/v2\/posts\/23713","targetHints":{"allow":["GET"]}}],"collection":[{"href":"https:\/\/www.africa-press.net\/congo-brazzaville\/wp-json\/wp\/v2\/posts"}],"about":[{"href":"https:\/\/www.africa-press.net\/congo-brazzaville\/wp-json\/wp\/v2\/types\/post"}],"author":[{"embeddable":true,"href":"https:\/\/www.africa-press.net\/congo-brazzaville\/wp-json\/wp\/v2\/users\/82"}],"replies":[{"embeddable":true,"href":"https:\/\/www.africa-press.net\/congo-brazzaville\/wp-json\/wp\/v2\/comments?post=23713"}],"version-history":[{"count":0,"href":"https:\/\/www.africa-press.net\/congo-brazzaville\/wp-json\/wp\/v2\/posts\/23713\/revisions"}],"wp:featuredmedia":[{"embeddable":true,"href":"https:\/\/www.africa-press.net\/congo-brazzaville\/wp-json\/wp\/v2\/media\/23711"}],"wp:attachment":[{"href":"https:\/\/www.africa-press.net\/congo-brazzaville\/wp-json\/wp\/v2\/media?parent=23713"}],"wp:term":[{"taxonomy":"category","embeddable":true,"href":"https:\/\/www.africa-press.net\/congo-brazzaville\/wp-json\/wp\/v2\/categories?post=23713"},{"taxonomy":"post_tag","embeddable":true,"href":"https:\/\/www.africa-press.net\/congo-brazzaville\/wp-json\/wp\/v2\/tags?post=23713"}],"curies":[{"name":"wp","href":"https:\/\/api.w.org\/{rel}","templated":true}]}}