{"id":23719,"date":"2023-10-29T19:49:41","date_gmt":"2023-10-29T19:49:41","guid":{"rendered":"https:\/\/www.africa-press.net\/congo-brazzaville\/politique\/sommet-de-brazzaville-macron-prone-un-partenariat-veritablement-international-pour-preserver-les-forets"},"modified":"2023-10-29T20:18:12","modified_gmt":"2023-10-29T20:18:12","slug":"sommet-de-brazzaville-macron-prone-un-partenariat-veritablement-international-pour-preserver-les-forets","status":"publish","type":"post","link":"https:\/\/www.africa-press.net\/congo-brazzaville\/politique\/sommet-de-brazzaville-macron-prone-un-partenariat-veritablement-international-pour-preserver-les-forets","title":{"rendered":"Sommet de Brazzaville : Macron pr\u00f4ne un \u00abpartenariat v\u00e9ritablement international\u00bb pour pr\u00e9server les for\u00eats"},"content":{"rendered":"<p><span style=\"color: #ff6600\"><strong>Africa-Press &#8211; Congo Brazzaville. <\/strong><\/span><b>Du fait de son agenda charge\u0301 et ne souhaitant pas manquer le rendez-vous international autour des trois bassins des e\u0301cosyste\u0300mes de biodiversite\u0301 et des fore\u0302ts tropicales (Amazonie, Congo et Borne\u0301o-Me\u0301kong), le pre\u0301sident Emmanuel Macron a saisi l\u2019opportunite\u0301 d\u2019une participation hybride par visioconfe\u0301rence pour re\u0301affirmer l\u2019engagement de la France quant a\u0300 la protection des fore\u0302ts tropicales. Pour le nume\u0301ro un franc\u0327ais, la re\u0301ussite dans la protection des fore\u0302ts tropicaux visant a\u0300 mettre fin et inverser la de\u0301forestation d\u2019ici 2030, re\u0301siderait dans plusieurs principes juge\u0301s simples issus des conclusions du sommet \u00abOne Forest\u00bb de Libreville.<\/b><\/p>\n<p>A l\u2019instar de plusieurs chefs d\u2019E\u0301tat et responsables d\u2019organisations internationales annonce\u0301s aux travaux du sommet des trois bassins des e\u0301cosyste\u0300mes de biodiversite\u0301 et des fore\u0302ts tropicales de Brazzaville, le pre\u0301sident de la Re\u0301publique franc\u0327aise a livre\u0301 la position de son pays par visioconfe\u0301rence. Pour Emmanuel Macron, les trois plus grands bassins forestiers du monde, sont des tre\u0301sors dont l\u2019humanite\u0301 ne peut tout simplement pas se passer.<\/p>\n<p>\u00abLa protection de ces fore\u0302ts doit donc e\u0302tre l\u2019affaire de tous. Ce dont nous avons besoin, ce sont donc des partenariats justes avec les pays forestiers qui abritent sur leurs sols les plus grands stocks de carbone et de biodiversite\u0301, et qui sont aussi confronte\u0301s a\u0300 des de\u0301fis e\u0301conomiques majeurs. Ce que je vous propose, c\u2019est maintenant d\u2019aller plus loin, de cre\u0301er les conditions d\u2019un partenariat ve\u0301ritablement international pour la protection des trois bassins. C\u2019est un partenariat environnemental, mais c\u2019est aussi un partenariat e\u0301conomique. Il tient en plusieurs principes simples, qui sont ceux de Libreville\u00bb, a rappele\u0301 et propose\u0301 Emmanuel Macron.<\/p>\n<p>Cette me\u0301thode tire\u0301e des conclusions du sommet \u00ab One Forest \u00bb de Libreville et devant participer a\u0300 la mise en \u0153uvre effective de la De\u0301claration des dirigeants de Glasgow sur les fore\u0302ts et l\u2019utilisation des sols, tient sur trois actions phares. A\u0300 savoir : les re\u0301serves les plus vitales de carbone et de biodiversite\u0301, comme les tourbie\u0300res, doivent faire l\u2019objet d\u2019une haute protection, car elles sont indispensable pour la plane\u0300te ; la communaute\u0301 internationale doit re\u0301mune\u0301rer cette action de conservation ; et la coope\u0301ration internationale doit re\u0301ellement s\u2019impliquer, pour faire e\u0301merger une ve\u0301ritable bioe\u0301conomie a\u0300 l\u2019e\u0301chelle globale, dans laquelle le capital naturel sera a\u0300 la fois prote\u0301ge\u0301 et cre\u0301ateur de valeur ajoute\u0301e localement.<\/p>\n<p>\u00abNous avons ainsi promis a\u0300 Libreville, sur la base de ces principes, de nouer de nouveaux partenariats, plus e\u0301quitables. C\u2019est ce que nous faisons, avec le soutien de tous nos partenaires. (&#8230;). Nous avons promis un fonds d\u2019amorc\u0327age pour les pays qui en expriment le besoin : ce fonds est de\u0301sormais ope\u0301rationnel. Nous avons promis de re\u0301former le marche\u0301 des cre\u0301dits carbone, pour mieux prendre en compte la valeur des stocks de biodiversite\u0301. Une taskforce internationale a e\u0301te\u0301 lance\u0301e et nous donnera son rapport a\u0300 la COP28\u00bb, a annonce\u0301 le pre\u0301sident franc\u0327ais, donnant rendez-vous a\u0300 Dubai\u0308, pour la COP28, pour annoncer de nouveaux progre\u0300s.<\/p>\n<p><strong>Pour plus d&rsquo;informations et d&rsquo;analyses sur la <a href=\"https:\/\/www.africa-press.net\/congo-brazzaville\">Congo Brazzaville<\/a>, suivez <a href=\"https:\/\/www.africa-press.net\/\">Africa-Press<\/a><\/strong><\/p>\n","protected":false},"excerpt":{"rendered":"<p>Africa-Press &#8211; Congo Brazzaville. Du fait de son agenda charge\u0301 et ne souhaitant pas manquer le rendez-vous international autour des trois bassins des e\u0301cosyste\u0300mes de biodiversite\u0301 et des fore\u0302ts tropicales (Amazonie, Congo et Borne\u0301o-Me\u0301kong), le pre\u0301sident Emmanuel Macron a saisi l\u2019opportunite\u0301 d\u2019une participation hybride par visioconfe\u0301rence pour re\u0301affirmer l\u2019engagement de la France quant a\u0300 la [&hellip;]<\/p>\n","protected":false},"author":82,"featured_media":23718,"comment_status":"open","ping_status":"closed","sticky":false,"template":"","format":"standard","meta":{"footnotes":""},"categories":[2,20,10],"tags":[36,47,46],"class_list":["post-23719","post","type-post","status-publish","format-standard","has-post-thumbnail","hentry","category-politique","category-top-nouvelles","category-toutes-les-actualites","tag-africa-press","tag-africa-press-congo-brazzaville","tag-congo-brazzaville"],"yoast_head":"<!-- This site is optimized with the Yoast SEO Premium plugin v26.1 (Yoast SEO v27.0) - https:\/\/yoast.com\/product\/yoast-seo-premium-wordpress\/ -->\n<title>Sommet de Brazzaville : Macron pr\u00f4ne un \u00abpartenariat v\u00e9ritablement international\u00bb pour pr\u00e9server les for\u00eats - Congo Brazzaville<\/title>\n<meta name=\"description\" content=\"Du fait de son agenda charge\u0301 et ne souhaitant pas manquer le rendez-vous international autour des trois bassins des ...\" \/>\n<meta name=\"robots\" content=\"index, follow, max-snippet:-1, max-image-preview:large, max-video-preview:-1\" \/>\n<link rel=\"canonical\" href=\"https:\/\/www.africa-press.net\/congo-brazzaville\/politique\/sommet-de-brazzaville-macron-prone-un-partenariat-veritablement-international-pour-preserver-les-forets\" \/>\n<meta property=\"og:locale\" content=\"fr_FR\" \/>\n<meta property=\"og:type\" content=\"article\" \/>\n<meta property=\"og:title\" content=\"Sommet de Brazzaville : Macron pr\u00f4ne un \u00abpartenariat v\u00e9ritablement international\u00bb pour pr\u00e9server les for\u00eats\" \/>\n<meta property=\"og:description\" content=\"Du fait de son agenda charge\u0301 et ne souhaitant pas manquer le rendez-vous international autour des trois bassins des ...\" \/>\n<meta property=\"og:url\" content=\"https:\/\/www.africa-press.net\/congo-brazzaville\/politique\/sommet-de-brazzaville-macron-prone-un-partenariat-veritablement-international-pour-preserver-les-forets\" \/>\n<meta property=\"og:site_name\" content=\"Congo Brazzaville\" \/>\n<meta property=\"article:published_time\" content=\"2023-10-29T19:49:41+00:00\" \/>\n<meta property=\"article:modified_time\" content=\"2023-10-29T20:18:12+00:00\" \/>\n<meta property=\"og:image\" content=\"https:\/\/static.africa-press.net\/congo-brazzaville\/sites\/51\/2023\/10\/sm_1698598049.613914.jpg\" \/>\n\t<meta property=\"og:image:width\" content=\"720\" \/>\n\t<meta property=\"og:image:height\" content=\"420\" \/>\n\t<meta property=\"og:image:type\" content=\"image\/jpeg\" \/>\n<meta name=\"author\" content=\"cfeditorfr\" \/>\n<meta name=\"twitter:card\" content=\"summary_large_image\" \/>\n<meta name=\"twitter:label1\" content=\"\u00c9crit par\" \/>\n\t<meta name=\"twitter:data1\" content=\"cfeditorfr\" \/>\n\t<meta name=\"twitter:label2\" content=\"Dur\u00e9e de lecture estim\u00e9e\" \/>\n\t<meta name=\"twitter:data2\" content=\"3 minutes\" \/>\n<script type=\"application\/ld+json\" class=\"yoast-schema-graph\">{\"@context\":\"https:\/\/schema.org\",\"@graph\":[{\"@type\":\"Article\",\"@id\":\"https:\/\/www.africa-press.net\/congo-brazzaville\/politique\/sommet-de-brazzaville-macron-prone-un-partenariat-veritablement-international-pour-preserver-les-forets#article\",\"isPartOf\":{\"@id\":\"https:\/\/www.africa-press.net\/congo-brazzaville\/politique\/sommet-de-brazzaville-macron-prone-un-partenariat-veritablement-international-pour-preserver-les-forets\"},\"author\":{\"name\":\"cfeditorfr\",\"@id\":\"https:\/\/www.africa-press.net\/congo-brazzaville\/#\/schema\/person\/2b1cf3cd81a31e3cd26889ca66d677f1\"},\"headline\":\"Sommet de Brazzaville : Macron pr\u00f4ne un \u00abpartenariat v\u00e9ritablement international\u00bb pour pr\u00e9server les for\u00eats\",\"datePublished\":\"2023-10-29T19:49:41+00:00\",\"dateModified\":\"2023-10-29T20:18:12+00:00\",\"mainEntityOfPage\":{\"@id\":\"https:\/\/www.africa-press.net\/congo-brazzaville\/politique\/sommet-de-brazzaville-macron-prone-un-partenariat-veritablement-international-pour-preserver-les-forets\"},\"wordCount\":587,\"commentCount\":0,\"image\":{\"@id\":\"https:\/\/www.africa-press.net\/congo-brazzaville\/politique\/sommet-de-brazzaville-macron-prone-un-partenariat-veritablement-international-pour-preserver-les-forets#primaryimage\"},\"thumbnailUrl\":\"https:\/\/static.africa-press.net\/congo-brazzaville\/sites\/51\/2023\/10\/sm_1698598049.613914.jpg\",\"keywords\":[\"Africa Press\",\"Africa Press-Congo Brazzaville\",\"Congo Brazzaville\"],\"articleSection\":[\"Politique\",\"Top Nouvelles\",\"Toutes les actualit\u00e9s\"],\"inLanguage\":\"fr-FR\",\"potentialAction\":[{\"@type\":\"CommentAction\",\"name\":\"Comment\",\"target\":[\"https:\/\/www.africa-press.net\/congo-brazzaville\/politique\/sommet-de-brazzaville-macron-prone-un-partenariat-veritablement-international-pour-preserver-les-forets#respond\"]}]},{\"@type\":\"WebPage\",\"@id\":\"https:\/\/www.africa-press.net\/congo-brazzaville\/politique\/sommet-de-brazzaville-macron-prone-un-partenariat-veritablement-international-pour-preserver-les-forets\",\"url\":\"https:\/\/www.africa-press.net\/congo-brazzaville\/politique\/sommet-de-brazzaville-macron-prone-un-partenariat-veritablement-international-pour-preserver-les-forets\",\"name\":\"Sommet de Brazzaville : Macron pr\u00f4ne un \u00abpartenariat v\u00e9ritablement international\u00bb pour pr\u00e9server les for\u00eats - Congo Brazzaville\",\"isPartOf\":{\"@id\":\"https:\/\/www.africa-press.net\/congo-brazzaville\/#website\"},\"primaryImageOfPage\":{\"@id\":\"https:\/\/www.africa-press.net\/congo-brazzaville\/politique\/sommet-de-brazzaville-macron-prone-un-partenariat-veritablement-international-pour-preserver-les-forets#primaryimage\"},\"image\":{\"@id\":\"https:\/\/www.africa-press.net\/congo-brazzaville\/politique\/sommet-de-brazzaville-macron-prone-un-partenariat-veritablement-international-pour-preserver-les-forets#primaryimage\"},\"thumbnailUrl\":\"https:\/\/static.africa-press.net\/congo-brazzaville\/sites\/51\/2023\/10\/sm_1698598049.613914.jpg\",\"datePublished\":\"2023-10-29T19:49:41+00:00\",\"dateModified\":\"2023-10-29T20:18:12+00:00\",\"author\":{\"@id\":\"https:\/\/www.africa-press.net\/congo-brazzaville\/#\/schema\/person\/2b1cf3cd81a31e3cd26889ca66d677f1\"},\"description\":\"Du fait de son agenda charge\u0301 et ne souhaitant pas manquer le rendez-vous international autour des trois bassins des ...\",\"breadcrumb\":{\"@id\":\"https:\/\/www.africa-press.net\/congo-brazzaville\/politique\/sommet-de-brazzaville-macron-prone-un-partenariat-veritablement-international-pour-preserver-les-forets#breadcrumb\"},\"inLanguage\":\"fr-FR\",\"potentialAction\":[{\"@type\":\"ReadAction\",\"target\":[\"https:\/\/www.africa-press.net\/congo-brazzaville\/politique\/sommet-de-brazzaville-macron-prone-un-partenariat-veritablement-international-pour-preserver-les-forets\"]}]},{\"@type\":\"ImageObject\",\"inLanguage\":\"fr-FR\",\"@id\":\"https:\/\/www.africa-press.net\/congo-brazzaville\/politique\/sommet-de-brazzaville-macron-prone-un-partenariat-veritablement-international-pour-preserver-les-forets#primaryimage\",\"url\":\"https:\/\/static.africa-press.net\/congo-brazzaville\/sites\/51\/2023\/10\/sm_1698598049.613914.jpg\",\"contentUrl\":\"https:\/\/static.africa-press.net\/congo-brazzaville\/sites\/51\/2023\/10\/sm_1698598049.613914.jpg\",\"width\":720,\"height\":420,\"caption\":\"Sommet de Brazzaville : Macron pr\u00f4ne un \u00abpartenariat v\u00e9ritablement international\u00bb pour pr\u00e9server les for\u00eats\"},{\"@type\":\"BreadcrumbList\",\"@id\":\"https:\/\/www.africa-press.net\/congo-brazzaville\/politique\/sommet-de-brazzaville-macron-prone-un-partenariat-veritablement-international-pour-preserver-les-forets#breadcrumb\",\"itemListElement\":[{\"@type\":\"ListItem\",\"position\":1,\"name\":\"Accueil\",\"item\":\"https:\/\/www.africa-press.net\/congo-brazzaville\/\"},{\"@type\":\"ListItem\",\"position\":2,\"name\":\"Sommet de Brazzaville : Macron pr\u00f4ne un \u00abpartenariat v\u00e9ritablement international\u00bb pour pr\u00e9server les for\u00eats\"}]},{\"@type\":\"WebSite\",\"@id\":\"https:\/\/www.africa-press.net\/congo-brazzaville\/#website\",\"url\":\"https:\/\/www.africa-press.net\/congo-brazzaville\/\",\"name\":\"Congo Brazzaville\",\"description\":\"Just another Africa News Agency Sites site\",\"potentialAction\":[{\"@type\":\"SearchAction\",\"target\":{\"@type\":\"EntryPoint\",\"urlTemplate\":\"https:\/\/www.africa-press.net\/congo-brazzaville\/?s={search_term_string}\"},\"query-input\":{\"@type\":\"PropertyValueSpecification\",\"valueRequired\":true,\"valueName\":\"search_term_string\"}}],\"inLanguage\":\"fr-FR\"},{\"@type\":\"Person\",\"@id\":\"https:\/\/www.africa-press.net\/congo-brazzaville\/#\/schema\/person\/2b1cf3cd81a31e3cd26889ca66d677f1\",\"name\":\"cfeditorfr\"}]}<\/script>\n<!-- \/ Yoast SEO Premium plugin. -->","yoast_head_json":{"title":"Sommet de Brazzaville : Macron pr\u00f4ne un \u00abpartenariat v\u00e9ritablement international\u00bb pour pr\u00e9server les for\u00eats - Congo Brazzaville","description":"Du fait de son agenda charge\u0301 et ne souhaitant pas manquer le rendez-vous international autour des trois bassins des ...","robots":{"index":"index","follow":"follow","max-snippet":"max-snippet:-1","max-image-preview":"max-image-preview:large","max-video-preview":"max-video-preview:-1"},"canonical":"https:\/\/www.africa-press.net\/congo-brazzaville\/politique\/sommet-de-brazzaville-macron-prone-un-partenariat-veritablement-international-pour-preserver-les-forets","og_locale":"fr_FR","og_type":"article","og_title":"Sommet de Brazzaville : Macron pr\u00f4ne un \u00abpartenariat v\u00e9ritablement international\u00bb pour pr\u00e9server les for\u00eats","og_description":"Du fait de son agenda charge\u0301 et ne souhaitant pas manquer le rendez-vous international autour des trois bassins des ...","og_url":"https:\/\/www.africa-press.net\/congo-brazzaville\/politique\/sommet-de-brazzaville-macron-prone-un-partenariat-veritablement-international-pour-preserver-les-forets","og_site_name":"Congo Brazzaville","article_published_time":"2023-10-29T19:49:41+00:00","article_modified_time":"2023-10-29T20:18:12+00:00","og_image":[{"width":720,"height":420,"url":"https:\/\/static.africa-press.net\/congo-brazzaville\/sites\/51\/2023\/10\/sm_1698598049.613914.jpg","type":"image\/jpeg"}],"author":"cfeditorfr","twitter_card":"summary_large_image","twitter_misc":{"\u00c9crit par":"cfeditorfr","Dur\u00e9e de lecture estim\u00e9e":"3 minutes"},"schema":{"@context":"https:\/\/schema.org","@graph":[{"@type":"Article","@id":"https:\/\/www.africa-press.net\/congo-brazzaville\/politique\/sommet-de-brazzaville-macron-prone-un-partenariat-veritablement-international-pour-preserver-les-forets#article","isPartOf":{"@id":"https:\/\/www.africa-press.net\/congo-brazzaville\/politique\/sommet-de-brazzaville-macron-prone-un-partenariat-veritablement-international-pour-preserver-les-forets"},"author":{"name":"cfeditorfr","@id":"https:\/\/www.africa-press.net\/congo-brazzaville\/#\/schema\/person\/2b1cf3cd81a31e3cd26889ca66d677f1"},"headline":"Sommet de Brazzaville : Macron pr\u00f4ne un \u00abpartenariat v\u00e9ritablement international\u00bb pour pr\u00e9server les for\u00eats","datePublished":"2023-10-29T19:49:41+00:00","dateModified":"2023-10-29T20:18:12+00:00","mainEntityOfPage":{"@id":"https:\/\/www.africa-press.net\/congo-brazzaville\/politique\/sommet-de-brazzaville-macron-prone-un-partenariat-veritablement-international-pour-preserver-les-forets"},"wordCount":587,"commentCount":0,"image":{"@id":"https:\/\/www.africa-press.net\/congo-brazzaville\/politique\/sommet-de-brazzaville-macron-prone-un-partenariat-veritablement-international-pour-preserver-les-forets#primaryimage"},"thumbnailUrl":"https:\/\/static.africa-press.net\/congo-brazzaville\/sites\/51\/2023\/10\/sm_1698598049.613914.jpg","keywords":["Africa Press","Africa Press-Congo Brazzaville","Congo Brazzaville"],"articleSection":["Politique","Top Nouvelles","Toutes les actualit\u00e9s"],"inLanguage":"fr-FR","potentialAction":[{"@type":"CommentAction","name":"Comment","target":["https:\/\/www.africa-press.net\/congo-brazzaville\/politique\/sommet-de-brazzaville-macron-prone-un-partenariat-veritablement-international-pour-preserver-les-forets#respond"]}]},{"@type":"WebPage","@id":"https:\/\/www.africa-press.net\/congo-brazzaville\/politique\/sommet-de-brazzaville-macron-prone-un-partenariat-veritablement-international-pour-preserver-les-forets","url":"https:\/\/www.africa-press.net\/congo-brazzaville\/politique\/sommet-de-brazzaville-macron-prone-un-partenariat-veritablement-international-pour-preserver-les-forets","name":"Sommet de Brazzaville : Macron pr\u00f4ne un \u00abpartenariat v\u00e9ritablement international\u00bb pour pr\u00e9server les for\u00eats - Congo Brazzaville","isPartOf":{"@id":"https:\/\/www.africa-press.net\/congo-brazzaville\/#website"},"primaryImageOfPage":{"@id":"https:\/\/www.africa-press.net\/congo-brazzaville\/politique\/sommet-de-brazzaville-macron-prone-un-partenariat-veritablement-international-pour-preserver-les-forets#primaryimage"},"image":{"@id":"https:\/\/www.africa-press.net\/congo-brazzaville\/politique\/sommet-de-brazzaville-macron-prone-un-partenariat-veritablement-international-pour-preserver-les-forets#primaryimage"},"thumbnailUrl":"https:\/\/static.africa-press.net\/congo-brazzaville\/sites\/51\/2023\/10\/sm_1698598049.613914.jpg","datePublished":"2023-10-29T19:49:41+00:00","dateModified":"2023-10-29T20:18:12+00:00","author":{"@id":"https:\/\/www.africa-press.net\/congo-brazzaville\/#\/schema\/person\/2b1cf3cd81a31e3cd26889ca66d677f1"},"description":"Du fait de son agenda charge\u0301 et ne souhaitant pas manquer le rendez-vous international autour des trois bassins des ...","breadcrumb":{"@id":"https:\/\/www.africa-press.net\/congo-brazzaville\/politique\/sommet-de-brazzaville-macron-prone-un-partenariat-veritablement-international-pour-preserver-les-forets#breadcrumb"},"inLanguage":"fr-FR","potentialAction":[{"@type":"ReadAction","target":["https:\/\/www.africa-press.net\/congo-brazzaville\/politique\/sommet-de-brazzaville-macron-prone-un-partenariat-veritablement-international-pour-preserver-les-forets"]}]},{"@type":"ImageObject","inLanguage":"fr-FR","@id":"https:\/\/www.africa-press.net\/congo-brazzaville\/politique\/sommet-de-brazzaville-macron-prone-un-partenariat-veritablement-international-pour-preserver-les-forets#primaryimage","url":"https:\/\/static.africa-press.net\/congo-brazzaville\/sites\/51\/2023\/10\/sm_1698598049.613914.jpg","contentUrl":"https:\/\/static.africa-press.net\/congo-brazzaville\/sites\/51\/2023\/10\/sm_1698598049.613914.jpg","width":720,"height":420,"caption":"Sommet de Brazzaville : Macron pr\u00f4ne un \u00abpartenariat v\u00e9ritablement international\u00bb pour pr\u00e9server les for\u00eats"},{"@type":"BreadcrumbList","@id":"https:\/\/www.africa-press.net\/congo-brazzaville\/politique\/sommet-de-brazzaville-macron-prone-un-partenariat-veritablement-international-pour-preserver-les-forets#breadcrumb","itemListElement":[{"@type":"ListItem","position":1,"name":"Accueil","item":"https:\/\/www.africa-press.net\/congo-brazzaville\/"},{"@type":"ListItem","position":2,"name":"Sommet de Brazzaville : Macron pr\u00f4ne un \u00abpartenariat v\u00e9ritablement international\u00bb pour pr\u00e9server les for\u00eats"}]},{"@type":"WebSite","@id":"https:\/\/www.africa-press.net\/congo-brazzaville\/#website","url":"https:\/\/www.africa-press.net\/congo-brazzaville\/","name":"Congo Brazzaville","description":"Just another Africa News Agency Sites site","potentialAction":[{"@type":"SearchAction","target":{"@type":"EntryPoint","urlTemplate":"https:\/\/www.africa-press.net\/congo-brazzaville\/?s={search_term_string}"},"query-input":{"@type":"PropertyValueSpecification","valueRequired":true,"valueName":"search_term_string"}}],"inLanguage":"fr-FR"},{"@type":"Person","@id":"https:\/\/www.africa-press.net\/congo-brazzaville\/#\/schema\/person\/2b1cf3cd81a31e3cd26889ca66d677f1","name":"cfeditorfr"}]}},"_links":{"self":[{"href":"https:\/\/www.africa-press.net\/congo-brazzaville\/wp-json\/wp\/v2\/posts\/23719","targetHints":{"allow":["GET"]}}],"collection":[{"href":"https:\/\/www.africa-press.net\/congo-brazzaville\/wp-json\/wp\/v2\/posts"}],"about":[{"href":"https:\/\/www.africa-press.net\/congo-brazzaville\/wp-json\/wp\/v2\/types\/post"}],"author":[{"embeddable":true,"href":"https:\/\/www.africa-press.net\/congo-brazzaville\/wp-json\/wp\/v2\/users\/82"}],"replies":[{"embeddable":true,"href":"https:\/\/www.africa-press.net\/congo-brazzaville\/wp-json\/wp\/v2\/comments?post=23719"}],"version-history":[{"count":0,"href":"https:\/\/www.africa-press.net\/congo-brazzaville\/wp-json\/wp\/v2\/posts\/23719\/revisions"}],"wp:featuredmedia":[{"embeddable":true,"href":"https:\/\/www.africa-press.net\/congo-brazzaville\/wp-json\/wp\/v2\/media\/23718"}],"wp:attachment":[{"href":"https:\/\/www.africa-press.net\/congo-brazzaville\/wp-json\/wp\/v2\/media?parent=23719"}],"wp:term":[{"taxonomy":"category","embeddable":true,"href":"https:\/\/www.africa-press.net\/congo-brazzaville\/wp-json\/wp\/v2\/categories?post=23719"},{"taxonomy":"post_tag","embeddable":true,"href":"https:\/\/www.africa-press.net\/congo-brazzaville\/wp-json\/wp\/v2\/tags?post=23719"}],"curies":[{"name":"wp","href":"https:\/\/api.w.org\/{rel}","templated":true}]}}