{"id":23727,"date":"2023-10-29T19:51:23","date_gmt":"2023-10-29T19:51:23","guid":{"rendered":"https:\/\/www.africa-press.net\/congo-brazzaville\/politique\/sommet-des-trois-grands-bassins-forestiers-les-femmes-entrepreneures-sengagent-en-faveur-de-lecologie"},"modified":"2023-10-29T20:22:02","modified_gmt":"2023-10-29T20:22:02","slug":"sommet-des-trois-grands-bassins-forestiers-les-femmes-entrepreneures-sengagent-en-faveur-de-lecologie","status":"publish","type":"post","link":"https:\/\/www.africa-press.net\/congo-brazzaville\/photo\/sommet-des-trois-grands-bassins-forestiers-les-femmes-entrepreneures-sengagent-en-faveur-de-lecologie","title":{"rendered":"Sommet des trois grands bassins forestiers : les femmes entrepreneures s\u2019engagent en faveur de l\u2019\u00e9cologie"},"content":{"rendered":"<p><span style=\"color: #ff6600\"><strong>Africa-Press &#8211; Congo Brazzaville. <\/strong><\/span><b>En marge du sommet des trois bassins forestiers, le magazine Ayana a organise\u0301 le 27 octobre a\u0300 Brazzaville l\u2019e\u0301dition Congo-Brazza de \u00ab Super Woman \u00bb, en collaboration avec le ministe\u0300re des PME et de l\u2019Artisanat, sous le patronage de l\u2019e\u0301pouse du chef de l\u2019Etat, pre\u0301sidente de la Fondation Congo Assistance, Antoinette Sassou N\u2019Guesso, marraine de l\u2019e\u0301dition, accompagne\u0301e de la premie\u0300re dame de l\u2019Union des Comores, Ambari Azali Daroueche.<\/b><\/p>\n<p>Des femmes entrepreneures venues de plusieurs pays ont pris part a\u0300 l\u2019e\u0301dition Congo-Brazza de \u00ab Super Woman \u00bb organise\u0301e sur le the\u0300me \u00ab L\u2019entrepreneuriat fe\u0301minin au service du de\u0301veloppement \u00bb. L\u2019initiative a pour vocation de pre\u0301senter les de\u0301fis des femmes engage\u0301es en faveur de l\u2019e\u0301cologie au Congo et de proposer des solutions pour re\u0301ussir dans ce secteur. \u00ab Notre vision a toujours e\u0301te\u0301 d\u2019accompagner les femmes francophones d\u2019Afrique dans leur de\u0301veloppement personnel et professionnel. Super Woman est le rendez-vous qui permet de trouver l\u2019espace d\u2019e\u0301change, de transmission, de mise en lumie\u0300re pour les femmes de diffe\u0301rentes cate\u0301gories socioprofessionnelles, de diffe\u0301rentes ge\u0301ne\u0301rations, parce que nous croyons que c\u2019est par ces moyens que nous pouvons e\u0302tre meilleures \u00bb, a explique\u0301 Amie Kouame\u0301, fondatrice d\u2019Ayana, le premier magazine digital de\u0301die\u0301 a\u0300 la valorisation de la femme africaine en Afrique francophone.<\/p>\n<p>L\u2019e\u0301dition spe\u0301ciale \u00ab Super Woman \u00bb a pour objectif, a-t-elle pre\u0301cise\u0301, de ce\u0301le\u0301brer les femmes \u00ab extraordinaires \u00bb pour e\u0301couter leurs histoires \u00ab aspirantes \u00bb afin d\u2019explorer comment les soutenir davantage. \u00ab Nous allons discuter des de\u0301fis qu\u2019elles ont remporte\u0301s et des opportunite\u0301s qu\u2019elles ont saisies pour cre\u0301er un univers plus vert, plus durable pour les nations \u00bb, a de\u0301clare\u0301 Amie Kouame\u0301.<\/p>\n<p>Dans son discours d\u2019ouverture, la ministre des Petites et Moyennes entreprises (PME) et de l&rsquo;Artisanat, Jacqueline Lydia Mikolo, a souligne\u0301 l\u2019importance de la rencontre dont l\u2019objectif est \u00ab d\u2019accompagner les jeunes femmes vers l\u2019e\u0301panouissement socioculturel et le succe\u0300s professionnel, tout en les plac\u0327ant au c\u0153ur de la pre\u0301servation de notre environnement et en se basant sur l\u2019expe\u0301rience de parcours de femmes aspirantes, battantes, dynamiques&#8230; \u00bb. \u00ab La femme est une entrepreneure naturelle. Il ne lui reste qu\u2019a\u0300 s\u2019informer, a\u0300 se former, a\u0300 se formaliser pour espe\u0301rer atteindre du succe\u0300s \u00bb, a assure\u0301 la ministre.<\/p>\n<p>S\u2019exprimant au nom de l\u2019e\u0301pouse du chef de l\u2019Etat, pre\u0301sidente de la Fondation Congo Assistance, Antoinette Sassou N\u2019Guesso, sa directrice de cabinet, Blandine Malila, a releve\u0301 que \u00ab le ro\u0302le central que les femmes jouent dans la pre\u0301servation de la plane\u0300te et dans la construction d\u2019un avenir plus durable appelle a\u0300 poursuivre la re\u0301flexion dans l\u2019objectif d\u2019avoir une de\u0301marche concerte\u0301e, enrichie d\u2019expe\u0301riences individuelles et collectives, d\u2019ici et d\u2019ailleurs, vers des horizons prometteurs porte\u0301s par des femmes conscientes de leur responsabilite\u0301 envers leur proge\u0301niture&#8230; \u00bb.<\/p>\n<p>Au cours de la rencontre, des expose\u0301s ont e\u0301te\u0301 faits pour re\u0301pondre sur des questions varie\u0301es comme \u00ab Femmes entrepreneures dans le de\u0301veloppement durable au Congo, quels de\u0301fis ? \u00bb ; \u00ab De\u0301veloppement durable, quels secteurs porteurs pour les femmes entrepreneures ? \u00bb. Des te\u0301moignages de femmes entrepreneures inte\u0301grant les principes du de\u0301veloppement durable dans leurs entreprises ont e\u0301te\u0301 donne\u0301s. Il s\u2019agissait aussi, a\u0300 travers le partage d\u2019expe\u0301riences, d\u2019identifier des secteurs de de\u0301veloppement durable dans lesquels les femmes peuvent investir ou inte\u0301grer des habitudes pour une meilleure rentabilite\u0301. Signalons que l\u2019e\u0301cologie est un des grands enjeux fondamentaux du sie\u0300cle et beaucoup de femmes l\u2019ont bien compris.<\/p>\n\r\n                <style type=\"text\/css\">\r\n                    \r\n                    #td_uid_1_69f24d278af05  .td-doubleSlider-2 .td-item1 {\r\n                        background: url(https:\/\/static.africa-press.net\/congo-brazzaville\/sites\/51\/2023\/10\/sm_1698598252.205-80x60.jpg) 0 0 no-repeat;\r\n                    }\r\n                    #td_uid_1_69f24d278af05  .td-doubleSlider-2 .td-item2 {\r\n                        background: url(https:\/\/static.africa-press.net\/congo-brazzaville\/sites\/51\/2023\/10\/sm_1698598268.904669-80x60.jpg) 0 0 no-repeat;\r\n                    }\r\n                <\/style>\r\n\r\n                <div id=\"td_uid_1_69f24d278af05\" class=\"td-gallery td-slide-on-2-columns\">\r\n                    <div class=\"post_td_gallery\">\r\n                        <div class=\"td-gallery-slide-top\">\r\n                           <div class=\"td-gallery-title\"><\/div>\r\n\r\n                            <div class=\"td-gallery-controls-wrapper\">\r\n                                <div class=\"td-gallery-slide-count\"><span class=\"td-gallery-slide-item-focus\">1<\/span> de 2<\/div>\r\n                                <div class=\"td-gallery-slide-prev-next-but\">\r\n                                    <i class = \"td-icon-left doubleSliderPrevButton\"><\/i>\r\n                                    <i class = \"td-icon-right doubleSliderNextButton\"><\/i>\r\n                                <\/div>\r\n                            <\/div>\r\n                        <\/div>\r\n\r\n                        <div class = \"td-doubleSlider-1 \">\r\n                            <div class = \"td-slider\">\r\n                                \r\n                    <div class = \"td-slide-item td-item1\">\r\n                        <figure class=\"td-slide-galery-figure td-slide-popup-gallery\">\r\n                            <a class=\"slide-gallery-image-link\" href=\"https:\/\/static.africa-press.net\/congo-brazzaville\/sites\/51\/2023\/10\/sm_1698598252.205.jpg\" title=\"sm_1698598252.205\"  data-caption=\"\"  data-description=\"\">\r\n                                <img decoding=\"async\" src=\"https:\/\/static.africa-press.net\/congo-brazzaville\/sites\/51\/2023\/10\/sm_1698598252.205.jpg\" srcset=\"https:\/\/static.africa-press.net\/congo-brazzaville\/sites\/51\/2023\/10\/sm_1698598252.205.jpg 1365w, https:\/\/static.africa-press.net\/congo-brazzaville\/sites\/51\/2023\/10\/sm_1698598252.205-300x169.jpg 300w, https:\/\/static.africa-press.net\/congo-brazzaville\/sites\/51\/2023\/10\/sm_1698598252.205-1024x576.jpg 1024w, https:\/\/static.africa-press.net\/congo-brazzaville\/sites\/51\/2023\/10\/sm_1698598252.205-768x432.jpg 768w\" sizes=\"(max-width: 1365px) 100vw, 1365px\" alt=\"\">\r\n                            <\/a>\r\n                            \r\n                        <\/figure>\r\n                    <\/div>\r\n                    <div class = \"td-slide-item td-item2\">\r\n                        <figure class=\"td-slide-galery-figure td-slide-popup-gallery\">\r\n                            <a class=\"slide-gallery-image-link\" href=\"https:\/\/static.africa-press.net\/congo-brazzaville\/sites\/51\/2023\/10\/sm_1698598268.904669.jpg\" title=\"sm_1698598268.904669\"  data-caption=\"\"  data-description=\"\">\r\n                                <img decoding=\"async\" src=\"https:\/\/static.africa-press.net\/congo-brazzaville\/sites\/51\/2023\/10\/sm_1698598268.904669.jpg\" srcset=\"https:\/\/static.africa-press.net\/congo-brazzaville\/sites\/51\/2023\/10\/sm_1698598268.904669.jpg 1365w, https:\/\/static.africa-press.net\/congo-brazzaville\/sites\/51\/2023\/10\/sm_1698598268.904669-300x169.jpg 300w, https:\/\/static.africa-press.net\/congo-brazzaville\/sites\/51\/2023\/10\/sm_1698598268.904669-1024x576.jpg 1024w, https:\/\/static.africa-press.net\/congo-brazzaville\/sites\/51\/2023\/10\/sm_1698598268.904669-768x432.jpg 768w\" sizes=\"(max-width: 1365px) 100vw, 1365px\" alt=\"\">\r\n                            <\/a>\r\n                            \r\n                        <\/figure>\r\n                    <\/div>\r\n                            <\/div>\r\n                        <\/div>\r\n\r\n                        <div class = \"td-doubleSlider-2\">\r\n                            <div class = \"td-slider\">\r\n                                \r\n                    <div class = \"td-button td-item1\">\r\n                        <div class = \"td-border\"><\/div>\r\n                    <\/div>\r\n                    <div class = \"td-button td-item2\">\r\n                        <div class = \"td-border\"><\/div>\r\n                    <\/div>\r\n                            <\/div>\r\n                        <\/div>\r\n\r\n                    <\/div>\r\n\r\n                <\/div>\r\n                \n<p><strong>Pour plus d&rsquo;informations et d&rsquo;analyses sur la <a href=\"https:\/\/www.africa-press.net\/congo-brazzaville\">Congo Brazzaville<\/a>, suivez <a href=\"https:\/\/www.africa-press.net\/\">Africa-Press<\/a><\/strong><\/p>\n","protected":false},"excerpt":{"rendered":"<p>Africa-Press &#8211; Congo Brazzaville. En marge du sommet des trois bassins forestiers, le magazine Ayana a organise\u0301 le 27 octobre a\u0300 Brazzaville l\u2019e\u0301dition Congo-Brazza de \u00ab Super Woman \u00bb, en collaboration avec le ministe\u0300re des PME et de l\u2019Artisanat, sous le patronage de l\u2019e\u0301pouse du chef de l\u2019Etat, pre\u0301sidente de la Fondation Congo Assistance, Antoinette [&hellip;]<\/p>\n","protected":false},"author":82,"featured_media":23726,"comment_status":"open","ping_status":"closed","sticky":false,"template":"","format":"standard","meta":{"footnotes":""},"categories":[21,8,10],"tags":[36,47,46],"class_list":["post-23727","post","type-post","status-publish","format-standard","has-post-thumbnail","hentry","category-communaute","category-photo","category-toutes-les-actualites","tag-africa-press","tag-africa-press-congo-brazzaville","tag-congo-brazzaville"],"yoast_head":"<!-- This site is optimized with the Yoast SEO Premium plugin v26.1 (Yoast SEO v27.0) - https:\/\/yoast.com\/product\/yoast-seo-premium-wordpress\/ -->\n<title>Sommet des trois grands bassins forestiers : les femmes entrepreneures s\u2019engagent en faveur de l\u2019\u00e9cologie - Congo Brazzaville<\/title>\n<meta name=\"description\" content=\"En marge du sommet des trois bassins forestiers, le magazine Ayana a organise\u0301 le 27 octobre a\u0300 Brazzaville l\u2019e\u0301ditio ...\" \/>\n<meta name=\"robots\" content=\"index, follow, max-snippet:-1, max-image-preview:large, max-video-preview:-1\" \/>\n<link rel=\"canonical\" href=\"https:\/\/www.africa-press.net\/congo-brazzaville\/photo\/sommet-des-trois-grands-bassins-forestiers-les-femmes-entrepreneures-sengagent-en-faveur-de-lecologie\" \/>\n<meta property=\"og:locale\" content=\"fr_FR\" \/>\n<meta property=\"og:type\" content=\"article\" \/>\n<meta property=\"og:title\" content=\"Sommet des trois grands bassins forestiers : les femmes entrepreneures s\u2019engagent en faveur de l\u2019\u00e9cologie\" \/>\n<meta property=\"og:description\" content=\"En marge du sommet des trois bassins forestiers, le magazine Ayana a organise\u0301 le 27 octobre a\u0300 Brazzaville l\u2019e\u0301ditio ...\" \/>\n<meta property=\"og:url\" content=\"https:\/\/www.africa-press.net\/congo-brazzaville\/photo\/sommet-des-trois-grands-bassins-forestiers-les-femmes-entrepreneures-sengagent-en-faveur-de-lecologie\" \/>\n<meta property=\"og:site_name\" content=\"Congo Brazzaville\" \/>\n<meta property=\"article:published_time\" content=\"2023-10-29T19:51:23+00:00\" \/>\n<meta property=\"article:modified_time\" content=\"2023-10-29T20:22:02+00:00\" \/>\n<meta property=\"og:image\" content=\"https:\/\/static.africa-press.net\/congo-brazzaville\/sites\/51\/2023\/10\/sm_1698598287.916962.jpg\" \/>\n\t<meta property=\"og:image:width\" content=\"1365\" \/>\n\t<meta property=\"og:image:height\" content=\"768\" \/>\n\t<meta property=\"og:image:type\" content=\"image\/jpeg\" \/>\n<meta name=\"author\" content=\"cfeditorfr\" \/>\n<meta name=\"twitter:card\" content=\"summary_large_image\" \/>\n<meta name=\"twitter:label1\" content=\"\u00c9crit par\" \/>\n\t<meta name=\"twitter:data1\" content=\"cfeditorfr\" \/>\n\t<meta name=\"twitter:label2\" content=\"Dur\u00e9e de lecture estim\u00e9e\" \/>\n\t<meta name=\"twitter:data2\" content=\"3 minutes\" \/>\n<script type=\"application\/ld+json\" class=\"yoast-schema-graph\">{\"@context\":\"https:\/\/schema.org\",\"@graph\":[{\"@type\":\"Article\",\"@id\":\"https:\/\/www.africa-press.net\/congo-brazzaville\/photo\/sommet-des-trois-grands-bassins-forestiers-les-femmes-entrepreneures-sengagent-en-faveur-de-lecologie#article\",\"isPartOf\":{\"@id\":\"https:\/\/www.africa-press.net\/congo-brazzaville\/photo\/sommet-des-trois-grands-bassins-forestiers-les-femmes-entrepreneures-sengagent-en-faveur-de-lecologie\"},\"author\":{\"name\":\"cfeditorfr\",\"@id\":\"https:\/\/www.africa-press.net\/congo-brazzaville\/#\/schema\/person\/2b1cf3cd81a31e3cd26889ca66d677f1\"},\"headline\":\"Sommet des trois grands bassins forestiers : les femmes entrepreneures s\u2019engagent en faveur de l\u2019\u00e9cologie\",\"datePublished\":\"2023-10-29T19:51:23+00:00\",\"dateModified\":\"2023-10-29T20:22:02+00:00\",\"mainEntityOfPage\":{\"@id\":\"https:\/\/www.africa-press.net\/congo-brazzaville\/photo\/sommet-des-trois-grands-bassins-forestiers-les-femmes-entrepreneures-sengagent-en-faveur-de-lecologie\"},\"wordCount\":684,\"commentCount\":0,\"image\":{\"@id\":\"https:\/\/www.africa-press.net\/congo-brazzaville\/photo\/sommet-des-trois-grands-bassins-forestiers-les-femmes-entrepreneures-sengagent-en-faveur-de-lecologie#primaryimage\"},\"thumbnailUrl\":\"https:\/\/static.africa-press.net\/congo-brazzaville\/sites\/51\/2023\/10\/sm_1698598287.916962.jpg\",\"keywords\":[\"Africa Press\",\"Africa Press-Congo Brazzaville\",\"Congo Brazzaville\"],\"articleSection\":[\"Communaut\u00e9\",\"Photo\",\"Toutes les actualit\u00e9s\"],\"inLanguage\":\"fr-FR\",\"potentialAction\":[{\"@type\":\"CommentAction\",\"name\":\"Comment\",\"target\":[\"https:\/\/www.africa-press.net\/congo-brazzaville\/photo\/sommet-des-trois-grands-bassins-forestiers-les-femmes-entrepreneures-sengagent-en-faveur-de-lecologie#respond\"]}]},{\"@type\":\"WebPage\",\"@id\":\"https:\/\/www.africa-press.net\/congo-brazzaville\/photo\/sommet-des-trois-grands-bassins-forestiers-les-femmes-entrepreneures-sengagent-en-faveur-de-lecologie\",\"url\":\"https:\/\/www.africa-press.net\/congo-brazzaville\/photo\/sommet-des-trois-grands-bassins-forestiers-les-femmes-entrepreneures-sengagent-en-faveur-de-lecologie\",\"name\":\"Sommet des trois grands bassins forestiers : les femmes entrepreneures s\u2019engagent en faveur de l\u2019\u00e9cologie - Congo Brazzaville\",\"isPartOf\":{\"@id\":\"https:\/\/www.africa-press.net\/congo-brazzaville\/#website\"},\"primaryImageOfPage\":{\"@id\":\"https:\/\/www.africa-press.net\/congo-brazzaville\/photo\/sommet-des-trois-grands-bassins-forestiers-les-femmes-entrepreneures-sengagent-en-faveur-de-lecologie#primaryimage\"},\"image\":{\"@id\":\"https:\/\/www.africa-press.net\/congo-brazzaville\/photo\/sommet-des-trois-grands-bassins-forestiers-les-femmes-entrepreneures-sengagent-en-faveur-de-lecologie#primaryimage\"},\"thumbnailUrl\":\"https:\/\/static.africa-press.net\/congo-brazzaville\/sites\/51\/2023\/10\/sm_1698598287.916962.jpg\",\"datePublished\":\"2023-10-29T19:51:23+00:00\",\"dateModified\":\"2023-10-29T20:22:02+00:00\",\"author\":{\"@id\":\"https:\/\/www.africa-press.net\/congo-brazzaville\/#\/schema\/person\/2b1cf3cd81a31e3cd26889ca66d677f1\"},\"description\":\"En marge du sommet des trois bassins forestiers, le magazine Ayana a organise\u0301 le 27 octobre a\u0300 Brazzaville l\u2019e\u0301ditio ...\",\"breadcrumb\":{\"@id\":\"https:\/\/www.africa-press.net\/congo-brazzaville\/photo\/sommet-des-trois-grands-bassins-forestiers-les-femmes-entrepreneures-sengagent-en-faveur-de-lecologie#breadcrumb\"},\"inLanguage\":\"fr-FR\",\"potentialAction\":[{\"@type\":\"ReadAction\",\"target\":[\"https:\/\/www.africa-press.net\/congo-brazzaville\/photo\/sommet-des-trois-grands-bassins-forestiers-les-femmes-entrepreneures-sengagent-en-faveur-de-lecologie\"]}]},{\"@type\":\"ImageObject\",\"inLanguage\":\"fr-FR\",\"@id\":\"https:\/\/www.africa-press.net\/congo-brazzaville\/photo\/sommet-des-trois-grands-bassins-forestiers-les-femmes-entrepreneures-sengagent-en-faveur-de-lecologie#primaryimage\",\"url\":\"https:\/\/static.africa-press.net\/congo-brazzaville\/sites\/51\/2023\/10\/sm_1698598287.916962.jpg\",\"contentUrl\":\"https:\/\/static.africa-press.net\/congo-brazzaville\/sites\/51\/2023\/10\/sm_1698598287.916962.jpg\",\"width\":1365,\"height\":768,\"caption\":\"Sommet des trois grands bassins forestiers : les femmes entrepreneures s\u2019engagent en faveur de l\u2019\u00e9cologie\"},{\"@type\":\"BreadcrumbList\",\"@id\":\"https:\/\/www.africa-press.net\/congo-brazzaville\/photo\/sommet-des-trois-grands-bassins-forestiers-les-femmes-entrepreneures-sengagent-en-faveur-de-lecologie#breadcrumb\",\"itemListElement\":[{\"@type\":\"ListItem\",\"position\":1,\"name\":\"Accueil\",\"item\":\"https:\/\/www.africa-press.net\/congo-brazzaville\/\"},{\"@type\":\"ListItem\",\"position\":2,\"name\":\"Sommet des trois grands bassins forestiers : les femmes entrepreneures s\u2019engagent en faveur de l\u2019\u00e9cologie\"}]},{\"@type\":\"WebSite\",\"@id\":\"https:\/\/www.africa-press.net\/congo-brazzaville\/#website\",\"url\":\"https:\/\/www.africa-press.net\/congo-brazzaville\/\",\"name\":\"Congo Brazzaville\",\"description\":\"Just another Africa News Agency Sites site\",\"potentialAction\":[{\"@type\":\"SearchAction\",\"target\":{\"@type\":\"EntryPoint\",\"urlTemplate\":\"https:\/\/www.africa-press.net\/congo-brazzaville\/?s={search_term_string}\"},\"query-input\":{\"@type\":\"PropertyValueSpecification\",\"valueRequired\":true,\"valueName\":\"search_term_string\"}}],\"inLanguage\":\"fr-FR\"},{\"@type\":\"Person\",\"@id\":\"https:\/\/www.africa-press.net\/congo-brazzaville\/#\/schema\/person\/2b1cf3cd81a31e3cd26889ca66d677f1\",\"name\":\"cfeditorfr\"}]}<\/script>\n<!-- \/ Yoast SEO Premium plugin. -->","yoast_head_json":{"title":"Sommet des trois grands bassins forestiers : les femmes entrepreneures s\u2019engagent en faveur de l\u2019\u00e9cologie - Congo Brazzaville","description":"En marge du sommet des trois bassins forestiers, le magazine Ayana a organise\u0301 le 27 octobre a\u0300 Brazzaville l\u2019e\u0301ditio ...","robots":{"index":"index","follow":"follow","max-snippet":"max-snippet:-1","max-image-preview":"max-image-preview:large","max-video-preview":"max-video-preview:-1"},"canonical":"https:\/\/www.africa-press.net\/congo-brazzaville\/photo\/sommet-des-trois-grands-bassins-forestiers-les-femmes-entrepreneures-sengagent-en-faveur-de-lecologie","og_locale":"fr_FR","og_type":"article","og_title":"Sommet des trois grands bassins forestiers : les femmes entrepreneures s\u2019engagent en faveur de l\u2019\u00e9cologie","og_description":"En marge du sommet des trois bassins forestiers, le magazine Ayana a organise\u0301 le 27 octobre a\u0300 Brazzaville l\u2019e\u0301ditio ...","og_url":"https:\/\/www.africa-press.net\/congo-brazzaville\/photo\/sommet-des-trois-grands-bassins-forestiers-les-femmes-entrepreneures-sengagent-en-faveur-de-lecologie","og_site_name":"Congo Brazzaville","article_published_time":"2023-10-29T19:51:23+00:00","article_modified_time":"2023-10-29T20:22:02+00:00","og_image":[{"width":1365,"height":768,"url":"https:\/\/static.africa-press.net\/congo-brazzaville\/sites\/51\/2023\/10\/sm_1698598287.916962.jpg","type":"image\/jpeg"}],"author":"cfeditorfr","twitter_card":"summary_large_image","twitter_misc":{"\u00c9crit par":"cfeditorfr","Dur\u00e9e de lecture estim\u00e9e":"3 minutes"},"schema":{"@context":"https:\/\/schema.org","@graph":[{"@type":"Article","@id":"https:\/\/www.africa-press.net\/congo-brazzaville\/photo\/sommet-des-trois-grands-bassins-forestiers-les-femmes-entrepreneures-sengagent-en-faveur-de-lecologie#article","isPartOf":{"@id":"https:\/\/www.africa-press.net\/congo-brazzaville\/photo\/sommet-des-trois-grands-bassins-forestiers-les-femmes-entrepreneures-sengagent-en-faveur-de-lecologie"},"author":{"name":"cfeditorfr","@id":"https:\/\/www.africa-press.net\/congo-brazzaville\/#\/schema\/person\/2b1cf3cd81a31e3cd26889ca66d677f1"},"headline":"Sommet des trois grands bassins forestiers : les femmes entrepreneures s\u2019engagent en faveur de l\u2019\u00e9cologie","datePublished":"2023-10-29T19:51:23+00:00","dateModified":"2023-10-29T20:22:02+00:00","mainEntityOfPage":{"@id":"https:\/\/www.africa-press.net\/congo-brazzaville\/photo\/sommet-des-trois-grands-bassins-forestiers-les-femmes-entrepreneures-sengagent-en-faveur-de-lecologie"},"wordCount":684,"commentCount":0,"image":{"@id":"https:\/\/www.africa-press.net\/congo-brazzaville\/photo\/sommet-des-trois-grands-bassins-forestiers-les-femmes-entrepreneures-sengagent-en-faveur-de-lecologie#primaryimage"},"thumbnailUrl":"https:\/\/static.africa-press.net\/congo-brazzaville\/sites\/51\/2023\/10\/sm_1698598287.916962.jpg","keywords":["Africa Press","Africa Press-Congo Brazzaville","Congo Brazzaville"],"articleSection":["Communaut\u00e9","Photo","Toutes les actualit\u00e9s"],"inLanguage":"fr-FR","potentialAction":[{"@type":"CommentAction","name":"Comment","target":["https:\/\/www.africa-press.net\/congo-brazzaville\/photo\/sommet-des-trois-grands-bassins-forestiers-les-femmes-entrepreneures-sengagent-en-faveur-de-lecologie#respond"]}]},{"@type":"WebPage","@id":"https:\/\/www.africa-press.net\/congo-brazzaville\/photo\/sommet-des-trois-grands-bassins-forestiers-les-femmes-entrepreneures-sengagent-en-faveur-de-lecologie","url":"https:\/\/www.africa-press.net\/congo-brazzaville\/photo\/sommet-des-trois-grands-bassins-forestiers-les-femmes-entrepreneures-sengagent-en-faveur-de-lecologie","name":"Sommet des trois grands bassins forestiers : les femmes entrepreneures s\u2019engagent en faveur de l\u2019\u00e9cologie - Congo Brazzaville","isPartOf":{"@id":"https:\/\/www.africa-press.net\/congo-brazzaville\/#website"},"primaryImageOfPage":{"@id":"https:\/\/www.africa-press.net\/congo-brazzaville\/photo\/sommet-des-trois-grands-bassins-forestiers-les-femmes-entrepreneures-sengagent-en-faveur-de-lecologie#primaryimage"},"image":{"@id":"https:\/\/www.africa-press.net\/congo-brazzaville\/photo\/sommet-des-trois-grands-bassins-forestiers-les-femmes-entrepreneures-sengagent-en-faveur-de-lecologie#primaryimage"},"thumbnailUrl":"https:\/\/static.africa-press.net\/congo-brazzaville\/sites\/51\/2023\/10\/sm_1698598287.916962.jpg","datePublished":"2023-10-29T19:51:23+00:00","dateModified":"2023-10-29T20:22:02+00:00","author":{"@id":"https:\/\/www.africa-press.net\/congo-brazzaville\/#\/schema\/person\/2b1cf3cd81a31e3cd26889ca66d677f1"},"description":"En marge du sommet des trois bassins forestiers, le magazine Ayana a organise\u0301 le 27 octobre a\u0300 Brazzaville l\u2019e\u0301ditio ...","breadcrumb":{"@id":"https:\/\/www.africa-press.net\/congo-brazzaville\/photo\/sommet-des-trois-grands-bassins-forestiers-les-femmes-entrepreneures-sengagent-en-faveur-de-lecologie#breadcrumb"},"inLanguage":"fr-FR","potentialAction":[{"@type":"ReadAction","target":["https:\/\/www.africa-press.net\/congo-brazzaville\/photo\/sommet-des-trois-grands-bassins-forestiers-les-femmes-entrepreneures-sengagent-en-faveur-de-lecologie"]}]},{"@type":"ImageObject","inLanguage":"fr-FR","@id":"https:\/\/www.africa-press.net\/congo-brazzaville\/photo\/sommet-des-trois-grands-bassins-forestiers-les-femmes-entrepreneures-sengagent-en-faveur-de-lecologie#primaryimage","url":"https:\/\/static.africa-press.net\/congo-brazzaville\/sites\/51\/2023\/10\/sm_1698598287.916962.jpg","contentUrl":"https:\/\/static.africa-press.net\/congo-brazzaville\/sites\/51\/2023\/10\/sm_1698598287.916962.jpg","width":1365,"height":768,"caption":"Sommet des trois grands bassins forestiers : les femmes entrepreneures s\u2019engagent en faveur de l\u2019\u00e9cologie"},{"@type":"BreadcrumbList","@id":"https:\/\/www.africa-press.net\/congo-brazzaville\/photo\/sommet-des-trois-grands-bassins-forestiers-les-femmes-entrepreneures-sengagent-en-faveur-de-lecologie#breadcrumb","itemListElement":[{"@type":"ListItem","position":1,"name":"Accueil","item":"https:\/\/www.africa-press.net\/congo-brazzaville\/"},{"@type":"ListItem","position":2,"name":"Sommet des trois grands bassins forestiers : les femmes entrepreneures s\u2019engagent en faveur de l\u2019\u00e9cologie"}]},{"@type":"WebSite","@id":"https:\/\/www.africa-press.net\/congo-brazzaville\/#website","url":"https:\/\/www.africa-press.net\/congo-brazzaville\/","name":"Congo Brazzaville","description":"Just another Africa News Agency Sites site","potentialAction":[{"@type":"SearchAction","target":{"@type":"EntryPoint","urlTemplate":"https:\/\/www.africa-press.net\/congo-brazzaville\/?s={search_term_string}"},"query-input":{"@type":"PropertyValueSpecification","valueRequired":true,"valueName":"search_term_string"}}],"inLanguage":"fr-FR"},{"@type":"Person","@id":"https:\/\/www.africa-press.net\/congo-brazzaville\/#\/schema\/person\/2b1cf3cd81a31e3cd26889ca66d677f1","name":"cfeditorfr"}]}},"_links":{"self":[{"href":"https:\/\/www.africa-press.net\/congo-brazzaville\/wp-json\/wp\/v2\/posts\/23727","targetHints":{"allow":["GET"]}}],"collection":[{"href":"https:\/\/www.africa-press.net\/congo-brazzaville\/wp-json\/wp\/v2\/posts"}],"about":[{"href":"https:\/\/www.africa-press.net\/congo-brazzaville\/wp-json\/wp\/v2\/types\/post"}],"author":[{"embeddable":true,"href":"https:\/\/www.africa-press.net\/congo-brazzaville\/wp-json\/wp\/v2\/users\/82"}],"replies":[{"embeddable":true,"href":"https:\/\/www.africa-press.net\/congo-brazzaville\/wp-json\/wp\/v2\/comments?post=23727"}],"version-history":[{"count":0,"href":"https:\/\/www.africa-press.net\/congo-brazzaville\/wp-json\/wp\/v2\/posts\/23727\/revisions"}],"wp:featuredmedia":[{"embeddable":true,"href":"https:\/\/www.africa-press.net\/congo-brazzaville\/wp-json\/wp\/v2\/media\/23726"}],"wp:attachment":[{"href":"https:\/\/www.africa-press.net\/congo-brazzaville\/wp-json\/wp\/v2\/media?parent=23727"}],"wp:term":[{"taxonomy":"category","embeddable":true,"href":"https:\/\/www.africa-press.net\/congo-brazzaville\/wp-json\/wp\/v2\/categories?post=23727"},{"taxonomy":"post_tag","embeddable":true,"href":"https:\/\/www.africa-press.net\/congo-brazzaville\/wp-json\/wp\/v2\/tags?post=23727"}],"curies":[{"name":"wp","href":"https:\/\/api.w.org\/{rel}","templated":true}]}}