{"id":23730,"date":"2023-10-29T19:51:35","date_gmt":"2023-10-29T19:51:35","guid":{"rendered":"https:\/\/www.africa-press.net\/congo-brazzaville\/politique\/sommet-des-trois-bassins-forestiers-des-engagements-pour-la-preservation-de-la-biodiversite"},"modified":"2023-10-29T20:22:38","modified_gmt":"2023-10-29T20:22:38","slug":"sommet-des-trois-bassins-forestiers-des-engagements-pour-la-preservation-de-la-biodiversite","status":"publish","type":"post","link":"https:\/\/www.africa-press.net\/congo-brazzaville\/politique\/sommet-des-trois-bassins-forestiers-des-engagements-pour-la-preservation-de-la-biodiversite","title":{"rendered":"Sommet des trois bassins forestiers : des engagements pour la pr\u00e9servation de la biodiversit\u00e9"},"content":{"rendered":"<p><span style=\"color: #ff6600\"><strong>Africa-Press &#8211; Congo Brazzaville. <\/strong><\/span><b>La deuxie\u0300me e\u0301dition du sommet des trois bassins des e\u0301cosyste\u0300mes de biodiversite\u0301 et des fore\u0302ts tropicales, organise\u0301e du 26 au 28 octobre a\u0300 Kintele\u0301, a regroupe\u0301 pre\u0300s de 5000 participants dont une dizaine de chefs d\u2019Etat. Une occasion pour les parties prenantes de re\u0301affirmer leurs engagements pour sauver la plane\u0300te.<\/b><\/p>\n<p>Les assises de Brazzaville ont e\u0301te\u0301 clo\u0302ture\u0301es par le segment pre\u0301sidentiel qui a permis a\u0300 plus d\u2019une trentaine d\u2019intervenants de se succe\u0301der a\u0300 la tribune pour de\u0301voiler leurs politiques environnementales avant d\u2019appeler, chacun a\u0300 sa manie\u0300re, a\u0300 la cre\u0301ation d\u2019une alliance regroupant les trois bassins tropicaux, notamment l\u2019Amazonie, le Congo et Borne\u0301o-Me\u0301kong. C\u2019est l\u2019exemple des dix chefs d\u2019Etat africains pre\u0301sents en Re\u0301publique du Congo. Le pre\u0301sident de la transition gabonaise, Brice Clotaire Oligui Nguema, a, par exemple, re\u0301affirme\u0301 la de\u0301termination de son pays a\u0300 assumer ses engagements internationaux par la protection des e\u0301cosyste\u0300mes, la gestion durable des ressources naturelles et la lutte contre les changements climatiques.<\/p>\n<p>Selon lui, gra\u0302ce a\u0300 sa politique environnementale efficace, le Gabon est devenu un acteur cle\u0301 dans la lutte contre les changements climatiques en raison de sa grande capacite\u0301 a\u0300 se\u0301questrer le bioxyde de carbone. \u00ab Conscient de la valeur inestimable que ses fore\u0302ts rendent a\u0300 ses populations et a\u0300 l\u2019ensemble de l\u2019humanite\u0301, le Gabon estime que l\u2019heure est arrive\u0301e a\u0300 la communaute\u0301 internationale de soutenir en retour ses efforts. Cette attente le\u0301gitime doit e\u0301videmment s\u2019e\u0301tendre a\u0300 l\u2019ensemble des pays des trois bassins forestiers du Congo, de l\u2019Amazonie et du Borne\u0301o-Me\u0301kong qui abritent les re\u0301serves vitales de carbone et de biodiversite\u0301 de la plane\u0300te. Le temps n\u2019est plus aux promesses et aux de\u0301clarations d\u2019intention. C\u2019est le moment de concre\u0301tiser la mise en \u0153uvre de la de\u0301claration des dirigeants de Glasgow sur les fore\u0302ts et l\u2019usage des sols \u00bb, a-t-il martele\u0301.<\/p>\n<p><b>Passer de l\u2019e\u0301conomie de rente a\u0300 la bio-e\u0301conomie<\/b><\/p>\n<p>Le pre\u0301sident centrafricain, Faustin Archange Touade\u0301ra, a, quant a\u0300 lui, rappele\u0301 la ne\u0301cessite\u0301 de se doter d\u2019une strate\u0301gie commune, de parler d\u2019une seule et me\u0302me voix pour aboutir a\u0300 des meilleurs re\u0301sultats en mutualisant les efforts conjoints. Intervenant a\u0300 distance, le pre\u0301sident bre\u0301silien, Luiz Ina\u0301cio Lula da Silva, a rappele\u0301 que son pays a re\u0301duit de 50% les abattages des arbres. Il a estime\u0301 que les trois bassins devraient arriver a\u0300 la COP 28 en novembre avec une vision commune et un objectif durable des fore\u0302ts avant de se rendre a\u0300 Bele\u0301m en 2025. Le pre\u0301sident de la France, Emmanuel Macron, qui n\u2019a pas pu faire le de\u0301placement de Brazzaville, a de\u0301clare\u0301 que la protection des fore\u0302ts tropicales est une priorite\u0301 majeure pour son pays. D\u2019apre\u0300s lui, les stocks de carbone et de biodiversite\u0301 largement concentre\u0301s dans les trois plus grands bassins forestiers du monde sont des tre\u0301sors dont l\u2019humanite\u0301 ne peut s\u2019en passer. \u00ab Ce dont nous avons besoin, ce sont donc des partenariats justes avec des pays forestiers qui abritent sur leur sol les plus grands stocks de carbone et de biodiversite\u0301 mais qui sont aussi confronte\u0301s a\u0300 des de\u0301fis e\u0301conomiques majeurs. Nous voulons en fait sortir de l\u2019e\u0301conomie de rente qui de\u0301truit les fore\u0302ts et la biodiversite\u0301 et entrer dans la bio-e\u0301conomie. Ce partenariat autour du capital naturel, je suis convaincu, est l\u2019une des priorite\u0301s majeures des prochaines anne\u0301es \u00bb, a-t-il souligne\u0301.<\/p>\n<p>Emmanuel Macron a, par ailleurs, salue\u0301 les avance\u0301es conside\u0301rables re\u0301alise\u0301es dans le cadre de la politique de gestion sur le plan forestier du Gabon, l\u2019engagement personnel du pre\u0301sident Sassou et le bilan impressionnant du pre\u0301sident Lula qui a fait chuter des alertes a\u0300 la de\u0301forestation au Bre\u0301sil. Sans oublier l\u2019Indone\u0301sie qui a re\u0301duit le taux de disparition des fore\u0302ts de moitie\u0301 depuis 2015.<\/p>\n<p><b>Enclencher un processus de coope\u0301ration renforce\u0301e<\/b><\/p>\n<p>Le pre\u0301sident de l\u2019Union africaine (UA), Azali Assoumani, a martele\u0301 sur l\u2019urgence d\u2019agir pour la plane\u0300te d\u2019autant plus que les effets de\u0301vastateurs du changement climatique sur les e\u0301cosyste\u0300mes et les e\u0301conomies ne sont plus a\u0300 de\u0301montrer. \u00ab Le temps n\u2019est plus aux longs et beaux discours mais aux actes concrets car il nous faut rapidement mobiliser le financement ne\u0301cessaire pour espe\u0301rer pouvoir sauver notre maison commune, la plane\u0300te. Pour l\u2019UA, ce sommet de 2023 porte l\u2019espoir de voir s\u2019enclencher enfin un processus de coope\u0301ration renforce\u0301e entre les trois bassins de manie\u0300re a\u0300 re\u0301pondre efficacement aux de\u0301fis de la pre\u0301servation de la biodiversite\u0301, la protection des zones humides et la lutte contre la de\u0301sertification. \u00bb<\/p>\n<p>Le secre\u0301taire ge\u0301ne\u0301ral de l\u2019Onu, Anto\u0301nio Guterres, a, dans un message enregistre\u0301, appele\u0301 au renforcement de la collaboration mondiale existante afin de prote\u0301ger les actifs naturels et pre\u0301cieux de la plane\u0300te. \u00ab L\u2019Onu est pre\u0302te a\u0300 soutenir vos efforts. En travaillant ensemble, nous pourrons ba\u0302tir un monde plus su\u0302r, plus durable et plus re\u0301silient. Cela signifie qu\u2019il faut conside\u0301rer les fore\u0302ts comme les actifs qui peuvent contribuer a\u0300 de\u0301bloquer les ressources financie\u0300res ne\u0301cessaires pour financer les mesures de renforcement de la re\u0301silience \u00bb, a-t-il exhorte\u0301.<\/p>\n<p>Notons que plusieurs de\u0301le\u0301gations ont de\u0301livre\u0301 leurs messages lors du segment de haut niveau a\u0300 l\u2019instar de l\u2019Unicef, l\u2019Organisation internationale de la Francophonie, l\u2019Agence internationale de l\u2019e\u0301nergique atomique ainsi que la Commission de l\u2019UA.<\/p>\n<p><strong>Pour plus d&rsquo;informations et d&rsquo;analyses sur la <a href=\"https:\/\/www.africa-press.net\/congo-brazzaville\">Congo Brazzaville<\/a>, suivez <a href=\"https:\/\/www.africa-press.net\/\">Africa-Press<\/a><\/strong><\/p>\n","protected":false},"excerpt":{"rendered":"<p>Africa-Press &#8211; Congo Brazzaville. La deuxie\u0300me e\u0301dition du sommet des trois bassins des e\u0301cosyste\u0300mes de biodiversite\u0301 et des fore\u0302ts tropicales, organise\u0301e du 26 au 28 octobre a\u0300 Kintele\u0301, a regroupe\u0301 pre\u0300s de 5000 participants dont une dizaine de chefs d\u2019Etat. Une occasion pour les parties prenantes de re\u0301affirmer leurs engagements pour sauver la plane\u0300te. Les [&hellip;]<\/p>\n","protected":false},"author":82,"featured_media":23728,"comment_status":"open","ping_status":"closed","sticky":false,"template":"","format":"standard","meta":{"footnotes":""},"categories":[2,10],"tags":[36,47,46],"class_list":["post-23730","post","type-post","status-publish","format-standard","has-post-thumbnail","hentry","category-politique","category-toutes-les-actualites","tag-africa-press","tag-africa-press-congo-brazzaville","tag-congo-brazzaville"],"yoast_head":"<!-- This site is optimized with the Yoast SEO Premium plugin v26.1 (Yoast SEO v27.0) - https:\/\/yoast.com\/product\/yoast-seo-premium-wordpress\/ -->\n<title>Sommet des trois bassins forestiers : des engagements pour la pr\u00e9servation de la biodiversit\u00e9 - Congo Brazzaville<\/title>\n<meta name=\"description\" content=\"La deuxie\u0300me e\u0301dition du sommet des trois bassins des e\u0301cosyste\u0300mes de biodiversite\u0301 et des fore\u0302ts tropicales, organ ...\" \/>\n<meta name=\"robots\" content=\"index, follow, max-snippet:-1, max-image-preview:large, max-video-preview:-1\" \/>\n<link rel=\"canonical\" href=\"https:\/\/www.africa-press.net\/congo-brazzaville\/politique\/sommet-des-trois-bassins-forestiers-des-engagements-pour-la-preservation-de-la-biodiversite\" \/>\n<meta property=\"og:locale\" content=\"fr_FR\" \/>\n<meta property=\"og:type\" content=\"article\" \/>\n<meta property=\"og:title\" content=\"Sommet des trois bassins forestiers : des engagements pour la pr\u00e9servation de la biodiversit\u00e9\" \/>\n<meta property=\"og:description\" content=\"La deuxie\u0300me e\u0301dition du sommet des trois bassins des e\u0301cosyste\u0300mes de biodiversite\u0301 et des fore\u0302ts tropicales, organ ...\" \/>\n<meta property=\"og:url\" content=\"https:\/\/www.africa-press.net\/congo-brazzaville\/politique\/sommet-des-trois-bassins-forestiers-des-engagements-pour-la-preservation-de-la-biodiversite\" \/>\n<meta property=\"og:site_name\" content=\"Congo Brazzaville\" \/>\n<meta property=\"article:published_time\" content=\"2023-10-29T19:51:35+00:00\" \/>\n<meta property=\"article:modified_time\" content=\"2023-10-29T20:22:38+00:00\" \/>\n<meta property=\"og:image\" content=\"https:\/\/static.africa-press.net\/congo-brazzaville\/sites\/51\/2023\/10\/sm_1698598314.535698.jpg\" \/>\n\t<meta property=\"og:image:width\" content=\"1080\" \/>\n\t<meta property=\"og:image:height\" content=\"720\" \/>\n\t<meta property=\"og:image:type\" content=\"image\/jpeg\" \/>\n<meta name=\"author\" content=\"cfeditorfr\" \/>\n<meta name=\"twitter:card\" content=\"summary_large_image\" \/>\n<meta name=\"twitter:label1\" content=\"\u00c9crit par\" \/>\n\t<meta name=\"twitter:data1\" content=\"cfeditorfr\" \/>\n\t<meta name=\"twitter:label2\" content=\"Dur\u00e9e de lecture estim\u00e9e\" \/>\n\t<meta name=\"twitter:data2\" content=\"5 minutes\" \/>\n<script type=\"application\/ld+json\" class=\"yoast-schema-graph\">{\"@context\":\"https:\/\/schema.org\",\"@graph\":[{\"@type\":\"Article\",\"@id\":\"https:\/\/www.africa-press.net\/congo-brazzaville\/politique\/sommet-des-trois-bassins-forestiers-des-engagements-pour-la-preservation-de-la-biodiversite#article\",\"isPartOf\":{\"@id\":\"https:\/\/www.africa-press.net\/congo-brazzaville\/politique\/sommet-des-trois-bassins-forestiers-des-engagements-pour-la-preservation-de-la-biodiversite\"},\"author\":{\"name\":\"cfeditorfr\",\"@id\":\"https:\/\/www.africa-press.net\/congo-brazzaville\/#\/schema\/person\/2b1cf3cd81a31e3cd26889ca66d677f1\"},\"headline\":\"Sommet des trois bassins forestiers : des engagements pour la pr\u00e9servation de la biodiversit\u00e9\",\"datePublished\":\"2023-10-29T19:51:35+00:00\",\"dateModified\":\"2023-10-29T20:22:38+00:00\",\"mainEntityOfPage\":{\"@id\":\"https:\/\/www.africa-press.net\/congo-brazzaville\/politique\/sommet-des-trois-bassins-forestiers-des-engagements-pour-la-preservation-de-la-biodiversite\"},\"wordCount\":1024,\"commentCount\":0,\"image\":{\"@id\":\"https:\/\/www.africa-press.net\/congo-brazzaville\/politique\/sommet-des-trois-bassins-forestiers-des-engagements-pour-la-preservation-de-la-biodiversite#primaryimage\"},\"thumbnailUrl\":\"https:\/\/static.africa-press.net\/congo-brazzaville\/sites\/51\/2023\/10\/sm_1698598314.535698.jpg\",\"keywords\":[\"Africa Press\",\"Africa Press-Congo Brazzaville\",\"Congo Brazzaville\"],\"articleSection\":[\"Politique\",\"Toutes les actualit\u00e9s\"],\"inLanguage\":\"fr-FR\",\"potentialAction\":[{\"@type\":\"CommentAction\",\"name\":\"Comment\",\"target\":[\"https:\/\/www.africa-press.net\/congo-brazzaville\/politique\/sommet-des-trois-bassins-forestiers-des-engagements-pour-la-preservation-de-la-biodiversite#respond\"]}]},{\"@type\":\"WebPage\",\"@id\":\"https:\/\/www.africa-press.net\/congo-brazzaville\/politique\/sommet-des-trois-bassins-forestiers-des-engagements-pour-la-preservation-de-la-biodiversite\",\"url\":\"https:\/\/www.africa-press.net\/congo-brazzaville\/politique\/sommet-des-trois-bassins-forestiers-des-engagements-pour-la-preservation-de-la-biodiversite\",\"name\":\"Sommet des trois bassins forestiers : des engagements pour la pr\u00e9servation de la biodiversit\u00e9 - Congo Brazzaville\",\"isPartOf\":{\"@id\":\"https:\/\/www.africa-press.net\/congo-brazzaville\/#website\"},\"primaryImageOfPage\":{\"@id\":\"https:\/\/www.africa-press.net\/congo-brazzaville\/politique\/sommet-des-trois-bassins-forestiers-des-engagements-pour-la-preservation-de-la-biodiversite#primaryimage\"},\"image\":{\"@id\":\"https:\/\/www.africa-press.net\/congo-brazzaville\/politique\/sommet-des-trois-bassins-forestiers-des-engagements-pour-la-preservation-de-la-biodiversite#primaryimage\"},\"thumbnailUrl\":\"https:\/\/static.africa-press.net\/congo-brazzaville\/sites\/51\/2023\/10\/sm_1698598314.535698.jpg\",\"datePublished\":\"2023-10-29T19:51:35+00:00\",\"dateModified\":\"2023-10-29T20:22:38+00:00\",\"author\":{\"@id\":\"https:\/\/www.africa-press.net\/congo-brazzaville\/#\/schema\/person\/2b1cf3cd81a31e3cd26889ca66d677f1\"},\"description\":\"La deuxie\u0300me e\u0301dition du sommet des trois bassins des e\u0301cosyste\u0300mes de biodiversite\u0301 et des fore\u0302ts tropicales, organ ...\",\"breadcrumb\":{\"@id\":\"https:\/\/www.africa-press.net\/congo-brazzaville\/politique\/sommet-des-trois-bassins-forestiers-des-engagements-pour-la-preservation-de-la-biodiversite#breadcrumb\"},\"inLanguage\":\"fr-FR\",\"potentialAction\":[{\"@type\":\"ReadAction\",\"target\":[\"https:\/\/www.africa-press.net\/congo-brazzaville\/politique\/sommet-des-trois-bassins-forestiers-des-engagements-pour-la-preservation-de-la-biodiversite\"]}]},{\"@type\":\"ImageObject\",\"inLanguage\":\"fr-FR\",\"@id\":\"https:\/\/www.africa-press.net\/congo-brazzaville\/politique\/sommet-des-trois-bassins-forestiers-des-engagements-pour-la-preservation-de-la-biodiversite#primaryimage\",\"url\":\"https:\/\/static.africa-press.net\/congo-brazzaville\/sites\/51\/2023\/10\/sm_1698598314.535698.jpg\",\"contentUrl\":\"https:\/\/static.africa-press.net\/congo-brazzaville\/sites\/51\/2023\/10\/sm_1698598314.535698.jpg\",\"width\":1080,\"height\":720,\"caption\":\"Sommet des trois bassins forestiers : des engagements pour la pr\u00e9servation de la biodiversit\u00e9\"},{\"@type\":\"BreadcrumbList\",\"@id\":\"https:\/\/www.africa-press.net\/congo-brazzaville\/politique\/sommet-des-trois-bassins-forestiers-des-engagements-pour-la-preservation-de-la-biodiversite#breadcrumb\",\"itemListElement\":[{\"@type\":\"ListItem\",\"position\":1,\"name\":\"Accueil\",\"item\":\"https:\/\/www.africa-press.net\/congo-brazzaville\/\"},{\"@type\":\"ListItem\",\"position\":2,\"name\":\"Sommet des trois bassins forestiers : des engagements pour la pr\u00e9servation de la biodiversit\u00e9\"}]},{\"@type\":\"WebSite\",\"@id\":\"https:\/\/www.africa-press.net\/congo-brazzaville\/#website\",\"url\":\"https:\/\/www.africa-press.net\/congo-brazzaville\/\",\"name\":\"Congo Brazzaville\",\"description\":\"Just another Africa News Agency Sites site\",\"potentialAction\":[{\"@type\":\"SearchAction\",\"target\":{\"@type\":\"EntryPoint\",\"urlTemplate\":\"https:\/\/www.africa-press.net\/congo-brazzaville\/?s={search_term_string}\"},\"query-input\":{\"@type\":\"PropertyValueSpecification\",\"valueRequired\":true,\"valueName\":\"search_term_string\"}}],\"inLanguage\":\"fr-FR\"},{\"@type\":\"Person\",\"@id\":\"https:\/\/www.africa-press.net\/congo-brazzaville\/#\/schema\/person\/2b1cf3cd81a31e3cd26889ca66d677f1\",\"name\":\"cfeditorfr\"}]}<\/script>\n<!-- \/ Yoast SEO Premium plugin. -->","yoast_head_json":{"title":"Sommet des trois bassins forestiers : des engagements pour la pr\u00e9servation de la biodiversit\u00e9 - Congo Brazzaville","description":"La deuxie\u0300me e\u0301dition du sommet des trois bassins des e\u0301cosyste\u0300mes de biodiversite\u0301 et des fore\u0302ts tropicales, organ ...","robots":{"index":"index","follow":"follow","max-snippet":"max-snippet:-1","max-image-preview":"max-image-preview:large","max-video-preview":"max-video-preview:-1"},"canonical":"https:\/\/www.africa-press.net\/congo-brazzaville\/politique\/sommet-des-trois-bassins-forestiers-des-engagements-pour-la-preservation-de-la-biodiversite","og_locale":"fr_FR","og_type":"article","og_title":"Sommet des trois bassins forestiers : des engagements pour la pr\u00e9servation de la biodiversit\u00e9","og_description":"La deuxie\u0300me e\u0301dition du sommet des trois bassins des e\u0301cosyste\u0300mes de biodiversite\u0301 et des fore\u0302ts tropicales, organ ...","og_url":"https:\/\/www.africa-press.net\/congo-brazzaville\/politique\/sommet-des-trois-bassins-forestiers-des-engagements-pour-la-preservation-de-la-biodiversite","og_site_name":"Congo Brazzaville","article_published_time":"2023-10-29T19:51:35+00:00","article_modified_time":"2023-10-29T20:22:38+00:00","og_image":[{"width":1080,"height":720,"url":"https:\/\/static.africa-press.net\/congo-brazzaville\/sites\/51\/2023\/10\/sm_1698598314.535698.jpg","type":"image\/jpeg"}],"author":"cfeditorfr","twitter_card":"summary_large_image","twitter_misc":{"\u00c9crit par":"cfeditorfr","Dur\u00e9e de lecture estim\u00e9e":"5 minutes"},"schema":{"@context":"https:\/\/schema.org","@graph":[{"@type":"Article","@id":"https:\/\/www.africa-press.net\/congo-brazzaville\/politique\/sommet-des-trois-bassins-forestiers-des-engagements-pour-la-preservation-de-la-biodiversite#article","isPartOf":{"@id":"https:\/\/www.africa-press.net\/congo-brazzaville\/politique\/sommet-des-trois-bassins-forestiers-des-engagements-pour-la-preservation-de-la-biodiversite"},"author":{"name":"cfeditorfr","@id":"https:\/\/www.africa-press.net\/congo-brazzaville\/#\/schema\/person\/2b1cf3cd81a31e3cd26889ca66d677f1"},"headline":"Sommet des trois bassins forestiers : des engagements pour la pr\u00e9servation de la biodiversit\u00e9","datePublished":"2023-10-29T19:51:35+00:00","dateModified":"2023-10-29T20:22:38+00:00","mainEntityOfPage":{"@id":"https:\/\/www.africa-press.net\/congo-brazzaville\/politique\/sommet-des-trois-bassins-forestiers-des-engagements-pour-la-preservation-de-la-biodiversite"},"wordCount":1024,"commentCount":0,"image":{"@id":"https:\/\/www.africa-press.net\/congo-brazzaville\/politique\/sommet-des-trois-bassins-forestiers-des-engagements-pour-la-preservation-de-la-biodiversite#primaryimage"},"thumbnailUrl":"https:\/\/static.africa-press.net\/congo-brazzaville\/sites\/51\/2023\/10\/sm_1698598314.535698.jpg","keywords":["Africa Press","Africa Press-Congo Brazzaville","Congo Brazzaville"],"articleSection":["Politique","Toutes les actualit\u00e9s"],"inLanguage":"fr-FR","potentialAction":[{"@type":"CommentAction","name":"Comment","target":["https:\/\/www.africa-press.net\/congo-brazzaville\/politique\/sommet-des-trois-bassins-forestiers-des-engagements-pour-la-preservation-de-la-biodiversite#respond"]}]},{"@type":"WebPage","@id":"https:\/\/www.africa-press.net\/congo-brazzaville\/politique\/sommet-des-trois-bassins-forestiers-des-engagements-pour-la-preservation-de-la-biodiversite","url":"https:\/\/www.africa-press.net\/congo-brazzaville\/politique\/sommet-des-trois-bassins-forestiers-des-engagements-pour-la-preservation-de-la-biodiversite","name":"Sommet des trois bassins forestiers : des engagements pour la pr\u00e9servation de la biodiversit\u00e9 - Congo Brazzaville","isPartOf":{"@id":"https:\/\/www.africa-press.net\/congo-brazzaville\/#website"},"primaryImageOfPage":{"@id":"https:\/\/www.africa-press.net\/congo-brazzaville\/politique\/sommet-des-trois-bassins-forestiers-des-engagements-pour-la-preservation-de-la-biodiversite#primaryimage"},"image":{"@id":"https:\/\/www.africa-press.net\/congo-brazzaville\/politique\/sommet-des-trois-bassins-forestiers-des-engagements-pour-la-preservation-de-la-biodiversite#primaryimage"},"thumbnailUrl":"https:\/\/static.africa-press.net\/congo-brazzaville\/sites\/51\/2023\/10\/sm_1698598314.535698.jpg","datePublished":"2023-10-29T19:51:35+00:00","dateModified":"2023-10-29T20:22:38+00:00","author":{"@id":"https:\/\/www.africa-press.net\/congo-brazzaville\/#\/schema\/person\/2b1cf3cd81a31e3cd26889ca66d677f1"},"description":"La deuxie\u0300me e\u0301dition du sommet des trois bassins des e\u0301cosyste\u0300mes de biodiversite\u0301 et des fore\u0302ts tropicales, organ ...","breadcrumb":{"@id":"https:\/\/www.africa-press.net\/congo-brazzaville\/politique\/sommet-des-trois-bassins-forestiers-des-engagements-pour-la-preservation-de-la-biodiversite#breadcrumb"},"inLanguage":"fr-FR","potentialAction":[{"@type":"ReadAction","target":["https:\/\/www.africa-press.net\/congo-brazzaville\/politique\/sommet-des-trois-bassins-forestiers-des-engagements-pour-la-preservation-de-la-biodiversite"]}]},{"@type":"ImageObject","inLanguage":"fr-FR","@id":"https:\/\/www.africa-press.net\/congo-brazzaville\/politique\/sommet-des-trois-bassins-forestiers-des-engagements-pour-la-preservation-de-la-biodiversite#primaryimage","url":"https:\/\/static.africa-press.net\/congo-brazzaville\/sites\/51\/2023\/10\/sm_1698598314.535698.jpg","contentUrl":"https:\/\/static.africa-press.net\/congo-brazzaville\/sites\/51\/2023\/10\/sm_1698598314.535698.jpg","width":1080,"height":720,"caption":"Sommet des trois bassins forestiers : des engagements pour la pr\u00e9servation de la biodiversit\u00e9"},{"@type":"BreadcrumbList","@id":"https:\/\/www.africa-press.net\/congo-brazzaville\/politique\/sommet-des-trois-bassins-forestiers-des-engagements-pour-la-preservation-de-la-biodiversite#breadcrumb","itemListElement":[{"@type":"ListItem","position":1,"name":"Accueil","item":"https:\/\/www.africa-press.net\/congo-brazzaville\/"},{"@type":"ListItem","position":2,"name":"Sommet des trois bassins forestiers : des engagements pour la pr\u00e9servation de la biodiversit\u00e9"}]},{"@type":"WebSite","@id":"https:\/\/www.africa-press.net\/congo-brazzaville\/#website","url":"https:\/\/www.africa-press.net\/congo-brazzaville\/","name":"Congo Brazzaville","description":"Just another Africa News Agency Sites site","potentialAction":[{"@type":"SearchAction","target":{"@type":"EntryPoint","urlTemplate":"https:\/\/www.africa-press.net\/congo-brazzaville\/?s={search_term_string}"},"query-input":{"@type":"PropertyValueSpecification","valueRequired":true,"valueName":"search_term_string"}}],"inLanguage":"fr-FR"},{"@type":"Person","@id":"https:\/\/www.africa-press.net\/congo-brazzaville\/#\/schema\/person\/2b1cf3cd81a31e3cd26889ca66d677f1","name":"cfeditorfr"}]}},"_links":{"self":[{"href":"https:\/\/www.africa-press.net\/congo-brazzaville\/wp-json\/wp\/v2\/posts\/23730","targetHints":{"allow":["GET"]}}],"collection":[{"href":"https:\/\/www.africa-press.net\/congo-brazzaville\/wp-json\/wp\/v2\/posts"}],"about":[{"href":"https:\/\/www.africa-press.net\/congo-brazzaville\/wp-json\/wp\/v2\/types\/post"}],"author":[{"embeddable":true,"href":"https:\/\/www.africa-press.net\/congo-brazzaville\/wp-json\/wp\/v2\/users\/82"}],"replies":[{"embeddable":true,"href":"https:\/\/www.africa-press.net\/congo-brazzaville\/wp-json\/wp\/v2\/comments?post=23730"}],"version-history":[{"count":0,"href":"https:\/\/www.africa-press.net\/congo-brazzaville\/wp-json\/wp\/v2\/posts\/23730\/revisions"}],"wp:featuredmedia":[{"embeddable":true,"href":"https:\/\/www.africa-press.net\/congo-brazzaville\/wp-json\/wp\/v2\/media\/23728"}],"wp:attachment":[{"href":"https:\/\/www.africa-press.net\/congo-brazzaville\/wp-json\/wp\/v2\/media?parent=23730"}],"wp:term":[{"taxonomy":"category","embeddable":true,"href":"https:\/\/www.africa-press.net\/congo-brazzaville\/wp-json\/wp\/v2\/categories?post=23730"},{"taxonomy":"post_tag","embeddable":true,"href":"https:\/\/www.africa-press.net\/congo-brazzaville\/wp-json\/wp\/v2\/tags?post=23730"}],"curies":[{"name":"wp","href":"https:\/\/api.w.org\/{rel}","templated":true}]}}