{"id":23733,"date":"2023-10-29T19:51:44","date_gmt":"2023-10-29T19:51:44","guid":{"rendered":"https:\/\/www.africa-press.net\/congo-brazzaville\/politique\/changement-climatique-denis-sassou-nguesso-alerte-sur-la-baisse-de-performances-agricoles"},"modified":"2023-10-29T20:22:55","modified_gmt":"2023-10-29T20:22:55","slug":"changement-climatique-denis-sassou-nguesso-alerte-sur-la-baisse-de-performances-agricoles","status":"publish","type":"post","link":"https:\/\/www.africa-press.net\/congo-brazzaville\/economie\/changement-climatique-denis-sassou-nguesso-alerte-sur-la-baisse-de-performances-agricoles","title":{"rendered":"Changement climatique :  Denis Sassou N\u2019Guesso alerte sur la baisse de performances agricoles"},"content":{"rendered":"<p><span style=\"color: #ff6600\"><strong>Africa-Press &#8211; Congo Brazzaville. <\/strong><\/span>Ouvrant les travaux du deuxie\u0300me sommet des trois bassins forestiers tropicaux du monde, le chef de l\u2019Etat congolais a alerte\u0301 le 28 octobre a\u0300 Brazzaville sur la baisse des performances de l\u2019agriculture en Afrique conse\u0301cutive aux changements climatiques.<\/p>\n<p>Le pre\u0301sident Denis Sassou N\u2019Guesso a signifie\u0301 que le de\u0301fi climatique figure parmi les menaces les plus inquie\u0301tantes de la plane\u0300te au regard de ses nombreuses conse\u0301quences dans le monde en ge\u0301ne\u0301ral et en particulier en Afrique ou\u0300 les pays accusent certaines faiblesses en matie\u0300re de de\u0301veloppement.<\/p>\n<p>\u00ab A l\u2019horizon 2050, la population de l\u2019Afrique devrait atteindre 2 milliards d\u2019habitants, majoritairement jeunes, ce qui ne\u0301cessitera une nourriture suffisante et de qualite\u0301 \u00bb, a-t-il de\u0301clare\u0301.<\/p>\n<p>Et de renche\u0301rir : \u00ab Seule une agriculture performante permettra a\u0300 notre continent de faire face a\u0300 ses besoins alimentaires. A l\u2019e\u0301vidence, le changement climatique est en mesure de compromettre les performances agricoles, du fait des perturbations de la pluviome\u0301trie \u00bb.<\/p>\n<p>Le changement climatique affecte e\u0301galement les fore\u0302ts, les cours d\u2019eau, les mers et les oce\u0301ans qui renferment des e\u0301cosyste\u0300mes dont la pre\u0301servation, la gestion et la conservation sont indispensables pour la survie de l\u2019humanite\u0301.<\/p>\n<p>Les bassins de l\u2019Amazonie, du Congo et de Borne\u0301o-Me\u0301kong abritent un milliard et demi d\u2019habitants, 80% des fore\u0302ts tropicales du monde, 80.000 espe\u0300ces de plantes, 3.000 espe\u0300ces d\u2019oiseaux, 4000 espe\u0300ces de poissons et 500 espe\u0300ces de mammife\u0300res.<\/p>\n<p>Les pays ayant en partage les ressources de ces trois bassins sont appele\u0301s a\u0300 e\u0301tablir une collaboration voire une coope\u0301ration en vue d\u2019une gestion concerte\u0301e et de la de\u0301fense de leurs inte\u0301re\u0302ts communs.<\/p>\n<p>Pre\u0301sident de la Commission Climat du Bassin du Congo, le chef de l\u2019Etat congolais a aussi e\u0301voque\u0301 les moyens mobilise\u0301s par les Etats des trois bassins forestiers tropicaux pour sauvegarder ce patrimoine mondial au moyen des politiques responsables en matie\u0300re d\u2019exploitation forestie\u0300re, de construction des infrastructures et d\u2019autres initiatives de de\u0301veloppement.<\/p>\n<p>Pour lui, \u00ab ces efforts collectifs appellent une attention particulie\u0300re et une solidarite\u0301 agissante de la part de la communaute\u0301 internationale, a\u0300 travers, notamment, des compensations financie\u0300res lie\u0301es a\u0300 la pre\u0301servation des e\u0301cosyste\u0300mes de biodiversite\u0301 et de fore\u0302ts tropicales \u00bb.<\/p>\n<p>Concernant le Bassin du Congo, le pre\u0301sident de la Re\u0301publique a rappele\u0301 la cre\u0301ation du Fonds bleu, qui est un instrument financier, et le lancement lors de la Cop 27 a\u0300 Marrakech au Maroc de la de\u0301cennie d\u2019afforestation et de reboisement.<\/p>\n<p>Par ailleurs, il a lance\u0301 un appel a\u0300 la paix, estimant que \u00ab le plaidoyer pour la fore\u0302t ne peut se de\u0301partir du plaidoyer pour la Paix. On ne peut e\u0302tre l\u2019ami de la fore\u0302t sans e\u0302tre un ami de la paix \u00bb.<\/p>\n<p><strong>Pour plus d&rsquo;informations et d&rsquo;analyses sur la <a href=\"https:\/\/www.africa-press.net\/congo-brazzaville\">Congo Brazzaville<\/a>, suivez <a href=\"https:\/\/www.africa-press.net\/\">Africa-Press<\/a><\/strong><\/p>\n","protected":false},"excerpt":{"rendered":"<p>Africa-Press &#8211; Congo Brazzaville. Ouvrant les travaux du deuxie\u0300me sommet des trois bassins forestiers tropicaux du monde, le chef de l\u2019Etat congolais a alerte\u0301 le 28 octobre a\u0300 Brazzaville sur la baisse des performances de l\u2019agriculture en Afrique conse\u0301cutive aux changements climatiques. Le pre\u0301sident Denis Sassou N\u2019Guesso a signifie\u0301 que le de\u0301fi climatique figure parmi [&hellip;]<\/p>\n","protected":false},"author":82,"featured_media":23731,"comment_status":"open","ping_status":"closed","sticky":false,"template":"","format":"standard","meta":{"footnotes":""},"categories":[3,10],"tags":[36,47,46],"class_list":["post-23733","post","type-post","status-publish","format-standard","has-post-thumbnail","hentry","category-economie","category-toutes-les-actualites","tag-africa-press","tag-africa-press-congo-brazzaville","tag-congo-brazzaville"],"yoast_head":"<!-- This site is optimized with the Yoast SEO Premium plugin v26.1 (Yoast SEO v27.0) - https:\/\/yoast.com\/product\/yoast-seo-premium-wordpress\/ -->\n<title>Changement climatique : Denis Sassou N\u2019Guesso alerte sur la baisse de performances agricoles - Congo Brazzaville<\/title>\n<meta name=\"description\" content=\"Ouvrant les travaux du deuxie\u0300me sommet des trois bassins forestiers tropicaux du monde, le chef de l\u2019Etat congolais a a ...\" \/>\n<meta name=\"robots\" content=\"index, follow, max-snippet:-1, max-image-preview:large, max-video-preview:-1\" \/>\n<link rel=\"canonical\" href=\"https:\/\/www.africa-press.net\/congo-brazzaville\/economie\/changement-climatique-denis-sassou-nguesso-alerte-sur-la-baisse-de-performances-agricoles\" \/>\n<meta property=\"og:locale\" content=\"fr_FR\" \/>\n<meta property=\"og:type\" content=\"article\" \/>\n<meta property=\"og:title\" content=\"Changement climatique : Denis Sassou N\u2019Guesso alerte sur la baisse de performances agricoles\" \/>\n<meta property=\"og:description\" content=\"Ouvrant les travaux du deuxie\u0300me sommet des trois bassins forestiers tropicaux du monde, le chef de l\u2019Etat congolais a a ...\" \/>\n<meta property=\"og:url\" content=\"https:\/\/www.africa-press.net\/congo-brazzaville\/economie\/changement-climatique-denis-sassou-nguesso-alerte-sur-la-baisse-de-performances-agricoles\" \/>\n<meta property=\"og:site_name\" content=\"Congo Brazzaville\" \/>\n<meta property=\"article:published_time\" content=\"2023-10-29T19:51:44+00:00\" \/>\n<meta property=\"article:modified_time\" content=\"2023-10-29T20:22:55+00:00\" \/>\n<meta property=\"og:image\" content=\"https:\/\/static.africa-press.net\/congo-brazzaville\/sites\/51\/2023\/10\/sm_1698598349.327893.jpg\" \/>\n\t<meta property=\"og:image:width\" content=\"1080\" \/>\n\t<meta property=\"og:image:height\" content=\"720\" \/>\n\t<meta property=\"og:image:type\" content=\"image\/jpeg\" \/>\n<meta name=\"author\" content=\"cfeditorfr\" \/>\n<meta name=\"twitter:card\" content=\"summary_large_image\" \/>\n<meta name=\"twitter:label1\" content=\"\u00c9crit par\" \/>\n\t<meta name=\"twitter:data1\" content=\"cfeditorfr\" \/>\n\t<meta name=\"twitter:label2\" content=\"Dur\u00e9e de lecture estim\u00e9e\" \/>\n\t<meta name=\"twitter:data2\" content=\"3 minutes\" \/>\n<script type=\"application\/ld+json\" class=\"yoast-schema-graph\">{\"@context\":\"https:\/\/schema.org\",\"@graph\":[{\"@type\":\"Article\",\"@id\":\"https:\/\/www.africa-press.net\/congo-brazzaville\/economie\/changement-climatique-denis-sassou-nguesso-alerte-sur-la-baisse-de-performances-agricoles#article\",\"isPartOf\":{\"@id\":\"https:\/\/www.africa-press.net\/congo-brazzaville\/economie\/changement-climatique-denis-sassou-nguesso-alerte-sur-la-baisse-de-performances-agricoles\"},\"author\":{\"name\":\"cfeditorfr\",\"@id\":\"https:\/\/www.africa-press.net\/congo-brazzaville\/#\/schema\/person\/2b1cf3cd81a31e3cd26889ca66d677f1\"},\"headline\":\"Changement climatique : Denis Sassou N\u2019Guesso alerte sur la baisse de performances agricoles\",\"datePublished\":\"2023-10-29T19:51:44+00:00\",\"dateModified\":\"2023-10-29T20:22:55+00:00\",\"mainEntityOfPage\":{\"@id\":\"https:\/\/www.africa-press.net\/congo-brazzaville\/economie\/changement-climatique-denis-sassou-nguesso-alerte-sur-la-baisse-de-performances-agricoles\"},\"wordCount\":521,\"commentCount\":0,\"image\":{\"@id\":\"https:\/\/www.africa-press.net\/congo-brazzaville\/economie\/changement-climatique-denis-sassou-nguesso-alerte-sur-la-baisse-de-performances-agricoles#primaryimage\"},\"thumbnailUrl\":\"https:\/\/static.africa-press.net\/congo-brazzaville\/sites\/51\/2023\/10\/sm_1698598349.327893.jpg\",\"keywords\":[\"Africa Press\",\"Africa Press-Congo Brazzaville\",\"Congo Brazzaville\"],\"articleSection\":[\"\u00c9conomie\",\"Toutes les actualit\u00e9s\"],\"inLanguage\":\"fr-FR\",\"potentialAction\":[{\"@type\":\"CommentAction\",\"name\":\"Comment\",\"target\":[\"https:\/\/www.africa-press.net\/congo-brazzaville\/economie\/changement-climatique-denis-sassou-nguesso-alerte-sur-la-baisse-de-performances-agricoles#respond\"]}]},{\"@type\":\"WebPage\",\"@id\":\"https:\/\/www.africa-press.net\/congo-brazzaville\/economie\/changement-climatique-denis-sassou-nguesso-alerte-sur-la-baisse-de-performances-agricoles\",\"url\":\"https:\/\/www.africa-press.net\/congo-brazzaville\/economie\/changement-climatique-denis-sassou-nguesso-alerte-sur-la-baisse-de-performances-agricoles\",\"name\":\"Changement climatique : Denis Sassou N\u2019Guesso alerte sur la baisse de performances agricoles - Congo Brazzaville\",\"isPartOf\":{\"@id\":\"https:\/\/www.africa-press.net\/congo-brazzaville\/#website\"},\"primaryImageOfPage\":{\"@id\":\"https:\/\/www.africa-press.net\/congo-brazzaville\/economie\/changement-climatique-denis-sassou-nguesso-alerte-sur-la-baisse-de-performances-agricoles#primaryimage\"},\"image\":{\"@id\":\"https:\/\/www.africa-press.net\/congo-brazzaville\/economie\/changement-climatique-denis-sassou-nguesso-alerte-sur-la-baisse-de-performances-agricoles#primaryimage\"},\"thumbnailUrl\":\"https:\/\/static.africa-press.net\/congo-brazzaville\/sites\/51\/2023\/10\/sm_1698598349.327893.jpg\",\"datePublished\":\"2023-10-29T19:51:44+00:00\",\"dateModified\":\"2023-10-29T20:22:55+00:00\",\"author\":{\"@id\":\"https:\/\/www.africa-press.net\/congo-brazzaville\/#\/schema\/person\/2b1cf3cd81a31e3cd26889ca66d677f1\"},\"description\":\"Ouvrant les travaux du deuxie\u0300me sommet des trois bassins forestiers tropicaux du monde, le chef de l\u2019Etat congolais a a ...\",\"breadcrumb\":{\"@id\":\"https:\/\/www.africa-press.net\/congo-brazzaville\/economie\/changement-climatique-denis-sassou-nguesso-alerte-sur-la-baisse-de-performances-agricoles#breadcrumb\"},\"inLanguage\":\"fr-FR\",\"potentialAction\":[{\"@type\":\"ReadAction\",\"target\":[\"https:\/\/www.africa-press.net\/congo-brazzaville\/economie\/changement-climatique-denis-sassou-nguesso-alerte-sur-la-baisse-de-performances-agricoles\"]}]},{\"@type\":\"ImageObject\",\"inLanguage\":\"fr-FR\",\"@id\":\"https:\/\/www.africa-press.net\/congo-brazzaville\/economie\/changement-climatique-denis-sassou-nguesso-alerte-sur-la-baisse-de-performances-agricoles#primaryimage\",\"url\":\"https:\/\/static.africa-press.net\/congo-brazzaville\/sites\/51\/2023\/10\/sm_1698598349.327893.jpg\",\"contentUrl\":\"https:\/\/static.africa-press.net\/congo-brazzaville\/sites\/51\/2023\/10\/sm_1698598349.327893.jpg\",\"width\":1080,\"height\":720,\"caption\":\"Changement climatique : Denis Sassou N\u2019Guesso alerte sur la baisse de performances agricoles\"},{\"@type\":\"BreadcrumbList\",\"@id\":\"https:\/\/www.africa-press.net\/congo-brazzaville\/economie\/changement-climatique-denis-sassou-nguesso-alerte-sur-la-baisse-de-performances-agricoles#breadcrumb\",\"itemListElement\":[{\"@type\":\"ListItem\",\"position\":1,\"name\":\"Accueil\",\"item\":\"https:\/\/www.africa-press.net\/congo-brazzaville\/\"},{\"@type\":\"ListItem\",\"position\":2,\"name\":\"Changement climatique : Denis Sassou N\u2019Guesso alerte sur la baisse de performances agricoles\"}]},{\"@type\":\"WebSite\",\"@id\":\"https:\/\/www.africa-press.net\/congo-brazzaville\/#website\",\"url\":\"https:\/\/www.africa-press.net\/congo-brazzaville\/\",\"name\":\"Congo Brazzaville\",\"description\":\"Just another Africa News Agency Sites site\",\"potentialAction\":[{\"@type\":\"SearchAction\",\"target\":{\"@type\":\"EntryPoint\",\"urlTemplate\":\"https:\/\/www.africa-press.net\/congo-brazzaville\/?s={search_term_string}\"},\"query-input\":{\"@type\":\"PropertyValueSpecification\",\"valueRequired\":true,\"valueName\":\"search_term_string\"}}],\"inLanguage\":\"fr-FR\"},{\"@type\":\"Person\",\"@id\":\"https:\/\/www.africa-press.net\/congo-brazzaville\/#\/schema\/person\/2b1cf3cd81a31e3cd26889ca66d677f1\",\"name\":\"cfeditorfr\"}]}<\/script>\n<!-- \/ Yoast SEO Premium plugin. -->","yoast_head_json":{"title":"Changement climatique : Denis Sassou N\u2019Guesso alerte sur la baisse de performances agricoles - Congo Brazzaville","description":"Ouvrant les travaux du deuxie\u0300me sommet des trois bassins forestiers tropicaux du monde, le chef de l\u2019Etat congolais a a ...","robots":{"index":"index","follow":"follow","max-snippet":"max-snippet:-1","max-image-preview":"max-image-preview:large","max-video-preview":"max-video-preview:-1"},"canonical":"https:\/\/www.africa-press.net\/congo-brazzaville\/economie\/changement-climatique-denis-sassou-nguesso-alerte-sur-la-baisse-de-performances-agricoles","og_locale":"fr_FR","og_type":"article","og_title":"Changement climatique : Denis Sassou N\u2019Guesso alerte sur la baisse de performances agricoles","og_description":"Ouvrant les travaux du deuxie\u0300me sommet des trois bassins forestiers tropicaux du monde, le chef de l\u2019Etat congolais a a ...","og_url":"https:\/\/www.africa-press.net\/congo-brazzaville\/economie\/changement-climatique-denis-sassou-nguesso-alerte-sur-la-baisse-de-performances-agricoles","og_site_name":"Congo Brazzaville","article_published_time":"2023-10-29T19:51:44+00:00","article_modified_time":"2023-10-29T20:22:55+00:00","og_image":[{"width":1080,"height":720,"url":"https:\/\/static.africa-press.net\/congo-brazzaville\/sites\/51\/2023\/10\/sm_1698598349.327893.jpg","type":"image\/jpeg"}],"author":"cfeditorfr","twitter_card":"summary_large_image","twitter_misc":{"\u00c9crit par":"cfeditorfr","Dur\u00e9e de lecture estim\u00e9e":"3 minutes"},"schema":{"@context":"https:\/\/schema.org","@graph":[{"@type":"Article","@id":"https:\/\/www.africa-press.net\/congo-brazzaville\/economie\/changement-climatique-denis-sassou-nguesso-alerte-sur-la-baisse-de-performances-agricoles#article","isPartOf":{"@id":"https:\/\/www.africa-press.net\/congo-brazzaville\/economie\/changement-climatique-denis-sassou-nguesso-alerte-sur-la-baisse-de-performances-agricoles"},"author":{"name":"cfeditorfr","@id":"https:\/\/www.africa-press.net\/congo-brazzaville\/#\/schema\/person\/2b1cf3cd81a31e3cd26889ca66d677f1"},"headline":"Changement climatique : Denis Sassou N\u2019Guesso alerte sur la baisse de performances agricoles","datePublished":"2023-10-29T19:51:44+00:00","dateModified":"2023-10-29T20:22:55+00:00","mainEntityOfPage":{"@id":"https:\/\/www.africa-press.net\/congo-brazzaville\/economie\/changement-climatique-denis-sassou-nguesso-alerte-sur-la-baisse-de-performances-agricoles"},"wordCount":521,"commentCount":0,"image":{"@id":"https:\/\/www.africa-press.net\/congo-brazzaville\/economie\/changement-climatique-denis-sassou-nguesso-alerte-sur-la-baisse-de-performances-agricoles#primaryimage"},"thumbnailUrl":"https:\/\/static.africa-press.net\/congo-brazzaville\/sites\/51\/2023\/10\/sm_1698598349.327893.jpg","keywords":["Africa Press","Africa Press-Congo Brazzaville","Congo Brazzaville"],"articleSection":["\u00c9conomie","Toutes les actualit\u00e9s"],"inLanguage":"fr-FR","potentialAction":[{"@type":"CommentAction","name":"Comment","target":["https:\/\/www.africa-press.net\/congo-brazzaville\/economie\/changement-climatique-denis-sassou-nguesso-alerte-sur-la-baisse-de-performances-agricoles#respond"]}]},{"@type":"WebPage","@id":"https:\/\/www.africa-press.net\/congo-brazzaville\/economie\/changement-climatique-denis-sassou-nguesso-alerte-sur-la-baisse-de-performances-agricoles","url":"https:\/\/www.africa-press.net\/congo-brazzaville\/economie\/changement-climatique-denis-sassou-nguesso-alerte-sur-la-baisse-de-performances-agricoles","name":"Changement climatique : Denis Sassou N\u2019Guesso alerte sur la baisse de performances agricoles - Congo Brazzaville","isPartOf":{"@id":"https:\/\/www.africa-press.net\/congo-brazzaville\/#website"},"primaryImageOfPage":{"@id":"https:\/\/www.africa-press.net\/congo-brazzaville\/economie\/changement-climatique-denis-sassou-nguesso-alerte-sur-la-baisse-de-performances-agricoles#primaryimage"},"image":{"@id":"https:\/\/www.africa-press.net\/congo-brazzaville\/economie\/changement-climatique-denis-sassou-nguesso-alerte-sur-la-baisse-de-performances-agricoles#primaryimage"},"thumbnailUrl":"https:\/\/static.africa-press.net\/congo-brazzaville\/sites\/51\/2023\/10\/sm_1698598349.327893.jpg","datePublished":"2023-10-29T19:51:44+00:00","dateModified":"2023-10-29T20:22:55+00:00","author":{"@id":"https:\/\/www.africa-press.net\/congo-brazzaville\/#\/schema\/person\/2b1cf3cd81a31e3cd26889ca66d677f1"},"description":"Ouvrant les travaux du deuxie\u0300me sommet des trois bassins forestiers tropicaux du monde, le chef de l\u2019Etat congolais a a ...","breadcrumb":{"@id":"https:\/\/www.africa-press.net\/congo-brazzaville\/economie\/changement-climatique-denis-sassou-nguesso-alerte-sur-la-baisse-de-performances-agricoles#breadcrumb"},"inLanguage":"fr-FR","potentialAction":[{"@type":"ReadAction","target":["https:\/\/www.africa-press.net\/congo-brazzaville\/economie\/changement-climatique-denis-sassou-nguesso-alerte-sur-la-baisse-de-performances-agricoles"]}]},{"@type":"ImageObject","inLanguage":"fr-FR","@id":"https:\/\/www.africa-press.net\/congo-brazzaville\/economie\/changement-climatique-denis-sassou-nguesso-alerte-sur-la-baisse-de-performances-agricoles#primaryimage","url":"https:\/\/static.africa-press.net\/congo-brazzaville\/sites\/51\/2023\/10\/sm_1698598349.327893.jpg","contentUrl":"https:\/\/static.africa-press.net\/congo-brazzaville\/sites\/51\/2023\/10\/sm_1698598349.327893.jpg","width":1080,"height":720,"caption":"Changement climatique : Denis Sassou N\u2019Guesso alerte sur la baisse de performances agricoles"},{"@type":"BreadcrumbList","@id":"https:\/\/www.africa-press.net\/congo-brazzaville\/economie\/changement-climatique-denis-sassou-nguesso-alerte-sur-la-baisse-de-performances-agricoles#breadcrumb","itemListElement":[{"@type":"ListItem","position":1,"name":"Accueil","item":"https:\/\/www.africa-press.net\/congo-brazzaville\/"},{"@type":"ListItem","position":2,"name":"Changement climatique : Denis Sassou N\u2019Guesso alerte sur la baisse de performances agricoles"}]},{"@type":"WebSite","@id":"https:\/\/www.africa-press.net\/congo-brazzaville\/#website","url":"https:\/\/www.africa-press.net\/congo-brazzaville\/","name":"Congo Brazzaville","description":"Just another Africa News Agency Sites site","potentialAction":[{"@type":"SearchAction","target":{"@type":"EntryPoint","urlTemplate":"https:\/\/www.africa-press.net\/congo-brazzaville\/?s={search_term_string}"},"query-input":{"@type":"PropertyValueSpecification","valueRequired":true,"valueName":"search_term_string"}}],"inLanguage":"fr-FR"},{"@type":"Person","@id":"https:\/\/www.africa-press.net\/congo-brazzaville\/#\/schema\/person\/2b1cf3cd81a31e3cd26889ca66d677f1","name":"cfeditorfr"}]}},"_links":{"self":[{"href":"https:\/\/www.africa-press.net\/congo-brazzaville\/wp-json\/wp\/v2\/posts\/23733","targetHints":{"allow":["GET"]}}],"collection":[{"href":"https:\/\/www.africa-press.net\/congo-brazzaville\/wp-json\/wp\/v2\/posts"}],"about":[{"href":"https:\/\/www.africa-press.net\/congo-brazzaville\/wp-json\/wp\/v2\/types\/post"}],"author":[{"embeddable":true,"href":"https:\/\/www.africa-press.net\/congo-brazzaville\/wp-json\/wp\/v2\/users\/82"}],"replies":[{"embeddable":true,"href":"https:\/\/www.africa-press.net\/congo-brazzaville\/wp-json\/wp\/v2\/comments?post=23733"}],"version-history":[{"count":0,"href":"https:\/\/www.africa-press.net\/congo-brazzaville\/wp-json\/wp\/v2\/posts\/23733\/revisions"}],"wp:featuredmedia":[{"embeddable":true,"href":"https:\/\/www.africa-press.net\/congo-brazzaville\/wp-json\/wp\/v2\/media\/23731"}],"wp:attachment":[{"href":"https:\/\/www.africa-press.net\/congo-brazzaville\/wp-json\/wp\/v2\/media?parent=23733"}],"wp:term":[{"taxonomy":"category","embeddable":true,"href":"https:\/\/www.africa-press.net\/congo-brazzaville\/wp-json\/wp\/v2\/categories?post=23733"},{"taxonomy":"post_tag","embeddable":true,"href":"https:\/\/www.africa-press.net\/congo-brazzaville\/wp-json\/wp\/v2\/tags?post=23733"}],"curies":[{"name":"wp","href":"https:\/\/api.w.org\/{rel}","templated":true}]}}