{"id":23745,"date":"2023-10-30T20:45:52","date_gmt":"2023-10-30T20:45:52","guid":{"rendered":"https:\/\/www.africa-press.net\/congo-brazzaville\/politique\/assainissement-loperation-ensemble-gardons-nos-villes-propres-a-demarre-a-brazzaville"},"modified":"2023-10-30T21:38:58","modified_gmt":"2023-10-30T21:38:58","slug":"assainissement-loperation-ensemble-gardons-nos-villes-propres-a-demarre-a-brazzaville","status":"publish","type":"post","link":"https:\/\/www.africa-press.net\/congo-brazzaville\/toutes-les-actualites\/assainissement-loperation-ensemble-gardons-nos-villes-propres-a-demarre-a-brazzaville","title":{"rendered":"Assainissement : l\u2019op\u00e9ration \u00ab Ensemble, gardons nos villes propres \u00bb a d\u00e9marr\u00e9 \u00e0 Brazzaville"},"content":{"rendered":"<p><span style=\"color: #ff6600\"><strong>Africa-Press &#8211; Congo Brazzaville. <\/strong><\/span><b>Lance\u0301e le 29 octobre a\u0300 Brazzaville par le ministre de\u0301le\u0301gue\u0301 charge\u0301 de la De\u0301centralisation et du De\u0301veloppement local, Juste De\u0301sire\u0301 Mondele\u0301, l\u2019ope\u0301ration \u00ab Ensemble, gardons nos villes propres \u00bb vise, entre autres, a\u0300 pre\u0301server l\u2019environnement et a\u0300 assainir les villes du pays.<\/b><\/p>\n<p>L\u2019image de Brazzaville et de Kintele\u0301 s\u2019est conside\u0301rablement me\u0301tamorphose\u0301e dans le cadre de l\u2019organisation du deuxie\u0300me sommet des trois bassins des e\u0301cosyste\u0300mes de biodiversite\u0301 et des fore\u0302ts tropicales. Le ministre de\u0301le\u0301gue\u0301 a ainsi fe\u0301licite\u0301 les responsables des collectivite\u0301s locales pour avoir tenu ce pari en rendant les deux villes propres. \u00ab Dans ce contexte post sommet, nous invitons la population de Brazzaville et de Kintele\u0301 a\u0300 pre\u0301server cet e\u0301lan d\u2019assainissement et pe\u0301renniser toutes les actions de salubrite\u0301 amorce\u0301es a\u0300 l\u2019ore\u0301e de cet e\u0301ve\u0300nement \u00bb, a exhorte\u0301 Juste De\u0301sire\u0301 Mondele\u0301, saluant le ro\u0302le accru des collectivite\u0301s locales dans la pre\u0301servation et la valorisation des e\u0301cosyste\u0300mes de biodiversite\u0301 et des fore\u0302ts tropicales.<\/p>\n<p>S\u2019agissant de la nouvelle ope\u0301ration d\u2019assainissement \u00ab Ensemble, gardons nos villes propres \u00bb, il a souligne\u0301 la ne\u0301cessite\u0301 de s\u2019impliquer pleinement dans les actions a\u0300 mener. \u00ab Brazzaville n\u2019est que l\u2019e\u0301picentre, il s\u2019agit de toutes les villes du Congo \u00bb, a-t-il pre\u0301cise\u0301.<\/p>\n<p>En effet, l\u2019ope\u0301ration a e\u0301te\u0301 lance\u0301e en pre\u0301sence de la pre\u0301sidente du Conseil municipal de Pointe-Noire, du pre\u0301sident du Conseil de\u0301partemental de la Sangha, ainsi que des maires de Pokola et de Ouesso et bien d\u2019autres personnalite\u0301s des collectivite\u0301s locales ayant assiste\u0301 au sommet des trois bassins forestiers mondiaux. \u00ab J\u2019enjoins a\u0300 la force publique de nous accompagner a\u0300 respecter ce qui a de\u0301ja\u0300 e\u0301te\u0301 fait. Sur les arte\u0300res principales de Brazzaville, il n\u2019y a plus d\u2019encombrement, plus de marche\u0301s de fortune. Il y a des marche\u0301s domaniaux dans notre pays et nous allons faire en sorte que le commerce ne se passe que dans ces marche\u0301s \u00bb, a-t-il insiste\u0301.<\/p>\n<p><b>Lutter contre l\u2019utilisation des sachets en plastique<\/b><\/p>\n<p>Pour lui, les e\u0301lus locaux qui ont la responsabilite\u0301 de la gestion de la cite\u0301 doivent cre\u0301er une synergie en mettant en place des actions concerte\u0301es (force publique, collectivite\u0301s locales, chefs de quartiers, socie\u0301te\u0301 civile). La proprete\u0301 est, a-t-il dit, l\u2019affaire de tous. D\u2019apre\u0300s Juste De\u0301sire\u0301 Mondele\u0301, les mairies doivent cre\u0301er les conditions afin que les vendeurs inte\u0300grent les marche\u0301s en leur attribuant des tables. La force publique va, quant a\u0300 elle, appuyer l\u2019action des municipalite\u0301s pour que les tables, les kiosques abandonne\u0301s sur les trottoirs puissent disparai\u0302tre, les e\u0301paves de voitures y comprises. Pour dissiper les malentendus, le gouvernement a demande\u0301 aux e\u0301lus d\u2019informer et d\u2019expliquer a\u0300 leurs mandants le bien-fonde\u0301 de cette action.<\/p>\n<p>Le ministre de\u0301le\u0301gue\u0301 charge\u0301 de la De\u0301centralisation et du De\u0301veloppement local est, par ailleurs, revenu sur la loi interdisant l\u2019utilisation des sachets en plastique en Re\u0301publique du Congo. \u00ab Nous n\u2019allons plus tole\u0301rer l\u2019utilisation des sachets en plastique ; le dispositif du 1er samedi du mois doit e\u0302tre respecte\u0301, les collectivite\u0301s locales sont appele\u0301es a\u0300 y veiller. Nous allons organiser a\u0300 la fin de chaque anne\u0301e ou trimestre une e\u0301mulation pour e\u0301valuer la ville la plus propre du Congo \u00bb, a-t-il conclu.<\/p>\n<p>Le lancement de cette ope\u0301ration a e\u0301te\u0301 marque\u0301 par une descente sur le terrain du ministre et quelques autorite\u0301s municipales pour se faire une ide\u0301e de ce que sont devenues Brazzaville et Kintele\u0301. Du 6e arrondissement Talangai\u0308 a\u0300 Kintele\u0301, en passant par Djiri et Bacongo, Juste De\u0301sire\u0301 Mondele\u0301 a sensibilise\u0301 la population aux bienfaits de cette ope\u0301ration.<\/p>\n<p><img loading=\"lazy\" decoding=\"async\" width=\"1024\" height=\"768\" class=\"alignnone wp-image-23743 size-full\" src=\"https:\/\/static.africa-press.net\/congo-brazzaville\/sites\/51\/2023\/10\/sm_1698689120.437762.jpg\" srcset=\"https:\/\/static.africa-press.net\/congo-brazzaville\/sites\/51\/2023\/10\/sm_1698689120.437762.jpg 1024w, https:\/\/static.africa-press.net\/congo-brazzaville\/sites\/51\/2023\/10\/sm_1698689120.437762-300x225.jpg 300w, https:\/\/static.africa-press.net\/congo-brazzaville\/sites\/51\/2023\/10\/sm_1698689120.437762-768x576.jpg 768w, https:\/\/static.africa-press.net\/congo-brazzaville\/sites\/51\/2023\/10\/sm_1698689120.437762-80x60.jpg 80w\" sizes=\"auto, (max-width: 1024px) 100vw, 1024px\" \/><\/p>\n<p><strong>Pour plus d&rsquo;informations et d&rsquo;analyses sur la <a href=\"https:\/\/www.africa-press.net\/congo-brazzaville\">Congo Brazzaville<\/a>, suivez <a href=\"https:\/\/www.africa-press.net\/\">Africa-Press<\/a><\/strong><\/p>\n","protected":false},"excerpt":{"rendered":"<p>Africa-Press &#8211; Congo Brazzaville. Lance\u0301e le 29 octobre a\u0300 Brazzaville par le ministre de\u0301le\u0301gue\u0301 charge\u0301 de la De\u0301centralisation et du De\u0301veloppement local, Juste De\u0301sire\u0301 Mondele\u0301, l\u2019ope\u0301ration \u00ab Ensemble, gardons nos villes propres \u00bb vise, entre autres, a\u0300 pre\u0301server l\u2019environnement et a\u0300 assainir les villes du pays. L\u2019image de Brazzaville et de Kintele\u0301 s\u2019est conside\u0301rablement me\u0301tamorphose\u0301e [&hellip;]<\/p>\n","protected":false},"author":82,"featured_media":23744,"comment_status":"open","ping_status":"closed","sticky":false,"template":"","format":"standard","meta":{"footnotes":""},"categories":[21,10],"tags":[36,47,46],"class_list":["post-23745","post","type-post","status-publish","format-standard","has-post-thumbnail","hentry","category-communaute","category-toutes-les-actualites","tag-africa-press","tag-africa-press-congo-brazzaville","tag-congo-brazzaville"],"yoast_head":"<!-- This site is optimized with the Yoast SEO Premium plugin v26.1 (Yoast SEO v27.0) - https:\/\/yoast.com\/product\/yoast-seo-premium-wordpress\/ -->\n<title>Assainissement : l\u2019op\u00e9ration \u00ab Ensemble, gardons nos villes propres \u00bb a d\u00e9marr\u00e9 \u00e0 Brazzaville - Congo Brazzaville<\/title>\n<meta name=\"description\" content=\"Lance\u0301e le 29 octobre a\u0300 Brazzaville par le ministre de\u0301le\u0301gue\u0301 charge\u0301 de la De\u0301centralisation et du De\u0301veloppement ...\" \/>\n<meta name=\"robots\" content=\"index, follow, max-snippet:-1, max-image-preview:large, max-video-preview:-1\" \/>\n<link rel=\"canonical\" href=\"https:\/\/www.africa-press.net\/congo-brazzaville\/toutes-les-actualites\/assainissement-loperation-ensemble-gardons-nos-villes-propres-a-demarre-a-brazzaville\" \/>\n<meta property=\"og:locale\" content=\"fr_FR\" \/>\n<meta property=\"og:type\" content=\"article\" \/>\n<meta property=\"og:title\" content=\"Assainissement : l\u2019op\u00e9ration \u00ab Ensemble, gardons nos villes propres \u00bb a d\u00e9marr\u00e9 \u00e0 Brazzaville\" \/>\n<meta property=\"og:description\" content=\"Lance\u0301e le 29 octobre a\u0300 Brazzaville par le ministre de\u0301le\u0301gue\u0301 charge\u0301 de la De\u0301centralisation et du De\u0301veloppement ...\" \/>\n<meta property=\"og:url\" content=\"https:\/\/www.africa-press.net\/congo-brazzaville\/toutes-les-actualites\/assainissement-loperation-ensemble-gardons-nos-villes-propres-a-demarre-a-brazzaville\" \/>\n<meta property=\"og:site_name\" content=\"Congo Brazzaville\" \/>\n<meta property=\"article:published_time\" content=\"2023-10-30T20:45:52+00:00\" \/>\n<meta property=\"article:modified_time\" content=\"2023-10-30T21:38:58+00:00\" \/>\n<meta property=\"og:image\" content=\"https:\/\/static.africa-press.net\/congo-brazzaville\/sites\/51\/2023\/10\/sm_1698689139.365755.jpg\" \/>\n\t<meta property=\"og:image:width\" content=\"1024\" \/>\n\t<meta property=\"og:image:height\" content=\"768\" \/>\n\t<meta property=\"og:image:type\" content=\"image\/jpeg\" \/>\n<meta name=\"author\" content=\"cfeditorfr\" \/>\n<meta name=\"twitter:card\" content=\"summary_large_image\" \/>\n<meta name=\"twitter:label1\" content=\"\u00c9crit par\" \/>\n\t<meta name=\"twitter:data1\" content=\"cfeditorfr\" \/>\n\t<meta name=\"twitter:label2\" content=\"Dur\u00e9e de lecture estim\u00e9e\" \/>\n\t<meta name=\"twitter:data2\" content=\"3 minutes\" \/>\n<script type=\"application\/ld+json\" class=\"yoast-schema-graph\">{\"@context\":\"https:\/\/schema.org\",\"@graph\":[{\"@type\":\"Article\",\"@id\":\"https:\/\/www.africa-press.net\/congo-brazzaville\/toutes-les-actualites\/assainissement-loperation-ensemble-gardons-nos-villes-propres-a-demarre-a-brazzaville#article\",\"isPartOf\":{\"@id\":\"https:\/\/www.africa-press.net\/congo-brazzaville\/toutes-les-actualites\/assainissement-loperation-ensemble-gardons-nos-villes-propres-a-demarre-a-brazzaville\"},\"author\":{\"name\":\"cfeditorfr\",\"@id\":\"https:\/\/www.africa-press.net\/congo-brazzaville\/#\/schema\/person\/2b1cf3cd81a31e3cd26889ca66d677f1\"},\"headline\":\"Assainissement : l\u2019op\u00e9ration \u00ab Ensemble, gardons nos villes propres \u00bb a d\u00e9marr\u00e9 \u00e0 Brazzaville\",\"datePublished\":\"2023-10-30T20:45:52+00:00\",\"dateModified\":\"2023-10-30T21:38:58+00:00\",\"mainEntityOfPage\":{\"@id\":\"https:\/\/www.africa-press.net\/congo-brazzaville\/toutes-les-actualites\/assainissement-loperation-ensemble-gardons-nos-villes-propres-a-demarre-a-brazzaville\"},\"wordCount\":693,\"commentCount\":0,\"image\":{\"@id\":\"https:\/\/www.africa-press.net\/congo-brazzaville\/toutes-les-actualites\/assainissement-loperation-ensemble-gardons-nos-villes-propres-a-demarre-a-brazzaville#primaryimage\"},\"thumbnailUrl\":\"https:\/\/static.africa-press.net\/congo-brazzaville\/sites\/51\/2023\/10\/sm_1698689139.365755.jpg\",\"keywords\":[\"Africa Press\",\"Africa Press-Congo Brazzaville\",\"Congo Brazzaville\"],\"articleSection\":[\"Communaut\u00e9\",\"Toutes les actualit\u00e9s\"],\"inLanguage\":\"fr-FR\",\"potentialAction\":[{\"@type\":\"CommentAction\",\"name\":\"Comment\",\"target\":[\"https:\/\/www.africa-press.net\/congo-brazzaville\/toutes-les-actualites\/assainissement-loperation-ensemble-gardons-nos-villes-propres-a-demarre-a-brazzaville#respond\"]}]},{\"@type\":\"WebPage\",\"@id\":\"https:\/\/www.africa-press.net\/congo-brazzaville\/toutes-les-actualites\/assainissement-loperation-ensemble-gardons-nos-villes-propres-a-demarre-a-brazzaville\",\"url\":\"https:\/\/www.africa-press.net\/congo-brazzaville\/toutes-les-actualites\/assainissement-loperation-ensemble-gardons-nos-villes-propres-a-demarre-a-brazzaville\",\"name\":\"Assainissement : l\u2019op\u00e9ration \u00ab Ensemble, gardons nos villes propres \u00bb a d\u00e9marr\u00e9 \u00e0 Brazzaville - Congo Brazzaville\",\"isPartOf\":{\"@id\":\"https:\/\/www.africa-press.net\/congo-brazzaville\/#website\"},\"primaryImageOfPage\":{\"@id\":\"https:\/\/www.africa-press.net\/congo-brazzaville\/toutes-les-actualites\/assainissement-loperation-ensemble-gardons-nos-villes-propres-a-demarre-a-brazzaville#primaryimage\"},\"image\":{\"@id\":\"https:\/\/www.africa-press.net\/congo-brazzaville\/toutes-les-actualites\/assainissement-loperation-ensemble-gardons-nos-villes-propres-a-demarre-a-brazzaville#primaryimage\"},\"thumbnailUrl\":\"https:\/\/static.africa-press.net\/congo-brazzaville\/sites\/51\/2023\/10\/sm_1698689139.365755.jpg\",\"datePublished\":\"2023-10-30T20:45:52+00:00\",\"dateModified\":\"2023-10-30T21:38:58+00:00\",\"author\":{\"@id\":\"https:\/\/www.africa-press.net\/congo-brazzaville\/#\/schema\/person\/2b1cf3cd81a31e3cd26889ca66d677f1\"},\"description\":\"Lance\u0301e le 29 octobre a\u0300 Brazzaville par le ministre de\u0301le\u0301gue\u0301 charge\u0301 de la De\u0301centralisation et du De\u0301veloppement ...\",\"breadcrumb\":{\"@id\":\"https:\/\/www.africa-press.net\/congo-brazzaville\/toutes-les-actualites\/assainissement-loperation-ensemble-gardons-nos-villes-propres-a-demarre-a-brazzaville#breadcrumb\"},\"inLanguage\":\"fr-FR\",\"potentialAction\":[{\"@type\":\"ReadAction\",\"target\":[\"https:\/\/www.africa-press.net\/congo-brazzaville\/toutes-les-actualites\/assainissement-loperation-ensemble-gardons-nos-villes-propres-a-demarre-a-brazzaville\"]}]},{\"@type\":\"ImageObject\",\"inLanguage\":\"fr-FR\",\"@id\":\"https:\/\/www.africa-press.net\/congo-brazzaville\/toutes-les-actualites\/assainissement-loperation-ensemble-gardons-nos-villes-propres-a-demarre-a-brazzaville#primaryimage\",\"url\":\"https:\/\/static.africa-press.net\/congo-brazzaville\/sites\/51\/2023\/10\/sm_1698689139.365755.jpg\",\"contentUrl\":\"https:\/\/static.africa-press.net\/congo-brazzaville\/sites\/51\/2023\/10\/sm_1698689139.365755.jpg\",\"width\":1024,\"height\":768,\"caption\":\"Assainissement : l\u2019op\u00e9ration \u00ab Ensemble, gardons nos villes propres \u00bb a d\u00e9marr\u00e9 \u00e0 Brazzaville\"},{\"@type\":\"BreadcrumbList\",\"@id\":\"https:\/\/www.africa-press.net\/congo-brazzaville\/toutes-les-actualites\/assainissement-loperation-ensemble-gardons-nos-villes-propres-a-demarre-a-brazzaville#breadcrumb\",\"itemListElement\":[{\"@type\":\"ListItem\",\"position\":1,\"name\":\"Accueil\",\"item\":\"https:\/\/www.africa-press.net\/congo-brazzaville\/\"},{\"@type\":\"ListItem\",\"position\":2,\"name\":\"Assainissement : l\u2019op\u00e9ration \u00ab Ensemble, gardons nos villes propres \u00bb a d\u00e9marr\u00e9 \u00e0 Brazzaville\"}]},{\"@type\":\"WebSite\",\"@id\":\"https:\/\/www.africa-press.net\/congo-brazzaville\/#website\",\"url\":\"https:\/\/www.africa-press.net\/congo-brazzaville\/\",\"name\":\"Congo Brazzaville\",\"description\":\"Just another Africa News Agency Sites site\",\"potentialAction\":[{\"@type\":\"SearchAction\",\"target\":{\"@type\":\"EntryPoint\",\"urlTemplate\":\"https:\/\/www.africa-press.net\/congo-brazzaville\/?s={search_term_string}\"},\"query-input\":{\"@type\":\"PropertyValueSpecification\",\"valueRequired\":true,\"valueName\":\"search_term_string\"}}],\"inLanguage\":\"fr-FR\"},{\"@type\":\"Person\",\"@id\":\"https:\/\/www.africa-press.net\/congo-brazzaville\/#\/schema\/person\/2b1cf3cd81a31e3cd26889ca66d677f1\",\"name\":\"cfeditorfr\"}]}<\/script>\n<!-- \/ Yoast SEO Premium plugin. -->","yoast_head_json":{"title":"Assainissement : l\u2019op\u00e9ration \u00ab Ensemble, gardons nos villes propres \u00bb a d\u00e9marr\u00e9 \u00e0 Brazzaville - Congo Brazzaville","description":"Lance\u0301e le 29 octobre a\u0300 Brazzaville par le ministre de\u0301le\u0301gue\u0301 charge\u0301 de la De\u0301centralisation et du De\u0301veloppement ...","robots":{"index":"index","follow":"follow","max-snippet":"max-snippet:-1","max-image-preview":"max-image-preview:large","max-video-preview":"max-video-preview:-1"},"canonical":"https:\/\/www.africa-press.net\/congo-brazzaville\/toutes-les-actualites\/assainissement-loperation-ensemble-gardons-nos-villes-propres-a-demarre-a-brazzaville","og_locale":"fr_FR","og_type":"article","og_title":"Assainissement : l\u2019op\u00e9ration \u00ab Ensemble, gardons nos villes propres \u00bb a d\u00e9marr\u00e9 \u00e0 Brazzaville","og_description":"Lance\u0301e le 29 octobre a\u0300 Brazzaville par le ministre de\u0301le\u0301gue\u0301 charge\u0301 de la De\u0301centralisation et du De\u0301veloppement ...","og_url":"https:\/\/www.africa-press.net\/congo-brazzaville\/toutes-les-actualites\/assainissement-loperation-ensemble-gardons-nos-villes-propres-a-demarre-a-brazzaville","og_site_name":"Congo Brazzaville","article_published_time":"2023-10-30T20:45:52+00:00","article_modified_time":"2023-10-30T21:38:58+00:00","og_image":[{"width":1024,"height":768,"url":"https:\/\/static.africa-press.net\/congo-brazzaville\/sites\/51\/2023\/10\/sm_1698689139.365755.jpg","type":"image\/jpeg"}],"author":"cfeditorfr","twitter_card":"summary_large_image","twitter_misc":{"\u00c9crit par":"cfeditorfr","Dur\u00e9e de lecture estim\u00e9e":"3 minutes"},"schema":{"@context":"https:\/\/schema.org","@graph":[{"@type":"Article","@id":"https:\/\/www.africa-press.net\/congo-brazzaville\/toutes-les-actualites\/assainissement-loperation-ensemble-gardons-nos-villes-propres-a-demarre-a-brazzaville#article","isPartOf":{"@id":"https:\/\/www.africa-press.net\/congo-brazzaville\/toutes-les-actualites\/assainissement-loperation-ensemble-gardons-nos-villes-propres-a-demarre-a-brazzaville"},"author":{"name":"cfeditorfr","@id":"https:\/\/www.africa-press.net\/congo-brazzaville\/#\/schema\/person\/2b1cf3cd81a31e3cd26889ca66d677f1"},"headline":"Assainissement : l\u2019op\u00e9ration \u00ab Ensemble, gardons nos villes propres \u00bb a d\u00e9marr\u00e9 \u00e0 Brazzaville","datePublished":"2023-10-30T20:45:52+00:00","dateModified":"2023-10-30T21:38:58+00:00","mainEntityOfPage":{"@id":"https:\/\/www.africa-press.net\/congo-brazzaville\/toutes-les-actualites\/assainissement-loperation-ensemble-gardons-nos-villes-propres-a-demarre-a-brazzaville"},"wordCount":693,"commentCount":0,"image":{"@id":"https:\/\/www.africa-press.net\/congo-brazzaville\/toutes-les-actualites\/assainissement-loperation-ensemble-gardons-nos-villes-propres-a-demarre-a-brazzaville#primaryimage"},"thumbnailUrl":"https:\/\/static.africa-press.net\/congo-brazzaville\/sites\/51\/2023\/10\/sm_1698689139.365755.jpg","keywords":["Africa Press","Africa Press-Congo Brazzaville","Congo Brazzaville"],"articleSection":["Communaut\u00e9","Toutes les actualit\u00e9s"],"inLanguage":"fr-FR","potentialAction":[{"@type":"CommentAction","name":"Comment","target":["https:\/\/www.africa-press.net\/congo-brazzaville\/toutes-les-actualites\/assainissement-loperation-ensemble-gardons-nos-villes-propres-a-demarre-a-brazzaville#respond"]}]},{"@type":"WebPage","@id":"https:\/\/www.africa-press.net\/congo-brazzaville\/toutes-les-actualites\/assainissement-loperation-ensemble-gardons-nos-villes-propres-a-demarre-a-brazzaville","url":"https:\/\/www.africa-press.net\/congo-brazzaville\/toutes-les-actualites\/assainissement-loperation-ensemble-gardons-nos-villes-propres-a-demarre-a-brazzaville","name":"Assainissement : l\u2019op\u00e9ration \u00ab Ensemble, gardons nos villes propres \u00bb a d\u00e9marr\u00e9 \u00e0 Brazzaville - Congo Brazzaville","isPartOf":{"@id":"https:\/\/www.africa-press.net\/congo-brazzaville\/#website"},"primaryImageOfPage":{"@id":"https:\/\/www.africa-press.net\/congo-brazzaville\/toutes-les-actualites\/assainissement-loperation-ensemble-gardons-nos-villes-propres-a-demarre-a-brazzaville#primaryimage"},"image":{"@id":"https:\/\/www.africa-press.net\/congo-brazzaville\/toutes-les-actualites\/assainissement-loperation-ensemble-gardons-nos-villes-propres-a-demarre-a-brazzaville#primaryimage"},"thumbnailUrl":"https:\/\/static.africa-press.net\/congo-brazzaville\/sites\/51\/2023\/10\/sm_1698689139.365755.jpg","datePublished":"2023-10-30T20:45:52+00:00","dateModified":"2023-10-30T21:38:58+00:00","author":{"@id":"https:\/\/www.africa-press.net\/congo-brazzaville\/#\/schema\/person\/2b1cf3cd81a31e3cd26889ca66d677f1"},"description":"Lance\u0301e le 29 octobre a\u0300 Brazzaville par le ministre de\u0301le\u0301gue\u0301 charge\u0301 de la De\u0301centralisation et du De\u0301veloppement ...","breadcrumb":{"@id":"https:\/\/www.africa-press.net\/congo-brazzaville\/toutes-les-actualites\/assainissement-loperation-ensemble-gardons-nos-villes-propres-a-demarre-a-brazzaville#breadcrumb"},"inLanguage":"fr-FR","potentialAction":[{"@type":"ReadAction","target":["https:\/\/www.africa-press.net\/congo-brazzaville\/toutes-les-actualites\/assainissement-loperation-ensemble-gardons-nos-villes-propres-a-demarre-a-brazzaville"]}]},{"@type":"ImageObject","inLanguage":"fr-FR","@id":"https:\/\/www.africa-press.net\/congo-brazzaville\/toutes-les-actualites\/assainissement-loperation-ensemble-gardons-nos-villes-propres-a-demarre-a-brazzaville#primaryimage","url":"https:\/\/static.africa-press.net\/congo-brazzaville\/sites\/51\/2023\/10\/sm_1698689139.365755.jpg","contentUrl":"https:\/\/static.africa-press.net\/congo-brazzaville\/sites\/51\/2023\/10\/sm_1698689139.365755.jpg","width":1024,"height":768,"caption":"Assainissement : l\u2019op\u00e9ration \u00ab Ensemble, gardons nos villes propres \u00bb a d\u00e9marr\u00e9 \u00e0 Brazzaville"},{"@type":"BreadcrumbList","@id":"https:\/\/www.africa-press.net\/congo-brazzaville\/toutes-les-actualites\/assainissement-loperation-ensemble-gardons-nos-villes-propres-a-demarre-a-brazzaville#breadcrumb","itemListElement":[{"@type":"ListItem","position":1,"name":"Accueil","item":"https:\/\/www.africa-press.net\/congo-brazzaville\/"},{"@type":"ListItem","position":2,"name":"Assainissement : l\u2019op\u00e9ration \u00ab Ensemble, gardons nos villes propres \u00bb a d\u00e9marr\u00e9 \u00e0 Brazzaville"}]},{"@type":"WebSite","@id":"https:\/\/www.africa-press.net\/congo-brazzaville\/#website","url":"https:\/\/www.africa-press.net\/congo-brazzaville\/","name":"Congo Brazzaville","description":"Just another Africa News Agency Sites site","potentialAction":[{"@type":"SearchAction","target":{"@type":"EntryPoint","urlTemplate":"https:\/\/www.africa-press.net\/congo-brazzaville\/?s={search_term_string}"},"query-input":{"@type":"PropertyValueSpecification","valueRequired":true,"valueName":"search_term_string"}}],"inLanguage":"fr-FR"},{"@type":"Person","@id":"https:\/\/www.africa-press.net\/congo-brazzaville\/#\/schema\/person\/2b1cf3cd81a31e3cd26889ca66d677f1","name":"cfeditorfr"}]}},"_links":{"self":[{"href":"https:\/\/www.africa-press.net\/congo-brazzaville\/wp-json\/wp\/v2\/posts\/23745","targetHints":{"allow":["GET"]}}],"collection":[{"href":"https:\/\/www.africa-press.net\/congo-brazzaville\/wp-json\/wp\/v2\/posts"}],"about":[{"href":"https:\/\/www.africa-press.net\/congo-brazzaville\/wp-json\/wp\/v2\/types\/post"}],"author":[{"embeddable":true,"href":"https:\/\/www.africa-press.net\/congo-brazzaville\/wp-json\/wp\/v2\/users\/82"}],"replies":[{"embeddable":true,"href":"https:\/\/www.africa-press.net\/congo-brazzaville\/wp-json\/wp\/v2\/comments?post=23745"}],"version-history":[{"count":0,"href":"https:\/\/www.africa-press.net\/congo-brazzaville\/wp-json\/wp\/v2\/posts\/23745\/revisions"}],"wp:featuredmedia":[{"embeddable":true,"href":"https:\/\/www.africa-press.net\/congo-brazzaville\/wp-json\/wp\/v2\/media\/23744"}],"wp:attachment":[{"href":"https:\/\/www.africa-press.net\/congo-brazzaville\/wp-json\/wp\/v2\/media?parent=23745"}],"wp:term":[{"taxonomy":"category","embeddable":true,"href":"https:\/\/www.africa-press.net\/congo-brazzaville\/wp-json\/wp\/v2\/categories?post=23745"},{"taxonomy":"post_tag","embeddable":true,"href":"https:\/\/www.africa-press.net\/congo-brazzaville\/wp-json\/wp\/v2\/tags?post=23745"}],"curies":[{"name":"wp","href":"https:\/\/api.w.org\/{rel}","templated":true}]}}