{"id":23760,"date":"2023-10-30T20:47:27","date_gmt":"2023-10-30T20:47:27","guid":{"rendered":"https:\/\/www.africa-press.net\/congo-brazzaville\/politique\/parlement-les-senats-ivoirien-et-congolais-renforcent-leur-cooperation"},"modified":"2023-10-30T21:42:58","modified_gmt":"2023-10-30T21:42:58","slug":"parlement-les-senats-ivoirien-et-congolais-renforcent-leur-cooperation","status":"publish","type":"post","link":"https:\/\/www.africa-press.net\/congo-brazzaville\/politique\/parlement-les-senats-ivoirien-et-congolais-renforcent-leur-cooperation","title":{"rendered":"Parlement : les S\u00e9nats ivoirien et congolais renforcent leur coop\u00e9ration"},"content":{"rendered":"<p><span style=\"color: #ff6600\"><strong>Africa-Press &#8211; Congo Brazzaville. <\/strong><\/span><b>Venue a\u0300 Brazzaville pour prendre part au sommet des trois bassins forestiers, la pre\u0301sidente du Se\u0301nat de Co\u0302te d\u2019Ivoire, Kandia Kamissoko Camara, a e\u0301change\u0301 le 29 octobre avec son homologue du Congo, Pierre Ngolo, sur les questions parlementaires entre les deux pays.<\/b><\/p>\n<p>Dans son mot de bienvenue, le pre\u0301sident du Se\u0301nat du Congo, Pierre Ngolo, a d\u2019abord fe\u0301licite\u0301 son homologue de Co\u0302te d\u2019Ivoire pour avoir e\u0301te\u0301 hisse\u0301 a\u0300 la te\u0302te du Se\u0301nat de son pays, avant d\u2019exprimer la chaleur et l\u2019enthousiasme des se\u0301nateurs congolais a\u0300 l\u2019endroit de la pre\u0301sidente Kandia Kamissoko Camara.<\/p>\n<p>Pierre Ngolo a salue\u0301 la particularite\u0301 des relations entre les Se\u0301nats des deux pays. \u00ab Le Se\u0301nat du Congo et de Co\u0302te d\u2019Ivoire partagent une riche histoire et des valeurs uniques \u00bb, a-t-il de\u0301clare\u0301, avant de reconnai\u0302tre l\u2019appui exceptionnel apporte\u0301 au Se\u0301nat congolais par celui de la Co\u0302te d\u2019Ivoire, dans la mise en \u0153uvre du raid commun pour la cre\u0301ation de l\u2019association des Se\u0301nats et conseils e\u0301quivalents d\u2019Afrique.<\/p>\n<p>La pre\u0301sidente du Se\u0301nat ivoirien, Kandia Kamissoko Camara, a vivement remercie\u0301 le pre\u0301sident du Se\u0301nat congolais ainsi que l\u2019ensemble des se\u0301nateurs de l\u2019accueil chaleureux dont ils ont e\u0301te\u0301 l\u2019objet au cours de leur se\u0301jour a\u0300 Brazzaville. Elle a rappele\u0301 que le Se\u0301nat du Congo et de Co\u0302te d\u2019Ivoire partagent une riche histoire. \u00ab Je suis venue partager l\u2019expe\u0301rience de mon devancier. Je viens juste d\u2019e\u0302tre e\u0301lue pre\u0301sidente du Se\u0301nat ivoirien. Il e\u0301tait de bon aloi que je vienne ici m\u2019inspirer de sa grande expe\u0301rience et aussi partager sa vision en ce qui concerne les relations entre nos deux institutions \u00bb, a-t-elle laisse\u0301 entendre, ajoutant : \u00ab Ma de\u0301le\u0301gation et moi repartons tre\u0300s satisfaits des e\u0301changes que nous avons eus. Nous avons profite\u0301 de l\u2019occasion pour exprimer notre disponibilite\u0301 au pre\u0301sident du Se\u0301nat du Congo, de renforcer les relations qui existent de\u0301ja\u0300 entre nos deux chambres \u00bb.<\/p>\n<p>Kandia Kamissoko Camara a profite\u0301 de l\u2019occasion pour inviter son homologue du Congo a\u0300 se rendre a\u0300 son tour en Co\u0302te d\u2019Ivoire.<\/p>\n<p><strong>Pour plus d&rsquo;informations et d&rsquo;analyses sur la <a href=\"https:\/\/www.africa-press.net\/congo-brazzaville\">Congo Brazzaville<\/a>, suivez <a href=\"https:\/\/www.africa-press.net\/\">Africa-Press<\/a><\/strong><\/p>\n","protected":false},"excerpt":{"rendered":"<p>Africa-Press &#8211; Congo Brazzaville. Venue a\u0300 Brazzaville pour prendre part au sommet des trois bassins forestiers, la pre\u0301sidente du Se\u0301nat de Co\u0302te d\u2019Ivoire, Kandia Kamissoko Camara, a e\u0301change\u0301 le 29 octobre avec son homologue du Congo, Pierre Ngolo, sur les questions parlementaires entre les deux pays. Dans son mot de bienvenue, le pre\u0301sident du Se\u0301nat [&hellip;]<\/p>\n","protected":false},"author":82,"featured_media":23758,"comment_status":"open","ping_status":"closed","sticky":false,"template":"","format":"standard","meta":{"footnotes":""},"categories":[2,10],"tags":[36,47,46],"class_list":["post-23760","post","type-post","status-publish","format-standard","has-post-thumbnail","hentry","category-politique","category-toutes-les-actualites","tag-africa-press","tag-africa-press-congo-brazzaville","tag-congo-brazzaville"],"yoast_head":"<!-- This site is optimized with the Yoast SEO Premium plugin v26.1 (Yoast SEO v27.0) - https:\/\/yoast.com\/product\/yoast-seo-premium-wordpress\/ -->\n<title>Parlement : les S\u00e9nats ivoirien et congolais renforcent leur coop\u00e9ration - Congo Brazzaville<\/title>\n<meta name=\"description\" content=\"Venue a\u0300 Brazzaville pour prendre part au sommet des trois bassins forestiers, la pre\u0301sidente du Se\u0301nat de Co\u0302te d\u2019Iv ...\" \/>\n<meta name=\"robots\" content=\"index, follow, max-snippet:-1, max-image-preview:large, max-video-preview:-1\" \/>\n<link rel=\"canonical\" href=\"https:\/\/www.africa-press.net\/congo-brazzaville\/politique\/parlement-les-senats-ivoirien-et-congolais-renforcent-leur-cooperation\" \/>\n<meta property=\"og:locale\" content=\"fr_FR\" \/>\n<meta property=\"og:type\" content=\"article\" \/>\n<meta property=\"og:title\" content=\"Parlement : les S\u00e9nats ivoirien et congolais renforcent leur coop\u00e9ration\" \/>\n<meta property=\"og:description\" content=\"Venue a\u0300 Brazzaville pour prendre part au sommet des trois bassins forestiers, la pre\u0301sidente du Se\u0301nat de Co\u0302te d\u2019Iv ...\" \/>\n<meta property=\"og:url\" content=\"https:\/\/www.africa-press.net\/congo-brazzaville\/politique\/parlement-les-senats-ivoirien-et-congolais-renforcent-leur-cooperation\" \/>\n<meta property=\"og:site_name\" content=\"Congo Brazzaville\" \/>\n<meta property=\"article:published_time\" content=\"2023-10-30T20:47:27+00:00\" \/>\n<meta property=\"article:modified_time\" content=\"2023-10-30T21:42:58+00:00\" \/>\n<meta property=\"og:image\" content=\"https:\/\/static.africa-press.net\/congo-brazzaville\/sites\/51\/2023\/10\/sm_1698689425.037038.jpg\" \/>\n\t<meta property=\"og:image:width\" content=\"1024\" \/>\n\t<meta property=\"og:image:height\" content=\"768\" \/>\n\t<meta property=\"og:image:type\" content=\"image\/jpeg\" \/>\n<meta name=\"author\" content=\"cfeditorfr\" \/>\n<meta name=\"twitter:card\" content=\"summary_large_image\" \/>\n<meta name=\"twitter:label1\" content=\"\u00c9crit par\" \/>\n\t<meta name=\"twitter:data1\" content=\"cfeditorfr\" \/>\n\t<meta name=\"twitter:label2\" content=\"Dur\u00e9e de lecture estim\u00e9e\" \/>\n\t<meta name=\"twitter:data2\" content=\"2 minutes\" \/>\n<script type=\"application\/ld+json\" class=\"yoast-schema-graph\">{\"@context\":\"https:\/\/schema.org\",\"@graph\":[{\"@type\":\"Article\",\"@id\":\"https:\/\/www.africa-press.net\/congo-brazzaville\/politique\/parlement-les-senats-ivoirien-et-congolais-renforcent-leur-cooperation#article\",\"isPartOf\":{\"@id\":\"https:\/\/www.africa-press.net\/congo-brazzaville\/politique\/parlement-les-senats-ivoirien-et-congolais-renforcent-leur-cooperation\"},\"author\":{\"name\":\"cfeditorfr\",\"@id\":\"https:\/\/www.africa-press.net\/congo-brazzaville\/#\/schema\/person\/2b1cf3cd81a31e3cd26889ca66d677f1\"},\"headline\":\"Parlement : les S\u00e9nats ivoirien et congolais renforcent leur coop\u00e9ration\",\"datePublished\":\"2023-10-30T20:47:27+00:00\",\"dateModified\":\"2023-10-30T21:42:58+00:00\",\"mainEntityOfPage\":{\"@id\":\"https:\/\/www.africa-press.net\/congo-brazzaville\/politique\/parlement-les-senats-ivoirien-et-congolais-renforcent-leur-cooperation\"},\"wordCount\":416,\"commentCount\":0,\"image\":{\"@id\":\"https:\/\/www.africa-press.net\/congo-brazzaville\/politique\/parlement-les-senats-ivoirien-et-congolais-renforcent-leur-cooperation#primaryimage\"},\"thumbnailUrl\":\"https:\/\/static.africa-press.net\/congo-brazzaville\/sites\/51\/2023\/10\/sm_1698689425.037038.jpg\",\"keywords\":[\"Africa Press\",\"Africa Press-Congo Brazzaville\",\"Congo Brazzaville\"],\"articleSection\":[\"Politique\",\"Toutes les actualit\u00e9s\"],\"inLanguage\":\"fr-FR\",\"potentialAction\":[{\"@type\":\"CommentAction\",\"name\":\"Comment\",\"target\":[\"https:\/\/www.africa-press.net\/congo-brazzaville\/politique\/parlement-les-senats-ivoirien-et-congolais-renforcent-leur-cooperation#respond\"]}]},{\"@type\":\"WebPage\",\"@id\":\"https:\/\/www.africa-press.net\/congo-brazzaville\/politique\/parlement-les-senats-ivoirien-et-congolais-renforcent-leur-cooperation\",\"url\":\"https:\/\/www.africa-press.net\/congo-brazzaville\/politique\/parlement-les-senats-ivoirien-et-congolais-renforcent-leur-cooperation\",\"name\":\"Parlement : les S\u00e9nats ivoirien et congolais renforcent leur coop\u00e9ration - Congo Brazzaville\",\"isPartOf\":{\"@id\":\"https:\/\/www.africa-press.net\/congo-brazzaville\/#website\"},\"primaryImageOfPage\":{\"@id\":\"https:\/\/www.africa-press.net\/congo-brazzaville\/politique\/parlement-les-senats-ivoirien-et-congolais-renforcent-leur-cooperation#primaryimage\"},\"image\":{\"@id\":\"https:\/\/www.africa-press.net\/congo-brazzaville\/politique\/parlement-les-senats-ivoirien-et-congolais-renforcent-leur-cooperation#primaryimage\"},\"thumbnailUrl\":\"https:\/\/static.africa-press.net\/congo-brazzaville\/sites\/51\/2023\/10\/sm_1698689425.037038.jpg\",\"datePublished\":\"2023-10-30T20:47:27+00:00\",\"dateModified\":\"2023-10-30T21:42:58+00:00\",\"author\":{\"@id\":\"https:\/\/www.africa-press.net\/congo-brazzaville\/#\/schema\/person\/2b1cf3cd81a31e3cd26889ca66d677f1\"},\"description\":\"Venue a\u0300 Brazzaville pour prendre part au sommet des trois bassins forestiers, la pre\u0301sidente du Se\u0301nat de Co\u0302te d\u2019Iv ...\",\"breadcrumb\":{\"@id\":\"https:\/\/www.africa-press.net\/congo-brazzaville\/politique\/parlement-les-senats-ivoirien-et-congolais-renforcent-leur-cooperation#breadcrumb\"},\"inLanguage\":\"fr-FR\",\"potentialAction\":[{\"@type\":\"ReadAction\",\"target\":[\"https:\/\/www.africa-press.net\/congo-brazzaville\/politique\/parlement-les-senats-ivoirien-et-congolais-renforcent-leur-cooperation\"]}]},{\"@type\":\"ImageObject\",\"inLanguage\":\"fr-FR\",\"@id\":\"https:\/\/www.africa-press.net\/congo-brazzaville\/politique\/parlement-les-senats-ivoirien-et-congolais-renforcent-leur-cooperation#primaryimage\",\"url\":\"https:\/\/static.africa-press.net\/congo-brazzaville\/sites\/51\/2023\/10\/sm_1698689425.037038.jpg\",\"contentUrl\":\"https:\/\/static.africa-press.net\/congo-brazzaville\/sites\/51\/2023\/10\/sm_1698689425.037038.jpg\",\"width\":1024,\"height\":768,\"caption\":\"Parlement : les S\u00e9nats ivoirien et congolais renforcent leur coop\u00e9ration\"},{\"@type\":\"BreadcrumbList\",\"@id\":\"https:\/\/www.africa-press.net\/congo-brazzaville\/politique\/parlement-les-senats-ivoirien-et-congolais-renforcent-leur-cooperation#breadcrumb\",\"itemListElement\":[{\"@type\":\"ListItem\",\"position\":1,\"name\":\"Accueil\",\"item\":\"https:\/\/www.africa-press.net\/congo-brazzaville\/\"},{\"@type\":\"ListItem\",\"position\":2,\"name\":\"Parlement : les S\u00e9nats ivoirien et congolais renforcent leur coop\u00e9ration\"}]},{\"@type\":\"WebSite\",\"@id\":\"https:\/\/www.africa-press.net\/congo-brazzaville\/#website\",\"url\":\"https:\/\/www.africa-press.net\/congo-brazzaville\/\",\"name\":\"Congo Brazzaville\",\"description\":\"Just another Africa News Agency Sites site\",\"potentialAction\":[{\"@type\":\"SearchAction\",\"target\":{\"@type\":\"EntryPoint\",\"urlTemplate\":\"https:\/\/www.africa-press.net\/congo-brazzaville\/?s={search_term_string}\"},\"query-input\":{\"@type\":\"PropertyValueSpecification\",\"valueRequired\":true,\"valueName\":\"search_term_string\"}}],\"inLanguage\":\"fr-FR\"},{\"@type\":\"Person\",\"@id\":\"https:\/\/www.africa-press.net\/congo-brazzaville\/#\/schema\/person\/2b1cf3cd81a31e3cd26889ca66d677f1\",\"name\":\"cfeditorfr\"}]}<\/script>\n<!-- \/ Yoast SEO Premium plugin. -->","yoast_head_json":{"title":"Parlement : les S\u00e9nats ivoirien et congolais renforcent leur coop\u00e9ration - Congo Brazzaville","description":"Venue a\u0300 Brazzaville pour prendre part au sommet des trois bassins forestiers, la pre\u0301sidente du Se\u0301nat de Co\u0302te d\u2019Iv ...","robots":{"index":"index","follow":"follow","max-snippet":"max-snippet:-1","max-image-preview":"max-image-preview:large","max-video-preview":"max-video-preview:-1"},"canonical":"https:\/\/www.africa-press.net\/congo-brazzaville\/politique\/parlement-les-senats-ivoirien-et-congolais-renforcent-leur-cooperation","og_locale":"fr_FR","og_type":"article","og_title":"Parlement : les S\u00e9nats ivoirien et congolais renforcent leur coop\u00e9ration","og_description":"Venue a\u0300 Brazzaville pour prendre part au sommet des trois bassins forestiers, la pre\u0301sidente du Se\u0301nat de Co\u0302te d\u2019Iv ...","og_url":"https:\/\/www.africa-press.net\/congo-brazzaville\/politique\/parlement-les-senats-ivoirien-et-congolais-renforcent-leur-cooperation","og_site_name":"Congo Brazzaville","article_published_time":"2023-10-30T20:47:27+00:00","article_modified_time":"2023-10-30T21:42:58+00:00","og_image":[{"width":1024,"height":768,"url":"https:\/\/static.africa-press.net\/congo-brazzaville\/sites\/51\/2023\/10\/sm_1698689425.037038.jpg","type":"image\/jpeg"}],"author":"cfeditorfr","twitter_card":"summary_large_image","twitter_misc":{"\u00c9crit par":"cfeditorfr","Dur\u00e9e de lecture estim\u00e9e":"2 minutes"},"schema":{"@context":"https:\/\/schema.org","@graph":[{"@type":"Article","@id":"https:\/\/www.africa-press.net\/congo-brazzaville\/politique\/parlement-les-senats-ivoirien-et-congolais-renforcent-leur-cooperation#article","isPartOf":{"@id":"https:\/\/www.africa-press.net\/congo-brazzaville\/politique\/parlement-les-senats-ivoirien-et-congolais-renforcent-leur-cooperation"},"author":{"name":"cfeditorfr","@id":"https:\/\/www.africa-press.net\/congo-brazzaville\/#\/schema\/person\/2b1cf3cd81a31e3cd26889ca66d677f1"},"headline":"Parlement : les S\u00e9nats ivoirien et congolais renforcent leur coop\u00e9ration","datePublished":"2023-10-30T20:47:27+00:00","dateModified":"2023-10-30T21:42:58+00:00","mainEntityOfPage":{"@id":"https:\/\/www.africa-press.net\/congo-brazzaville\/politique\/parlement-les-senats-ivoirien-et-congolais-renforcent-leur-cooperation"},"wordCount":416,"commentCount":0,"image":{"@id":"https:\/\/www.africa-press.net\/congo-brazzaville\/politique\/parlement-les-senats-ivoirien-et-congolais-renforcent-leur-cooperation#primaryimage"},"thumbnailUrl":"https:\/\/static.africa-press.net\/congo-brazzaville\/sites\/51\/2023\/10\/sm_1698689425.037038.jpg","keywords":["Africa Press","Africa Press-Congo Brazzaville","Congo Brazzaville"],"articleSection":["Politique","Toutes les actualit\u00e9s"],"inLanguage":"fr-FR","potentialAction":[{"@type":"CommentAction","name":"Comment","target":["https:\/\/www.africa-press.net\/congo-brazzaville\/politique\/parlement-les-senats-ivoirien-et-congolais-renforcent-leur-cooperation#respond"]}]},{"@type":"WebPage","@id":"https:\/\/www.africa-press.net\/congo-brazzaville\/politique\/parlement-les-senats-ivoirien-et-congolais-renforcent-leur-cooperation","url":"https:\/\/www.africa-press.net\/congo-brazzaville\/politique\/parlement-les-senats-ivoirien-et-congolais-renforcent-leur-cooperation","name":"Parlement : les S\u00e9nats ivoirien et congolais renforcent leur coop\u00e9ration - Congo Brazzaville","isPartOf":{"@id":"https:\/\/www.africa-press.net\/congo-brazzaville\/#website"},"primaryImageOfPage":{"@id":"https:\/\/www.africa-press.net\/congo-brazzaville\/politique\/parlement-les-senats-ivoirien-et-congolais-renforcent-leur-cooperation#primaryimage"},"image":{"@id":"https:\/\/www.africa-press.net\/congo-brazzaville\/politique\/parlement-les-senats-ivoirien-et-congolais-renforcent-leur-cooperation#primaryimage"},"thumbnailUrl":"https:\/\/static.africa-press.net\/congo-brazzaville\/sites\/51\/2023\/10\/sm_1698689425.037038.jpg","datePublished":"2023-10-30T20:47:27+00:00","dateModified":"2023-10-30T21:42:58+00:00","author":{"@id":"https:\/\/www.africa-press.net\/congo-brazzaville\/#\/schema\/person\/2b1cf3cd81a31e3cd26889ca66d677f1"},"description":"Venue a\u0300 Brazzaville pour prendre part au sommet des trois bassins forestiers, la pre\u0301sidente du Se\u0301nat de Co\u0302te d\u2019Iv ...","breadcrumb":{"@id":"https:\/\/www.africa-press.net\/congo-brazzaville\/politique\/parlement-les-senats-ivoirien-et-congolais-renforcent-leur-cooperation#breadcrumb"},"inLanguage":"fr-FR","potentialAction":[{"@type":"ReadAction","target":["https:\/\/www.africa-press.net\/congo-brazzaville\/politique\/parlement-les-senats-ivoirien-et-congolais-renforcent-leur-cooperation"]}]},{"@type":"ImageObject","inLanguage":"fr-FR","@id":"https:\/\/www.africa-press.net\/congo-brazzaville\/politique\/parlement-les-senats-ivoirien-et-congolais-renforcent-leur-cooperation#primaryimage","url":"https:\/\/static.africa-press.net\/congo-brazzaville\/sites\/51\/2023\/10\/sm_1698689425.037038.jpg","contentUrl":"https:\/\/static.africa-press.net\/congo-brazzaville\/sites\/51\/2023\/10\/sm_1698689425.037038.jpg","width":1024,"height":768,"caption":"Parlement : les S\u00e9nats ivoirien et congolais renforcent leur coop\u00e9ration"},{"@type":"BreadcrumbList","@id":"https:\/\/www.africa-press.net\/congo-brazzaville\/politique\/parlement-les-senats-ivoirien-et-congolais-renforcent-leur-cooperation#breadcrumb","itemListElement":[{"@type":"ListItem","position":1,"name":"Accueil","item":"https:\/\/www.africa-press.net\/congo-brazzaville\/"},{"@type":"ListItem","position":2,"name":"Parlement : les S\u00e9nats ivoirien et congolais renforcent leur coop\u00e9ration"}]},{"@type":"WebSite","@id":"https:\/\/www.africa-press.net\/congo-brazzaville\/#website","url":"https:\/\/www.africa-press.net\/congo-brazzaville\/","name":"Congo Brazzaville","description":"Just another Africa News Agency Sites site","potentialAction":[{"@type":"SearchAction","target":{"@type":"EntryPoint","urlTemplate":"https:\/\/www.africa-press.net\/congo-brazzaville\/?s={search_term_string}"},"query-input":{"@type":"PropertyValueSpecification","valueRequired":true,"valueName":"search_term_string"}}],"inLanguage":"fr-FR"},{"@type":"Person","@id":"https:\/\/www.africa-press.net\/congo-brazzaville\/#\/schema\/person\/2b1cf3cd81a31e3cd26889ca66d677f1","name":"cfeditorfr"}]}},"_links":{"self":[{"href":"https:\/\/www.africa-press.net\/congo-brazzaville\/wp-json\/wp\/v2\/posts\/23760","targetHints":{"allow":["GET"]}}],"collection":[{"href":"https:\/\/www.africa-press.net\/congo-brazzaville\/wp-json\/wp\/v2\/posts"}],"about":[{"href":"https:\/\/www.africa-press.net\/congo-brazzaville\/wp-json\/wp\/v2\/types\/post"}],"author":[{"embeddable":true,"href":"https:\/\/www.africa-press.net\/congo-brazzaville\/wp-json\/wp\/v2\/users\/82"}],"replies":[{"embeddable":true,"href":"https:\/\/www.africa-press.net\/congo-brazzaville\/wp-json\/wp\/v2\/comments?post=23760"}],"version-history":[{"count":0,"href":"https:\/\/www.africa-press.net\/congo-brazzaville\/wp-json\/wp\/v2\/posts\/23760\/revisions"}],"wp:featuredmedia":[{"embeddable":true,"href":"https:\/\/www.africa-press.net\/congo-brazzaville\/wp-json\/wp\/v2\/media\/23758"}],"wp:attachment":[{"href":"https:\/\/www.africa-press.net\/congo-brazzaville\/wp-json\/wp\/v2\/media?parent=23760"}],"wp:term":[{"taxonomy":"category","embeddable":true,"href":"https:\/\/www.africa-press.net\/congo-brazzaville\/wp-json\/wp\/v2\/categories?post=23760"},{"taxonomy":"post_tag","embeddable":true,"href":"https:\/\/www.africa-press.net\/congo-brazzaville\/wp-json\/wp\/v2\/tags?post=23760"}],"curies":[{"name":"wp","href":"https:\/\/api.w.org\/{rel}","templated":true}]}}