{"id":24202,"date":"2023-11-14T23:42:43","date_gmt":"2023-11-14T23:42:43","guid":{"rendered":"https:\/\/www.africa-press.net\/congo-brazzaville\/politique\/cooperation-le-maroc-et-lazerbaidjan-signent-des-accords-dans-plusieurs-domaines"},"modified":"2023-11-15T00:40:24","modified_gmt":"2023-11-15T00:40:24","slug":"cooperation-le-maroc-et-lazerbaidjan-signent-des-accords-dans-plusieurs-domaines","status":"publish","type":"post","link":"https:\/\/www.africa-press.net\/congo-brazzaville\/politique\/cooperation-le-maroc-et-lazerbaidjan-signent-des-accords-dans-plusieurs-domaines","title":{"rendered":"Coop\u00e9ration : le Maroc et l\u2019Azerba\u00efdjan signent des accords dans plusieurs domaines"},"content":{"rendered":"<p><span style=\"color: #ff6600\"><strong>Africa-Press &#8211; Congo Brazzaville. <\/strong><\/span>Le ministre des Affaires e\u0301trange\u0300res, de la Coope\u0301ration africaine et des Marocains de l\u2019e\u0301tranger, Nasser Bourita, et son homologue azerbai\u0308djanais, Jeyhun Bayramov, ont copre\u0301side\u0301, le 13 novembre, a\u0300 Rabat, les travaux de la deuxie\u0300me session de la Commission mixte de coope\u0301ration.<\/p>\n<p>Nasser Bourita et Jeyhun Bayramov ont \u00ab exprime\u0301 leur satisfaction du niveau atteint par la coope\u0301ration bilate\u0301rale, gra\u0302ce aux hautes orientations de Sa Majeste\u0301 le roi Mohammed VI et de Son Excellence le pre\u0301sident Ilham Aliyev \u00bb.<\/p>\n<p>La deuxie\u0300me session de la Commission mixte de coope\u0301ration, qui a connu la participation d\u2019une importante de\u0301le\u0301gation azerbai\u0308djanaise repre\u0301sentant de nombreux ministe\u0300res et institutions e\u0301tatiques, a e\u0301te\u0301 l\u2019occasion pour les deux pays de consolider leur engagement a\u0300 promouvoir davantage la coope\u0301ration dans diffe\u0301rents domaines.<\/p>\n<p>A cette occasion, quatre accords et me\u0301morandums d\u2019entente dans divers domaines ont e\u0301te\u0301 signe\u0301s entre les deux pays, illustrant la de\u0301termination du Maroc et de l\u2019Azerbai\u0308djan a\u0300 diversifier et a\u0300 approfondir leurs relations de coope\u0301ration.<\/p>\n<p>Le Forum d\u2019affaires Maroc-Azerbai\u0308djan, pre\u0301vu pour ce 14 novembre a\u0300 Rabat, promet, de son co\u0302te\u0301, de renforcer davantage les liens e\u0301conomiques entre les deux pays, ce qui traduit l\u2019importance de cette relation prometteuse pour l\u2019avenir.<\/p>\n<p>Les discussions lors de cette session de la commission mixte ont porte\u0301 e\u0301galement sur les perspectives d\u2019e\u0301tablissement d\u2019une coope\u0301ration triangulaire au profit des pays africains partenaires. Cette initiative s\u2019inscrit dans le cadre des orientations du roi Mohammed VI, qui place l\u2019Afrique et la coope\u0301ration Sud-Sud au c\u0153ur de la politique e\u0301trange\u0300re du royaume.<\/p>\n<p>Signalons que le Maroc a e\u0301te\u0301 parmi les premiers pays a\u0300 reconnai\u0302tre l\u2019inde\u0301pendance de l\u2019Azerbai\u0308djan en de\u0301cembre 1991. L\u2019anne\u0301e suivante, les deux pays ont formellement e\u0301tabli leurs relations diplomatiques, posant ainsi \u00ab les fondements d\u2019une relation durable et fructueuse \u00bb.<\/p>\n<p>En 2007, l\u2019Azerbai\u0308djan a accre\u0301dite\u0301 son premier ambassadeur re\u0301sidant a\u0300 Rabat. En 2008, le Maroc a pris une mesure similaire en accre\u0301ditant son premier ambassadeur a\u0300 Bakou. De cette relation est ne\u0301e une convergence des points de vue sur la sauvegarde de la souverainete\u0301 et de l\u2019inte\u0301grite\u0301 territoriale des Etats.<\/p>\n<p><strong>Pour plus d&rsquo;informations et d&rsquo;analyses sur la <a href=\"https:\/\/www.africa-press.net\/congo-brazzaville\">Congo Brazzaville<\/a>, suivez <a href=\"https:\/\/www.africa-press.net\/\">Africa-Press<\/a><\/strong><\/p>\n","protected":false},"excerpt":{"rendered":"<p>Africa-Press &#8211; Congo Brazzaville. Le ministre des Affaires e\u0301trange\u0300res, de la Coope\u0301ration africaine et des Marocains de l\u2019e\u0301tranger, Nasser Bourita, et son homologue azerbai\u0308djanais, Jeyhun Bayramov, ont copre\u0301side\u0301, le 13 novembre, a\u0300 Rabat, les travaux de la deuxie\u0300me session de la Commission mixte de coope\u0301ration. Nasser Bourita et Jeyhun Bayramov ont \u00ab exprime\u0301 leur satisfaction [&hellip;]<\/p>\n","protected":false},"author":82,"featured_media":24201,"comment_status":"open","ping_status":"closed","sticky":false,"template":"","format":"standard","meta":{"footnotes":""},"categories":[2,49,20,10],"tags":[36,47,46],"class_list":["post-24202","post","type-post","status-publish","format-standard","has-post-thumbnail","hentry","category-politique","category-to-homepage","category-top-nouvelles","category-toutes-les-actualites","tag-africa-press","tag-africa-press-congo-brazzaville","tag-congo-brazzaville"],"yoast_head":"<!-- This site is optimized with the Yoast SEO Premium plugin v26.1 (Yoast SEO v27.0) - https:\/\/yoast.com\/product\/yoast-seo-premium-wordpress\/ -->\n<title>Coop\u00e9ration : le Maroc et l\u2019Azerba\u00efdjan signent des accords dans plusieurs domaines - Congo Brazzaville<\/title>\n<meta name=\"description\" content=\"Le ministre des Affaires e\u0301trange\u0300res, de la Coope\u0301ration africaine et des Marocains de l\u2019e\u0301tranger, Nasser Bourita, et ...\" \/>\n<meta name=\"robots\" content=\"index, follow, max-snippet:-1, max-image-preview:large, max-video-preview:-1\" \/>\n<link rel=\"canonical\" href=\"https:\/\/www.africa-press.net\/congo-brazzaville\/politique\/cooperation-le-maroc-et-lazerbaidjan-signent-des-accords-dans-plusieurs-domaines\" \/>\n<meta property=\"og:locale\" content=\"fr_FR\" \/>\n<meta property=\"og:type\" content=\"article\" \/>\n<meta property=\"og:title\" content=\"Coop\u00e9ration : le Maroc et l\u2019Azerba\u00efdjan signent des accords dans plusieurs domaines\" \/>\n<meta property=\"og:description\" content=\"Le ministre des Affaires e\u0301trange\u0300res, de la Coope\u0301ration africaine et des Marocains de l\u2019e\u0301tranger, Nasser Bourita, et ...\" \/>\n<meta property=\"og:url\" content=\"https:\/\/www.africa-press.net\/congo-brazzaville\/politique\/cooperation-le-maroc-et-lazerbaidjan-signent-des-accords-dans-plusieurs-domaines\" \/>\n<meta property=\"og:site_name\" content=\"Congo Brazzaville\" \/>\n<meta property=\"article:published_time\" content=\"2023-11-14T23:42:43+00:00\" \/>\n<meta property=\"article:modified_time\" content=\"2023-11-15T00:40:24+00:00\" \/>\n<meta property=\"og:image\" content=\"https:\/\/static.africa-press.net\/congo-brazzaville\/sites\/51\/2023\/11\/sm_1699995988.571302.jpg\" \/>\n\t<meta property=\"og:image:width\" content=\"1152\" \/>\n\t<meta property=\"og:image:height\" content=\"768\" \/>\n\t<meta property=\"og:image:type\" content=\"image\/jpeg\" \/>\n<meta name=\"author\" content=\"cfeditorfr\" \/>\n<meta name=\"twitter:card\" content=\"summary_large_image\" \/>\n<meta name=\"twitter:label1\" content=\"\u00c9crit par\" \/>\n\t<meta name=\"twitter:data1\" content=\"cfeditorfr\" \/>\n\t<meta name=\"twitter:label2\" content=\"Dur\u00e9e de lecture estim\u00e9e\" \/>\n\t<meta name=\"twitter:data2\" content=\"2 minutes\" \/>\n<script type=\"application\/ld+json\" class=\"yoast-schema-graph\">{\"@context\":\"https:\/\/schema.org\",\"@graph\":[{\"@type\":\"Article\",\"@id\":\"https:\/\/www.africa-press.net\/congo-brazzaville\/politique\/cooperation-le-maroc-et-lazerbaidjan-signent-des-accords-dans-plusieurs-domaines#article\",\"isPartOf\":{\"@id\":\"https:\/\/www.africa-press.net\/congo-brazzaville\/politique\/cooperation-le-maroc-et-lazerbaidjan-signent-des-accords-dans-plusieurs-domaines\"},\"author\":{\"name\":\"cfeditorfr\",\"@id\":\"https:\/\/www.africa-press.net\/congo-brazzaville\/#\/schema\/person\/2b1cf3cd81a31e3cd26889ca66d677f1\"},\"headline\":\"Coop\u00e9ration : le Maroc et l\u2019Azerba\u00efdjan signent des accords dans plusieurs domaines\",\"datePublished\":\"2023-11-14T23:42:43+00:00\",\"dateModified\":\"2023-11-15T00:40:24+00:00\",\"mainEntityOfPage\":{\"@id\":\"https:\/\/www.africa-press.net\/congo-brazzaville\/politique\/cooperation-le-maroc-et-lazerbaidjan-signent-des-accords-dans-plusieurs-domaines\"},\"wordCount\":428,\"commentCount\":0,\"image\":{\"@id\":\"https:\/\/www.africa-press.net\/congo-brazzaville\/politique\/cooperation-le-maroc-et-lazerbaidjan-signent-des-accords-dans-plusieurs-domaines#primaryimage\"},\"thumbnailUrl\":\"https:\/\/static.africa-press.net\/congo-brazzaville\/sites\/51\/2023\/11\/sm_1699995988.571302.jpg\",\"keywords\":[\"Africa Press\",\"Africa Press-Congo Brazzaville\",\"Congo Brazzaville\"],\"articleSection\":[\"Politique\",\"to-homepage\",\"Top Nouvelles\",\"Toutes les actualit\u00e9s\"],\"inLanguage\":\"fr-FR\",\"potentialAction\":[{\"@type\":\"CommentAction\",\"name\":\"Comment\",\"target\":[\"https:\/\/www.africa-press.net\/congo-brazzaville\/politique\/cooperation-le-maroc-et-lazerbaidjan-signent-des-accords-dans-plusieurs-domaines#respond\"]}]},{\"@type\":\"WebPage\",\"@id\":\"https:\/\/www.africa-press.net\/congo-brazzaville\/politique\/cooperation-le-maroc-et-lazerbaidjan-signent-des-accords-dans-plusieurs-domaines\",\"url\":\"https:\/\/www.africa-press.net\/congo-brazzaville\/politique\/cooperation-le-maroc-et-lazerbaidjan-signent-des-accords-dans-plusieurs-domaines\",\"name\":\"Coop\u00e9ration : le Maroc et l\u2019Azerba\u00efdjan signent des accords dans plusieurs domaines - Congo Brazzaville\",\"isPartOf\":{\"@id\":\"https:\/\/www.africa-press.net\/congo-brazzaville\/#website\"},\"primaryImageOfPage\":{\"@id\":\"https:\/\/www.africa-press.net\/congo-brazzaville\/politique\/cooperation-le-maroc-et-lazerbaidjan-signent-des-accords-dans-plusieurs-domaines#primaryimage\"},\"image\":{\"@id\":\"https:\/\/www.africa-press.net\/congo-brazzaville\/politique\/cooperation-le-maroc-et-lazerbaidjan-signent-des-accords-dans-plusieurs-domaines#primaryimage\"},\"thumbnailUrl\":\"https:\/\/static.africa-press.net\/congo-brazzaville\/sites\/51\/2023\/11\/sm_1699995988.571302.jpg\",\"datePublished\":\"2023-11-14T23:42:43+00:00\",\"dateModified\":\"2023-11-15T00:40:24+00:00\",\"author\":{\"@id\":\"https:\/\/www.africa-press.net\/congo-brazzaville\/#\/schema\/person\/2b1cf3cd81a31e3cd26889ca66d677f1\"},\"description\":\"Le ministre des Affaires e\u0301trange\u0300res, de la Coope\u0301ration africaine et des Marocains de l\u2019e\u0301tranger, Nasser Bourita, et ...\",\"breadcrumb\":{\"@id\":\"https:\/\/www.africa-press.net\/congo-brazzaville\/politique\/cooperation-le-maroc-et-lazerbaidjan-signent-des-accords-dans-plusieurs-domaines#breadcrumb\"},\"inLanguage\":\"fr-FR\",\"potentialAction\":[{\"@type\":\"ReadAction\",\"target\":[\"https:\/\/www.africa-press.net\/congo-brazzaville\/politique\/cooperation-le-maroc-et-lazerbaidjan-signent-des-accords-dans-plusieurs-domaines\"]}]},{\"@type\":\"ImageObject\",\"inLanguage\":\"fr-FR\",\"@id\":\"https:\/\/www.africa-press.net\/congo-brazzaville\/politique\/cooperation-le-maroc-et-lazerbaidjan-signent-des-accords-dans-plusieurs-domaines#primaryimage\",\"url\":\"https:\/\/static.africa-press.net\/congo-brazzaville\/sites\/51\/2023\/11\/sm_1699995988.571302.jpg\",\"contentUrl\":\"https:\/\/static.africa-press.net\/congo-brazzaville\/sites\/51\/2023\/11\/sm_1699995988.571302.jpg\",\"width\":1152,\"height\":768,\"caption\":\"Coop\u00e9ration : le Maroc et l\u2019Azerba\u00efdjan signent des accords dans plusieurs domaines\"},{\"@type\":\"BreadcrumbList\",\"@id\":\"https:\/\/www.africa-press.net\/congo-brazzaville\/politique\/cooperation-le-maroc-et-lazerbaidjan-signent-des-accords-dans-plusieurs-domaines#breadcrumb\",\"itemListElement\":[{\"@type\":\"ListItem\",\"position\":1,\"name\":\"Accueil\",\"item\":\"https:\/\/www.africa-press.net\/congo-brazzaville\/\"},{\"@type\":\"ListItem\",\"position\":2,\"name\":\"Coop\u00e9ration : le Maroc et l\u2019Azerba\u00efdjan signent des accords dans plusieurs domaines\"}]},{\"@type\":\"WebSite\",\"@id\":\"https:\/\/www.africa-press.net\/congo-brazzaville\/#website\",\"url\":\"https:\/\/www.africa-press.net\/congo-brazzaville\/\",\"name\":\"Congo Brazzaville\",\"description\":\"Just another Africa News Agency Sites site\",\"potentialAction\":[{\"@type\":\"SearchAction\",\"target\":{\"@type\":\"EntryPoint\",\"urlTemplate\":\"https:\/\/www.africa-press.net\/congo-brazzaville\/?s={search_term_string}\"},\"query-input\":{\"@type\":\"PropertyValueSpecification\",\"valueRequired\":true,\"valueName\":\"search_term_string\"}}],\"inLanguage\":\"fr-FR\"},{\"@type\":\"Person\",\"@id\":\"https:\/\/www.africa-press.net\/congo-brazzaville\/#\/schema\/person\/2b1cf3cd81a31e3cd26889ca66d677f1\",\"name\":\"cfeditorfr\"}]}<\/script>\n<!-- \/ Yoast SEO Premium plugin. -->","yoast_head_json":{"title":"Coop\u00e9ration : le Maroc et l\u2019Azerba\u00efdjan signent des accords dans plusieurs domaines - Congo Brazzaville","description":"Le ministre des Affaires e\u0301trange\u0300res, de la Coope\u0301ration africaine et des Marocains de l\u2019e\u0301tranger, Nasser Bourita, et ...","robots":{"index":"index","follow":"follow","max-snippet":"max-snippet:-1","max-image-preview":"max-image-preview:large","max-video-preview":"max-video-preview:-1"},"canonical":"https:\/\/www.africa-press.net\/congo-brazzaville\/politique\/cooperation-le-maroc-et-lazerbaidjan-signent-des-accords-dans-plusieurs-domaines","og_locale":"fr_FR","og_type":"article","og_title":"Coop\u00e9ration : le Maroc et l\u2019Azerba\u00efdjan signent des accords dans plusieurs domaines","og_description":"Le ministre des Affaires e\u0301trange\u0300res, de la Coope\u0301ration africaine et des Marocains de l\u2019e\u0301tranger, Nasser Bourita, et ...","og_url":"https:\/\/www.africa-press.net\/congo-brazzaville\/politique\/cooperation-le-maroc-et-lazerbaidjan-signent-des-accords-dans-plusieurs-domaines","og_site_name":"Congo Brazzaville","article_published_time":"2023-11-14T23:42:43+00:00","article_modified_time":"2023-11-15T00:40:24+00:00","og_image":[{"width":1152,"height":768,"url":"https:\/\/static.africa-press.net\/congo-brazzaville\/sites\/51\/2023\/11\/sm_1699995988.571302.jpg","type":"image\/jpeg"}],"author":"cfeditorfr","twitter_card":"summary_large_image","twitter_misc":{"\u00c9crit par":"cfeditorfr","Dur\u00e9e de lecture estim\u00e9e":"2 minutes"},"schema":{"@context":"https:\/\/schema.org","@graph":[{"@type":"Article","@id":"https:\/\/www.africa-press.net\/congo-brazzaville\/politique\/cooperation-le-maroc-et-lazerbaidjan-signent-des-accords-dans-plusieurs-domaines#article","isPartOf":{"@id":"https:\/\/www.africa-press.net\/congo-brazzaville\/politique\/cooperation-le-maroc-et-lazerbaidjan-signent-des-accords-dans-plusieurs-domaines"},"author":{"name":"cfeditorfr","@id":"https:\/\/www.africa-press.net\/congo-brazzaville\/#\/schema\/person\/2b1cf3cd81a31e3cd26889ca66d677f1"},"headline":"Coop\u00e9ration : le Maroc et l\u2019Azerba\u00efdjan signent des accords dans plusieurs domaines","datePublished":"2023-11-14T23:42:43+00:00","dateModified":"2023-11-15T00:40:24+00:00","mainEntityOfPage":{"@id":"https:\/\/www.africa-press.net\/congo-brazzaville\/politique\/cooperation-le-maroc-et-lazerbaidjan-signent-des-accords-dans-plusieurs-domaines"},"wordCount":428,"commentCount":0,"image":{"@id":"https:\/\/www.africa-press.net\/congo-brazzaville\/politique\/cooperation-le-maroc-et-lazerbaidjan-signent-des-accords-dans-plusieurs-domaines#primaryimage"},"thumbnailUrl":"https:\/\/static.africa-press.net\/congo-brazzaville\/sites\/51\/2023\/11\/sm_1699995988.571302.jpg","keywords":["Africa Press","Africa Press-Congo Brazzaville","Congo Brazzaville"],"articleSection":["Politique","to-homepage","Top Nouvelles","Toutes les actualit\u00e9s"],"inLanguage":"fr-FR","potentialAction":[{"@type":"CommentAction","name":"Comment","target":["https:\/\/www.africa-press.net\/congo-brazzaville\/politique\/cooperation-le-maroc-et-lazerbaidjan-signent-des-accords-dans-plusieurs-domaines#respond"]}]},{"@type":"WebPage","@id":"https:\/\/www.africa-press.net\/congo-brazzaville\/politique\/cooperation-le-maroc-et-lazerbaidjan-signent-des-accords-dans-plusieurs-domaines","url":"https:\/\/www.africa-press.net\/congo-brazzaville\/politique\/cooperation-le-maroc-et-lazerbaidjan-signent-des-accords-dans-plusieurs-domaines","name":"Coop\u00e9ration : le Maroc et l\u2019Azerba\u00efdjan signent des accords dans plusieurs domaines - Congo Brazzaville","isPartOf":{"@id":"https:\/\/www.africa-press.net\/congo-brazzaville\/#website"},"primaryImageOfPage":{"@id":"https:\/\/www.africa-press.net\/congo-brazzaville\/politique\/cooperation-le-maroc-et-lazerbaidjan-signent-des-accords-dans-plusieurs-domaines#primaryimage"},"image":{"@id":"https:\/\/www.africa-press.net\/congo-brazzaville\/politique\/cooperation-le-maroc-et-lazerbaidjan-signent-des-accords-dans-plusieurs-domaines#primaryimage"},"thumbnailUrl":"https:\/\/static.africa-press.net\/congo-brazzaville\/sites\/51\/2023\/11\/sm_1699995988.571302.jpg","datePublished":"2023-11-14T23:42:43+00:00","dateModified":"2023-11-15T00:40:24+00:00","author":{"@id":"https:\/\/www.africa-press.net\/congo-brazzaville\/#\/schema\/person\/2b1cf3cd81a31e3cd26889ca66d677f1"},"description":"Le ministre des Affaires e\u0301trange\u0300res, de la Coope\u0301ration africaine et des Marocains de l\u2019e\u0301tranger, Nasser Bourita, et ...","breadcrumb":{"@id":"https:\/\/www.africa-press.net\/congo-brazzaville\/politique\/cooperation-le-maroc-et-lazerbaidjan-signent-des-accords-dans-plusieurs-domaines#breadcrumb"},"inLanguage":"fr-FR","potentialAction":[{"@type":"ReadAction","target":["https:\/\/www.africa-press.net\/congo-brazzaville\/politique\/cooperation-le-maroc-et-lazerbaidjan-signent-des-accords-dans-plusieurs-domaines"]}]},{"@type":"ImageObject","inLanguage":"fr-FR","@id":"https:\/\/www.africa-press.net\/congo-brazzaville\/politique\/cooperation-le-maroc-et-lazerbaidjan-signent-des-accords-dans-plusieurs-domaines#primaryimage","url":"https:\/\/static.africa-press.net\/congo-brazzaville\/sites\/51\/2023\/11\/sm_1699995988.571302.jpg","contentUrl":"https:\/\/static.africa-press.net\/congo-brazzaville\/sites\/51\/2023\/11\/sm_1699995988.571302.jpg","width":1152,"height":768,"caption":"Coop\u00e9ration : le Maroc et l\u2019Azerba\u00efdjan signent des accords dans plusieurs domaines"},{"@type":"BreadcrumbList","@id":"https:\/\/www.africa-press.net\/congo-brazzaville\/politique\/cooperation-le-maroc-et-lazerbaidjan-signent-des-accords-dans-plusieurs-domaines#breadcrumb","itemListElement":[{"@type":"ListItem","position":1,"name":"Accueil","item":"https:\/\/www.africa-press.net\/congo-brazzaville\/"},{"@type":"ListItem","position":2,"name":"Coop\u00e9ration : le Maroc et l\u2019Azerba\u00efdjan signent des accords dans plusieurs domaines"}]},{"@type":"WebSite","@id":"https:\/\/www.africa-press.net\/congo-brazzaville\/#website","url":"https:\/\/www.africa-press.net\/congo-brazzaville\/","name":"Congo Brazzaville","description":"Just another Africa News Agency Sites site","potentialAction":[{"@type":"SearchAction","target":{"@type":"EntryPoint","urlTemplate":"https:\/\/www.africa-press.net\/congo-brazzaville\/?s={search_term_string}"},"query-input":{"@type":"PropertyValueSpecification","valueRequired":true,"valueName":"search_term_string"}}],"inLanguage":"fr-FR"},{"@type":"Person","@id":"https:\/\/www.africa-press.net\/congo-brazzaville\/#\/schema\/person\/2b1cf3cd81a31e3cd26889ca66d677f1","name":"cfeditorfr"}]}},"_links":{"self":[{"href":"https:\/\/www.africa-press.net\/congo-brazzaville\/wp-json\/wp\/v2\/posts\/24202","targetHints":{"allow":["GET"]}}],"collection":[{"href":"https:\/\/www.africa-press.net\/congo-brazzaville\/wp-json\/wp\/v2\/posts"}],"about":[{"href":"https:\/\/www.africa-press.net\/congo-brazzaville\/wp-json\/wp\/v2\/types\/post"}],"author":[{"embeddable":true,"href":"https:\/\/www.africa-press.net\/congo-brazzaville\/wp-json\/wp\/v2\/users\/82"}],"replies":[{"embeddable":true,"href":"https:\/\/www.africa-press.net\/congo-brazzaville\/wp-json\/wp\/v2\/comments?post=24202"}],"version-history":[{"count":0,"href":"https:\/\/www.africa-press.net\/congo-brazzaville\/wp-json\/wp\/v2\/posts\/24202\/revisions"}],"wp:featuredmedia":[{"embeddable":true,"href":"https:\/\/www.africa-press.net\/congo-brazzaville\/wp-json\/wp\/v2\/media\/24201"}],"wp:attachment":[{"href":"https:\/\/www.africa-press.net\/congo-brazzaville\/wp-json\/wp\/v2\/media?parent=24202"}],"wp:term":[{"taxonomy":"category","embeddable":true,"href":"https:\/\/www.africa-press.net\/congo-brazzaville\/wp-json\/wp\/v2\/categories?post=24202"},{"taxonomy":"post_tag","embeddable":true,"href":"https:\/\/www.africa-press.net\/congo-brazzaville\/wp-json\/wp\/v2\/tags?post=24202"}],"curies":[{"name":"wp","href":"https:\/\/api.w.org\/{rel}","templated":true}]}}