{"id":24754,"date":"2023-11-30T11:48:29","date_gmt":"2023-11-30T11:48:29","guid":{"rendered":"https:\/\/www.africa-press.net\/congo-brazzaville\/politique\/drame-dornano-le-president-denis-sassou-nguesso-reconforte-les-parents-des-victimes"},"modified":"2023-11-30T11:55:26","modified_gmt":"2023-11-30T11:55:26","slug":"drame-dornano-le-president-denis-sassou-nguesso-reconforte-les-parents-des-victimes","status":"publish","type":"post","link":"https:\/\/www.africa-press.net\/congo-brazzaville\/politique\/drame-dornano-le-president-denis-sassou-nguesso-reconforte-les-parents-des-victimes","title":{"rendered":"Drame d&rsquo;Ornano: le pr\u00e9sident Denis Sassou N&rsquo;Guesso r\u00e9conforte les parents des victimes"},"content":{"rendered":"<p><span style=\"color: #ff6600\"><strong>Africa-Press &#8211; Congo Brazzaville. <\/strong><\/span><b>Partager la douleur, situer les responsabilite\u0301s du drame au double plan administratif et judiciaire, poursuivre le recrutement des jeunes a\u0300 Brazzaville en attribuant une place a\u0300 chaque famille e\u0301prouve\u0301e ont e\u0301te\u0301 les points aborde\u0301s par le pre\u0301sident Denis Sassou N\u2019Guesso lors de sa rencontre, le 29 novembre, avec les parents des victimes de la trage\u0301die du stade d\u2019Ornano, le 20 novembre dernier. <\/b><\/p>\n<p>Le pre\u0301sident de la Re\u0301publique a rec\u0327u dans l\u2019apre\u0300s-midi du mercredi 29 novembre au Palais du peuple les familles des victimes du drame du stade d&rsquo;Ornano au cours duquel 32 jeunes Congolais ont perdu la vie dans la nuit du 20 au 21 novembre, en marge des ope\u0301rations de recrutement dans les Forces arme\u0301es congolaises. La re\u0301ception s&rsquo;est de\u0301roule\u0301e en pre\u0301sence des membres de la cellule de crise dirige\u0301e par le Premier ministre, chef du gouvernement, Anatole Collinet Makosso.<\/p>\n<p><b>Emotion palpable<\/b><\/p>\n<p>De noir ve\u0302tues pour la plupart, les familles comme l\u2019assistance ont e\u0301coute\u0301 attentivement le message du chef de l\u2019Etat dans lequel, traverse\u0301 par l\u2019e\u0301motion, il a indique\u0301 saisir le moment de cette rencontre pour a\u0300 nouveau les re\u0301conforter apre\u0300s toutes les diligences apporte\u0301es au nom de la nation aux parents touche\u0301s par cette trage\u0301die : \u00ab Chers parents, j&rsquo;ai voulu prendre contact directement avec vous pour vous te\u0301moigner a\u0300 nouveau mon e\u0301motion, vous pre\u0301senter mes condole\u0301ances et vous re\u0301conforter. Il s&rsquo;est produit au stade d\u2019Ornano la situation dramatique que nous connaissons avec la perte de nos enfants. Je voulais vous remercier parce que face a\u0300 ce drame, vous avez adopte\u0301 une attitude responsable ; votre attitude responsable que la nation entie\u0300re salue et approuve \u00bb.<\/p>\n<p>Poursuivant son propos cette fois en lingala, le pre\u0301sident de la Re\u0301publique a indique\u0301 qu\u2019il aurait du\u0302 pour la circonstance e\u0302tre accompagne\u0301 par son e\u0301pouse mais qu\u2019elle est absente en raison du deuil qui les frappe tous les deux et leurs familles, a\u0300 travers la disparition, en Afrique du Sud, du fre\u0300re de la premie\u0300re dame dont le corps a e\u0301te\u0301 transfe\u0301re\u0301 a\u0300 Kinshasa, en Re\u0301publique de\u0301mocratique du Congo.<\/p>\n<p><b>Situer les responsabilite\u0301s<\/b><\/p>\n<p>\u00ab Merci pour le calme et la responsabilite\u0301 dont vous fai\u0302tes preuve dans cette douloureuse e\u0301preuve \u00bb, a poursuivi le pre\u0301sident de la Re\u0301publique, rappelant que des instructions sont donne\u0301es pour que les enque\u0302tes en cours e\u0301tablissent des responsabilite\u0301s sur les plans administratif et judiciaire et que des lec\u0327ons soient tire\u0301es. Pour le chef de l\u2019Etat, au niveau ou\u0300 sont ces enque\u0302tes \u00ab des mesures administratives devraient e\u0302tre prononce\u0301es en attendant les conclusions de l\u2019enque\u0302te judiciaire \u00bb. Le pre\u0301sident a souligne\u0301 que d\u2019aucuns souhaitaient voir cette situation douloureuse de\u0301ge\u0301ne\u0301rer en troubles, et qu\u2019il importe a\u0300 tous, au contraire, de garder le calme. L\u2019histoire de notre pays est marque\u0301e par des e\u0301ve\u0301nements tragiques, mais il est important, a-t-il poursuivi, de pre\u0301server la quie\u0301tude que connai\u0302t le Congo ces dernie\u0300res de\u0301cennies.<\/p>\n<p><b>Surmonter la douleur<\/b><\/p>\n<p>Le pre\u0301sident de la Re\u0301publique est enfin revenu sur les ope\u0301rations de recrutement en de\u0301clarant qu\u2019elles se poursuivront a\u0300 Brazzaville comme cela se passe dans tout le pays. Il a fait une annonce aux familles : \u00ab J\u2019ai donne\u0301 des instructions au commandement pour que dans le cadre du recrutement qui va se faire a\u0300 Brazzaville, qu\u2019il soit attribue\u0301 a\u0300 chacune des familles e\u0301prouve\u0301es un poste pour un e\u0301le\u0301ment apte de\u0301signe\u0301 par elle pour faire partie des contingents. Ce sera un te\u0301moignage, une image positive que nous garderons \u00bb. Il a demande\u0301 aux parents e\u0301plore\u0301s de s\u2019armer de courage car en de\u0301pit de la douleur, a-t-il plaide\u0301, \u00ab nous devons poursuivre la vie \u00bb. Il a pris l\u2019exemple sur lui-me\u0302me disant que comme parent, comme pe\u0300re, il connai\u0302t l\u2019intensite\u0301 de la douleur de perdre un enfant, un proche.<\/p>\n<p>Le pre\u0301sident de la Re\u0301publique faisait allusion a\u0300 la disparition de sa premie\u0300re fille, Edith, sans la citer, de\u0301ce\u0301de\u0301e en 2009, dans un moment tout particulier ou\u0300 en me\u0302me temps, il devait mener une campagne e\u0301lectorale en vue de la pre\u0301sidentielle de cette anne\u0301e-la\u0300. \u00ab Je ne savais pas que j\u2019allais pouvoir surmonter cette douleur \u00bb, a-t-il de\u0301clare\u0301. \u00ab Courage ! \u00bb, a lance\u0301 le chef de l\u2019Etat a\u0300 ses ho\u0302tes avant de serrer la main de chacun des repre\u0301sentants des familles rec\u0327ues.<\/p>\n\r\n                <style type=\"text\/css\">\r\n                    \r\n                    #td_uid_1_69ec4ce902cc3  .td-doubleSlider-2 .td-item1 {\r\n                        background: url(https:\/\/static.africa-press.net\/congo-brazzaville\/sites\/51\/2023\/11\/sm_1701332686.699846-80x60.jpg) 0 0 no-repeat;\r\n                    }\r\n                    #td_uid_1_69ec4ce902cc3  .td-doubleSlider-2 .td-item2 {\r\n                        background: url(https:\/\/static.africa-press.net\/congo-brazzaville\/sites\/51\/2023\/11\/sm_1701332696.652286-80x60.jpg) 0 0 no-repeat;\r\n                    }\r\n                <\/style>\r\n\r\n                <div id=\"td_uid_1_69ec4ce902cc3\" class=\"td-gallery td-slide-on-2-columns\">\r\n                    <div class=\"post_td_gallery\">\r\n                        <div class=\"td-gallery-slide-top\">\r\n                           <div class=\"td-gallery-title\"><\/div>\r\n\r\n                            <div class=\"td-gallery-controls-wrapper\">\r\n                                <div class=\"td-gallery-slide-count\"><span class=\"td-gallery-slide-item-focus\">1<\/span> de 2<\/div>\r\n                                <div class=\"td-gallery-slide-prev-next-but\">\r\n                                    <i class = \"td-icon-left doubleSliderPrevButton\"><\/i>\r\n                                    <i class = \"td-icon-right doubleSliderNextButton\"><\/i>\r\n                                <\/div>\r\n                            <\/div>\r\n                        <\/div>\r\n\r\n                        <div class = \"td-doubleSlider-1 \">\r\n                            <div class = \"td-slider\">\r\n                                \r\n                    <div class = \"td-slide-item td-item1\">\r\n                        <figure class=\"td-slide-galery-figure td-slide-popup-gallery\">\r\n                            <a class=\"slide-gallery-image-link\" href=\"https:\/\/static.africa-press.net\/congo-brazzaville\/sites\/51\/2023\/11\/sm_1701332686.699846.jpg\" title=\"sm_1701332686.699846\"  data-caption=\"\"  data-description=\"\">\r\n                                <img decoding=\"async\" src=\"https:\/\/static.africa-press.net\/congo-brazzaville\/sites\/51\/2023\/11\/sm_1701332686.699846.jpg\" srcset=\"https:\/\/static.africa-press.net\/congo-brazzaville\/sites\/51\/2023\/11\/sm_1701332686.699846.jpg 1080w, https:\/\/static.africa-press.net\/congo-brazzaville\/sites\/51\/2023\/11\/sm_1701332686.699846-300x200.jpg 300w, https:\/\/static.africa-press.net\/congo-brazzaville\/sites\/51\/2023\/11\/sm_1701332686.699846-1024x683.jpg 1024w, https:\/\/static.africa-press.net\/congo-brazzaville\/sites\/51\/2023\/11\/sm_1701332686.699846-768x512.jpg 768w\" sizes=\"(max-width: 1080px) 100vw, 1080px\" alt=\"\">\r\n                            <\/a>\r\n                            \r\n                        <\/figure>\r\n                    <\/div>\r\n                    <div class = \"td-slide-item td-item2\">\r\n                        <figure class=\"td-slide-galery-figure td-slide-popup-gallery\">\r\n                            <a class=\"slide-gallery-image-link\" href=\"https:\/\/static.africa-press.net\/congo-brazzaville\/sites\/51\/2023\/11\/sm_1701332696.652286.jpg\" title=\"sm_1701332696.652286\"  data-caption=\"\"  data-description=\"\">\r\n                                <img decoding=\"async\" src=\"https:\/\/static.africa-press.net\/congo-brazzaville\/sites\/51\/2023\/11\/sm_1701332696.652286.jpg\" srcset=\"https:\/\/static.africa-press.net\/congo-brazzaville\/sites\/51\/2023\/11\/sm_1701332696.652286.jpg 1152w, https:\/\/static.africa-press.net\/congo-brazzaville\/sites\/51\/2023\/11\/sm_1701332696.652286-300x200.jpg 300w, https:\/\/static.africa-press.net\/congo-brazzaville\/sites\/51\/2023\/11\/sm_1701332696.652286-1024x683.jpg 1024w, https:\/\/static.africa-press.net\/congo-brazzaville\/sites\/51\/2023\/11\/sm_1701332696.652286-768x512.jpg 768w\" sizes=\"(max-width: 1152px) 100vw, 1152px\" alt=\"\">\r\n                            <\/a>\r\n                            \r\n                        <\/figure>\r\n                    <\/div>\r\n                            <\/div>\r\n                        <\/div>\r\n\r\n                        <div class = \"td-doubleSlider-2\">\r\n                            <div class = \"td-slider\">\r\n                                \r\n                    <div class = \"td-button td-item1\">\r\n                        <div class = \"td-border\"><\/div>\r\n                    <\/div>\r\n                    <div class = \"td-button td-item2\">\r\n                        <div class = \"td-border\"><\/div>\r\n                    <\/div>\r\n                            <\/div>\r\n                        <\/div>\r\n\r\n                    <\/div>\r\n\r\n                <\/div>\r\n                \n<p><strong>Pour plus d&rsquo;informations et d&rsquo;analyses sur la <a href=\"https:\/\/www.africa-press.net\/congo-brazzaville\">Congo Brazzaville<\/a>, suivez <a href=\"https:\/\/www.africa-press.net\/\">Africa-Press<\/a><\/strong><\/p>\n","protected":false},"excerpt":{"rendered":"<p>Africa-Press &#8211; Congo Brazzaville. Partager la douleur, situer les responsabilite\u0301s du drame au double plan administratif et judiciaire, poursuivre le recrutement des jeunes a\u0300 Brazzaville en attribuant une place a\u0300 chaque famille e\u0301prouve\u0301e ont e\u0301te\u0301 les points aborde\u0301s par le pre\u0301sident Denis Sassou N\u2019Guesso lors de sa rencontre, le 29 novembre, avec les parents des [&hellip;]<\/p>\n","protected":false},"author":82,"featured_media":24752,"comment_status":"open","ping_status":"closed","sticky":false,"template":"","format":"standard","meta":{"footnotes":""},"categories":[8,2,20,10],"tags":[36,47,46],"class_list":["post-24754","post","type-post","status-publish","format-standard","has-post-thumbnail","hentry","category-photo","category-politique","category-top-nouvelles","category-toutes-les-actualites","tag-africa-press","tag-africa-press-congo-brazzaville","tag-congo-brazzaville"],"yoast_head":"<!-- This site is optimized with the Yoast SEO Premium plugin v26.1 (Yoast SEO v27.0) - https:\/\/yoast.com\/product\/yoast-seo-premium-wordpress\/ -->\n<title>Drame d&#039;Ornano: le pr\u00e9sident Denis Sassou N&#039;Guesso r\u00e9conforte les parents des victimes - Congo Brazzaville<\/title>\n<meta name=\"description\" content=\"Partager la douleur, situer les responsabilite\u0301s du drame au double plan administratif et judiciaire, poursuivre le r ...\" \/>\n<meta name=\"robots\" content=\"index, follow, max-snippet:-1, max-image-preview:large, max-video-preview:-1\" \/>\n<link rel=\"canonical\" href=\"https:\/\/www.africa-press.net\/congo-brazzaville\/politique\/drame-dornano-le-president-denis-sassou-nguesso-reconforte-les-parents-des-victimes\" \/>\n<meta property=\"og:locale\" content=\"fr_FR\" \/>\n<meta property=\"og:type\" content=\"article\" \/>\n<meta property=\"og:title\" content=\"Drame d&#039;Ornano: le pr\u00e9sident Denis Sassou N&#039;Guesso r\u00e9conforte les parents des victimes\" \/>\n<meta property=\"og:description\" content=\"Partager la douleur, situer les responsabilite\u0301s du drame au double plan administratif et judiciaire, poursuivre le r ...\" \/>\n<meta property=\"og:url\" content=\"https:\/\/www.africa-press.net\/congo-brazzaville\/politique\/drame-dornano-le-president-denis-sassou-nguesso-reconforte-les-parents-des-victimes\" \/>\n<meta property=\"og:site_name\" content=\"Congo Brazzaville\" \/>\n<meta property=\"article:published_time\" content=\"2023-11-30T11:48:29+00:00\" \/>\n<meta property=\"article:modified_time\" content=\"2023-11-30T11:55:26+00:00\" \/>\n<meta property=\"og:image\" content=\"https:\/\/static.africa-press.net\/congo-brazzaville\/sites\/51\/2023\/11\/sm_1701332706.871875.jpg\" \/>\n\t<meta property=\"og:image:width\" content=\"1080\" \/>\n\t<meta property=\"og:image:height\" content=\"720\" \/>\n\t<meta property=\"og:image:type\" content=\"image\/jpeg\" \/>\n<meta name=\"author\" content=\"cfeditorfr\" \/>\n<meta name=\"twitter:card\" content=\"summary_large_image\" \/>\n<meta name=\"twitter:label1\" content=\"\u00c9crit par\" \/>\n\t<meta name=\"twitter:data1\" content=\"cfeditorfr\" \/>\n\t<meta name=\"twitter:label2\" content=\"Dur\u00e9e de lecture estim\u00e9e\" \/>\n\t<meta name=\"twitter:data2\" content=\"4 minutes\" \/>\n<script type=\"application\/ld+json\" class=\"yoast-schema-graph\">{\"@context\":\"https:\/\/schema.org\",\"@graph\":[{\"@type\":\"Article\",\"@id\":\"https:\/\/www.africa-press.net\/congo-brazzaville\/politique\/drame-dornano-le-president-denis-sassou-nguesso-reconforte-les-parents-des-victimes#article\",\"isPartOf\":{\"@id\":\"https:\/\/www.africa-press.net\/congo-brazzaville\/politique\/drame-dornano-le-president-denis-sassou-nguesso-reconforte-les-parents-des-victimes\"},\"author\":{\"name\":\"cfeditorfr\",\"@id\":\"https:\/\/www.africa-press.net\/congo-brazzaville\/#\/schema\/person\/2b1cf3cd81a31e3cd26889ca66d677f1\"},\"headline\":\"Drame d&rsquo;Ornano: le pr\u00e9sident Denis Sassou N&rsquo;Guesso r\u00e9conforte les parents des victimes\",\"datePublished\":\"2023-11-30T11:48:29+00:00\",\"dateModified\":\"2023-11-30T11:55:26+00:00\",\"mainEntityOfPage\":{\"@id\":\"https:\/\/www.africa-press.net\/congo-brazzaville\/politique\/drame-dornano-le-president-denis-sassou-nguesso-reconforte-les-parents-des-victimes\"},\"wordCount\":836,\"commentCount\":0,\"image\":{\"@id\":\"https:\/\/www.africa-press.net\/congo-brazzaville\/politique\/drame-dornano-le-president-denis-sassou-nguesso-reconforte-les-parents-des-victimes#primaryimage\"},\"thumbnailUrl\":\"https:\/\/static.africa-press.net\/congo-brazzaville\/sites\/51\/2023\/11\/sm_1701332706.871875.jpg\",\"keywords\":[\"Africa Press\",\"Africa Press-Congo Brazzaville\",\"Congo Brazzaville\"],\"articleSection\":[\"Photo\",\"Politique\",\"Top Nouvelles\",\"Toutes les actualit\u00e9s\"],\"inLanguage\":\"fr-FR\",\"potentialAction\":[{\"@type\":\"CommentAction\",\"name\":\"Comment\",\"target\":[\"https:\/\/www.africa-press.net\/congo-brazzaville\/politique\/drame-dornano-le-president-denis-sassou-nguesso-reconforte-les-parents-des-victimes#respond\"]}]},{\"@type\":\"WebPage\",\"@id\":\"https:\/\/www.africa-press.net\/congo-brazzaville\/politique\/drame-dornano-le-president-denis-sassou-nguesso-reconforte-les-parents-des-victimes\",\"url\":\"https:\/\/www.africa-press.net\/congo-brazzaville\/politique\/drame-dornano-le-president-denis-sassou-nguesso-reconforte-les-parents-des-victimes\",\"name\":\"Drame d'Ornano: le pr\u00e9sident Denis Sassou N'Guesso r\u00e9conforte les parents des victimes - Congo Brazzaville\",\"isPartOf\":{\"@id\":\"https:\/\/www.africa-press.net\/congo-brazzaville\/#website\"},\"primaryImageOfPage\":{\"@id\":\"https:\/\/www.africa-press.net\/congo-brazzaville\/politique\/drame-dornano-le-president-denis-sassou-nguesso-reconforte-les-parents-des-victimes#primaryimage\"},\"image\":{\"@id\":\"https:\/\/www.africa-press.net\/congo-brazzaville\/politique\/drame-dornano-le-president-denis-sassou-nguesso-reconforte-les-parents-des-victimes#primaryimage\"},\"thumbnailUrl\":\"https:\/\/static.africa-press.net\/congo-brazzaville\/sites\/51\/2023\/11\/sm_1701332706.871875.jpg\",\"datePublished\":\"2023-11-30T11:48:29+00:00\",\"dateModified\":\"2023-11-30T11:55:26+00:00\",\"author\":{\"@id\":\"https:\/\/www.africa-press.net\/congo-brazzaville\/#\/schema\/person\/2b1cf3cd81a31e3cd26889ca66d677f1\"},\"description\":\"Partager la douleur, situer les responsabilite\u0301s du drame au double plan administratif et judiciaire, poursuivre le r ...\",\"breadcrumb\":{\"@id\":\"https:\/\/www.africa-press.net\/congo-brazzaville\/politique\/drame-dornano-le-president-denis-sassou-nguesso-reconforte-les-parents-des-victimes#breadcrumb\"},\"inLanguage\":\"fr-FR\",\"potentialAction\":[{\"@type\":\"ReadAction\",\"target\":[\"https:\/\/www.africa-press.net\/congo-brazzaville\/politique\/drame-dornano-le-president-denis-sassou-nguesso-reconforte-les-parents-des-victimes\"]}]},{\"@type\":\"ImageObject\",\"inLanguage\":\"fr-FR\",\"@id\":\"https:\/\/www.africa-press.net\/congo-brazzaville\/politique\/drame-dornano-le-president-denis-sassou-nguesso-reconforte-les-parents-des-victimes#primaryimage\",\"url\":\"https:\/\/static.africa-press.net\/congo-brazzaville\/sites\/51\/2023\/11\/sm_1701332706.871875.jpg\",\"contentUrl\":\"https:\/\/static.africa-press.net\/congo-brazzaville\/sites\/51\/2023\/11\/sm_1701332706.871875.jpg\",\"width\":1080,\"height\":720,\"caption\":\"Drame d'Ornano: le pr\u00e9sident Denis Sassou N'Guesso r\u00e9conforte les parents des victimes\"},{\"@type\":\"BreadcrumbList\",\"@id\":\"https:\/\/www.africa-press.net\/congo-brazzaville\/politique\/drame-dornano-le-president-denis-sassou-nguesso-reconforte-les-parents-des-victimes#breadcrumb\",\"itemListElement\":[{\"@type\":\"ListItem\",\"position\":1,\"name\":\"Accueil\",\"item\":\"https:\/\/www.africa-press.net\/congo-brazzaville\/\"},{\"@type\":\"ListItem\",\"position\":2,\"name\":\"Drame d&#8217;Ornano: le pr\u00e9sident Denis Sassou N&#8217;Guesso r\u00e9conforte les parents des victimes\"}]},{\"@type\":\"WebSite\",\"@id\":\"https:\/\/www.africa-press.net\/congo-brazzaville\/#website\",\"url\":\"https:\/\/www.africa-press.net\/congo-brazzaville\/\",\"name\":\"Congo Brazzaville\",\"description\":\"Just another Africa News Agency Sites site\",\"potentialAction\":[{\"@type\":\"SearchAction\",\"target\":{\"@type\":\"EntryPoint\",\"urlTemplate\":\"https:\/\/www.africa-press.net\/congo-brazzaville\/?s={search_term_string}\"},\"query-input\":{\"@type\":\"PropertyValueSpecification\",\"valueRequired\":true,\"valueName\":\"search_term_string\"}}],\"inLanguage\":\"fr-FR\"},{\"@type\":\"Person\",\"@id\":\"https:\/\/www.africa-press.net\/congo-brazzaville\/#\/schema\/person\/2b1cf3cd81a31e3cd26889ca66d677f1\",\"name\":\"cfeditorfr\"}]}<\/script>\n<!-- \/ Yoast SEO Premium plugin. -->","yoast_head_json":{"title":"Drame d'Ornano: le pr\u00e9sident Denis Sassou N'Guesso r\u00e9conforte les parents des victimes - Congo Brazzaville","description":"Partager la douleur, situer les responsabilite\u0301s du drame au double plan administratif et judiciaire, poursuivre le r ...","robots":{"index":"index","follow":"follow","max-snippet":"max-snippet:-1","max-image-preview":"max-image-preview:large","max-video-preview":"max-video-preview:-1"},"canonical":"https:\/\/www.africa-press.net\/congo-brazzaville\/politique\/drame-dornano-le-president-denis-sassou-nguesso-reconforte-les-parents-des-victimes","og_locale":"fr_FR","og_type":"article","og_title":"Drame d'Ornano: le pr\u00e9sident Denis Sassou N'Guesso r\u00e9conforte les parents des victimes","og_description":"Partager la douleur, situer les responsabilite\u0301s du drame au double plan administratif et judiciaire, poursuivre le r ...","og_url":"https:\/\/www.africa-press.net\/congo-brazzaville\/politique\/drame-dornano-le-president-denis-sassou-nguesso-reconforte-les-parents-des-victimes","og_site_name":"Congo Brazzaville","article_published_time":"2023-11-30T11:48:29+00:00","article_modified_time":"2023-11-30T11:55:26+00:00","og_image":[{"width":1080,"height":720,"url":"https:\/\/static.africa-press.net\/congo-brazzaville\/sites\/51\/2023\/11\/sm_1701332706.871875.jpg","type":"image\/jpeg"}],"author":"cfeditorfr","twitter_card":"summary_large_image","twitter_misc":{"\u00c9crit par":"cfeditorfr","Dur\u00e9e de lecture estim\u00e9e":"4 minutes"},"schema":{"@context":"https:\/\/schema.org","@graph":[{"@type":"Article","@id":"https:\/\/www.africa-press.net\/congo-brazzaville\/politique\/drame-dornano-le-president-denis-sassou-nguesso-reconforte-les-parents-des-victimes#article","isPartOf":{"@id":"https:\/\/www.africa-press.net\/congo-brazzaville\/politique\/drame-dornano-le-president-denis-sassou-nguesso-reconforte-les-parents-des-victimes"},"author":{"name":"cfeditorfr","@id":"https:\/\/www.africa-press.net\/congo-brazzaville\/#\/schema\/person\/2b1cf3cd81a31e3cd26889ca66d677f1"},"headline":"Drame d&rsquo;Ornano: le pr\u00e9sident Denis Sassou N&rsquo;Guesso r\u00e9conforte les parents des victimes","datePublished":"2023-11-30T11:48:29+00:00","dateModified":"2023-11-30T11:55:26+00:00","mainEntityOfPage":{"@id":"https:\/\/www.africa-press.net\/congo-brazzaville\/politique\/drame-dornano-le-president-denis-sassou-nguesso-reconforte-les-parents-des-victimes"},"wordCount":836,"commentCount":0,"image":{"@id":"https:\/\/www.africa-press.net\/congo-brazzaville\/politique\/drame-dornano-le-president-denis-sassou-nguesso-reconforte-les-parents-des-victimes#primaryimage"},"thumbnailUrl":"https:\/\/static.africa-press.net\/congo-brazzaville\/sites\/51\/2023\/11\/sm_1701332706.871875.jpg","keywords":["Africa Press","Africa Press-Congo Brazzaville","Congo Brazzaville"],"articleSection":["Photo","Politique","Top Nouvelles","Toutes les actualit\u00e9s"],"inLanguage":"fr-FR","potentialAction":[{"@type":"CommentAction","name":"Comment","target":["https:\/\/www.africa-press.net\/congo-brazzaville\/politique\/drame-dornano-le-president-denis-sassou-nguesso-reconforte-les-parents-des-victimes#respond"]}]},{"@type":"WebPage","@id":"https:\/\/www.africa-press.net\/congo-brazzaville\/politique\/drame-dornano-le-president-denis-sassou-nguesso-reconforte-les-parents-des-victimes","url":"https:\/\/www.africa-press.net\/congo-brazzaville\/politique\/drame-dornano-le-president-denis-sassou-nguesso-reconforte-les-parents-des-victimes","name":"Drame d'Ornano: le pr\u00e9sident Denis Sassou N'Guesso r\u00e9conforte les parents des victimes - Congo Brazzaville","isPartOf":{"@id":"https:\/\/www.africa-press.net\/congo-brazzaville\/#website"},"primaryImageOfPage":{"@id":"https:\/\/www.africa-press.net\/congo-brazzaville\/politique\/drame-dornano-le-president-denis-sassou-nguesso-reconforte-les-parents-des-victimes#primaryimage"},"image":{"@id":"https:\/\/www.africa-press.net\/congo-brazzaville\/politique\/drame-dornano-le-president-denis-sassou-nguesso-reconforte-les-parents-des-victimes#primaryimage"},"thumbnailUrl":"https:\/\/static.africa-press.net\/congo-brazzaville\/sites\/51\/2023\/11\/sm_1701332706.871875.jpg","datePublished":"2023-11-30T11:48:29+00:00","dateModified":"2023-11-30T11:55:26+00:00","author":{"@id":"https:\/\/www.africa-press.net\/congo-brazzaville\/#\/schema\/person\/2b1cf3cd81a31e3cd26889ca66d677f1"},"description":"Partager la douleur, situer les responsabilite\u0301s du drame au double plan administratif et judiciaire, poursuivre le r ...","breadcrumb":{"@id":"https:\/\/www.africa-press.net\/congo-brazzaville\/politique\/drame-dornano-le-president-denis-sassou-nguesso-reconforte-les-parents-des-victimes#breadcrumb"},"inLanguage":"fr-FR","potentialAction":[{"@type":"ReadAction","target":["https:\/\/www.africa-press.net\/congo-brazzaville\/politique\/drame-dornano-le-president-denis-sassou-nguesso-reconforte-les-parents-des-victimes"]}]},{"@type":"ImageObject","inLanguage":"fr-FR","@id":"https:\/\/www.africa-press.net\/congo-brazzaville\/politique\/drame-dornano-le-president-denis-sassou-nguesso-reconforte-les-parents-des-victimes#primaryimage","url":"https:\/\/static.africa-press.net\/congo-brazzaville\/sites\/51\/2023\/11\/sm_1701332706.871875.jpg","contentUrl":"https:\/\/static.africa-press.net\/congo-brazzaville\/sites\/51\/2023\/11\/sm_1701332706.871875.jpg","width":1080,"height":720,"caption":"Drame d'Ornano: le pr\u00e9sident Denis Sassou N'Guesso r\u00e9conforte les parents des victimes"},{"@type":"BreadcrumbList","@id":"https:\/\/www.africa-press.net\/congo-brazzaville\/politique\/drame-dornano-le-president-denis-sassou-nguesso-reconforte-les-parents-des-victimes#breadcrumb","itemListElement":[{"@type":"ListItem","position":1,"name":"Accueil","item":"https:\/\/www.africa-press.net\/congo-brazzaville\/"},{"@type":"ListItem","position":2,"name":"Drame d&#8217;Ornano: le pr\u00e9sident Denis Sassou N&#8217;Guesso r\u00e9conforte les parents des victimes"}]},{"@type":"WebSite","@id":"https:\/\/www.africa-press.net\/congo-brazzaville\/#website","url":"https:\/\/www.africa-press.net\/congo-brazzaville\/","name":"Congo Brazzaville","description":"Just another Africa News Agency Sites site","potentialAction":[{"@type":"SearchAction","target":{"@type":"EntryPoint","urlTemplate":"https:\/\/www.africa-press.net\/congo-brazzaville\/?s={search_term_string}"},"query-input":{"@type":"PropertyValueSpecification","valueRequired":true,"valueName":"search_term_string"}}],"inLanguage":"fr-FR"},{"@type":"Person","@id":"https:\/\/www.africa-press.net\/congo-brazzaville\/#\/schema\/person\/2b1cf3cd81a31e3cd26889ca66d677f1","name":"cfeditorfr"}]}},"_links":{"self":[{"href":"https:\/\/www.africa-press.net\/congo-brazzaville\/wp-json\/wp\/v2\/posts\/24754","targetHints":{"allow":["GET"]}}],"collection":[{"href":"https:\/\/www.africa-press.net\/congo-brazzaville\/wp-json\/wp\/v2\/posts"}],"about":[{"href":"https:\/\/www.africa-press.net\/congo-brazzaville\/wp-json\/wp\/v2\/types\/post"}],"author":[{"embeddable":true,"href":"https:\/\/www.africa-press.net\/congo-brazzaville\/wp-json\/wp\/v2\/users\/82"}],"replies":[{"embeddable":true,"href":"https:\/\/www.africa-press.net\/congo-brazzaville\/wp-json\/wp\/v2\/comments?post=24754"}],"version-history":[{"count":0,"href":"https:\/\/www.africa-press.net\/congo-brazzaville\/wp-json\/wp\/v2\/posts\/24754\/revisions"}],"wp:featuredmedia":[{"embeddable":true,"href":"https:\/\/www.africa-press.net\/congo-brazzaville\/wp-json\/wp\/v2\/media\/24752"}],"wp:attachment":[{"href":"https:\/\/www.africa-press.net\/congo-brazzaville\/wp-json\/wp\/v2\/media?parent=24754"}],"wp:term":[{"taxonomy":"category","embeddable":true,"href":"https:\/\/www.africa-press.net\/congo-brazzaville\/wp-json\/wp\/v2\/categories?post=24754"},{"taxonomy":"post_tag","embeddable":true,"href":"https:\/\/www.africa-press.net\/congo-brazzaville\/wp-json\/wp\/v2\/tags?post=24754"}],"curies":[{"name":"wp","href":"https:\/\/api.w.org\/{rel}","templated":true}]}}