{"id":24757,"date":"2023-11-30T11:48:37","date_gmt":"2023-11-30T11:48:37","guid":{"rendered":"https:\/\/www.africa-press.net\/congo-brazzaville\/politique\/inclusion-numerique-des-initiatives-pour-renforcer-la-connectivite-des-zones-rurales"},"modified":"2023-11-30T11:55:40","modified_gmt":"2023-11-30T11:55:40","slug":"inclusion-numerique-des-initiatives-pour-renforcer-la-connectivite-des-zones-rurales","status":"publish","type":"post","link":"https:\/\/www.africa-press.net\/congo-brazzaville\/economie\/inclusion-numerique-des-initiatives-pour-renforcer-la-connectivite-des-zones-rurales","title":{"rendered":"Inclusion num\u00e9rique : des initiatives pour renforcer la connectivit\u00e9 des zones rurales"},"content":{"rendered":"<p><span style=\"color: #ff6600\"><strong>Africa-Press &#8211; Congo Brazzaville. <\/strong><\/span><b>La concertation relative a\u0300 la pre\u0301sentation des dossiers d\u2019appels d&rsquo;offres visant a\u0300 favoriser la connectivite\u0301 des zones rurales a e\u0301te\u0301 ouverte, le 29 novembre, a\u0300 Brazzaville par le ministre des Postes, des Te\u0301le\u0301communications et de l\u2019Economie nume\u0301rique, Le\u0301on Juste Ibombo.<\/b><\/p>\n<p>Les membres de la coordination du Projet d\u2019acce\u0301le\u0301ration de la transformation nume\u0301rique (PATN) et les acteurs de l\u2019e\u0301cosyste\u0300me nume\u0301rique, notamment les ope\u0301rateurs mobiles et d&rsquo;infrastructures, vont discuter et prendre connaissance des dossiers d\u2019appels d\u2019offres pour la connectivite\u0301 des zones blanches.<\/p>\n<p>Pour le ministre Le\u0301on juste Ibombo, le lancement d&rsquo;une discussion ouverte et constructive avec les ope\u0301rateurs mobiles et d&rsquo;infrastructures est une initiative qui fait suite a\u0300 la mission d&rsquo;assistance technique du Fonds d\u2019acce\u0300s pour le service universel des communications e\u0301lectroniques (Fasuce), visant a\u0300 ame\u0301liorer la gouvernance et le ciblage des activite\u0301s de connectivite\u0301 dans les localite\u0301s rurales du Congo. Celle-ci, conduite par le groupe Smart World Partner, a e\u0301te\u0301 couronne\u0301e de succe\u0300s, avec des re\u0301sultats concrets tels que l&rsquo;identification de 185 localite\u0301s cibles et 76 sites Fasuce ne\u0301cessitant une couverture 3G et l\u2019installation de 41 salles multime\u0301dias. Ce qui apportera une couverture 3G a\u0300 un total de 404 000 habitants et qui repre\u0301sente plus de 7% de la population du Congo. \u00ab La connectivite\u0301 haut de\u0301bit des zones blanches ne peut e\u0302tre re\u0301alise\u0301e avec succe\u0300s que si nous travaillons ensemble, main dans la main, avec les ope\u0301rateurs mobiles et d\u2019infrastructures, qui ont une connaissance approfondie de notre industrie de te\u0301le\u0301communications et de notre marche\u0301. Nous souhaitons donc les impliquer activement dans la de\u0301finition du pe\u0301rime\u0300tre de nos prochains appels d&rsquo;offres pour la connectivite\u0301 des zones blanches \u00bb, a de\u0301clare\u0301 le ministre Le\u0301on Juste Ibombo. \u00ab En travaillant de concert, nous pouvons optimiser nos ressources et veiller a\u0300 ce que chaque franc CFA investi dans la connectivite\u0301 des zones blanches produise un impact maximal \u00bb, a-t-il ajoute\u0301.<\/p>\n<p>Le ministre charge\u0301 des Postes a, par ailleurs, fait savoir que la connectivite\u0301 haut de\u0301bit ouvre des portes a\u0300 l&rsquo;information, a\u0300 l&rsquo;e\u0301ducation, a\u0300 la sante\u0301, a\u0300 l&#8217;emploi et a\u0300 de nouvelles opportunite\u0301s pour les concitoyens. Cependant, pour des personnes vivant dans les zones rurales, ces portes restent encore ferme\u0301es en raison de l&rsquo;absence de connectivite\u0301. D\u2019apre\u0300s lui, les zones blanches, ces re\u0301gions e\u0301loigne\u0301es et souvent oublie\u0301es, sont au c\u0153ur de l\u2019engagement du gouvernement a\u0300 ba\u0302tir un avenir nume\u0301rique inclusif pour tous. \u00ab Aujourd&rsquo;hui marque une e\u0301tape cruciale dans notre que\u0302te pour un Congo nume\u0301riquement inclusif. La ce\u0301re\u0301monie de pre\u0301sentation des dossiers d&rsquo;appels d&rsquo;offres pour la connectivite\u0301 des zones rurales est un moment-cle\u0301 ou\u0300 l&rsquo;avenir de notre nation se dessine. Nous sommes re\u0301unis pour ouvrir la voie a\u0300 une connectivite\u0301 e\u0301tendue et offrir aux re\u0301gions e\u0301loigne\u0301es les me\u0302mes opportunite\u0301s nume\u0301riques que les zones urbaines \u00bb, a souligne\u0301 le coordonnateur du PATN, Francis Seck Mangouani.<\/p>\n<p>Selon lui, la participation de ces acteurs dans ce processus est essentielle. \u00ab&#8230; En unissant nos forces, nous pouvons franchir les frontie\u0300res nume\u0301riques et offrir des opportunite\u0301s e\u0301quitables a\u0300 tous les citoyens du Congo \u00bb, a-t-il conclu.<\/p>\n<p><strong>Pour plus d&rsquo;informations et d&rsquo;analyses sur la <a href=\"https:\/\/www.africa-press.net\/congo-brazzaville\">Congo Brazzaville<\/a>, suivez <a href=\"https:\/\/www.africa-press.net\/\">Africa-Press<\/a><\/strong><\/p>\n","protected":false},"excerpt":{"rendered":"<p>Africa-Press &#8211; Congo Brazzaville. La concertation relative a\u0300 la pre\u0301sentation des dossiers d\u2019appels d&rsquo;offres visant a\u0300 favoriser la connectivite\u0301 des zones rurales a e\u0301te\u0301 ouverte, le 29 novembre, a\u0300 Brazzaville par le ministre des Postes, des Te\u0301le\u0301communications et de l\u2019Economie nume\u0301rique, Le\u0301on Juste Ibombo. Les membres de la coordination du Projet d\u2019acce\u0301le\u0301ration de la transformation [&hellip;]<\/p>\n","protected":false},"author":82,"featured_media":24755,"comment_status":"open","ping_status":"closed","sticky":false,"template":"","format":"standard","meta":{"footnotes":""},"categories":[3,10],"tags":[36,47,46],"class_list":["post-24757","post","type-post","status-publish","format-standard","has-post-thumbnail","hentry","category-economie","category-toutes-les-actualites","tag-africa-press","tag-africa-press-congo-brazzaville","tag-congo-brazzaville"],"yoast_head":"<!-- This site is optimized with the Yoast SEO Premium plugin v26.1 (Yoast SEO v27.0) - https:\/\/yoast.com\/product\/yoast-seo-premium-wordpress\/ -->\n<title>Inclusion num\u00e9rique : des initiatives pour renforcer la connectivit\u00e9 des zones rurales - Congo Brazzaville<\/title>\n<meta name=\"description\" content=\"La concertation relative a\u0300 la pre\u0301sentation des dossiers d\u2019appels d&#039;offres visant a\u0300 favoriser la connectivite\u0301 des ...\" \/>\n<meta name=\"robots\" content=\"index, follow, max-snippet:-1, max-image-preview:large, max-video-preview:-1\" \/>\n<link rel=\"canonical\" href=\"https:\/\/www.africa-press.net\/congo-brazzaville\/economie\/inclusion-numerique-des-initiatives-pour-renforcer-la-connectivite-des-zones-rurales\" \/>\n<meta property=\"og:locale\" content=\"fr_FR\" \/>\n<meta property=\"og:type\" content=\"article\" \/>\n<meta property=\"og:title\" content=\"Inclusion num\u00e9rique : des initiatives pour renforcer la connectivit\u00e9 des zones rurales\" \/>\n<meta property=\"og:description\" content=\"La concertation relative a\u0300 la pre\u0301sentation des dossiers d\u2019appels d&#039;offres visant a\u0300 favoriser la connectivite\u0301 des ...\" \/>\n<meta property=\"og:url\" content=\"https:\/\/www.africa-press.net\/congo-brazzaville\/economie\/inclusion-numerique-des-initiatives-pour-renforcer-la-connectivite-des-zones-rurales\" \/>\n<meta property=\"og:site_name\" content=\"Congo Brazzaville\" \/>\n<meta property=\"article:published_time\" content=\"2023-11-30T11:48:37+00:00\" \/>\n<meta property=\"article:modified_time\" content=\"2023-11-30T11:55:40+00:00\" \/>\n<meta property=\"og:image\" content=\"https:\/\/static.africa-press.net\/congo-brazzaville\/sites\/51\/2023\/11\/sm_1701332721.362292.jpg\" \/>\n\t<meta property=\"og:image:width\" content=\"1024\" \/>\n\t<meta property=\"og:image:height\" content=\"768\" \/>\n\t<meta property=\"og:image:type\" content=\"image\/jpeg\" \/>\n<meta name=\"author\" content=\"cfeditorfr\" \/>\n<meta name=\"twitter:card\" content=\"summary_large_image\" \/>\n<meta name=\"twitter:label1\" content=\"\u00c9crit par\" \/>\n\t<meta name=\"twitter:data1\" content=\"cfeditorfr\" \/>\n\t<meta name=\"twitter:label2\" content=\"Dur\u00e9e de lecture estim\u00e9e\" \/>\n\t<meta name=\"twitter:data2\" content=\"3 minutes\" \/>\n<script type=\"application\/ld+json\" class=\"yoast-schema-graph\">{\"@context\":\"https:\/\/schema.org\",\"@graph\":[{\"@type\":\"Article\",\"@id\":\"https:\/\/www.africa-press.net\/congo-brazzaville\/economie\/inclusion-numerique-des-initiatives-pour-renforcer-la-connectivite-des-zones-rurales#article\",\"isPartOf\":{\"@id\":\"https:\/\/www.africa-press.net\/congo-brazzaville\/economie\/inclusion-numerique-des-initiatives-pour-renforcer-la-connectivite-des-zones-rurales\"},\"author\":{\"name\":\"cfeditorfr\",\"@id\":\"https:\/\/www.africa-press.net\/congo-brazzaville\/#\/schema\/person\/2b1cf3cd81a31e3cd26889ca66d677f1\"},\"headline\":\"Inclusion num\u00e9rique : des initiatives pour renforcer la connectivit\u00e9 des zones rurales\",\"datePublished\":\"2023-11-30T11:48:37+00:00\",\"dateModified\":\"2023-11-30T11:55:40+00:00\",\"mainEntityOfPage\":{\"@id\":\"https:\/\/www.africa-press.net\/congo-brazzaville\/economie\/inclusion-numerique-des-initiatives-pour-renforcer-la-connectivite-des-zones-rurales\"},\"wordCount\":607,\"commentCount\":0,\"image\":{\"@id\":\"https:\/\/www.africa-press.net\/congo-brazzaville\/economie\/inclusion-numerique-des-initiatives-pour-renforcer-la-connectivite-des-zones-rurales#primaryimage\"},\"thumbnailUrl\":\"https:\/\/static.africa-press.net\/congo-brazzaville\/sites\/51\/2023\/11\/sm_1701332721.362292.jpg\",\"keywords\":[\"Africa Press\",\"Africa Press-Congo Brazzaville\",\"Congo Brazzaville\"],\"articleSection\":[\"\u00c9conomie\",\"Toutes les actualit\u00e9s\"],\"inLanguage\":\"fr-FR\",\"potentialAction\":[{\"@type\":\"CommentAction\",\"name\":\"Comment\",\"target\":[\"https:\/\/www.africa-press.net\/congo-brazzaville\/economie\/inclusion-numerique-des-initiatives-pour-renforcer-la-connectivite-des-zones-rurales#respond\"]}]},{\"@type\":\"WebPage\",\"@id\":\"https:\/\/www.africa-press.net\/congo-brazzaville\/economie\/inclusion-numerique-des-initiatives-pour-renforcer-la-connectivite-des-zones-rurales\",\"url\":\"https:\/\/www.africa-press.net\/congo-brazzaville\/economie\/inclusion-numerique-des-initiatives-pour-renforcer-la-connectivite-des-zones-rurales\",\"name\":\"Inclusion num\u00e9rique : des initiatives pour renforcer la connectivit\u00e9 des zones rurales - Congo Brazzaville\",\"isPartOf\":{\"@id\":\"https:\/\/www.africa-press.net\/congo-brazzaville\/#website\"},\"primaryImageOfPage\":{\"@id\":\"https:\/\/www.africa-press.net\/congo-brazzaville\/economie\/inclusion-numerique-des-initiatives-pour-renforcer-la-connectivite-des-zones-rurales#primaryimage\"},\"image\":{\"@id\":\"https:\/\/www.africa-press.net\/congo-brazzaville\/economie\/inclusion-numerique-des-initiatives-pour-renforcer-la-connectivite-des-zones-rurales#primaryimage\"},\"thumbnailUrl\":\"https:\/\/static.africa-press.net\/congo-brazzaville\/sites\/51\/2023\/11\/sm_1701332721.362292.jpg\",\"datePublished\":\"2023-11-30T11:48:37+00:00\",\"dateModified\":\"2023-11-30T11:55:40+00:00\",\"author\":{\"@id\":\"https:\/\/www.africa-press.net\/congo-brazzaville\/#\/schema\/person\/2b1cf3cd81a31e3cd26889ca66d677f1\"},\"description\":\"La concertation relative a\u0300 la pre\u0301sentation des dossiers d\u2019appels d'offres visant a\u0300 favoriser la connectivite\u0301 des ...\",\"breadcrumb\":{\"@id\":\"https:\/\/www.africa-press.net\/congo-brazzaville\/economie\/inclusion-numerique-des-initiatives-pour-renforcer-la-connectivite-des-zones-rurales#breadcrumb\"},\"inLanguage\":\"fr-FR\",\"potentialAction\":[{\"@type\":\"ReadAction\",\"target\":[\"https:\/\/www.africa-press.net\/congo-brazzaville\/economie\/inclusion-numerique-des-initiatives-pour-renforcer-la-connectivite-des-zones-rurales\"]}]},{\"@type\":\"ImageObject\",\"inLanguage\":\"fr-FR\",\"@id\":\"https:\/\/www.africa-press.net\/congo-brazzaville\/economie\/inclusion-numerique-des-initiatives-pour-renforcer-la-connectivite-des-zones-rurales#primaryimage\",\"url\":\"https:\/\/static.africa-press.net\/congo-brazzaville\/sites\/51\/2023\/11\/sm_1701332721.362292.jpg\",\"contentUrl\":\"https:\/\/static.africa-press.net\/congo-brazzaville\/sites\/51\/2023\/11\/sm_1701332721.362292.jpg\",\"width\":1024,\"height\":768,\"caption\":\"Inclusion num\u00e9rique : des initiatives pour renforcer la connectivit\u00e9 des zones rurales\"},{\"@type\":\"BreadcrumbList\",\"@id\":\"https:\/\/www.africa-press.net\/congo-brazzaville\/economie\/inclusion-numerique-des-initiatives-pour-renforcer-la-connectivite-des-zones-rurales#breadcrumb\",\"itemListElement\":[{\"@type\":\"ListItem\",\"position\":1,\"name\":\"Accueil\",\"item\":\"https:\/\/www.africa-press.net\/congo-brazzaville\/\"},{\"@type\":\"ListItem\",\"position\":2,\"name\":\"Inclusion num\u00e9rique : des initiatives pour renforcer la connectivit\u00e9 des zones rurales\"}]},{\"@type\":\"WebSite\",\"@id\":\"https:\/\/www.africa-press.net\/congo-brazzaville\/#website\",\"url\":\"https:\/\/www.africa-press.net\/congo-brazzaville\/\",\"name\":\"Congo Brazzaville\",\"description\":\"Just another Africa News Agency Sites site\",\"potentialAction\":[{\"@type\":\"SearchAction\",\"target\":{\"@type\":\"EntryPoint\",\"urlTemplate\":\"https:\/\/www.africa-press.net\/congo-brazzaville\/?s={search_term_string}\"},\"query-input\":{\"@type\":\"PropertyValueSpecification\",\"valueRequired\":true,\"valueName\":\"search_term_string\"}}],\"inLanguage\":\"fr-FR\"},{\"@type\":\"Person\",\"@id\":\"https:\/\/www.africa-press.net\/congo-brazzaville\/#\/schema\/person\/2b1cf3cd81a31e3cd26889ca66d677f1\",\"name\":\"cfeditorfr\"}]}<\/script>\n<!-- \/ Yoast SEO Premium plugin. -->","yoast_head_json":{"title":"Inclusion num\u00e9rique : des initiatives pour renforcer la connectivit\u00e9 des zones rurales - Congo Brazzaville","description":"La concertation relative a\u0300 la pre\u0301sentation des dossiers d\u2019appels d'offres visant a\u0300 favoriser la connectivite\u0301 des ...","robots":{"index":"index","follow":"follow","max-snippet":"max-snippet:-1","max-image-preview":"max-image-preview:large","max-video-preview":"max-video-preview:-1"},"canonical":"https:\/\/www.africa-press.net\/congo-brazzaville\/economie\/inclusion-numerique-des-initiatives-pour-renforcer-la-connectivite-des-zones-rurales","og_locale":"fr_FR","og_type":"article","og_title":"Inclusion num\u00e9rique : des initiatives pour renforcer la connectivit\u00e9 des zones rurales","og_description":"La concertation relative a\u0300 la pre\u0301sentation des dossiers d\u2019appels d'offres visant a\u0300 favoriser la connectivite\u0301 des ...","og_url":"https:\/\/www.africa-press.net\/congo-brazzaville\/economie\/inclusion-numerique-des-initiatives-pour-renforcer-la-connectivite-des-zones-rurales","og_site_name":"Congo Brazzaville","article_published_time":"2023-11-30T11:48:37+00:00","article_modified_time":"2023-11-30T11:55:40+00:00","og_image":[{"width":1024,"height":768,"url":"https:\/\/static.africa-press.net\/congo-brazzaville\/sites\/51\/2023\/11\/sm_1701332721.362292.jpg","type":"image\/jpeg"}],"author":"cfeditorfr","twitter_card":"summary_large_image","twitter_misc":{"\u00c9crit par":"cfeditorfr","Dur\u00e9e de lecture estim\u00e9e":"3 minutes"},"schema":{"@context":"https:\/\/schema.org","@graph":[{"@type":"Article","@id":"https:\/\/www.africa-press.net\/congo-brazzaville\/economie\/inclusion-numerique-des-initiatives-pour-renforcer-la-connectivite-des-zones-rurales#article","isPartOf":{"@id":"https:\/\/www.africa-press.net\/congo-brazzaville\/economie\/inclusion-numerique-des-initiatives-pour-renforcer-la-connectivite-des-zones-rurales"},"author":{"name":"cfeditorfr","@id":"https:\/\/www.africa-press.net\/congo-brazzaville\/#\/schema\/person\/2b1cf3cd81a31e3cd26889ca66d677f1"},"headline":"Inclusion num\u00e9rique : des initiatives pour renforcer la connectivit\u00e9 des zones rurales","datePublished":"2023-11-30T11:48:37+00:00","dateModified":"2023-11-30T11:55:40+00:00","mainEntityOfPage":{"@id":"https:\/\/www.africa-press.net\/congo-brazzaville\/economie\/inclusion-numerique-des-initiatives-pour-renforcer-la-connectivite-des-zones-rurales"},"wordCount":607,"commentCount":0,"image":{"@id":"https:\/\/www.africa-press.net\/congo-brazzaville\/economie\/inclusion-numerique-des-initiatives-pour-renforcer-la-connectivite-des-zones-rurales#primaryimage"},"thumbnailUrl":"https:\/\/static.africa-press.net\/congo-brazzaville\/sites\/51\/2023\/11\/sm_1701332721.362292.jpg","keywords":["Africa Press","Africa Press-Congo Brazzaville","Congo Brazzaville"],"articleSection":["\u00c9conomie","Toutes les actualit\u00e9s"],"inLanguage":"fr-FR","potentialAction":[{"@type":"CommentAction","name":"Comment","target":["https:\/\/www.africa-press.net\/congo-brazzaville\/economie\/inclusion-numerique-des-initiatives-pour-renforcer-la-connectivite-des-zones-rurales#respond"]}]},{"@type":"WebPage","@id":"https:\/\/www.africa-press.net\/congo-brazzaville\/economie\/inclusion-numerique-des-initiatives-pour-renforcer-la-connectivite-des-zones-rurales","url":"https:\/\/www.africa-press.net\/congo-brazzaville\/economie\/inclusion-numerique-des-initiatives-pour-renforcer-la-connectivite-des-zones-rurales","name":"Inclusion num\u00e9rique : des initiatives pour renforcer la connectivit\u00e9 des zones rurales - Congo Brazzaville","isPartOf":{"@id":"https:\/\/www.africa-press.net\/congo-brazzaville\/#website"},"primaryImageOfPage":{"@id":"https:\/\/www.africa-press.net\/congo-brazzaville\/economie\/inclusion-numerique-des-initiatives-pour-renforcer-la-connectivite-des-zones-rurales#primaryimage"},"image":{"@id":"https:\/\/www.africa-press.net\/congo-brazzaville\/economie\/inclusion-numerique-des-initiatives-pour-renforcer-la-connectivite-des-zones-rurales#primaryimage"},"thumbnailUrl":"https:\/\/static.africa-press.net\/congo-brazzaville\/sites\/51\/2023\/11\/sm_1701332721.362292.jpg","datePublished":"2023-11-30T11:48:37+00:00","dateModified":"2023-11-30T11:55:40+00:00","author":{"@id":"https:\/\/www.africa-press.net\/congo-brazzaville\/#\/schema\/person\/2b1cf3cd81a31e3cd26889ca66d677f1"},"description":"La concertation relative a\u0300 la pre\u0301sentation des dossiers d\u2019appels d'offres visant a\u0300 favoriser la connectivite\u0301 des ...","breadcrumb":{"@id":"https:\/\/www.africa-press.net\/congo-brazzaville\/economie\/inclusion-numerique-des-initiatives-pour-renforcer-la-connectivite-des-zones-rurales#breadcrumb"},"inLanguage":"fr-FR","potentialAction":[{"@type":"ReadAction","target":["https:\/\/www.africa-press.net\/congo-brazzaville\/economie\/inclusion-numerique-des-initiatives-pour-renforcer-la-connectivite-des-zones-rurales"]}]},{"@type":"ImageObject","inLanguage":"fr-FR","@id":"https:\/\/www.africa-press.net\/congo-brazzaville\/economie\/inclusion-numerique-des-initiatives-pour-renforcer-la-connectivite-des-zones-rurales#primaryimage","url":"https:\/\/static.africa-press.net\/congo-brazzaville\/sites\/51\/2023\/11\/sm_1701332721.362292.jpg","contentUrl":"https:\/\/static.africa-press.net\/congo-brazzaville\/sites\/51\/2023\/11\/sm_1701332721.362292.jpg","width":1024,"height":768,"caption":"Inclusion num\u00e9rique : des initiatives pour renforcer la connectivit\u00e9 des zones rurales"},{"@type":"BreadcrumbList","@id":"https:\/\/www.africa-press.net\/congo-brazzaville\/economie\/inclusion-numerique-des-initiatives-pour-renforcer-la-connectivite-des-zones-rurales#breadcrumb","itemListElement":[{"@type":"ListItem","position":1,"name":"Accueil","item":"https:\/\/www.africa-press.net\/congo-brazzaville\/"},{"@type":"ListItem","position":2,"name":"Inclusion num\u00e9rique : des initiatives pour renforcer la connectivit\u00e9 des zones rurales"}]},{"@type":"WebSite","@id":"https:\/\/www.africa-press.net\/congo-brazzaville\/#website","url":"https:\/\/www.africa-press.net\/congo-brazzaville\/","name":"Congo Brazzaville","description":"Just another Africa News Agency Sites site","potentialAction":[{"@type":"SearchAction","target":{"@type":"EntryPoint","urlTemplate":"https:\/\/www.africa-press.net\/congo-brazzaville\/?s={search_term_string}"},"query-input":{"@type":"PropertyValueSpecification","valueRequired":true,"valueName":"search_term_string"}}],"inLanguage":"fr-FR"},{"@type":"Person","@id":"https:\/\/www.africa-press.net\/congo-brazzaville\/#\/schema\/person\/2b1cf3cd81a31e3cd26889ca66d677f1","name":"cfeditorfr"}]}},"_links":{"self":[{"href":"https:\/\/www.africa-press.net\/congo-brazzaville\/wp-json\/wp\/v2\/posts\/24757","targetHints":{"allow":["GET"]}}],"collection":[{"href":"https:\/\/www.africa-press.net\/congo-brazzaville\/wp-json\/wp\/v2\/posts"}],"about":[{"href":"https:\/\/www.africa-press.net\/congo-brazzaville\/wp-json\/wp\/v2\/types\/post"}],"author":[{"embeddable":true,"href":"https:\/\/www.africa-press.net\/congo-brazzaville\/wp-json\/wp\/v2\/users\/82"}],"replies":[{"embeddable":true,"href":"https:\/\/www.africa-press.net\/congo-brazzaville\/wp-json\/wp\/v2\/comments?post=24757"}],"version-history":[{"count":0,"href":"https:\/\/www.africa-press.net\/congo-brazzaville\/wp-json\/wp\/v2\/posts\/24757\/revisions"}],"wp:featuredmedia":[{"embeddable":true,"href":"https:\/\/www.africa-press.net\/congo-brazzaville\/wp-json\/wp\/v2\/media\/24755"}],"wp:attachment":[{"href":"https:\/\/www.africa-press.net\/congo-brazzaville\/wp-json\/wp\/v2\/media?parent=24757"}],"wp:term":[{"taxonomy":"category","embeddable":true,"href":"https:\/\/www.africa-press.net\/congo-brazzaville\/wp-json\/wp\/v2\/categories?post=24757"},{"taxonomy":"post_tag","embeddable":true,"href":"https:\/\/www.africa-press.net\/congo-brazzaville\/wp-json\/wp\/v2\/tags?post=24757"}],"curies":[{"name":"wp","href":"https:\/\/api.w.org\/{rel}","templated":true}]}}