{"id":30261,"date":"2024-05-12T21:05:25","date_gmt":"2024-05-12T21:05:25","guid":{"rendered":"https:\/\/www.africa-press.net\/congo-brazzaville\/politique\/preservation-de-lenvironnement-denis-sassou-nguesso-recoit-le-prix-paul-bourdarie-de-laccademie-des-sciences-doutre-mer"},"modified":"2024-05-12T21:15:21","modified_gmt":"2024-05-12T21:15:21","slug":"preservation-de-lenvironnement-denis-sassou-nguesso-recoit-le-prix-paul-bourdarie-de-laccademie-des-sciences-doutre-mer","status":"publish","type":"post","link":"https:\/\/www.africa-press.net\/congo-brazzaville\/photo\/preservation-de-lenvironnement-denis-sassou-nguesso-recoit-le-prix-paul-bourdarie-de-laccademie-des-sciences-doutre-mer","title":{"rendered":"Pr\u00e9servation de l&rsquo;environnement. Denis Sassou N&rsquo;Guesso re\u00e7oit le Prix Paul Bourdarie de l&rsquo;Accademie des sciences d&rsquo;outre-mer"},"content":{"rendered":"<p><span style=\"color: #ff6600\"><strong>Africa-Press &#8211; Congo Brazzaville. <\/strong><\/span><b>Le chef de l\u2019Etat congolais a e\u0301te\u0301 re\u0301compense\u0301 pour son engagement en faveur de la protection de l\u2019environnement, ses actions et son \u0153uvre litte\u0301raire<\/b>.<\/p>\n<p>La ce\u0301re\u0301monie a eu lieu le 11 mai, a\u0300 0yo (Cuvette), en pre\u0301sence des membres de la prestigieuse institution et de plusieurs personnalite\u0301s congolaises. Dans son mot de circonstance, le Secre\u0301taire perpe\u0301tuel de l\u2019Acade\u0301mie des sciences d\u2019outre-mer, Dominique Barjot, a loue\u0301 la disponibilite\u0301 du pre\u0301sident Denis Sassou N\u2019Guesso dans la mobilisation des partenaires autour des questions environnementales: \u00ab De\u0301termine\u0301 a\u0300 y parvenir et conscient des enjeux, vous avez tenu a\u0300 proposer a\u0300 vos pairs d\u2019engager l\u2019humanite\u0301 vers une de\u0301cennie africaine et mondiale de l\u2019afforestation. Joignant la parole a\u0300 l\u2019acte, vous avez organise\u0301 l\u2019anne\u0301e dernie\u0300re le sommet des trois bassins forestiers tropicaux et propose\u0301 d\u2019organiser cette anne\u0301e encore la confe\u0301rence internationale sur l\u2019afforestation et le reboisement \u00bb.<\/p>\n<p>Dominique Barjot sugge\u0300re de multiplier les contacts pour le succe\u0300s de cet engagement: \u00ab Le de\u0301veloppement durable ne sera pas qu\u2019un concept, pour promouvoir une modernisation durable, il faut miser sur l\u2019entreprise, sur la de\u0301mocratie, sur l\u2019action au sein des institutions internationales \u00bb., a-t-il indique\u0301.<\/p>\n<p>Touche\u0301 pour l\u2019honneur qui est fait, et a\u0300 travers lui le Congo et sa population, Denis Sassou N\u2019Guesso a e\u0301voque\u0301 l\u2019urgence climatique et les re\u0301ponses que l\u2019humanite\u0301 est en droit d\u2019y apporter en agissant ensemble. Il a mis en exergue la part prise par son pays dans ce combat commun: \u00ab Notre pays organise dans moins de deux mois, le 5 juillet 2024, a\u0300 Brazzaville, la premie\u0300re confe\u0301rence internationale sur l\u2019afforestation et le reboisement a\u0300 la suite de notre initiative de la de\u0301cennie africaine et mondiale de l\u2019afforestation et du reboisement lance\u0301e lors de la COP27 tenue a\u0300 en novembre 2022, Charm El Cheick, en Egypte \u00bb.<\/p>\n<p>Autant d\u2019initiatives qui me\u0301ritent le soutien de la communaute\u0301 mondiale au regard des de\u0301re\u0300glements climatiques de plus en plus visibles a\u0300 l\u2019e\u0301chelle des cinq continents a insiste\u0301 le chef de l\u2019Etat. L\u2019acte pose\u0301 par l\u2019Acade\u0301mie des sciences d\u2019outre-mer est une prime a\u0300 la reconnaissance des efforts du pre\u0301sident de la Re\u0301publique dans un domaine sur lequel sa de\u0301termination reste constante.<\/p>\n<p>L\u2019Acade\u0301mie des sciences d\u2019outre-mer est une socie\u0301te\u0301 savante centenaire cre\u0301e\u0301e en 1922. Base\u0301e a\u0300 Paris, en France, elle e\u0301tudie la ge\u0301ographie et l\u2019histoire ge\u0301ne\u0301rale en Afrique, Ame\u0301rique latine, Asie, Oce\u0301anie.<\/p>\n\r\n                <style type=\"text\/css\">\r\n                    \r\n                    #td_uid_1_69f73e82cb11e  .td-doubleSlider-2 .td-item1 {\r\n                        background: url(https:\/\/static.africa-press.net\/congo-brazzaville\/sites\/51\/2024\/05\/sm_1715535747.364524-80x60.jpg) 0 0 no-repeat;\r\n                    }\r\n                    #td_uid_1_69f73e82cb11e  .td-doubleSlider-2 .td-item2 {\r\n                        background: url(https:\/\/static.africa-press.net\/congo-brazzaville\/sites\/51\/2024\/05\/sm_1715535769.398233-80x60.jpg) 0 0 no-repeat;\r\n                    }\r\n                <\/style>\r\n\r\n                <div id=\"td_uid_1_69f73e82cb11e\" class=\"td-gallery td-slide-on-2-columns\">\r\n                    <div class=\"post_td_gallery\">\r\n                        <div class=\"td-gallery-slide-top\">\r\n                           <div class=\"td-gallery-title\"><\/div>\r\n\r\n                            <div class=\"td-gallery-controls-wrapper\">\r\n                                <div class=\"td-gallery-slide-count\"><span class=\"td-gallery-slide-item-focus\">1<\/span> de 2<\/div>\r\n                                <div class=\"td-gallery-slide-prev-next-but\">\r\n                                    <i class = \"td-icon-left doubleSliderPrevButton\"><\/i>\r\n                                    <i class = \"td-icon-right doubleSliderNextButton\"><\/i>\r\n                                <\/div>\r\n                            <\/div>\r\n                        <\/div>\r\n\r\n                        <div class = \"td-doubleSlider-1 \">\r\n                            <div class = \"td-slider\">\r\n                                \r\n                    <div class = \"td-slide-item td-item1\">\r\n                        <figure class=\"td-slide-galery-figure td-slide-popup-gallery\">\r\n                            <a class=\"slide-gallery-image-link\" href=\"https:\/\/static.africa-press.net\/congo-brazzaville\/sites\/51\/2024\/05\/sm_1715535747.364524.jpg\" title=\"sm_1715535747.364524\"  data-caption=\"\"  data-description=\"\">\r\n                                <img decoding=\"async\" src=\"https:\/\/static.africa-press.net\/congo-brazzaville\/sites\/51\/2024\/05\/sm_1715535747.364524.jpg\" srcset=\"https:\/\/static.africa-press.net\/congo-brazzaville\/sites\/51\/2024\/05\/sm_1715535747.364524.jpg 1280w, https:\/\/static.africa-press.net\/congo-brazzaville\/sites\/51\/2024\/05\/sm_1715535747.364524-300x200.jpg 300w, https:\/\/static.africa-press.net\/congo-brazzaville\/sites\/51\/2024\/05\/sm_1715535747.364524-1024x682.jpg 1024w, https:\/\/static.africa-press.net\/congo-brazzaville\/sites\/51\/2024\/05\/sm_1715535747.364524-768x512.jpg 768w\" sizes=\"(max-width: 1280px) 100vw, 1280px\" alt=\"\">\r\n                            <\/a>\r\n                            \r\n                        <\/figure>\r\n                    <\/div>\r\n                    <div class = \"td-slide-item td-item2\">\r\n                        <figure class=\"td-slide-galery-figure td-slide-popup-gallery\">\r\n                            <a class=\"slide-gallery-image-link\" href=\"https:\/\/static.africa-press.net\/congo-brazzaville\/sites\/51\/2024\/05\/sm_1715535769.398233.jpg\" title=\"sm_1715535769.398233\"  data-caption=\"\"  data-description=\"\">\r\n                                <img decoding=\"async\" src=\"https:\/\/static.africa-press.net\/congo-brazzaville\/sites\/51\/2024\/05\/sm_1715535769.398233.jpg\" srcset=\"https:\/\/static.africa-press.net\/congo-brazzaville\/sites\/51\/2024\/05\/sm_1715535769.398233.jpg 1280w, https:\/\/static.africa-press.net\/congo-brazzaville\/sites\/51\/2024\/05\/sm_1715535769.398233-300x200.jpg 300w, https:\/\/static.africa-press.net\/congo-brazzaville\/sites\/51\/2024\/05\/sm_1715535769.398233-1024x682.jpg 1024w, https:\/\/static.africa-press.net\/congo-brazzaville\/sites\/51\/2024\/05\/sm_1715535769.398233-768x512.jpg 768w\" sizes=\"(max-width: 1280px) 100vw, 1280px\" alt=\"\">\r\n                            <\/a>\r\n                            \r\n                        <\/figure>\r\n                    <\/div>\r\n                            <\/div>\r\n                        <\/div>\r\n\r\n                        <div class = \"td-doubleSlider-2\">\r\n                            <div class = \"td-slider\">\r\n                                \r\n                    <div class = \"td-button td-item1\">\r\n                        <div class = \"td-border\"><\/div>\r\n                    <\/div>\r\n                    <div class = \"td-button td-item2\">\r\n                        <div class = \"td-border\"><\/div>\r\n                    <\/div>\r\n                            <\/div>\r\n                        <\/div>\r\n\r\n                    <\/div>\r\n\r\n                <\/div>\r\n                \n<p><strong>Pour plus d&rsquo;informations et d&rsquo;analyses sur la <a href=\"https:\/\/www.africa-press.net\/congo-brazzaville\">Congo Brazzaville<\/a>, suivez <a href=\"https:\/\/www.africa-press.net\/\">Africa-Press<\/a><\/strong><\/p>\n","protected":false},"excerpt":{"rendered":"<p>Africa-Press &#8211; Congo Brazzaville. Le chef de l\u2019Etat congolais a e\u0301te\u0301 re\u0301compense\u0301 pour son engagement en faveur de la protection de l\u2019environnement, ses actions et son \u0153uvre litte\u0301raire. La ce\u0301re\u0301monie a eu lieu le 11 mai, a\u0300 0yo (Cuvette), en pre\u0301sence des membres de la prestigieuse institution et de plusieurs personnalite\u0301s congolaises. Dans son mot [&hellip;]<\/p>\n","protected":false},"author":82,"featured_media":30260,"comment_status":"open","ping_status":"closed","sticky":false,"template":"","format":"standard","meta":{"footnotes":""},"categories":[21,8,10],"tags":[36,47,46],"class_list":["post-30261","post","type-post","status-publish","format-standard","has-post-thumbnail","hentry","category-communaute","category-photo","category-toutes-les-actualites","tag-africa-press","tag-africa-press-congo-brazzaville","tag-congo-brazzaville"],"yoast_head":"<!-- This site is optimized with the Yoast SEO Premium plugin v26.1 (Yoast SEO v27.0) - https:\/\/yoast.com\/product\/yoast-seo-premium-wordpress\/ -->\n<title>Pr\u00e9servation de l&#039;environnement. Denis Sassou N&#039;Guesso re\u00e7oit le Prix Paul Bourdarie de l&#039;Accademie des sciences d&#039;outre-mer - Congo Brazzaville<\/title>\n<meta name=\"description\" content=\"Le chef de l\u2019Etat congolais a e\u0301te\u0301 re\u0301compense\u0301 pour son engagement en faveur de la protection de l\u2019environnement, s ...\" \/>\n<meta name=\"robots\" content=\"index, follow, max-snippet:-1, max-image-preview:large, max-video-preview:-1\" \/>\n<link rel=\"canonical\" href=\"https:\/\/www.africa-press.net\/congo-brazzaville\/photo\/preservation-de-lenvironnement-denis-sassou-nguesso-recoit-le-prix-paul-bourdarie-de-laccademie-des-sciences-doutre-mer\" \/>\n<meta property=\"og:locale\" content=\"fr_FR\" \/>\n<meta property=\"og:type\" content=\"article\" \/>\n<meta property=\"og:title\" content=\"Pr\u00e9servation de l&#039;environnement. Denis Sassou N&#039;Guesso re\u00e7oit le Prix Paul Bourdarie de l&#039;Accademie des sciences d&#039;outre-mer\" \/>\n<meta property=\"og:description\" content=\"Le chef de l\u2019Etat congolais a e\u0301te\u0301 re\u0301compense\u0301 pour son engagement en faveur de la protection de l\u2019environnement, s ...\" \/>\n<meta property=\"og:url\" content=\"https:\/\/www.africa-press.net\/congo-brazzaville\/photo\/preservation-de-lenvironnement-denis-sassou-nguesso-recoit-le-prix-paul-bourdarie-de-laccademie-des-sciences-doutre-mer\" \/>\n<meta property=\"og:site_name\" content=\"Congo Brazzaville\" \/>\n<meta property=\"article:published_time\" content=\"2024-05-12T21:05:25+00:00\" \/>\n<meta property=\"article:modified_time\" content=\"2024-05-12T21:15:21+00:00\" \/>\n<meta property=\"og:image\" content=\"https:\/\/static.africa-press.net\/congo-brazzaville\/sites\/51\/2024\/05\/sm_1715535784.157959.jpg\" \/>\n\t<meta property=\"og:image:width\" content=\"1280\" \/>\n\t<meta property=\"og:image:height\" content=\"853\" \/>\n\t<meta property=\"og:image:type\" content=\"image\/jpeg\" \/>\n<meta name=\"author\" content=\"cfeditorfr\" \/>\n<meta name=\"twitter:card\" content=\"summary_large_image\" \/>\n<meta name=\"twitter:label1\" content=\"\u00c9crit par\" \/>\n\t<meta name=\"twitter:data1\" content=\"cfeditorfr\" \/>\n\t<meta name=\"twitter:label2\" content=\"Dur\u00e9e de lecture estim\u00e9e\" \/>\n\t<meta name=\"twitter:data2\" content=\"3 minutes\" \/>\n<script type=\"application\/ld+json\" class=\"yoast-schema-graph\">{\"@context\":\"https:\/\/schema.org\",\"@graph\":[{\"@type\":\"Article\",\"@id\":\"https:\/\/www.africa-press.net\/congo-brazzaville\/photo\/preservation-de-lenvironnement-denis-sassou-nguesso-recoit-le-prix-paul-bourdarie-de-laccademie-des-sciences-doutre-mer#article\",\"isPartOf\":{\"@id\":\"https:\/\/www.africa-press.net\/congo-brazzaville\/photo\/preservation-de-lenvironnement-denis-sassou-nguesso-recoit-le-prix-paul-bourdarie-de-laccademie-des-sciences-doutre-mer\"},\"author\":{\"name\":\"cfeditorfr\",\"@id\":\"https:\/\/www.africa-press.net\/congo-brazzaville\/#\/schema\/person\/2b1cf3cd81a31e3cd26889ca66d677f1\"},\"headline\":\"Pr\u00e9servation de l&rsquo;environnement. Denis Sassou N&rsquo;Guesso re\u00e7oit le Prix Paul Bourdarie de l&rsquo;Accademie des sciences d&rsquo;outre-mer\",\"datePublished\":\"2024-05-12T21:05:25+00:00\",\"dateModified\":\"2024-05-12T21:15:21+00:00\",\"mainEntityOfPage\":{\"@id\":\"https:\/\/www.africa-press.net\/congo-brazzaville\/photo\/preservation-de-lenvironnement-denis-sassou-nguesso-recoit-le-prix-paul-bourdarie-de-laccademie-des-sciences-doutre-mer\"},\"wordCount\":497,\"commentCount\":0,\"image\":{\"@id\":\"https:\/\/www.africa-press.net\/congo-brazzaville\/photo\/preservation-de-lenvironnement-denis-sassou-nguesso-recoit-le-prix-paul-bourdarie-de-laccademie-des-sciences-doutre-mer#primaryimage\"},\"thumbnailUrl\":\"https:\/\/static.africa-press.net\/congo-brazzaville\/sites\/51\/2024\/05\/sm_1715535784.157959.jpg\",\"keywords\":[\"Africa Press\",\"Africa Press-Congo Brazzaville\",\"Congo Brazzaville\"],\"articleSection\":[\"Communaut\u00e9\",\"Photo\",\"Toutes les actualit\u00e9s\"],\"inLanguage\":\"fr-FR\",\"potentialAction\":[{\"@type\":\"CommentAction\",\"name\":\"Comment\",\"target\":[\"https:\/\/www.africa-press.net\/congo-brazzaville\/photo\/preservation-de-lenvironnement-denis-sassou-nguesso-recoit-le-prix-paul-bourdarie-de-laccademie-des-sciences-doutre-mer#respond\"]}]},{\"@type\":\"WebPage\",\"@id\":\"https:\/\/www.africa-press.net\/congo-brazzaville\/photo\/preservation-de-lenvironnement-denis-sassou-nguesso-recoit-le-prix-paul-bourdarie-de-laccademie-des-sciences-doutre-mer\",\"url\":\"https:\/\/www.africa-press.net\/congo-brazzaville\/photo\/preservation-de-lenvironnement-denis-sassou-nguesso-recoit-le-prix-paul-bourdarie-de-laccademie-des-sciences-doutre-mer\",\"name\":\"Pr\u00e9servation de l'environnement. Denis Sassou N'Guesso re\u00e7oit le Prix Paul Bourdarie de l'Accademie des sciences d'outre-mer - Congo Brazzaville\",\"isPartOf\":{\"@id\":\"https:\/\/www.africa-press.net\/congo-brazzaville\/#website\"},\"primaryImageOfPage\":{\"@id\":\"https:\/\/www.africa-press.net\/congo-brazzaville\/photo\/preservation-de-lenvironnement-denis-sassou-nguesso-recoit-le-prix-paul-bourdarie-de-laccademie-des-sciences-doutre-mer#primaryimage\"},\"image\":{\"@id\":\"https:\/\/www.africa-press.net\/congo-brazzaville\/photo\/preservation-de-lenvironnement-denis-sassou-nguesso-recoit-le-prix-paul-bourdarie-de-laccademie-des-sciences-doutre-mer#primaryimage\"},\"thumbnailUrl\":\"https:\/\/static.africa-press.net\/congo-brazzaville\/sites\/51\/2024\/05\/sm_1715535784.157959.jpg\",\"datePublished\":\"2024-05-12T21:05:25+00:00\",\"dateModified\":\"2024-05-12T21:15:21+00:00\",\"author\":{\"@id\":\"https:\/\/www.africa-press.net\/congo-brazzaville\/#\/schema\/person\/2b1cf3cd81a31e3cd26889ca66d677f1\"},\"description\":\"Le chef de l\u2019Etat congolais a e\u0301te\u0301 re\u0301compense\u0301 pour son engagement en faveur de la protection de l\u2019environnement, s ...\",\"breadcrumb\":{\"@id\":\"https:\/\/www.africa-press.net\/congo-brazzaville\/photo\/preservation-de-lenvironnement-denis-sassou-nguesso-recoit-le-prix-paul-bourdarie-de-laccademie-des-sciences-doutre-mer#breadcrumb\"},\"inLanguage\":\"fr-FR\",\"potentialAction\":[{\"@type\":\"ReadAction\",\"target\":[\"https:\/\/www.africa-press.net\/congo-brazzaville\/photo\/preservation-de-lenvironnement-denis-sassou-nguesso-recoit-le-prix-paul-bourdarie-de-laccademie-des-sciences-doutre-mer\"]}]},{\"@type\":\"ImageObject\",\"inLanguage\":\"fr-FR\",\"@id\":\"https:\/\/www.africa-press.net\/congo-brazzaville\/photo\/preservation-de-lenvironnement-denis-sassou-nguesso-recoit-le-prix-paul-bourdarie-de-laccademie-des-sciences-doutre-mer#primaryimage\",\"url\":\"https:\/\/static.africa-press.net\/congo-brazzaville\/sites\/51\/2024\/05\/sm_1715535784.157959.jpg\",\"contentUrl\":\"https:\/\/static.africa-press.net\/congo-brazzaville\/sites\/51\/2024\/05\/sm_1715535784.157959.jpg\",\"width\":1280,\"height\":853,\"caption\":\"Pr\u00e9servation de l'environnement. Denis Sassou N'Guesso re\u00e7oit le Prix Paul Bourdarie de l'Accademie des sciences d'outre-mer\"},{\"@type\":\"BreadcrumbList\",\"@id\":\"https:\/\/www.africa-press.net\/congo-brazzaville\/photo\/preservation-de-lenvironnement-denis-sassou-nguesso-recoit-le-prix-paul-bourdarie-de-laccademie-des-sciences-doutre-mer#breadcrumb\",\"itemListElement\":[{\"@type\":\"ListItem\",\"position\":1,\"name\":\"Accueil\",\"item\":\"https:\/\/www.africa-press.net\/congo-brazzaville\/\"},{\"@type\":\"ListItem\",\"position\":2,\"name\":\"Pr\u00e9servation de l&#8217;environnement. Denis Sassou N&#8217;Guesso re\u00e7oit le Prix Paul Bourdarie de l&#8217;Accademie des sciences d&#8217;outre-mer\"}]},{\"@type\":\"WebSite\",\"@id\":\"https:\/\/www.africa-press.net\/congo-brazzaville\/#website\",\"url\":\"https:\/\/www.africa-press.net\/congo-brazzaville\/\",\"name\":\"Congo Brazzaville\",\"description\":\"Just another Africa News Agency Sites site\",\"potentialAction\":[{\"@type\":\"SearchAction\",\"target\":{\"@type\":\"EntryPoint\",\"urlTemplate\":\"https:\/\/www.africa-press.net\/congo-brazzaville\/?s={search_term_string}\"},\"query-input\":{\"@type\":\"PropertyValueSpecification\",\"valueRequired\":true,\"valueName\":\"search_term_string\"}}],\"inLanguage\":\"fr-FR\"},{\"@type\":\"Person\",\"@id\":\"https:\/\/www.africa-press.net\/congo-brazzaville\/#\/schema\/person\/2b1cf3cd81a31e3cd26889ca66d677f1\",\"name\":\"cfeditorfr\"}]}<\/script>\n<!-- \/ Yoast SEO Premium plugin. -->","yoast_head_json":{"title":"Pr\u00e9servation de l'environnement. Denis Sassou N'Guesso re\u00e7oit le Prix Paul Bourdarie de l'Accademie des sciences d'outre-mer - Congo Brazzaville","description":"Le chef de l\u2019Etat congolais a e\u0301te\u0301 re\u0301compense\u0301 pour son engagement en faveur de la protection de l\u2019environnement, s ...","robots":{"index":"index","follow":"follow","max-snippet":"max-snippet:-1","max-image-preview":"max-image-preview:large","max-video-preview":"max-video-preview:-1"},"canonical":"https:\/\/www.africa-press.net\/congo-brazzaville\/photo\/preservation-de-lenvironnement-denis-sassou-nguesso-recoit-le-prix-paul-bourdarie-de-laccademie-des-sciences-doutre-mer","og_locale":"fr_FR","og_type":"article","og_title":"Pr\u00e9servation de l'environnement. Denis Sassou N'Guesso re\u00e7oit le Prix Paul Bourdarie de l'Accademie des sciences d'outre-mer","og_description":"Le chef de l\u2019Etat congolais a e\u0301te\u0301 re\u0301compense\u0301 pour son engagement en faveur de la protection de l\u2019environnement, s ...","og_url":"https:\/\/www.africa-press.net\/congo-brazzaville\/photo\/preservation-de-lenvironnement-denis-sassou-nguesso-recoit-le-prix-paul-bourdarie-de-laccademie-des-sciences-doutre-mer","og_site_name":"Congo Brazzaville","article_published_time":"2024-05-12T21:05:25+00:00","article_modified_time":"2024-05-12T21:15:21+00:00","og_image":[{"width":1280,"height":853,"url":"https:\/\/static.africa-press.net\/congo-brazzaville\/sites\/51\/2024\/05\/sm_1715535784.157959.jpg","type":"image\/jpeg"}],"author":"cfeditorfr","twitter_card":"summary_large_image","twitter_misc":{"\u00c9crit par":"cfeditorfr","Dur\u00e9e de lecture estim\u00e9e":"3 minutes"},"schema":{"@context":"https:\/\/schema.org","@graph":[{"@type":"Article","@id":"https:\/\/www.africa-press.net\/congo-brazzaville\/photo\/preservation-de-lenvironnement-denis-sassou-nguesso-recoit-le-prix-paul-bourdarie-de-laccademie-des-sciences-doutre-mer#article","isPartOf":{"@id":"https:\/\/www.africa-press.net\/congo-brazzaville\/photo\/preservation-de-lenvironnement-denis-sassou-nguesso-recoit-le-prix-paul-bourdarie-de-laccademie-des-sciences-doutre-mer"},"author":{"name":"cfeditorfr","@id":"https:\/\/www.africa-press.net\/congo-brazzaville\/#\/schema\/person\/2b1cf3cd81a31e3cd26889ca66d677f1"},"headline":"Pr\u00e9servation de l&rsquo;environnement. Denis Sassou N&rsquo;Guesso re\u00e7oit le Prix Paul Bourdarie de l&rsquo;Accademie des sciences d&rsquo;outre-mer","datePublished":"2024-05-12T21:05:25+00:00","dateModified":"2024-05-12T21:15:21+00:00","mainEntityOfPage":{"@id":"https:\/\/www.africa-press.net\/congo-brazzaville\/photo\/preservation-de-lenvironnement-denis-sassou-nguesso-recoit-le-prix-paul-bourdarie-de-laccademie-des-sciences-doutre-mer"},"wordCount":497,"commentCount":0,"image":{"@id":"https:\/\/www.africa-press.net\/congo-brazzaville\/photo\/preservation-de-lenvironnement-denis-sassou-nguesso-recoit-le-prix-paul-bourdarie-de-laccademie-des-sciences-doutre-mer#primaryimage"},"thumbnailUrl":"https:\/\/static.africa-press.net\/congo-brazzaville\/sites\/51\/2024\/05\/sm_1715535784.157959.jpg","keywords":["Africa Press","Africa Press-Congo Brazzaville","Congo Brazzaville"],"articleSection":["Communaut\u00e9","Photo","Toutes les actualit\u00e9s"],"inLanguage":"fr-FR","potentialAction":[{"@type":"CommentAction","name":"Comment","target":["https:\/\/www.africa-press.net\/congo-brazzaville\/photo\/preservation-de-lenvironnement-denis-sassou-nguesso-recoit-le-prix-paul-bourdarie-de-laccademie-des-sciences-doutre-mer#respond"]}]},{"@type":"WebPage","@id":"https:\/\/www.africa-press.net\/congo-brazzaville\/photo\/preservation-de-lenvironnement-denis-sassou-nguesso-recoit-le-prix-paul-bourdarie-de-laccademie-des-sciences-doutre-mer","url":"https:\/\/www.africa-press.net\/congo-brazzaville\/photo\/preservation-de-lenvironnement-denis-sassou-nguesso-recoit-le-prix-paul-bourdarie-de-laccademie-des-sciences-doutre-mer","name":"Pr\u00e9servation de l'environnement. Denis Sassou N'Guesso re\u00e7oit le Prix Paul Bourdarie de l'Accademie des sciences d'outre-mer - Congo Brazzaville","isPartOf":{"@id":"https:\/\/www.africa-press.net\/congo-brazzaville\/#website"},"primaryImageOfPage":{"@id":"https:\/\/www.africa-press.net\/congo-brazzaville\/photo\/preservation-de-lenvironnement-denis-sassou-nguesso-recoit-le-prix-paul-bourdarie-de-laccademie-des-sciences-doutre-mer#primaryimage"},"image":{"@id":"https:\/\/www.africa-press.net\/congo-brazzaville\/photo\/preservation-de-lenvironnement-denis-sassou-nguesso-recoit-le-prix-paul-bourdarie-de-laccademie-des-sciences-doutre-mer#primaryimage"},"thumbnailUrl":"https:\/\/static.africa-press.net\/congo-brazzaville\/sites\/51\/2024\/05\/sm_1715535784.157959.jpg","datePublished":"2024-05-12T21:05:25+00:00","dateModified":"2024-05-12T21:15:21+00:00","author":{"@id":"https:\/\/www.africa-press.net\/congo-brazzaville\/#\/schema\/person\/2b1cf3cd81a31e3cd26889ca66d677f1"},"description":"Le chef de l\u2019Etat congolais a e\u0301te\u0301 re\u0301compense\u0301 pour son engagement en faveur de la protection de l\u2019environnement, s ...","breadcrumb":{"@id":"https:\/\/www.africa-press.net\/congo-brazzaville\/photo\/preservation-de-lenvironnement-denis-sassou-nguesso-recoit-le-prix-paul-bourdarie-de-laccademie-des-sciences-doutre-mer#breadcrumb"},"inLanguage":"fr-FR","potentialAction":[{"@type":"ReadAction","target":["https:\/\/www.africa-press.net\/congo-brazzaville\/photo\/preservation-de-lenvironnement-denis-sassou-nguesso-recoit-le-prix-paul-bourdarie-de-laccademie-des-sciences-doutre-mer"]}]},{"@type":"ImageObject","inLanguage":"fr-FR","@id":"https:\/\/www.africa-press.net\/congo-brazzaville\/photo\/preservation-de-lenvironnement-denis-sassou-nguesso-recoit-le-prix-paul-bourdarie-de-laccademie-des-sciences-doutre-mer#primaryimage","url":"https:\/\/static.africa-press.net\/congo-brazzaville\/sites\/51\/2024\/05\/sm_1715535784.157959.jpg","contentUrl":"https:\/\/static.africa-press.net\/congo-brazzaville\/sites\/51\/2024\/05\/sm_1715535784.157959.jpg","width":1280,"height":853,"caption":"Pr\u00e9servation de l'environnement. Denis Sassou N'Guesso re\u00e7oit le Prix Paul Bourdarie de l'Accademie des sciences d'outre-mer"},{"@type":"BreadcrumbList","@id":"https:\/\/www.africa-press.net\/congo-brazzaville\/photo\/preservation-de-lenvironnement-denis-sassou-nguesso-recoit-le-prix-paul-bourdarie-de-laccademie-des-sciences-doutre-mer#breadcrumb","itemListElement":[{"@type":"ListItem","position":1,"name":"Accueil","item":"https:\/\/www.africa-press.net\/congo-brazzaville\/"},{"@type":"ListItem","position":2,"name":"Pr\u00e9servation de l&#8217;environnement. Denis Sassou N&#8217;Guesso re\u00e7oit le Prix Paul Bourdarie de l&#8217;Accademie des sciences d&#8217;outre-mer"}]},{"@type":"WebSite","@id":"https:\/\/www.africa-press.net\/congo-brazzaville\/#website","url":"https:\/\/www.africa-press.net\/congo-brazzaville\/","name":"Congo Brazzaville","description":"Just another Africa News Agency Sites site","potentialAction":[{"@type":"SearchAction","target":{"@type":"EntryPoint","urlTemplate":"https:\/\/www.africa-press.net\/congo-brazzaville\/?s={search_term_string}"},"query-input":{"@type":"PropertyValueSpecification","valueRequired":true,"valueName":"search_term_string"}}],"inLanguage":"fr-FR"},{"@type":"Person","@id":"https:\/\/www.africa-press.net\/congo-brazzaville\/#\/schema\/person\/2b1cf3cd81a31e3cd26889ca66d677f1","name":"cfeditorfr"}]}},"_links":{"self":[{"href":"https:\/\/www.africa-press.net\/congo-brazzaville\/wp-json\/wp\/v2\/posts\/30261","targetHints":{"allow":["GET"]}}],"collection":[{"href":"https:\/\/www.africa-press.net\/congo-brazzaville\/wp-json\/wp\/v2\/posts"}],"about":[{"href":"https:\/\/www.africa-press.net\/congo-brazzaville\/wp-json\/wp\/v2\/types\/post"}],"author":[{"embeddable":true,"href":"https:\/\/www.africa-press.net\/congo-brazzaville\/wp-json\/wp\/v2\/users\/82"}],"replies":[{"embeddable":true,"href":"https:\/\/www.africa-press.net\/congo-brazzaville\/wp-json\/wp\/v2\/comments?post=30261"}],"version-history":[{"count":0,"href":"https:\/\/www.africa-press.net\/congo-brazzaville\/wp-json\/wp\/v2\/posts\/30261\/revisions"}],"wp:featuredmedia":[{"embeddable":true,"href":"https:\/\/www.africa-press.net\/congo-brazzaville\/wp-json\/wp\/v2\/media\/30260"}],"wp:attachment":[{"href":"https:\/\/www.africa-press.net\/congo-brazzaville\/wp-json\/wp\/v2\/media?parent=30261"}],"wp:term":[{"taxonomy":"category","embeddable":true,"href":"https:\/\/www.africa-press.net\/congo-brazzaville\/wp-json\/wp\/v2\/categories?post=30261"},{"taxonomy":"post_tag","embeddable":true,"href":"https:\/\/www.africa-press.net\/congo-brazzaville\/wp-json\/wp\/v2\/tags?post=30261"}],"curies":[{"name":"wp","href":"https:\/\/api.w.org\/{rel}","templated":true}]}}