{"id":30359,"date":"2024-05-15T22:52:21","date_gmt":"2024-05-15T22:52:21","guid":{"rendered":"https:\/\/www.africa-press.net\/congo-brazzaville\/politique\/lonudc-devoile-son-programme-dactivites-2024"},"modified":"2024-05-16T03:13:02","modified_gmt":"2024-05-16T03:13:02","slug":"lonudc-devoile-son-programme-dactivites-2024","status":"publish","type":"post","link":"https:\/\/www.africa-press.net\/congo-brazzaville\/politique\/lonudc-devoile-son-programme-dactivites-2024","title":{"rendered":"l\u2019onudc d\u00e9voile son programme d\u2019activit\u00e9s 2024"},"content":{"rendered":"<p><span style=\"color: #ff6600\"><strong>Africa-Press &#8211; Congo Brazzaville. <\/strong><\/span><b>Le coordonnateur de l\u2019Office des Nations Unies contre la Drogue et le Crime (ONUDC), Aliou Sall, a pre\u0301sente\u0301 re\u0301cemment a\u0300 Brazzaville, aux experts des repre\u0301sentants du comite\u0301 interministe\u0301riel de l\u2019action de l\u2019Etat en mer et dans les eaux continentales et a\u0300 ceux du Secre\u0301tariat permanent dudit comite\u0301, le programme d\u2019activite\u0301s pre\u0301vues au Congo en 2024, dans le cadre du projet intitule\u0301, \u00abRenforcer la se\u0301curite\u0301 maritime et l\u2019Etat de droit en mer dans le Golfe de Guine\u0301e \u00bb.<\/b><\/p>\n<p>Il s\u2019agit, entre autres, du recrutement d\u2019un bino\u0302me d\u2019experts juriste et ope\u0301rationnel pour la formulation d\u2019un document de proce\u0301dures ope\u0301rationnelles standards harmonise\u0301es ; recrutement d\u2019experts juridiques pour soutenir la re\u0301forme le\u0301gislative et de la tenue de l\u2019atelier juridique pour re\u0301viser ou mettre a\u0300 jour l\u2019avant-projet de loi portant re\u0301pression des infractions commises en mer.<\/p>\n<p>De me\u0302me, ledit programme comprend le renforcement des e\u0301quipes d\u2019enque\u0302te des Officiers de police judiciaire ; le de\u0301ploiement d\u2019un expert en maintenance flotte navale ; la tenue de l\u2019atelier national de pre\u0301sentation des objectifs structure du projet document des Proce\u0301dures ope\u0301rationnelles standard (POS) harmonise\u0301e ainsi que l\u2019atelier national de re\u0301vision de l\u2019e\u0301bauche du document POS.<\/p>\n<p>Le coordonnateur de l\u2019ONUDC a de\u0301voile\u0301 ces diffe\u0301rentes activite\u0301s, avec un calendrier provisoire, a\u0300 la ce\u0301re\u0301monie de clo\u0302ture de l\u2019atelier national de re\u0301vision de l\u2019avant-projet de loi portant re\u0301pression des infractions commises en mer et des modalite\u0301s d\u2019exercice par l\u2019Etat de ses pouvoirs de police en mer, tenu du 2 au 4 mai derniers dans la capitale congolaise.<\/p>\n<p>A la clo\u0302ture, le pre\u0301sident des travaux, le conseiller aux juridictions du ministre en charge de la Justice, Rome\u0301o Mbengu, a, au nom de tous les participants, demande\u0301 a\u0300 l\u2019ONUDC, une dernie\u0300re occasion pour la relecture et la validation du texte final. \u00ab Il nous revient donc de regarder encore ce texte, il se pourrait qu\u2019il y ait lieu, d\u2019inse\u0301rer d\u2019autres e\u0301le\u0301ments que nous aimerions pour l\u2019enrichir, pour que lorsque ce document sera pre\u0301sente\u0301 a\u0300 nos autorite\u0301s soit un produit fini \u00bb.<\/p>\n<p>Par ailleurs, Rome\u0301o Mbengu a fe\u0301licite\u0301 et salue\u0301 l\u2019esprit de convivialite\u0301 qui a pre\u0301valu durant les travaux, ainsi que la franchise dans le travail qui a permis aux experts de constater que le travail a se\u0301rieusement avance\u0301. A co\u0302te\u0301 de lui, le co-pre\u0301sident, le directeur du contentieux de l\u2019Etat au ministe\u0300re en charge de la Justice, Saul De Tarse Taty Bayonne, a conduit les travaux avec beaucoup de rigueur et de compre\u0301hension, en martelant sur le style, le fond et la forme voire sur la le\u0301gistique de certains articles qui diffe\u0300rent de la re\u0301daction administrative.<\/p>\n<p><strong>Pour plus d&rsquo;informations et d&rsquo;analyses sur la <a href=\"https:\/\/www.africa-press.net\/congo-brazzaville\">Congo Brazzaville<\/a>, suivez <a href=\"https:\/\/www.africa-press.net\/\">Africa-Press<\/a><\/strong><\/p>\n","protected":false},"excerpt":{"rendered":"<p>Africa-Press &#8211; Congo Brazzaville. Le coordonnateur de l\u2019Office des Nations Unies contre la Drogue et le Crime (ONUDC), Aliou Sall, a pre\u0301sente\u0301 re\u0301cemment a\u0300 Brazzaville, aux experts des repre\u0301sentants du comite\u0301 interministe\u0301riel de l\u2019action de l\u2019Etat en mer et dans les eaux continentales et a\u0300 ceux du Secre\u0301tariat permanent dudit comite\u0301, le programme d\u2019activite\u0301s pre\u0301vues [&hellip;]<\/p>\n","protected":false},"author":82,"featured_media":30357,"comment_status":"open","ping_status":"closed","sticky":false,"template":"","format":"standard","meta":{"footnotes":""},"categories":[2,10],"tags":[36,47,46],"class_list":["post-30359","post","type-post","status-publish","format-standard","has-post-thumbnail","hentry","category-politique","category-toutes-les-actualites","tag-africa-press","tag-africa-press-congo-brazzaville","tag-congo-brazzaville"],"yoast_head":"<!-- This site is optimized with the Yoast SEO Premium plugin v26.1 (Yoast SEO v27.0) - https:\/\/yoast.com\/product\/yoast-seo-premium-wordpress\/ -->\n<title>l\u2019onudc d\u00e9voile son programme d\u2019activit\u00e9s 2024 - Congo Brazzaville<\/title>\n<meta name=\"description\" content=\"Le coordonnateur de l\u2019Office des Nations Unies contre la Drogue et le Crime (ONUDC), Aliou Sall, a pre\u0301sente\u0301 re\u0301cemm ...\" \/>\n<meta name=\"robots\" content=\"index, follow, max-snippet:-1, max-image-preview:large, max-video-preview:-1\" \/>\n<link rel=\"canonical\" href=\"https:\/\/www.africa-press.net\/congo-brazzaville\/politique\/lonudc-devoile-son-programme-dactivites-2024\" \/>\n<meta property=\"og:locale\" content=\"fr_FR\" \/>\n<meta property=\"og:type\" content=\"article\" \/>\n<meta property=\"og:title\" content=\"l\u2019onudc d\u00e9voile son programme d\u2019activit\u00e9s 2024\" \/>\n<meta property=\"og:description\" content=\"Le coordonnateur de l\u2019Office des Nations Unies contre la Drogue et le Crime (ONUDC), Aliou Sall, a pre\u0301sente\u0301 re\u0301cemm ...\" \/>\n<meta property=\"og:url\" content=\"https:\/\/www.africa-press.net\/congo-brazzaville\/politique\/lonudc-devoile-son-programme-dactivites-2024\" \/>\n<meta property=\"og:site_name\" content=\"Congo Brazzaville\" \/>\n<meta property=\"article:published_time\" content=\"2024-05-15T22:52:21+00:00\" \/>\n<meta property=\"article:modified_time\" content=\"2024-05-16T03:13:02+00:00\" \/>\n<meta property=\"og:image\" content=\"https:\/\/static.africa-press.net\/congo-brazzaville\/sites\/51\/2024\/05\/sm_1715802079.304161.jpg\" \/>\n\t<meta property=\"og:image:width\" content=\"1220\" \/>\n\t<meta property=\"og:image:height\" content=\"445\" \/>\n\t<meta property=\"og:image:type\" content=\"image\/jpeg\" \/>\n<meta name=\"author\" content=\"cfeditorfr\" \/>\n<meta name=\"twitter:card\" content=\"summary_large_image\" \/>\n<meta name=\"twitter:label1\" content=\"\u00c9crit par\" \/>\n\t<meta name=\"twitter:data1\" content=\"cfeditorfr\" \/>\n\t<meta name=\"twitter:label2\" content=\"Dur\u00e9e de lecture estim\u00e9e\" \/>\n\t<meta name=\"twitter:data2\" content=\"3 minutes\" \/>\n<script type=\"application\/ld+json\" class=\"yoast-schema-graph\">{\"@context\":\"https:\/\/schema.org\",\"@graph\":[{\"@type\":\"Article\",\"@id\":\"https:\/\/www.africa-press.net\/congo-brazzaville\/politique\/lonudc-devoile-son-programme-dactivites-2024#article\",\"isPartOf\":{\"@id\":\"https:\/\/www.africa-press.net\/congo-brazzaville\/politique\/lonudc-devoile-son-programme-dactivites-2024\"},\"author\":{\"name\":\"cfeditorfr\",\"@id\":\"https:\/\/www.africa-press.net\/congo-brazzaville\/#\/schema\/person\/2b1cf3cd81a31e3cd26889ca66d677f1\"},\"headline\":\"l\u2019onudc d\u00e9voile son programme d\u2019activit\u00e9s 2024\",\"datePublished\":\"2024-05-15T22:52:21+00:00\",\"dateModified\":\"2024-05-16T03:13:02+00:00\",\"mainEntityOfPage\":{\"@id\":\"https:\/\/www.africa-press.net\/congo-brazzaville\/politique\/lonudc-devoile-son-programme-dactivites-2024\"},\"wordCount\":524,\"commentCount\":0,\"image\":{\"@id\":\"https:\/\/www.africa-press.net\/congo-brazzaville\/politique\/lonudc-devoile-son-programme-dactivites-2024#primaryimage\"},\"thumbnailUrl\":\"https:\/\/static.africa-press.net\/congo-brazzaville\/sites\/51\/2024\/05\/sm_1715802079.304161.jpg\",\"keywords\":[\"Africa Press\",\"Africa Press-Congo Brazzaville\",\"Congo Brazzaville\"],\"articleSection\":[\"Politique\",\"Toutes les actualit\u00e9s\"],\"inLanguage\":\"fr-FR\",\"potentialAction\":[{\"@type\":\"CommentAction\",\"name\":\"Comment\",\"target\":[\"https:\/\/www.africa-press.net\/congo-brazzaville\/politique\/lonudc-devoile-son-programme-dactivites-2024#respond\"]}]},{\"@type\":\"WebPage\",\"@id\":\"https:\/\/www.africa-press.net\/congo-brazzaville\/politique\/lonudc-devoile-son-programme-dactivites-2024\",\"url\":\"https:\/\/www.africa-press.net\/congo-brazzaville\/politique\/lonudc-devoile-son-programme-dactivites-2024\",\"name\":\"l\u2019onudc d\u00e9voile son programme d\u2019activit\u00e9s 2024 - Congo Brazzaville\",\"isPartOf\":{\"@id\":\"https:\/\/www.africa-press.net\/congo-brazzaville\/#website\"},\"primaryImageOfPage\":{\"@id\":\"https:\/\/www.africa-press.net\/congo-brazzaville\/politique\/lonudc-devoile-son-programme-dactivites-2024#primaryimage\"},\"image\":{\"@id\":\"https:\/\/www.africa-press.net\/congo-brazzaville\/politique\/lonudc-devoile-son-programme-dactivites-2024#primaryimage\"},\"thumbnailUrl\":\"https:\/\/static.africa-press.net\/congo-brazzaville\/sites\/51\/2024\/05\/sm_1715802079.304161.jpg\",\"datePublished\":\"2024-05-15T22:52:21+00:00\",\"dateModified\":\"2024-05-16T03:13:02+00:00\",\"author\":{\"@id\":\"https:\/\/www.africa-press.net\/congo-brazzaville\/#\/schema\/person\/2b1cf3cd81a31e3cd26889ca66d677f1\"},\"description\":\"Le coordonnateur de l\u2019Office des Nations Unies contre la Drogue et le Crime (ONUDC), Aliou Sall, a pre\u0301sente\u0301 re\u0301cemm ...\",\"breadcrumb\":{\"@id\":\"https:\/\/www.africa-press.net\/congo-brazzaville\/politique\/lonudc-devoile-son-programme-dactivites-2024#breadcrumb\"},\"inLanguage\":\"fr-FR\",\"potentialAction\":[{\"@type\":\"ReadAction\",\"target\":[\"https:\/\/www.africa-press.net\/congo-brazzaville\/politique\/lonudc-devoile-son-programme-dactivites-2024\"]}]},{\"@type\":\"ImageObject\",\"inLanguage\":\"fr-FR\",\"@id\":\"https:\/\/www.africa-press.net\/congo-brazzaville\/politique\/lonudc-devoile-son-programme-dactivites-2024#primaryimage\",\"url\":\"https:\/\/static.africa-press.net\/congo-brazzaville\/sites\/51\/2024\/05\/sm_1715802079.304161.jpg\",\"contentUrl\":\"https:\/\/static.africa-press.net\/congo-brazzaville\/sites\/51\/2024\/05\/sm_1715802079.304161.jpg\",\"width\":1220,\"height\":445,\"caption\":\"l\u2019onudc d\u00e9voile son programme d\u2019activit\u00e9s 2024\"},{\"@type\":\"BreadcrumbList\",\"@id\":\"https:\/\/www.africa-press.net\/congo-brazzaville\/politique\/lonudc-devoile-son-programme-dactivites-2024#breadcrumb\",\"itemListElement\":[{\"@type\":\"ListItem\",\"position\":1,\"name\":\"Accueil\",\"item\":\"https:\/\/www.africa-press.net\/congo-brazzaville\/\"},{\"@type\":\"ListItem\",\"position\":2,\"name\":\"l\u2019onudc d\u00e9voile son programme d\u2019activit\u00e9s 2024\"}]},{\"@type\":\"WebSite\",\"@id\":\"https:\/\/www.africa-press.net\/congo-brazzaville\/#website\",\"url\":\"https:\/\/www.africa-press.net\/congo-brazzaville\/\",\"name\":\"Congo Brazzaville\",\"description\":\"Just another Africa News Agency Sites site\",\"potentialAction\":[{\"@type\":\"SearchAction\",\"target\":{\"@type\":\"EntryPoint\",\"urlTemplate\":\"https:\/\/www.africa-press.net\/congo-brazzaville\/?s={search_term_string}\"},\"query-input\":{\"@type\":\"PropertyValueSpecification\",\"valueRequired\":true,\"valueName\":\"search_term_string\"}}],\"inLanguage\":\"fr-FR\"},{\"@type\":\"Person\",\"@id\":\"https:\/\/www.africa-press.net\/congo-brazzaville\/#\/schema\/person\/2b1cf3cd81a31e3cd26889ca66d677f1\",\"name\":\"cfeditorfr\"}]}<\/script>\n<!-- \/ Yoast SEO Premium plugin. -->","yoast_head_json":{"title":"l\u2019onudc d\u00e9voile son programme d\u2019activit\u00e9s 2024 - Congo Brazzaville","description":"Le coordonnateur de l\u2019Office des Nations Unies contre la Drogue et le Crime (ONUDC), Aliou Sall, a pre\u0301sente\u0301 re\u0301cemm ...","robots":{"index":"index","follow":"follow","max-snippet":"max-snippet:-1","max-image-preview":"max-image-preview:large","max-video-preview":"max-video-preview:-1"},"canonical":"https:\/\/www.africa-press.net\/congo-brazzaville\/politique\/lonudc-devoile-son-programme-dactivites-2024","og_locale":"fr_FR","og_type":"article","og_title":"l\u2019onudc d\u00e9voile son programme d\u2019activit\u00e9s 2024","og_description":"Le coordonnateur de l\u2019Office des Nations Unies contre la Drogue et le Crime (ONUDC), Aliou Sall, a pre\u0301sente\u0301 re\u0301cemm ...","og_url":"https:\/\/www.africa-press.net\/congo-brazzaville\/politique\/lonudc-devoile-son-programme-dactivites-2024","og_site_name":"Congo Brazzaville","article_published_time":"2024-05-15T22:52:21+00:00","article_modified_time":"2024-05-16T03:13:02+00:00","og_image":[{"width":1220,"height":445,"url":"https:\/\/static.africa-press.net\/congo-brazzaville\/sites\/51\/2024\/05\/sm_1715802079.304161.jpg","type":"image\/jpeg"}],"author":"cfeditorfr","twitter_card":"summary_large_image","twitter_misc":{"\u00c9crit par":"cfeditorfr","Dur\u00e9e de lecture estim\u00e9e":"3 minutes"},"schema":{"@context":"https:\/\/schema.org","@graph":[{"@type":"Article","@id":"https:\/\/www.africa-press.net\/congo-brazzaville\/politique\/lonudc-devoile-son-programme-dactivites-2024#article","isPartOf":{"@id":"https:\/\/www.africa-press.net\/congo-brazzaville\/politique\/lonudc-devoile-son-programme-dactivites-2024"},"author":{"name":"cfeditorfr","@id":"https:\/\/www.africa-press.net\/congo-brazzaville\/#\/schema\/person\/2b1cf3cd81a31e3cd26889ca66d677f1"},"headline":"l\u2019onudc d\u00e9voile son programme d\u2019activit\u00e9s 2024","datePublished":"2024-05-15T22:52:21+00:00","dateModified":"2024-05-16T03:13:02+00:00","mainEntityOfPage":{"@id":"https:\/\/www.africa-press.net\/congo-brazzaville\/politique\/lonudc-devoile-son-programme-dactivites-2024"},"wordCount":524,"commentCount":0,"image":{"@id":"https:\/\/www.africa-press.net\/congo-brazzaville\/politique\/lonudc-devoile-son-programme-dactivites-2024#primaryimage"},"thumbnailUrl":"https:\/\/static.africa-press.net\/congo-brazzaville\/sites\/51\/2024\/05\/sm_1715802079.304161.jpg","keywords":["Africa Press","Africa Press-Congo Brazzaville","Congo Brazzaville"],"articleSection":["Politique","Toutes les actualit\u00e9s"],"inLanguage":"fr-FR","potentialAction":[{"@type":"CommentAction","name":"Comment","target":["https:\/\/www.africa-press.net\/congo-brazzaville\/politique\/lonudc-devoile-son-programme-dactivites-2024#respond"]}]},{"@type":"WebPage","@id":"https:\/\/www.africa-press.net\/congo-brazzaville\/politique\/lonudc-devoile-son-programme-dactivites-2024","url":"https:\/\/www.africa-press.net\/congo-brazzaville\/politique\/lonudc-devoile-son-programme-dactivites-2024","name":"l\u2019onudc d\u00e9voile son programme d\u2019activit\u00e9s 2024 - Congo Brazzaville","isPartOf":{"@id":"https:\/\/www.africa-press.net\/congo-brazzaville\/#website"},"primaryImageOfPage":{"@id":"https:\/\/www.africa-press.net\/congo-brazzaville\/politique\/lonudc-devoile-son-programme-dactivites-2024#primaryimage"},"image":{"@id":"https:\/\/www.africa-press.net\/congo-brazzaville\/politique\/lonudc-devoile-son-programme-dactivites-2024#primaryimage"},"thumbnailUrl":"https:\/\/static.africa-press.net\/congo-brazzaville\/sites\/51\/2024\/05\/sm_1715802079.304161.jpg","datePublished":"2024-05-15T22:52:21+00:00","dateModified":"2024-05-16T03:13:02+00:00","author":{"@id":"https:\/\/www.africa-press.net\/congo-brazzaville\/#\/schema\/person\/2b1cf3cd81a31e3cd26889ca66d677f1"},"description":"Le coordonnateur de l\u2019Office des Nations Unies contre la Drogue et le Crime (ONUDC), Aliou Sall, a pre\u0301sente\u0301 re\u0301cemm ...","breadcrumb":{"@id":"https:\/\/www.africa-press.net\/congo-brazzaville\/politique\/lonudc-devoile-son-programme-dactivites-2024#breadcrumb"},"inLanguage":"fr-FR","potentialAction":[{"@type":"ReadAction","target":["https:\/\/www.africa-press.net\/congo-brazzaville\/politique\/lonudc-devoile-son-programme-dactivites-2024"]}]},{"@type":"ImageObject","inLanguage":"fr-FR","@id":"https:\/\/www.africa-press.net\/congo-brazzaville\/politique\/lonudc-devoile-son-programme-dactivites-2024#primaryimage","url":"https:\/\/static.africa-press.net\/congo-brazzaville\/sites\/51\/2024\/05\/sm_1715802079.304161.jpg","contentUrl":"https:\/\/static.africa-press.net\/congo-brazzaville\/sites\/51\/2024\/05\/sm_1715802079.304161.jpg","width":1220,"height":445,"caption":"l\u2019onudc d\u00e9voile son programme d\u2019activit\u00e9s 2024"},{"@type":"BreadcrumbList","@id":"https:\/\/www.africa-press.net\/congo-brazzaville\/politique\/lonudc-devoile-son-programme-dactivites-2024#breadcrumb","itemListElement":[{"@type":"ListItem","position":1,"name":"Accueil","item":"https:\/\/www.africa-press.net\/congo-brazzaville\/"},{"@type":"ListItem","position":2,"name":"l\u2019onudc d\u00e9voile son programme d\u2019activit\u00e9s 2024"}]},{"@type":"WebSite","@id":"https:\/\/www.africa-press.net\/congo-brazzaville\/#website","url":"https:\/\/www.africa-press.net\/congo-brazzaville\/","name":"Congo Brazzaville","description":"Just another Africa News Agency Sites site","potentialAction":[{"@type":"SearchAction","target":{"@type":"EntryPoint","urlTemplate":"https:\/\/www.africa-press.net\/congo-brazzaville\/?s={search_term_string}"},"query-input":{"@type":"PropertyValueSpecification","valueRequired":true,"valueName":"search_term_string"}}],"inLanguage":"fr-FR"},{"@type":"Person","@id":"https:\/\/www.africa-press.net\/congo-brazzaville\/#\/schema\/person\/2b1cf3cd81a31e3cd26889ca66d677f1","name":"cfeditorfr"}]}},"_links":{"self":[{"href":"https:\/\/www.africa-press.net\/congo-brazzaville\/wp-json\/wp\/v2\/posts\/30359","targetHints":{"allow":["GET"]}}],"collection":[{"href":"https:\/\/www.africa-press.net\/congo-brazzaville\/wp-json\/wp\/v2\/posts"}],"about":[{"href":"https:\/\/www.africa-press.net\/congo-brazzaville\/wp-json\/wp\/v2\/types\/post"}],"author":[{"embeddable":true,"href":"https:\/\/www.africa-press.net\/congo-brazzaville\/wp-json\/wp\/v2\/users\/82"}],"replies":[{"embeddable":true,"href":"https:\/\/www.africa-press.net\/congo-brazzaville\/wp-json\/wp\/v2\/comments?post=30359"}],"version-history":[{"count":0,"href":"https:\/\/www.africa-press.net\/congo-brazzaville\/wp-json\/wp\/v2\/posts\/30359\/revisions"}],"wp:featuredmedia":[{"embeddable":true,"href":"https:\/\/www.africa-press.net\/congo-brazzaville\/wp-json\/wp\/v2\/media\/30357"}],"wp:attachment":[{"href":"https:\/\/www.africa-press.net\/congo-brazzaville\/wp-json\/wp\/v2\/media?parent=30359"}],"wp:term":[{"taxonomy":"category","embeddable":true,"href":"https:\/\/www.africa-press.net\/congo-brazzaville\/wp-json\/wp\/v2\/categories?post=30359"},{"taxonomy":"post_tag","embeddable":true,"href":"https:\/\/www.africa-press.net\/congo-brazzaville\/wp-json\/wp\/v2\/tags?post=30359"}],"curies":[{"name":"wp","href":"https:\/\/api.w.org\/{rel}","templated":true}]}}