{"id":30362,"date":"2024-05-15T22:52:29","date_gmt":"2024-05-15T22:52:29","guid":{"rendered":"https:\/\/www.africa-press.net\/congo-brazzaville\/politique\/les-maraichers-de-madibou-se-plaignent-de-la-perte-de-leurs-cultures"},"modified":"2024-05-16T03:13:36","modified_gmt":"2024-05-16T03:13:36","slug":"les-maraichers-de-madibou-se-plaignent-de-la-perte-de-leurs-cultures","status":"publish","type":"post","link":"https:\/\/www.africa-press.net\/congo-brazzaville\/toutes-les-actualites\/les-maraichers-de-madibou-se-plaignent-de-la-perte-de-leurs-cultures","title":{"rendered":"les mara\u00eechers de madibou se plaignent de la perte de leurs cultures"},"content":{"rendered":"<p><span style=\"color: #ff6600\"><strong>Africa-Press &#8211; Congo Brazzaville. <\/strong><\/span><b>Les agriculteurs e\u0301voluant au centre marai\u0302cher de Nsoungui, au quartier Mayanga a\u0300 Madibou dans le 8e\u0300me arrondissement de Brazzaville, se plaignent de la perte des re\u0301coltes occasionne\u0301e par les fortes chaleurs et le manque de pluies du\u0302s au phe\u0301nome\u0300ne du re\u0301chauffement climatique.<\/b><\/p>\n<p>Le secteur agricole, a\u0300 l\u2019exemple d\u2019autres domaines d\u2019activite\u0301s, subit de plein fouet les conse\u0301quences du de\u0301re\u0300glement climatique. Les 113 marai\u0302chers qui exercent sur une superficie de 9 hectares au centre de Nsoungui, assistent au quotidien a\u0300 la perte de leurs cultures a\u0300 cause des fortes chaleurs et d\u2019absence de pluies. Une triste re\u0301alite\u0301 qui rend difficile cette activite\u0301 de marai\u0302chage: \u00ab Ces chaleurs intenses ainsi que la rarete\u0301 des pluies auxquelles nous assistons causent la se\u0300cheresse du sol et nos le\u0301gumes se de\u0301truisent \u00bb, se plaint la maraiche\u0300re Solange Biantadila.<\/p>\n<p>\u00ab Quand il fait tre\u0300s chaud, il y a se\u0301cheresse du sol et les plantes ne se nourrissent pas bien, car elles ont besoin d\u2019humidite\u0301 permanente. Les plantes que nous arrosons le matin, arriver le soir, par le manque d\u2019eau, perdent quasiment leur humidite\u0301. Du coup, on assiste a\u0300 une difficulte\u0301 du syste\u0300me nutritif de la plante \u00bb, explique Joseph Kassaoun, autre marai\u0302cher.<\/p>\n<p>Sur les lieux, Solange Biantadila victime de la de\u0301gradation des re\u0301coltes arrache ses le\u0301gumes atteints de jaunissement et de bru\u0302lure, qu\u2019elle re\u0301utilise comme fumier. Une perte immense pour cette me\u0300re de famille qui travaille dans ce site agricole depuis 2015. Elle sollicite plus de re\u0301servoir d\u2019eau afin de lui permettre de bien arroser \u00ab tel que la\u0300, nous n\u2019avons pas encore arrose\u0301 les cultures, nous voulons que les autorite\u0301s nous ajoutent des cha\u0302teaux d\u2019eau, en vue de pallier la difficulte\u0301 d\u2019eau \u00bb, demande-t-elle.<\/p>\n<p>Les marai\u0302chers paient le lourd tribut du re\u0301chauffement climatique. Malgre\u0301 cette triste situation, ces derniers n\u2019abandonnent pas mais cultivent, par contre, les plantes qui re\u0301sistent a\u0300 l\u2019intensite\u0301 du soleil comme l\u2019amarante et l\u2019e\u0301pinard, en vue d\u2019approvisionner les marche\u0301s des produits agricoles indispensables.<\/p>\n<p><strong>Pour plus d&rsquo;informations et d&rsquo;analyses sur la <a href=\"https:\/\/www.africa-press.net\/congo-brazzaville\">Congo Brazzaville<\/a>, suivez <a href=\"https:\/\/www.africa-press.net\/\">Africa-Press<\/a><\/strong><\/p>\n","protected":false},"excerpt":{"rendered":"<p>Africa-Press &#8211; Congo Brazzaville. Les agriculteurs e\u0301voluant au centre marai\u0302cher de Nsoungui, au quartier Mayanga a\u0300 Madibou dans le 8e\u0300me arrondissement de Brazzaville, se plaignent de la perte des re\u0301coltes occasionne\u0301e par les fortes chaleurs et le manque de pluies du\u0302s au phe\u0301nome\u0300ne du re\u0301chauffement climatique. Le secteur agricole, a\u0300 l\u2019exemple d\u2019autres domaines d\u2019activite\u0301s, subit [&hellip;]<\/p>\n","protected":false},"author":82,"featured_media":30361,"comment_status":"open","ping_status":"closed","sticky":false,"template":"","format":"standard","meta":{"footnotes":""},"categories":[21,10],"tags":[36,47,46],"class_list":["post-30362","post","type-post","status-publish","format-standard","has-post-thumbnail","hentry","category-communaute","category-toutes-les-actualites","tag-africa-press","tag-africa-press-congo-brazzaville","tag-congo-brazzaville"],"yoast_head":"<!-- This site is optimized with the Yoast SEO Premium plugin v26.1 (Yoast SEO v27.0) - https:\/\/yoast.com\/product\/yoast-seo-premium-wordpress\/ -->\n<title>les mara\u00eechers de madibou se plaignent de la perte de leurs cultures - Congo Brazzaville<\/title>\n<meta name=\"description\" content=\"Les agriculteurs e\u0301voluant au centre marai\u0302cher de Nsoungui, au quartier Mayanga a\u0300 Madibou dans le 8e\u0300me arrondissem ...\" \/>\n<meta name=\"robots\" content=\"index, follow, max-snippet:-1, max-image-preview:large, max-video-preview:-1\" \/>\n<link rel=\"canonical\" href=\"https:\/\/www.africa-press.net\/congo-brazzaville\/toutes-les-actualites\/les-maraichers-de-madibou-se-plaignent-de-la-perte-de-leurs-cultures\" \/>\n<meta property=\"og:locale\" content=\"fr_FR\" \/>\n<meta property=\"og:type\" content=\"article\" \/>\n<meta property=\"og:title\" content=\"les mara\u00eechers de madibou se plaignent de la perte de leurs cultures\" \/>\n<meta property=\"og:description\" content=\"Les agriculteurs e\u0301voluant au centre marai\u0302cher de Nsoungui, au quartier Mayanga a\u0300 Madibou dans le 8e\u0300me arrondissem ...\" \/>\n<meta property=\"og:url\" content=\"https:\/\/www.africa-press.net\/congo-brazzaville\/toutes-les-actualites\/les-maraichers-de-madibou-se-plaignent-de-la-perte-de-leurs-cultures\" \/>\n<meta property=\"og:site_name\" content=\"Congo Brazzaville\" \/>\n<meta property=\"article:published_time\" content=\"2024-05-15T22:52:29+00:00\" \/>\n<meta property=\"article:modified_time\" content=\"2024-05-16T03:13:36+00:00\" \/>\n<meta property=\"og:image\" content=\"https:\/\/static.africa-press.net\/congo-brazzaville\/sites\/51\/2024\/05\/sm_1715802114.180853.jpg\" \/>\n\t<meta property=\"og:image:width\" content=\"1220\" \/>\n\t<meta property=\"og:image:height\" content=\"445\" \/>\n\t<meta property=\"og:image:type\" content=\"image\/jpeg\" \/>\n<meta name=\"author\" content=\"cfeditorfr\" \/>\n<meta name=\"twitter:card\" content=\"summary_large_image\" \/>\n<meta name=\"twitter:label1\" content=\"\u00c9crit par\" \/>\n\t<meta name=\"twitter:data1\" content=\"cfeditorfr\" \/>\n\t<meta name=\"twitter:label2\" content=\"Dur\u00e9e de lecture estim\u00e9e\" \/>\n\t<meta name=\"twitter:data2\" content=\"2 minutes\" \/>\n<script type=\"application\/ld+json\" class=\"yoast-schema-graph\">{\"@context\":\"https:\/\/schema.org\",\"@graph\":[{\"@type\":\"Article\",\"@id\":\"https:\/\/www.africa-press.net\/congo-brazzaville\/toutes-les-actualites\/les-maraichers-de-madibou-se-plaignent-de-la-perte-de-leurs-cultures#article\",\"isPartOf\":{\"@id\":\"https:\/\/www.africa-press.net\/congo-brazzaville\/toutes-les-actualites\/les-maraichers-de-madibou-se-plaignent-de-la-perte-de-leurs-cultures\"},\"author\":{\"name\":\"cfeditorfr\",\"@id\":\"https:\/\/www.africa-press.net\/congo-brazzaville\/#\/schema\/person\/2b1cf3cd81a31e3cd26889ca66d677f1\"},\"headline\":\"les mara\u00eechers de madibou se plaignent de la perte de leurs cultures\",\"datePublished\":\"2024-05-15T22:52:29+00:00\",\"dateModified\":\"2024-05-16T03:13:36+00:00\",\"mainEntityOfPage\":{\"@id\":\"https:\/\/www.africa-press.net\/congo-brazzaville\/toutes-les-actualites\/les-maraichers-de-madibou-se-plaignent-de-la-perte-de-leurs-cultures\"},\"wordCount\":395,\"commentCount\":0,\"image\":{\"@id\":\"https:\/\/www.africa-press.net\/congo-brazzaville\/toutes-les-actualites\/les-maraichers-de-madibou-se-plaignent-de-la-perte-de-leurs-cultures#primaryimage\"},\"thumbnailUrl\":\"https:\/\/static.africa-press.net\/congo-brazzaville\/sites\/51\/2024\/05\/sm_1715802114.180853.jpg\",\"keywords\":[\"Africa Press\",\"Africa Press-Congo Brazzaville\",\"Congo Brazzaville\"],\"articleSection\":[\"Communaut\u00e9\",\"Toutes les actualit\u00e9s\"],\"inLanguage\":\"fr-FR\",\"potentialAction\":[{\"@type\":\"CommentAction\",\"name\":\"Comment\",\"target\":[\"https:\/\/www.africa-press.net\/congo-brazzaville\/toutes-les-actualites\/les-maraichers-de-madibou-se-plaignent-de-la-perte-de-leurs-cultures#respond\"]}]},{\"@type\":\"WebPage\",\"@id\":\"https:\/\/www.africa-press.net\/congo-brazzaville\/toutes-les-actualites\/les-maraichers-de-madibou-se-plaignent-de-la-perte-de-leurs-cultures\",\"url\":\"https:\/\/www.africa-press.net\/congo-brazzaville\/toutes-les-actualites\/les-maraichers-de-madibou-se-plaignent-de-la-perte-de-leurs-cultures\",\"name\":\"les mara\u00eechers de madibou se plaignent de la perte de leurs cultures - Congo Brazzaville\",\"isPartOf\":{\"@id\":\"https:\/\/www.africa-press.net\/congo-brazzaville\/#website\"},\"primaryImageOfPage\":{\"@id\":\"https:\/\/www.africa-press.net\/congo-brazzaville\/toutes-les-actualites\/les-maraichers-de-madibou-se-plaignent-de-la-perte-de-leurs-cultures#primaryimage\"},\"image\":{\"@id\":\"https:\/\/www.africa-press.net\/congo-brazzaville\/toutes-les-actualites\/les-maraichers-de-madibou-se-plaignent-de-la-perte-de-leurs-cultures#primaryimage\"},\"thumbnailUrl\":\"https:\/\/static.africa-press.net\/congo-brazzaville\/sites\/51\/2024\/05\/sm_1715802114.180853.jpg\",\"datePublished\":\"2024-05-15T22:52:29+00:00\",\"dateModified\":\"2024-05-16T03:13:36+00:00\",\"author\":{\"@id\":\"https:\/\/www.africa-press.net\/congo-brazzaville\/#\/schema\/person\/2b1cf3cd81a31e3cd26889ca66d677f1\"},\"description\":\"Les agriculteurs e\u0301voluant au centre marai\u0302cher de Nsoungui, au quartier Mayanga a\u0300 Madibou dans le 8e\u0300me arrondissem ...\",\"breadcrumb\":{\"@id\":\"https:\/\/www.africa-press.net\/congo-brazzaville\/toutes-les-actualites\/les-maraichers-de-madibou-se-plaignent-de-la-perte-de-leurs-cultures#breadcrumb\"},\"inLanguage\":\"fr-FR\",\"potentialAction\":[{\"@type\":\"ReadAction\",\"target\":[\"https:\/\/www.africa-press.net\/congo-brazzaville\/toutes-les-actualites\/les-maraichers-de-madibou-se-plaignent-de-la-perte-de-leurs-cultures\"]}]},{\"@type\":\"ImageObject\",\"inLanguage\":\"fr-FR\",\"@id\":\"https:\/\/www.africa-press.net\/congo-brazzaville\/toutes-les-actualites\/les-maraichers-de-madibou-se-plaignent-de-la-perte-de-leurs-cultures#primaryimage\",\"url\":\"https:\/\/static.africa-press.net\/congo-brazzaville\/sites\/51\/2024\/05\/sm_1715802114.180853.jpg\",\"contentUrl\":\"https:\/\/static.africa-press.net\/congo-brazzaville\/sites\/51\/2024\/05\/sm_1715802114.180853.jpg\",\"width\":1220,\"height\":445,\"caption\":\"les mara\u00eechers de madibou se plaignent de la perte de leurs cultures\"},{\"@type\":\"BreadcrumbList\",\"@id\":\"https:\/\/www.africa-press.net\/congo-brazzaville\/toutes-les-actualites\/les-maraichers-de-madibou-se-plaignent-de-la-perte-de-leurs-cultures#breadcrumb\",\"itemListElement\":[{\"@type\":\"ListItem\",\"position\":1,\"name\":\"Accueil\",\"item\":\"https:\/\/www.africa-press.net\/congo-brazzaville\/\"},{\"@type\":\"ListItem\",\"position\":2,\"name\":\"les mara\u00eechers de madibou se plaignent de la perte de leurs cultures\"}]},{\"@type\":\"WebSite\",\"@id\":\"https:\/\/www.africa-press.net\/congo-brazzaville\/#website\",\"url\":\"https:\/\/www.africa-press.net\/congo-brazzaville\/\",\"name\":\"Congo Brazzaville\",\"description\":\"Just another Africa News Agency Sites site\",\"potentialAction\":[{\"@type\":\"SearchAction\",\"target\":{\"@type\":\"EntryPoint\",\"urlTemplate\":\"https:\/\/www.africa-press.net\/congo-brazzaville\/?s={search_term_string}\"},\"query-input\":{\"@type\":\"PropertyValueSpecification\",\"valueRequired\":true,\"valueName\":\"search_term_string\"}}],\"inLanguage\":\"fr-FR\"},{\"@type\":\"Person\",\"@id\":\"https:\/\/www.africa-press.net\/congo-brazzaville\/#\/schema\/person\/2b1cf3cd81a31e3cd26889ca66d677f1\",\"name\":\"cfeditorfr\"}]}<\/script>\n<!-- \/ Yoast SEO Premium plugin. -->","yoast_head_json":{"title":"les mara\u00eechers de madibou se plaignent de la perte de leurs cultures - Congo Brazzaville","description":"Les agriculteurs e\u0301voluant au centre marai\u0302cher de Nsoungui, au quartier Mayanga a\u0300 Madibou dans le 8e\u0300me arrondissem ...","robots":{"index":"index","follow":"follow","max-snippet":"max-snippet:-1","max-image-preview":"max-image-preview:large","max-video-preview":"max-video-preview:-1"},"canonical":"https:\/\/www.africa-press.net\/congo-brazzaville\/toutes-les-actualites\/les-maraichers-de-madibou-se-plaignent-de-la-perte-de-leurs-cultures","og_locale":"fr_FR","og_type":"article","og_title":"les mara\u00eechers de madibou se plaignent de la perte de leurs cultures","og_description":"Les agriculteurs e\u0301voluant au centre marai\u0302cher de Nsoungui, au quartier Mayanga a\u0300 Madibou dans le 8e\u0300me arrondissem ...","og_url":"https:\/\/www.africa-press.net\/congo-brazzaville\/toutes-les-actualites\/les-maraichers-de-madibou-se-plaignent-de-la-perte-de-leurs-cultures","og_site_name":"Congo Brazzaville","article_published_time":"2024-05-15T22:52:29+00:00","article_modified_time":"2024-05-16T03:13:36+00:00","og_image":[{"width":1220,"height":445,"url":"https:\/\/static.africa-press.net\/congo-brazzaville\/sites\/51\/2024\/05\/sm_1715802114.180853.jpg","type":"image\/jpeg"}],"author":"cfeditorfr","twitter_card":"summary_large_image","twitter_misc":{"\u00c9crit par":"cfeditorfr","Dur\u00e9e de lecture estim\u00e9e":"2 minutes"},"schema":{"@context":"https:\/\/schema.org","@graph":[{"@type":"Article","@id":"https:\/\/www.africa-press.net\/congo-brazzaville\/toutes-les-actualites\/les-maraichers-de-madibou-se-plaignent-de-la-perte-de-leurs-cultures#article","isPartOf":{"@id":"https:\/\/www.africa-press.net\/congo-brazzaville\/toutes-les-actualites\/les-maraichers-de-madibou-se-plaignent-de-la-perte-de-leurs-cultures"},"author":{"name":"cfeditorfr","@id":"https:\/\/www.africa-press.net\/congo-brazzaville\/#\/schema\/person\/2b1cf3cd81a31e3cd26889ca66d677f1"},"headline":"les mara\u00eechers de madibou se plaignent de la perte de leurs cultures","datePublished":"2024-05-15T22:52:29+00:00","dateModified":"2024-05-16T03:13:36+00:00","mainEntityOfPage":{"@id":"https:\/\/www.africa-press.net\/congo-brazzaville\/toutes-les-actualites\/les-maraichers-de-madibou-se-plaignent-de-la-perte-de-leurs-cultures"},"wordCount":395,"commentCount":0,"image":{"@id":"https:\/\/www.africa-press.net\/congo-brazzaville\/toutes-les-actualites\/les-maraichers-de-madibou-se-plaignent-de-la-perte-de-leurs-cultures#primaryimage"},"thumbnailUrl":"https:\/\/static.africa-press.net\/congo-brazzaville\/sites\/51\/2024\/05\/sm_1715802114.180853.jpg","keywords":["Africa Press","Africa Press-Congo Brazzaville","Congo Brazzaville"],"articleSection":["Communaut\u00e9","Toutes les actualit\u00e9s"],"inLanguage":"fr-FR","potentialAction":[{"@type":"CommentAction","name":"Comment","target":["https:\/\/www.africa-press.net\/congo-brazzaville\/toutes-les-actualites\/les-maraichers-de-madibou-se-plaignent-de-la-perte-de-leurs-cultures#respond"]}]},{"@type":"WebPage","@id":"https:\/\/www.africa-press.net\/congo-brazzaville\/toutes-les-actualites\/les-maraichers-de-madibou-se-plaignent-de-la-perte-de-leurs-cultures","url":"https:\/\/www.africa-press.net\/congo-brazzaville\/toutes-les-actualites\/les-maraichers-de-madibou-se-plaignent-de-la-perte-de-leurs-cultures","name":"les mara\u00eechers de madibou se plaignent de la perte de leurs cultures - Congo Brazzaville","isPartOf":{"@id":"https:\/\/www.africa-press.net\/congo-brazzaville\/#website"},"primaryImageOfPage":{"@id":"https:\/\/www.africa-press.net\/congo-brazzaville\/toutes-les-actualites\/les-maraichers-de-madibou-se-plaignent-de-la-perte-de-leurs-cultures#primaryimage"},"image":{"@id":"https:\/\/www.africa-press.net\/congo-brazzaville\/toutes-les-actualites\/les-maraichers-de-madibou-se-plaignent-de-la-perte-de-leurs-cultures#primaryimage"},"thumbnailUrl":"https:\/\/static.africa-press.net\/congo-brazzaville\/sites\/51\/2024\/05\/sm_1715802114.180853.jpg","datePublished":"2024-05-15T22:52:29+00:00","dateModified":"2024-05-16T03:13:36+00:00","author":{"@id":"https:\/\/www.africa-press.net\/congo-brazzaville\/#\/schema\/person\/2b1cf3cd81a31e3cd26889ca66d677f1"},"description":"Les agriculteurs e\u0301voluant au centre marai\u0302cher de Nsoungui, au quartier Mayanga a\u0300 Madibou dans le 8e\u0300me arrondissem ...","breadcrumb":{"@id":"https:\/\/www.africa-press.net\/congo-brazzaville\/toutes-les-actualites\/les-maraichers-de-madibou-se-plaignent-de-la-perte-de-leurs-cultures#breadcrumb"},"inLanguage":"fr-FR","potentialAction":[{"@type":"ReadAction","target":["https:\/\/www.africa-press.net\/congo-brazzaville\/toutes-les-actualites\/les-maraichers-de-madibou-se-plaignent-de-la-perte-de-leurs-cultures"]}]},{"@type":"ImageObject","inLanguage":"fr-FR","@id":"https:\/\/www.africa-press.net\/congo-brazzaville\/toutes-les-actualites\/les-maraichers-de-madibou-se-plaignent-de-la-perte-de-leurs-cultures#primaryimage","url":"https:\/\/static.africa-press.net\/congo-brazzaville\/sites\/51\/2024\/05\/sm_1715802114.180853.jpg","contentUrl":"https:\/\/static.africa-press.net\/congo-brazzaville\/sites\/51\/2024\/05\/sm_1715802114.180853.jpg","width":1220,"height":445,"caption":"les mara\u00eechers de madibou se plaignent de la perte de leurs cultures"},{"@type":"BreadcrumbList","@id":"https:\/\/www.africa-press.net\/congo-brazzaville\/toutes-les-actualites\/les-maraichers-de-madibou-se-plaignent-de-la-perte-de-leurs-cultures#breadcrumb","itemListElement":[{"@type":"ListItem","position":1,"name":"Accueil","item":"https:\/\/www.africa-press.net\/congo-brazzaville\/"},{"@type":"ListItem","position":2,"name":"les mara\u00eechers de madibou se plaignent de la perte de leurs cultures"}]},{"@type":"WebSite","@id":"https:\/\/www.africa-press.net\/congo-brazzaville\/#website","url":"https:\/\/www.africa-press.net\/congo-brazzaville\/","name":"Congo Brazzaville","description":"Just another Africa News Agency Sites site","potentialAction":[{"@type":"SearchAction","target":{"@type":"EntryPoint","urlTemplate":"https:\/\/www.africa-press.net\/congo-brazzaville\/?s={search_term_string}"},"query-input":{"@type":"PropertyValueSpecification","valueRequired":true,"valueName":"search_term_string"}}],"inLanguage":"fr-FR"},{"@type":"Person","@id":"https:\/\/www.africa-press.net\/congo-brazzaville\/#\/schema\/person\/2b1cf3cd81a31e3cd26889ca66d677f1","name":"cfeditorfr"}]}},"_links":{"self":[{"href":"https:\/\/www.africa-press.net\/congo-brazzaville\/wp-json\/wp\/v2\/posts\/30362","targetHints":{"allow":["GET"]}}],"collection":[{"href":"https:\/\/www.africa-press.net\/congo-brazzaville\/wp-json\/wp\/v2\/posts"}],"about":[{"href":"https:\/\/www.africa-press.net\/congo-brazzaville\/wp-json\/wp\/v2\/types\/post"}],"author":[{"embeddable":true,"href":"https:\/\/www.africa-press.net\/congo-brazzaville\/wp-json\/wp\/v2\/users\/82"}],"replies":[{"embeddable":true,"href":"https:\/\/www.africa-press.net\/congo-brazzaville\/wp-json\/wp\/v2\/comments?post=30362"}],"version-history":[{"count":0,"href":"https:\/\/www.africa-press.net\/congo-brazzaville\/wp-json\/wp\/v2\/posts\/30362\/revisions"}],"wp:featuredmedia":[{"embeddable":true,"href":"https:\/\/www.africa-press.net\/congo-brazzaville\/wp-json\/wp\/v2\/media\/30361"}],"wp:attachment":[{"href":"https:\/\/www.africa-press.net\/congo-brazzaville\/wp-json\/wp\/v2\/media?parent=30362"}],"wp:term":[{"taxonomy":"category","embeddable":true,"href":"https:\/\/www.africa-press.net\/congo-brazzaville\/wp-json\/wp\/v2\/categories?post=30362"},{"taxonomy":"post_tag","embeddable":true,"href":"https:\/\/www.africa-press.net\/congo-brazzaville\/wp-json\/wp\/v2\/tags?post=30362"}],"curies":[{"name":"wp","href":"https:\/\/api.w.org\/{rel}","templated":true}]}}