{"id":30400,"date":"2024-05-15T22:54:51","date_gmt":"2024-05-15T22:54:51","guid":{"rendered":"https:\/\/www.africa-press.net\/congo-brazzaville\/politique\/preservation-des-especes-marines-renatura-congo-a-presente-les-resultats-de-ses-etudes-sur-les-cetaces"},"modified":"2024-05-16T03:19:17","modified_gmt":"2024-05-16T03:19:17","slug":"preservation-des-especes-marines-renatura-congo-a-presente-les-resultats-de-ses-etudes-sur-les-cetaces","status":"publish","type":"post","link":"https:\/\/www.africa-press.net\/congo-brazzaville\/photo\/preservation-des-especes-marines-renatura-congo-a-presente-les-resultats-de-ses-etudes-sur-les-cetaces","title":{"rendered":"Pr\u00e9servation des esp\u00e8ces marines : Renatura Congo a pr\u00e9sent\u00e9 les r\u00e9sultats de ses \u00e9tudes sur les c\u00e9tac\u00e9s"},"content":{"rendered":"<p><span style=\"color: #ff6600\"><strong>Africa-Press &#8211; Congo Brazzaville. <\/strong><\/span><b>La pre\u0301sentation des re\u0301sultats obtenus pendant les deux ans d\u2019e\u0301tudes que l\u2019association Renatura Congo a mene\u0301es sur les ce\u0301tace\u0301s, notamment les dauphins et baleines a\u0300 bosse du Congo, a e\u0301te\u0301 faite au cours du premier atelier multi-acteurs co-organise\u0301 avec l\u2019Institut de recherches en sciences exactes et naturelles (Irsen). <\/b><\/p>\n<p>L\u2019activite\u0301 a eu lieu le 6 mai dans la salle de confe\u0301rence de l&rsquo;Irsen, dans l\u2019arrondissement 2, Mvou-Mvou. Ce premier atelier multi-acteurs sur les ce\u0301tace\u0301s, initie\u0301 par l\u2019association Renatura Congo, a re\u0301uni un nombre important de repre\u0301sentants des administrations, entreprises, socie\u0301te\u0301 civile et divers acteurs en lien avec le milieu marin et l\u2019activite\u0301 maritime. Re\u0301alise\u0301e avec le soutien du Programme des petites initiatives (PPI) du comite\u0301 franc\u0327ais de l\u2019Union internationale pour la conservation de la nature (IUCN) et l\u2019ambassade de France, l\u2019activite\u0301 s\u2019est de\u0301roule\u0301e en pre\u0301sence du directeur ge\u0301ne\u0301ral de l\u2019Irsen, Victor Mamone\u0301ke\u0301ne\u0301; du directeur ge\u0301ne\u0301ral de la Pe\u0302che, Boniface Essea; du chef de service de la conservation de la biodiversite\u0301 a\u0300 l\u2019Agence congolaise pour la faune et les aires Prote\u0301ge\u0301es (Acfap), Guy Engambe; et de la consule ge\u0301ne\u0301rale de France, Ve\u0301ronique Wagner.<\/p>\n<p>Ce workshop a e\u0301te\u0301 l\u2019occasion pour Renatura Congo de partager les connaissances acquises au cours des deux anne\u0301es d\u2019e\u0301tudes mene\u0301es sur les dauphins et baleines a\u0300 bosse pre\u0301sents dans les eaux co\u0302tie\u0300res du Congo. Une campagne de suivi scientifique, permettant de mieux connai\u0302tre ces mammife\u0300res marins, s\u2019est re\u0301alise\u0301e en partenariat avec l\u2019Irsen et l\u2019appui de l\u2019Acfap. L\u2019atelier a aussi permis de pre\u0301senter les enjeux et perspectives pour la pre\u0301servation de ces animaux encore peu connus au Congo et tre\u0300s menace\u0301s par les activite\u0301s humaines (pollution, surpe\u0302che, industrie&#8230;). \u00abOn a essaye\u0301 d\u2019avoir les repre\u0301sentants de tous les utilisateurs du milieu marin et co\u0302tier pour faire un bilan des donne\u0301es apprises sur ces espe\u0300ces puisque pour bien les prote\u0301ger, il faut bien les connai\u0302tre. Et quand on les connai\u0302t, on peut les prendre en compte dans nos activite\u0301s. Les e\u0301tudes ont concerne\u0301 l\u2019ensemble du littoral. Pour les baleines, on a travaille\u0301 sur une zone comprise entre le port de Pointe-Noire, la pointe indienne et en haute mer. Nous avions des donne\u0301es pre\u0301ce\u0301dentes mais qui n\u2019avaient pas suivi un protocole aussi pre\u0301cis. Pour le dauphin a\u0300 bosse, qui est une espe\u0300ce en danger critique d\u2019extinction, nous avons travaille\u0301 depuis la frontie\u0300re du Cabinda jusqu\u2019a\u0300 Longo bondi\u00bb, a explique\u0301 Nathalie Mianseko, directrice de Renatura Congo.<\/p>\n<p>Les participants a\u0300 l\u2019atelier ont suivi les diffe\u0301rentes pre\u0301sentations faites en pre\u0301sentiel et par visioconfe\u0301rence par des spe\u0301cialistes de l&rsquo;Irsen, de la Commission baleinie\u0300re internationale (IWC), et du Consortium pour la conservation du dauphin a\u0300 bosse d\u2019Atlantique et de Renatura Congo. Celles-ci ont porte\u0301 sur les ge\u0301ne\u0301ralite\u0301s des ce\u0301tace\u0301s au Congo\/e\u0301cologie; l\u2019e\u0301tat de connaissance des baleines en Afrique de l\u2019Ouest et en Afrique centrale ; la pre\u0301sentation des deux anne\u0301es de campagne de suivi scientifique au Congo (premiers re\u0301sultats qui de\u0301montrent que les eaux congolaises sont un site de reproduction pour la baleine a\u0300 bosse) ; l\u2019e\u0301tat des recherches et du statut de protection du dauphin a\u0300 bosse, espe\u0300ce en danger critique d\u2019extinction (observations fixes, enque\u0302tes, pose d\u2019hydrophones en mer: FPOD).<\/p>\n<p>Enfin, pour conclure cette journe\u0301e de partage, les participants ont pu suivre une pre\u0301sentation sur l\u2019application de sciences participatives \u00ab Siren\u00bb conc\u0327ue par l\u2019organisation non gouvernementale camerounaise African marine mammal conservation organization. Cette application pour te\u0301le\u0301phone portable offre la possibilite\u0301 a\u0300 tout citoyen de signaler une observation sur la biodiversite\u0301 marine, dans l\u2019objectif d\u2019ame\u0301liorer les connaissances sur ces espe\u0300ces encore trop peu connues.<\/p>\n<p>Ce premier atelier sur les ce\u0301tace\u0301s au Congo a e\u0301te\u0301 salue\u0301 par les participants qui ont confie\u0301 avoir beaucoup appris. \u00abCela m\u2019a permis d\u2019avoir une vue ge\u0301ne\u0301rale de ces espe\u0300ces qui jouent un ro\u0302le important au niveau des oce\u0301ans mais aussi au niveau de l\u2019homme, parce qu\u2019elles re\u0301gulent la population de certains pre\u0301dateurs qui tuent les petits poissons que les hommes utilisent pour se nourrir et pour commercialiser\u00bb, a confie\u0301 Chance Malanda, e\u0301tudiant en sciences et techniques de l\u2019Universite\u0301 Marien-Ngouabi. La consule ge\u0301ne\u0301rale de France, Ve\u0301ronique Wagner, a exprime\u0301 aussi sa satisfaction. \u00abOn a vu que parmi la pre\u0301sence il y a une grande repre\u0301sentation des autorite\u0301s, des entreprises prive\u0301es et des pe\u0302cheurs. Fe\u0301licitations a\u0300 Renatura pour cet atelier, on attend le prochain\u00bb, a-t-elle indique\u0301. Cre\u0301e\u0301e en 2005 a\u0300 Pointe-Noire, Renatura Congo, qui a pour objectif la pre\u0301servation de la biodiversite\u0301 marine et la promotion du de\u0301veloppement durable, entend poursuivre ses e\u0301tudes sur les ce\u0301tace\u0301s avec l\u2019appui de ses diffe\u0301rents partenaires.<\/p>\n\r\n                <style type=\"text\/css\">\r\n                    \r\n                    #td_uid_1_69f4b1951b552  .td-doubleSlider-2 .td-item1 {\r\n                        background: url(https:\/\/static.africa-press.net\/congo-brazzaville\/sites\/51\/2024\/05\/sm_1715802500.611745-80x60.jpg) 0 0 no-repeat;\r\n                    }\r\n                    #td_uid_1_69f4b1951b552  .td-doubleSlider-2 .td-item2 {\r\n                        background: url(https:\/\/static.africa-press.net\/congo-brazzaville\/sites\/51\/2024\/05\/sm_1715802507.263437-80x60.jpg) 0 0 no-repeat;\r\n                    }\r\n                <\/style>\r\n\r\n                <div id=\"td_uid_1_69f4b1951b552\" class=\"td-gallery td-slide-on-2-columns\">\r\n                    <div class=\"post_td_gallery\">\r\n                        <div class=\"td-gallery-slide-top\">\r\n                           <div class=\"td-gallery-title\"><\/div>\r\n\r\n                            <div class=\"td-gallery-controls-wrapper\">\r\n                                <div class=\"td-gallery-slide-count\"><span class=\"td-gallery-slide-item-focus\">1<\/span> de 2<\/div>\r\n                                <div class=\"td-gallery-slide-prev-next-but\">\r\n                                    <i class = \"td-icon-left doubleSliderPrevButton\"><\/i>\r\n                                    <i class = \"td-icon-right doubleSliderNextButton\"><\/i>\r\n                                <\/div>\r\n                            <\/div>\r\n                        <\/div>\r\n\r\n                        <div class = \"td-doubleSlider-1 \">\r\n                            <div class = \"td-slider\">\r\n                                \r\n                    <div class = \"td-slide-item td-item1\">\r\n                        <figure class=\"td-slide-galery-figure td-slide-popup-gallery\">\r\n                            <a class=\"slide-gallery-image-link\" href=\"https:\/\/static.africa-press.net\/congo-brazzaville\/sites\/51\/2024\/05\/sm_1715802500.611745.jpg\" title=\"sm_1715802500.611745\"  data-caption=\"\"  data-description=\"\">\r\n                                <img decoding=\"async\" src=\"https:\/\/static.africa-press.net\/congo-brazzaville\/sites\/51\/2024\/05\/sm_1715802500.611745.jpg\" alt=\"\">\r\n                            <\/a>\r\n                            \r\n                        <\/figure>\r\n                    <\/div>\r\n                    <div class = \"td-slide-item td-item2\">\r\n                        <figure class=\"td-slide-galery-figure td-slide-popup-gallery\">\r\n                            <a class=\"slide-gallery-image-link\" href=\"https:\/\/static.africa-press.net\/congo-brazzaville\/sites\/51\/2024\/05\/sm_1715802507.263437.jpg\" title=\"sm_1715802507.263437\"  data-caption=\"\"  data-description=\"\">\r\n                                <img decoding=\"async\" src=\"https:\/\/static.africa-press.net\/congo-brazzaville\/sites\/51\/2024\/05\/sm_1715802507.263437.jpg\" alt=\"\">\r\n                            <\/a>\r\n                            \r\n                        <\/figure>\r\n                    <\/div>\r\n                            <\/div>\r\n                        <\/div>\r\n\r\n                        <div class = \"td-doubleSlider-2\">\r\n                            <div class = \"td-slider\">\r\n                                \r\n                    <div class = \"td-button td-item1\">\r\n                        <div class = \"td-border\"><\/div>\r\n                    <\/div>\r\n                    <div class = \"td-button td-item2\">\r\n                        <div class = \"td-border\"><\/div>\r\n                    <\/div>\r\n                            <\/div>\r\n                        <\/div>\r\n\r\n                    <\/div>\r\n\r\n                <\/div>\r\n                \n<p><strong>Pour plus d&rsquo;informations et d&rsquo;analyses sur la <a href=\"https:\/\/www.africa-press.net\/congo-brazzaville\">Congo Brazzaville<\/a>, suivez <a href=\"https:\/\/www.africa-press.net\/\">Africa-Press<\/a><\/strong><\/p>\n","protected":false},"excerpt":{"rendered":"<p>Africa-Press &#8211; Congo Brazzaville. La pre\u0301sentation des re\u0301sultats obtenus pendant les deux ans d\u2019e\u0301tudes que l\u2019association Renatura Congo a mene\u0301es sur les ce\u0301tace\u0301s, notamment les dauphins et baleines a\u0300 bosse du Congo, a e\u0301te\u0301 faite au cours du premier atelier multi-acteurs co-organise\u0301 avec l\u2019Institut de recherches en sciences exactes et naturelles (Irsen). L\u2019activite\u0301 a eu [&hellip;]<\/p>\n","protected":false},"author":82,"featured_media":30398,"comment_status":"open","ping_status":"closed","sticky":false,"template":"","format":"standard","meta":{"footnotes":""},"categories":[21,8,10],"tags":[36,47,46],"class_list":["post-30400","post","type-post","status-publish","format-standard","has-post-thumbnail","hentry","category-communaute","category-photo","category-toutes-les-actualites","tag-africa-press","tag-africa-press-congo-brazzaville","tag-congo-brazzaville"],"yoast_head":"<!-- This site is optimized with the Yoast SEO Premium plugin v26.1 (Yoast SEO v27.0) - https:\/\/yoast.com\/product\/yoast-seo-premium-wordpress\/ -->\n<title>Pr\u00e9servation des esp\u00e8ces marines : Renatura Congo a pr\u00e9sent\u00e9 les r\u00e9sultats de ses \u00e9tudes sur les c\u00e9tac\u00e9s - Congo Brazzaville<\/title>\n<meta name=\"description\" content=\"La pre\u0301sentation des re\u0301sultats obtenus pendant les deux ans d\u2019e\u0301tudes que l\u2019association Renatura Congo a mene\u0301es sur ...\" \/>\n<meta name=\"robots\" content=\"index, follow, max-snippet:-1, max-image-preview:large, max-video-preview:-1\" \/>\n<link rel=\"canonical\" href=\"https:\/\/www.africa-press.net\/congo-brazzaville\/photo\/preservation-des-especes-marines-renatura-congo-a-presente-les-resultats-de-ses-etudes-sur-les-cetaces\" \/>\n<meta property=\"og:locale\" content=\"fr_FR\" \/>\n<meta property=\"og:type\" content=\"article\" \/>\n<meta property=\"og:title\" content=\"Pr\u00e9servation des esp\u00e8ces marines : Renatura Congo a pr\u00e9sent\u00e9 les r\u00e9sultats de ses \u00e9tudes sur les c\u00e9tac\u00e9s\" \/>\n<meta property=\"og:description\" content=\"La pre\u0301sentation des re\u0301sultats obtenus pendant les deux ans d\u2019e\u0301tudes que l\u2019association Renatura Congo a mene\u0301es sur ...\" \/>\n<meta property=\"og:url\" content=\"https:\/\/www.africa-press.net\/congo-brazzaville\/photo\/preservation-des-especes-marines-renatura-congo-a-presente-les-resultats-de-ses-etudes-sur-les-cetaces\" \/>\n<meta property=\"og:site_name\" content=\"Congo Brazzaville\" \/>\n<meta property=\"article:published_time\" content=\"2024-05-15T22:54:51+00:00\" \/>\n<meta property=\"article:modified_time\" content=\"2024-05-16T03:19:17+00:00\" \/>\n<meta property=\"og:image\" content=\"https:\/\/static.africa-press.net\/congo-brazzaville\/sites\/51\/2024\/05\/sm_1715802517.807736.jpg\" \/>\n\t<meta property=\"og:image:width\" content=\"720\" \/>\n\t<meta property=\"og:image:height\" content=\"428\" \/>\n\t<meta property=\"og:image:type\" content=\"image\/jpeg\" \/>\n<meta name=\"author\" content=\"cfeditorfr\" \/>\n<meta name=\"twitter:card\" content=\"summary_large_image\" \/>\n<meta name=\"twitter:label1\" content=\"\u00c9crit par\" \/>\n\t<meta name=\"twitter:data1\" content=\"cfeditorfr\" \/>\n\t<meta name=\"twitter:label2\" content=\"Dur\u00e9e de lecture estim\u00e9e\" \/>\n\t<meta name=\"twitter:data2\" content=\"5 minutes\" \/>\n<script type=\"application\/ld+json\" class=\"yoast-schema-graph\">{\"@context\":\"https:\/\/schema.org\",\"@graph\":[{\"@type\":\"Article\",\"@id\":\"https:\/\/www.africa-press.net\/congo-brazzaville\/photo\/preservation-des-especes-marines-renatura-congo-a-presente-les-resultats-de-ses-etudes-sur-les-cetaces#article\",\"isPartOf\":{\"@id\":\"https:\/\/www.africa-press.net\/congo-brazzaville\/photo\/preservation-des-especes-marines-renatura-congo-a-presente-les-resultats-de-ses-etudes-sur-les-cetaces\"},\"author\":{\"name\":\"cfeditorfr\",\"@id\":\"https:\/\/www.africa-press.net\/congo-brazzaville\/#\/schema\/person\/2b1cf3cd81a31e3cd26889ca66d677f1\"},\"headline\":\"Pr\u00e9servation des esp\u00e8ces marines : Renatura Congo a pr\u00e9sent\u00e9 les r\u00e9sultats de ses \u00e9tudes sur les c\u00e9tac\u00e9s\",\"datePublished\":\"2024-05-15T22:54:51+00:00\",\"dateModified\":\"2024-05-16T03:19:17+00:00\",\"mainEntityOfPage\":{\"@id\":\"https:\/\/www.africa-press.net\/congo-brazzaville\/photo\/preservation-des-especes-marines-renatura-congo-a-presente-les-resultats-de-ses-etudes-sur-les-cetaces\"},\"wordCount\":943,\"commentCount\":0,\"image\":{\"@id\":\"https:\/\/www.africa-press.net\/congo-brazzaville\/photo\/preservation-des-especes-marines-renatura-congo-a-presente-les-resultats-de-ses-etudes-sur-les-cetaces#primaryimage\"},\"thumbnailUrl\":\"https:\/\/static.africa-press.net\/congo-brazzaville\/sites\/51\/2024\/05\/sm_1715802517.807736.jpg\",\"keywords\":[\"Africa Press\",\"Africa Press-Congo Brazzaville\",\"Congo Brazzaville\"],\"articleSection\":[\"Communaut\u00e9\",\"Photo\",\"Toutes les actualit\u00e9s\"],\"inLanguage\":\"fr-FR\",\"potentialAction\":[{\"@type\":\"CommentAction\",\"name\":\"Comment\",\"target\":[\"https:\/\/www.africa-press.net\/congo-brazzaville\/photo\/preservation-des-especes-marines-renatura-congo-a-presente-les-resultats-de-ses-etudes-sur-les-cetaces#respond\"]}]},{\"@type\":\"WebPage\",\"@id\":\"https:\/\/www.africa-press.net\/congo-brazzaville\/photo\/preservation-des-especes-marines-renatura-congo-a-presente-les-resultats-de-ses-etudes-sur-les-cetaces\",\"url\":\"https:\/\/www.africa-press.net\/congo-brazzaville\/photo\/preservation-des-especes-marines-renatura-congo-a-presente-les-resultats-de-ses-etudes-sur-les-cetaces\",\"name\":\"Pr\u00e9servation des esp\u00e8ces marines : Renatura Congo a pr\u00e9sent\u00e9 les r\u00e9sultats de ses \u00e9tudes sur les c\u00e9tac\u00e9s - Congo Brazzaville\",\"isPartOf\":{\"@id\":\"https:\/\/www.africa-press.net\/congo-brazzaville\/#website\"},\"primaryImageOfPage\":{\"@id\":\"https:\/\/www.africa-press.net\/congo-brazzaville\/photo\/preservation-des-especes-marines-renatura-congo-a-presente-les-resultats-de-ses-etudes-sur-les-cetaces#primaryimage\"},\"image\":{\"@id\":\"https:\/\/www.africa-press.net\/congo-brazzaville\/photo\/preservation-des-especes-marines-renatura-congo-a-presente-les-resultats-de-ses-etudes-sur-les-cetaces#primaryimage\"},\"thumbnailUrl\":\"https:\/\/static.africa-press.net\/congo-brazzaville\/sites\/51\/2024\/05\/sm_1715802517.807736.jpg\",\"datePublished\":\"2024-05-15T22:54:51+00:00\",\"dateModified\":\"2024-05-16T03:19:17+00:00\",\"author\":{\"@id\":\"https:\/\/www.africa-press.net\/congo-brazzaville\/#\/schema\/person\/2b1cf3cd81a31e3cd26889ca66d677f1\"},\"description\":\"La pre\u0301sentation des re\u0301sultats obtenus pendant les deux ans d\u2019e\u0301tudes que l\u2019association Renatura Congo a mene\u0301es sur ...\",\"breadcrumb\":{\"@id\":\"https:\/\/www.africa-press.net\/congo-brazzaville\/photo\/preservation-des-especes-marines-renatura-congo-a-presente-les-resultats-de-ses-etudes-sur-les-cetaces#breadcrumb\"},\"inLanguage\":\"fr-FR\",\"potentialAction\":[{\"@type\":\"ReadAction\",\"target\":[\"https:\/\/www.africa-press.net\/congo-brazzaville\/photo\/preservation-des-especes-marines-renatura-congo-a-presente-les-resultats-de-ses-etudes-sur-les-cetaces\"]}]},{\"@type\":\"ImageObject\",\"inLanguage\":\"fr-FR\",\"@id\":\"https:\/\/www.africa-press.net\/congo-brazzaville\/photo\/preservation-des-especes-marines-renatura-congo-a-presente-les-resultats-de-ses-etudes-sur-les-cetaces#primaryimage\",\"url\":\"https:\/\/static.africa-press.net\/congo-brazzaville\/sites\/51\/2024\/05\/sm_1715802517.807736.jpg\",\"contentUrl\":\"https:\/\/static.africa-press.net\/congo-brazzaville\/sites\/51\/2024\/05\/sm_1715802517.807736.jpg\",\"width\":720,\"height\":428,\"caption\":\"Pr\u00e9servation des esp\u00e8ces marines : Renatura Congo a pr\u00e9sent\u00e9 les r\u00e9sultats de ses \u00e9tudes sur les c\u00e9tac\u00e9s\"},{\"@type\":\"BreadcrumbList\",\"@id\":\"https:\/\/www.africa-press.net\/congo-brazzaville\/photo\/preservation-des-especes-marines-renatura-congo-a-presente-les-resultats-de-ses-etudes-sur-les-cetaces#breadcrumb\",\"itemListElement\":[{\"@type\":\"ListItem\",\"position\":1,\"name\":\"Accueil\",\"item\":\"https:\/\/www.africa-press.net\/congo-brazzaville\/\"},{\"@type\":\"ListItem\",\"position\":2,\"name\":\"Pr\u00e9servation des esp\u00e8ces marines : Renatura Congo a pr\u00e9sent\u00e9 les r\u00e9sultats de ses \u00e9tudes sur les c\u00e9tac\u00e9s\"}]},{\"@type\":\"WebSite\",\"@id\":\"https:\/\/www.africa-press.net\/congo-brazzaville\/#website\",\"url\":\"https:\/\/www.africa-press.net\/congo-brazzaville\/\",\"name\":\"Congo Brazzaville\",\"description\":\"Just another Africa News Agency Sites site\",\"potentialAction\":[{\"@type\":\"SearchAction\",\"target\":{\"@type\":\"EntryPoint\",\"urlTemplate\":\"https:\/\/www.africa-press.net\/congo-brazzaville\/?s={search_term_string}\"},\"query-input\":{\"@type\":\"PropertyValueSpecification\",\"valueRequired\":true,\"valueName\":\"search_term_string\"}}],\"inLanguage\":\"fr-FR\"},{\"@type\":\"Person\",\"@id\":\"https:\/\/www.africa-press.net\/congo-brazzaville\/#\/schema\/person\/2b1cf3cd81a31e3cd26889ca66d677f1\",\"name\":\"cfeditorfr\"}]}<\/script>\n<!-- \/ Yoast SEO Premium plugin. -->","yoast_head_json":{"title":"Pr\u00e9servation des esp\u00e8ces marines : Renatura Congo a pr\u00e9sent\u00e9 les r\u00e9sultats de ses \u00e9tudes sur les c\u00e9tac\u00e9s - Congo Brazzaville","description":"La pre\u0301sentation des re\u0301sultats obtenus pendant les deux ans d\u2019e\u0301tudes que l\u2019association Renatura Congo a mene\u0301es sur ...","robots":{"index":"index","follow":"follow","max-snippet":"max-snippet:-1","max-image-preview":"max-image-preview:large","max-video-preview":"max-video-preview:-1"},"canonical":"https:\/\/www.africa-press.net\/congo-brazzaville\/photo\/preservation-des-especes-marines-renatura-congo-a-presente-les-resultats-de-ses-etudes-sur-les-cetaces","og_locale":"fr_FR","og_type":"article","og_title":"Pr\u00e9servation des esp\u00e8ces marines : Renatura Congo a pr\u00e9sent\u00e9 les r\u00e9sultats de ses \u00e9tudes sur les c\u00e9tac\u00e9s","og_description":"La pre\u0301sentation des re\u0301sultats obtenus pendant les deux ans d\u2019e\u0301tudes que l\u2019association Renatura Congo a mene\u0301es sur ...","og_url":"https:\/\/www.africa-press.net\/congo-brazzaville\/photo\/preservation-des-especes-marines-renatura-congo-a-presente-les-resultats-de-ses-etudes-sur-les-cetaces","og_site_name":"Congo Brazzaville","article_published_time":"2024-05-15T22:54:51+00:00","article_modified_time":"2024-05-16T03:19:17+00:00","og_image":[{"width":720,"height":428,"url":"https:\/\/static.africa-press.net\/congo-brazzaville\/sites\/51\/2024\/05\/sm_1715802517.807736.jpg","type":"image\/jpeg"}],"author":"cfeditorfr","twitter_card":"summary_large_image","twitter_misc":{"\u00c9crit par":"cfeditorfr","Dur\u00e9e de lecture estim\u00e9e":"5 minutes"},"schema":{"@context":"https:\/\/schema.org","@graph":[{"@type":"Article","@id":"https:\/\/www.africa-press.net\/congo-brazzaville\/photo\/preservation-des-especes-marines-renatura-congo-a-presente-les-resultats-de-ses-etudes-sur-les-cetaces#article","isPartOf":{"@id":"https:\/\/www.africa-press.net\/congo-brazzaville\/photo\/preservation-des-especes-marines-renatura-congo-a-presente-les-resultats-de-ses-etudes-sur-les-cetaces"},"author":{"name":"cfeditorfr","@id":"https:\/\/www.africa-press.net\/congo-brazzaville\/#\/schema\/person\/2b1cf3cd81a31e3cd26889ca66d677f1"},"headline":"Pr\u00e9servation des esp\u00e8ces marines : Renatura Congo a pr\u00e9sent\u00e9 les r\u00e9sultats de ses \u00e9tudes sur les c\u00e9tac\u00e9s","datePublished":"2024-05-15T22:54:51+00:00","dateModified":"2024-05-16T03:19:17+00:00","mainEntityOfPage":{"@id":"https:\/\/www.africa-press.net\/congo-brazzaville\/photo\/preservation-des-especes-marines-renatura-congo-a-presente-les-resultats-de-ses-etudes-sur-les-cetaces"},"wordCount":943,"commentCount":0,"image":{"@id":"https:\/\/www.africa-press.net\/congo-brazzaville\/photo\/preservation-des-especes-marines-renatura-congo-a-presente-les-resultats-de-ses-etudes-sur-les-cetaces#primaryimage"},"thumbnailUrl":"https:\/\/static.africa-press.net\/congo-brazzaville\/sites\/51\/2024\/05\/sm_1715802517.807736.jpg","keywords":["Africa Press","Africa Press-Congo Brazzaville","Congo Brazzaville"],"articleSection":["Communaut\u00e9","Photo","Toutes les actualit\u00e9s"],"inLanguage":"fr-FR","potentialAction":[{"@type":"CommentAction","name":"Comment","target":["https:\/\/www.africa-press.net\/congo-brazzaville\/photo\/preservation-des-especes-marines-renatura-congo-a-presente-les-resultats-de-ses-etudes-sur-les-cetaces#respond"]}]},{"@type":"WebPage","@id":"https:\/\/www.africa-press.net\/congo-brazzaville\/photo\/preservation-des-especes-marines-renatura-congo-a-presente-les-resultats-de-ses-etudes-sur-les-cetaces","url":"https:\/\/www.africa-press.net\/congo-brazzaville\/photo\/preservation-des-especes-marines-renatura-congo-a-presente-les-resultats-de-ses-etudes-sur-les-cetaces","name":"Pr\u00e9servation des esp\u00e8ces marines : Renatura Congo a pr\u00e9sent\u00e9 les r\u00e9sultats de ses \u00e9tudes sur les c\u00e9tac\u00e9s - Congo Brazzaville","isPartOf":{"@id":"https:\/\/www.africa-press.net\/congo-brazzaville\/#website"},"primaryImageOfPage":{"@id":"https:\/\/www.africa-press.net\/congo-brazzaville\/photo\/preservation-des-especes-marines-renatura-congo-a-presente-les-resultats-de-ses-etudes-sur-les-cetaces#primaryimage"},"image":{"@id":"https:\/\/www.africa-press.net\/congo-brazzaville\/photo\/preservation-des-especes-marines-renatura-congo-a-presente-les-resultats-de-ses-etudes-sur-les-cetaces#primaryimage"},"thumbnailUrl":"https:\/\/static.africa-press.net\/congo-brazzaville\/sites\/51\/2024\/05\/sm_1715802517.807736.jpg","datePublished":"2024-05-15T22:54:51+00:00","dateModified":"2024-05-16T03:19:17+00:00","author":{"@id":"https:\/\/www.africa-press.net\/congo-brazzaville\/#\/schema\/person\/2b1cf3cd81a31e3cd26889ca66d677f1"},"description":"La pre\u0301sentation des re\u0301sultats obtenus pendant les deux ans d\u2019e\u0301tudes que l\u2019association Renatura Congo a mene\u0301es sur ...","breadcrumb":{"@id":"https:\/\/www.africa-press.net\/congo-brazzaville\/photo\/preservation-des-especes-marines-renatura-congo-a-presente-les-resultats-de-ses-etudes-sur-les-cetaces#breadcrumb"},"inLanguage":"fr-FR","potentialAction":[{"@type":"ReadAction","target":["https:\/\/www.africa-press.net\/congo-brazzaville\/photo\/preservation-des-especes-marines-renatura-congo-a-presente-les-resultats-de-ses-etudes-sur-les-cetaces"]}]},{"@type":"ImageObject","inLanguage":"fr-FR","@id":"https:\/\/www.africa-press.net\/congo-brazzaville\/photo\/preservation-des-especes-marines-renatura-congo-a-presente-les-resultats-de-ses-etudes-sur-les-cetaces#primaryimage","url":"https:\/\/static.africa-press.net\/congo-brazzaville\/sites\/51\/2024\/05\/sm_1715802517.807736.jpg","contentUrl":"https:\/\/static.africa-press.net\/congo-brazzaville\/sites\/51\/2024\/05\/sm_1715802517.807736.jpg","width":720,"height":428,"caption":"Pr\u00e9servation des esp\u00e8ces marines : Renatura Congo a pr\u00e9sent\u00e9 les r\u00e9sultats de ses \u00e9tudes sur les c\u00e9tac\u00e9s"},{"@type":"BreadcrumbList","@id":"https:\/\/www.africa-press.net\/congo-brazzaville\/photo\/preservation-des-especes-marines-renatura-congo-a-presente-les-resultats-de-ses-etudes-sur-les-cetaces#breadcrumb","itemListElement":[{"@type":"ListItem","position":1,"name":"Accueil","item":"https:\/\/www.africa-press.net\/congo-brazzaville\/"},{"@type":"ListItem","position":2,"name":"Pr\u00e9servation des esp\u00e8ces marines : Renatura Congo a pr\u00e9sent\u00e9 les r\u00e9sultats de ses \u00e9tudes sur les c\u00e9tac\u00e9s"}]},{"@type":"WebSite","@id":"https:\/\/www.africa-press.net\/congo-brazzaville\/#website","url":"https:\/\/www.africa-press.net\/congo-brazzaville\/","name":"Congo Brazzaville","description":"Just another Africa News Agency Sites site","potentialAction":[{"@type":"SearchAction","target":{"@type":"EntryPoint","urlTemplate":"https:\/\/www.africa-press.net\/congo-brazzaville\/?s={search_term_string}"},"query-input":{"@type":"PropertyValueSpecification","valueRequired":true,"valueName":"search_term_string"}}],"inLanguage":"fr-FR"},{"@type":"Person","@id":"https:\/\/www.africa-press.net\/congo-brazzaville\/#\/schema\/person\/2b1cf3cd81a31e3cd26889ca66d677f1","name":"cfeditorfr"}]}},"_links":{"self":[{"href":"https:\/\/www.africa-press.net\/congo-brazzaville\/wp-json\/wp\/v2\/posts\/30400","targetHints":{"allow":["GET"]}}],"collection":[{"href":"https:\/\/www.africa-press.net\/congo-brazzaville\/wp-json\/wp\/v2\/posts"}],"about":[{"href":"https:\/\/www.africa-press.net\/congo-brazzaville\/wp-json\/wp\/v2\/types\/post"}],"author":[{"embeddable":true,"href":"https:\/\/www.africa-press.net\/congo-brazzaville\/wp-json\/wp\/v2\/users\/82"}],"replies":[{"embeddable":true,"href":"https:\/\/www.africa-press.net\/congo-brazzaville\/wp-json\/wp\/v2\/comments?post=30400"}],"version-history":[{"count":0,"href":"https:\/\/www.africa-press.net\/congo-brazzaville\/wp-json\/wp\/v2\/posts\/30400\/revisions"}],"wp:featuredmedia":[{"embeddable":true,"href":"https:\/\/www.africa-press.net\/congo-brazzaville\/wp-json\/wp\/v2\/media\/30398"}],"wp:attachment":[{"href":"https:\/\/www.africa-press.net\/congo-brazzaville\/wp-json\/wp\/v2\/media?parent=30400"}],"wp:term":[{"taxonomy":"category","embeddable":true,"href":"https:\/\/www.africa-press.net\/congo-brazzaville\/wp-json\/wp\/v2\/categories?post=30400"},{"taxonomy":"post_tag","embeddable":true,"href":"https:\/\/www.africa-press.net\/congo-brazzaville\/wp-json\/wp\/v2\/tags?post=30400"}],"curies":[{"name":"wp","href":"https:\/\/api.w.org\/{rel}","templated":true}]}}