{"id":30443,"date":"2024-05-17T20:26:02","date_gmt":"2024-05-17T20:26:02","guid":{"rendered":"https:\/\/www.africa-press.net\/congo-brazzaville\/politique\/enseignement-superieur-les-etudiants-de-lenam-edifies-sur-la-vision-de-la-chine"},"modified":"2024-05-17T20:50:45","modified_gmt":"2024-05-17T20:50:45","slug":"enseignement-superieur-les-etudiants-de-lenam-edifies-sur-la-vision-de-la-chine","status":"publish","type":"post","link":"https:\/\/www.africa-press.net\/congo-brazzaville\/photo\/enseignement-superieur-les-etudiants-de-lenam-edifies-sur-la-vision-de-la-chine","title":{"rendered":"Enseignement sup\u00e9rieur : les \u00e9tudiants de l\u2019Enam \u00e9difi\u00e9s sur la vision de la Chine"},"content":{"rendered":"<p><span style=\"color: #ff6600\"><strong>Africa-Press &#8211; Congo Brazzaville. <\/strong><\/span><b>L\u2019ambassadeur de la Re\u0301publique populaire de Chine au Congo, Li Yan, a e\u0301change\u0301 le 17 mai, a\u0300 Brazzaville, avec les e\u0301tudiants de l\u2019Ecole nationale de l\u2019administration et de la magistrature (Enam), spe\u0301cialise\u0301s dans la diplomatie et la coope\u0301ration internationale, sur la vision de la communaute\u0301 d\u2019avenir partage\u0301 pour l\u2019humanite\u0301 et le principe d\u2019une seule Chine.<\/b><\/p>\n<p>La diplomate chinoise a circonscrit sa communication sur les conse\u0301quences ne\u0301fastes des conflits observe\u0301s dans le monde qui ont un impact ne\u0301gatif dans le domaine e\u0301conomique. Elle a e\u0301voque\u0301 e\u0301galement la question de l\u2019e\u0301volution des relations entre la Chine et le Congo ainsi que la position de son pays vis-a\u0300-vis de Taiwan.<\/p>\n<p>L\u2019e\u0301change s\u2019est de\u0301roule\u0301 en pre\u0301sence de la ministre de l\u2019Enseignement supe\u0301rieur, Delphine Edith Emmanuel; du pre\u0301sident de l\u2019Universite\u0301 Marien-Ngouabi, Gontran Odzotto: et le secre\u0301taire ge\u0301ne\u0301ral du ministe\u0300re des Affaires e\u0301trange\u0300res, de la Francophonie et des Congolais de l\u2019e\u0301tranger, Guy Nestor Itoua; ainsi que de plusieurs conseillers.<\/p>\n<p>Pour Li Yan, face aux diffe\u0301rents conflits, la question primordiale est celle de construire une communaute\u0301 d\u2019avenir partage\u0301 pour l\u2019humanite\u0301. Selon elle, son pays reste toujours fide\u0300le aux principes de since\u0301rite\u0301, de re\u0301sultats effectifs, d&rsquo;amitie\u0301 et de bonne foi dans le de\u0301veloppement des relations sino- africaines.<\/p>\n<p>La relation diplomatique qui existe entre la Chine et le Congo s\u2019accentue gra\u0302ce au de\u0301veloppement d\u2019un partenariat ayant pour base l\u2019e\u0301galite\u0301, la since\u0301rite\u0301 et l\u2019amitie\u0301, la cre\u0301ation d\u2019une architecture de se\u0301curite\u0301 marque\u0301e sur l\u2019e\u0301quite\u0301, la justice ; l\u2019engagement commun et le partage; la recherche d\u2019un de\u0301veloppement ouvert, innovant, inclusif et be\u0301ne\u0301fique a\u0300 tous, la construction d\u2019un e\u0301cosyste\u0300me respectueux de la nature et favorable au de\u0301veloppement vert ainsi que la promotion des e\u0301changes et l\u2019enrichissement mutuel entre civilisations dans le respect de la diffe\u0301rence.<\/p>\n<p>Insistant sur la re\u0301unification pacifique de la Chine et Taiwan, la diplomate a explique\u0301 que Taiwan est une province de la Chine et ses autorite\u0301s ne disposent pas d&rsquo;une repre\u0301sentation sur la sce\u0300ne internationale. Cette province est ne\u0301e de l\u2019humiliation faite a\u0300 la nation chinoise dans le passe\u0301 et elle sera re\u0301gle\u0301e avec le renouveau de la nation chinoise.<\/p>\n<p>\u00ab Le bureau des affaires juridiques de l\u2019Organisation des Nations unies a publie\u0301 plusieurs remarques juridiques qui expliquent que Taiwan, province de la Chine, n\u2019est pas inde\u0301pendant \u00bb, a-t-elle dit.<\/p>\n<p>Intervenant a\u0300 son tour, la ministre Delphine Edith Emmanuel a e\u0301voque\u0301 les relations de coope\u0301ration de la Chine au niveau international. Au Congo, dans le domaine de l\u2019Enseignement supe\u0301rieur, elle a e\u0301pingle\u0301 le renforcement de la coope\u0301ration dans le cadre du partenariat strate\u0301gique, la formation du capital humain, le partenariat public-prive\u0301 et bien d\u2019autres.<\/p>\n<p>Par ailleurs, elle a annonce\u0301 l\u2019organisation prochaine du forum Chine-Afrique, qui sera co-pre\u0301side\u0301 par le Congo au cours duquel il pre\u0301sentera les projets pour l\u2019enseignement supe\u0301rieur.<\/p>\n<p>Le pre\u0301sident de l\u2019Universite\u0301 Marien-Ngouabi, Gontran Odzotto, a fe\u0301licite\u0301 a\u0300 son tour la Chine dans le domaine de la diplomatie, la construction des infrastructures, l\u2019appui a\u0300 l\u2019harmonisation des enseignements, la formation des cadres de l\u2019Etat.<\/p>\n<p>Quant au secre\u0301taire ge\u0301ne\u0301ral du ministe\u0300re des Affaires e\u0301trange\u0300re, de la Francophonie et des Congolais de l\u2019e\u0301tranger, Guy Nestor Itoua, a salue\u0301 le bilan positif des relations de coope\u0301ration entre les deux pays.<\/p>\n<p>Pour sa part, l\u2019e\u0301tudiant Roland Mazonga Mpassi, satisfait des e\u0301changes, a souligne\u0301 l\u2019importance de la rencontre avec plus de connaissances sur la Ceinture et la route de la soie et des questions diplomatiques entre les deux pays.<\/p>\n<p>Notons que la ce\u0301re\u0301monie a e\u0301te\u0301 marque\u0301e par l\u2019e\u0301change des cadeaux et la remise des ouvrages.<\/p>\n\r\n                <style type=\"text\/css\">\r\n                    \r\n                    #td_uid_1_69f48c7ce48d7  .td-doubleSlider-2 .td-item1 {\r\n                        background: url(https:\/\/static.africa-press.net\/congo-brazzaville\/sites\/51\/2024\/05\/sm_1715966397.847145-80x60.jpg) 0 0 no-repeat;\r\n                    }\r\n                    #td_uid_1_69f48c7ce48d7  .td-doubleSlider-2 .td-item2 {\r\n                        background: url(https:\/\/static.africa-press.net\/congo-brazzaville\/sites\/51\/2024\/05\/sm_1715966403.309235-80x60.jpg) 0 0 no-repeat;\r\n                    }\r\n                <\/style>\r\n\r\n                <div id=\"td_uid_1_69f48c7ce48d7\" class=\"td-gallery td-slide-on-2-columns\">\r\n                    <div class=\"post_td_gallery\">\r\n                        <div class=\"td-gallery-slide-top\">\r\n                           <div class=\"td-gallery-title\"><\/div>\r\n\r\n                            <div class=\"td-gallery-controls-wrapper\">\r\n                                <div class=\"td-gallery-slide-count\"><span class=\"td-gallery-slide-item-focus\">1<\/span> de 2<\/div>\r\n                                <div class=\"td-gallery-slide-prev-next-but\">\r\n                                    <i class = \"td-icon-left doubleSliderPrevButton\"><\/i>\r\n                                    <i class = \"td-icon-right doubleSliderNextButton\"><\/i>\r\n                                <\/div>\r\n                            <\/div>\r\n                        <\/div>\r\n\r\n                        <div class = \"td-doubleSlider-1 \">\r\n                            <div class = \"td-slider\">\r\n                                \r\n                    <div class = \"td-slide-item td-item1\">\r\n                        <figure class=\"td-slide-galery-figure td-slide-popup-gallery\">\r\n                            <a class=\"slide-gallery-image-link\" href=\"https:\/\/static.africa-press.net\/congo-brazzaville\/sites\/51\/2024\/05\/sm_1715966397.847145.jpg\" title=\"sm_1715966397.847145\"  data-caption=\"\"  data-description=\"\">\r\n                                <img decoding=\"async\" src=\"https:\/\/static.africa-press.net\/congo-brazzaville\/sites\/51\/2024\/05\/sm_1715966397.847145.jpg\" srcset=\"https:\/\/static.africa-press.net\/congo-brazzaville\/sites\/51\/2024\/05\/sm_1715966397.847145.jpg 1024w, https:\/\/static.africa-press.net\/congo-brazzaville\/sites\/51\/2024\/05\/sm_1715966397.847145-300x225.jpg 300w, https:\/\/static.africa-press.net\/congo-brazzaville\/sites\/51\/2024\/05\/sm_1715966397.847145-768x576.jpg 768w, https:\/\/static.africa-press.net\/congo-brazzaville\/sites\/51\/2024\/05\/sm_1715966397.847145-80x60.jpg 80w\" sizes=\"(max-width: 1024px) 100vw, 1024px\" alt=\"\">\r\n                            <\/a>\r\n                            \r\n                        <\/figure>\r\n                    <\/div>\r\n                    <div class = \"td-slide-item td-item2\">\r\n                        <figure class=\"td-slide-galery-figure td-slide-popup-gallery\">\r\n                            <a class=\"slide-gallery-image-link\" href=\"https:\/\/static.africa-press.net\/congo-brazzaville\/sites\/51\/2024\/05\/sm_1715966403.309235.jpg\" title=\"sm_1715966403.309235\"  data-caption=\"\"  data-description=\"\">\r\n                                <img decoding=\"async\" src=\"https:\/\/static.africa-press.net\/congo-brazzaville\/sites\/51\/2024\/05\/sm_1715966403.309235.jpg\" srcset=\"https:\/\/static.africa-press.net\/congo-brazzaville\/sites\/51\/2024\/05\/sm_1715966403.309235.jpg 1024w, https:\/\/static.africa-press.net\/congo-brazzaville\/sites\/51\/2024\/05\/sm_1715966403.309235-300x225.jpg 300w, https:\/\/static.africa-press.net\/congo-brazzaville\/sites\/51\/2024\/05\/sm_1715966403.309235-768x576.jpg 768w, https:\/\/static.africa-press.net\/congo-brazzaville\/sites\/51\/2024\/05\/sm_1715966403.309235-80x60.jpg 80w\" sizes=\"(max-width: 1024px) 100vw, 1024px\" alt=\"\">\r\n                            <\/a>\r\n                            \r\n                        <\/figure>\r\n                    <\/div>\r\n                            <\/div>\r\n                        <\/div>\r\n\r\n                        <div class = \"td-doubleSlider-2\">\r\n                            <div class = \"td-slider\">\r\n                                \r\n                    <div class = \"td-button td-item1\">\r\n                        <div class = \"td-border\"><\/div>\r\n                    <\/div>\r\n                    <div class = \"td-button td-item2\">\r\n                        <div class = \"td-border\"><\/div>\r\n                    <\/div>\r\n                            <\/div>\r\n                        <\/div>\r\n\r\n                    <\/div>\r\n\r\n                <\/div>\r\n                \n<p><strong>Pour plus d&rsquo;informations et d&rsquo;analyses sur la <a href=\"https:\/\/www.africa-press.net\/congo-brazzaville\">Congo Brazzaville<\/a>, suivez <a href=\"https:\/\/www.africa-press.net\/\">Africa-Press<\/a><\/strong><\/p>\n","protected":false},"excerpt":{"rendered":"<p>Africa-Press &#8211; Congo Brazzaville. L\u2019ambassadeur de la Re\u0301publique populaire de Chine au Congo, Li Yan, a e\u0301change\u0301 le 17 mai, a\u0300 Brazzaville, avec les e\u0301tudiants de l\u2019Ecole nationale de l\u2019administration et de la magistrature (Enam), spe\u0301cialise\u0301s dans la diplomatie et la coope\u0301ration internationale, sur la vision de la communaute\u0301 d\u2019avenir partage\u0301 pour l\u2019humanite\u0301 et le [&hellip;]<\/p>\n","protected":false},"author":82,"featured_media":30442,"comment_status":"open","ping_status":"closed","sticky":false,"template":"","format":"standard","meta":{"footnotes":""},"categories":[21,8,10],"tags":[36,47,46],"class_list":["post-30443","post","type-post","status-publish","format-standard","has-post-thumbnail","hentry","category-communaute","category-photo","category-toutes-les-actualites","tag-africa-press","tag-africa-press-congo-brazzaville","tag-congo-brazzaville"],"yoast_head":"<!-- This site is optimized with the Yoast SEO Premium plugin v26.1 (Yoast SEO v27.0) - https:\/\/yoast.com\/product\/yoast-seo-premium-wordpress\/ -->\n<title>Enseignement sup\u00e9rieur : les \u00e9tudiants de l\u2019Enam \u00e9difi\u00e9s sur la vision de la Chine - Congo Brazzaville<\/title>\n<meta name=\"description\" content=\"L\u2019ambassadeur de la Re\u0301publique populaire de Chine au Congo, Li Yan, a e\u0301change\u0301 le 17 mai, a\u0300 Brazzaville, avec les ...\" \/>\n<meta name=\"robots\" content=\"index, follow, max-snippet:-1, max-image-preview:large, max-video-preview:-1\" \/>\n<link rel=\"canonical\" href=\"https:\/\/www.africa-press.net\/congo-brazzaville\/photo\/enseignement-superieur-les-etudiants-de-lenam-edifies-sur-la-vision-de-la-chine\" \/>\n<meta property=\"og:locale\" content=\"fr_FR\" \/>\n<meta property=\"og:type\" content=\"article\" \/>\n<meta property=\"og:title\" content=\"Enseignement sup\u00e9rieur : les \u00e9tudiants de l\u2019Enam \u00e9difi\u00e9s sur la vision de la Chine\" \/>\n<meta property=\"og:description\" content=\"L\u2019ambassadeur de la Re\u0301publique populaire de Chine au Congo, Li Yan, a e\u0301change\u0301 le 17 mai, a\u0300 Brazzaville, avec les ...\" \/>\n<meta property=\"og:url\" content=\"https:\/\/www.africa-press.net\/congo-brazzaville\/photo\/enseignement-superieur-les-etudiants-de-lenam-edifies-sur-la-vision-de-la-chine\" \/>\n<meta property=\"og:site_name\" content=\"Congo Brazzaville\" \/>\n<meta property=\"article:published_time\" content=\"2024-05-17T20:26:02+00:00\" \/>\n<meta property=\"article:modified_time\" content=\"2024-05-17T20:50:45+00:00\" \/>\n<meta property=\"og:image\" content=\"https:\/\/static.africa-press.net\/congo-brazzaville\/sites\/51\/2024\/05\/sm_1715966410.638815.jpg\" \/>\n\t<meta property=\"og:image:width\" content=\"1024\" \/>\n\t<meta property=\"og:image:height\" content=\"768\" \/>\n\t<meta property=\"og:image:type\" content=\"image\/jpeg\" \/>\n<meta name=\"author\" content=\"cfeditorfr\" \/>\n<meta name=\"twitter:card\" content=\"summary_large_image\" \/>\n<meta name=\"twitter:label1\" content=\"\u00c9crit par\" \/>\n\t<meta name=\"twitter:data1\" content=\"cfeditorfr\" \/>\n\t<meta name=\"twitter:label2\" content=\"Dur\u00e9e de lecture estim\u00e9e\" \/>\n\t<meta name=\"twitter:data2\" content=\"4 minutes\" \/>\n<script type=\"application\/ld+json\" class=\"yoast-schema-graph\">{\"@context\":\"https:\/\/schema.org\",\"@graph\":[{\"@type\":\"Article\",\"@id\":\"https:\/\/www.africa-press.net\/congo-brazzaville\/photo\/enseignement-superieur-les-etudiants-de-lenam-edifies-sur-la-vision-de-la-chine#article\",\"isPartOf\":{\"@id\":\"https:\/\/www.africa-press.net\/congo-brazzaville\/photo\/enseignement-superieur-les-etudiants-de-lenam-edifies-sur-la-vision-de-la-chine\"},\"author\":{\"name\":\"cfeditorfr\",\"@id\":\"https:\/\/www.africa-press.net\/congo-brazzaville\/#\/schema\/person\/2b1cf3cd81a31e3cd26889ca66d677f1\"},\"headline\":\"Enseignement sup\u00e9rieur : les \u00e9tudiants de l\u2019Enam \u00e9difi\u00e9s sur la vision de la Chine\",\"datePublished\":\"2024-05-17T20:26:02+00:00\",\"dateModified\":\"2024-05-17T20:50:45+00:00\",\"mainEntityOfPage\":{\"@id\":\"https:\/\/www.africa-press.net\/congo-brazzaville\/photo\/enseignement-superieur-les-etudiants-de-lenam-edifies-sur-la-vision-de-la-chine\"},\"wordCount\":734,\"commentCount\":0,\"image\":{\"@id\":\"https:\/\/www.africa-press.net\/congo-brazzaville\/photo\/enseignement-superieur-les-etudiants-de-lenam-edifies-sur-la-vision-de-la-chine#primaryimage\"},\"thumbnailUrl\":\"https:\/\/static.africa-press.net\/congo-brazzaville\/sites\/51\/2024\/05\/sm_1715966410.638815.jpg\",\"keywords\":[\"Africa Press\",\"Africa Press-Congo Brazzaville\",\"Congo Brazzaville\"],\"articleSection\":[\"Communaut\u00e9\",\"Photo\",\"Toutes les actualit\u00e9s\"],\"inLanguage\":\"fr-FR\",\"potentialAction\":[{\"@type\":\"CommentAction\",\"name\":\"Comment\",\"target\":[\"https:\/\/www.africa-press.net\/congo-brazzaville\/photo\/enseignement-superieur-les-etudiants-de-lenam-edifies-sur-la-vision-de-la-chine#respond\"]}]},{\"@type\":\"WebPage\",\"@id\":\"https:\/\/www.africa-press.net\/congo-brazzaville\/photo\/enseignement-superieur-les-etudiants-de-lenam-edifies-sur-la-vision-de-la-chine\",\"url\":\"https:\/\/www.africa-press.net\/congo-brazzaville\/photo\/enseignement-superieur-les-etudiants-de-lenam-edifies-sur-la-vision-de-la-chine\",\"name\":\"Enseignement sup\u00e9rieur : les \u00e9tudiants de l\u2019Enam \u00e9difi\u00e9s sur la vision de la Chine - Congo Brazzaville\",\"isPartOf\":{\"@id\":\"https:\/\/www.africa-press.net\/congo-brazzaville\/#website\"},\"primaryImageOfPage\":{\"@id\":\"https:\/\/www.africa-press.net\/congo-brazzaville\/photo\/enseignement-superieur-les-etudiants-de-lenam-edifies-sur-la-vision-de-la-chine#primaryimage\"},\"image\":{\"@id\":\"https:\/\/www.africa-press.net\/congo-brazzaville\/photo\/enseignement-superieur-les-etudiants-de-lenam-edifies-sur-la-vision-de-la-chine#primaryimage\"},\"thumbnailUrl\":\"https:\/\/static.africa-press.net\/congo-brazzaville\/sites\/51\/2024\/05\/sm_1715966410.638815.jpg\",\"datePublished\":\"2024-05-17T20:26:02+00:00\",\"dateModified\":\"2024-05-17T20:50:45+00:00\",\"author\":{\"@id\":\"https:\/\/www.africa-press.net\/congo-brazzaville\/#\/schema\/person\/2b1cf3cd81a31e3cd26889ca66d677f1\"},\"description\":\"L\u2019ambassadeur de la Re\u0301publique populaire de Chine au Congo, Li Yan, a e\u0301change\u0301 le 17 mai, a\u0300 Brazzaville, avec les ...\",\"breadcrumb\":{\"@id\":\"https:\/\/www.africa-press.net\/congo-brazzaville\/photo\/enseignement-superieur-les-etudiants-de-lenam-edifies-sur-la-vision-de-la-chine#breadcrumb\"},\"inLanguage\":\"fr-FR\",\"potentialAction\":[{\"@type\":\"ReadAction\",\"target\":[\"https:\/\/www.africa-press.net\/congo-brazzaville\/photo\/enseignement-superieur-les-etudiants-de-lenam-edifies-sur-la-vision-de-la-chine\"]}]},{\"@type\":\"ImageObject\",\"inLanguage\":\"fr-FR\",\"@id\":\"https:\/\/www.africa-press.net\/congo-brazzaville\/photo\/enseignement-superieur-les-etudiants-de-lenam-edifies-sur-la-vision-de-la-chine#primaryimage\",\"url\":\"https:\/\/static.africa-press.net\/congo-brazzaville\/sites\/51\/2024\/05\/sm_1715966410.638815.jpg\",\"contentUrl\":\"https:\/\/static.africa-press.net\/congo-brazzaville\/sites\/51\/2024\/05\/sm_1715966410.638815.jpg\",\"width\":1024,\"height\":768,\"caption\":\"Enseignement sup\u00e9rieur : les \u00e9tudiants de l\u2019Enam \u00e9difi\u00e9s sur la vision de la Chine\"},{\"@type\":\"BreadcrumbList\",\"@id\":\"https:\/\/www.africa-press.net\/congo-brazzaville\/photo\/enseignement-superieur-les-etudiants-de-lenam-edifies-sur-la-vision-de-la-chine#breadcrumb\",\"itemListElement\":[{\"@type\":\"ListItem\",\"position\":1,\"name\":\"Accueil\",\"item\":\"https:\/\/www.africa-press.net\/congo-brazzaville\/\"},{\"@type\":\"ListItem\",\"position\":2,\"name\":\"Enseignement sup\u00e9rieur : les \u00e9tudiants de l\u2019Enam \u00e9difi\u00e9s sur la vision de la Chine\"}]},{\"@type\":\"WebSite\",\"@id\":\"https:\/\/www.africa-press.net\/congo-brazzaville\/#website\",\"url\":\"https:\/\/www.africa-press.net\/congo-brazzaville\/\",\"name\":\"Congo Brazzaville\",\"description\":\"Just another Africa News Agency Sites site\",\"potentialAction\":[{\"@type\":\"SearchAction\",\"target\":{\"@type\":\"EntryPoint\",\"urlTemplate\":\"https:\/\/www.africa-press.net\/congo-brazzaville\/?s={search_term_string}\"},\"query-input\":{\"@type\":\"PropertyValueSpecification\",\"valueRequired\":true,\"valueName\":\"search_term_string\"}}],\"inLanguage\":\"fr-FR\"},{\"@type\":\"Person\",\"@id\":\"https:\/\/www.africa-press.net\/congo-brazzaville\/#\/schema\/person\/2b1cf3cd81a31e3cd26889ca66d677f1\",\"name\":\"cfeditorfr\"}]}<\/script>\n<!-- \/ Yoast SEO Premium plugin. -->","yoast_head_json":{"title":"Enseignement sup\u00e9rieur : les \u00e9tudiants de l\u2019Enam \u00e9difi\u00e9s sur la vision de la Chine - Congo Brazzaville","description":"L\u2019ambassadeur de la Re\u0301publique populaire de Chine au Congo, Li Yan, a e\u0301change\u0301 le 17 mai, a\u0300 Brazzaville, avec les ...","robots":{"index":"index","follow":"follow","max-snippet":"max-snippet:-1","max-image-preview":"max-image-preview:large","max-video-preview":"max-video-preview:-1"},"canonical":"https:\/\/www.africa-press.net\/congo-brazzaville\/photo\/enseignement-superieur-les-etudiants-de-lenam-edifies-sur-la-vision-de-la-chine","og_locale":"fr_FR","og_type":"article","og_title":"Enseignement sup\u00e9rieur : les \u00e9tudiants de l\u2019Enam \u00e9difi\u00e9s sur la vision de la Chine","og_description":"L\u2019ambassadeur de la Re\u0301publique populaire de Chine au Congo, Li Yan, a e\u0301change\u0301 le 17 mai, a\u0300 Brazzaville, avec les ...","og_url":"https:\/\/www.africa-press.net\/congo-brazzaville\/photo\/enseignement-superieur-les-etudiants-de-lenam-edifies-sur-la-vision-de-la-chine","og_site_name":"Congo Brazzaville","article_published_time":"2024-05-17T20:26:02+00:00","article_modified_time":"2024-05-17T20:50:45+00:00","og_image":[{"width":1024,"height":768,"url":"https:\/\/static.africa-press.net\/congo-brazzaville\/sites\/51\/2024\/05\/sm_1715966410.638815.jpg","type":"image\/jpeg"}],"author":"cfeditorfr","twitter_card":"summary_large_image","twitter_misc":{"\u00c9crit par":"cfeditorfr","Dur\u00e9e de lecture estim\u00e9e":"4 minutes"},"schema":{"@context":"https:\/\/schema.org","@graph":[{"@type":"Article","@id":"https:\/\/www.africa-press.net\/congo-brazzaville\/photo\/enseignement-superieur-les-etudiants-de-lenam-edifies-sur-la-vision-de-la-chine#article","isPartOf":{"@id":"https:\/\/www.africa-press.net\/congo-brazzaville\/photo\/enseignement-superieur-les-etudiants-de-lenam-edifies-sur-la-vision-de-la-chine"},"author":{"name":"cfeditorfr","@id":"https:\/\/www.africa-press.net\/congo-brazzaville\/#\/schema\/person\/2b1cf3cd81a31e3cd26889ca66d677f1"},"headline":"Enseignement sup\u00e9rieur : les \u00e9tudiants de l\u2019Enam \u00e9difi\u00e9s sur la vision de la Chine","datePublished":"2024-05-17T20:26:02+00:00","dateModified":"2024-05-17T20:50:45+00:00","mainEntityOfPage":{"@id":"https:\/\/www.africa-press.net\/congo-brazzaville\/photo\/enseignement-superieur-les-etudiants-de-lenam-edifies-sur-la-vision-de-la-chine"},"wordCount":734,"commentCount":0,"image":{"@id":"https:\/\/www.africa-press.net\/congo-brazzaville\/photo\/enseignement-superieur-les-etudiants-de-lenam-edifies-sur-la-vision-de-la-chine#primaryimage"},"thumbnailUrl":"https:\/\/static.africa-press.net\/congo-brazzaville\/sites\/51\/2024\/05\/sm_1715966410.638815.jpg","keywords":["Africa Press","Africa Press-Congo Brazzaville","Congo Brazzaville"],"articleSection":["Communaut\u00e9","Photo","Toutes les actualit\u00e9s"],"inLanguage":"fr-FR","potentialAction":[{"@type":"CommentAction","name":"Comment","target":["https:\/\/www.africa-press.net\/congo-brazzaville\/photo\/enseignement-superieur-les-etudiants-de-lenam-edifies-sur-la-vision-de-la-chine#respond"]}]},{"@type":"WebPage","@id":"https:\/\/www.africa-press.net\/congo-brazzaville\/photo\/enseignement-superieur-les-etudiants-de-lenam-edifies-sur-la-vision-de-la-chine","url":"https:\/\/www.africa-press.net\/congo-brazzaville\/photo\/enseignement-superieur-les-etudiants-de-lenam-edifies-sur-la-vision-de-la-chine","name":"Enseignement sup\u00e9rieur : les \u00e9tudiants de l\u2019Enam \u00e9difi\u00e9s sur la vision de la Chine - Congo Brazzaville","isPartOf":{"@id":"https:\/\/www.africa-press.net\/congo-brazzaville\/#website"},"primaryImageOfPage":{"@id":"https:\/\/www.africa-press.net\/congo-brazzaville\/photo\/enseignement-superieur-les-etudiants-de-lenam-edifies-sur-la-vision-de-la-chine#primaryimage"},"image":{"@id":"https:\/\/www.africa-press.net\/congo-brazzaville\/photo\/enseignement-superieur-les-etudiants-de-lenam-edifies-sur-la-vision-de-la-chine#primaryimage"},"thumbnailUrl":"https:\/\/static.africa-press.net\/congo-brazzaville\/sites\/51\/2024\/05\/sm_1715966410.638815.jpg","datePublished":"2024-05-17T20:26:02+00:00","dateModified":"2024-05-17T20:50:45+00:00","author":{"@id":"https:\/\/www.africa-press.net\/congo-brazzaville\/#\/schema\/person\/2b1cf3cd81a31e3cd26889ca66d677f1"},"description":"L\u2019ambassadeur de la Re\u0301publique populaire de Chine au Congo, Li Yan, a e\u0301change\u0301 le 17 mai, a\u0300 Brazzaville, avec les ...","breadcrumb":{"@id":"https:\/\/www.africa-press.net\/congo-brazzaville\/photo\/enseignement-superieur-les-etudiants-de-lenam-edifies-sur-la-vision-de-la-chine#breadcrumb"},"inLanguage":"fr-FR","potentialAction":[{"@type":"ReadAction","target":["https:\/\/www.africa-press.net\/congo-brazzaville\/photo\/enseignement-superieur-les-etudiants-de-lenam-edifies-sur-la-vision-de-la-chine"]}]},{"@type":"ImageObject","inLanguage":"fr-FR","@id":"https:\/\/www.africa-press.net\/congo-brazzaville\/photo\/enseignement-superieur-les-etudiants-de-lenam-edifies-sur-la-vision-de-la-chine#primaryimage","url":"https:\/\/static.africa-press.net\/congo-brazzaville\/sites\/51\/2024\/05\/sm_1715966410.638815.jpg","contentUrl":"https:\/\/static.africa-press.net\/congo-brazzaville\/sites\/51\/2024\/05\/sm_1715966410.638815.jpg","width":1024,"height":768,"caption":"Enseignement sup\u00e9rieur : les \u00e9tudiants de l\u2019Enam \u00e9difi\u00e9s sur la vision de la Chine"},{"@type":"BreadcrumbList","@id":"https:\/\/www.africa-press.net\/congo-brazzaville\/photo\/enseignement-superieur-les-etudiants-de-lenam-edifies-sur-la-vision-de-la-chine#breadcrumb","itemListElement":[{"@type":"ListItem","position":1,"name":"Accueil","item":"https:\/\/www.africa-press.net\/congo-brazzaville\/"},{"@type":"ListItem","position":2,"name":"Enseignement sup\u00e9rieur : les \u00e9tudiants de l\u2019Enam \u00e9difi\u00e9s sur la vision de la Chine"}]},{"@type":"WebSite","@id":"https:\/\/www.africa-press.net\/congo-brazzaville\/#website","url":"https:\/\/www.africa-press.net\/congo-brazzaville\/","name":"Congo Brazzaville","description":"Just another Africa News Agency Sites site","potentialAction":[{"@type":"SearchAction","target":{"@type":"EntryPoint","urlTemplate":"https:\/\/www.africa-press.net\/congo-brazzaville\/?s={search_term_string}"},"query-input":{"@type":"PropertyValueSpecification","valueRequired":true,"valueName":"search_term_string"}}],"inLanguage":"fr-FR"},{"@type":"Person","@id":"https:\/\/www.africa-press.net\/congo-brazzaville\/#\/schema\/person\/2b1cf3cd81a31e3cd26889ca66d677f1","name":"cfeditorfr"}]}},"_links":{"self":[{"href":"https:\/\/www.africa-press.net\/congo-brazzaville\/wp-json\/wp\/v2\/posts\/30443","targetHints":{"allow":["GET"]}}],"collection":[{"href":"https:\/\/www.africa-press.net\/congo-brazzaville\/wp-json\/wp\/v2\/posts"}],"about":[{"href":"https:\/\/www.africa-press.net\/congo-brazzaville\/wp-json\/wp\/v2\/types\/post"}],"author":[{"embeddable":true,"href":"https:\/\/www.africa-press.net\/congo-brazzaville\/wp-json\/wp\/v2\/users\/82"}],"replies":[{"embeddable":true,"href":"https:\/\/www.africa-press.net\/congo-brazzaville\/wp-json\/wp\/v2\/comments?post=30443"}],"version-history":[{"count":0,"href":"https:\/\/www.africa-press.net\/congo-brazzaville\/wp-json\/wp\/v2\/posts\/30443\/revisions"}],"wp:featuredmedia":[{"embeddable":true,"href":"https:\/\/www.africa-press.net\/congo-brazzaville\/wp-json\/wp\/v2\/media\/30442"}],"wp:attachment":[{"href":"https:\/\/www.africa-press.net\/congo-brazzaville\/wp-json\/wp\/v2\/media?parent=30443"}],"wp:term":[{"taxonomy":"category","embeddable":true,"href":"https:\/\/www.africa-press.net\/congo-brazzaville\/wp-json\/wp\/v2\/categories?post=30443"},{"taxonomy":"post_tag","embeddable":true,"href":"https:\/\/www.africa-press.net\/congo-brazzaville\/wp-json\/wp\/v2\/tags?post=30443"}],"curies":[{"name":"wp","href":"https:\/\/api.w.org\/{rel}","templated":true}]}}