{"id":30451,"date":"2024-05-17T20:28:49","date_gmt":"2024-05-17T20:28:49","guid":{"rendered":"https:\/\/www.africa-press.net\/congo-brazzaville\/politique\/cooperation-sanitaire-les-membres-africains-de-lacademie-nationale-de-medecine-reunis-a-brazzaville"},"modified":"2024-05-17T20:51:13","modified_gmt":"2024-05-17T20:51:13","slug":"cooperation-sanitaire-les-membres-africains-de-lacademie-nationale-de-medecine-reunis-a-brazzaville","status":"publish","type":"post","link":"https:\/\/www.africa-press.net\/congo-brazzaville\/toutes-les-actualites\/cooperation-sanitaire-les-membres-africains-de-lacademie-nationale-de-medecine-reunis-a-brazzaville","title":{"rendered":"Coop\u00e9ration sanitaire : les membres africains de l\u2019Acad\u00e9mie nationale de m\u00e9decine r\u00e9unis \u00e0 Brazzaville"},"content":{"rendered":"<p><span style=\"color: #ff6600\"><strong>Africa-Press &#8211; Congo Brazzaville. <\/strong><\/span><b>Le Premier ministre, Anatole Collinet Makosso, a ouvert le 17 mai a\u0300 Brazzaville les travaux de la re\u0301union de re\u0301flexion des membres africains de l\u2019Acade\u0301mie nationale de me\u0301decine, France, sur la coope\u0301ration sanitaire de la France avec les pays a\u0300 ressources limite\u0301es.<\/b><\/p>\n<p>Les membres correspondants de l\u2019Acade\u0301mie nationale de me\u0301decine issus de dix pays d\u2019Afrique francophone ont jusqu\u2019au 18 mai pour mener des re\u0301flexions sur le rapport sur la coope\u0301ration sanitaire de la France avec les pays a\u0300 ressources limite\u0301es. Selon ce rapport, malgre\u0301 des financements importants et une expertise reconnue, la coope\u0301ration sanitaire entre les deux parties n\u2019a pas e\u0301te\u0301 a\u0300 la hauteur des attentes. D\u2019ou\u0300 la ne\u0301cessite\u0301 d\u2019apporter des ame\u0301liorations aux partenariats existants a\u0300 travers une strate\u0301gie d\u2019ensemble associant une mise en \u0153uvre et un suivi des politiques scientifique, administrative, technique et e\u0301thique en commun.<\/p>\n<p>\u00ab Nous sommes re\u0301unis avec la noble ambition d\u2019un partenariat re\u0301nove\u0301 et renforce\u0301 entre l\u2019Afrique et la France dans un cadre institutionnel transparent de concertation qui permet aux parties prenantes de de\u0301finir ensemble les priorite\u0301s vis-a\u0300-vis des enjeux scientifiques de demain. Ceci dans l\u2019inte\u0301re\u0302t supe\u0301rieur de la population. Nous devons e\u0301crire une nouvelle page de la coope\u0301ration sanitaire de la France avec les pays francophones d\u2019Afrique. C\u2019est un moment rare que les scientifiques soient a\u0300 l\u2019avant-garde des politiques de coope\u0301ration entre Etats, c\u2019est un pari et nous espe\u0301rons relever le de\u0301fi \u00bb, a explique\u0301 l\u2019initiateur de la re\u0301union, Pierre M\u2019Pele\u0301, pre\u0301cisant que le me\u0301morandum de Brazzaville sera leur contribution pour une solidarite\u0301 agissante entre les nations et les peuples.<\/p>\n<p>Le pre\u0301sident honoraire de l\u2019Acade\u0301mie, Marc Gentilini, a rappele\u0301 le danger re\u0301el de voir s\u2019e\u0301vader d\u2019importants cre\u0301dits europe\u0301ens ou nationaux par l\u2019Agence franc\u0327aise de de\u0301veloppement vers d\u2019autres horizons au de\u0301triment de la population des pays a\u0300 ressources limite\u0301es. \u00ab Le maintien de l\u2019aide aux pays francophones qui sont pour beaucoup les plus pauvres, re\u0301clame une volonte\u0301 politique et une coordination, un certain leadership. Nous pouvons envisager une nouvelle fac\u0327on de travailler ensemble pour le plus grand be\u0301ne\u0301fice des plus de\u0301munis victimes des proce\u0301dures de\u0301faillantes ou uniques \u00bb, a-t-il de\u0301clare\u0301. Il a invite\u0301 les autorite\u0301s africaines a\u0300 accorder une place de choix aux chercheurs, enseignants et soignants pour plus d\u2019efficacite\u0301 et davantage de respect au service des malades.<\/p>\n<p><b>Ne\u0301cessite\u0301 de changer de paradigme<\/b><\/p>\n<p>Le charge\u0301 d\u2019affaires de l\u2019ambassade de France au Congo a, de son co\u0302te\u0301, assure\u0301 les participants que les conclusions et recommandations de la re\u0301union de Brazzaville seront transmises a\u0300 l\u2019Acade\u0301mie de me\u0301decine et partage\u0301es avec le gouvernement franc\u0327ais pour examen. Il a rappele\u0301 que la sante\u0301 mondiale engage tous les acteurs (gouvernements, organisations internationales, institutions financie\u0300res, chercheurs, socie\u0301te\u0301 civile, secteur prive\u0301). \u00ab Elle touche tous les secteurs et concerne tous les pays. La France a une longue tradition d\u2019engagements en faveur de la sante\u0301 mondiale ; une tradition renouvele\u0301e avec la nouvelle strate\u0301gie de sante\u0301 mondiale pour la pe\u0301riode 2023-2027 \u00bb, a-t-il soutenu.<\/p>\n<p>Le Premier ministre, quant a\u0300 lui, a indique\u0301 que le rapport de l\u2019Acade\u0301mie nationale de me\u0301decine et celui de la Cour des comptes de la Re\u0301publique franc\u0327aise dans le domaine de la coope\u0301ration sanitaire avec les pays a\u0300 ressources limite\u0301es confirment la ne\u0301cessite\u0301 d\u2019une re\u0301flexion profonde et partage\u0301e dans tous les domaines de coope\u0301ration. Pour Anatole Collinet Makosso, le temps est venu de rede\u0301finir ensemble une nouvelle politique de coope\u0301ration entre l\u2019Afrique et la France. Une coope\u0301ration qui passe par un changement de me\u0301thode, de paradigme. \u00ab Toute coope\u0301ration mutuellement fructueuse entre nations passe par une grande concertation et ce, dans tous les domaines y compris de celui de la sante\u0301, la recherche me\u0301dicale, les soins et la formation avant d\u2019e\u0302tre formalise\u0301e a\u0300 travers les canaux de prise de de\u0301cision plus transparents et institutionnels. Au cours de vos travaux entre acade\u0301miciens franc\u0327ais et africains, vous serez appele\u0301s a\u0300 poser un nouveau regard, un regard d\u2019hommes et de femmes de sciences sur l\u2019Afrique en e\u0301coutant les aspirations profondes des Africains pour construire une nouvelle coope\u0301ration ancre\u0301e sur les besoins, les cultures et les re\u0301alite\u0301s locales \u00bb, a-t-il souligne\u0301.<\/p>\n<p>Invitant les participants a\u0300 construire un nouveau mode\u0300le de coope\u0301ration en faveur de leurs nations respectives, le chef du gouvernement congolais nourrit l\u2019espoir de voir les e\u0301changes de Brazzaville contribuer a\u0300 l\u2019ame\u0301lioration du partenariat entre la France et les pays d\u2019Afrique francophone dans la suite logique de leurs relations historiques re\u0301nove\u0301es. \u00ab Il est donc fondamental aujourd\u2019hui plus qu\u2019hier de mettre en commun nos intelligences pour une coope\u0301ration dans le domaine de la sante\u0301, des sciences, de la technologie, de l\u2019innovation et de la recherche me\u0301dicale, des soins et de la formation qui soit be\u0301ne\u0301fique a\u0300 tous \u00bb, a-t-il conclu.<\/p>\n\r\n                <style type=\"text\/css\">\r\n                    \r\n                    #td_uid_1_69f49dbcddead  .td-doubleSlider-2 .td-item1 {\r\n                        background: url(https:\/\/static.africa-press.net\/congo-brazzaville\/sites\/51\/2024\/05\/sm_1715966442.361572-80x60.jpg) 0 0 no-repeat;\r\n                    }\r\n                    #td_uid_1_69f49dbcddead  .td-doubleSlider-2 .td-item2 {\r\n                        background: url(https:\/\/static.africa-press.net\/congo-brazzaville\/sites\/51\/2024\/05\/sm_1715966448.303193-80x60.jpg) 0 0 no-repeat;\r\n                    }\r\n                <\/style>\r\n\r\n                <div id=\"td_uid_1_69f49dbcddead\" class=\"td-gallery td-slide-on-2-columns\">\r\n                    <div class=\"post_td_gallery\">\r\n                        <div class=\"td-gallery-slide-top\">\r\n                           <div class=\"td-gallery-title\"><\/div>\r\n\r\n                            <div class=\"td-gallery-controls-wrapper\">\r\n                                <div class=\"td-gallery-slide-count\"><span class=\"td-gallery-slide-item-focus\">1<\/span> de 2<\/div>\r\n                                <div class=\"td-gallery-slide-prev-next-but\">\r\n                                    <i class = \"td-icon-left doubleSliderPrevButton\"><\/i>\r\n                                    <i class = \"td-icon-right doubleSliderNextButton\"><\/i>\r\n                                <\/div>\r\n                            <\/div>\r\n                        <\/div>\r\n\r\n                        <div class = \"td-doubleSlider-1 \">\r\n                            <div class = \"td-slider\">\r\n                                \r\n                    <div class = \"td-slide-item td-item1\">\r\n                        <figure class=\"td-slide-galery-figure td-slide-popup-gallery\">\r\n                            <a class=\"slide-gallery-image-link\" href=\"https:\/\/static.africa-press.net\/congo-brazzaville\/sites\/51\/2024\/05\/sm_1715966442.361572.jpg\" title=\"sm_1715966442.361572\"  data-caption=\"\"  data-description=\"\">\r\n                                <img decoding=\"async\" src=\"https:\/\/static.africa-press.net\/congo-brazzaville\/sites\/51\/2024\/05\/sm_1715966442.361572.jpg\" srcset=\"https:\/\/static.africa-press.net\/congo-brazzaville\/sites\/51\/2024\/05\/sm_1715966442.361572.jpg 1153w, https:\/\/static.africa-press.net\/congo-brazzaville\/sites\/51\/2024\/05\/sm_1715966442.361572-300x200.jpg 300w, https:\/\/static.africa-press.net\/congo-brazzaville\/sites\/51\/2024\/05\/sm_1715966442.361572-1024x682.jpg 1024w, https:\/\/static.africa-press.net\/congo-brazzaville\/sites\/51\/2024\/05\/sm_1715966442.361572-768x512.jpg 768w\" sizes=\"(max-width: 1153px) 100vw, 1153px\" alt=\"\">\r\n                            <\/a>\r\n                            \r\n                        <\/figure>\r\n                    <\/div>\r\n                    <div class = \"td-slide-item td-item2\">\r\n                        <figure class=\"td-slide-galery-figure td-slide-popup-gallery\">\r\n                            <a class=\"slide-gallery-image-link\" href=\"https:\/\/static.africa-press.net\/congo-brazzaville\/sites\/51\/2024\/05\/sm_1715966448.303193.jpg\" title=\"sm_1715966448.303193\"  data-caption=\"\"  data-description=\"\">\r\n                                <img decoding=\"async\" src=\"https:\/\/static.africa-press.net\/congo-brazzaville\/sites\/51\/2024\/05\/sm_1715966448.303193.jpg\" srcset=\"https:\/\/static.africa-press.net\/congo-brazzaville\/sites\/51\/2024\/05\/sm_1715966448.303193.jpg 1153w, https:\/\/static.africa-press.net\/congo-brazzaville\/sites\/51\/2024\/05\/sm_1715966448.303193-300x200.jpg 300w, https:\/\/static.africa-press.net\/congo-brazzaville\/sites\/51\/2024\/05\/sm_1715966448.303193-1024x682.jpg 1024w, https:\/\/static.africa-press.net\/congo-brazzaville\/sites\/51\/2024\/05\/sm_1715966448.303193-768x512.jpg 768w\" sizes=\"(max-width: 1153px) 100vw, 1153px\" alt=\"\">\r\n                            <\/a>\r\n                            \r\n                        <\/figure>\r\n                    <\/div>\r\n                            <\/div>\r\n                        <\/div>\r\n\r\n                        <div class = \"td-doubleSlider-2\">\r\n                            <div class = \"td-slider\">\r\n                                \r\n                    <div class = \"td-button td-item1\">\r\n                        <div class = \"td-border\"><\/div>\r\n                    <\/div>\r\n                    <div class = \"td-button td-item2\">\r\n                        <div class = \"td-border\"><\/div>\r\n                    <\/div>\r\n                            <\/div>\r\n                        <\/div>\r\n\r\n                    <\/div>\r\n\r\n                <\/div>\r\n                \n<p><strong>Pour plus d&rsquo;informations et d&rsquo;analyses sur la <a href=\"https:\/\/www.africa-press.net\/congo-brazzaville\">Congo Brazzaville<\/a>, suivez <a href=\"https:\/\/www.africa-press.net\/\">Africa-Press<\/a><\/strong><\/p>\n","protected":false},"excerpt":{"rendered":"<p>Africa-Press &#8211; Congo Brazzaville. Le Premier ministre, Anatole Collinet Makosso, a ouvert le 17 mai a\u0300 Brazzaville les travaux de la re\u0301union de re\u0301flexion des membres africains de l\u2019Acade\u0301mie nationale de me\u0301decine, France, sur la coope\u0301ration sanitaire de la France avec les pays a\u0300 ressources limite\u0301es. Les membres correspondants de l\u2019Acade\u0301mie nationale de me\u0301decine issus [&hellip;]<\/p>\n","protected":false},"author":82,"featured_media":30449,"comment_status":"open","ping_status":"closed","sticky":false,"template":"","format":"standard","meta":{"footnotes":""},"categories":[21,10],"tags":[36,47,46],"class_list":["post-30451","post","type-post","status-publish","format-standard","has-post-thumbnail","hentry","category-communaute","category-toutes-les-actualites","tag-africa-press","tag-africa-press-congo-brazzaville","tag-congo-brazzaville"],"yoast_head":"<!-- This site is optimized with the Yoast SEO Premium plugin v26.1 (Yoast SEO v27.0) - https:\/\/yoast.com\/product\/yoast-seo-premium-wordpress\/ -->\n<title>Coop\u00e9ration sanitaire : les membres africains de l\u2019Acad\u00e9mie nationale de m\u00e9decine r\u00e9unis \u00e0 Brazzaville - Congo Brazzaville<\/title>\n<meta name=\"description\" content=\"Le Premier ministre, Anatole Collinet Makosso, a ouvert le 17 mai a\u0300 Brazzaville les travaux de la re\u0301union de re\u0301fle ...\" \/>\n<meta name=\"robots\" content=\"index, follow, max-snippet:-1, max-image-preview:large, max-video-preview:-1\" \/>\n<link rel=\"canonical\" href=\"https:\/\/www.africa-press.net\/congo-brazzaville\/toutes-les-actualites\/cooperation-sanitaire-les-membres-africains-de-lacademie-nationale-de-medecine-reunis-a-brazzaville\" \/>\n<meta property=\"og:locale\" content=\"fr_FR\" \/>\n<meta property=\"og:type\" content=\"article\" \/>\n<meta property=\"og:title\" content=\"Coop\u00e9ration sanitaire : les membres africains de l\u2019Acad\u00e9mie nationale de m\u00e9decine r\u00e9unis \u00e0 Brazzaville\" \/>\n<meta property=\"og:description\" content=\"Le Premier ministre, Anatole Collinet Makosso, a ouvert le 17 mai a\u0300 Brazzaville les travaux de la re\u0301union de re\u0301fle ...\" \/>\n<meta property=\"og:url\" content=\"https:\/\/www.africa-press.net\/congo-brazzaville\/toutes-les-actualites\/cooperation-sanitaire-les-membres-africains-de-lacademie-nationale-de-medecine-reunis-a-brazzaville\" \/>\n<meta property=\"og:site_name\" content=\"Congo Brazzaville\" \/>\n<meta property=\"article:published_time\" content=\"2024-05-17T20:28:49+00:00\" \/>\n<meta property=\"article:modified_time\" content=\"2024-05-17T20:51:13+00:00\" \/>\n<meta property=\"og:image\" content=\"https:\/\/static.africa-press.net\/congo-brazzaville\/sites\/51\/2024\/05\/sm_1715966454.346532.jpg\" \/>\n\t<meta property=\"og:image:width\" content=\"1153\" \/>\n\t<meta property=\"og:image:height\" content=\"768\" \/>\n\t<meta property=\"og:image:type\" content=\"image\/jpeg\" \/>\n<meta name=\"author\" content=\"cfeditorfr\" \/>\n<meta name=\"twitter:card\" content=\"summary_large_image\" \/>\n<meta name=\"twitter:label1\" content=\"\u00c9crit par\" \/>\n\t<meta name=\"twitter:data1\" content=\"cfeditorfr\" \/>\n\t<meta name=\"twitter:label2\" content=\"Dur\u00e9e de lecture estim\u00e9e\" \/>\n\t<meta name=\"twitter:data2\" content=\"5 minutes\" \/>\n<script type=\"application\/ld+json\" class=\"yoast-schema-graph\">{\"@context\":\"https:\/\/schema.org\",\"@graph\":[{\"@type\":\"Article\",\"@id\":\"https:\/\/www.africa-press.net\/congo-brazzaville\/toutes-les-actualites\/cooperation-sanitaire-les-membres-africains-de-lacademie-nationale-de-medecine-reunis-a-brazzaville#article\",\"isPartOf\":{\"@id\":\"https:\/\/www.africa-press.net\/congo-brazzaville\/toutes-les-actualites\/cooperation-sanitaire-les-membres-africains-de-lacademie-nationale-de-medecine-reunis-a-brazzaville\"},\"author\":{\"name\":\"cfeditorfr\",\"@id\":\"https:\/\/www.africa-press.net\/congo-brazzaville\/#\/schema\/person\/2b1cf3cd81a31e3cd26889ca66d677f1\"},\"headline\":\"Coop\u00e9ration sanitaire : les membres africains de l\u2019Acad\u00e9mie nationale de m\u00e9decine r\u00e9unis \u00e0 Brazzaville\",\"datePublished\":\"2024-05-17T20:28:49+00:00\",\"dateModified\":\"2024-05-17T20:51:13+00:00\",\"mainEntityOfPage\":{\"@id\":\"https:\/\/www.africa-press.net\/congo-brazzaville\/toutes-les-actualites\/cooperation-sanitaire-les-membres-africains-de-lacademie-nationale-de-medecine-reunis-a-brazzaville\"},\"wordCount\":940,\"commentCount\":0,\"image\":{\"@id\":\"https:\/\/www.africa-press.net\/congo-brazzaville\/toutes-les-actualites\/cooperation-sanitaire-les-membres-africains-de-lacademie-nationale-de-medecine-reunis-a-brazzaville#primaryimage\"},\"thumbnailUrl\":\"https:\/\/static.africa-press.net\/congo-brazzaville\/sites\/51\/2024\/05\/sm_1715966454.346532.jpg\",\"keywords\":[\"Africa Press\",\"Africa Press-Congo Brazzaville\",\"Congo Brazzaville\"],\"articleSection\":[\"Communaut\u00e9\",\"Toutes les actualit\u00e9s\"],\"inLanguage\":\"fr-FR\",\"potentialAction\":[{\"@type\":\"CommentAction\",\"name\":\"Comment\",\"target\":[\"https:\/\/www.africa-press.net\/congo-brazzaville\/toutes-les-actualites\/cooperation-sanitaire-les-membres-africains-de-lacademie-nationale-de-medecine-reunis-a-brazzaville#respond\"]}]},{\"@type\":\"WebPage\",\"@id\":\"https:\/\/www.africa-press.net\/congo-brazzaville\/toutes-les-actualites\/cooperation-sanitaire-les-membres-africains-de-lacademie-nationale-de-medecine-reunis-a-brazzaville\",\"url\":\"https:\/\/www.africa-press.net\/congo-brazzaville\/toutes-les-actualites\/cooperation-sanitaire-les-membres-africains-de-lacademie-nationale-de-medecine-reunis-a-brazzaville\",\"name\":\"Coop\u00e9ration sanitaire : les membres africains de l\u2019Acad\u00e9mie nationale de m\u00e9decine r\u00e9unis \u00e0 Brazzaville - Congo Brazzaville\",\"isPartOf\":{\"@id\":\"https:\/\/www.africa-press.net\/congo-brazzaville\/#website\"},\"primaryImageOfPage\":{\"@id\":\"https:\/\/www.africa-press.net\/congo-brazzaville\/toutes-les-actualites\/cooperation-sanitaire-les-membres-africains-de-lacademie-nationale-de-medecine-reunis-a-brazzaville#primaryimage\"},\"image\":{\"@id\":\"https:\/\/www.africa-press.net\/congo-brazzaville\/toutes-les-actualites\/cooperation-sanitaire-les-membres-africains-de-lacademie-nationale-de-medecine-reunis-a-brazzaville#primaryimage\"},\"thumbnailUrl\":\"https:\/\/static.africa-press.net\/congo-brazzaville\/sites\/51\/2024\/05\/sm_1715966454.346532.jpg\",\"datePublished\":\"2024-05-17T20:28:49+00:00\",\"dateModified\":\"2024-05-17T20:51:13+00:00\",\"author\":{\"@id\":\"https:\/\/www.africa-press.net\/congo-brazzaville\/#\/schema\/person\/2b1cf3cd81a31e3cd26889ca66d677f1\"},\"description\":\"Le Premier ministre, Anatole Collinet Makosso, a ouvert le 17 mai a\u0300 Brazzaville les travaux de la re\u0301union de re\u0301fle ...\",\"breadcrumb\":{\"@id\":\"https:\/\/www.africa-press.net\/congo-brazzaville\/toutes-les-actualites\/cooperation-sanitaire-les-membres-africains-de-lacademie-nationale-de-medecine-reunis-a-brazzaville#breadcrumb\"},\"inLanguage\":\"fr-FR\",\"potentialAction\":[{\"@type\":\"ReadAction\",\"target\":[\"https:\/\/www.africa-press.net\/congo-brazzaville\/toutes-les-actualites\/cooperation-sanitaire-les-membres-africains-de-lacademie-nationale-de-medecine-reunis-a-brazzaville\"]}]},{\"@type\":\"ImageObject\",\"inLanguage\":\"fr-FR\",\"@id\":\"https:\/\/www.africa-press.net\/congo-brazzaville\/toutes-les-actualites\/cooperation-sanitaire-les-membres-africains-de-lacademie-nationale-de-medecine-reunis-a-brazzaville#primaryimage\",\"url\":\"https:\/\/static.africa-press.net\/congo-brazzaville\/sites\/51\/2024\/05\/sm_1715966454.346532.jpg\",\"contentUrl\":\"https:\/\/static.africa-press.net\/congo-brazzaville\/sites\/51\/2024\/05\/sm_1715966454.346532.jpg\",\"width\":1153,\"height\":768,\"caption\":\"Coop\u00e9ration sanitaire : les membres africains de l\u2019Acad\u00e9mie nationale de m\u00e9decine r\u00e9unis \u00e0 Brazzaville\"},{\"@type\":\"BreadcrumbList\",\"@id\":\"https:\/\/www.africa-press.net\/congo-brazzaville\/toutes-les-actualites\/cooperation-sanitaire-les-membres-africains-de-lacademie-nationale-de-medecine-reunis-a-brazzaville#breadcrumb\",\"itemListElement\":[{\"@type\":\"ListItem\",\"position\":1,\"name\":\"Accueil\",\"item\":\"https:\/\/www.africa-press.net\/congo-brazzaville\/\"},{\"@type\":\"ListItem\",\"position\":2,\"name\":\"Coop\u00e9ration sanitaire : les membres africains de l\u2019Acad\u00e9mie nationale de m\u00e9decine r\u00e9unis \u00e0 Brazzaville\"}]},{\"@type\":\"WebSite\",\"@id\":\"https:\/\/www.africa-press.net\/congo-brazzaville\/#website\",\"url\":\"https:\/\/www.africa-press.net\/congo-brazzaville\/\",\"name\":\"Congo Brazzaville\",\"description\":\"Just another Africa News Agency Sites site\",\"potentialAction\":[{\"@type\":\"SearchAction\",\"target\":{\"@type\":\"EntryPoint\",\"urlTemplate\":\"https:\/\/www.africa-press.net\/congo-brazzaville\/?s={search_term_string}\"},\"query-input\":{\"@type\":\"PropertyValueSpecification\",\"valueRequired\":true,\"valueName\":\"search_term_string\"}}],\"inLanguage\":\"fr-FR\"},{\"@type\":\"Person\",\"@id\":\"https:\/\/www.africa-press.net\/congo-brazzaville\/#\/schema\/person\/2b1cf3cd81a31e3cd26889ca66d677f1\",\"name\":\"cfeditorfr\"}]}<\/script>\n<!-- \/ Yoast SEO Premium plugin. -->","yoast_head_json":{"title":"Coop\u00e9ration sanitaire : les membres africains de l\u2019Acad\u00e9mie nationale de m\u00e9decine r\u00e9unis \u00e0 Brazzaville - Congo Brazzaville","description":"Le Premier ministre, Anatole Collinet Makosso, a ouvert le 17 mai a\u0300 Brazzaville les travaux de la re\u0301union de re\u0301fle ...","robots":{"index":"index","follow":"follow","max-snippet":"max-snippet:-1","max-image-preview":"max-image-preview:large","max-video-preview":"max-video-preview:-1"},"canonical":"https:\/\/www.africa-press.net\/congo-brazzaville\/toutes-les-actualites\/cooperation-sanitaire-les-membres-africains-de-lacademie-nationale-de-medecine-reunis-a-brazzaville","og_locale":"fr_FR","og_type":"article","og_title":"Coop\u00e9ration sanitaire : les membres africains de l\u2019Acad\u00e9mie nationale de m\u00e9decine r\u00e9unis \u00e0 Brazzaville","og_description":"Le Premier ministre, Anatole Collinet Makosso, a ouvert le 17 mai a\u0300 Brazzaville les travaux de la re\u0301union de re\u0301fle ...","og_url":"https:\/\/www.africa-press.net\/congo-brazzaville\/toutes-les-actualites\/cooperation-sanitaire-les-membres-africains-de-lacademie-nationale-de-medecine-reunis-a-brazzaville","og_site_name":"Congo Brazzaville","article_published_time":"2024-05-17T20:28:49+00:00","article_modified_time":"2024-05-17T20:51:13+00:00","og_image":[{"width":1153,"height":768,"url":"https:\/\/static.africa-press.net\/congo-brazzaville\/sites\/51\/2024\/05\/sm_1715966454.346532.jpg","type":"image\/jpeg"}],"author":"cfeditorfr","twitter_card":"summary_large_image","twitter_misc":{"\u00c9crit par":"cfeditorfr","Dur\u00e9e de lecture estim\u00e9e":"5 minutes"},"schema":{"@context":"https:\/\/schema.org","@graph":[{"@type":"Article","@id":"https:\/\/www.africa-press.net\/congo-brazzaville\/toutes-les-actualites\/cooperation-sanitaire-les-membres-africains-de-lacademie-nationale-de-medecine-reunis-a-brazzaville#article","isPartOf":{"@id":"https:\/\/www.africa-press.net\/congo-brazzaville\/toutes-les-actualites\/cooperation-sanitaire-les-membres-africains-de-lacademie-nationale-de-medecine-reunis-a-brazzaville"},"author":{"name":"cfeditorfr","@id":"https:\/\/www.africa-press.net\/congo-brazzaville\/#\/schema\/person\/2b1cf3cd81a31e3cd26889ca66d677f1"},"headline":"Coop\u00e9ration sanitaire : les membres africains de l\u2019Acad\u00e9mie nationale de m\u00e9decine r\u00e9unis \u00e0 Brazzaville","datePublished":"2024-05-17T20:28:49+00:00","dateModified":"2024-05-17T20:51:13+00:00","mainEntityOfPage":{"@id":"https:\/\/www.africa-press.net\/congo-brazzaville\/toutes-les-actualites\/cooperation-sanitaire-les-membres-africains-de-lacademie-nationale-de-medecine-reunis-a-brazzaville"},"wordCount":940,"commentCount":0,"image":{"@id":"https:\/\/www.africa-press.net\/congo-brazzaville\/toutes-les-actualites\/cooperation-sanitaire-les-membres-africains-de-lacademie-nationale-de-medecine-reunis-a-brazzaville#primaryimage"},"thumbnailUrl":"https:\/\/static.africa-press.net\/congo-brazzaville\/sites\/51\/2024\/05\/sm_1715966454.346532.jpg","keywords":["Africa Press","Africa Press-Congo Brazzaville","Congo Brazzaville"],"articleSection":["Communaut\u00e9","Toutes les actualit\u00e9s"],"inLanguage":"fr-FR","potentialAction":[{"@type":"CommentAction","name":"Comment","target":["https:\/\/www.africa-press.net\/congo-brazzaville\/toutes-les-actualites\/cooperation-sanitaire-les-membres-africains-de-lacademie-nationale-de-medecine-reunis-a-brazzaville#respond"]}]},{"@type":"WebPage","@id":"https:\/\/www.africa-press.net\/congo-brazzaville\/toutes-les-actualites\/cooperation-sanitaire-les-membres-africains-de-lacademie-nationale-de-medecine-reunis-a-brazzaville","url":"https:\/\/www.africa-press.net\/congo-brazzaville\/toutes-les-actualites\/cooperation-sanitaire-les-membres-africains-de-lacademie-nationale-de-medecine-reunis-a-brazzaville","name":"Coop\u00e9ration sanitaire : les membres africains de l\u2019Acad\u00e9mie nationale de m\u00e9decine r\u00e9unis \u00e0 Brazzaville - Congo Brazzaville","isPartOf":{"@id":"https:\/\/www.africa-press.net\/congo-brazzaville\/#website"},"primaryImageOfPage":{"@id":"https:\/\/www.africa-press.net\/congo-brazzaville\/toutes-les-actualites\/cooperation-sanitaire-les-membres-africains-de-lacademie-nationale-de-medecine-reunis-a-brazzaville#primaryimage"},"image":{"@id":"https:\/\/www.africa-press.net\/congo-brazzaville\/toutes-les-actualites\/cooperation-sanitaire-les-membres-africains-de-lacademie-nationale-de-medecine-reunis-a-brazzaville#primaryimage"},"thumbnailUrl":"https:\/\/static.africa-press.net\/congo-brazzaville\/sites\/51\/2024\/05\/sm_1715966454.346532.jpg","datePublished":"2024-05-17T20:28:49+00:00","dateModified":"2024-05-17T20:51:13+00:00","author":{"@id":"https:\/\/www.africa-press.net\/congo-brazzaville\/#\/schema\/person\/2b1cf3cd81a31e3cd26889ca66d677f1"},"description":"Le Premier ministre, Anatole Collinet Makosso, a ouvert le 17 mai a\u0300 Brazzaville les travaux de la re\u0301union de re\u0301fle ...","breadcrumb":{"@id":"https:\/\/www.africa-press.net\/congo-brazzaville\/toutes-les-actualites\/cooperation-sanitaire-les-membres-africains-de-lacademie-nationale-de-medecine-reunis-a-brazzaville#breadcrumb"},"inLanguage":"fr-FR","potentialAction":[{"@type":"ReadAction","target":["https:\/\/www.africa-press.net\/congo-brazzaville\/toutes-les-actualites\/cooperation-sanitaire-les-membres-africains-de-lacademie-nationale-de-medecine-reunis-a-brazzaville"]}]},{"@type":"ImageObject","inLanguage":"fr-FR","@id":"https:\/\/www.africa-press.net\/congo-brazzaville\/toutes-les-actualites\/cooperation-sanitaire-les-membres-africains-de-lacademie-nationale-de-medecine-reunis-a-brazzaville#primaryimage","url":"https:\/\/static.africa-press.net\/congo-brazzaville\/sites\/51\/2024\/05\/sm_1715966454.346532.jpg","contentUrl":"https:\/\/static.africa-press.net\/congo-brazzaville\/sites\/51\/2024\/05\/sm_1715966454.346532.jpg","width":1153,"height":768,"caption":"Coop\u00e9ration sanitaire : les membres africains de l\u2019Acad\u00e9mie nationale de m\u00e9decine r\u00e9unis \u00e0 Brazzaville"},{"@type":"BreadcrumbList","@id":"https:\/\/www.africa-press.net\/congo-brazzaville\/toutes-les-actualites\/cooperation-sanitaire-les-membres-africains-de-lacademie-nationale-de-medecine-reunis-a-brazzaville#breadcrumb","itemListElement":[{"@type":"ListItem","position":1,"name":"Accueil","item":"https:\/\/www.africa-press.net\/congo-brazzaville\/"},{"@type":"ListItem","position":2,"name":"Coop\u00e9ration sanitaire : les membres africains de l\u2019Acad\u00e9mie nationale de m\u00e9decine r\u00e9unis \u00e0 Brazzaville"}]},{"@type":"WebSite","@id":"https:\/\/www.africa-press.net\/congo-brazzaville\/#website","url":"https:\/\/www.africa-press.net\/congo-brazzaville\/","name":"Congo Brazzaville","description":"Just another Africa News Agency Sites site","potentialAction":[{"@type":"SearchAction","target":{"@type":"EntryPoint","urlTemplate":"https:\/\/www.africa-press.net\/congo-brazzaville\/?s={search_term_string}"},"query-input":{"@type":"PropertyValueSpecification","valueRequired":true,"valueName":"search_term_string"}}],"inLanguage":"fr-FR"},{"@type":"Person","@id":"https:\/\/www.africa-press.net\/congo-brazzaville\/#\/schema\/person\/2b1cf3cd81a31e3cd26889ca66d677f1","name":"cfeditorfr"}]}},"_links":{"self":[{"href":"https:\/\/www.africa-press.net\/congo-brazzaville\/wp-json\/wp\/v2\/posts\/30451","targetHints":{"allow":["GET"]}}],"collection":[{"href":"https:\/\/www.africa-press.net\/congo-brazzaville\/wp-json\/wp\/v2\/posts"}],"about":[{"href":"https:\/\/www.africa-press.net\/congo-brazzaville\/wp-json\/wp\/v2\/types\/post"}],"author":[{"embeddable":true,"href":"https:\/\/www.africa-press.net\/congo-brazzaville\/wp-json\/wp\/v2\/users\/82"}],"replies":[{"embeddable":true,"href":"https:\/\/www.africa-press.net\/congo-brazzaville\/wp-json\/wp\/v2\/comments?post=30451"}],"version-history":[{"count":0,"href":"https:\/\/www.africa-press.net\/congo-brazzaville\/wp-json\/wp\/v2\/posts\/30451\/revisions"}],"wp:featuredmedia":[{"embeddable":true,"href":"https:\/\/www.africa-press.net\/congo-brazzaville\/wp-json\/wp\/v2\/media\/30449"}],"wp:attachment":[{"href":"https:\/\/www.africa-press.net\/congo-brazzaville\/wp-json\/wp\/v2\/media?parent=30451"}],"wp:term":[{"taxonomy":"category","embeddable":true,"href":"https:\/\/www.africa-press.net\/congo-brazzaville\/wp-json\/wp\/v2\/categories?post=30451"},{"taxonomy":"post_tag","embeddable":true,"href":"https:\/\/www.africa-press.net\/congo-brazzaville\/wp-json\/wp\/v2\/tags?post=30451"}],"curies":[{"name":"wp","href":"https:\/\/api.w.org\/{rel}","templated":true}]}}