{"id":30505,"date":"2024-05-19T23:37:56","date_gmt":"2024-05-19T23:37:56","guid":{"rendered":"https:\/\/www.africa-press.net\/congo-brazzaville\/politique\/football-le-week-end-des-diables-rouges-et-des-congolais-de-la-diaspora-en-europe-slovaquie-suisse-et-turquie"},"modified":"2024-05-19T23:56:04","modified_gmt":"2024-05-19T23:56:04","slug":"football-le-week-end-des-diables-rouges-et-des-congolais-de-la-diaspora-en-europe-slovaquie-suisse-et-turquie","status":"publish","type":"post","link":"https:\/\/www.africa-press.net\/congo-brazzaville\/sports\/football-le-week-end-des-diables-rouges-et-des-congolais-de-la-diaspora-en-europe-slovaquie-suisse-et-turquie","title":{"rendered":"Football, le week-end des Diables rouges et des Congolais de la diaspora en Europe (Slovaquie, Suisse et Turquie)"},"content":{"rendered":"<p><span style=\"color: #ff6600\"><strong>Africa-Press &#8211; Congo Brazzaville. <\/strong><\/span><b>Slovaquie, 10e et dernie\u0300re journe\u0301e des play-offs, 1re division<\/b><\/p>\n<p>Le DAC Dunajska Streda va l\u2019emporter a\u0300 Zilina (3-2) et arrache la deuxie\u0300me place du classement, avec 1 point d\u2019avance sur le Spartak Trnava.<\/p>\n<p>Pour l\u2019occasion, Yhoan Andzouana e\u0301tait titulaire au poste de late\u0301ral gauche, ou\u0300 il sert de relaie a\u0300 deux reprises sur l\u2019action de l\u2019e\u0301galisation du DAC (1-1, 47e).<\/p>\n<p>Replace\u0301 sur le flanc droit pour la fin de match, l\u2019ancien Mone\u0301gasque est de\u0301cide\u0301ment tre\u0300s polyvalent.<\/p>\n<p>Avec cette seconde place, le DAC disputera le deuxie\u0300me tour de qualification de la Ligue Europa Confe\u0301rence.<\/p>\n<p><b>Suisse, 37e journe\u0301e, 1re division<\/b><\/p>\n<p>Lausanne va chercher son maintien en l\u2019emportant largement sur le terrain de son voisin de Lausanne-Ouchy (4-0). Titulaire, Morgan Poaty est passeur de\u0301cisif sur le 3e but de son e\u0301quipe.<\/p>\n<p>Avec ce succe\u0300s et la de\u0301faite des Grasshoppes, les Vaudois ne peuvent plus e\u0302tre rattrape\u0301s par les Zurichois.<\/p>\n<p><b>Turquie, 37e et avant-dernie\u0300re journe\u0301e, 1re division<\/b><\/p>\n<p>Hatay a longtemps cru tenir la victoire sur le terrain du Besiktas, avant de conce\u0301der le nul 2-2 sur un penalty a\u0300 la 90e+7. Cruel pour Chandrel Massanga et ses co-e\u0301quipiers, qui avaient ouvert le score a\u0300 la 26e par l\u2019entremise du milieu de\u0301fensif congolais.<\/p>\n<p>L\u2019ancien joueur du Partizani Tirana, en embuscade au second poteau, reprenait victorieusement un centre de Rui Pedro. Son troisie\u0300me but de la saison.<\/p>\n<p>Enrhume\u0301 par Gerson sur l\u2019e\u0301galisation, le Diable rouge fait a\u0300 nouveau la diffe\u0301rence a\u0300 la 55e lorsqu\u2019il re\u0301cupe\u0300re, entre trois adversaires, le cuir et lance, dans la profondeur, Strandberg qui de\u0301borde et centre tranquillement pour Dele-Bashiru (2-1).<\/p>\n<p>Las, l\u2019arbitre a donne\u0301, apre\u0300s consultation de la VAR, un penalty aux Stambouliotes, converti par Aboubakar dans les ultimes secondes.<\/p>\n<p>Hatay, premier rele\u0301gable avec 38 points, devra battre Rizespor tout en misant sur un revers d\u2019Ankaragu\u0308c\u0327u\u0308 sur le terrain de Trabzonspor.<\/p>\n<p><strong>Pour plus d&rsquo;informations et d&rsquo;analyses sur la <a href=\"https:\/\/www.africa-press.net\/congo-brazzaville\">Congo Brazzaville<\/a>, suivez <a href=\"https:\/\/www.africa-press.net\/\">Africa-Press<\/a><\/strong><\/p>\n","protected":false},"excerpt":{"rendered":"<p>Africa-Press &#8211; Congo Brazzaville. Slovaquie, 10e et dernie\u0300re journe\u0301e des play-offs, 1re division Le DAC Dunajska Streda va l\u2019emporter a\u0300 Zilina (3-2) et arrache la deuxie\u0300me place du classement, avec 1 point d\u2019avance sur le Spartak Trnava. Pour l\u2019occasion, Yhoan Andzouana e\u0301tait titulaire au poste de late\u0301ral gauche, ou\u0300 il sert de relaie a\u0300 deux [&hellip;]<\/p>\n","protected":false},"author":82,"featured_media":30503,"comment_status":"open","ping_status":"closed","sticky":false,"template":"","format":"standard","meta":{"footnotes":""},"categories":[6,10],"tags":[36,47,46],"class_list":["post-30505","post","type-post","status-publish","format-standard","has-post-thumbnail","hentry","category-sports","category-toutes-les-actualites","tag-africa-press","tag-africa-press-congo-brazzaville","tag-congo-brazzaville"],"yoast_head":"<!-- This site is optimized with the Yoast SEO Premium plugin v26.1 (Yoast SEO v27.0) - https:\/\/yoast.com\/product\/yoast-seo-premium-wordpress\/ -->\n<title>Football, le week-end des Diables rouges et des Congolais de la diaspora en Europe (Slovaquie, Suisse et Turquie) - Congo Brazzaville<\/title>\n<meta name=\"description\" content=\"Slovaquie, 10e et dernie\u0300re journe\u0301e des play-offs, 1re division Le DAC Dunajska Streda va l\u2019emporter a\u0300 Zilina ...\" \/>\n<meta name=\"robots\" content=\"index, follow, max-snippet:-1, max-image-preview:large, max-video-preview:-1\" \/>\n<link rel=\"canonical\" href=\"https:\/\/www.africa-press.net\/congo-brazzaville\/sports\/football-le-week-end-des-diables-rouges-et-des-congolais-de-la-diaspora-en-europe-slovaquie-suisse-et-turquie\" \/>\n<meta property=\"og:locale\" content=\"fr_FR\" \/>\n<meta property=\"og:type\" content=\"article\" \/>\n<meta property=\"og:title\" content=\"Football, le week-end des Diables rouges et des Congolais de la diaspora en Europe (Slovaquie, Suisse et Turquie)\" \/>\n<meta property=\"og:description\" content=\"Slovaquie, 10e et dernie\u0300re journe\u0301e des play-offs, 1re division Le DAC Dunajska Streda va l\u2019emporter a\u0300 Zilina ...\" \/>\n<meta property=\"og:url\" content=\"https:\/\/www.africa-press.net\/congo-brazzaville\/sports\/football-le-week-end-des-diables-rouges-et-des-congolais-de-la-diaspora-en-europe-slovaquie-suisse-et-turquie\" \/>\n<meta property=\"og:site_name\" content=\"Congo Brazzaville\" \/>\n<meta property=\"article:published_time\" content=\"2024-05-19T23:37:56+00:00\" \/>\n<meta property=\"article:modified_time\" content=\"2024-05-19T23:56:04+00:00\" \/>\n<meta property=\"og:image\" content=\"https:\/\/static.africa-press.net\/congo-brazzaville\/sites\/51\/2024\/05\/sm_1716150332.564285.jpg\" \/>\n\t<meta property=\"og:image:width\" content=\"962\" \/>\n\t<meta property=\"og:image:height\" content=\"523\" \/>\n\t<meta property=\"og:image:type\" content=\"image\/jpeg\" \/>\n<meta name=\"author\" content=\"cfeditorfr\" \/>\n<meta name=\"twitter:card\" content=\"summary_large_image\" \/>\n<meta name=\"twitter:label1\" content=\"\u00c9crit par\" \/>\n\t<meta name=\"twitter:data1\" content=\"cfeditorfr\" \/>\n\t<meta name=\"twitter:label2\" content=\"Dur\u00e9e de lecture estim\u00e9e\" \/>\n\t<meta name=\"twitter:data2\" content=\"2 minutes\" \/>\n<script type=\"application\/ld+json\" class=\"yoast-schema-graph\">{\"@context\":\"https:\/\/schema.org\",\"@graph\":[{\"@type\":\"Article\",\"@id\":\"https:\/\/www.africa-press.net\/congo-brazzaville\/sports\/football-le-week-end-des-diables-rouges-et-des-congolais-de-la-diaspora-en-europe-slovaquie-suisse-et-turquie#article\",\"isPartOf\":{\"@id\":\"https:\/\/www.africa-press.net\/congo-brazzaville\/sports\/football-le-week-end-des-diables-rouges-et-des-congolais-de-la-diaspora-en-europe-slovaquie-suisse-et-turquie\"},\"author\":{\"name\":\"cfeditorfr\",\"@id\":\"https:\/\/www.africa-press.net\/congo-brazzaville\/#\/schema\/person\/2b1cf3cd81a31e3cd26889ca66d677f1\"},\"headline\":\"Football, le week-end des Diables rouges et des Congolais de la diaspora en Europe (Slovaquie, Suisse et Turquie)\",\"datePublished\":\"2024-05-19T23:37:56+00:00\",\"dateModified\":\"2024-05-19T23:56:04+00:00\",\"mainEntityOfPage\":{\"@id\":\"https:\/\/www.africa-press.net\/congo-brazzaville\/sports\/football-le-week-end-des-diables-rouges-et-des-congolais-de-la-diaspora-en-europe-slovaquie-suisse-et-turquie\"},\"wordCount\":379,\"commentCount\":0,\"image\":{\"@id\":\"https:\/\/www.africa-press.net\/congo-brazzaville\/sports\/football-le-week-end-des-diables-rouges-et-des-congolais-de-la-diaspora-en-europe-slovaquie-suisse-et-turquie#primaryimage\"},\"thumbnailUrl\":\"https:\/\/static.africa-press.net\/congo-brazzaville\/sites\/51\/2024\/05\/sm_1716150332.564285.jpg\",\"keywords\":[\"Africa Press\",\"Africa Press-Congo Brazzaville\",\"Congo Brazzaville\"],\"articleSection\":[\"Sports\",\"Toutes les actualit\u00e9s\"],\"inLanguage\":\"fr-FR\",\"potentialAction\":[{\"@type\":\"CommentAction\",\"name\":\"Comment\",\"target\":[\"https:\/\/www.africa-press.net\/congo-brazzaville\/sports\/football-le-week-end-des-diables-rouges-et-des-congolais-de-la-diaspora-en-europe-slovaquie-suisse-et-turquie#respond\"]}]},{\"@type\":\"WebPage\",\"@id\":\"https:\/\/www.africa-press.net\/congo-brazzaville\/sports\/football-le-week-end-des-diables-rouges-et-des-congolais-de-la-diaspora-en-europe-slovaquie-suisse-et-turquie\",\"url\":\"https:\/\/www.africa-press.net\/congo-brazzaville\/sports\/football-le-week-end-des-diables-rouges-et-des-congolais-de-la-diaspora-en-europe-slovaquie-suisse-et-turquie\",\"name\":\"Football, le week-end des Diables rouges et des Congolais de la diaspora en Europe (Slovaquie, Suisse et Turquie) - Congo Brazzaville\",\"isPartOf\":{\"@id\":\"https:\/\/www.africa-press.net\/congo-brazzaville\/#website\"},\"primaryImageOfPage\":{\"@id\":\"https:\/\/www.africa-press.net\/congo-brazzaville\/sports\/football-le-week-end-des-diables-rouges-et-des-congolais-de-la-diaspora-en-europe-slovaquie-suisse-et-turquie#primaryimage\"},\"image\":{\"@id\":\"https:\/\/www.africa-press.net\/congo-brazzaville\/sports\/football-le-week-end-des-diables-rouges-et-des-congolais-de-la-diaspora-en-europe-slovaquie-suisse-et-turquie#primaryimage\"},\"thumbnailUrl\":\"https:\/\/static.africa-press.net\/congo-brazzaville\/sites\/51\/2024\/05\/sm_1716150332.564285.jpg\",\"datePublished\":\"2024-05-19T23:37:56+00:00\",\"dateModified\":\"2024-05-19T23:56:04+00:00\",\"author\":{\"@id\":\"https:\/\/www.africa-press.net\/congo-brazzaville\/#\/schema\/person\/2b1cf3cd81a31e3cd26889ca66d677f1\"},\"description\":\"Slovaquie, 10e et dernie\u0300re journe\u0301e des play-offs, 1re division Le DAC Dunajska Streda va l\u2019emporter a\u0300 Zilina ...\",\"breadcrumb\":{\"@id\":\"https:\/\/www.africa-press.net\/congo-brazzaville\/sports\/football-le-week-end-des-diables-rouges-et-des-congolais-de-la-diaspora-en-europe-slovaquie-suisse-et-turquie#breadcrumb\"},\"inLanguage\":\"fr-FR\",\"potentialAction\":[{\"@type\":\"ReadAction\",\"target\":[\"https:\/\/www.africa-press.net\/congo-brazzaville\/sports\/football-le-week-end-des-diables-rouges-et-des-congolais-de-la-diaspora-en-europe-slovaquie-suisse-et-turquie\"]}]},{\"@type\":\"ImageObject\",\"inLanguage\":\"fr-FR\",\"@id\":\"https:\/\/www.africa-press.net\/congo-brazzaville\/sports\/football-le-week-end-des-diables-rouges-et-des-congolais-de-la-diaspora-en-europe-slovaquie-suisse-et-turquie#primaryimage\",\"url\":\"https:\/\/static.africa-press.net\/congo-brazzaville\/sites\/51\/2024\/05\/sm_1716150332.564285.jpg\",\"contentUrl\":\"https:\/\/static.africa-press.net\/congo-brazzaville\/sites\/51\/2024\/05\/sm_1716150332.564285.jpg\",\"width\":962,\"height\":523,\"caption\":\"Football, le week-end des Diables rouges et des Congolais de la diaspora en Europe (Slovaquie, Suisse et Turquie)\"},{\"@type\":\"BreadcrumbList\",\"@id\":\"https:\/\/www.africa-press.net\/congo-brazzaville\/sports\/football-le-week-end-des-diables-rouges-et-des-congolais-de-la-diaspora-en-europe-slovaquie-suisse-et-turquie#breadcrumb\",\"itemListElement\":[{\"@type\":\"ListItem\",\"position\":1,\"name\":\"Accueil\",\"item\":\"https:\/\/www.africa-press.net\/congo-brazzaville\/\"},{\"@type\":\"ListItem\",\"position\":2,\"name\":\"Football, le week-end des Diables rouges et des Congolais de la diaspora en Europe (Slovaquie, Suisse et Turquie)\"}]},{\"@type\":\"WebSite\",\"@id\":\"https:\/\/www.africa-press.net\/congo-brazzaville\/#website\",\"url\":\"https:\/\/www.africa-press.net\/congo-brazzaville\/\",\"name\":\"Congo Brazzaville\",\"description\":\"Just another Africa News Agency Sites site\",\"potentialAction\":[{\"@type\":\"SearchAction\",\"target\":{\"@type\":\"EntryPoint\",\"urlTemplate\":\"https:\/\/www.africa-press.net\/congo-brazzaville\/?s={search_term_string}\"},\"query-input\":{\"@type\":\"PropertyValueSpecification\",\"valueRequired\":true,\"valueName\":\"search_term_string\"}}],\"inLanguage\":\"fr-FR\"},{\"@type\":\"Person\",\"@id\":\"https:\/\/www.africa-press.net\/congo-brazzaville\/#\/schema\/person\/2b1cf3cd81a31e3cd26889ca66d677f1\",\"name\":\"cfeditorfr\"}]}<\/script>\n<!-- \/ Yoast SEO Premium plugin. -->","yoast_head_json":{"title":"Football, le week-end des Diables rouges et des Congolais de la diaspora en Europe (Slovaquie, Suisse et Turquie) - Congo Brazzaville","description":"Slovaquie, 10e et dernie\u0300re journe\u0301e des play-offs, 1re division Le DAC Dunajska Streda va l\u2019emporter a\u0300 Zilina ...","robots":{"index":"index","follow":"follow","max-snippet":"max-snippet:-1","max-image-preview":"max-image-preview:large","max-video-preview":"max-video-preview:-1"},"canonical":"https:\/\/www.africa-press.net\/congo-brazzaville\/sports\/football-le-week-end-des-diables-rouges-et-des-congolais-de-la-diaspora-en-europe-slovaquie-suisse-et-turquie","og_locale":"fr_FR","og_type":"article","og_title":"Football, le week-end des Diables rouges et des Congolais de la diaspora en Europe (Slovaquie, Suisse et Turquie)","og_description":"Slovaquie, 10e et dernie\u0300re journe\u0301e des play-offs, 1re division Le DAC Dunajska Streda va l\u2019emporter a\u0300 Zilina ...","og_url":"https:\/\/www.africa-press.net\/congo-brazzaville\/sports\/football-le-week-end-des-diables-rouges-et-des-congolais-de-la-diaspora-en-europe-slovaquie-suisse-et-turquie","og_site_name":"Congo Brazzaville","article_published_time":"2024-05-19T23:37:56+00:00","article_modified_time":"2024-05-19T23:56:04+00:00","og_image":[{"width":962,"height":523,"url":"https:\/\/static.africa-press.net\/congo-brazzaville\/sites\/51\/2024\/05\/sm_1716150332.564285.jpg","type":"image\/jpeg"}],"author":"cfeditorfr","twitter_card":"summary_large_image","twitter_misc":{"\u00c9crit par":"cfeditorfr","Dur\u00e9e de lecture estim\u00e9e":"2 minutes"},"schema":{"@context":"https:\/\/schema.org","@graph":[{"@type":"Article","@id":"https:\/\/www.africa-press.net\/congo-brazzaville\/sports\/football-le-week-end-des-diables-rouges-et-des-congolais-de-la-diaspora-en-europe-slovaquie-suisse-et-turquie#article","isPartOf":{"@id":"https:\/\/www.africa-press.net\/congo-brazzaville\/sports\/football-le-week-end-des-diables-rouges-et-des-congolais-de-la-diaspora-en-europe-slovaquie-suisse-et-turquie"},"author":{"name":"cfeditorfr","@id":"https:\/\/www.africa-press.net\/congo-brazzaville\/#\/schema\/person\/2b1cf3cd81a31e3cd26889ca66d677f1"},"headline":"Football, le week-end des Diables rouges et des Congolais de la diaspora en Europe (Slovaquie, Suisse et Turquie)","datePublished":"2024-05-19T23:37:56+00:00","dateModified":"2024-05-19T23:56:04+00:00","mainEntityOfPage":{"@id":"https:\/\/www.africa-press.net\/congo-brazzaville\/sports\/football-le-week-end-des-diables-rouges-et-des-congolais-de-la-diaspora-en-europe-slovaquie-suisse-et-turquie"},"wordCount":379,"commentCount":0,"image":{"@id":"https:\/\/www.africa-press.net\/congo-brazzaville\/sports\/football-le-week-end-des-diables-rouges-et-des-congolais-de-la-diaspora-en-europe-slovaquie-suisse-et-turquie#primaryimage"},"thumbnailUrl":"https:\/\/static.africa-press.net\/congo-brazzaville\/sites\/51\/2024\/05\/sm_1716150332.564285.jpg","keywords":["Africa Press","Africa Press-Congo Brazzaville","Congo Brazzaville"],"articleSection":["Sports","Toutes les actualit\u00e9s"],"inLanguage":"fr-FR","potentialAction":[{"@type":"CommentAction","name":"Comment","target":["https:\/\/www.africa-press.net\/congo-brazzaville\/sports\/football-le-week-end-des-diables-rouges-et-des-congolais-de-la-diaspora-en-europe-slovaquie-suisse-et-turquie#respond"]}]},{"@type":"WebPage","@id":"https:\/\/www.africa-press.net\/congo-brazzaville\/sports\/football-le-week-end-des-diables-rouges-et-des-congolais-de-la-diaspora-en-europe-slovaquie-suisse-et-turquie","url":"https:\/\/www.africa-press.net\/congo-brazzaville\/sports\/football-le-week-end-des-diables-rouges-et-des-congolais-de-la-diaspora-en-europe-slovaquie-suisse-et-turquie","name":"Football, le week-end des Diables rouges et des Congolais de la diaspora en Europe (Slovaquie, Suisse et Turquie) - Congo Brazzaville","isPartOf":{"@id":"https:\/\/www.africa-press.net\/congo-brazzaville\/#website"},"primaryImageOfPage":{"@id":"https:\/\/www.africa-press.net\/congo-brazzaville\/sports\/football-le-week-end-des-diables-rouges-et-des-congolais-de-la-diaspora-en-europe-slovaquie-suisse-et-turquie#primaryimage"},"image":{"@id":"https:\/\/www.africa-press.net\/congo-brazzaville\/sports\/football-le-week-end-des-diables-rouges-et-des-congolais-de-la-diaspora-en-europe-slovaquie-suisse-et-turquie#primaryimage"},"thumbnailUrl":"https:\/\/static.africa-press.net\/congo-brazzaville\/sites\/51\/2024\/05\/sm_1716150332.564285.jpg","datePublished":"2024-05-19T23:37:56+00:00","dateModified":"2024-05-19T23:56:04+00:00","author":{"@id":"https:\/\/www.africa-press.net\/congo-brazzaville\/#\/schema\/person\/2b1cf3cd81a31e3cd26889ca66d677f1"},"description":"Slovaquie, 10e et dernie\u0300re journe\u0301e des play-offs, 1re division Le DAC Dunajska Streda va l\u2019emporter a\u0300 Zilina ...","breadcrumb":{"@id":"https:\/\/www.africa-press.net\/congo-brazzaville\/sports\/football-le-week-end-des-diables-rouges-et-des-congolais-de-la-diaspora-en-europe-slovaquie-suisse-et-turquie#breadcrumb"},"inLanguage":"fr-FR","potentialAction":[{"@type":"ReadAction","target":["https:\/\/www.africa-press.net\/congo-brazzaville\/sports\/football-le-week-end-des-diables-rouges-et-des-congolais-de-la-diaspora-en-europe-slovaquie-suisse-et-turquie"]}]},{"@type":"ImageObject","inLanguage":"fr-FR","@id":"https:\/\/www.africa-press.net\/congo-brazzaville\/sports\/football-le-week-end-des-diables-rouges-et-des-congolais-de-la-diaspora-en-europe-slovaquie-suisse-et-turquie#primaryimage","url":"https:\/\/static.africa-press.net\/congo-brazzaville\/sites\/51\/2024\/05\/sm_1716150332.564285.jpg","contentUrl":"https:\/\/static.africa-press.net\/congo-brazzaville\/sites\/51\/2024\/05\/sm_1716150332.564285.jpg","width":962,"height":523,"caption":"Football, le week-end des Diables rouges et des Congolais de la diaspora en Europe (Slovaquie, Suisse et Turquie)"},{"@type":"BreadcrumbList","@id":"https:\/\/www.africa-press.net\/congo-brazzaville\/sports\/football-le-week-end-des-diables-rouges-et-des-congolais-de-la-diaspora-en-europe-slovaquie-suisse-et-turquie#breadcrumb","itemListElement":[{"@type":"ListItem","position":1,"name":"Accueil","item":"https:\/\/www.africa-press.net\/congo-brazzaville\/"},{"@type":"ListItem","position":2,"name":"Football, le week-end des Diables rouges et des Congolais de la diaspora en Europe (Slovaquie, Suisse et Turquie)"}]},{"@type":"WebSite","@id":"https:\/\/www.africa-press.net\/congo-brazzaville\/#website","url":"https:\/\/www.africa-press.net\/congo-brazzaville\/","name":"Congo Brazzaville","description":"Just another Africa News Agency Sites site","potentialAction":[{"@type":"SearchAction","target":{"@type":"EntryPoint","urlTemplate":"https:\/\/www.africa-press.net\/congo-brazzaville\/?s={search_term_string}"},"query-input":{"@type":"PropertyValueSpecification","valueRequired":true,"valueName":"search_term_string"}}],"inLanguage":"fr-FR"},{"@type":"Person","@id":"https:\/\/www.africa-press.net\/congo-brazzaville\/#\/schema\/person\/2b1cf3cd81a31e3cd26889ca66d677f1","name":"cfeditorfr"}]}},"_links":{"self":[{"href":"https:\/\/www.africa-press.net\/congo-brazzaville\/wp-json\/wp\/v2\/posts\/30505","targetHints":{"allow":["GET"]}}],"collection":[{"href":"https:\/\/www.africa-press.net\/congo-brazzaville\/wp-json\/wp\/v2\/posts"}],"about":[{"href":"https:\/\/www.africa-press.net\/congo-brazzaville\/wp-json\/wp\/v2\/types\/post"}],"author":[{"embeddable":true,"href":"https:\/\/www.africa-press.net\/congo-brazzaville\/wp-json\/wp\/v2\/users\/82"}],"replies":[{"embeddable":true,"href":"https:\/\/www.africa-press.net\/congo-brazzaville\/wp-json\/wp\/v2\/comments?post=30505"}],"version-history":[{"count":0,"href":"https:\/\/www.africa-press.net\/congo-brazzaville\/wp-json\/wp\/v2\/posts\/30505\/revisions"}],"wp:featuredmedia":[{"embeddable":true,"href":"https:\/\/www.africa-press.net\/congo-brazzaville\/wp-json\/wp\/v2\/media\/30503"}],"wp:attachment":[{"href":"https:\/\/www.africa-press.net\/congo-brazzaville\/wp-json\/wp\/v2\/media?parent=30505"}],"wp:term":[{"taxonomy":"category","embeddable":true,"href":"https:\/\/www.africa-press.net\/congo-brazzaville\/wp-json\/wp\/v2\/categories?post=30505"},{"taxonomy":"post_tag","embeddable":true,"href":"https:\/\/www.africa-press.net\/congo-brazzaville\/wp-json\/wp\/v2\/tags?post=30505"}],"curies":[{"name":"wp","href":"https:\/\/api.w.org\/{rel}","templated":true}]}}