{"id":30508,"date":"2024-05-19T23:38:23","date_gmt":"2024-05-19T23:38:23","guid":{"rendered":"https:\/\/www.africa-press.net\/congo-brazzaville\/politique\/football-le-week-end-des-diables-rouges-et-des-congolais-de-la-diaspora-en-europe-albanie-allemagne-et-autriche"},"modified":"2024-05-19T23:56:45","modified_gmt":"2024-05-19T23:56:45","slug":"football-le-week-end-des-diables-rouges-et-des-congolais-de-la-diaspora-en-europe-albanie-allemagne-et-autriche","status":"publish","type":"post","link":"https:\/\/www.africa-press.net\/congo-brazzaville\/sports\/football-le-week-end-des-diables-rouges-et-des-congolais-de-la-diaspora-en-europe-albanie-allemagne-et-autriche","title":{"rendered":"Football: le week-end des Diables rouges et des Congolais de la diaspora en Europe (Albanie, Allemagne et Autriche)"},"content":{"rendered":"<p><span style=\"color: #ff6600\"><strong>Africa-Press &#8211; Congo Brazzaville. <\/strong><\/span><b>Albanie, demi-finale des play-offs, 1re division<\/b><\/p>\n<p>Moins en vue depuis quelques semaines, Archange Bintstouka a retrouve\u0301 la lumie\u0300re et l\u2019efficacite\u0301 au bon moment: unique buteur du match face a\u0300 Ske\u0308nderbeu, l\u2019international congolais envoie le Partizani en finale.<\/p>\n<p>Aligne\u0301 en pointe, Bintsouka a marque\u0301 d\u2019une belle te\u0302te a\u0300 la 47e minute sur l\u2019une de ses seules actions du match. Remplace\u0301 a\u0300 la 87e, il totalise de\u0301sormais dix buts en championnat.<\/p>\n<p>Lors de la finale, programme\u0301e le 26 mai, le champion en titre affrontera le vainqueur du match entre Egnatia et Shkode\u0308r.<\/p>\n<p><b>Allemagne, 34e et dernie\u0300re journe\u0301e, 1re division<\/b><\/p>\n<p>L\u2019Eintracht Francfort termine sa saison par un match nul a\u0300 domicile face a\u0300 Leipzig (2-2). Remplac\u0327ant, Niels Nkounkou est entre\u0301 a\u0300 la 90e+7 minutes. Francfort se classe 6e et disputera la prochaine Ligue Europa.<\/p>\n<p><b>Allemagne, 38e et dernie\u0300re journe\u0301e, 3e division<\/b><\/p>\n<p>De\u0301ja\u0300 assure\u0301 du maintien, le Walhdof Mannheim s\u2019incline sur le terrain d\u2019Erzgerbirge Auer (2-0).<\/p>\n<p><b>Allemagne, 34e et dernie\u0300re journe\u0301e, 4e division, groupe Nord<\/b><\/p>\n<p>Oldenburg l\u2019emporte a\u0300 Lohne (2-0). Remplac\u0327ant, Aurel Loubongo Mboungou est entre\u0301 a\u0300 la 58e minute.<\/p>\n<p><b>Autriche, 28e journe\u0301e, 2e division<\/b><\/p>\n<p>La de\u0301gringolade continue pour St-Po\u0308lten, de\u0301fait 1-3 a\u0300 Dornbirn. L\u2019e\u0301quipe de Ke\u0301vin Monzialo, entre\u0301 a\u0300 la 46e minute, est 10e avec seulement 6 points d\u2019avance sur la zone rouge a\u0300 deux journe\u0301es de la fin. Heureusement, le goal-average reste en leur faveur.<\/p>\n<p><strong>Pour plus d&rsquo;informations et d&rsquo;analyses sur la <a href=\"https:\/\/www.africa-press.net\/congo-brazzaville\">Congo Brazzaville<\/a>, suivez <a href=\"https:\/\/www.africa-press.net\/\">Africa-Press<\/a><\/strong><\/p>\n","protected":false},"excerpt":{"rendered":"<p>Africa-Press &#8211; Congo Brazzaville. Albanie, demi-finale des play-offs, 1re division Moins en vue depuis quelques semaines, Archange Bintstouka a retrouve\u0301 la lumie\u0300re et l\u2019efficacite\u0301 au bon moment: unique buteur du match face a\u0300 Ske\u0308nderbeu, l\u2019international congolais envoie le Partizani en finale. Aligne\u0301 en pointe, Bintsouka a marque\u0301 d\u2019une belle te\u0302te a\u0300 la 47e minute sur [&hellip;]<\/p>\n","protected":false},"author":82,"featured_media":30506,"comment_status":"open","ping_status":"closed","sticky":false,"template":"","format":"standard","meta":{"footnotes":""},"categories":[6,10],"tags":[36,47,46],"class_list":["post-30508","post","type-post","status-publish","format-standard","has-post-thumbnail","hentry","category-sports","category-toutes-les-actualites","tag-africa-press","tag-africa-press-congo-brazzaville","tag-congo-brazzaville"],"yoast_head":"<!-- This site is optimized with the Yoast SEO Premium plugin v26.1 (Yoast SEO v27.0) - https:\/\/yoast.com\/product\/yoast-seo-premium-wordpress\/ -->\n<title>Football: le week-end des Diables rouges et des Congolais de la diaspora en Europe (Albanie, Allemagne et Autriche) - Congo Brazzaville<\/title>\n<meta name=\"description\" content=\"Albanie, demi-finale des play-offs, 1re division Moins en vue depuis quelques semaines, Archange Bintstouka a re ...\" \/>\n<meta name=\"robots\" content=\"index, follow, max-snippet:-1, max-image-preview:large, max-video-preview:-1\" \/>\n<link rel=\"canonical\" href=\"https:\/\/www.africa-press.net\/congo-brazzaville\/sports\/football-le-week-end-des-diables-rouges-et-des-congolais-de-la-diaspora-en-europe-albanie-allemagne-et-autriche\" \/>\n<meta property=\"og:locale\" content=\"fr_FR\" \/>\n<meta property=\"og:type\" content=\"article\" \/>\n<meta property=\"og:title\" content=\"Football: le week-end des Diables rouges et des Congolais de la diaspora en Europe (Albanie, Allemagne et Autriche)\" \/>\n<meta property=\"og:description\" content=\"Albanie, demi-finale des play-offs, 1re division Moins en vue depuis quelques semaines, Archange Bintstouka a re ...\" \/>\n<meta property=\"og:url\" content=\"https:\/\/www.africa-press.net\/congo-brazzaville\/sports\/football-le-week-end-des-diables-rouges-et-des-congolais-de-la-diaspora-en-europe-albanie-allemagne-et-autriche\" \/>\n<meta property=\"og:site_name\" content=\"Congo Brazzaville\" \/>\n<meta property=\"article:published_time\" content=\"2024-05-19T23:38:23+00:00\" \/>\n<meta property=\"article:modified_time\" content=\"2024-05-19T23:56:45+00:00\" \/>\n<meta property=\"og:image\" content=\"https:\/\/static.africa-press.net\/congo-brazzaville\/sites\/51\/2024\/05\/sm_1716150355.142375.jpg\" \/>\n\t<meta property=\"og:image:width\" content=\"1728\" \/>\n\t<meta property=\"og:image:height\" content=\"1152\" \/>\n\t<meta property=\"og:image:type\" content=\"image\/jpeg\" \/>\n<meta name=\"author\" content=\"cfeditorfr\" \/>\n<meta name=\"twitter:card\" content=\"summary_large_image\" \/>\n<meta name=\"twitter:label1\" content=\"\u00c9crit par\" \/>\n\t<meta name=\"twitter:data1\" content=\"cfeditorfr\" \/>\n\t<meta name=\"twitter:label2\" content=\"Dur\u00e9e de lecture estim\u00e9e\" \/>\n\t<meta name=\"twitter:data2\" content=\"1 minute\" \/>\n<script type=\"application\/ld+json\" class=\"yoast-schema-graph\">{\"@context\":\"https:\/\/schema.org\",\"@graph\":[{\"@type\":\"Article\",\"@id\":\"https:\/\/www.africa-press.net\/congo-brazzaville\/sports\/football-le-week-end-des-diables-rouges-et-des-congolais-de-la-diaspora-en-europe-albanie-allemagne-et-autriche#article\",\"isPartOf\":{\"@id\":\"https:\/\/www.africa-press.net\/congo-brazzaville\/sports\/football-le-week-end-des-diables-rouges-et-des-congolais-de-la-diaspora-en-europe-albanie-allemagne-et-autriche\"},\"author\":{\"name\":\"cfeditorfr\",\"@id\":\"https:\/\/www.africa-press.net\/congo-brazzaville\/#\/schema\/person\/2b1cf3cd81a31e3cd26889ca66d677f1\"},\"headline\":\"Football: le week-end des Diables rouges et des Congolais de la diaspora en Europe (Albanie, Allemagne et Autriche)\",\"datePublished\":\"2024-05-19T23:38:23+00:00\",\"dateModified\":\"2024-05-19T23:56:45+00:00\",\"mainEntityOfPage\":{\"@id\":\"https:\/\/www.africa-press.net\/congo-brazzaville\/sports\/football-le-week-end-des-diables-rouges-et-des-congolais-de-la-diaspora-en-europe-albanie-allemagne-et-autriche\"},\"wordCount\":288,\"commentCount\":0,\"image\":{\"@id\":\"https:\/\/www.africa-press.net\/congo-brazzaville\/sports\/football-le-week-end-des-diables-rouges-et-des-congolais-de-la-diaspora-en-europe-albanie-allemagne-et-autriche#primaryimage\"},\"thumbnailUrl\":\"https:\/\/static.africa-press.net\/congo-brazzaville\/sites\/51\/2024\/05\/sm_1716150355.142375.jpg\",\"keywords\":[\"Africa Press\",\"Africa Press-Congo Brazzaville\",\"Congo Brazzaville\"],\"articleSection\":[\"Sports\",\"Toutes les actualit\u00e9s\"],\"inLanguage\":\"fr-FR\",\"potentialAction\":[{\"@type\":\"CommentAction\",\"name\":\"Comment\",\"target\":[\"https:\/\/www.africa-press.net\/congo-brazzaville\/sports\/football-le-week-end-des-diables-rouges-et-des-congolais-de-la-diaspora-en-europe-albanie-allemagne-et-autriche#respond\"]}]},{\"@type\":\"WebPage\",\"@id\":\"https:\/\/www.africa-press.net\/congo-brazzaville\/sports\/football-le-week-end-des-diables-rouges-et-des-congolais-de-la-diaspora-en-europe-albanie-allemagne-et-autriche\",\"url\":\"https:\/\/www.africa-press.net\/congo-brazzaville\/sports\/football-le-week-end-des-diables-rouges-et-des-congolais-de-la-diaspora-en-europe-albanie-allemagne-et-autriche\",\"name\":\"Football: le week-end des Diables rouges et des Congolais de la diaspora en Europe (Albanie, Allemagne et Autriche) - Congo Brazzaville\",\"isPartOf\":{\"@id\":\"https:\/\/www.africa-press.net\/congo-brazzaville\/#website\"},\"primaryImageOfPage\":{\"@id\":\"https:\/\/www.africa-press.net\/congo-brazzaville\/sports\/football-le-week-end-des-diables-rouges-et-des-congolais-de-la-diaspora-en-europe-albanie-allemagne-et-autriche#primaryimage\"},\"image\":{\"@id\":\"https:\/\/www.africa-press.net\/congo-brazzaville\/sports\/football-le-week-end-des-diables-rouges-et-des-congolais-de-la-diaspora-en-europe-albanie-allemagne-et-autriche#primaryimage\"},\"thumbnailUrl\":\"https:\/\/static.africa-press.net\/congo-brazzaville\/sites\/51\/2024\/05\/sm_1716150355.142375.jpg\",\"datePublished\":\"2024-05-19T23:38:23+00:00\",\"dateModified\":\"2024-05-19T23:56:45+00:00\",\"author\":{\"@id\":\"https:\/\/www.africa-press.net\/congo-brazzaville\/#\/schema\/person\/2b1cf3cd81a31e3cd26889ca66d677f1\"},\"description\":\"Albanie, demi-finale des play-offs, 1re division Moins en vue depuis quelques semaines, Archange Bintstouka a re ...\",\"breadcrumb\":{\"@id\":\"https:\/\/www.africa-press.net\/congo-brazzaville\/sports\/football-le-week-end-des-diables-rouges-et-des-congolais-de-la-diaspora-en-europe-albanie-allemagne-et-autriche#breadcrumb\"},\"inLanguage\":\"fr-FR\",\"potentialAction\":[{\"@type\":\"ReadAction\",\"target\":[\"https:\/\/www.africa-press.net\/congo-brazzaville\/sports\/football-le-week-end-des-diables-rouges-et-des-congolais-de-la-diaspora-en-europe-albanie-allemagne-et-autriche\"]}]},{\"@type\":\"ImageObject\",\"inLanguage\":\"fr-FR\",\"@id\":\"https:\/\/www.africa-press.net\/congo-brazzaville\/sports\/football-le-week-end-des-diables-rouges-et-des-congolais-de-la-diaspora-en-europe-albanie-allemagne-et-autriche#primaryimage\",\"url\":\"https:\/\/static.africa-press.net\/congo-brazzaville\/sites\/51\/2024\/05\/sm_1716150355.142375.jpg\",\"contentUrl\":\"https:\/\/static.africa-press.net\/congo-brazzaville\/sites\/51\/2024\/05\/sm_1716150355.142375.jpg\",\"width\":1728,\"height\":1152,\"caption\":\"Football: le week-end des Diables rouges et des Congolais de la diaspora en Europe (Albanie, Allemagne et Autriche)\"},{\"@type\":\"BreadcrumbList\",\"@id\":\"https:\/\/www.africa-press.net\/congo-brazzaville\/sports\/football-le-week-end-des-diables-rouges-et-des-congolais-de-la-diaspora-en-europe-albanie-allemagne-et-autriche#breadcrumb\",\"itemListElement\":[{\"@type\":\"ListItem\",\"position\":1,\"name\":\"Accueil\",\"item\":\"https:\/\/www.africa-press.net\/congo-brazzaville\/\"},{\"@type\":\"ListItem\",\"position\":2,\"name\":\"Football: le week-end des Diables rouges et des Congolais de la diaspora en Europe (Albanie, Allemagne et Autriche)\"}]},{\"@type\":\"WebSite\",\"@id\":\"https:\/\/www.africa-press.net\/congo-brazzaville\/#website\",\"url\":\"https:\/\/www.africa-press.net\/congo-brazzaville\/\",\"name\":\"Congo Brazzaville\",\"description\":\"Just another Africa News Agency Sites site\",\"potentialAction\":[{\"@type\":\"SearchAction\",\"target\":{\"@type\":\"EntryPoint\",\"urlTemplate\":\"https:\/\/www.africa-press.net\/congo-brazzaville\/?s={search_term_string}\"},\"query-input\":{\"@type\":\"PropertyValueSpecification\",\"valueRequired\":true,\"valueName\":\"search_term_string\"}}],\"inLanguage\":\"fr-FR\"},{\"@type\":\"Person\",\"@id\":\"https:\/\/www.africa-press.net\/congo-brazzaville\/#\/schema\/person\/2b1cf3cd81a31e3cd26889ca66d677f1\",\"name\":\"cfeditorfr\"}]}<\/script>\n<!-- \/ Yoast SEO Premium plugin. -->","yoast_head_json":{"title":"Football: le week-end des Diables rouges et des Congolais de la diaspora en Europe (Albanie, Allemagne et Autriche) - Congo Brazzaville","description":"Albanie, demi-finale des play-offs, 1re division Moins en vue depuis quelques semaines, Archange Bintstouka a re ...","robots":{"index":"index","follow":"follow","max-snippet":"max-snippet:-1","max-image-preview":"max-image-preview:large","max-video-preview":"max-video-preview:-1"},"canonical":"https:\/\/www.africa-press.net\/congo-brazzaville\/sports\/football-le-week-end-des-diables-rouges-et-des-congolais-de-la-diaspora-en-europe-albanie-allemagne-et-autriche","og_locale":"fr_FR","og_type":"article","og_title":"Football: le week-end des Diables rouges et des Congolais de la diaspora en Europe (Albanie, Allemagne et Autriche)","og_description":"Albanie, demi-finale des play-offs, 1re division Moins en vue depuis quelques semaines, Archange Bintstouka a re ...","og_url":"https:\/\/www.africa-press.net\/congo-brazzaville\/sports\/football-le-week-end-des-diables-rouges-et-des-congolais-de-la-diaspora-en-europe-albanie-allemagne-et-autriche","og_site_name":"Congo Brazzaville","article_published_time":"2024-05-19T23:38:23+00:00","article_modified_time":"2024-05-19T23:56:45+00:00","og_image":[{"width":1728,"height":1152,"url":"https:\/\/static.africa-press.net\/congo-brazzaville\/sites\/51\/2024\/05\/sm_1716150355.142375.jpg","type":"image\/jpeg"}],"author":"cfeditorfr","twitter_card":"summary_large_image","twitter_misc":{"\u00c9crit par":"cfeditorfr","Dur\u00e9e de lecture estim\u00e9e":"1 minute"},"schema":{"@context":"https:\/\/schema.org","@graph":[{"@type":"Article","@id":"https:\/\/www.africa-press.net\/congo-brazzaville\/sports\/football-le-week-end-des-diables-rouges-et-des-congolais-de-la-diaspora-en-europe-albanie-allemagne-et-autriche#article","isPartOf":{"@id":"https:\/\/www.africa-press.net\/congo-brazzaville\/sports\/football-le-week-end-des-diables-rouges-et-des-congolais-de-la-diaspora-en-europe-albanie-allemagne-et-autriche"},"author":{"name":"cfeditorfr","@id":"https:\/\/www.africa-press.net\/congo-brazzaville\/#\/schema\/person\/2b1cf3cd81a31e3cd26889ca66d677f1"},"headline":"Football: le week-end des Diables rouges et des Congolais de la diaspora en Europe (Albanie, Allemagne et Autriche)","datePublished":"2024-05-19T23:38:23+00:00","dateModified":"2024-05-19T23:56:45+00:00","mainEntityOfPage":{"@id":"https:\/\/www.africa-press.net\/congo-brazzaville\/sports\/football-le-week-end-des-diables-rouges-et-des-congolais-de-la-diaspora-en-europe-albanie-allemagne-et-autriche"},"wordCount":288,"commentCount":0,"image":{"@id":"https:\/\/www.africa-press.net\/congo-brazzaville\/sports\/football-le-week-end-des-diables-rouges-et-des-congolais-de-la-diaspora-en-europe-albanie-allemagne-et-autriche#primaryimage"},"thumbnailUrl":"https:\/\/static.africa-press.net\/congo-brazzaville\/sites\/51\/2024\/05\/sm_1716150355.142375.jpg","keywords":["Africa Press","Africa Press-Congo Brazzaville","Congo Brazzaville"],"articleSection":["Sports","Toutes les actualit\u00e9s"],"inLanguage":"fr-FR","potentialAction":[{"@type":"CommentAction","name":"Comment","target":["https:\/\/www.africa-press.net\/congo-brazzaville\/sports\/football-le-week-end-des-diables-rouges-et-des-congolais-de-la-diaspora-en-europe-albanie-allemagne-et-autriche#respond"]}]},{"@type":"WebPage","@id":"https:\/\/www.africa-press.net\/congo-brazzaville\/sports\/football-le-week-end-des-diables-rouges-et-des-congolais-de-la-diaspora-en-europe-albanie-allemagne-et-autriche","url":"https:\/\/www.africa-press.net\/congo-brazzaville\/sports\/football-le-week-end-des-diables-rouges-et-des-congolais-de-la-diaspora-en-europe-albanie-allemagne-et-autriche","name":"Football: le week-end des Diables rouges et des Congolais de la diaspora en Europe (Albanie, Allemagne et Autriche) - Congo Brazzaville","isPartOf":{"@id":"https:\/\/www.africa-press.net\/congo-brazzaville\/#website"},"primaryImageOfPage":{"@id":"https:\/\/www.africa-press.net\/congo-brazzaville\/sports\/football-le-week-end-des-diables-rouges-et-des-congolais-de-la-diaspora-en-europe-albanie-allemagne-et-autriche#primaryimage"},"image":{"@id":"https:\/\/www.africa-press.net\/congo-brazzaville\/sports\/football-le-week-end-des-diables-rouges-et-des-congolais-de-la-diaspora-en-europe-albanie-allemagne-et-autriche#primaryimage"},"thumbnailUrl":"https:\/\/static.africa-press.net\/congo-brazzaville\/sites\/51\/2024\/05\/sm_1716150355.142375.jpg","datePublished":"2024-05-19T23:38:23+00:00","dateModified":"2024-05-19T23:56:45+00:00","author":{"@id":"https:\/\/www.africa-press.net\/congo-brazzaville\/#\/schema\/person\/2b1cf3cd81a31e3cd26889ca66d677f1"},"description":"Albanie, demi-finale des play-offs, 1re division Moins en vue depuis quelques semaines, Archange Bintstouka a re ...","breadcrumb":{"@id":"https:\/\/www.africa-press.net\/congo-brazzaville\/sports\/football-le-week-end-des-diables-rouges-et-des-congolais-de-la-diaspora-en-europe-albanie-allemagne-et-autriche#breadcrumb"},"inLanguage":"fr-FR","potentialAction":[{"@type":"ReadAction","target":["https:\/\/www.africa-press.net\/congo-brazzaville\/sports\/football-le-week-end-des-diables-rouges-et-des-congolais-de-la-diaspora-en-europe-albanie-allemagne-et-autriche"]}]},{"@type":"ImageObject","inLanguage":"fr-FR","@id":"https:\/\/www.africa-press.net\/congo-brazzaville\/sports\/football-le-week-end-des-diables-rouges-et-des-congolais-de-la-diaspora-en-europe-albanie-allemagne-et-autriche#primaryimage","url":"https:\/\/static.africa-press.net\/congo-brazzaville\/sites\/51\/2024\/05\/sm_1716150355.142375.jpg","contentUrl":"https:\/\/static.africa-press.net\/congo-brazzaville\/sites\/51\/2024\/05\/sm_1716150355.142375.jpg","width":1728,"height":1152,"caption":"Football: le week-end des Diables rouges et des Congolais de la diaspora en Europe (Albanie, Allemagne et Autriche)"},{"@type":"BreadcrumbList","@id":"https:\/\/www.africa-press.net\/congo-brazzaville\/sports\/football-le-week-end-des-diables-rouges-et-des-congolais-de-la-diaspora-en-europe-albanie-allemagne-et-autriche#breadcrumb","itemListElement":[{"@type":"ListItem","position":1,"name":"Accueil","item":"https:\/\/www.africa-press.net\/congo-brazzaville\/"},{"@type":"ListItem","position":2,"name":"Football: le week-end des Diables rouges et des Congolais de la diaspora en Europe (Albanie, Allemagne et Autriche)"}]},{"@type":"WebSite","@id":"https:\/\/www.africa-press.net\/congo-brazzaville\/#website","url":"https:\/\/www.africa-press.net\/congo-brazzaville\/","name":"Congo Brazzaville","description":"Just another Africa News Agency Sites site","potentialAction":[{"@type":"SearchAction","target":{"@type":"EntryPoint","urlTemplate":"https:\/\/www.africa-press.net\/congo-brazzaville\/?s={search_term_string}"},"query-input":{"@type":"PropertyValueSpecification","valueRequired":true,"valueName":"search_term_string"}}],"inLanguage":"fr-FR"},{"@type":"Person","@id":"https:\/\/www.africa-press.net\/congo-brazzaville\/#\/schema\/person\/2b1cf3cd81a31e3cd26889ca66d677f1","name":"cfeditorfr"}]}},"_links":{"self":[{"href":"https:\/\/www.africa-press.net\/congo-brazzaville\/wp-json\/wp\/v2\/posts\/30508","targetHints":{"allow":["GET"]}}],"collection":[{"href":"https:\/\/www.africa-press.net\/congo-brazzaville\/wp-json\/wp\/v2\/posts"}],"about":[{"href":"https:\/\/www.africa-press.net\/congo-brazzaville\/wp-json\/wp\/v2\/types\/post"}],"author":[{"embeddable":true,"href":"https:\/\/www.africa-press.net\/congo-brazzaville\/wp-json\/wp\/v2\/users\/82"}],"replies":[{"embeddable":true,"href":"https:\/\/www.africa-press.net\/congo-brazzaville\/wp-json\/wp\/v2\/comments?post=30508"}],"version-history":[{"count":0,"href":"https:\/\/www.africa-press.net\/congo-brazzaville\/wp-json\/wp\/v2\/posts\/30508\/revisions"}],"wp:featuredmedia":[{"embeddable":true,"href":"https:\/\/www.africa-press.net\/congo-brazzaville\/wp-json\/wp\/v2\/media\/30506"}],"wp:attachment":[{"href":"https:\/\/www.africa-press.net\/congo-brazzaville\/wp-json\/wp\/v2\/media?parent=30508"}],"wp:term":[{"taxonomy":"category","embeddable":true,"href":"https:\/\/www.africa-press.net\/congo-brazzaville\/wp-json\/wp\/v2\/categories?post=30508"},{"taxonomy":"post_tag","embeddable":true,"href":"https:\/\/www.africa-press.net\/congo-brazzaville\/wp-json\/wp\/v2\/tags?post=30508"}],"curies":[{"name":"wp","href":"https:\/\/api.w.org\/{rel}","templated":true}]}}