{"id":30547,"date":"2024-05-21T19:47:35","date_gmt":"2024-05-21T19:47:35","guid":{"rendered":"https:\/\/www.africa-press.net\/congo-brazzaville\/politique\/justice-les-magistrats-planchent-sur-lindemnisation-des-victimes-daccidents"},"modified":"2024-05-21T20:08:37","modified_gmt":"2024-05-21T20:08:37","slug":"justice-les-magistrats-planchent-sur-lindemnisation-des-victimes-daccidents","status":"publish","type":"post","link":"https:\/\/www.africa-press.net\/congo-brazzaville\/photo\/justice-les-magistrats-planchent-sur-lindemnisation-des-victimes-daccidents","title":{"rendered":"Justice: les Magistrats Planchent sur L\u2019Indemnisation des Victimes D&rsquo;Accidents"},"content":{"rendered":"<p><span style=\"color: #ff6600\"><strong>Africa-Press &#8211; Congo Brazzaville. <\/strong><\/span><b>Magistrats et auxiliaires de justice mettent a\u0300 jour leurs connaissances sur le re\u0300glement des pre\u0301judices re\u0301sultant des accidents de circulation, selon la loi de\u0301finie par la Confe\u0301rence interafricaine des marche\u0301s d\u2019assurances (Cima). <\/b><\/p>\n<p>Ouvert le 21 mai a\u0300 Brazzaville, le se\u0301minaire auquel les magistrats et auxiliaires de justice prennent part est organise\u0301 par l\u2019Association professionnelle des socie\u0301te\u0301s d\u2019assurances du Congo, en collaboration avec le ministe\u0300re de la Justice, des Droits humains et de la Promotion des peuples autochtones. \u00ab Indemnisation des victimes d\u2019accidents de circulation conforme\u0301ment aux dispositions du code Cima \u00bb en est le the\u0300me.<\/p>\n<p>\u00ab Le principal objet de cet atelier est d\u2019approfondir vos connaissances sur les me\u0301canismes d\u2019indemnisation spe\u0301cifiques e\u0301tablis par le code Cima qui joue un ro\u0302le fondamental dans la protection des droits des accidente\u0301s de la route \u00bb, a de\u0301clare\u0301 le secre\u0301taire ge\u0301ne\u0301ral a\u0300 la justice, Clotaire Okoko, ouvrant les travaux de ce se\u0301minaire au nom du ministre de la Justice, des Droits humains et de la Promotion des peuples autochtones.<\/p>\n<p>La pre\u0301sentation de la Cima ; le cadre re\u0300glementaire et les modalite\u0301s d\u2019indemnisation des victimes d\u2019accidents de circulation ; les facteurs influenc\u0327ant le processus d\u2019indemnisation font partie des the\u0300mes qui seront de\u0301veloppe\u0301s au cours de ce se\u0301minaire. \u00ab Les nombreuses re\u0301clamations soumises tant par les victimes que par les socie\u0301te\u0301s d\u2019assurances mettent en e\u0301vidence les de\u0301fis rencontre\u0301s dans la gestion des contentieux \u00bb, a souligne\u0301 le secre\u0301taire a\u0300 la Justice.<\/p>\n<p>Pour le pre\u0301sident de l\u2019Association professionnelle des socie\u0301te\u0301s d\u2019assurances du Congo, Hugues Massengo, a\u0300 travers ce se\u0301minaire qui prendra fin le 23 mai, il est question non seulement de sensibiliser, mais aussi d\u2019informer tous les corps de me\u0301tiers concerne\u0301s afin qu\u2019ils acquie\u0300rent des notions techniques des dispositions du code Cima.<\/p>\n<p>Plusieurs corps de me\u0301tiers sont, en effet, implique\u0301s dans le processus d\u2019indemnisation des victimes d\u2019accidents de circulation: la police, la gendarmerie, la justice, les socie\u0301te\u0301s d\u2019assurances. Il est donc utile que ces corps de me\u0301tiers soient au me\u0302me niveau de compre\u0301hension et d\u2019interpre\u0301tation du code Cima pour qu\u2019une harmonie soit e\u0301tablie entre les socie\u0301te\u0301s d\u2019assurances qui ont la responsabilite\u0301 d\u2019indemniser et la justice qui doit dire le droit.<\/p>\n\r\n                <style type=\"text\/css\">\r\n                    \r\n                    #td_uid_1_69f457085927e  .td-doubleSlider-2 .td-item1 {\r\n                        background: url(https:\/\/static.africa-press.net\/congo-brazzaville\/sites\/51\/2024\/05\/sm_1716309317.678658-80x60.jpg) 0 0 no-repeat;\r\n                    }\r\n                    #td_uid_1_69f457085927e  .td-doubleSlider-2 .td-item2 {\r\n                        background: url(https:\/\/static.africa-press.net\/congo-brazzaville\/sites\/51\/2024\/05\/sm_1716309348.994549-80x60.jpg) 0 0 no-repeat;\r\n                    }\r\n                <\/style>\r\n\r\n                <div id=\"td_uid_1_69f457085927e\" class=\"td-gallery td-slide-on-2-columns\">\r\n                    <div class=\"post_td_gallery\">\r\n                        <div class=\"td-gallery-slide-top\">\r\n                           <div class=\"td-gallery-title\"><\/div>\r\n\r\n                            <div class=\"td-gallery-controls-wrapper\">\r\n                                <div class=\"td-gallery-slide-count\"><span class=\"td-gallery-slide-item-focus\">1<\/span> de 2<\/div>\r\n                                <div class=\"td-gallery-slide-prev-next-but\">\r\n                                    <i class = \"td-icon-left doubleSliderPrevButton\"><\/i>\r\n                                    <i class = \"td-icon-right doubleSliderNextButton\"><\/i>\r\n                                <\/div>\r\n                            <\/div>\r\n                        <\/div>\r\n\r\n                        <div class = \"td-doubleSlider-1 \">\r\n                            <div class = \"td-slider\">\r\n                                \r\n                    <div class = \"td-slide-item td-item1\">\r\n                        <figure class=\"td-slide-galery-figure td-slide-popup-gallery\">\r\n                            <a class=\"slide-gallery-image-link\" href=\"https:\/\/static.africa-press.net\/congo-brazzaville\/sites\/51\/2024\/05\/sm_1716309317.678658.jpg\" title=\"sm_1716309317.678658\"  data-caption=\"\"  data-description=\"\">\r\n                                <img decoding=\"async\" src=\"https:\/\/static.africa-press.net\/congo-brazzaville\/sites\/51\/2024\/05\/sm_1716309317.678658.jpg\" srcset=\"https:\/\/static.africa-press.net\/congo-brazzaville\/sites\/51\/2024\/05\/sm_1716309317.678658.jpg 1024w, https:\/\/static.africa-press.net\/congo-brazzaville\/sites\/51\/2024\/05\/sm_1716309317.678658-300x225.jpg 300w, https:\/\/static.africa-press.net\/congo-brazzaville\/sites\/51\/2024\/05\/sm_1716309317.678658-768x576.jpg 768w, https:\/\/static.africa-press.net\/congo-brazzaville\/sites\/51\/2024\/05\/sm_1716309317.678658-80x60.jpg 80w\" sizes=\"(max-width: 1024px) 100vw, 1024px\" alt=\"\">\r\n                            <\/a>\r\n                            \r\n                        <\/figure>\r\n                    <\/div>\r\n                    <div class = \"td-slide-item td-item2\">\r\n                        <figure class=\"td-slide-galery-figure td-slide-popup-gallery\">\r\n                            <a class=\"slide-gallery-image-link\" href=\"https:\/\/static.africa-press.net\/congo-brazzaville\/sites\/51\/2024\/05\/sm_1716309348.994549.jpg\" title=\"sm_1716309348.994549\"  data-caption=\"\"  data-description=\"\">\r\n                                <img decoding=\"async\" src=\"https:\/\/static.africa-press.net\/congo-brazzaville\/sites\/51\/2024\/05\/sm_1716309348.994549.jpg\" srcset=\"https:\/\/static.africa-press.net\/congo-brazzaville\/sites\/51\/2024\/05\/sm_1716309348.994549.jpg 1024w, https:\/\/static.africa-press.net\/congo-brazzaville\/sites\/51\/2024\/05\/sm_1716309348.994549-300x225.jpg 300w, https:\/\/static.africa-press.net\/congo-brazzaville\/sites\/51\/2024\/05\/sm_1716309348.994549-768x576.jpg 768w, https:\/\/static.africa-press.net\/congo-brazzaville\/sites\/51\/2024\/05\/sm_1716309348.994549-80x60.jpg 80w\" sizes=\"(max-width: 1024px) 100vw, 1024px\" alt=\"\">\r\n                            <\/a>\r\n                            \r\n                        <\/figure>\r\n                    <\/div>\r\n                            <\/div>\r\n                        <\/div>\r\n\r\n                        <div class = \"td-doubleSlider-2\">\r\n                            <div class = \"td-slider\">\r\n                                \r\n                    <div class = \"td-button td-item1\">\r\n                        <div class = \"td-border\"><\/div>\r\n                    <\/div>\r\n                    <div class = \"td-button td-item2\">\r\n                        <div class = \"td-border\"><\/div>\r\n                    <\/div>\r\n                            <\/div>\r\n                        <\/div>\r\n\r\n                    <\/div>\r\n\r\n                <\/div>\r\n                \n<p><strong>Pour plus d&rsquo;informations et d&rsquo;analyses sur la <a href=\"https:\/\/www.africa-press.net\/congo-brazzaville\">Congo Brazzaville<\/a>, suivez <a href=\"https:\/\/www.africa-press.net\/\">Africa-Press<\/a><\/strong><\/p>\n","protected":false},"excerpt":{"rendered":"<p>Africa-Press &#8211; Congo Brazzaville. Magistrats et auxiliaires de justice mettent a\u0300 jour leurs connaissances sur le re\u0300glement des pre\u0301judices re\u0301sultant des accidents de circulation, selon la loi de\u0301finie par la Confe\u0301rence interafricaine des marche\u0301s d\u2019assurances (Cima). Ouvert le 21 mai a\u0300 Brazzaville, le se\u0301minaire auquel les magistrats et auxiliaires de justice prennent part est organise\u0301 [&hellip;]<\/p>\n","protected":false},"author":82,"featured_media":30546,"comment_status":"open","ping_status":"closed","sticky":false,"template":"","format":"standard","meta":{"footnotes":""},"categories":[21,8,10],"tags":[36,47,46],"class_list":["post-30547","post","type-post","status-publish","format-standard","has-post-thumbnail","hentry","category-communaute","category-photo","category-toutes-les-actualites","tag-africa-press","tag-africa-press-congo-brazzaville","tag-congo-brazzaville"],"yoast_head":"<!-- This site is optimized with the Yoast SEO Premium plugin v26.1 (Yoast SEO v27.0) - https:\/\/yoast.com\/product\/yoast-seo-premium-wordpress\/ -->\n<title>Justice: les Magistrats Planchent sur L\u2019Indemnisation des Victimes D&#039;Accidents - Congo Brazzaville<\/title>\n<meta name=\"description\" content=\"Magistrats et auxiliaires de justice mettent a\u0300 jour leurs connaissances sur le re\u0300glement des pre\u0301judices re\u0301sultant ...\" \/>\n<meta name=\"robots\" content=\"index, follow, max-snippet:-1, max-image-preview:large, max-video-preview:-1\" \/>\n<link rel=\"canonical\" href=\"https:\/\/www.africa-press.net\/congo-brazzaville\/photo\/justice-les-magistrats-planchent-sur-lindemnisation-des-victimes-daccidents\" \/>\n<meta property=\"og:locale\" content=\"fr_FR\" \/>\n<meta property=\"og:type\" content=\"article\" \/>\n<meta property=\"og:title\" content=\"Justice: les Magistrats Planchent sur L\u2019Indemnisation des Victimes D&#039;Accidents\" \/>\n<meta property=\"og:description\" content=\"Magistrats et auxiliaires de justice mettent a\u0300 jour leurs connaissances sur le re\u0300glement des pre\u0301judices re\u0301sultant ...\" \/>\n<meta property=\"og:url\" content=\"https:\/\/www.africa-press.net\/congo-brazzaville\/photo\/justice-les-magistrats-planchent-sur-lindemnisation-des-victimes-daccidents\" \/>\n<meta property=\"og:site_name\" content=\"Congo Brazzaville\" \/>\n<meta property=\"article:published_time\" content=\"2024-05-21T19:47:35+00:00\" \/>\n<meta property=\"article:modified_time\" content=\"2024-05-21T20:08:37+00:00\" \/>\n<meta property=\"og:image\" content=\"https:\/\/static.africa-press.net\/congo-brazzaville\/sites\/51\/2024\/05\/sm_1716309382.867646.jpg\" \/>\n\t<meta property=\"og:image:width\" content=\"1024\" \/>\n\t<meta property=\"og:image:height\" content=\"768\" \/>\n\t<meta property=\"og:image:type\" content=\"image\/jpeg\" \/>\n<meta name=\"author\" content=\"cfeditorfr\" \/>\n<meta name=\"twitter:card\" content=\"summary_large_image\" \/>\n<meta name=\"twitter:label1\" content=\"\u00c9crit par\" \/>\n\t<meta name=\"twitter:data1\" content=\"cfeditorfr\" \/>\n\t<meta name=\"twitter:label2\" content=\"Dur\u00e9e de lecture estim\u00e9e\" \/>\n\t<meta name=\"twitter:data2\" content=\"3 minutes\" \/>\n<script type=\"application\/ld+json\" class=\"yoast-schema-graph\">{\"@context\":\"https:\/\/schema.org\",\"@graph\":[{\"@type\":\"Article\",\"@id\":\"https:\/\/www.africa-press.net\/congo-brazzaville\/photo\/justice-les-magistrats-planchent-sur-lindemnisation-des-victimes-daccidents#article\",\"isPartOf\":{\"@id\":\"https:\/\/www.africa-press.net\/congo-brazzaville\/photo\/justice-les-magistrats-planchent-sur-lindemnisation-des-victimes-daccidents\"},\"author\":{\"name\":\"cfeditorfr\",\"@id\":\"https:\/\/www.africa-press.net\/congo-brazzaville\/#\/schema\/person\/2b1cf3cd81a31e3cd26889ca66d677f1\"},\"headline\":\"Justice: les Magistrats Planchent sur L\u2019Indemnisation des Victimes D&rsquo;Accidents\",\"datePublished\":\"2024-05-21T19:47:35+00:00\",\"dateModified\":\"2024-05-21T20:08:37+00:00\",\"mainEntityOfPage\":{\"@id\":\"https:\/\/www.africa-press.net\/congo-brazzaville\/photo\/justice-les-magistrats-planchent-sur-lindemnisation-des-victimes-daccidents\"},\"wordCount\":457,\"commentCount\":0,\"image\":{\"@id\":\"https:\/\/www.africa-press.net\/congo-brazzaville\/photo\/justice-les-magistrats-planchent-sur-lindemnisation-des-victimes-daccidents#primaryimage\"},\"thumbnailUrl\":\"https:\/\/static.africa-press.net\/congo-brazzaville\/sites\/51\/2024\/05\/sm_1716309382.867646.jpg\",\"keywords\":[\"Africa Press\",\"Africa Press-Congo Brazzaville\",\"Congo Brazzaville\"],\"articleSection\":[\"Communaut\u00e9\",\"Photo\",\"Toutes les actualit\u00e9s\"],\"inLanguage\":\"fr-FR\",\"potentialAction\":[{\"@type\":\"CommentAction\",\"name\":\"Comment\",\"target\":[\"https:\/\/www.africa-press.net\/congo-brazzaville\/photo\/justice-les-magistrats-planchent-sur-lindemnisation-des-victimes-daccidents#respond\"]}]},{\"@type\":\"WebPage\",\"@id\":\"https:\/\/www.africa-press.net\/congo-brazzaville\/photo\/justice-les-magistrats-planchent-sur-lindemnisation-des-victimes-daccidents\",\"url\":\"https:\/\/www.africa-press.net\/congo-brazzaville\/photo\/justice-les-magistrats-planchent-sur-lindemnisation-des-victimes-daccidents\",\"name\":\"Justice: les Magistrats Planchent sur L\u2019Indemnisation des Victimes D'Accidents - Congo Brazzaville\",\"isPartOf\":{\"@id\":\"https:\/\/www.africa-press.net\/congo-brazzaville\/#website\"},\"primaryImageOfPage\":{\"@id\":\"https:\/\/www.africa-press.net\/congo-brazzaville\/photo\/justice-les-magistrats-planchent-sur-lindemnisation-des-victimes-daccidents#primaryimage\"},\"image\":{\"@id\":\"https:\/\/www.africa-press.net\/congo-brazzaville\/photo\/justice-les-magistrats-planchent-sur-lindemnisation-des-victimes-daccidents#primaryimage\"},\"thumbnailUrl\":\"https:\/\/static.africa-press.net\/congo-brazzaville\/sites\/51\/2024\/05\/sm_1716309382.867646.jpg\",\"datePublished\":\"2024-05-21T19:47:35+00:00\",\"dateModified\":\"2024-05-21T20:08:37+00:00\",\"author\":{\"@id\":\"https:\/\/www.africa-press.net\/congo-brazzaville\/#\/schema\/person\/2b1cf3cd81a31e3cd26889ca66d677f1\"},\"description\":\"Magistrats et auxiliaires de justice mettent a\u0300 jour leurs connaissances sur le re\u0300glement des pre\u0301judices re\u0301sultant ...\",\"breadcrumb\":{\"@id\":\"https:\/\/www.africa-press.net\/congo-brazzaville\/photo\/justice-les-magistrats-planchent-sur-lindemnisation-des-victimes-daccidents#breadcrumb\"},\"inLanguage\":\"fr-FR\",\"potentialAction\":[{\"@type\":\"ReadAction\",\"target\":[\"https:\/\/www.africa-press.net\/congo-brazzaville\/photo\/justice-les-magistrats-planchent-sur-lindemnisation-des-victimes-daccidents\"]}]},{\"@type\":\"ImageObject\",\"inLanguage\":\"fr-FR\",\"@id\":\"https:\/\/www.africa-press.net\/congo-brazzaville\/photo\/justice-les-magistrats-planchent-sur-lindemnisation-des-victimes-daccidents#primaryimage\",\"url\":\"https:\/\/static.africa-press.net\/congo-brazzaville\/sites\/51\/2024\/05\/sm_1716309382.867646.jpg\",\"contentUrl\":\"https:\/\/static.africa-press.net\/congo-brazzaville\/sites\/51\/2024\/05\/sm_1716309382.867646.jpg\",\"width\":1024,\"height\":768,\"caption\":\"Justice: les Magistrats Planchent sur L\u2019Indemnisation des Victimes D'Accidents\"},{\"@type\":\"BreadcrumbList\",\"@id\":\"https:\/\/www.africa-press.net\/congo-brazzaville\/photo\/justice-les-magistrats-planchent-sur-lindemnisation-des-victimes-daccidents#breadcrumb\",\"itemListElement\":[{\"@type\":\"ListItem\",\"position\":1,\"name\":\"Accueil\",\"item\":\"https:\/\/www.africa-press.net\/congo-brazzaville\/\"},{\"@type\":\"ListItem\",\"position\":2,\"name\":\"Justice: les Magistrats Planchent sur L\u2019Indemnisation des Victimes D&#8217;Accidents\"}]},{\"@type\":\"WebSite\",\"@id\":\"https:\/\/www.africa-press.net\/congo-brazzaville\/#website\",\"url\":\"https:\/\/www.africa-press.net\/congo-brazzaville\/\",\"name\":\"Congo Brazzaville\",\"description\":\"Just another Africa News Agency Sites site\",\"potentialAction\":[{\"@type\":\"SearchAction\",\"target\":{\"@type\":\"EntryPoint\",\"urlTemplate\":\"https:\/\/www.africa-press.net\/congo-brazzaville\/?s={search_term_string}\"},\"query-input\":{\"@type\":\"PropertyValueSpecification\",\"valueRequired\":true,\"valueName\":\"search_term_string\"}}],\"inLanguage\":\"fr-FR\"},{\"@type\":\"Person\",\"@id\":\"https:\/\/www.africa-press.net\/congo-brazzaville\/#\/schema\/person\/2b1cf3cd81a31e3cd26889ca66d677f1\",\"name\":\"cfeditorfr\"}]}<\/script>\n<!-- \/ Yoast SEO Premium plugin. -->","yoast_head_json":{"title":"Justice: les Magistrats Planchent sur L\u2019Indemnisation des Victimes D'Accidents - Congo Brazzaville","description":"Magistrats et auxiliaires de justice mettent a\u0300 jour leurs connaissances sur le re\u0300glement des pre\u0301judices re\u0301sultant ...","robots":{"index":"index","follow":"follow","max-snippet":"max-snippet:-1","max-image-preview":"max-image-preview:large","max-video-preview":"max-video-preview:-1"},"canonical":"https:\/\/www.africa-press.net\/congo-brazzaville\/photo\/justice-les-magistrats-planchent-sur-lindemnisation-des-victimes-daccidents","og_locale":"fr_FR","og_type":"article","og_title":"Justice: les Magistrats Planchent sur L\u2019Indemnisation des Victimes D'Accidents","og_description":"Magistrats et auxiliaires de justice mettent a\u0300 jour leurs connaissances sur le re\u0300glement des pre\u0301judices re\u0301sultant ...","og_url":"https:\/\/www.africa-press.net\/congo-brazzaville\/photo\/justice-les-magistrats-planchent-sur-lindemnisation-des-victimes-daccidents","og_site_name":"Congo Brazzaville","article_published_time":"2024-05-21T19:47:35+00:00","article_modified_time":"2024-05-21T20:08:37+00:00","og_image":[{"width":1024,"height":768,"url":"https:\/\/static.africa-press.net\/congo-brazzaville\/sites\/51\/2024\/05\/sm_1716309382.867646.jpg","type":"image\/jpeg"}],"author":"cfeditorfr","twitter_card":"summary_large_image","twitter_misc":{"\u00c9crit par":"cfeditorfr","Dur\u00e9e de lecture estim\u00e9e":"3 minutes"},"schema":{"@context":"https:\/\/schema.org","@graph":[{"@type":"Article","@id":"https:\/\/www.africa-press.net\/congo-brazzaville\/photo\/justice-les-magistrats-planchent-sur-lindemnisation-des-victimes-daccidents#article","isPartOf":{"@id":"https:\/\/www.africa-press.net\/congo-brazzaville\/photo\/justice-les-magistrats-planchent-sur-lindemnisation-des-victimes-daccidents"},"author":{"name":"cfeditorfr","@id":"https:\/\/www.africa-press.net\/congo-brazzaville\/#\/schema\/person\/2b1cf3cd81a31e3cd26889ca66d677f1"},"headline":"Justice: les Magistrats Planchent sur L\u2019Indemnisation des Victimes D&rsquo;Accidents","datePublished":"2024-05-21T19:47:35+00:00","dateModified":"2024-05-21T20:08:37+00:00","mainEntityOfPage":{"@id":"https:\/\/www.africa-press.net\/congo-brazzaville\/photo\/justice-les-magistrats-planchent-sur-lindemnisation-des-victimes-daccidents"},"wordCount":457,"commentCount":0,"image":{"@id":"https:\/\/www.africa-press.net\/congo-brazzaville\/photo\/justice-les-magistrats-planchent-sur-lindemnisation-des-victimes-daccidents#primaryimage"},"thumbnailUrl":"https:\/\/static.africa-press.net\/congo-brazzaville\/sites\/51\/2024\/05\/sm_1716309382.867646.jpg","keywords":["Africa Press","Africa Press-Congo Brazzaville","Congo Brazzaville"],"articleSection":["Communaut\u00e9","Photo","Toutes les actualit\u00e9s"],"inLanguage":"fr-FR","potentialAction":[{"@type":"CommentAction","name":"Comment","target":["https:\/\/www.africa-press.net\/congo-brazzaville\/photo\/justice-les-magistrats-planchent-sur-lindemnisation-des-victimes-daccidents#respond"]}]},{"@type":"WebPage","@id":"https:\/\/www.africa-press.net\/congo-brazzaville\/photo\/justice-les-magistrats-planchent-sur-lindemnisation-des-victimes-daccidents","url":"https:\/\/www.africa-press.net\/congo-brazzaville\/photo\/justice-les-magistrats-planchent-sur-lindemnisation-des-victimes-daccidents","name":"Justice: les Magistrats Planchent sur L\u2019Indemnisation des Victimes D'Accidents - Congo Brazzaville","isPartOf":{"@id":"https:\/\/www.africa-press.net\/congo-brazzaville\/#website"},"primaryImageOfPage":{"@id":"https:\/\/www.africa-press.net\/congo-brazzaville\/photo\/justice-les-magistrats-planchent-sur-lindemnisation-des-victimes-daccidents#primaryimage"},"image":{"@id":"https:\/\/www.africa-press.net\/congo-brazzaville\/photo\/justice-les-magistrats-planchent-sur-lindemnisation-des-victimes-daccidents#primaryimage"},"thumbnailUrl":"https:\/\/static.africa-press.net\/congo-brazzaville\/sites\/51\/2024\/05\/sm_1716309382.867646.jpg","datePublished":"2024-05-21T19:47:35+00:00","dateModified":"2024-05-21T20:08:37+00:00","author":{"@id":"https:\/\/www.africa-press.net\/congo-brazzaville\/#\/schema\/person\/2b1cf3cd81a31e3cd26889ca66d677f1"},"description":"Magistrats et auxiliaires de justice mettent a\u0300 jour leurs connaissances sur le re\u0300glement des pre\u0301judices re\u0301sultant ...","breadcrumb":{"@id":"https:\/\/www.africa-press.net\/congo-brazzaville\/photo\/justice-les-magistrats-planchent-sur-lindemnisation-des-victimes-daccidents#breadcrumb"},"inLanguage":"fr-FR","potentialAction":[{"@type":"ReadAction","target":["https:\/\/www.africa-press.net\/congo-brazzaville\/photo\/justice-les-magistrats-planchent-sur-lindemnisation-des-victimes-daccidents"]}]},{"@type":"ImageObject","inLanguage":"fr-FR","@id":"https:\/\/www.africa-press.net\/congo-brazzaville\/photo\/justice-les-magistrats-planchent-sur-lindemnisation-des-victimes-daccidents#primaryimage","url":"https:\/\/static.africa-press.net\/congo-brazzaville\/sites\/51\/2024\/05\/sm_1716309382.867646.jpg","contentUrl":"https:\/\/static.africa-press.net\/congo-brazzaville\/sites\/51\/2024\/05\/sm_1716309382.867646.jpg","width":1024,"height":768,"caption":"Justice: les Magistrats Planchent sur L\u2019Indemnisation des Victimes D'Accidents"},{"@type":"BreadcrumbList","@id":"https:\/\/www.africa-press.net\/congo-brazzaville\/photo\/justice-les-magistrats-planchent-sur-lindemnisation-des-victimes-daccidents#breadcrumb","itemListElement":[{"@type":"ListItem","position":1,"name":"Accueil","item":"https:\/\/www.africa-press.net\/congo-brazzaville\/"},{"@type":"ListItem","position":2,"name":"Justice: les Magistrats Planchent sur L\u2019Indemnisation des Victimes D&#8217;Accidents"}]},{"@type":"WebSite","@id":"https:\/\/www.africa-press.net\/congo-brazzaville\/#website","url":"https:\/\/www.africa-press.net\/congo-brazzaville\/","name":"Congo Brazzaville","description":"Just another Africa News Agency Sites site","potentialAction":[{"@type":"SearchAction","target":{"@type":"EntryPoint","urlTemplate":"https:\/\/www.africa-press.net\/congo-brazzaville\/?s={search_term_string}"},"query-input":{"@type":"PropertyValueSpecification","valueRequired":true,"valueName":"search_term_string"}}],"inLanguage":"fr-FR"},{"@type":"Person","@id":"https:\/\/www.africa-press.net\/congo-brazzaville\/#\/schema\/person\/2b1cf3cd81a31e3cd26889ca66d677f1","name":"cfeditorfr"}]}},"_links":{"self":[{"href":"https:\/\/www.africa-press.net\/congo-brazzaville\/wp-json\/wp\/v2\/posts\/30547","targetHints":{"allow":["GET"]}}],"collection":[{"href":"https:\/\/www.africa-press.net\/congo-brazzaville\/wp-json\/wp\/v2\/posts"}],"about":[{"href":"https:\/\/www.africa-press.net\/congo-brazzaville\/wp-json\/wp\/v2\/types\/post"}],"author":[{"embeddable":true,"href":"https:\/\/www.africa-press.net\/congo-brazzaville\/wp-json\/wp\/v2\/users\/82"}],"replies":[{"embeddable":true,"href":"https:\/\/www.africa-press.net\/congo-brazzaville\/wp-json\/wp\/v2\/comments?post=30547"}],"version-history":[{"count":0,"href":"https:\/\/www.africa-press.net\/congo-brazzaville\/wp-json\/wp\/v2\/posts\/30547\/revisions"}],"wp:featuredmedia":[{"embeddable":true,"href":"https:\/\/www.africa-press.net\/congo-brazzaville\/wp-json\/wp\/v2\/media\/30546"}],"wp:attachment":[{"href":"https:\/\/www.africa-press.net\/congo-brazzaville\/wp-json\/wp\/v2\/media?parent=30547"}],"wp:term":[{"taxonomy":"category","embeddable":true,"href":"https:\/\/www.africa-press.net\/congo-brazzaville\/wp-json\/wp\/v2\/categories?post=30547"},{"taxonomy":"post_tag","embeddable":true,"href":"https:\/\/www.africa-press.net\/congo-brazzaville\/wp-json\/wp\/v2\/tags?post=30547"}],"curies":[{"name":"wp","href":"https:\/\/api.w.org\/{rel}","templated":true}]}}