{"id":30551,"date":"2024-05-21T19:48:09","date_gmt":"2024-05-21T19:48:09","guid":{"rendered":"https:\/\/www.africa-press.net\/congo-brazzaville\/politique\/festival-de-la-jeunesse-chine-afrique-les-jeunes-graine-despoir-pour-lavenir"},"modified":"2024-05-21T20:12:28","modified_gmt":"2024-05-21T20:12:28","slug":"festival-de-la-jeunesse-chine-afrique-les-jeunes-graine-despoir-pour-lavenir","status":"publish","type":"post","link":"https:\/\/www.africa-press.net\/congo-brazzaville\/photo\/festival-de-la-jeunesse-chine-afrique-les-jeunes-graine-despoir-pour-lavenir","title":{"rendered":"Festival de la Jeunesse Chine- Afrique: les Jeunes, Graine D\u2019Espoir pour L\u2019Avenir"},"content":{"rendered":"<p><span style=\"color: #ff6600\"><strong>Africa-Press &#8211; Congo Brazzaville. <\/strong><\/span><b>La 8e e\u0301dition du Festival de la jeunesse Chine-Afrique a e\u0301te\u0301 lance\u0301e le 20 mai a\u0300 Beijing, en pre\u0301sence des autorite\u0301s chinoises, des repre\u0301sentants diplomatiques africains re\u0301sidant en Chine et de jeunes venus de diffe\u0301rents pays d\u2019Afrique dont le Congo.<\/b><\/p>\n<p>Organise\u0301 sur la base du consensus auquel sont parvenus les dirigeants chinois et africains lors du Forum sur la coope\u0301ration sino-africaine (Focac), tenu a\u0300 Johannesburg, en 2015, l&rsquo;e\u0301ve\u0301nement vise a\u0300 favoriser les e\u0301changes entre les jeunes chinois et africains, a\u0300 perpe\u0301tuer l&rsquo;amitie\u0301 traditionnelle qui lie la Chine et l&rsquo;Afrique, et a\u0300 forger une nouvelle ge\u0301ne\u0301ration de jeunes qui contribueront a\u0300 l\u2019ame\u0301lioration et au renforcement des relations sino-africaines. L\u2019e\u0301dition de cette anne\u0301e est place\u0301e sur le the\u0300me \u00ab\u00a0Rassembler les forces de la jeunesse et construire la modernisation Chine-Afrique\u00a0\u00bb. Ce festival joue un ro\u0302le important dans le renforcement de la compre\u0301hension mutuelle et de l&rsquo;amitie\u0301 entre les jeunes chinois et africains.<\/p>\n<p>Ouvrant la ce\u0301re\u0301monie, la vice-pre\u0301sidente de la 13e Confe\u0301rence consultative politique du peuple chinois et pre\u0301sidente de la Fondation Soong Ching Ling, Li Bing, s\u2019est re\u0301jouie de la tenue de ce festival qui se de\u0301roule en marge du Focac qui se tiendra en septembre prochain, a\u0300 Pe\u0301kin. Une rencontre importante pour les dirigeants chinois et africains visant a\u0300 discuter des principaux plans de de\u0301veloppement et de coope\u0301ration, et e\u0301changer l\u2019expe\u0301rience a\u0300 approfondir en matie\u0300re de gouvernance. Pendant sept jours, le festival permettra aux participants de de\u0301couvrir la culture chinoise et de prendre connaissance du de\u0301veloppement en constante e\u0301volution de la Chine, d\u2019interagir avec sa jeunesse, de voir de pre\u0300s le nouveau phe\u0301nome\u0300ne de revitalisation morale de la Chine et de s\u2019informer sur ses nouvelles re\u0301alisations.<\/p>\n<p>\u00ab Cette anne\u0301e, l\u2019e\u0301dition accueille plus de cinquante jeunes venus de diffe\u0301rents pays africains. Le festival de la jeunesse Chine &#8211; Afrique est, en effet, une activite\u0301 de soutien important du Focac et a e\u0301te\u0301 organise\u0301 pendant sept anne\u0301es conse\u0301cutives. A travers ce dernier, des centaines de jeunes africains ont pu visiter plusieurs villes et provinces dans le but de de\u0301couvrir la culture et prendre connaissance du de\u0301veloppement en constante e\u0301volution de la Chine \u00bb, a-t-elle indique\u0301.<\/p>\n<p><b>La jeunesse sino- africaine invite\u0301e a\u0300 travailler en union<\/b><\/p>\n<p>Selon le vice-ministre des Affaires e\u0301trange\u0300res chinois, Chen Xiaodong, le the\u0300me choisi inspire et appelle les jeunes chinois et africains a\u0300 travailler en union pour la modernisation de leurs pays respectifs. En effet, a-t-il dit, les bonnes relations d\u2019amitie\u0301 solide entre la Chine et l&rsquo;Afrique de\u0301coulent non seulement des rencontres historiques similaires et des objectifs communs des deux parties, mais aussi des efforts constants et concerne\u0301s des jeunesses chinoise et africaine.<\/p>\n<p>\u201c La coope\u0301ration entre les deux parties a pris de l\u2019e\u0301lan et est un grand potentiel. La cle\u0301 re\u0301side dans la jeunesse. J&rsquo;espe\u0300re que les jeunes amis participants au festival de la jeunesse Chine-Afrique vont continuer a\u0300 s\u2019allier afin de promouvoir la construction d&rsquo;un avenir meilleur et uni a\u0300 travers cet espace immense dont les jeunes sino-africains disposent pour exprimer leurs talents et perspectives prometteuses\u201d; a-t-il de\u0301clare\u0301.<\/p>\n<p>De son co\u0302te\u0301, John Paradza, repre\u0301sentant de la jeunesse africaine, a releve\u0301 que les jeunes responsabilise\u0301s et inspire\u0301s par des initiatives telles que le Festival de la jeunesse joueront sans aucun doute un ro\u0302le cle\u0301 dans l\u2019e\u0301laboration d\u2019un avenir commun pour les diffe\u0301rentes nations. \u201cEn tant que leader de la jeunesse, j&rsquo;accorde une grande importance a\u0300 ce cadre car il donne le ton en ouvrant des voies de croissance e\u0301conomique avec une concentration accrue sur le secteur manufacturier et en re\u0301alisant l&rsquo;industrialisation et la diversification e\u0301conomique dans l&rsquo;optique de l&rsquo;agenda 2063\u201d, a-t-il indique\u0301.<\/p>\n<p>Christ Rachid Ondongo, secre\u0301taire permanent en charge des activite\u0301s e\u0301conomiques et de l&rsquo;institution socio-professionnelle des jeunes de la Force montante congolaise, organisation de jeunesse du Parti congolais du travail, a, quant a\u0300 lui, exprime\u0301 sa joie en prenant part a\u0300 cette grande activite\u0301 qui valorise la jeunesse qui n\u2019est autre que l\u2019avenir de demain. \u201cLes relations entre la Chine et l\u2019Afrique sont au beau fixe et la Chine a apporte\u0301 beaucoup de choses en Afrique, notamment en matie\u0300re d\u2019infrastructures. La rele\u0300ve c&rsquo;est nous et il est important pour les jeunes africains de de\u0301couvrir la Chine, sa culture et de faire connaissance avec les jeunes chinois afin de cre\u0301er des synergies pour l&rsquo;avenir. Participer a\u0300 ce festival est une plus-value pour la jeunesse congolaise car la Chine est un mode\u0300le de de\u0301veloppement, d&rsquo;e\u0301volution qui doit inspirer non seulement le Congo mais l&rsquo;Afrique tout entie\u0300re\u201d, a-t-il assure\u0301.<\/p>\n<p><b>Des de\u0301fis a\u0300 relever <\/b><\/p>\n<p>Dans son propos, l\u2019ambassadeur du Se\u0301ne\u0301gal en Chine, e\u0301galement co-pre\u0301sident africain du Focac, Ibrahima Sory Sylla, a signifie\u0301 que l&rsquo;Afrique demeure confronte\u0301e aux de\u0301fis de la formation, de l&#8217;employabilite\u0301 des jeunes et de leur insertion dans le tissu socio-e\u0301conomique. Dans le cadre du partenariat sino-africain, a-t-il dit, ces de\u0301fis ne pourront e\u0302tre releve\u0301s que gra\u0302ce a\u0300 un engagement inde\u0301fectible et constant pour faire de la jeunesse non pas un fardeau mais une force de contribution aux efforts de construction de la modernisation Chine-Afrique.<\/p>\n<p>Ibrahima Sory Sylla a, par ailleurs, indique\u0301 que l\u2019Afrique a la population la plus jeune au monde avec plus de 400 millions de jeunes a\u0302ge\u0301s de 15 a\u0300 35 ans. Pour lui, une population aussi jeune exige un accroissement des investissements dans les facteurs de de\u0301veloppement e\u0301conomique et social, afin d&rsquo;ame\u0301liorer l&rsquo;indice de de\u0301veloppement des pays africains.<\/p>\n<p>\u201c&#8230; Les relations dans le domaine des e\u0301changes culturels et les interactions interpersonnelles entre la Chine et l\u2019Afrique ne cessent de s\u2019approfondir. C\u2019est en cela que je voudrais appeler au renforcement continu de la coope\u0301ration sino-africaine dans ce domaine, a\u0300 travers notamment des programmes conjoints d&rsquo;e\u0301change d&rsquo;e\u0301tudiants, d&rsquo;organisation d&rsquo;activite\u0301s culturelles de la jeunesse aussi bien en Chine que sur le continent africain ainsi que le soutien a\u0300 l&rsquo;entrepreneuriat des jeunes et de femmes\u201d, a ajoute\u0301 l&rsquo;ambassadeur.<\/p>\n\r\n                <style type=\"text\/css\">\r\n                    \r\n                    #td_uid_1_69ee28a583dd8  .td-doubleSlider-2 .td-item1 {\r\n                        background: url(https:\/\/static.africa-press.net\/congo-brazzaville\/sites\/51\/2024\/05\/sm_1716309420.909969-80x60.jpg) 0 0 no-repeat;\r\n                    }\r\n                    #td_uid_1_69ee28a583dd8  .td-doubleSlider-2 .td-item2 {\r\n                        background: url(https:\/\/static.africa-press.net\/congo-brazzaville\/sites\/51\/2024\/05\/sm_1716309443.058851-80x60.jpg) 0 0 no-repeat;\r\n                    }\r\n                <\/style>\r\n\r\n                <div id=\"td_uid_1_69ee28a583dd8\" class=\"td-gallery td-slide-on-2-columns\">\r\n                    <div class=\"post_td_gallery\">\r\n                        <div class=\"td-gallery-slide-top\">\r\n                           <div class=\"td-gallery-title\"><\/div>\r\n\r\n                            <div class=\"td-gallery-controls-wrapper\">\r\n                                <div class=\"td-gallery-slide-count\"><span class=\"td-gallery-slide-item-focus\">1<\/span> de 2<\/div>\r\n                                <div class=\"td-gallery-slide-prev-next-but\">\r\n                                    <i class = \"td-icon-left doubleSliderPrevButton\"><\/i>\r\n                                    <i class = \"td-icon-right doubleSliderNextButton\"><\/i>\r\n                                <\/div>\r\n                            <\/div>\r\n                        <\/div>\r\n\r\n                        <div class = \"td-doubleSlider-1 \">\r\n                            <div class = \"td-slider\">\r\n                                \r\n                    <div class = \"td-slide-item td-item1\">\r\n                        <figure class=\"td-slide-galery-figure td-slide-popup-gallery\">\r\n                            <a class=\"slide-gallery-image-link\" href=\"https:\/\/static.africa-press.net\/congo-brazzaville\/sites\/51\/2024\/05\/sm_1716309420.909969.jpg\" title=\"sm_1716309420.909969\"  data-caption=\"\"  data-description=\"\">\r\n                                <img decoding=\"async\" src=\"https:\/\/static.africa-press.net\/congo-brazzaville\/sites\/51\/2024\/05\/sm_1716309420.909969.jpg\" srcset=\"https:\/\/static.africa-press.net\/congo-brazzaville\/sites\/51\/2024\/05\/sm_1716309420.909969.jpg 1280w, https:\/\/static.africa-press.net\/congo-brazzaville\/sites\/51\/2024\/05\/sm_1716309420.909969-300x225.jpg 300w, https:\/\/static.africa-press.net\/congo-brazzaville\/sites\/51\/2024\/05\/sm_1716309420.909969-1024x768.jpg 1024w, https:\/\/static.africa-press.net\/congo-brazzaville\/sites\/51\/2024\/05\/sm_1716309420.909969-768x576.jpg 768w, https:\/\/static.africa-press.net\/congo-brazzaville\/sites\/51\/2024\/05\/sm_1716309420.909969-80x60.jpg 80w\" sizes=\"(max-width: 1280px) 100vw, 1280px\" alt=\"\">\r\n                            <\/a>\r\n                            \r\n                        <\/figure>\r\n                    <\/div>\r\n                    <div class = \"td-slide-item td-item2\">\r\n                        <figure class=\"td-slide-galery-figure td-slide-popup-gallery\">\r\n                            <a class=\"slide-gallery-image-link\" href=\"https:\/\/static.africa-press.net\/congo-brazzaville\/sites\/51\/2024\/05\/sm_1716309443.058851.jpg\" title=\"sm_1716309443.058851\"  data-caption=\"\"  data-description=\"\">\r\n                                <img decoding=\"async\" src=\"https:\/\/static.africa-press.net\/congo-brazzaville\/sites\/51\/2024\/05\/sm_1716309443.058851.jpg\" srcset=\"https:\/\/static.africa-press.net\/congo-brazzaville\/sites\/51\/2024\/05\/sm_1716309443.058851.jpg 1280w, https:\/\/static.africa-press.net\/congo-brazzaville\/sites\/51\/2024\/05\/sm_1716309443.058851-300x229.jpg 300w, https:\/\/static.africa-press.net\/congo-brazzaville\/sites\/51\/2024\/05\/sm_1716309443.058851-1024x782.jpg 1024w, https:\/\/static.africa-press.net\/congo-brazzaville\/sites\/51\/2024\/05\/sm_1716309443.058851-768x587.jpg 768w, https:\/\/static.africa-press.net\/congo-brazzaville\/sites\/51\/2024\/05\/sm_1716309443.058851-80x60.jpg 80w\" sizes=\"(max-width: 1280px) 100vw, 1280px\" alt=\"\">\r\n                            <\/a>\r\n                            \r\n                        <\/figure>\r\n                    <\/div>\r\n                            <\/div>\r\n                        <\/div>\r\n\r\n                        <div class = \"td-doubleSlider-2\">\r\n                            <div class = \"td-slider\">\r\n                                \r\n                    <div class = \"td-button td-item1\">\r\n                        <div class = \"td-border\"><\/div>\r\n                    <\/div>\r\n                    <div class = \"td-button td-item2\">\r\n                        <div class = \"td-border\"><\/div>\r\n                    <\/div>\r\n                            <\/div>\r\n                        <\/div>\r\n\r\n                    <\/div>\r\n\r\n                <\/div>\r\n                \n<p><strong>Pour plus d&rsquo;informations et d&rsquo;analyses sur la <a href=\"https:\/\/www.africa-press.net\/congo-brazzaville\">Congo Brazzaville<\/a>, suivez <a href=\"https:\/\/www.africa-press.net\/\">Africa-Press<\/a><\/strong><\/p>\n","protected":false},"excerpt":{"rendered":"<p>Africa-Press &#8211; Congo Brazzaville. La 8e e\u0301dition du Festival de la jeunesse Chine-Afrique a e\u0301te\u0301 lance\u0301e le 20 mai a\u0300 Beijing, en pre\u0301sence des autorite\u0301s chinoises, des repre\u0301sentants diplomatiques africains re\u0301sidant en Chine et de jeunes venus de diffe\u0301rents pays d\u2019Afrique dont le Congo. Organise\u0301 sur la base du consensus auquel sont parvenus les dirigeants [&hellip;]<\/p>\n","protected":false},"author":82,"featured_media":30550,"comment_status":"open","ping_status":"closed","sticky":false,"template":"","format":"standard","meta":{"footnotes":""},"categories":[21,8,10],"tags":[36,47,46],"class_list":["post-30551","post","type-post","status-publish","format-standard","has-post-thumbnail","hentry","category-communaute","category-photo","category-toutes-les-actualites","tag-africa-press","tag-africa-press-congo-brazzaville","tag-congo-brazzaville"],"yoast_head":"<!-- This site is optimized with the Yoast SEO Premium plugin v26.1 (Yoast SEO v27.0) - https:\/\/yoast.com\/product\/yoast-seo-premium-wordpress\/ -->\n<title>Festival de la Jeunesse Chine- Afrique: les Jeunes, Graine D\u2019Espoir pour L\u2019Avenir - Congo Brazzaville<\/title>\n<meta name=\"description\" content=\"La 8e e\u0301dition du Festival de la jeunesse Chine-Afrique a e\u0301te\u0301 lance\u0301e le 20 mai a\u0300 Beijing, en pre\u0301sence des autori ...\" \/>\n<meta name=\"robots\" content=\"index, follow, max-snippet:-1, max-image-preview:large, max-video-preview:-1\" \/>\n<link rel=\"canonical\" href=\"https:\/\/www.africa-press.net\/congo-brazzaville\/photo\/festival-de-la-jeunesse-chine-afrique-les-jeunes-graine-despoir-pour-lavenir\" \/>\n<meta property=\"og:locale\" content=\"fr_FR\" \/>\n<meta property=\"og:type\" content=\"article\" \/>\n<meta property=\"og:title\" content=\"Festival de la Jeunesse Chine- Afrique: les Jeunes, Graine D\u2019Espoir pour L\u2019Avenir\" \/>\n<meta property=\"og:description\" content=\"La 8e e\u0301dition du Festival de la jeunesse Chine-Afrique a e\u0301te\u0301 lance\u0301e le 20 mai a\u0300 Beijing, en pre\u0301sence des autori ...\" \/>\n<meta property=\"og:url\" content=\"https:\/\/www.africa-press.net\/congo-brazzaville\/photo\/festival-de-la-jeunesse-chine-afrique-les-jeunes-graine-despoir-pour-lavenir\" \/>\n<meta property=\"og:site_name\" content=\"Congo Brazzaville\" \/>\n<meta property=\"article:published_time\" content=\"2024-05-21T19:48:09+00:00\" \/>\n<meta property=\"article:modified_time\" content=\"2024-05-21T20:12:28+00:00\" \/>\n<meta property=\"og:image\" content=\"https:\/\/static.africa-press.net\/congo-brazzaville\/sites\/51\/2024\/05\/sm_1716309459.902411.jpg\" \/>\n\t<meta property=\"og:image:width\" content=\"1280\" \/>\n\t<meta property=\"og:image:height\" content=\"960\" \/>\n\t<meta property=\"og:image:type\" content=\"image\/jpeg\" \/>\n<meta name=\"author\" content=\"cfeditorfr\" \/>\n<meta name=\"twitter:card\" content=\"summary_large_image\" \/>\n<meta name=\"twitter:label1\" content=\"\u00c9crit par\" \/>\n\t<meta name=\"twitter:data1\" content=\"cfeditorfr\" \/>\n\t<meta name=\"twitter:label2\" content=\"Dur\u00e9e de lecture estim\u00e9e\" \/>\n\t<meta name=\"twitter:data2\" content=\"6 minutes\" \/>\n<script type=\"application\/ld+json\" class=\"yoast-schema-graph\">{\"@context\":\"https:\/\/schema.org\",\"@graph\":[{\"@type\":\"Article\",\"@id\":\"https:\/\/www.africa-press.net\/congo-brazzaville\/photo\/festival-de-la-jeunesse-chine-afrique-les-jeunes-graine-despoir-pour-lavenir#article\",\"isPartOf\":{\"@id\":\"https:\/\/www.africa-press.net\/congo-brazzaville\/photo\/festival-de-la-jeunesse-chine-afrique-les-jeunes-graine-despoir-pour-lavenir\"},\"author\":{\"name\":\"cfeditorfr\",\"@id\":\"https:\/\/www.africa-press.net\/congo-brazzaville\/#\/schema\/person\/2b1cf3cd81a31e3cd26889ca66d677f1\"},\"headline\":\"Festival de la Jeunesse Chine- Afrique: les Jeunes, Graine D\u2019Espoir pour L\u2019Avenir\",\"datePublished\":\"2024-05-21T19:48:09+00:00\",\"dateModified\":\"2024-05-21T20:12:28+00:00\",\"mainEntityOfPage\":{\"@id\":\"https:\/\/www.africa-press.net\/congo-brazzaville\/photo\/festival-de-la-jeunesse-chine-afrique-les-jeunes-graine-despoir-pour-lavenir\"},\"wordCount\":1142,\"commentCount\":0,\"image\":{\"@id\":\"https:\/\/www.africa-press.net\/congo-brazzaville\/photo\/festival-de-la-jeunesse-chine-afrique-les-jeunes-graine-despoir-pour-lavenir#primaryimage\"},\"thumbnailUrl\":\"https:\/\/static.africa-press.net\/congo-brazzaville\/sites\/51\/2024\/05\/sm_1716309459.902411.jpg\",\"keywords\":[\"Africa Press\",\"Africa Press-Congo Brazzaville\",\"Congo Brazzaville\"],\"articleSection\":[\"Communaut\u00e9\",\"Photo\",\"Toutes les actualit\u00e9s\"],\"inLanguage\":\"fr-FR\",\"potentialAction\":[{\"@type\":\"CommentAction\",\"name\":\"Comment\",\"target\":[\"https:\/\/www.africa-press.net\/congo-brazzaville\/photo\/festival-de-la-jeunesse-chine-afrique-les-jeunes-graine-despoir-pour-lavenir#respond\"]}]},{\"@type\":\"WebPage\",\"@id\":\"https:\/\/www.africa-press.net\/congo-brazzaville\/photo\/festival-de-la-jeunesse-chine-afrique-les-jeunes-graine-despoir-pour-lavenir\",\"url\":\"https:\/\/www.africa-press.net\/congo-brazzaville\/photo\/festival-de-la-jeunesse-chine-afrique-les-jeunes-graine-despoir-pour-lavenir\",\"name\":\"Festival de la Jeunesse Chine- Afrique: les Jeunes, Graine D\u2019Espoir pour L\u2019Avenir - Congo Brazzaville\",\"isPartOf\":{\"@id\":\"https:\/\/www.africa-press.net\/congo-brazzaville\/#website\"},\"primaryImageOfPage\":{\"@id\":\"https:\/\/www.africa-press.net\/congo-brazzaville\/photo\/festival-de-la-jeunesse-chine-afrique-les-jeunes-graine-despoir-pour-lavenir#primaryimage\"},\"image\":{\"@id\":\"https:\/\/www.africa-press.net\/congo-brazzaville\/photo\/festival-de-la-jeunesse-chine-afrique-les-jeunes-graine-despoir-pour-lavenir#primaryimage\"},\"thumbnailUrl\":\"https:\/\/static.africa-press.net\/congo-brazzaville\/sites\/51\/2024\/05\/sm_1716309459.902411.jpg\",\"datePublished\":\"2024-05-21T19:48:09+00:00\",\"dateModified\":\"2024-05-21T20:12:28+00:00\",\"author\":{\"@id\":\"https:\/\/www.africa-press.net\/congo-brazzaville\/#\/schema\/person\/2b1cf3cd81a31e3cd26889ca66d677f1\"},\"description\":\"La 8e e\u0301dition du Festival de la jeunesse Chine-Afrique a e\u0301te\u0301 lance\u0301e le 20 mai a\u0300 Beijing, en pre\u0301sence des autori ...\",\"breadcrumb\":{\"@id\":\"https:\/\/www.africa-press.net\/congo-brazzaville\/photo\/festival-de-la-jeunesse-chine-afrique-les-jeunes-graine-despoir-pour-lavenir#breadcrumb\"},\"inLanguage\":\"fr-FR\",\"potentialAction\":[{\"@type\":\"ReadAction\",\"target\":[\"https:\/\/www.africa-press.net\/congo-brazzaville\/photo\/festival-de-la-jeunesse-chine-afrique-les-jeunes-graine-despoir-pour-lavenir\"]}]},{\"@type\":\"ImageObject\",\"inLanguage\":\"fr-FR\",\"@id\":\"https:\/\/www.africa-press.net\/congo-brazzaville\/photo\/festival-de-la-jeunesse-chine-afrique-les-jeunes-graine-despoir-pour-lavenir#primaryimage\",\"url\":\"https:\/\/static.africa-press.net\/congo-brazzaville\/sites\/51\/2024\/05\/sm_1716309459.902411.jpg\",\"contentUrl\":\"https:\/\/static.africa-press.net\/congo-brazzaville\/sites\/51\/2024\/05\/sm_1716309459.902411.jpg\",\"width\":1280,\"height\":960,\"caption\":\"Festival de la Jeunesse Chine- Afrique: les Jeunes, Graine D\u2019Espoir pour L\u2019Avenir\"},{\"@type\":\"BreadcrumbList\",\"@id\":\"https:\/\/www.africa-press.net\/congo-brazzaville\/photo\/festival-de-la-jeunesse-chine-afrique-les-jeunes-graine-despoir-pour-lavenir#breadcrumb\",\"itemListElement\":[{\"@type\":\"ListItem\",\"position\":1,\"name\":\"Accueil\",\"item\":\"https:\/\/www.africa-press.net\/congo-brazzaville\/\"},{\"@type\":\"ListItem\",\"position\":2,\"name\":\"Festival de la Jeunesse Chine- Afrique: les Jeunes, Graine D\u2019Espoir pour L\u2019Avenir\"}]},{\"@type\":\"WebSite\",\"@id\":\"https:\/\/www.africa-press.net\/congo-brazzaville\/#website\",\"url\":\"https:\/\/www.africa-press.net\/congo-brazzaville\/\",\"name\":\"Congo Brazzaville\",\"description\":\"Just another Africa News Agency Sites site\",\"potentialAction\":[{\"@type\":\"SearchAction\",\"target\":{\"@type\":\"EntryPoint\",\"urlTemplate\":\"https:\/\/www.africa-press.net\/congo-brazzaville\/?s={search_term_string}\"},\"query-input\":{\"@type\":\"PropertyValueSpecification\",\"valueRequired\":true,\"valueName\":\"search_term_string\"}}],\"inLanguage\":\"fr-FR\"},{\"@type\":\"Person\",\"@id\":\"https:\/\/www.africa-press.net\/congo-brazzaville\/#\/schema\/person\/2b1cf3cd81a31e3cd26889ca66d677f1\",\"name\":\"cfeditorfr\"}]}<\/script>\n<!-- \/ Yoast SEO Premium plugin. -->","yoast_head_json":{"title":"Festival de la Jeunesse Chine- Afrique: les Jeunes, Graine D\u2019Espoir pour L\u2019Avenir - Congo Brazzaville","description":"La 8e e\u0301dition du Festival de la jeunesse Chine-Afrique a e\u0301te\u0301 lance\u0301e le 20 mai a\u0300 Beijing, en pre\u0301sence des autori ...","robots":{"index":"index","follow":"follow","max-snippet":"max-snippet:-1","max-image-preview":"max-image-preview:large","max-video-preview":"max-video-preview:-1"},"canonical":"https:\/\/www.africa-press.net\/congo-brazzaville\/photo\/festival-de-la-jeunesse-chine-afrique-les-jeunes-graine-despoir-pour-lavenir","og_locale":"fr_FR","og_type":"article","og_title":"Festival de la Jeunesse Chine- Afrique: les Jeunes, Graine D\u2019Espoir pour L\u2019Avenir","og_description":"La 8e e\u0301dition du Festival de la jeunesse Chine-Afrique a e\u0301te\u0301 lance\u0301e le 20 mai a\u0300 Beijing, en pre\u0301sence des autori ...","og_url":"https:\/\/www.africa-press.net\/congo-brazzaville\/photo\/festival-de-la-jeunesse-chine-afrique-les-jeunes-graine-despoir-pour-lavenir","og_site_name":"Congo Brazzaville","article_published_time":"2024-05-21T19:48:09+00:00","article_modified_time":"2024-05-21T20:12:28+00:00","og_image":[{"width":1280,"height":960,"url":"https:\/\/static.africa-press.net\/congo-brazzaville\/sites\/51\/2024\/05\/sm_1716309459.902411.jpg","type":"image\/jpeg"}],"author":"cfeditorfr","twitter_card":"summary_large_image","twitter_misc":{"\u00c9crit par":"cfeditorfr","Dur\u00e9e de lecture estim\u00e9e":"6 minutes"},"schema":{"@context":"https:\/\/schema.org","@graph":[{"@type":"Article","@id":"https:\/\/www.africa-press.net\/congo-brazzaville\/photo\/festival-de-la-jeunesse-chine-afrique-les-jeunes-graine-despoir-pour-lavenir#article","isPartOf":{"@id":"https:\/\/www.africa-press.net\/congo-brazzaville\/photo\/festival-de-la-jeunesse-chine-afrique-les-jeunes-graine-despoir-pour-lavenir"},"author":{"name":"cfeditorfr","@id":"https:\/\/www.africa-press.net\/congo-brazzaville\/#\/schema\/person\/2b1cf3cd81a31e3cd26889ca66d677f1"},"headline":"Festival de la Jeunesse Chine- Afrique: les Jeunes, Graine D\u2019Espoir pour L\u2019Avenir","datePublished":"2024-05-21T19:48:09+00:00","dateModified":"2024-05-21T20:12:28+00:00","mainEntityOfPage":{"@id":"https:\/\/www.africa-press.net\/congo-brazzaville\/photo\/festival-de-la-jeunesse-chine-afrique-les-jeunes-graine-despoir-pour-lavenir"},"wordCount":1142,"commentCount":0,"image":{"@id":"https:\/\/www.africa-press.net\/congo-brazzaville\/photo\/festival-de-la-jeunesse-chine-afrique-les-jeunes-graine-despoir-pour-lavenir#primaryimage"},"thumbnailUrl":"https:\/\/static.africa-press.net\/congo-brazzaville\/sites\/51\/2024\/05\/sm_1716309459.902411.jpg","keywords":["Africa Press","Africa Press-Congo Brazzaville","Congo Brazzaville"],"articleSection":["Communaut\u00e9","Photo","Toutes les actualit\u00e9s"],"inLanguage":"fr-FR","potentialAction":[{"@type":"CommentAction","name":"Comment","target":["https:\/\/www.africa-press.net\/congo-brazzaville\/photo\/festival-de-la-jeunesse-chine-afrique-les-jeunes-graine-despoir-pour-lavenir#respond"]}]},{"@type":"WebPage","@id":"https:\/\/www.africa-press.net\/congo-brazzaville\/photo\/festival-de-la-jeunesse-chine-afrique-les-jeunes-graine-despoir-pour-lavenir","url":"https:\/\/www.africa-press.net\/congo-brazzaville\/photo\/festival-de-la-jeunesse-chine-afrique-les-jeunes-graine-despoir-pour-lavenir","name":"Festival de la Jeunesse Chine- Afrique: les Jeunes, Graine D\u2019Espoir pour L\u2019Avenir - Congo Brazzaville","isPartOf":{"@id":"https:\/\/www.africa-press.net\/congo-brazzaville\/#website"},"primaryImageOfPage":{"@id":"https:\/\/www.africa-press.net\/congo-brazzaville\/photo\/festival-de-la-jeunesse-chine-afrique-les-jeunes-graine-despoir-pour-lavenir#primaryimage"},"image":{"@id":"https:\/\/www.africa-press.net\/congo-brazzaville\/photo\/festival-de-la-jeunesse-chine-afrique-les-jeunes-graine-despoir-pour-lavenir#primaryimage"},"thumbnailUrl":"https:\/\/static.africa-press.net\/congo-brazzaville\/sites\/51\/2024\/05\/sm_1716309459.902411.jpg","datePublished":"2024-05-21T19:48:09+00:00","dateModified":"2024-05-21T20:12:28+00:00","author":{"@id":"https:\/\/www.africa-press.net\/congo-brazzaville\/#\/schema\/person\/2b1cf3cd81a31e3cd26889ca66d677f1"},"description":"La 8e e\u0301dition du Festival de la jeunesse Chine-Afrique a e\u0301te\u0301 lance\u0301e le 20 mai a\u0300 Beijing, en pre\u0301sence des autori ...","breadcrumb":{"@id":"https:\/\/www.africa-press.net\/congo-brazzaville\/photo\/festival-de-la-jeunesse-chine-afrique-les-jeunes-graine-despoir-pour-lavenir#breadcrumb"},"inLanguage":"fr-FR","potentialAction":[{"@type":"ReadAction","target":["https:\/\/www.africa-press.net\/congo-brazzaville\/photo\/festival-de-la-jeunesse-chine-afrique-les-jeunes-graine-despoir-pour-lavenir"]}]},{"@type":"ImageObject","inLanguage":"fr-FR","@id":"https:\/\/www.africa-press.net\/congo-brazzaville\/photo\/festival-de-la-jeunesse-chine-afrique-les-jeunes-graine-despoir-pour-lavenir#primaryimage","url":"https:\/\/static.africa-press.net\/congo-brazzaville\/sites\/51\/2024\/05\/sm_1716309459.902411.jpg","contentUrl":"https:\/\/static.africa-press.net\/congo-brazzaville\/sites\/51\/2024\/05\/sm_1716309459.902411.jpg","width":1280,"height":960,"caption":"Festival de la Jeunesse Chine- Afrique: les Jeunes, Graine D\u2019Espoir pour L\u2019Avenir"},{"@type":"BreadcrumbList","@id":"https:\/\/www.africa-press.net\/congo-brazzaville\/photo\/festival-de-la-jeunesse-chine-afrique-les-jeunes-graine-despoir-pour-lavenir#breadcrumb","itemListElement":[{"@type":"ListItem","position":1,"name":"Accueil","item":"https:\/\/www.africa-press.net\/congo-brazzaville\/"},{"@type":"ListItem","position":2,"name":"Festival de la Jeunesse Chine- Afrique: les Jeunes, Graine D\u2019Espoir pour L\u2019Avenir"}]},{"@type":"WebSite","@id":"https:\/\/www.africa-press.net\/congo-brazzaville\/#website","url":"https:\/\/www.africa-press.net\/congo-brazzaville\/","name":"Congo Brazzaville","description":"Just another Africa News Agency Sites site","potentialAction":[{"@type":"SearchAction","target":{"@type":"EntryPoint","urlTemplate":"https:\/\/www.africa-press.net\/congo-brazzaville\/?s={search_term_string}"},"query-input":{"@type":"PropertyValueSpecification","valueRequired":true,"valueName":"search_term_string"}}],"inLanguage":"fr-FR"},{"@type":"Person","@id":"https:\/\/www.africa-press.net\/congo-brazzaville\/#\/schema\/person\/2b1cf3cd81a31e3cd26889ca66d677f1","name":"cfeditorfr"}]}},"_links":{"self":[{"href":"https:\/\/www.africa-press.net\/congo-brazzaville\/wp-json\/wp\/v2\/posts\/30551","targetHints":{"allow":["GET"]}}],"collection":[{"href":"https:\/\/www.africa-press.net\/congo-brazzaville\/wp-json\/wp\/v2\/posts"}],"about":[{"href":"https:\/\/www.africa-press.net\/congo-brazzaville\/wp-json\/wp\/v2\/types\/post"}],"author":[{"embeddable":true,"href":"https:\/\/www.africa-press.net\/congo-brazzaville\/wp-json\/wp\/v2\/users\/82"}],"replies":[{"embeddable":true,"href":"https:\/\/www.africa-press.net\/congo-brazzaville\/wp-json\/wp\/v2\/comments?post=30551"}],"version-history":[{"count":0,"href":"https:\/\/www.africa-press.net\/congo-brazzaville\/wp-json\/wp\/v2\/posts\/30551\/revisions"}],"wp:featuredmedia":[{"embeddable":true,"href":"https:\/\/www.africa-press.net\/congo-brazzaville\/wp-json\/wp\/v2\/media\/30550"}],"wp:attachment":[{"href":"https:\/\/www.africa-press.net\/congo-brazzaville\/wp-json\/wp\/v2\/media?parent=30551"}],"wp:term":[{"taxonomy":"category","embeddable":true,"href":"https:\/\/www.africa-press.net\/congo-brazzaville\/wp-json\/wp\/v2\/categories?post=30551"},{"taxonomy":"post_tag","embeddable":true,"href":"https:\/\/www.africa-press.net\/congo-brazzaville\/wp-json\/wp\/v2\/tags?post=30551"}],"curies":[{"name":"wp","href":"https:\/\/api.w.org\/{rel}","templated":true}]}}