{"id":30745,"date":"2024-05-25T22:26:47","date_gmt":"2024-05-25T22:26:47","guid":{"rendered":"https:\/\/www.africa-press.net\/congo-brazzaville\/politique\/annee-de-la-jeunesse-le-ccj-sollicite-laccompagnement-du-senat"},"modified":"2024-05-26T02:45:51","modified_gmt":"2024-05-26T02:45:51","slug":"annee-de-la-jeunesse-le-ccj-sollicite-laccompagnement-du-senat","status":"publish","type":"post","link":"https:\/\/www.africa-press.net\/congo-brazzaville\/politique\/annee-de-la-jeunesse-le-ccj-sollicite-laccompagnement-du-senat","title":{"rendered":"Ann\u00e9e de la jeunesse : le CCJ sollicite l\u2019accompagnement du S\u00e9nat"},"content":{"rendered":"<p><span style=\"color: #ff6600\"><strong>Africa-Press &#8211; Congo Brazzaville. <\/strong><\/span><b>Le pre\u0301sident du Se\u0301nat, Pierre Ngolo, a e\u0301change\u0301 le 23 mai a\u0300 Brazzaville avec une de\u0301le\u0301gation du Conseil consultatif de la jeunesse (CCJ), conduite par son secre\u0301taire exe\u0301cutif, Prince Michrist Kaba-Mboko, qui a sollicite\u0301 l\u2019accompagnement de la chambre haute du Parlement dans la concre\u0301tisation de l\u2019anne\u0301e de la jeunesse. <\/b><\/p>\n<p>Le pre\u0301sident de la Re\u0301publique, Denis Sassou N\u2019Guesso, a de\u0301cre\u0301te\u0301 2024 comme e\u0301tant une anne\u0301e de la jeunesse. Selon le secre\u0301taire exe\u0301cutif du CCJ, cette de\u0301cision qui suscite beaucoup d\u2019e\u0301mois dans la population laisse interrogateurs de nombreux jeunes qui viennent souvent au Conseil pour savoir concre\u0300tement ce qui est pre\u0301vu pour cette anne\u0301e. Le CCJ, qui a organise\u0301 son assemble\u0301e ge\u0301ne\u0301rale inaugurale du 28 fe\u0301vrier au 4 mars, a remis ses conclusions au chef de l\u2019Etat. \u00ab En lui remettant nos conclusions, l\u2019ide\u0301e aujourd\u2019hui est de solliciter de la deuxie\u0300me institution de la Re\u0301publique, a\u0300 savoir le Se\u0301nat, l\u2019effet d\u2019accompagner le Conseil pour pousser toutes les parties prenantes a\u0300 mate\u0301rialiser ce de\u0301cret \u00bb, a explique\u0301 Michrist Kaba-Mboko.<\/p>\n<p>Cinq mois apre\u0300s cette annonce pre\u0301sidentielle, le CCJ de\u0301plore le silence du gouvernement qui ne communique pas assez autour de certains axes retenus afin, dit-il, que les jeunes qui repre\u0301sentent 76% de la population soient non seulement informe\u0301s des mesures prises mais aussi rassure\u0301s de leur effectivite\u0301. \u00ab Il appartient au CCJ de veiller a\u0300 la bonne application sinon a\u0300 l\u2019applicabilite\u0301 des conclusions de notre assemble\u0301e ge\u0301ne\u0301rale. Comme c\u2019est souvent le cas, nous avons eu le bonheur de rencontrer le pre\u0301sident du Se\u0301nat qui est sensible aux pre\u0301occupations de notre nation, particulie\u0300rement a\u0300 celles de notre jeunesse, avec un esprit dispose\u0301 d\u2019un sens aigu d\u2019e\u0301coute. Il nous a re\u0301pondu de manie\u0300re rassurante en disant qu\u2019il engagerait non seulement l\u2019institution qu\u2019il dirige mais aussi un certain nombre de de\u0301marches allant dans le sens des dispositions constitutionnelles confe\u0301re\u0301es au Se\u0301nat, celles lie\u0301es au contro\u0302le de l\u2019action gouvernementale, donc de l\u2019action publique \u00bb, a-t-il poursuivi.<\/p>\n<p>Interroge\u0301 sur les pre\u0301occupations des jeunes, il a rappele\u0301 que la jeunesse congolaise est actuellement confronte\u0301e aux proble\u0300mes lie\u0301s a\u0300 la formation qualifiante, a\u0300 l\u2019employabilite\u0301, a\u0300 son autonomisation a\u0300 travers les me\u0301canismes de financement de ses diffe\u0301rents projets. A cela s\u2019ajoute la question de la de\u0301linquance juve\u0301nile en milieu urbain et en milieu scolaire. \u00ab Nous avons consigne\u0301 ces pre\u0301occupations dans un document intitule\u0301 \u00ab\u00a0Pre\u0301conisation de\u0301taille\u0301e\u00a0\u00bb et qui, si nous sommes entendus, permettront de re\u0301sorber petit a\u0300 petit ces proble\u0300mes. Nous convenons qu\u2019une anne\u0301e ne suffirait peut-e\u0302tre pas. C\u2019est la raison pour laquelle nous avons prie\u0301 le pre\u0301sident de la Re\u0301publique de de\u0301cre\u0301ter deux anne\u0301es supple\u0301mentaires. Mais nous disons que les questions des jeunes sont urgentes, qu\u2019elles me\u0301ritent des re\u0301ponses approprie\u0301es. Elles me\u0301ritent en cette anne\u0301e que des signaux forts soient envoye\u0301s pour que de nombreux jeunes qui s\u2019interrogent trouvent des solutions \u00bb, a conclu Michrist Kaba-Mboko.<\/p>\n<p><strong>Pour plus d&rsquo;informations et d&rsquo;analyses sur la <a href=\"https:\/\/www.africa-press.net\/congo-brazzaville\">Congo Brazzaville<\/a>, suivez <a href=\"https:\/\/www.africa-press.net\/\">Africa-Press<\/a><\/strong><\/p>\n","protected":false},"excerpt":{"rendered":"<p>Africa-Press &#8211; Congo Brazzaville. Le pre\u0301sident du Se\u0301nat, Pierre Ngolo, a e\u0301change\u0301 le 23 mai a\u0300 Brazzaville avec une de\u0301le\u0301gation du Conseil consultatif de la jeunesse (CCJ), conduite par son secre\u0301taire exe\u0301cutif, Prince Michrist Kaba-Mboko, qui a sollicite\u0301 l\u2019accompagnement de la chambre haute du Parlement dans la concre\u0301tisation de l\u2019anne\u0301e de la jeunesse. Le pre\u0301sident [&hellip;]<\/p>\n","protected":false},"author":82,"featured_media":30744,"comment_status":"open","ping_status":"closed","sticky":false,"template":"","format":"standard","meta":{"footnotes":""},"categories":[2,10],"tags":[36,47,46],"class_list":["post-30745","post","type-post","status-publish","format-standard","has-post-thumbnail","hentry","category-politique","category-toutes-les-actualites","tag-africa-press","tag-africa-press-congo-brazzaville","tag-congo-brazzaville"],"yoast_head":"<!-- This site is optimized with the Yoast SEO Premium plugin v26.1 (Yoast SEO v27.0) - https:\/\/yoast.com\/product\/yoast-seo-premium-wordpress\/ -->\n<title>Ann\u00e9e de la jeunesse : le CCJ sollicite l\u2019accompagnement du S\u00e9nat - Congo Brazzaville<\/title>\n<meta name=\"description\" content=\"Le pre\u0301sident du Se\u0301nat, Pierre Ngolo, a e\u0301change\u0301 le 23 mai a\u0300 Brazzaville avec une de\u0301le\u0301gation du Conseil consulta ...\" \/>\n<meta name=\"robots\" content=\"index, follow, max-snippet:-1, max-image-preview:large, max-video-preview:-1\" \/>\n<link rel=\"canonical\" href=\"https:\/\/www.africa-press.net\/congo-brazzaville\/politique\/annee-de-la-jeunesse-le-ccj-sollicite-laccompagnement-du-senat\" \/>\n<meta property=\"og:locale\" content=\"fr_FR\" \/>\n<meta property=\"og:type\" content=\"article\" \/>\n<meta property=\"og:title\" content=\"Ann\u00e9e de la jeunesse : le CCJ sollicite l\u2019accompagnement du S\u00e9nat\" \/>\n<meta property=\"og:description\" content=\"Le pre\u0301sident du Se\u0301nat, Pierre Ngolo, a e\u0301change\u0301 le 23 mai a\u0300 Brazzaville avec une de\u0301le\u0301gation du Conseil consulta ...\" \/>\n<meta property=\"og:url\" content=\"https:\/\/www.africa-press.net\/congo-brazzaville\/politique\/annee-de-la-jeunesse-le-ccj-sollicite-laccompagnement-du-senat\" \/>\n<meta property=\"og:site_name\" content=\"Congo Brazzaville\" \/>\n<meta property=\"article:published_time\" content=\"2024-05-25T22:26:47+00:00\" \/>\n<meta property=\"article:modified_time\" content=\"2024-05-26T02:45:51+00:00\" \/>\n<meta property=\"og:image\" content=\"https:\/\/static.africa-press.net\/congo-brazzaville\/sites\/51\/2024\/05\/sm_1716678805.585696.jpg\" \/>\n\t<meta property=\"og:image:width\" content=\"1080\" \/>\n\t<meta property=\"og:image:height\" content=\"720\" \/>\n\t<meta property=\"og:image:type\" content=\"image\/jpeg\" \/>\n<meta name=\"author\" content=\"cfeditorfr\" \/>\n<meta name=\"twitter:card\" content=\"summary_large_image\" \/>\n<meta name=\"twitter:label1\" content=\"\u00c9crit par\" \/>\n\t<meta name=\"twitter:data1\" content=\"cfeditorfr\" \/>\n\t<meta name=\"twitter:label2\" content=\"Dur\u00e9e de lecture estim\u00e9e\" \/>\n\t<meta name=\"twitter:data2\" content=\"3 minutes\" \/>\n<script type=\"application\/ld+json\" class=\"yoast-schema-graph\">{\"@context\":\"https:\/\/schema.org\",\"@graph\":[{\"@type\":\"Article\",\"@id\":\"https:\/\/www.africa-press.net\/congo-brazzaville\/politique\/annee-de-la-jeunesse-le-ccj-sollicite-laccompagnement-du-senat#article\",\"isPartOf\":{\"@id\":\"https:\/\/www.africa-press.net\/congo-brazzaville\/politique\/annee-de-la-jeunesse-le-ccj-sollicite-laccompagnement-du-senat\"},\"author\":{\"name\":\"cfeditorfr\",\"@id\":\"https:\/\/www.africa-press.net\/congo-brazzaville\/#\/schema\/person\/2b1cf3cd81a31e3cd26889ca66d677f1\"},\"headline\":\"Ann\u00e9e de la jeunesse : le CCJ sollicite l\u2019accompagnement du S\u00e9nat\",\"datePublished\":\"2024-05-25T22:26:47+00:00\",\"dateModified\":\"2024-05-26T02:45:51+00:00\",\"mainEntityOfPage\":{\"@id\":\"https:\/\/www.africa-press.net\/congo-brazzaville\/politique\/annee-de-la-jeunesse-le-ccj-sollicite-laccompagnement-du-senat\"},\"wordCount\":590,\"commentCount\":0,\"image\":{\"@id\":\"https:\/\/www.africa-press.net\/congo-brazzaville\/politique\/annee-de-la-jeunesse-le-ccj-sollicite-laccompagnement-du-senat#primaryimage\"},\"thumbnailUrl\":\"https:\/\/static.africa-press.net\/congo-brazzaville\/sites\/51\/2024\/05\/sm_1716678805.585696.jpg\",\"keywords\":[\"Africa Press\",\"Africa Press-Congo Brazzaville\",\"Congo Brazzaville\"],\"articleSection\":[\"Politique\",\"Toutes les actualit\u00e9s\"],\"inLanguage\":\"fr-FR\",\"potentialAction\":[{\"@type\":\"CommentAction\",\"name\":\"Comment\",\"target\":[\"https:\/\/www.africa-press.net\/congo-brazzaville\/politique\/annee-de-la-jeunesse-le-ccj-sollicite-laccompagnement-du-senat#respond\"]}]},{\"@type\":\"WebPage\",\"@id\":\"https:\/\/www.africa-press.net\/congo-brazzaville\/politique\/annee-de-la-jeunesse-le-ccj-sollicite-laccompagnement-du-senat\",\"url\":\"https:\/\/www.africa-press.net\/congo-brazzaville\/politique\/annee-de-la-jeunesse-le-ccj-sollicite-laccompagnement-du-senat\",\"name\":\"Ann\u00e9e de la jeunesse : le CCJ sollicite l\u2019accompagnement du S\u00e9nat - Congo Brazzaville\",\"isPartOf\":{\"@id\":\"https:\/\/www.africa-press.net\/congo-brazzaville\/#website\"},\"primaryImageOfPage\":{\"@id\":\"https:\/\/www.africa-press.net\/congo-brazzaville\/politique\/annee-de-la-jeunesse-le-ccj-sollicite-laccompagnement-du-senat#primaryimage\"},\"image\":{\"@id\":\"https:\/\/www.africa-press.net\/congo-brazzaville\/politique\/annee-de-la-jeunesse-le-ccj-sollicite-laccompagnement-du-senat#primaryimage\"},\"thumbnailUrl\":\"https:\/\/static.africa-press.net\/congo-brazzaville\/sites\/51\/2024\/05\/sm_1716678805.585696.jpg\",\"datePublished\":\"2024-05-25T22:26:47+00:00\",\"dateModified\":\"2024-05-26T02:45:51+00:00\",\"author\":{\"@id\":\"https:\/\/www.africa-press.net\/congo-brazzaville\/#\/schema\/person\/2b1cf3cd81a31e3cd26889ca66d677f1\"},\"description\":\"Le pre\u0301sident du Se\u0301nat, Pierre Ngolo, a e\u0301change\u0301 le 23 mai a\u0300 Brazzaville avec une de\u0301le\u0301gation du Conseil consulta ...\",\"breadcrumb\":{\"@id\":\"https:\/\/www.africa-press.net\/congo-brazzaville\/politique\/annee-de-la-jeunesse-le-ccj-sollicite-laccompagnement-du-senat#breadcrumb\"},\"inLanguage\":\"fr-FR\",\"potentialAction\":[{\"@type\":\"ReadAction\",\"target\":[\"https:\/\/www.africa-press.net\/congo-brazzaville\/politique\/annee-de-la-jeunesse-le-ccj-sollicite-laccompagnement-du-senat\"]}]},{\"@type\":\"ImageObject\",\"inLanguage\":\"fr-FR\",\"@id\":\"https:\/\/www.africa-press.net\/congo-brazzaville\/politique\/annee-de-la-jeunesse-le-ccj-sollicite-laccompagnement-du-senat#primaryimage\",\"url\":\"https:\/\/static.africa-press.net\/congo-brazzaville\/sites\/51\/2024\/05\/sm_1716678805.585696.jpg\",\"contentUrl\":\"https:\/\/static.africa-press.net\/congo-brazzaville\/sites\/51\/2024\/05\/sm_1716678805.585696.jpg\",\"width\":1080,\"height\":720,\"caption\":\"Ann\u00e9e de la jeunesse : le CCJ sollicite l\u2019accompagnement du S\u00e9nat\"},{\"@type\":\"BreadcrumbList\",\"@id\":\"https:\/\/www.africa-press.net\/congo-brazzaville\/politique\/annee-de-la-jeunesse-le-ccj-sollicite-laccompagnement-du-senat#breadcrumb\",\"itemListElement\":[{\"@type\":\"ListItem\",\"position\":1,\"name\":\"Accueil\",\"item\":\"https:\/\/www.africa-press.net\/congo-brazzaville\/\"},{\"@type\":\"ListItem\",\"position\":2,\"name\":\"Ann\u00e9e de la jeunesse : le CCJ sollicite l\u2019accompagnement du S\u00e9nat\"}]},{\"@type\":\"WebSite\",\"@id\":\"https:\/\/www.africa-press.net\/congo-brazzaville\/#website\",\"url\":\"https:\/\/www.africa-press.net\/congo-brazzaville\/\",\"name\":\"Congo Brazzaville\",\"description\":\"Just another Africa News Agency Sites site\",\"potentialAction\":[{\"@type\":\"SearchAction\",\"target\":{\"@type\":\"EntryPoint\",\"urlTemplate\":\"https:\/\/www.africa-press.net\/congo-brazzaville\/?s={search_term_string}\"},\"query-input\":{\"@type\":\"PropertyValueSpecification\",\"valueRequired\":true,\"valueName\":\"search_term_string\"}}],\"inLanguage\":\"fr-FR\"},{\"@type\":\"Person\",\"@id\":\"https:\/\/www.africa-press.net\/congo-brazzaville\/#\/schema\/person\/2b1cf3cd81a31e3cd26889ca66d677f1\",\"name\":\"cfeditorfr\"}]}<\/script>\n<!-- \/ Yoast SEO Premium plugin. -->","yoast_head_json":{"title":"Ann\u00e9e de la jeunesse : le CCJ sollicite l\u2019accompagnement du S\u00e9nat - Congo Brazzaville","description":"Le pre\u0301sident du Se\u0301nat, Pierre Ngolo, a e\u0301change\u0301 le 23 mai a\u0300 Brazzaville avec une de\u0301le\u0301gation du Conseil consulta ...","robots":{"index":"index","follow":"follow","max-snippet":"max-snippet:-1","max-image-preview":"max-image-preview:large","max-video-preview":"max-video-preview:-1"},"canonical":"https:\/\/www.africa-press.net\/congo-brazzaville\/politique\/annee-de-la-jeunesse-le-ccj-sollicite-laccompagnement-du-senat","og_locale":"fr_FR","og_type":"article","og_title":"Ann\u00e9e de la jeunesse : le CCJ sollicite l\u2019accompagnement du S\u00e9nat","og_description":"Le pre\u0301sident du Se\u0301nat, Pierre Ngolo, a e\u0301change\u0301 le 23 mai a\u0300 Brazzaville avec une de\u0301le\u0301gation du Conseil consulta ...","og_url":"https:\/\/www.africa-press.net\/congo-brazzaville\/politique\/annee-de-la-jeunesse-le-ccj-sollicite-laccompagnement-du-senat","og_site_name":"Congo Brazzaville","article_published_time":"2024-05-25T22:26:47+00:00","article_modified_time":"2024-05-26T02:45:51+00:00","og_image":[{"width":1080,"height":720,"url":"https:\/\/static.africa-press.net\/congo-brazzaville\/sites\/51\/2024\/05\/sm_1716678805.585696.jpg","type":"image\/jpeg"}],"author":"cfeditorfr","twitter_card":"summary_large_image","twitter_misc":{"\u00c9crit par":"cfeditorfr","Dur\u00e9e de lecture estim\u00e9e":"3 minutes"},"schema":{"@context":"https:\/\/schema.org","@graph":[{"@type":"Article","@id":"https:\/\/www.africa-press.net\/congo-brazzaville\/politique\/annee-de-la-jeunesse-le-ccj-sollicite-laccompagnement-du-senat#article","isPartOf":{"@id":"https:\/\/www.africa-press.net\/congo-brazzaville\/politique\/annee-de-la-jeunesse-le-ccj-sollicite-laccompagnement-du-senat"},"author":{"name":"cfeditorfr","@id":"https:\/\/www.africa-press.net\/congo-brazzaville\/#\/schema\/person\/2b1cf3cd81a31e3cd26889ca66d677f1"},"headline":"Ann\u00e9e de la jeunesse : le CCJ sollicite l\u2019accompagnement du S\u00e9nat","datePublished":"2024-05-25T22:26:47+00:00","dateModified":"2024-05-26T02:45:51+00:00","mainEntityOfPage":{"@id":"https:\/\/www.africa-press.net\/congo-brazzaville\/politique\/annee-de-la-jeunesse-le-ccj-sollicite-laccompagnement-du-senat"},"wordCount":590,"commentCount":0,"image":{"@id":"https:\/\/www.africa-press.net\/congo-brazzaville\/politique\/annee-de-la-jeunesse-le-ccj-sollicite-laccompagnement-du-senat#primaryimage"},"thumbnailUrl":"https:\/\/static.africa-press.net\/congo-brazzaville\/sites\/51\/2024\/05\/sm_1716678805.585696.jpg","keywords":["Africa Press","Africa Press-Congo Brazzaville","Congo Brazzaville"],"articleSection":["Politique","Toutes les actualit\u00e9s"],"inLanguage":"fr-FR","potentialAction":[{"@type":"CommentAction","name":"Comment","target":["https:\/\/www.africa-press.net\/congo-brazzaville\/politique\/annee-de-la-jeunesse-le-ccj-sollicite-laccompagnement-du-senat#respond"]}]},{"@type":"WebPage","@id":"https:\/\/www.africa-press.net\/congo-brazzaville\/politique\/annee-de-la-jeunesse-le-ccj-sollicite-laccompagnement-du-senat","url":"https:\/\/www.africa-press.net\/congo-brazzaville\/politique\/annee-de-la-jeunesse-le-ccj-sollicite-laccompagnement-du-senat","name":"Ann\u00e9e de la jeunesse : le CCJ sollicite l\u2019accompagnement du S\u00e9nat - Congo Brazzaville","isPartOf":{"@id":"https:\/\/www.africa-press.net\/congo-brazzaville\/#website"},"primaryImageOfPage":{"@id":"https:\/\/www.africa-press.net\/congo-brazzaville\/politique\/annee-de-la-jeunesse-le-ccj-sollicite-laccompagnement-du-senat#primaryimage"},"image":{"@id":"https:\/\/www.africa-press.net\/congo-brazzaville\/politique\/annee-de-la-jeunesse-le-ccj-sollicite-laccompagnement-du-senat#primaryimage"},"thumbnailUrl":"https:\/\/static.africa-press.net\/congo-brazzaville\/sites\/51\/2024\/05\/sm_1716678805.585696.jpg","datePublished":"2024-05-25T22:26:47+00:00","dateModified":"2024-05-26T02:45:51+00:00","author":{"@id":"https:\/\/www.africa-press.net\/congo-brazzaville\/#\/schema\/person\/2b1cf3cd81a31e3cd26889ca66d677f1"},"description":"Le pre\u0301sident du Se\u0301nat, Pierre Ngolo, a e\u0301change\u0301 le 23 mai a\u0300 Brazzaville avec une de\u0301le\u0301gation du Conseil consulta ...","breadcrumb":{"@id":"https:\/\/www.africa-press.net\/congo-brazzaville\/politique\/annee-de-la-jeunesse-le-ccj-sollicite-laccompagnement-du-senat#breadcrumb"},"inLanguage":"fr-FR","potentialAction":[{"@type":"ReadAction","target":["https:\/\/www.africa-press.net\/congo-brazzaville\/politique\/annee-de-la-jeunesse-le-ccj-sollicite-laccompagnement-du-senat"]}]},{"@type":"ImageObject","inLanguage":"fr-FR","@id":"https:\/\/www.africa-press.net\/congo-brazzaville\/politique\/annee-de-la-jeunesse-le-ccj-sollicite-laccompagnement-du-senat#primaryimage","url":"https:\/\/static.africa-press.net\/congo-brazzaville\/sites\/51\/2024\/05\/sm_1716678805.585696.jpg","contentUrl":"https:\/\/static.africa-press.net\/congo-brazzaville\/sites\/51\/2024\/05\/sm_1716678805.585696.jpg","width":1080,"height":720,"caption":"Ann\u00e9e de la jeunesse : le CCJ sollicite l\u2019accompagnement du S\u00e9nat"},{"@type":"BreadcrumbList","@id":"https:\/\/www.africa-press.net\/congo-brazzaville\/politique\/annee-de-la-jeunesse-le-ccj-sollicite-laccompagnement-du-senat#breadcrumb","itemListElement":[{"@type":"ListItem","position":1,"name":"Accueil","item":"https:\/\/www.africa-press.net\/congo-brazzaville\/"},{"@type":"ListItem","position":2,"name":"Ann\u00e9e de la jeunesse : le CCJ sollicite l\u2019accompagnement du S\u00e9nat"}]},{"@type":"WebSite","@id":"https:\/\/www.africa-press.net\/congo-brazzaville\/#website","url":"https:\/\/www.africa-press.net\/congo-brazzaville\/","name":"Congo Brazzaville","description":"Just another Africa News Agency Sites site","potentialAction":[{"@type":"SearchAction","target":{"@type":"EntryPoint","urlTemplate":"https:\/\/www.africa-press.net\/congo-brazzaville\/?s={search_term_string}"},"query-input":{"@type":"PropertyValueSpecification","valueRequired":true,"valueName":"search_term_string"}}],"inLanguage":"fr-FR"},{"@type":"Person","@id":"https:\/\/www.africa-press.net\/congo-brazzaville\/#\/schema\/person\/2b1cf3cd81a31e3cd26889ca66d677f1","name":"cfeditorfr"}]}},"_links":{"self":[{"href":"https:\/\/www.africa-press.net\/congo-brazzaville\/wp-json\/wp\/v2\/posts\/30745","targetHints":{"allow":["GET"]}}],"collection":[{"href":"https:\/\/www.africa-press.net\/congo-brazzaville\/wp-json\/wp\/v2\/posts"}],"about":[{"href":"https:\/\/www.africa-press.net\/congo-brazzaville\/wp-json\/wp\/v2\/types\/post"}],"author":[{"embeddable":true,"href":"https:\/\/www.africa-press.net\/congo-brazzaville\/wp-json\/wp\/v2\/users\/82"}],"replies":[{"embeddable":true,"href":"https:\/\/www.africa-press.net\/congo-brazzaville\/wp-json\/wp\/v2\/comments?post=30745"}],"version-history":[{"count":0,"href":"https:\/\/www.africa-press.net\/congo-brazzaville\/wp-json\/wp\/v2\/posts\/30745\/revisions"}],"wp:featuredmedia":[{"embeddable":true,"href":"https:\/\/www.africa-press.net\/congo-brazzaville\/wp-json\/wp\/v2\/media\/30744"}],"wp:attachment":[{"href":"https:\/\/www.africa-press.net\/congo-brazzaville\/wp-json\/wp\/v2\/media?parent=30745"}],"wp:term":[{"taxonomy":"category","embeddable":true,"href":"https:\/\/www.africa-press.net\/congo-brazzaville\/wp-json\/wp\/v2\/categories?post=30745"},{"taxonomy":"post_tag","embeddable":true,"href":"https:\/\/www.africa-press.net\/congo-brazzaville\/wp-json\/wp\/v2\/tags?post=30745"}],"curies":[{"name":"wp","href":"https:\/\/api.w.org\/{rel}","templated":true}]}}