{"id":30789,"date":"2024-05-27T20:34:14","date_gmt":"2024-05-27T20:34:14","guid":{"rendered":"https:\/\/www.africa-press.net\/congo-brazzaville\/politique\/reseau-des-jeunes-parlementaires-le-congo-represente-a-la-reunion-de-paris"},"modified":"2024-05-27T20:58:50","modified_gmt":"2024-05-27T20:58:50","slug":"reseau-des-jeunes-parlementaires-le-congo-represente-a-la-reunion-de-paris","status":"publish","type":"post","link":"https:\/\/www.africa-press.net\/congo-brazzaville\/politique\/reseau-des-jeunes-parlementaires-le-congo-represente-a-la-reunion-de-paris","title":{"rendered":"R\u00e9seau des jeunes parlementaires : le Congo repr\u00e9sent\u00e9 \u00e0 la r\u00e9union de Paris"},"content":{"rendered":"<p><span style=\"color: #ff6600\"><strong>Africa-Press &#8211; Congo Brazzaville. <\/strong><\/span><b>Le de\u0301pute\u0301 Yves Fortune\u0301 Mounde\u0301le\u0301-Ngollo Ehourossia a pris part, du 22 au 24 mai dans la capitale franc\u0327aise, a\u0300 la re\u0301union des jeunes parlementaires francophones de moins de 40 ans. Une rencontre qui a permis aux participants de formuler un avis destine\u0301 au prochain sommet des chefs d\u2019Etat de la Francophonie, sur le the\u0300me \u00ab L&rsquo;ame\u0301lioration de la mobilite\u0301 citoyenne dans la francophonie pour promouvoir la cre\u0301ation, l&rsquo;innovation et l&rsquo;entrepreneuriat \u00bb.<\/b><\/p>\n<p>Venus de nombreux pays, les jeunes parlementaires francophones ont suivi plusieurs the\u0301matiques dont les principales portaient, entre autres, sur les obstacles a\u0300 la mobilite\u0301 dans l&rsquo;espace francophone, notamment des proce\u0301dures d&rsquo;acce\u0300s aux visas juge\u0301es trop longues et un nombre excessif de refus ; la ne\u0301cessite\u0301 d&rsquo;e\u0301tablir un visa spe\u0301cifique pour les entrepreneurs francophones. Ils ont e\u0301te\u0301 e\u0301galement e\u0301difie\u0301s sur la proposition d&rsquo;e\u0301tendre le mode\u0300le Erasmus a\u0300 l&rsquo;ensemble de l&rsquo;espace francophone pour les e\u0301tudiants ; la facilitation de l&rsquo;acce\u0300s aux stages d&rsquo;e\u0301tudiants dans tout l&rsquo;espace francophone ; l&rsquo;e\u0301quilibrage de la mobilite\u0301 pour favoriser les e\u0301changes culturels et sportifs. Il y a eu aussi des the\u0301matiques sur l&rsquo;ame\u0301lioration de la mobilite\u0301 dans le domaine de la sante\u0301 ; le renforcement des partenariats entre les universite\u0301s francophones ; la promotion du volontariat.<\/p>\n<p>Des lec\u0327ons a\u0300 tirer de ces retrouvailles, il faut noter le fait qu\u2019une distinction nette a e\u0301te\u0301 faite entre immigration et mobilite\u0301 qui sous-entend un retour au pays d&rsquo;origine. Rapporteur de circonstance, le de\u0301pute\u0301 Yves Fortune\u0301 Moundele\u0301-Ngollo Ehourossia a pre\u0301sente\u0301 a\u0300 l\u2019assistance les activite\u0301s passe\u0301es et futures du Re\u0301seau des jeunes parlementaires francophones. En effet, l&rsquo;ensemble des conclusions de la re\u0301union sera rendu public prochainement et comprendra une synthe\u0300se des mesures pertinentes susceptibles d&rsquo;e\u0302tre mises en \u0153uvre dans les diffe\u0301rents pays de la Francophonie.<\/p>\n<p>\u00ab Ce document reprendra les principaux constats et recommandations e\u0301tablis par les parlementaires francophones, articule\u0301s autour de quatre cate\u0301gories de publics identifie\u0301s: la mobilite\u0301 estudiantine et des jeunes (volontaires, apprentis, e\u0301le\u0300ves en fin de secondaire, etc.) ; la mobilite\u0301 scientifique et professorale ; la mobilite\u0301 e\u0301conomique (chefs d&rsquo;entreprise, entrepreneurs, employe\u0301s, etc.) ; la mobilite\u0301 culturelle et sportive ; la mobilite\u0301 des acteurs politiques (membres des gouvernements, parlementaires, e\u0301lus locaux) \u00bb, a explique\u0301 le de\u0301pute\u0301 de la circonscription e\u0301lectorale unique d\u2019Ongogni, dans le de\u0301partement des Plateaux.<\/p>\n<p>Yves Fortune\u0301 Moundele\u0301-Ngollo Ehourossia s\u2019est entretenu, en marge de la rencontre, avec plusieurs personnalite\u0301s dont le directeur des Re\u0301seaux et des programmes de volontariat de France, Thomas Cosse\u0301, de l\u2019analyste politique senior a\u0300 l\u2019Organisation de coope\u0301ration et de de\u0301veloppement e\u0301conomiques (OCDE), division des migrations internationales, Jonathan Chaloff. Il a e\u0301galement accorde\u0301 son hospitalite\u0301 au chercheur et conseiller en politique publique a\u0300 l&rsquo;OCDE, Hanafi Tessa ; au Groupe des ambassadeurs francophones de France conduit par Vijayen Valaydon ; a\u0300 la responsable du De\u0301partement communication de Station F, le plus grand incubateur de startups au monde ; a\u0300 la directrice du De\u0301partement du patrimoine et des collections, Anne-Sole\u0300ne Rolland, et a\u0300 la cheffe du Service des publics, de l\u2019action culturelle et de la communication de la Maison de la Nouvelle-Cale\u0301donie, Anne Bihan.<\/p>\n<p>Le re\u0301seau a, par ailleurs, e\u0301labore\u0301 une communication a\u0300 l&rsquo;attention de la secre\u0301taire ge\u0301ne\u0301rale de la Francophonie, Louise Mushikiwabo.<\/p>\n\r\n                <style type=\"text\/css\">\r\n                    \r\n                    #td_uid_1_69f3d1fe0ea0d  .td-doubleSlider-2 .td-item1 {\r\n                        background: url(https:\/\/static.africa-press.net\/congo-brazzaville\/sites\/51\/2024\/05\/sm_1716830890.059848-80x60.jpg) 0 0 no-repeat;\r\n                    }\r\n                    #td_uid_1_69f3d1fe0ea0d  .td-doubleSlider-2 .td-item2 {\r\n                        background: url(https:\/\/static.africa-press.net\/congo-brazzaville\/sites\/51\/2024\/05\/sm_1716830901.099465-80x60.jpg) 0 0 no-repeat;\r\n                    }\r\n                <\/style>\r\n\r\n                <div id=\"td_uid_1_69f3d1fe0ea0d\" class=\"td-gallery td-slide-on-2-columns\">\r\n                    <div class=\"post_td_gallery\">\r\n                        <div class=\"td-gallery-slide-top\">\r\n                           <div class=\"td-gallery-title\"><\/div>\r\n\r\n                            <div class=\"td-gallery-controls-wrapper\">\r\n                                <div class=\"td-gallery-slide-count\"><span class=\"td-gallery-slide-item-focus\">1<\/span> de 2<\/div>\r\n                                <div class=\"td-gallery-slide-prev-next-but\">\r\n                                    <i class = \"td-icon-left doubleSliderPrevButton\"><\/i>\r\n                                    <i class = \"td-icon-right doubleSliderNextButton\"><\/i>\r\n                                <\/div>\r\n                            <\/div>\r\n                        <\/div>\r\n\r\n                        <div class = \"td-doubleSlider-1 \">\r\n                            <div class = \"td-slider\">\r\n                                \r\n                    <div class = \"td-slide-item td-item1\">\r\n                        <figure class=\"td-slide-galery-figure td-slide-popup-gallery\">\r\n                            <a class=\"slide-gallery-image-link\" href=\"https:\/\/static.africa-press.net\/congo-brazzaville\/sites\/51\/2024\/05\/sm_1716830890.059848.jpg\" title=\"sm_1716830890.059848\"  data-caption=\"\"  data-description=\"\">\r\n                                <img decoding=\"async\" src=\"https:\/\/static.africa-press.net\/congo-brazzaville\/sites\/51\/2024\/05\/sm_1716830890.059848.jpg\" srcset=\"https:\/\/static.africa-press.net\/congo-brazzaville\/sites\/51\/2024\/05\/sm_1716830890.059848.jpg 960w, https:\/\/static.africa-press.net\/congo-brazzaville\/sites\/51\/2024\/05\/sm_1716830890.059848-225x300.jpg 225w, https:\/\/static.africa-press.net\/congo-brazzaville\/sites\/51\/2024\/05\/sm_1716830890.059848-768x1024.jpg 768w\" sizes=\"(max-width: 960px) 100vw, 960px\" alt=\"\">\r\n                            <\/a>\r\n                            \r\n                        <\/figure>\r\n                    <\/div>\r\n                    <div class = \"td-slide-item td-item2\">\r\n                        <figure class=\"td-slide-galery-figure td-slide-popup-gallery\">\r\n                            <a class=\"slide-gallery-image-link\" href=\"https:\/\/static.africa-press.net\/congo-brazzaville\/sites\/51\/2024\/05\/sm_1716830901.099465.jpg\" title=\"sm_1716830901.099465\"  data-caption=\"\"  data-description=\"\">\r\n                                <img decoding=\"async\" src=\"https:\/\/static.africa-press.net\/congo-brazzaville\/sites\/51\/2024\/05\/sm_1716830901.099465.jpg\" srcset=\"https:\/\/static.africa-press.net\/congo-brazzaville\/sites\/51\/2024\/05\/sm_1716830901.099465.jpg 1080w, https:\/\/static.africa-press.net\/congo-brazzaville\/sites\/51\/2024\/05\/sm_1716830901.099465-300x225.jpg 300w, https:\/\/static.africa-press.net\/congo-brazzaville\/sites\/51\/2024\/05\/sm_1716830901.099465-1024x768.jpg 1024w, https:\/\/static.africa-press.net\/congo-brazzaville\/sites\/51\/2024\/05\/sm_1716830901.099465-768x576.jpg 768w, https:\/\/static.africa-press.net\/congo-brazzaville\/sites\/51\/2024\/05\/sm_1716830901.099465-80x60.jpg 80w\" sizes=\"(max-width: 1080px) 100vw, 1080px\" alt=\"\">\r\n                            <\/a>\r\n                            \r\n                        <\/figure>\r\n                    <\/div>\r\n                            <\/div>\r\n                        <\/div>\r\n\r\n                        <div class = \"td-doubleSlider-2\">\r\n                            <div class = \"td-slider\">\r\n                                \r\n                    <div class = \"td-button td-item1\">\r\n                        <div class = \"td-border\"><\/div>\r\n                    <\/div>\r\n                    <div class = \"td-button td-item2\">\r\n                        <div class = \"td-border\"><\/div>\r\n                    <\/div>\r\n                            <\/div>\r\n                        <\/div>\r\n\r\n                    <\/div>\r\n\r\n                <\/div>\r\n                \n<p><strong>Pour plus d&rsquo;informations et d&rsquo;analyses sur la <a href=\"https:\/\/www.africa-press.net\/congo-brazzaville\">Congo Brazzaville<\/a>, suivez <a href=\"https:\/\/www.africa-press.net\/\">Africa-Press<\/a><\/strong><\/p>\n","protected":false},"excerpt":{"rendered":"<p>Africa-Press &#8211; Congo Brazzaville. Le de\u0301pute\u0301 Yves Fortune\u0301 Mounde\u0301le\u0301-Ngollo Ehourossia a pris part, du 22 au 24 mai dans la capitale franc\u0327aise, a\u0300 la re\u0301union des jeunes parlementaires francophones de moins de 40 ans. Une rencontre qui a permis aux participants de formuler un avis destine\u0301 au prochain sommet des chefs d\u2019Etat de la Francophonie, [&hellip;]<\/p>\n","protected":false},"author":82,"featured_media":30788,"comment_status":"open","ping_status":"closed","sticky":false,"template":"","format":"standard","meta":{"footnotes":""},"categories":[8,2,10],"tags":[36,47,46],"class_list":["post-30789","post","type-post","status-publish","format-standard","has-post-thumbnail","hentry","category-photo","category-politique","category-toutes-les-actualites","tag-africa-press","tag-africa-press-congo-brazzaville","tag-congo-brazzaville"],"yoast_head":"<!-- This site is optimized with the Yoast SEO Premium plugin v26.1 (Yoast SEO v27.0) - https:\/\/yoast.com\/product\/yoast-seo-premium-wordpress\/ -->\n<title>R\u00e9seau des jeunes parlementaires : le Congo repr\u00e9sent\u00e9 \u00e0 la r\u00e9union de Paris - Congo Brazzaville<\/title>\n<meta name=\"description\" content=\"Le de\u0301pute\u0301 Yves Fortune\u0301 Mounde\u0301le\u0301-Ngollo Ehourossia a pris part, du 22 au 24 mai dans la capitale franc\u0327aise, a\u0300 l ...\" \/>\n<meta name=\"robots\" content=\"index, follow, max-snippet:-1, max-image-preview:large, max-video-preview:-1\" \/>\n<link rel=\"canonical\" href=\"https:\/\/www.africa-press.net\/congo-brazzaville\/politique\/reseau-des-jeunes-parlementaires-le-congo-represente-a-la-reunion-de-paris\" \/>\n<meta property=\"og:locale\" content=\"fr_FR\" \/>\n<meta property=\"og:type\" content=\"article\" \/>\n<meta property=\"og:title\" content=\"R\u00e9seau des jeunes parlementaires : le Congo repr\u00e9sent\u00e9 \u00e0 la r\u00e9union de Paris\" \/>\n<meta property=\"og:description\" content=\"Le de\u0301pute\u0301 Yves Fortune\u0301 Mounde\u0301le\u0301-Ngollo Ehourossia a pris part, du 22 au 24 mai dans la capitale franc\u0327aise, a\u0300 l ...\" \/>\n<meta property=\"og:url\" content=\"https:\/\/www.africa-press.net\/congo-brazzaville\/politique\/reseau-des-jeunes-parlementaires-le-congo-represente-a-la-reunion-de-paris\" \/>\n<meta property=\"og:site_name\" content=\"Congo Brazzaville\" \/>\n<meta property=\"article:published_time\" content=\"2024-05-27T20:34:14+00:00\" \/>\n<meta property=\"article:modified_time\" content=\"2024-05-27T20:58:50+00:00\" \/>\n<meta property=\"og:image\" content=\"https:\/\/static.africa-press.net\/congo-brazzaville\/sites\/51\/2024\/05\/sm_1716830908.233921.jpg\" \/>\n\t<meta property=\"og:image:width\" content=\"1280\" \/>\n\t<meta property=\"og:image:height\" content=\"720\" \/>\n\t<meta property=\"og:image:type\" content=\"image\/jpeg\" \/>\n<meta name=\"author\" content=\"cfeditorfr\" \/>\n<meta name=\"twitter:card\" content=\"summary_large_image\" \/>\n<meta name=\"twitter:label1\" content=\"\u00c9crit par\" \/>\n\t<meta name=\"twitter:data1\" content=\"cfeditorfr\" \/>\n\t<meta name=\"twitter:label2\" content=\"Dur\u00e9e de lecture estim\u00e9e\" \/>\n\t<meta name=\"twitter:data2\" content=\"3 minutes\" \/>\n<script type=\"application\/ld+json\" class=\"yoast-schema-graph\">{\"@context\":\"https:\/\/schema.org\",\"@graph\":[{\"@type\":\"Article\",\"@id\":\"https:\/\/www.africa-press.net\/congo-brazzaville\/politique\/reseau-des-jeunes-parlementaires-le-congo-represente-a-la-reunion-de-paris#article\",\"isPartOf\":{\"@id\":\"https:\/\/www.africa-press.net\/congo-brazzaville\/politique\/reseau-des-jeunes-parlementaires-le-congo-represente-a-la-reunion-de-paris\"},\"author\":{\"name\":\"cfeditorfr\",\"@id\":\"https:\/\/www.africa-press.net\/congo-brazzaville\/#\/schema\/person\/2b1cf3cd81a31e3cd26889ca66d677f1\"},\"headline\":\"R\u00e9seau des jeunes parlementaires : le Congo repr\u00e9sent\u00e9 \u00e0 la r\u00e9union de Paris\",\"datePublished\":\"2024-05-27T20:34:14+00:00\",\"dateModified\":\"2024-05-27T20:58:50+00:00\",\"mainEntityOfPage\":{\"@id\":\"https:\/\/www.africa-press.net\/congo-brazzaville\/politique\/reseau-des-jeunes-parlementaires-le-congo-represente-a-la-reunion-de-paris\"},\"wordCount\":637,\"commentCount\":0,\"image\":{\"@id\":\"https:\/\/www.africa-press.net\/congo-brazzaville\/politique\/reseau-des-jeunes-parlementaires-le-congo-represente-a-la-reunion-de-paris#primaryimage\"},\"thumbnailUrl\":\"https:\/\/static.africa-press.net\/congo-brazzaville\/sites\/51\/2024\/05\/sm_1716830908.233921.jpg\",\"keywords\":[\"Africa Press\",\"Africa Press-Congo Brazzaville\",\"Congo Brazzaville\"],\"articleSection\":[\"Photo\",\"Politique\",\"Toutes les actualit\u00e9s\"],\"inLanguage\":\"fr-FR\",\"potentialAction\":[{\"@type\":\"CommentAction\",\"name\":\"Comment\",\"target\":[\"https:\/\/www.africa-press.net\/congo-brazzaville\/politique\/reseau-des-jeunes-parlementaires-le-congo-represente-a-la-reunion-de-paris#respond\"]}]},{\"@type\":\"WebPage\",\"@id\":\"https:\/\/www.africa-press.net\/congo-brazzaville\/politique\/reseau-des-jeunes-parlementaires-le-congo-represente-a-la-reunion-de-paris\",\"url\":\"https:\/\/www.africa-press.net\/congo-brazzaville\/politique\/reseau-des-jeunes-parlementaires-le-congo-represente-a-la-reunion-de-paris\",\"name\":\"R\u00e9seau des jeunes parlementaires : le Congo repr\u00e9sent\u00e9 \u00e0 la r\u00e9union de Paris - Congo Brazzaville\",\"isPartOf\":{\"@id\":\"https:\/\/www.africa-press.net\/congo-brazzaville\/#website\"},\"primaryImageOfPage\":{\"@id\":\"https:\/\/www.africa-press.net\/congo-brazzaville\/politique\/reseau-des-jeunes-parlementaires-le-congo-represente-a-la-reunion-de-paris#primaryimage\"},\"image\":{\"@id\":\"https:\/\/www.africa-press.net\/congo-brazzaville\/politique\/reseau-des-jeunes-parlementaires-le-congo-represente-a-la-reunion-de-paris#primaryimage\"},\"thumbnailUrl\":\"https:\/\/static.africa-press.net\/congo-brazzaville\/sites\/51\/2024\/05\/sm_1716830908.233921.jpg\",\"datePublished\":\"2024-05-27T20:34:14+00:00\",\"dateModified\":\"2024-05-27T20:58:50+00:00\",\"author\":{\"@id\":\"https:\/\/www.africa-press.net\/congo-brazzaville\/#\/schema\/person\/2b1cf3cd81a31e3cd26889ca66d677f1\"},\"description\":\"Le de\u0301pute\u0301 Yves Fortune\u0301 Mounde\u0301le\u0301-Ngollo Ehourossia a pris part, du 22 au 24 mai dans la capitale franc\u0327aise, a\u0300 l ...\",\"breadcrumb\":{\"@id\":\"https:\/\/www.africa-press.net\/congo-brazzaville\/politique\/reseau-des-jeunes-parlementaires-le-congo-represente-a-la-reunion-de-paris#breadcrumb\"},\"inLanguage\":\"fr-FR\",\"potentialAction\":[{\"@type\":\"ReadAction\",\"target\":[\"https:\/\/www.africa-press.net\/congo-brazzaville\/politique\/reseau-des-jeunes-parlementaires-le-congo-represente-a-la-reunion-de-paris\"]}]},{\"@type\":\"ImageObject\",\"inLanguage\":\"fr-FR\",\"@id\":\"https:\/\/www.africa-press.net\/congo-brazzaville\/politique\/reseau-des-jeunes-parlementaires-le-congo-represente-a-la-reunion-de-paris#primaryimage\",\"url\":\"https:\/\/static.africa-press.net\/congo-brazzaville\/sites\/51\/2024\/05\/sm_1716830908.233921.jpg\",\"contentUrl\":\"https:\/\/static.africa-press.net\/congo-brazzaville\/sites\/51\/2024\/05\/sm_1716830908.233921.jpg\",\"width\":1280,\"height\":720,\"caption\":\"R\u00e9seau des jeunes parlementaires : le Congo repr\u00e9sent\u00e9 \u00e0 la r\u00e9union de Paris\"},{\"@type\":\"BreadcrumbList\",\"@id\":\"https:\/\/www.africa-press.net\/congo-brazzaville\/politique\/reseau-des-jeunes-parlementaires-le-congo-represente-a-la-reunion-de-paris#breadcrumb\",\"itemListElement\":[{\"@type\":\"ListItem\",\"position\":1,\"name\":\"Accueil\",\"item\":\"https:\/\/www.africa-press.net\/congo-brazzaville\/\"},{\"@type\":\"ListItem\",\"position\":2,\"name\":\"R\u00e9seau des jeunes parlementaires : le Congo repr\u00e9sent\u00e9 \u00e0 la r\u00e9union de Paris\"}]},{\"@type\":\"WebSite\",\"@id\":\"https:\/\/www.africa-press.net\/congo-brazzaville\/#website\",\"url\":\"https:\/\/www.africa-press.net\/congo-brazzaville\/\",\"name\":\"Congo Brazzaville\",\"description\":\"Just another Africa News Agency Sites site\",\"potentialAction\":[{\"@type\":\"SearchAction\",\"target\":{\"@type\":\"EntryPoint\",\"urlTemplate\":\"https:\/\/www.africa-press.net\/congo-brazzaville\/?s={search_term_string}\"},\"query-input\":{\"@type\":\"PropertyValueSpecification\",\"valueRequired\":true,\"valueName\":\"search_term_string\"}}],\"inLanguage\":\"fr-FR\"},{\"@type\":\"Person\",\"@id\":\"https:\/\/www.africa-press.net\/congo-brazzaville\/#\/schema\/person\/2b1cf3cd81a31e3cd26889ca66d677f1\",\"name\":\"cfeditorfr\"}]}<\/script>\n<!-- \/ Yoast SEO Premium plugin. -->","yoast_head_json":{"title":"R\u00e9seau des jeunes parlementaires : le Congo repr\u00e9sent\u00e9 \u00e0 la r\u00e9union de Paris - Congo Brazzaville","description":"Le de\u0301pute\u0301 Yves Fortune\u0301 Mounde\u0301le\u0301-Ngollo Ehourossia a pris part, du 22 au 24 mai dans la capitale franc\u0327aise, a\u0300 l ...","robots":{"index":"index","follow":"follow","max-snippet":"max-snippet:-1","max-image-preview":"max-image-preview:large","max-video-preview":"max-video-preview:-1"},"canonical":"https:\/\/www.africa-press.net\/congo-brazzaville\/politique\/reseau-des-jeunes-parlementaires-le-congo-represente-a-la-reunion-de-paris","og_locale":"fr_FR","og_type":"article","og_title":"R\u00e9seau des jeunes parlementaires : le Congo repr\u00e9sent\u00e9 \u00e0 la r\u00e9union de Paris","og_description":"Le de\u0301pute\u0301 Yves Fortune\u0301 Mounde\u0301le\u0301-Ngollo Ehourossia a pris part, du 22 au 24 mai dans la capitale franc\u0327aise, a\u0300 l ...","og_url":"https:\/\/www.africa-press.net\/congo-brazzaville\/politique\/reseau-des-jeunes-parlementaires-le-congo-represente-a-la-reunion-de-paris","og_site_name":"Congo Brazzaville","article_published_time":"2024-05-27T20:34:14+00:00","article_modified_time":"2024-05-27T20:58:50+00:00","og_image":[{"width":1280,"height":720,"url":"https:\/\/static.africa-press.net\/congo-brazzaville\/sites\/51\/2024\/05\/sm_1716830908.233921.jpg","type":"image\/jpeg"}],"author":"cfeditorfr","twitter_card":"summary_large_image","twitter_misc":{"\u00c9crit par":"cfeditorfr","Dur\u00e9e de lecture estim\u00e9e":"3 minutes"},"schema":{"@context":"https:\/\/schema.org","@graph":[{"@type":"Article","@id":"https:\/\/www.africa-press.net\/congo-brazzaville\/politique\/reseau-des-jeunes-parlementaires-le-congo-represente-a-la-reunion-de-paris#article","isPartOf":{"@id":"https:\/\/www.africa-press.net\/congo-brazzaville\/politique\/reseau-des-jeunes-parlementaires-le-congo-represente-a-la-reunion-de-paris"},"author":{"name":"cfeditorfr","@id":"https:\/\/www.africa-press.net\/congo-brazzaville\/#\/schema\/person\/2b1cf3cd81a31e3cd26889ca66d677f1"},"headline":"R\u00e9seau des jeunes parlementaires : le Congo repr\u00e9sent\u00e9 \u00e0 la r\u00e9union de Paris","datePublished":"2024-05-27T20:34:14+00:00","dateModified":"2024-05-27T20:58:50+00:00","mainEntityOfPage":{"@id":"https:\/\/www.africa-press.net\/congo-brazzaville\/politique\/reseau-des-jeunes-parlementaires-le-congo-represente-a-la-reunion-de-paris"},"wordCount":637,"commentCount":0,"image":{"@id":"https:\/\/www.africa-press.net\/congo-brazzaville\/politique\/reseau-des-jeunes-parlementaires-le-congo-represente-a-la-reunion-de-paris#primaryimage"},"thumbnailUrl":"https:\/\/static.africa-press.net\/congo-brazzaville\/sites\/51\/2024\/05\/sm_1716830908.233921.jpg","keywords":["Africa Press","Africa Press-Congo Brazzaville","Congo Brazzaville"],"articleSection":["Photo","Politique","Toutes les actualit\u00e9s"],"inLanguage":"fr-FR","potentialAction":[{"@type":"CommentAction","name":"Comment","target":["https:\/\/www.africa-press.net\/congo-brazzaville\/politique\/reseau-des-jeunes-parlementaires-le-congo-represente-a-la-reunion-de-paris#respond"]}]},{"@type":"WebPage","@id":"https:\/\/www.africa-press.net\/congo-brazzaville\/politique\/reseau-des-jeunes-parlementaires-le-congo-represente-a-la-reunion-de-paris","url":"https:\/\/www.africa-press.net\/congo-brazzaville\/politique\/reseau-des-jeunes-parlementaires-le-congo-represente-a-la-reunion-de-paris","name":"R\u00e9seau des jeunes parlementaires : le Congo repr\u00e9sent\u00e9 \u00e0 la r\u00e9union de Paris - Congo Brazzaville","isPartOf":{"@id":"https:\/\/www.africa-press.net\/congo-brazzaville\/#website"},"primaryImageOfPage":{"@id":"https:\/\/www.africa-press.net\/congo-brazzaville\/politique\/reseau-des-jeunes-parlementaires-le-congo-represente-a-la-reunion-de-paris#primaryimage"},"image":{"@id":"https:\/\/www.africa-press.net\/congo-brazzaville\/politique\/reseau-des-jeunes-parlementaires-le-congo-represente-a-la-reunion-de-paris#primaryimage"},"thumbnailUrl":"https:\/\/static.africa-press.net\/congo-brazzaville\/sites\/51\/2024\/05\/sm_1716830908.233921.jpg","datePublished":"2024-05-27T20:34:14+00:00","dateModified":"2024-05-27T20:58:50+00:00","author":{"@id":"https:\/\/www.africa-press.net\/congo-brazzaville\/#\/schema\/person\/2b1cf3cd81a31e3cd26889ca66d677f1"},"description":"Le de\u0301pute\u0301 Yves Fortune\u0301 Mounde\u0301le\u0301-Ngollo Ehourossia a pris part, du 22 au 24 mai dans la capitale franc\u0327aise, a\u0300 l ...","breadcrumb":{"@id":"https:\/\/www.africa-press.net\/congo-brazzaville\/politique\/reseau-des-jeunes-parlementaires-le-congo-represente-a-la-reunion-de-paris#breadcrumb"},"inLanguage":"fr-FR","potentialAction":[{"@type":"ReadAction","target":["https:\/\/www.africa-press.net\/congo-brazzaville\/politique\/reseau-des-jeunes-parlementaires-le-congo-represente-a-la-reunion-de-paris"]}]},{"@type":"ImageObject","inLanguage":"fr-FR","@id":"https:\/\/www.africa-press.net\/congo-brazzaville\/politique\/reseau-des-jeunes-parlementaires-le-congo-represente-a-la-reunion-de-paris#primaryimage","url":"https:\/\/static.africa-press.net\/congo-brazzaville\/sites\/51\/2024\/05\/sm_1716830908.233921.jpg","contentUrl":"https:\/\/static.africa-press.net\/congo-brazzaville\/sites\/51\/2024\/05\/sm_1716830908.233921.jpg","width":1280,"height":720,"caption":"R\u00e9seau des jeunes parlementaires : le Congo repr\u00e9sent\u00e9 \u00e0 la r\u00e9union de Paris"},{"@type":"BreadcrumbList","@id":"https:\/\/www.africa-press.net\/congo-brazzaville\/politique\/reseau-des-jeunes-parlementaires-le-congo-represente-a-la-reunion-de-paris#breadcrumb","itemListElement":[{"@type":"ListItem","position":1,"name":"Accueil","item":"https:\/\/www.africa-press.net\/congo-brazzaville\/"},{"@type":"ListItem","position":2,"name":"R\u00e9seau des jeunes parlementaires : le Congo repr\u00e9sent\u00e9 \u00e0 la r\u00e9union de Paris"}]},{"@type":"WebSite","@id":"https:\/\/www.africa-press.net\/congo-brazzaville\/#website","url":"https:\/\/www.africa-press.net\/congo-brazzaville\/","name":"Congo Brazzaville","description":"Just another Africa News Agency Sites site","potentialAction":[{"@type":"SearchAction","target":{"@type":"EntryPoint","urlTemplate":"https:\/\/www.africa-press.net\/congo-brazzaville\/?s={search_term_string}"},"query-input":{"@type":"PropertyValueSpecification","valueRequired":true,"valueName":"search_term_string"}}],"inLanguage":"fr-FR"},{"@type":"Person","@id":"https:\/\/www.africa-press.net\/congo-brazzaville\/#\/schema\/person\/2b1cf3cd81a31e3cd26889ca66d677f1","name":"cfeditorfr"}]}},"_links":{"self":[{"href":"https:\/\/www.africa-press.net\/congo-brazzaville\/wp-json\/wp\/v2\/posts\/30789","targetHints":{"allow":["GET"]}}],"collection":[{"href":"https:\/\/www.africa-press.net\/congo-brazzaville\/wp-json\/wp\/v2\/posts"}],"about":[{"href":"https:\/\/www.africa-press.net\/congo-brazzaville\/wp-json\/wp\/v2\/types\/post"}],"author":[{"embeddable":true,"href":"https:\/\/www.africa-press.net\/congo-brazzaville\/wp-json\/wp\/v2\/users\/82"}],"replies":[{"embeddable":true,"href":"https:\/\/www.africa-press.net\/congo-brazzaville\/wp-json\/wp\/v2\/comments?post=30789"}],"version-history":[{"count":0,"href":"https:\/\/www.africa-press.net\/congo-brazzaville\/wp-json\/wp\/v2\/posts\/30789\/revisions"}],"wp:featuredmedia":[{"embeddable":true,"href":"https:\/\/www.africa-press.net\/congo-brazzaville\/wp-json\/wp\/v2\/media\/30788"}],"wp:attachment":[{"href":"https:\/\/www.africa-press.net\/congo-brazzaville\/wp-json\/wp\/v2\/media?parent=30789"}],"wp:term":[{"taxonomy":"category","embeddable":true,"href":"https:\/\/www.africa-press.net\/congo-brazzaville\/wp-json\/wp\/v2\/categories?post=30789"},{"taxonomy":"post_tag","embeddable":true,"href":"https:\/\/www.africa-press.net\/congo-brazzaville\/wp-json\/wp\/v2\/tags?post=30789"}],"curies":[{"name":"wp","href":"https:\/\/api.w.org\/{rel}","templated":true}]}}