{"id":30795,"date":"2024-05-27T20:34:47","date_gmt":"2024-05-27T20:34:47","guid":{"rendered":"https:\/\/www.africa-press.net\/congo-brazzaville\/politique\/cames-des-enseignants-chercheurs-congolais-decrochent-les-palmes-academiques"},"modified":"2024-05-27T20:59:21","modified_gmt":"2024-05-27T20:59:21","slug":"cames-des-enseignants-chercheurs-congolais-decrochent-les-palmes-academiques","status":"publish","type":"post","link":"https:\/\/www.africa-press.net\/congo-brazzaville\/photo\/cames-des-enseignants-chercheurs-congolais-decrochent-les-palmes-academiques","title":{"rendered":"Cames : des enseignants-chercheurs congolais d\u00e9crochent les palmes acad\u00e9miques"},"content":{"rendered":"<p><span style=\"color: #ff6600\"><strong>Africa-Press &#8211; Congo Brazzaville. <\/strong><\/span><b>Parmi les dix re\u0301cipiendaires de la distinction de l\u2019Ordre international des palmes acade\u0301miques du Conseil africain et malgache pour l\u2019enseignement supe\u0301rieur (Cames) figurent six Congolais. <\/b><\/p>\n<p>La clo\u0302ture des travaux de la 41e session ordinaire du Conseil des ministres du Cames, le 24 mai a\u0300 Brazzaville, a e\u0301te\u0301 suivie de la ce\u0301re\u0301monie de re\u0301ception dans l\u2019Ordre international des palmes acade\u0301miques des enseignants-chercheurs du Congo, pays ho\u0302te, du Se\u0301ne\u0301gal, du Mali et du Niger.<\/p>\n<p>Les Congolais ayant rec\u0327u la distinction sont tous enseignants-chercheurs de l\u2019Universite\u0301 Marien-Ngouabi. Dans la cate\u0301gorie de chevalier, il y a Omer Massoumou, professeur titulaire en Litte\u0301rature franc\u0327aise, enseignant a\u0300 l\u2019Universite\u0301 Marien-Ngouabi ; Mathias Ndinga, professeur titulaire Sciences e\u0301conomiques (doyen de la faculte\u0301 des sciences e\u0301conomiques) ; Yvon Pierre Ndongo Ibara, professeur titulaire en linguistique anglaise ; Le\u0301onard Miere, mai\u0302tre de confe\u0301rences. Par ailleurs, le professeur titulaire Camara Bakary du Mali a e\u0301galement de\u0301croche\u0301 la palme acade\u0301mique dans la cate\u0301gorie des chevaliers.<\/p>\n<p>En outre, Abraham Constant Ndinga-Mbo, professeur des universite\u0301s en histoire et civilisations africaines et Jean-Maurille Ouamba, professeur titulaire en chimie organique ont e\u0301te\u0301 faits officiers dans l\u2019Ordre international des palmes acade\u0301miques du Cames tandis que le Pr Claude Bichou du Se\u0301ne\u0301gal et le professeur titulaire de biologie et physiologie ve\u0301ge\u0301tales, Ramatou Djermakoye, ont e\u0301te\u0301 de\u0301core\u0301s en qualite\u0301 de commandeurs. Il convient de souligner que le Pr Ramatou Djermakoye a e\u0301te\u0301 l\u2019unique dans cette se\u0301rie de de\u0301coration. \u00abLes re\u0301cipiendaires peuvent be\u0301ne\u0301ficier des re\u0301ductions des droits d\u2019inscription dans les conditions fixe\u0301es par les recteurs et pre\u0301sidents des universite\u0301s des pays membres. Ils peuvent aussi acce\u0301der a\u0300 tous les e\u0301tablissements publics d\u2019enseignement supe\u0301rieur du Cames \u00bb, a explique\u0301 le Grand chancelier de l\u2019Ordre international des palmes acade\u0301miques du Cames qui est, par ailleurs, secre\u0301taire ge\u0301ne\u0301ral de l\u2019institution, le Pr Souleymane Konate.<\/p>\n<p>Selon lui, la remise de la distinction de la palme acade\u0301mique est une manie\u0300re pour le Cames de marquer symboliquement sa reconnaissance a\u0300 l\u2019endroit des personnalite\u0301s ayant contribue\u0301 a\u0300 son rayonnement dans les domaines de l\u2019enseignement supe\u0301rieur et de la recherche scientifique, compte tenu de la qualite\u0301 de leur contribution. La distinction n\u2019est pas de\u0301die\u0301e uniquement aux enseignants-chercheurs mais aussi aux personnalite\u0301s administratives, politiques, africaines ou non qui apportent leur pierre a\u0300 l\u2019e\u0301dification du Cames.<\/p>\n<p>Au nom de l\u2019ensemble des re\u0301cipiendaires, le Pr Abraham Constant Ndinga-Mbo, le plus a\u0302ge\u0301 d\u2019entre eux, a pris la parole. \u00ab Nous allons poursuivre nos actions pour l\u2019e\u0301panouissement de la science et de la technologie dans l\u2019espace Cames, en Afrique, dans le monde \u00bb, a-t-il fait savoir, donnant lecture du mot de remerciement.<\/p>\n\r\n                <style type=\"text\/css\">\r\n                    \r\n                    #td_uid_1_69f3d1e678464  .td-doubleSlider-2 .td-item1 {\r\n                        background: url(https:\/\/static.africa-press.net\/congo-brazzaville\/sites\/51\/2024\/05\/sm_1716830919.946676-80x60.jpg) 0 0 no-repeat;\r\n                    }\r\n                    #td_uid_1_69f3d1e678464  .td-doubleSlider-2 .td-item2 {\r\n                        background: url(https:\/\/static.africa-press.net\/congo-brazzaville\/sites\/51\/2024\/05\/sm_1716830925.741573-80x60.jpg) 0 0 no-repeat;\r\n                    }\r\n                <\/style>\r\n\r\n                <div id=\"td_uid_1_69f3d1e678464\" class=\"td-gallery td-slide-on-2-columns\">\r\n                    <div class=\"post_td_gallery\">\r\n                        <div class=\"td-gallery-slide-top\">\r\n                           <div class=\"td-gallery-title\"><\/div>\r\n\r\n                            <div class=\"td-gallery-controls-wrapper\">\r\n                                <div class=\"td-gallery-slide-count\"><span class=\"td-gallery-slide-item-focus\">1<\/span> de 2<\/div>\r\n                                <div class=\"td-gallery-slide-prev-next-but\">\r\n                                    <i class = \"td-icon-left doubleSliderPrevButton\"><\/i>\r\n                                    <i class = \"td-icon-right doubleSliderNextButton\"><\/i>\r\n                                <\/div>\r\n                            <\/div>\r\n                        <\/div>\r\n\r\n                        <div class = \"td-doubleSlider-1 \">\r\n                            <div class = \"td-slider\">\r\n                                \r\n                    <div class = \"td-slide-item td-item1\">\r\n                        <figure class=\"td-slide-galery-figure td-slide-popup-gallery\">\r\n                            <a class=\"slide-gallery-image-link\" href=\"https:\/\/static.africa-press.net\/congo-brazzaville\/sites\/51\/2024\/05\/sm_1716830919.946676.jpg\" title=\"sm_1716830919.946676\"  data-caption=\"\"  data-description=\"\">\r\n                                <img decoding=\"async\" src=\"https:\/\/static.africa-press.net\/congo-brazzaville\/sites\/51\/2024\/05\/sm_1716830919.946676.jpg\" srcset=\"https:\/\/static.africa-press.net\/congo-brazzaville\/sites\/51\/2024\/05\/sm_1716830919.946676.jpg 1155w, https:\/\/static.africa-press.net\/congo-brazzaville\/sites\/51\/2024\/05\/sm_1716830919.946676-300x199.jpg 300w, https:\/\/static.africa-press.net\/congo-brazzaville\/sites\/51\/2024\/05\/sm_1716830919.946676-1024x681.jpg 1024w, https:\/\/static.africa-press.net\/congo-brazzaville\/sites\/51\/2024\/05\/sm_1716830919.946676-768x511.jpg 768w\" sizes=\"(max-width: 1155px) 100vw, 1155px\" alt=\"\">\r\n                            <\/a>\r\n                            \r\n                        <\/figure>\r\n                    <\/div>\r\n                    <div class = \"td-slide-item td-item2\">\r\n                        <figure class=\"td-slide-galery-figure td-slide-popup-gallery\">\r\n                            <a class=\"slide-gallery-image-link\" href=\"https:\/\/static.africa-press.net\/congo-brazzaville\/sites\/51\/2024\/05\/sm_1716830925.741573.jpg\" title=\"sm_1716830925.741573\"  data-caption=\"\"  data-description=\"\">\r\n                                <img decoding=\"async\" src=\"https:\/\/static.africa-press.net\/congo-brazzaville\/sites\/51\/2024\/05\/sm_1716830925.741573.jpg\" srcset=\"https:\/\/static.africa-press.net\/congo-brazzaville\/sites\/51\/2024\/05\/sm_1716830925.741573.jpg 1155w, https:\/\/static.africa-press.net\/congo-brazzaville\/sites\/51\/2024\/05\/sm_1716830925.741573-300x199.jpg 300w, https:\/\/static.africa-press.net\/congo-brazzaville\/sites\/51\/2024\/05\/sm_1716830925.741573-1024x681.jpg 1024w, https:\/\/static.africa-press.net\/congo-brazzaville\/sites\/51\/2024\/05\/sm_1716830925.741573-768x511.jpg 768w\" sizes=\"(max-width: 1155px) 100vw, 1155px\" alt=\"\">\r\n                            <\/a>\r\n                            \r\n                        <\/figure>\r\n                    <\/div>\r\n                            <\/div>\r\n                        <\/div>\r\n\r\n                        <div class = \"td-doubleSlider-2\">\r\n                            <div class = \"td-slider\">\r\n                                \r\n                    <div class = \"td-button td-item1\">\r\n                        <div class = \"td-border\"><\/div>\r\n                    <\/div>\r\n                    <div class = \"td-button td-item2\">\r\n                        <div class = \"td-border\"><\/div>\r\n                    <\/div>\r\n                            <\/div>\r\n                        <\/div>\r\n\r\n                    <\/div>\r\n\r\n                <\/div>\r\n                \n<p><strong>Pour plus d&rsquo;informations et d&rsquo;analyses sur la <a href=\"https:\/\/www.africa-press.net\/congo-brazzaville\">Congo Brazzaville<\/a>, suivez <a href=\"https:\/\/www.africa-press.net\/\">Africa-Press<\/a><\/strong><\/p>\n","protected":false},"excerpt":{"rendered":"<p>Africa-Press &#8211; Congo Brazzaville. Parmi les dix re\u0301cipiendaires de la distinction de l\u2019Ordre international des palmes acade\u0301miques du Conseil africain et malgache pour l\u2019enseignement supe\u0301rieur (Cames) figurent six Congolais. La clo\u0302ture des travaux de la 41e session ordinaire du Conseil des ministres du Cames, le 24 mai a\u0300 Brazzaville, a e\u0301te\u0301 suivie de la ce\u0301re\u0301monie [&hellip;]<\/p>\n","protected":false},"author":82,"featured_media":30794,"comment_status":"open","ping_status":"closed","sticky":false,"template":"","format":"standard","meta":{"footnotes":""},"categories":[21,8,10],"tags":[36,47,46],"class_list":["post-30795","post","type-post","status-publish","format-standard","has-post-thumbnail","hentry","category-communaute","category-photo","category-toutes-les-actualites","tag-africa-press","tag-africa-press-congo-brazzaville","tag-congo-brazzaville"],"yoast_head":"<!-- This site is optimized with the Yoast SEO Premium plugin v26.1 (Yoast SEO v27.0) - https:\/\/yoast.com\/product\/yoast-seo-premium-wordpress\/ -->\n<title>Cames : des enseignants-chercheurs congolais d\u00e9crochent les palmes acad\u00e9miques - Congo Brazzaville<\/title>\n<meta name=\"description\" content=\"Parmi les dix re\u0301cipiendaires de la distinction de l\u2019Ordre international des palmes acade\u0301miques du Conseil africain ...\" \/>\n<meta name=\"robots\" content=\"index, follow, max-snippet:-1, max-image-preview:large, max-video-preview:-1\" \/>\n<link rel=\"canonical\" href=\"https:\/\/www.africa-press.net\/congo-brazzaville\/photo\/cames-des-enseignants-chercheurs-congolais-decrochent-les-palmes-academiques\" \/>\n<meta property=\"og:locale\" content=\"fr_FR\" \/>\n<meta property=\"og:type\" content=\"article\" \/>\n<meta property=\"og:title\" content=\"Cames : des enseignants-chercheurs congolais d\u00e9crochent les palmes acad\u00e9miques\" \/>\n<meta property=\"og:description\" content=\"Parmi les dix re\u0301cipiendaires de la distinction de l\u2019Ordre international des palmes acade\u0301miques du Conseil africain ...\" \/>\n<meta property=\"og:url\" content=\"https:\/\/www.africa-press.net\/congo-brazzaville\/photo\/cames-des-enseignants-chercheurs-congolais-decrochent-les-palmes-academiques\" \/>\n<meta property=\"og:site_name\" content=\"Congo Brazzaville\" \/>\n<meta property=\"article:published_time\" content=\"2024-05-27T20:34:47+00:00\" \/>\n<meta property=\"article:modified_time\" content=\"2024-05-27T20:59:21+00:00\" \/>\n<meta property=\"og:image\" content=\"https:\/\/static.africa-press.net\/congo-brazzaville\/sites\/51\/2024\/05\/sm_1716830935.3995.jpg\" \/>\n\t<meta property=\"og:image:width\" content=\"1155\" \/>\n\t<meta property=\"og:image:height\" content=\"768\" \/>\n\t<meta property=\"og:image:type\" content=\"image\/jpeg\" \/>\n<meta name=\"author\" content=\"cfeditorfr\" \/>\n<meta name=\"twitter:card\" content=\"summary_large_image\" \/>\n<meta name=\"twitter:label1\" content=\"\u00c9crit par\" \/>\n\t<meta name=\"twitter:data1\" content=\"cfeditorfr\" \/>\n\t<meta name=\"twitter:label2\" content=\"Dur\u00e9e de lecture estim\u00e9e\" \/>\n\t<meta name=\"twitter:data2\" content=\"3 minutes\" \/>\n<script type=\"application\/ld+json\" class=\"yoast-schema-graph\">{\"@context\":\"https:\/\/schema.org\",\"@graph\":[{\"@type\":\"Article\",\"@id\":\"https:\/\/www.africa-press.net\/congo-brazzaville\/photo\/cames-des-enseignants-chercheurs-congolais-decrochent-les-palmes-academiques#article\",\"isPartOf\":{\"@id\":\"https:\/\/www.africa-press.net\/congo-brazzaville\/photo\/cames-des-enseignants-chercheurs-congolais-decrochent-les-palmes-academiques\"},\"author\":{\"name\":\"cfeditorfr\",\"@id\":\"https:\/\/www.africa-press.net\/congo-brazzaville\/#\/schema\/person\/2b1cf3cd81a31e3cd26889ca66d677f1\"},\"headline\":\"Cames : des enseignants-chercheurs congolais d\u00e9crochent les palmes acad\u00e9miques\",\"datePublished\":\"2024-05-27T20:34:47+00:00\",\"dateModified\":\"2024-05-27T20:59:21+00:00\",\"mainEntityOfPage\":{\"@id\":\"https:\/\/www.africa-press.net\/congo-brazzaville\/photo\/cames-des-enseignants-chercheurs-congolais-decrochent-les-palmes-academiques\"},\"wordCount\":531,\"commentCount\":0,\"image\":{\"@id\":\"https:\/\/www.africa-press.net\/congo-brazzaville\/photo\/cames-des-enseignants-chercheurs-congolais-decrochent-les-palmes-academiques#primaryimage\"},\"thumbnailUrl\":\"https:\/\/static.africa-press.net\/congo-brazzaville\/sites\/51\/2024\/05\/sm_1716830935.3995.jpg\",\"keywords\":[\"Africa Press\",\"Africa Press-Congo Brazzaville\",\"Congo Brazzaville\"],\"articleSection\":[\"Communaut\u00e9\",\"Photo\",\"Toutes les actualit\u00e9s\"],\"inLanguage\":\"fr-FR\",\"potentialAction\":[{\"@type\":\"CommentAction\",\"name\":\"Comment\",\"target\":[\"https:\/\/www.africa-press.net\/congo-brazzaville\/photo\/cames-des-enseignants-chercheurs-congolais-decrochent-les-palmes-academiques#respond\"]}]},{\"@type\":\"WebPage\",\"@id\":\"https:\/\/www.africa-press.net\/congo-brazzaville\/photo\/cames-des-enseignants-chercheurs-congolais-decrochent-les-palmes-academiques\",\"url\":\"https:\/\/www.africa-press.net\/congo-brazzaville\/photo\/cames-des-enseignants-chercheurs-congolais-decrochent-les-palmes-academiques\",\"name\":\"Cames : des enseignants-chercheurs congolais d\u00e9crochent les palmes acad\u00e9miques - Congo Brazzaville\",\"isPartOf\":{\"@id\":\"https:\/\/www.africa-press.net\/congo-brazzaville\/#website\"},\"primaryImageOfPage\":{\"@id\":\"https:\/\/www.africa-press.net\/congo-brazzaville\/photo\/cames-des-enseignants-chercheurs-congolais-decrochent-les-palmes-academiques#primaryimage\"},\"image\":{\"@id\":\"https:\/\/www.africa-press.net\/congo-brazzaville\/photo\/cames-des-enseignants-chercheurs-congolais-decrochent-les-palmes-academiques#primaryimage\"},\"thumbnailUrl\":\"https:\/\/static.africa-press.net\/congo-brazzaville\/sites\/51\/2024\/05\/sm_1716830935.3995.jpg\",\"datePublished\":\"2024-05-27T20:34:47+00:00\",\"dateModified\":\"2024-05-27T20:59:21+00:00\",\"author\":{\"@id\":\"https:\/\/www.africa-press.net\/congo-brazzaville\/#\/schema\/person\/2b1cf3cd81a31e3cd26889ca66d677f1\"},\"description\":\"Parmi les dix re\u0301cipiendaires de la distinction de l\u2019Ordre international des palmes acade\u0301miques du Conseil africain ...\",\"breadcrumb\":{\"@id\":\"https:\/\/www.africa-press.net\/congo-brazzaville\/photo\/cames-des-enseignants-chercheurs-congolais-decrochent-les-palmes-academiques#breadcrumb\"},\"inLanguage\":\"fr-FR\",\"potentialAction\":[{\"@type\":\"ReadAction\",\"target\":[\"https:\/\/www.africa-press.net\/congo-brazzaville\/photo\/cames-des-enseignants-chercheurs-congolais-decrochent-les-palmes-academiques\"]}]},{\"@type\":\"ImageObject\",\"inLanguage\":\"fr-FR\",\"@id\":\"https:\/\/www.africa-press.net\/congo-brazzaville\/photo\/cames-des-enseignants-chercheurs-congolais-decrochent-les-palmes-academiques#primaryimage\",\"url\":\"https:\/\/static.africa-press.net\/congo-brazzaville\/sites\/51\/2024\/05\/sm_1716830935.3995.jpg\",\"contentUrl\":\"https:\/\/static.africa-press.net\/congo-brazzaville\/sites\/51\/2024\/05\/sm_1716830935.3995.jpg\",\"width\":1155,\"height\":768,\"caption\":\"Cames : des enseignants-chercheurs congolais d\u00e9crochent les palmes acad\u00e9miques\"},{\"@type\":\"BreadcrumbList\",\"@id\":\"https:\/\/www.africa-press.net\/congo-brazzaville\/photo\/cames-des-enseignants-chercheurs-congolais-decrochent-les-palmes-academiques#breadcrumb\",\"itemListElement\":[{\"@type\":\"ListItem\",\"position\":1,\"name\":\"Accueil\",\"item\":\"https:\/\/www.africa-press.net\/congo-brazzaville\/\"},{\"@type\":\"ListItem\",\"position\":2,\"name\":\"Cames : des enseignants-chercheurs congolais d\u00e9crochent les palmes acad\u00e9miques\"}]},{\"@type\":\"WebSite\",\"@id\":\"https:\/\/www.africa-press.net\/congo-brazzaville\/#website\",\"url\":\"https:\/\/www.africa-press.net\/congo-brazzaville\/\",\"name\":\"Congo Brazzaville\",\"description\":\"Just another Africa News Agency Sites site\",\"potentialAction\":[{\"@type\":\"SearchAction\",\"target\":{\"@type\":\"EntryPoint\",\"urlTemplate\":\"https:\/\/www.africa-press.net\/congo-brazzaville\/?s={search_term_string}\"},\"query-input\":{\"@type\":\"PropertyValueSpecification\",\"valueRequired\":true,\"valueName\":\"search_term_string\"}}],\"inLanguage\":\"fr-FR\"},{\"@type\":\"Person\",\"@id\":\"https:\/\/www.africa-press.net\/congo-brazzaville\/#\/schema\/person\/2b1cf3cd81a31e3cd26889ca66d677f1\",\"name\":\"cfeditorfr\"}]}<\/script>\n<!-- \/ Yoast SEO Premium plugin. -->","yoast_head_json":{"title":"Cames : des enseignants-chercheurs congolais d\u00e9crochent les palmes acad\u00e9miques - Congo Brazzaville","description":"Parmi les dix re\u0301cipiendaires de la distinction de l\u2019Ordre international des palmes acade\u0301miques du Conseil africain ...","robots":{"index":"index","follow":"follow","max-snippet":"max-snippet:-1","max-image-preview":"max-image-preview:large","max-video-preview":"max-video-preview:-1"},"canonical":"https:\/\/www.africa-press.net\/congo-brazzaville\/photo\/cames-des-enseignants-chercheurs-congolais-decrochent-les-palmes-academiques","og_locale":"fr_FR","og_type":"article","og_title":"Cames : des enseignants-chercheurs congolais d\u00e9crochent les palmes acad\u00e9miques","og_description":"Parmi les dix re\u0301cipiendaires de la distinction de l\u2019Ordre international des palmes acade\u0301miques du Conseil africain ...","og_url":"https:\/\/www.africa-press.net\/congo-brazzaville\/photo\/cames-des-enseignants-chercheurs-congolais-decrochent-les-palmes-academiques","og_site_name":"Congo Brazzaville","article_published_time":"2024-05-27T20:34:47+00:00","article_modified_time":"2024-05-27T20:59:21+00:00","og_image":[{"width":1155,"height":768,"url":"https:\/\/static.africa-press.net\/congo-brazzaville\/sites\/51\/2024\/05\/sm_1716830935.3995.jpg","type":"image\/jpeg"}],"author":"cfeditorfr","twitter_card":"summary_large_image","twitter_misc":{"\u00c9crit par":"cfeditorfr","Dur\u00e9e de lecture estim\u00e9e":"3 minutes"},"schema":{"@context":"https:\/\/schema.org","@graph":[{"@type":"Article","@id":"https:\/\/www.africa-press.net\/congo-brazzaville\/photo\/cames-des-enseignants-chercheurs-congolais-decrochent-les-palmes-academiques#article","isPartOf":{"@id":"https:\/\/www.africa-press.net\/congo-brazzaville\/photo\/cames-des-enseignants-chercheurs-congolais-decrochent-les-palmes-academiques"},"author":{"name":"cfeditorfr","@id":"https:\/\/www.africa-press.net\/congo-brazzaville\/#\/schema\/person\/2b1cf3cd81a31e3cd26889ca66d677f1"},"headline":"Cames : des enseignants-chercheurs congolais d\u00e9crochent les palmes acad\u00e9miques","datePublished":"2024-05-27T20:34:47+00:00","dateModified":"2024-05-27T20:59:21+00:00","mainEntityOfPage":{"@id":"https:\/\/www.africa-press.net\/congo-brazzaville\/photo\/cames-des-enseignants-chercheurs-congolais-decrochent-les-palmes-academiques"},"wordCount":531,"commentCount":0,"image":{"@id":"https:\/\/www.africa-press.net\/congo-brazzaville\/photo\/cames-des-enseignants-chercheurs-congolais-decrochent-les-palmes-academiques#primaryimage"},"thumbnailUrl":"https:\/\/static.africa-press.net\/congo-brazzaville\/sites\/51\/2024\/05\/sm_1716830935.3995.jpg","keywords":["Africa Press","Africa Press-Congo Brazzaville","Congo Brazzaville"],"articleSection":["Communaut\u00e9","Photo","Toutes les actualit\u00e9s"],"inLanguage":"fr-FR","potentialAction":[{"@type":"CommentAction","name":"Comment","target":["https:\/\/www.africa-press.net\/congo-brazzaville\/photo\/cames-des-enseignants-chercheurs-congolais-decrochent-les-palmes-academiques#respond"]}]},{"@type":"WebPage","@id":"https:\/\/www.africa-press.net\/congo-brazzaville\/photo\/cames-des-enseignants-chercheurs-congolais-decrochent-les-palmes-academiques","url":"https:\/\/www.africa-press.net\/congo-brazzaville\/photo\/cames-des-enseignants-chercheurs-congolais-decrochent-les-palmes-academiques","name":"Cames : des enseignants-chercheurs congolais d\u00e9crochent les palmes acad\u00e9miques - Congo Brazzaville","isPartOf":{"@id":"https:\/\/www.africa-press.net\/congo-brazzaville\/#website"},"primaryImageOfPage":{"@id":"https:\/\/www.africa-press.net\/congo-brazzaville\/photo\/cames-des-enseignants-chercheurs-congolais-decrochent-les-palmes-academiques#primaryimage"},"image":{"@id":"https:\/\/www.africa-press.net\/congo-brazzaville\/photo\/cames-des-enseignants-chercheurs-congolais-decrochent-les-palmes-academiques#primaryimage"},"thumbnailUrl":"https:\/\/static.africa-press.net\/congo-brazzaville\/sites\/51\/2024\/05\/sm_1716830935.3995.jpg","datePublished":"2024-05-27T20:34:47+00:00","dateModified":"2024-05-27T20:59:21+00:00","author":{"@id":"https:\/\/www.africa-press.net\/congo-brazzaville\/#\/schema\/person\/2b1cf3cd81a31e3cd26889ca66d677f1"},"description":"Parmi les dix re\u0301cipiendaires de la distinction de l\u2019Ordre international des palmes acade\u0301miques du Conseil africain ...","breadcrumb":{"@id":"https:\/\/www.africa-press.net\/congo-brazzaville\/photo\/cames-des-enseignants-chercheurs-congolais-decrochent-les-palmes-academiques#breadcrumb"},"inLanguage":"fr-FR","potentialAction":[{"@type":"ReadAction","target":["https:\/\/www.africa-press.net\/congo-brazzaville\/photo\/cames-des-enseignants-chercheurs-congolais-decrochent-les-palmes-academiques"]}]},{"@type":"ImageObject","inLanguage":"fr-FR","@id":"https:\/\/www.africa-press.net\/congo-brazzaville\/photo\/cames-des-enseignants-chercheurs-congolais-decrochent-les-palmes-academiques#primaryimage","url":"https:\/\/static.africa-press.net\/congo-brazzaville\/sites\/51\/2024\/05\/sm_1716830935.3995.jpg","contentUrl":"https:\/\/static.africa-press.net\/congo-brazzaville\/sites\/51\/2024\/05\/sm_1716830935.3995.jpg","width":1155,"height":768,"caption":"Cames : des enseignants-chercheurs congolais d\u00e9crochent les palmes acad\u00e9miques"},{"@type":"BreadcrumbList","@id":"https:\/\/www.africa-press.net\/congo-brazzaville\/photo\/cames-des-enseignants-chercheurs-congolais-decrochent-les-palmes-academiques#breadcrumb","itemListElement":[{"@type":"ListItem","position":1,"name":"Accueil","item":"https:\/\/www.africa-press.net\/congo-brazzaville\/"},{"@type":"ListItem","position":2,"name":"Cames : des enseignants-chercheurs congolais d\u00e9crochent les palmes acad\u00e9miques"}]},{"@type":"WebSite","@id":"https:\/\/www.africa-press.net\/congo-brazzaville\/#website","url":"https:\/\/www.africa-press.net\/congo-brazzaville\/","name":"Congo Brazzaville","description":"Just another Africa News Agency Sites site","potentialAction":[{"@type":"SearchAction","target":{"@type":"EntryPoint","urlTemplate":"https:\/\/www.africa-press.net\/congo-brazzaville\/?s={search_term_string}"},"query-input":{"@type":"PropertyValueSpecification","valueRequired":true,"valueName":"search_term_string"}}],"inLanguage":"fr-FR"},{"@type":"Person","@id":"https:\/\/www.africa-press.net\/congo-brazzaville\/#\/schema\/person\/2b1cf3cd81a31e3cd26889ca66d677f1","name":"cfeditorfr"}]}},"_links":{"self":[{"href":"https:\/\/www.africa-press.net\/congo-brazzaville\/wp-json\/wp\/v2\/posts\/30795","targetHints":{"allow":["GET"]}}],"collection":[{"href":"https:\/\/www.africa-press.net\/congo-brazzaville\/wp-json\/wp\/v2\/posts"}],"about":[{"href":"https:\/\/www.africa-press.net\/congo-brazzaville\/wp-json\/wp\/v2\/types\/post"}],"author":[{"embeddable":true,"href":"https:\/\/www.africa-press.net\/congo-brazzaville\/wp-json\/wp\/v2\/users\/82"}],"replies":[{"embeddable":true,"href":"https:\/\/www.africa-press.net\/congo-brazzaville\/wp-json\/wp\/v2\/comments?post=30795"}],"version-history":[{"count":0,"href":"https:\/\/www.africa-press.net\/congo-brazzaville\/wp-json\/wp\/v2\/posts\/30795\/revisions"}],"wp:featuredmedia":[{"embeddable":true,"href":"https:\/\/www.africa-press.net\/congo-brazzaville\/wp-json\/wp\/v2\/media\/30794"}],"wp:attachment":[{"href":"https:\/\/www.africa-press.net\/congo-brazzaville\/wp-json\/wp\/v2\/media?parent=30795"}],"wp:term":[{"taxonomy":"category","embeddable":true,"href":"https:\/\/www.africa-press.net\/congo-brazzaville\/wp-json\/wp\/v2\/categories?post=30795"},{"taxonomy":"post_tag","embeddable":true,"href":"https:\/\/www.africa-press.net\/congo-brazzaville\/wp-json\/wp\/v2\/tags?post=30795"}],"curies":[{"name":"wp","href":"https:\/\/api.w.org\/{rel}","templated":true}]}}