{"id":30979,"date":"2024-05-30T19:37:38","date_gmt":"2024-05-30T19:37:38","guid":{"rendered":"https:\/\/www.africa-press.net\/congo-brazzaville\/politique\/prix-ginetta-sagan-2024-les-defenseures-des-droits-humains-en-avant-plan"},"modified":"2024-05-30T20:15:44","modified_gmt":"2024-05-30T20:15:44","slug":"prix-ginetta-sagan-2024-les-defenseures-des-droits-humains-en-avant-plan","status":"publish","type":"post","link":"https:\/\/www.africa-press.net\/congo-brazzaville\/toutes-les-actualites\/prix-ginetta-sagan-2024-les-defenseures-des-droits-humains-en-avant-plan","title":{"rendered":"Prix Ginetta Sagan 2024 : les d\u00e9fenseures des droits humains en avant-plan"},"content":{"rendered":"<p><span style=\"color: #ff6600\"><strong>Africa-Press &#8211; Congo Brazzaville. <\/strong><\/span><b>Amnesty International Etats-Unis d&rsquo;Ame\u0301rique est heureuse et demande aux femmes courageuses qui se battent pour de\u0301fendre leurs droits et ceux des enfants dans les zones ou\u0300 ils ne sont pas respecte\u0301s de bien vouloir soumettre leurs candidatures au Prix Ginetta Sagan avant le 5 aou\u0302t.<\/b><\/p>\n<p>L\u2019objectif principal du concours est de promouvoir les droits humains en rapport avec les femmes et les enfants. Il vise e\u0301galement a\u0300 soutenir et encourager les femmes qui \u0153uvrent dans la de\u0301fense des droits des femmes et des enfants a\u0300 travers le monde. En fait, ne sont re\u0301compense\u0301es par ce prix que les actions individuelles des femmes de\u0301fenseures des droits humains.<\/p>\n<p>Pour espe\u0301rer prendre part a\u0300 ce concours international, les femmes devront remplir des crite\u0300res, entre autres, e\u0302tre pre\u0301sidente d\u2019association ou directrice ge\u0301ne\u0301rale d\u2019une organisation de de\u0301fense des droits des femmes et des enfants, e\u0302tre menace\u0301e pour son activisme, disposer d\u2019une expertise prouve\u0301e sur la re\u0301solution des droits humains et avoir apporte\u0301 des changements significatifs dans sa re\u0301gion et son pays dans la de\u0301fense des droits des femmes et des enfants par un travail de qualite\u0301. Toutefois, les membres de gouvernements, les chefs de partis politiques, les employe\u0301s de gouvernements ou les fonctionnaires sont ine\u0301ligibles au Prix Ginetta Sagan. Car la structure organisatrice de ce prix est non partisane d\u2019un quelconque syste\u0300me politique.<\/p>\n<p>Les futures re\u0301cipiendaires obtiendront des avantages non ne\u0301gligeables. Elles auront, par exemple, la possibilite\u0301 de vivre et de travailler librement sur leurs projets en attirant une nouvelle attention internationale sur leurs re\u0301alisations et les obstacles auxquels elles sont confronte\u0301es. En plus de cette visibilite\u0301, les laure\u0301ates du Prix Ginetta Sagan recevront en subvention un montant sans appel de 20 000 dollars ame\u0301ricains.<\/p>\n<p>Pour pouvoir postuler, les candidates devront se rendre sur le site web des organisateurs pour y remplir, le plus exhaustivement possible, le formulaire de candidatures. En plus du formulaire, elles seront invite\u0301es a\u0300 inclure jusqu&rsquo;a\u0300 deux lettres de recommandation d&rsquo;autres personnes qu&rsquo;ils connaissent le travail en faveur des droits de la personne.<\/p>\n<p>Notons que ces personnes de confiance ont la possibilite\u0301 de fournir des documents supple\u0301mentaires pouvant permettre au comite\u0301 de se\u0301lection de mieux comprendre la candidate. Il pourra s\u2019agir des liens des sites Web vers la presse, des interviews et toute autre information pertinente. Toutefois, ces documents devront e\u0302tre soumis en pie\u0300ce jointe.<\/p>\n<p>A noter qu\u2019Amnesty International E\u0301tats-Unis a cre\u0301e\u0301 le Fonds Ginetta Sagan en 1994, l&rsquo;un de ses premiers fonds dote\u0301 en permanence et le seul qui re\u0301pond spe\u0301cifiquement aux besoins des femmes et des enfants. Le Fonds Ginetta Sagan assure la continuite\u0301 de l&rsquo;he\u0301ritage de Ginetta en matie\u0300re de droits humains et attire l&rsquo;attention du monde entier sur les abus perpe\u0301tre\u0301s contre les femmes et les enfants.<\/p>\n<p><strong>Pour plus d&rsquo;informations et d&rsquo;analyses sur la <a href=\"https:\/\/www.africa-press.net\/congo-brazzaville\">Congo Brazzaville<\/a>, suivez <a href=\"https:\/\/www.africa-press.net\/\">Africa-Press<\/a><\/strong><\/p>\n","protected":false},"excerpt":{"rendered":"<p>Africa-Press &#8211; Congo Brazzaville. Amnesty International Etats-Unis d&rsquo;Ame\u0301rique est heureuse et demande aux femmes courageuses qui se battent pour de\u0301fendre leurs droits et ceux des enfants dans les zones ou\u0300 ils ne sont pas respecte\u0301s de bien vouloir soumettre leurs candidatures au Prix Ginetta Sagan avant le 5 aou\u0302t. L\u2019objectif principal du concours est de [&hellip;]<\/p>\n","protected":false},"author":82,"featured_media":30978,"comment_status":"open","ping_status":"closed","sticky":false,"template":"","format":"standard","meta":{"footnotes":""},"categories":[21,10],"tags":[36,47,46],"class_list":["post-30979","post","type-post","status-publish","format-standard","has-post-thumbnail","hentry","category-communaute","category-toutes-les-actualites","tag-africa-press","tag-africa-press-congo-brazzaville","tag-congo-brazzaville"],"yoast_head":"<!-- This site is optimized with the Yoast SEO Premium plugin v26.1 (Yoast SEO v27.0) - https:\/\/yoast.com\/product\/yoast-seo-premium-wordpress\/ -->\n<title>Prix Ginetta Sagan 2024 : les d\u00e9fenseures des droits humains en avant-plan - Congo Brazzaville<\/title>\n<meta name=\"description\" content=\"Amnesty International Etats-Unis d&#039;Ame\u0301rique est heureuse et demande aux femmes courageuses qui se battent pour de\u0301fe ...\" \/>\n<meta name=\"robots\" content=\"index, follow, max-snippet:-1, max-image-preview:large, max-video-preview:-1\" \/>\n<link rel=\"canonical\" href=\"https:\/\/www.africa-press.net\/congo-brazzaville\/toutes-les-actualites\/prix-ginetta-sagan-2024-les-defenseures-des-droits-humains-en-avant-plan\" \/>\n<meta property=\"og:locale\" content=\"fr_FR\" \/>\n<meta property=\"og:type\" content=\"article\" \/>\n<meta property=\"og:title\" content=\"Prix Ginetta Sagan 2024 : les d\u00e9fenseures des droits humains en avant-plan\" \/>\n<meta property=\"og:description\" content=\"Amnesty International Etats-Unis d&#039;Ame\u0301rique est heureuse et demande aux femmes courageuses qui se battent pour de\u0301fe ...\" \/>\n<meta property=\"og:url\" content=\"https:\/\/www.africa-press.net\/congo-brazzaville\/toutes-les-actualites\/prix-ginetta-sagan-2024-les-defenseures-des-droits-humains-en-avant-plan\" \/>\n<meta property=\"og:site_name\" content=\"Congo Brazzaville\" \/>\n<meta property=\"article:published_time\" content=\"2024-05-30T19:37:38+00:00\" \/>\n<meta property=\"article:modified_time\" content=\"2024-05-30T20:15:44+00:00\" \/>\n<meta property=\"og:image\" content=\"https:\/\/static.africa-press.net\/congo-brazzaville\/sites\/51\/2024\/05\/sm_1717087273.729949.jpg\" \/>\n\t<meta property=\"og:image:width\" content=\"814\" \/>\n\t<meta property=\"og:image:height\" content=\"543\" \/>\n\t<meta property=\"og:image:type\" content=\"image\/jpeg\" \/>\n<meta name=\"author\" content=\"cfeditorfr\" \/>\n<meta name=\"twitter:card\" content=\"summary_large_image\" \/>\n<meta name=\"twitter:label1\" content=\"\u00c9crit par\" \/>\n\t<meta name=\"twitter:data1\" content=\"cfeditorfr\" \/>\n\t<meta name=\"twitter:label2\" content=\"Dur\u00e9e de lecture estim\u00e9e\" \/>\n\t<meta name=\"twitter:data2\" content=\"3 minutes\" \/>\n<script type=\"application\/ld+json\" class=\"yoast-schema-graph\">{\"@context\":\"https:\/\/schema.org\",\"@graph\":[{\"@type\":\"Article\",\"@id\":\"https:\/\/www.africa-press.net\/congo-brazzaville\/toutes-les-actualites\/prix-ginetta-sagan-2024-les-defenseures-des-droits-humains-en-avant-plan#article\",\"isPartOf\":{\"@id\":\"https:\/\/www.africa-press.net\/congo-brazzaville\/toutes-les-actualites\/prix-ginetta-sagan-2024-les-defenseures-des-droits-humains-en-avant-plan\"},\"author\":{\"name\":\"cfeditorfr\",\"@id\":\"https:\/\/www.africa-press.net\/congo-brazzaville\/#\/schema\/person\/2b1cf3cd81a31e3cd26889ca66d677f1\"},\"headline\":\"Prix Ginetta Sagan 2024 : les d\u00e9fenseures des droits humains en avant-plan\",\"datePublished\":\"2024-05-30T19:37:38+00:00\",\"dateModified\":\"2024-05-30T20:15:44+00:00\",\"mainEntityOfPage\":{\"@id\":\"https:\/\/www.africa-press.net\/congo-brazzaville\/toutes-les-actualites\/prix-ginetta-sagan-2024-les-defenseures-des-droits-humains-en-avant-plan\"},\"wordCount\":532,\"commentCount\":0,\"image\":{\"@id\":\"https:\/\/www.africa-press.net\/congo-brazzaville\/toutes-les-actualites\/prix-ginetta-sagan-2024-les-defenseures-des-droits-humains-en-avant-plan#primaryimage\"},\"thumbnailUrl\":\"https:\/\/static.africa-press.net\/congo-brazzaville\/sites\/51\/2024\/05\/sm_1717087273.729949.jpg\",\"keywords\":[\"Africa Press\",\"Africa Press-Congo Brazzaville\",\"Congo Brazzaville\"],\"articleSection\":[\"Communaut\u00e9\",\"Toutes les actualit\u00e9s\"],\"inLanguage\":\"fr-FR\",\"potentialAction\":[{\"@type\":\"CommentAction\",\"name\":\"Comment\",\"target\":[\"https:\/\/www.africa-press.net\/congo-brazzaville\/toutes-les-actualites\/prix-ginetta-sagan-2024-les-defenseures-des-droits-humains-en-avant-plan#respond\"]}]},{\"@type\":\"WebPage\",\"@id\":\"https:\/\/www.africa-press.net\/congo-brazzaville\/toutes-les-actualites\/prix-ginetta-sagan-2024-les-defenseures-des-droits-humains-en-avant-plan\",\"url\":\"https:\/\/www.africa-press.net\/congo-brazzaville\/toutes-les-actualites\/prix-ginetta-sagan-2024-les-defenseures-des-droits-humains-en-avant-plan\",\"name\":\"Prix Ginetta Sagan 2024 : les d\u00e9fenseures des droits humains en avant-plan - Congo Brazzaville\",\"isPartOf\":{\"@id\":\"https:\/\/www.africa-press.net\/congo-brazzaville\/#website\"},\"primaryImageOfPage\":{\"@id\":\"https:\/\/www.africa-press.net\/congo-brazzaville\/toutes-les-actualites\/prix-ginetta-sagan-2024-les-defenseures-des-droits-humains-en-avant-plan#primaryimage\"},\"image\":{\"@id\":\"https:\/\/www.africa-press.net\/congo-brazzaville\/toutes-les-actualites\/prix-ginetta-sagan-2024-les-defenseures-des-droits-humains-en-avant-plan#primaryimage\"},\"thumbnailUrl\":\"https:\/\/static.africa-press.net\/congo-brazzaville\/sites\/51\/2024\/05\/sm_1717087273.729949.jpg\",\"datePublished\":\"2024-05-30T19:37:38+00:00\",\"dateModified\":\"2024-05-30T20:15:44+00:00\",\"author\":{\"@id\":\"https:\/\/www.africa-press.net\/congo-brazzaville\/#\/schema\/person\/2b1cf3cd81a31e3cd26889ca66d677f1\"},\"description\":\"Amnesty International Etats-Unis d'Ame\u0301rique est heureuse et demande aux femmes courageuses qui se battent pour de\u0301fe ...\",\"breadcrumb\":{\"@id\":\"https:\/\/www.africa-press.net\/congo-brazzaville\/toutes-les-actualites\/prix-ginetta-sagan-2024-les-defenseures-des-droits-humains-en-avant-plan#breadcrumb\"},\"inLanguage\":\"fr-FR\",\"potentialAction\":[{\"@type\":\"ReadAction\",\"target\":[\"https:\/\/www.africa-press.net\/congo-brazzaville\/toutes-les-actualites\/prix-ginetta-sagan-2024-les-defenseures-des-droits-humains-en-avant-plan\"]}]},{\"@type\":\"ImageObject\",\"inLanguage\":\"fr-FR\",\"@id\":\"https:\/\/www.africa-press.net\/congo-brazzaville\/toutes-les-actualites\/prix-ginetta-sagan-2024-les-defenseures-des-droits-humains-en-avant-plan#primaryimage\",\"url\":\"https:\/\/static.africa-press.net\/congo-brazzaville\/sites\/51\/2024\/05\/sm_1717087273.729949.jpg\",\"contentUrl\":\"https:\/\/static.africa-press.net\/congo-brazzaville\/sites\/51\/2024\/05\/sm_1717087273.729949.jpg\",\"width\":814,\"height\":543,\"caption\":\"Prix Ginetta Sagan 2024 : les d\u00e9fenseures des droits humains en avant-plan\"},{\"@type\":\"BreadcrumbList\",\"@id\":\"https:\/\/www.africa-press.net\/congo-brazzaville\/toutes-les-actualites\/prix-ginetta-sagan-2024-les-defenseures-des-droits-humains-en-avant-plan#breadcrumb\",\"itemListElement\":[{\"@type\":\"ListItem\",\"position\":1,\"name\":\"Accueil\",\"item\":\"https:\/\/www.africa-press.net\/congo-brazzaville\/\"},{\"@type\":\"ListItem\",\"position\":2,\"name\":\"Prix Ginetta Sagan 2024 : les d\u00e9fenseures des droits humains en avant-plan\"}]},{\"@type\":\"WebSite\",\"@id\":\"https:\/\/www.africa-press.net\/congo-brazzaville\/#website\",\"url\":\"https:\/\/www.africa-press.net\/congo-brazzaville\/\",\"name\":\"Congo Brazzaville\",\"description\":\"Just another Africa News Agency Sites site\",\"potentialAction\":[{\"@type\":\"SearchAction\",\"target\":{\"@type\":\"EntryPoint\",\"urlTemplate\":\"https:\/\/www.africa-press.net\/congo-brazzaville\/?s={search_term_string}\"},\"query-input\":{\"@type\":\"PropertyValueSpecification\",\"valueRequired\":true,\"valueName\":\"search_term_string\"}}],\"inLanguage\":\"fr-FR\"},{\"@type\":\"Person\",\"@id\":\"https:\/\/www.africa-press.net\/congo-brazzaville\/#\/schema\/person\/2b1cf3cd81a31e3cd26889ca66d677f1\",\"name\":\"cfeditorfr\"}]}<\/script>\n<!-- \/ Yoast SEO Premium plugin. -->","yoast_head_json":{"title":"Prix Ginetta Sagan 2024 : les d\u00e9fenseures des droits humains en avant-plan - Congo Brazzaville","description":"Amnesty International Etats-Unis d'Ame\u0301rique est heureuse et demande aux femmes courageuses qui se battent pour de\u0301fe ...","robots":{"index":"index","follow":"follow","max-snippet":"max-snippet:-1","max-image-preview":"max-image-preview:large","max-video-preview":"max-video-preview:-1"},"canonical":"https:\/\/www.africa-press.net\/congo-brazzaville\/toutes-les-actualites\/prix-ginetta-sagan-2024-les-defenseures-des-droits-humains-en-avant-plan","og_locale":"fr_FR","og_type":"article","og_title":"Prix Ginetta Sagan 2024 : les d\u00e9fenseures des droits humains en avant-plan","og_description":"Amnesty International Etats-Unis d'Ame\u0301rique est heureuse et demande aux femmes courageuses qui se battent pour de\u0301fe ...","og_url":"https:\/\/www.africa-press.net\/congo-brazzaville\/toutes-les-actualites\/prix-ginetta-sagan-2024-les-defenseures-des-droits-humains-en-avant-plan","og_site_name":"Congo Brazzaville","article_published_time":"2024-05-30T19:37:38+00:00","article_modified_time":"2024-05-30T20:15:44+00:00","og_image":[{"width":814,"height":543,"url":"https:\/\/static.africa-press.net\/congo-brazzaville\/sites\/51\/2024\/05\/sm_1717087273.729949.jpg","type":"image\/jpeg"}],"author":"cfeditorfr","twitter_card":"summary_large_image","twitter_misc":{"\u00c9crit par":"cfeditorfr","Dur\u00e9e de lecture estim\u00e9e":"3 minutes"},"schema":{"@context":"https:\/\/schema.org","@graph":[{"@type":"Article","@id":"https:\/\/www.africa-press.net\/congo-brazzaville\/toutes-les-actualites\/prix-ginetta-sagan-2024-les-defenseures-des-droits-humains-en-avant-plan#article","isPartOf":{"@id":"https:\/\/www.africa-press.net\/congo-brazzaville\/toutes-les-actualites\/prix-ginetta-sagan-2024-les-defenseures-des-droits-humains-en-avant-plan"},"author":{"name":"cfeditorfr","@id":"https:\/\/www.africa-press.net\/congo-brazzaville\/#\/schema\/person\/2b1cf3cd81a31e3cd26889ca66d677f1"},"headline":"Prix Ginetta Sagan 2024 : les d\u00e9fenseures des droits humains en avant-plan","datePublished":"2024-05-30T19:37:38+00:00","dateModified":"2024-05-30T20:15:44+00:00","mainEntityOfPage":{"@id":"https:\/\/www.africa-press.net\/congo-brazzaville\/toutes-les-actualites\/prix-ginetta-sagan-2024-les-defenseures-des-droits-humains-en-avant-plan"},"wordCount":532,"commentCount":0,"image":{"@id":"https:\/\/www.africa-press.net\/congo-brazzaville\/toutes-les-actualites\/prix-ginetta-sagan-2024-les-defenseures-des-droits-humains-en-avant-plan#primaryimage"},"thumbnailUrl":"https:\/\/static.africa-press.net\/congo-brazzaville\/sites\/51\/2024\/05\/sm_1717087273.729949.jpg","keywords":["Africa Press","Africa Press-Congo Brazzaville","Congo Brazzaville"],"articleSection":["Communaut\u00e9","Toutes les actualit\u00e9s"],"inLanguage":"fr-FR","potentialAction":[{"@type":"CommentAction","name":"Comment","target":["https:\/\/www.africa-press.net\/congo-brazzaville\/toutes-les-actualites\/prix-ginetta-sagan-2024-les-defenseures-des-droits-humains-en-avant-plan#respond"]}]},{"@type":"WebPage","@id":"https:\/\/www.africa-press.net\/congo-brazzaville\/toutes-les-actualites\/prix-ginetta-sagan-2024-les-defenseures-des-droits-humains-en-avant-plan","url":"https:\/\/www.africa-press.net\/congo-brazzaville\/toutes-les-actualites\/prix-ginetta-sagan-2024-les-defenseures-des-droits-humains-en-avant-plan","name":"Prix Ginetta Sagan 2024 : les d\u00e9fenseures des droits humains en avant-plan - Congo Brazzaville","isPartOf":{"@id":"https:\/\/www.africa-press.net\/congo-brazzaville\/#website"},"primaryImageOfPage":{"@id":"https:\/\/www.africa-press.net\/congo-brazzaville\/toutes-les-actualites\/prix-ginetta-sagan-2024-les-defenseures-des-droits-humains-en-avant-plan#primaryimage"},"image":{"@id":"https:\/\/www.africa-press.net\/congo-brazzaville\/toutes-les-actualites\/prix-ginetta-sagan-2024-les-defenseures-des-droits-humains-en-avant-plan#primaryimage"},"thumbnailUrl":"https:\/\/static.africa-press.net\/congo-brazzaville\/sites\/51\/2024\/05\/sm_1717087273.729949.jpg","datePublished":"2024-05-30T19:37:38+00:00","dateModified":"2024-05-30T20:15:44+00:00","author":{"@id":"https:\/\/www.africa-press.net\/congo-brazzaville\/#\/schema\/person\/2b1cf3cd81a31e3cd26889ca66d677f1"},"description":"Amnesty International Etats-Unis d'Ame\u0301rique est heureuse et demande aux femmes courageuses qui se battent pour de\u0301fe ...","breadcrumb":{"@id":"https:\/\/www.africa-press.net\/congo-brazzaville\/toutes-les-actualites\/prix-ginetta-sagan-2024-les-defenseures-des-droits-humains-en-avant-plan#breadcrumb"},"inLanguage":"fr-FR","potentialAction":[{"@type":"ReadAction","target":["https:\/\/www.africa-press.net\/congo-brazzaville\/toutes-les-actualites\/prix-ginetta-sagan-2024-les-defenseures-des-droits-humains-en-avant-plan"]}]},{"@type":"ImageObject","inLanguage":"fr-FR","@id":"https:\/\/www.africa-press.net\/congo-brazzaville\/toutes-les-actualites\/prix-ginetta-sagan-2024-les-defenseures-des-droits-humains-en-avant-plan#primaryimage","url":"https:\/\/static.africa-press.net\/congo-brazzaville\/sites\/51\/2024\/05\/sm_1717087273.729949.jpg","contentUrl":"https:\/\/static.africa-press.net\/congo-brazzaville\/sites\/51\/2024\/05\/sm_1717087273.729949.jpg","width":814,"height":543,"caption":"Prix Ginetta Sagan 2024 : les d\u00e9fenseures des droits humains en avant-plan"},{"@type":"BreadcrumbList","@id":"https:\/\/www.africa-press.net\/congo-brazzaville\/toutes-les-actualites\/prix-ginetta-sagan-2024-les-defenseures-des-droits-humains-en-avant-plan#breadcrumb","itemListElement":[{"@type":"ListItem","position":1,"name":"Accueil","item":"https:\/\/www.africa-press.net\/congo-brazzaville\/"},{"@type":"ListItem","position":2,"name":"Prix Ginetta Sagan 2024 : les d\u00e9fenseures des droits humains en avant-plan"}]},{"@type":"WebSite","@id":"https:\/\/www.africa-press.net\/congo-brazzaville\/#website","url":"https:\/\/www.africa-press.net\/congo-brazzaville\/","name":"Congo Brazzaville","description":"Just another Africa News Agency Sites site","potentialAction":[{"@type":"SearchAction","target":{"@type":"EntryPoint","urlTemplate":"https:\/\/www.africa-press.net\/congo-brazzaville\/?s={search_term_string}"},"query-input":{"@type":"PropertyValueSpecification","valueRequired":true,"valueName":"search_term_string"}}],"inLanguage":"fr-FR"},{"@type":"Person","@id":"https:\/\/www.africa-press.net\/congo-brazzaville\/#\/schema\/person\/2b1cf3cd81a31e3cd26889ca66d677f1","name":"cfeditorfr"}]}},"_links":{"self":[{"href":"https:\/\/www.africa-press.net\/congo-brazzaville\/wp-json\/wp\/v2\/posts\/30979","targetHints":{"allow":["GET"]}}],"collection":[{"href":"https:\/\/www.africa-press.net\/congo-brazzaville\/wp-json\/wp\/v2\/posts"}],"about":[{"href":"https:\/\/www.africa-press.net\/congo-brazzaville\/wp-json\/wp\/v2\/types\/post"}],"author":[{"embeddable":true,"href":"https:\/\/www.africa-press.net\/congo-brazzaville\/wp-json\/wp\/v2\/users\/82"}],"replies":[{"embeddable":true,"href":"https:\/\/www.africa-press.net\/congo-brazzaville\/wp-json\/wp\/v2\/comments?post=30979"}],"version-history":[{"count":0,"href":"https:\/\/www.africa-press.net\/congo-brazzaville\/wp-json\/wp\/v2\/posts\/30979\/revisions"}],"wp:featuredmedia":[{"embeddable":true,"href":"https:\/\/www.africa-press.net\/congo-brazzaville\/wp-json\/wp\/v2\/media\/30978"}],"wp:attachment":[{"href":"https:\/\/www.africa-press.net\/congo-brazzaville\/wp-json\/wp\/v2\/media?parent=30979"}],"wp:term":[{"taxonomy":"category","embeddable":true,"href":"https:\/\/www.africa-press.net\/congo-brazzaville\/wp-json\/wp\/v2\/categories?post=30979"},{"taxonomy":"post_tag","embeddable":true,"href":"https:\/\/www.africa-press.net\/congo-brazzaville\/wp-json\/wp\/v2\/tags?post=30979"}],"curies":[{"name":"wp","href":"https:\/\/api.w.org\/{rel}","templated":true}]}}