{"id":30995,"date":"2024-05-31T12:34:16","date_gmt":"2024-05-31T12:34:16","guid":{"rendered":"https:\/\/www.africa-press.net\/congo-brazzaville\/politique\/le-ministre-du-budget-edifie-sur-linclusion-des-groupes-defavorises-par-lapproche-des-droits-de-lhomme"},"modified":"2024-05-31T13:42:42","modified_gmt":"2024-05-31T13:42:42","slug":"le-ministre-du-budget-edifie-sur-linclusion-des-groupes-defavorises-par-lapproche-des-droits-de-lhomme","status":"publish","type":"post","link":"https:\/\/www.africa-press.net\/congo-brazzaville\/politique\/le-ministre-du-budget-edifie-sur-linclusion-des-groupes-defavorises-par-lapproche-des-droits-de-lhomme","title":{"rendered":"le ministre du budget \u00e9difi\u00e9 sur l\u2019inclusion des groupes d\u00e9favoris\u00e9s par l\u2019approche des droits de l\u2019homme"},"content":{"rendered":"<p><span style=\"color: #ff6600\"><strong>Africa-Press &#8211; Congo Brazzaville. <\/strong><\/span><b>Le repre\u0301sentant du Haut-commissaire des Nations unies pour les droits de l\u2019homme en Afrique centrale, Nouhoum Sangare\u0301, a pre\u0301cise\u0301, le 30 mai a\u0300 Brazzaville que l\u2019approche par les droits de l\u2019homme permettra aux de\u0301cideurs de mieux recadrer les budgets dans les domaines de l\u2019e\u0301ducation, la sante\u0301 et l\u2019emploi en faveur des groupes de\u0301favorise\u0301s.<\/b><\/p>\n<p>\u00ab Les droits de l\u2019homme sont transversaux. Tout investissement qu\u2019on fait dans le domaine de l\u2019e\u0301ducation, la sante\u0301, l\u2019emploi on est sur les droits de l\u2019homme. L\u2019approche par les droits de l\u2019homme permet de poser un bon diagnostic pour mieux recadrer la fac\u0327on dont les budgets sont alloue\u0301s dans ces diffe\u0301rents secteurs ; avec une attention particulie\u0300re aux groupes de\u0301favorise\u0301s et vulne\u0301rables dans la socie\u0301te\u0301 ; et qui sont souvent laisse\u0301s pour compte, pas parce qu\u2019on le veut mais parce qu\u2019on n\u2019a pas utilise\u0301 les outils qu\u2019il faut au moment ou\u0300 il faut, pour se rassurer que ces cibles be\u0301ne\u0301ficieront des pouvoirs publics et leurs partenaires sont en train de de\u0301ployer pour atteindre les de\u0301veloppement humain, durable et inclusif \u00bb, a explique\u0301, Nouhoum Sangare\u0301, a\u0300 l\u2019issue de son e\u0301change avec le ministre du budget, des comptes publics et du portefeuille public, Ludovic,.<\/p>\n<p>Lors de la rencontre, le repre\u0301sentant re\u0301gional du Haut-commissaire en charge des droits de l\u2019homme a inviter le ministe\u0300re du budget a\u0300 un atelier que les Nations unies organiseront la semaine prochaine sur la transversalite\u0301 entre les programmations budge\u0301taires et la promotion des droits de l\u2019homme. \u00ab Nous avons convenu de continuer a\u0300 approfondir la collaboration a\u0300 commencer par la participation la semaine prochaine du repre\u0301sentant du ministe\u0300re du budget a\u0300 l\u2019atelier de validation des outils d\u2019e\u0301valuation de la performance des politiques publiques sur la base des droits de l\u2019homme \u00bb, a-t-il indique\u0301.<\/p>\n<p>Prenant la mesure de l\u2019approche propose\u0301e par le cadre des nations unis, le ministre du budget, des comptes publics et du portefeuille public, Ludovic Ngatse\u0301 s\u2019est engage\u0301 a\u0300 organiser les formations au sein de son ministe\u0300re, sur la ne\u0301cessite\u0301 de lier les programmations budge\u0301taires a\u0300 la the\u0301matique lie\u0301e aux droits de l\u2019homme. \u00ab Nous avons pris note de l\u2019inte\u0301re\u0302t du ministre d\u2019organiser pour le ministe\u0300re du budget des ateliers spe\u0301cifiques sur cette the\u0301matique des droits de l\u2019homme et de partager aussi des outils pour que les investissements publics puissent avoir une plus grande plus-value dans le sens de l\u2019ame\u0301lioration des conditions de vie des populations \u00bb, a conclu Nouhoum Sangare\u0301.<\/p>\n<p><strong>Pour plus d&rsquo;informations et d&rsquo;analyses sur la <a href=\"https:\/\/www.africa-press.net\/congo-brazzaville\">Congo Brazzaville<\/a>, suivez <a href=\"https:\/\/www.africa-press.net\/\">Africa-Press<\/a><\/strong><\/p>\n","protected":false},"excerpt":{"rendered":"<p>Africa-Press &#8211; Congo Brazzaville. Le repre\u0301sentant du Haut-commissaire des Nations unies pour les droits de l\u2019homme en Afrique centrale, Nouhoum Sangare\u0301, a pre\u0301cise\u0301, le 30 mai a\u0300 Brazzaville que l\u2019approche par les droits de l\u2019homme permettra aux de\u0301cideurs de mieux recadrer les budgets dans les domaines de l\u2019e\u0301ducation, la sante\u0301 et l\u2019emploi en faveur des [&hellip;]<\/p>\n","protected":false},"author":82,"featured_media":30994,"comment_status":"open","ping_status":"closed","sticky":false,"template":"","format":"standard","meta":{"footnotes":""},"categories":[2,10],"tags":[36,47,46],"class_list":["post-30995","post","type-post","status-publish","format-standard","has-post-thumbnail","hentry","category-politique","category-toutes-les-actualites","tag-africa-press","tag-africa-press-congo-brazzaville","tag-congo-brazzaville"],"yoast_head":"<!-- This site is optimized with the Yoast SEO Premium plugin v26.1 (Yoast SEO v27.0) - https:\/\/yoast.com\/product\/yoast-seo-premium-wordpress\/ -->\n<title>le ministre du budget \u00e9difi\u00e9 sur l\u2019inclusion des groupes d\u00e9favoris\u00e9s par l\u2019approche des droits de l\u2019homme - Congo Brazzaville<\/title>\n<meta name=\"description\" content=\"Le repre\u0301sentant du Haut-commissaire des Nations unies pour les droits de l\u2019homme en Afrique centrale, Nouhoum Sangar ...\" \/>\n<meta name=\"robots\" content=\"index, follow, max-snippet:-1, max-image-preview:large, max-video-preview:-1\" \/>\n<link rel=\"canonical\" href=\"https:\/\/www.africa-press.net\/congo-brazzaville\/politique\/le-ministre-du-budget-edifie-sur-linclusion-des-groupes-defavorises-par-lapproche-des-droits-de-lhomme\" \/>\n<meta property=\"og:locale\" content=\"fr_FR\" \/>\n<meta property=\"og:type\" content=\"article\" \/>\n<meta property=\"og:title\" content=\"le ministre du budget \u00e9difi\u00e9 sur l\u2019inclusion des groupes d\u00e9favoris\u00e9s par l\u2019approche des droits de l\u2019homme\" \/>\n<meta property=\"og:description\" content=\"Le repre\u0301sentant du Haut-commissaire des Nations unies pour les droits de l\u2019homme en Afrique centrale, Nouhoum Sangar ...\" \/>\n<meta property=\"og:url\" content=\"https:\/\/www.africa-press.net\/congo-brazzaville\/politique\/le-ministre-du-budget-edifie-sur-linclusion-des-groupes-defavorises-par-lapproche-des-droits-de-lhomme\" \/>\n<meta property=\"og:site_name\" content=\"Congo Brazzaville\" \/>\n<meta property=\"article:published_time\" content=\"2024-05-31T12:34:16+00:00\" \/>\n<meta property=\"article:modified_time\" content=\"2024-05-31T13:42:42+00:00\" \/>\n<meta property=\"og:image\" content=\"https:\/\/static.africa-press.net\/congo-brazzaville\/sites\/51\/2024\/05\/sm_1717150216.101395.jpg\" \/>\n\t<meta property=\"og:image:width\" content=\"1220\" \/>\n\t<meta property=\"og:image:height\" content=\"445\" \/>\n\t<meta property=\"og:image:type\" content=\"image\/jpeg\" \/>\n<meta name=\"author\" content=\"cfeditorfr\" \/>\n<meta name=\"twitter:card\" content=\"summary_large_image\" \/>\n<meta name=\"twitter:label1\" content=\"\u00c9crit par\" \/>\n\t<meta name=\"twitter:data1\" content=\"cfeditorfr\" \/>\n\t<meta name=\"twitter:label2\" content=\"Dur\u00e9e de lecture estim\u00e9e\" \/>\n\t<meta name=\"twitter:data2\" content=\"2 minutes\" \/>\n<script type=\"application\/ld+json\" class=\"yoast-schema-graph\">{\"@context\":\"https:\/\/schema.org\",\"@graph\":[{\"@type\":\"Article\",\"@id\":\"https:\/\/www.africa-press.net\/congo-brazzaville\/politique\/le-ministre-du-budget-edifie-sur-linclusion-des-groupes-defavorises-par-lapproche-des-droits-de-lhomme#article\",\"isPartOf\":{\"@id\":\"https:\/\/www.africa-press.net\/congo-brazzaville\/politique\/le-ministre-du-budget-edifie-sur-linclusion-des-groupes-defavorises-par-lapproche-des-droits-de-lhomme\"},\"author\":{\"name\":\"cfeditorfr\",\"@id\":\"https:\/\/www.africa-press.net\/congo-brazzaville\/#\/schema\/person\/2b1cf3cd81a31e3cd26889ca66d677f1\"},\"headline\":\"le ministre du budget \u00e9difi\u00e9 sur l\u2019inclusion des groupes d\u00e9favoris\u00e9s par l\u2019approche des droits de l\u2019homme\",\"datePublished\":\"2024-05-31T12:34:16+00:00\",\"dateModified\":\"2024-05-31T13:42:42+00:00\",\"mainEntityOfPage\":{\"@id\":\"https:\/\/www.africa-press.net\/congo-brazzaville\/politique\/le-ministre-du-budget-edifie-sur-linclusion-des-groupes-defavorises-par-lapproche-des-droits-de-lhomme\"},\"wordCount\":496,\"commentCount\":0,\"image\":{\"@id\":\"https:\/\/www.africa-press.net\/congo-brazzaville\/politique\/le-ministre-du-budget-edifie-sur-linclusion-des-groupes-defavorises-par-lapproche-des-droits-de-lhomme#primaryimage\"},\"thumbnailUrl\":\"https:\/\/static.africa-press.net\/congo-brazzaville\/sites\/51\/2024\/05\/sm_1717150216.101395.jpg\",\"keywords\":[\"Africa Press\",\"Africa Press-Congo Brazzaville\",\"Congo Brazzaville\"],\"articleSection\":[\"Politique\",\"Toutes les actualit\u00e9s\"],\"inLanguage\":\"fr-FR\",\"potentialAction\":[{\"@type\":\"CommentAction\",\"name\":\"Comment\",\"target\":[\"https:\/\/www.africa-press.net\/congo-brazzaville\/politique\/le-ministre-du-budget-edifie-sur-linclusion-des-groupes-defavorises-par-lapproche-des-droits-de-lhomme#respond\"]}]},{\"@type\":\"WebPage\",\"@id\":\"https:\/\/www.africa-press.net\/congo-brazzaville\/politique\/le-ministre-du-budget-edifie-sur-linclusion-des-groupes-defavorises-par-lapproche-des-droits-de-lhomme\",\"url\":\"https:\/\/www.africa-press.net\/congo-brazzaville\/politique\/le-ministre-du-budget-edifie-sur-linclusion-des-groupes-defavorises-par-lapproche-des-droits-de-lhomme\",\"name\":\"le ministre du budget \u00e9difi\u00e9 sur l\u2019inclusion des groupes d\u00e9favoris\u00e9s par l\u2019approche des droits de l\u2019homme - Congo Brazzaville\",\"isPartOf\":{\"@id\":\"https:\/\/www.africa-press.net\/congo-brazzaville\/#website\"},\"primaryImageOfPage\":{\"@id\":\"https:\/\/www.africa-press.net\/congo-brazzaville\/politique\/le-ministre-du-budget-edifie-sur-linclusion-des-groupes-defavorises-par-lapproche-des-droits-de-lhomme#primaryimage\"},\"image\":{\"@id\":\"https:\/\/www.africa-press.net\/congo-brazzaville\/politique\/le-ministre-du-budget-edifie-sur-linclusion-des-groupes-defavorises-par-lapproche-des-droits-de-lhomme#primaryimage\"},\"thumbnailUrl\":\"https:\/\/static.africa-press.net\/congo-brazzaville\/sites\/51\/2024\/05\/sm_1717150216.101395.jpg\",\"datePublished\":\"2024-05-31T12:34:16+00:00\",\"dateModified\":\"2024-05-31T13:42:42+00:00\",\"author\":{\"@id\":\"https:\/\/www.africa-press.net\/congo-brazzaville\/#\/schema\/person\/2b1cf3cd81a31e3cd26889ca66d677f1\"},\"description\":\"Le repre\u0301sentant du Haut-commissaire des Nations unies pour les droits de l\u2019homme en Afrique centrale, Nouhoum Sangar ...\",\"breadcrumb\":{\"@id\":\"https:\/\/www.africa-press.net\/congo-brazzaville\/politique\/le-ministre-du-budget-edifie-sur-linclusion-des-groupes-defavorises-par-lapproche-des-droits-de-lhomme#breadcrumb\"},\"inLanguage\":\"fr-FR\",\"potentialAction\":[{\"@type\":\"ReadAction\",\"target\":[\"https:\/\/www.africa-press.net\/congo-brazzaville\/politique\/le-ministre-du-budget-edifie-sur-linclusion-des-groupes-defavorises-par-lapproche-des-droits-de-lhomme\"]}]},{\"@type\":\"ImageObject\",\"inLanguage\":\"fr-FR\",\"@id\":\"https:\/\/www.africa-press.net\/congo-brazzaville\/politique\/le-ministre-du-budget-edifie-sur-linclusion-des-groupes-defavorises-par-lapproche-des-droits-de-lhomme#primaryimage\",\"url\":\"https:\/\/static.africa-press.net\/congo-brazzaville\/sites\/51\/2024\/05\/sm_1717150216.101395.jpg\",\"contentUrl\":\"https:\/\/static.africa-press.net\/congo-brazzaville\/sites\/51\/2024\/05\/sm_1717150216.101395.jpg\",\"width\":1220,\"height\":445,\"caption\":\"le ministre du budget \u00e9difi\u00e9 sur l\u2019inclusion des groupes d\u00e9favoris\u00e9s par l\u2019approche des droits de l\u2019homme\"},{\"@type\":\"BreadcrumbList\",\"@id\":\"https:\/\/www.africa-press.net\/congo-brazzaville\/politique\/le-ministre-du-budget-edifie-sur-linclusion-des-groupes-defavorises-par-lapproche-des-droits-de-lhomme#breadcrumb\",\"itemListElement\":[{\"@type\":\"ListItem\",\"position\":1,\"name\":\"Accueil\",\"item\":\"https:\/\/www.africa-press.net\/congo-brazzaville\/\"},{\"@type\":\"ListItem\",\"position\":2,\"name\":\"le ministre du budget \u00e9difi\u00e9 sur l\u2019inclusion des groupes d\u00e9favoris\u00e9s par l\u2019approche des droits de l\u2019homme\"}]},{\"@type\":\"WebSite\",\"@id\":\"https:\/\/www.africa-press.net\/congo-brazzaville\/#website\",\"url\":\"https:\/\/www.africa-press.net\/congo-brazzaville\/\",\"name\":\"Congo Brazzaville\",\"description\":\"Just another Africa News Agency Sites site\",\"potentialAction\":[{\"@type\":\"SearchAction\",\"target\":{\"@type\":\"EntryPoint\",\"urlTemplate\":\"https:\/\/www.africa-press.net\/congo-brazzaville\/?s={search_term_string}\"},\"query-input\":{\"@type\":\"PropertyValueSpecification\",\"valueRequired\":true,\"valueName\":\"search_term_string\"}}],\"inLanguage\":\"fr-FR\"},{\"@type\":\"Person\",\"@id\":\"https:\/\/www.africa-press.net\/congo-brazzaville\/#\/schema\/person\/2b1cf3cd81a31e3cd26889ca66d677f1\",\"name\":\"cfeditorfr\"}]}<\/script>\n<!-- \/ Yoast SEO Premium plugin. -->","yoast_head_json":{"title":"le ministre du budget \u00e9difi\u00e9 sur l\u2019inclusion des groupes d\u00e9favoris\u00e9s par l\u2019approche des droits de l\u2019homme - Congo Brazzaville","description":"Le repre\u0301sentant du Haut-commissaire des Nations unies pour les droits de l\u2019homme en Afrique centrale, Nouhoum Sangar ...","robots":{"index":"index","follow":"follow","max-snippet":"max-snippet:-1","max-image-preview":"max-image-preview:large","max-video-preview":"max-video-preview:-1"},"canonical":"https:\/\/www.africa-press.net\/congo-brazzaville\/politique\/le-ministre-du-budget-edifie-sur-linclusion-des-groupes-defavorises-par-lapproche-des-droits-de-lhomme","og_locale":"fr_FR","og_type":"article","og_title":"le ministre du budget \u00e9difi\u00e9 sur l\u2019inclusion des groupes d\u00e9favoris\u00e9s par l\u2019approche des droits de l\u2019homme","og_description":"Le repre\u0301sentant du Haut-commissaire des Nations unies pour les droits de l\u2019homme en Afrique centrale, Nouhoum Sangar ...","og_url":"https:\/\/www.africa-press.net\/congo-brazzaville\/politique\/le-ministre-du-budget-edifie-sur-linclusion-des-groupes-defavorises-par-lapproche-des-droits-de-lhomme","og_site_name":"Congo Brazzaville","article_published_time":"2024-05-31T12:34:16+00:00","article_modified_time":"2024-05-31T13:42:42+00:00","og_image":[{"width":1220,"height":445,"url":"https:\/\/static.africa-press.net\/congo-brazzaville\/sites\/51\/2024\/05\/sm_1717150216.101395.jpg","type":"image\/jpeg"}],"author":"cfeditorfr","twitter_card":"summary_large_image","twitter_misc":{"\u00c9crit par":"cfeditorfr","Dur\u00e9e de lecture estim\u00e9e":"2 minutes"},"schema":{"@context":"https:\/\/schema.org","@graph":[{"@type":"Article","@id":"https:\/\/www.africa-press.net\/congo-brazzaville\/politique\/le-ministre-du-budget-edifie-sur-linclusion-des-groupes-defavorises-par-lapproche-des-droits-de-lhomme#article","isPartOf":{"@id":"https:\/\/www.africa-press.net\/congo-brazzaville\/politique\/le-ministre-du-budget-edifie-sur-linclusion-des-groupes-defavorises-par-lapproche-des-droits-de-lhomme"},"author":{"name":"cfeditorfr","@id":"https:\/\/www.africa-press.net\/congo-brazzaville\/#\/schema\/person\/2b1cf3cd81a31e3cd26889ca66d677f1"},"headline":"le ministre du budget \u00e9difi\u00e9 sur l\u2019inclusion des groupes d\u00e9favoris\u00e9s par l\u2019approche des droits de l\u2019homme","datePublished":"2024-05-31T12:34:16+00:00","dateModified":"2024-05-31T13:42:42+00:00","mainEntityOfPage":{"@id":"https:\/\/www.africa-press.net\/congo-brazzaville\/politique\/le-ministre-du-budget-edifie-sur-linclusion-des-groupes-defavorises-par-lapproche-des-droits-de-lhomme"},"wordCount":496,"commentCount":0,"image":{"@id":"https:\/\/www.africa-press.net\/congo-brazzaville\/politique\/le-ministre-du-budget-edifie-sur-linclusion-des-groupes-defavorises-par-lapproche-des-droits-de-lhomme#primaryimage"},"thumbnailUrl":"https:\/\/static.africa-press.net\/congo-brazzaville\/sites\/51\/2024\/05\/sm_1717150216.101395.jpg","keywords":["Africa Press","Africa Press-Congo Brazzaville","Congo Brazzaville"],"articleSection":["Politique","Toutes les actualit\u00e9s"],"inLanguage":"fr-FR","potentialAction":[{"@type":"CommentAction","name":"Comment","target":["https:\/\/www.africa-press.net\/congo-brazzaville\/politique\/le-ministre-du-budget-edifie-sur-linclusion-des-groupes-defavorises-par-lapproche-des-droits-de-lhomme#respond"]}]},{"@type":"WebPage","@id":"https:\/\/www.africa-press.net\/congo-brazzaville\/politique\/le-ministre-du-budget-edifie-sur-linclusion-des-groupes-defavorises-par-lapproche-des-droits-de-lhomme","url":"https:\/\/www.africa-press.net\/congo-brazzaville\/politique\/le-ministre-du-budget-edifie-sur-linclusion-des-groupes-defavorises-par-lapproche-des-droits-de-lhomme","name":"le ministre du budget \u00e9difi\u00e9 sur l\u2019inclusion des groupes d\u00e9favoris\u00e9s par l\u2019approche des droits de l\u2019homme - Congo Brazzaville","isPartOf":{"@id":"https:\/\/www.africa-press.net\/congo-brazzaville\/#website"},"primaryImageOfPage":{"@id":"https:\/\/www.africa-press.net\/congo-brazzaville\/politique\/le-ministre-du-budget-edifie-sur-linclusion-des-groupes-defavorises-par-lapproche-des-droits-de-lhomme#primaryimage"},"image":{"@id":"https:\/\/www.africa-press.net\/congo-brazzaville\/politique\/le-ministre-du-budget-edifie-sur-linclusion-des-groupes-defavorises-par-lapproche-des-droits-de-lhomme#primaryimage"},"thumbnailUrl":"https:\/\/static.africa-press.net\/congo-brazzaville\/sites\/51\/2024\/05\/sm_1717150216.101395.jpg","datePublished":"2024-05-31T12:34:16+00:00","dateModified":"2024-05-31T13:42:42+00:00","author":{"@id":"https:\/\/www.africa-press.net\/congo-brazzaville\/#\/schema\/person\/2b1cf3cd81a31e3cd26889ca66d677f1"},"description":"Le repre\u0301sentant du Haut-commissaire des Nations unies pour les droits de l\u2019homme en Afrique centrale, Nouhoum Sangar ...","breadcrumb":{"@id":"https:\/\/www.africa-press.net\/congo-brazzaville\/politique\/le-ministre-du-budget-edifie-sur-linclusion-des-groupes-defavorises-par-lapproche-des-droits-de-lhomme#breadcrumb"},"inLanguage":"fr-FR","potentialAction":[{"@type":"ReadAction","target":["https:\/\/www.africa-press.net\/congo-brazzaville\/politique\/le-ministre-du-budget-edifie-sur-linclusion-des-groupes-defavorises-par-lapproche-des-droits-de-lhomme"]}]},{"@type":"ImageObject","inLanguage":"fr-FR","@id":"https:\/\/www.africa-press.net\/congo-brazzaville\/politique\/le-ministre-du-budget-edifie-sur-linclusion-des-groupes-defavorises-par-lapproche-des-droits-de-lhomme#primaryimage","url":"https:\/\/static.africa-press.net\/congo-brazzaville\/sites\/51\/2024\/05\/sm_1717150216.101395.jpg","contentUrl":"https:\/\/static.africa-press.net\/congo-brazzaville\/sites\/51\/2024\/05\/sm_1717150216.101395.jpg","width":1220,"height":445,"caption":"le ministre du budget \u00e9difi\u00e9 sur l\u2019inclusion des groupes d\u00e9favoris\u00e9s par l\u2019approche des droits de l\u2019homme"},{"@type":"BreadcrumbList","@id":"https:\/\/www.africa-press.net\/congo-brazzaville\/politique\/le-ministre-du-budget-edifie-sur-linclusion-des-groupes-defavorises-par-lapproche-des-droits-de-lhomme#breadcrumb","itemListElement":[{"@type":"ListItem","position":1,"name":"Accueil","item":"https:\/\/www.africa-press.net\/congo-brazzaville\/"},{"@type":"ListItem","position":2,"name":"le ministre du budget \u00e9difi\u00e9 sur l\u2019inclusion des groupes d\u00e9favoris\u00e9s par l\u2019approche des droits de l\u2019homme"}]},{"@type":"WebSite","@id":"https:\/\/www.africa-press.net\/congo-brazzaville\/#website","url":"https:\/\/www.africa-press.net\/congo-brazzaville\/","name":"Congo Brazzaville","description":"Just another Africa News Agency Sites site","potentialAction":[{"@type":"SearchAction","target":{"@type":"EntryPoint","urlTemplate":"https:\/\/www.africa-press.net\/congo-brazzaville\/?s={search_term_string}"},"query-input":{"@type":"PropertyValueSpecification","valueRequired":true,"valueName":"search_term_string"}}],"inLanguage":"fr-FR"},{"@type":"Person","@id":"https:\/\/www.africa-press.net\/congo-brazzaville\/#\/schema\/person\/2b1cf3cd81a31e3cd26889ca66d677f1","name":"cfeditorfr"}]}},"_links":{"self":[{"href":"https:\/\/www.africa-press.net\/congo-brazzaville\/wp-json\/wp\/v2\/posts\/30995","targetHints":{"allow":["GET"]}}],"collection":[{"href":"https:\/\/www.africa-press.net\/congo-brazzaville\/wp-json\/wp\/v2\/posts"}],"about":[{"href":"https:\/\/www.africa-press.net\/congo-brazzaville\/wp-json\/wp\/v2\/types\/post"}],"author":[{"embeddable":true,"href":"https:\/\/www.africa-press.net\/congo-brazzaville\/wp-json\/wp\/v2\/users\/82"}],"replies":[{"embeddable":true,"href":"https:\/\/www.africa-press.net\/congo-brazzaville\/wp-json\/wp\/v2\/comments?post=30995"}],"version-history":[{"count":0,"href":"https:\/\/www.africa-press.net\/congo-brazzaville\/wp-json\/wp\/v2\/posts\/30995\/revisions"}],"wp:featuredmedia":[{"embeddable":true,"href":"https:\/\/www.africa-press.net\/congo-brazzaville\/wp-json\/wp\/v2\/media\/30994"}],"wp:attachment":[{"href":"https:\/\/www.africa-press.net\/congo-brazzaville\/wp-json\/wp\/v2\/media?parent=30995"}],"wp:term":[{"taxonomy":"category","embeddable":true,"href":"https:\/\/www.africa-press.net\/congo-brazzaville\/wp-json\/wp\/v2\/categories?post=30995"},{"taxonomy":"post_tag","embeddable":true,"href":"https:\/\/www.africa-press.net\/congo-brazzaville\/wp-json\/wp\/v2\/tags?post=30995"}],"curies":[{"name":"wp","href":"https:\/\/api.w.org\/{rel}","templated":true}]}}