{"id":30997,"date":"2024-05-31T12:35:55","date_gmt":"2024-05-31T12:35:55","guid":{"rendered":"https:\/\/www.africa-press.net\/congo-brazzaville\/politique\/football-le-bilan-des-diables-rouges-et-des-congolais-de-la-diaspora-en-europe-albanie-armenie-et-autriche"},"modified":"2024-05-31T13:43:51","modified_gmt":"2024-05-31T13:43:51","slug":"football-le-bilan-des-diables-rouges-et-des-congolais-de-la-diaspora-en-europe-albanie-armenie-et-autriche","status":"publish","type":"post","link":"https:\/\/www.africa-press.net\/congo-brazzaville\/sports\/football-le-bilan-des-diables-rouges-et-des-congolais-de-la-diaspora-en-europe-albanie-armenie-et-autriche","title":{"rendered":"Football: le bilan des Diables rouges et des Congolais de la diaspora en Europe (Albanie, Arm\u00e9nie et Autriche)"},"content":{"rendered":"<p><span style=\"color: #ff6600\"><strong>Africa-Press &#8211; Congo Brazzaville. <\/strong><\/span><b>Archange Bintsouka, FK Partizani, 1re division<\/b><\/p>\n<p>Avec son but inscrit lors de la demi-finale de la phase finale du championnat, Archange Bintsouka a atteint la barre symbolique des 10 buts, en 30 matches de championnat. Sans une blessure, qui l\u2019a freine\u0301 au cours de l\u2019hiver, l\u2019avant-centre d\u20191m87 aurait probablement pu faire encore mieux. Ses prestations ont en tous cas e\u0301te\u0301 remarque\u0301es par les recruteurs europe\u0301ens, dont des clubs italiens et portugais.<\/p>\n<p>Rapide et physique, l\u2019ancien attaquant de Kondzo, qui a e\u0301galement marque\u0301 lors du 3e tour pre\u0301liminaire de la Ligue Europa Confe\u0301rence, sous contrat jusqu\u2019en juin 2025, pourrait donc rejoindre, rapidement, un championnat plus huppe\u0301. S\u2019il avait le bon gou\u0302t de briller, avec la se\u0301lection, face au Niger et au Maroc, il pourrait acce\u0301le\u0301rer son de\u0301part.<\/p>\n<p>Champion en titre, le Partizani a e\u0301te\u0301 battu en finale du championnat par le FK Egnatia et n\u2019a remporte\u0301, pour sauver sa saison, que la Super Coupe d\u2019Albanie.<\/p>\n<p><b>Christoffer Mafoumbi, FC Noah, 1re division<\/b><\/p>\n<p>A 30 ans, le natif de Roubaix n\u2019a plus de club depuis le 1er janvier. Son arrive\u0301e au FC Noah, un promu ambitieux, avait suscite\u0301 de l\u2019euphorie et des espoirs. Malheureusement, apre\u0300s deux titularisations, il est mis en concurrence avec l\u2019Italo-Camerounais Vimercati. Les deux portiers vont se partager le temps de jeu jusqu\u2019a\u0300 la tre\u0302ve (neuf pour le Congolais, onze pour l\u2019Italien). Arrive\u0301 fin septembre, l\u2019entrai\u0302neur espagnol Carlos Inajeros ne compte pas sur l\u2019international congolais, qui rompt son contrat le 1er janvier et rentre en Grande-Bretagne, ou\u0300 est reste\u0301e sa famille.<\/p>\n<p>Proche de s\u2019engager avec les Irlandais de St-Patrick\u2019s, le portier de 30 ans est finalement double\u0301 sur le fil par le Bre\u0301silien Pitaluga Filho, pre\u0302te\u0301 par Liverpool le 5 janvier.<\/p>\n<p>Absent de la se\u0301lection depuis un an, en perte de vitesse en club et cible\u0301 par une campagne de de\u0301nigrement sur les re\u0301seaux sociaux, Christoffer Mafoumbi doit retrouver un de\u0301fi qui lui apporte, a\u0300 nouveau, de l\u2019e\u0301panouissement et du plaisir.<\/p>\n<p><b>Ke\u0301vin Monzialo, St-Po\u0308lten, 2e division<\/b><\/p>\n<p>Ambitieux apre\u0300s sa 3e place en juin 2023, St-Po\u0308lten n\u2019est pas parvenu a\u0300 jouer les premiers ro\u0302les cette saison (9e a\u0300 29 points de la monte\u0301e). Buteur lors des premie\u0300re et dernie\u0300re journe\u0301es, Ke\u0301vin Monzialo pre\u0301sente un bilan moyen (six passes de\u0301cisives en vingt-cinq matches, dont onze titularisations) au vu du niveau de cette deuxie\u0300me division autrichienne.<\/p>\n<p>En fin de contrat en juin, apre\u0300s deux saisons, l\u2019ailier de 23 ans a e\u0301galement marque\u0301 a\u0300 deux reprises en quatre matches de Coupe. Suffisant pour retrouver un de\u0301fi inte\u0301ressant ? Re\u0301ponse dans les prochaines semaines.<\/p>\n<p><strong>Pour plus d&rsquo;informations et d&rsquo;analyses sur la <a href=\"https:\/\/www.africa-press.net\/congo-brazzaville\">Congo Brazzaville<\/a>, suivez <a href=\"https:\/\/www.africa-press.net\/\">Africa-Press<\/a><\/strong><\/p>\n","protected":false},"excerpt":{"rendered":"<p>Africa-Press &#8211; Congo Brazzaville. Archange Bintsouka, FK Partizani, 1re division Avec son but inscrit lors de la demi-finale de la phase finale du championnat, Archange Bintsouka a atteint la barre symbolique des 10 buts, en 30 matches de championnat. Sans une blessure, qui l\u2019a freine\u0301 au cours de l\u2019hiver, l\u2019avant-centre d\u20191m87 aurait probablement pu faire [&hellip;]<\/p>\n","protected":false},"author":82,"featured_media":30996,"comment_status":"open","ping_status":"closed","sticky":false,"template":"","format":"standard","meta":{"footnotes":""},"categories":[6,10],"tags":[36,47,46],"class_list":["post-30997","post","type-post","status-publish","format-standard","has-post-thumbnail","hentry","category-sports","category-toutes-les-actualites","tag-africa-press","tag-africa-press-congo-brazzaville","tag-congo-brazzaville"],"yoast_head":"<!-- This site is optimized with the Yoast SEO Premium plugin v26.1 (Yoast SEO v27.0) - https:\/\/yoast.com\/product\/yoast-seo-premium-wordpress\/ -->\n<title>Football: le bilan des Diables rouges et des Congolais de la diaspora en Europe (Albanie, Arm\u00e9nie et Autriche) - Congo Brazzaville<\/title>\n<meta name=\"description\" content=\"Archange Bintsouka, FK Partizani, 1re division Avec son but inscrit lors de la demi-finale de la phase finale du ...\" \/>\n<meta name=\"robots\" content=\"index, follow, max-snippet:-1, max-image-preview:large, max-video-preview:-1\" \/>\n<link rel=\"canonical\" href=\"https:\/\/www.africa-press.net\/congo-brazzaville\/sports\/football-le-bilan-des-diables-rouges-et-des-congolais-de-la-diaspora-en-europe-albanie-armenie-et-autriche\" \/>\n<meta property=\"og:locale\" content=\"fr_FR\" \/>\n<meta property=\"og:type\" content=\"article\" \/>\n<meta property=\"og:title\" content=\"Football: le bilan des Diables rouges et des Congolais de la diaspora en Europe (Albanie, Arm\u00e9nie et Autriche)\" \/>\n<meta property=\"og:description\" content=\"Archange Bintsouka, FK Partizani, 1re division Avec son but inscrit lors de la demi-finale de la phase finale du ...\" \/>\n<meta property=\"og:url\" content=\"https:\/\/www.africa-press.net\/congo-brazzaville\/sports\/football-le-bilan-des-diables-rouges-et-des-congolais-de-la-diaspora-en-europe-albanie-armenie-et-autriche\" \/>\n<meta property=\"og:site_name\" content=\"Congo Brazzaville\" \/>\n<meta property=\"article:published_time\" content=\"2024-05-31T12:35:55+00:00\" \/>\n<meta property=\"article:modified_time\" content=\"2024-05-31T13:43:51+00:00\" \/>\n<meta property=\"og:image\" content=\"https:\/\/static.africa-press.net\/congo-brazzaville\/sites\/51\/2024\/05\/sm_1717150282.830574.jpg\" \/>\n\t<meta property=\"og:image:width\" content=\"1728\" \/>\n\t<meta property=\"og:image:height\" content=\"1152\" \/>\n\t<meta property=\"og:image:type\" content=\"image\/jpeg\" \/>\n<meta name=\"author\" content=\"cfeditorfr\" \/>\n<meta name=\"twitter:card\" content=\"summary_large_image\" \/>\n<meta name=\"twitter:label1\" content=\"\u00c9crit par\" \/>\n\t<meta name=\"twitter:data1\" content=\"cfeditorfr\" \/>\n\t<meta name=\"twitter:label2\" content=\"Dur\u00e9e de lecture estim\u00e9e\" \/>\n\t<meta name=\"twitter:data2\" content=\"2 minutes\" \/>\n<script type=\"application\/ld+json\" class=\"yoast-schema-graph\">{\"@context\":\"https:\/\/schema.org\",\"@graph\":[{\"@type\":\"Article\",\"@id\":\"https:\/\/www.africa-press.net\/congo-brazzaville\/sports\/football-le-bilan-des-diables-rouges-et-des-congolais-de-la-diaspora-en-europe-albanie-armenie-et-autriche#article\",\"isPartOf\":{\"@id\":\"https:\/\/www.africa-press.net\/congo-brazzaville\/sports\/football-le-bilan-des-diables-rouges-et-des-congolais-de-la-diaspora-en-europe-albanie-armenie-et-autriche\"},\"author\":{\"name\":\"cfeditorfr\",\"@id\":\"https:\/\/www.africa-press.net\/congo-brazzaville\/#\/schema\/person\/2b1cf3cd81a31e3cd26889ca66d677f1\"},\"headline\":\"Football: le bilan des Diables rouges et des Congolais de la diaspora en Europe (Albanie, Arm\u00e9nie et Autriche)\",\"datePublished\":\"2024-05-31T12:35:55+00:00\",\"dateModified\":\"2024-05-31T13:43:51+00:00\",\"mainEntityOfPage\":{\"@id\":\"https:\/\/www.africa-press.net\/congo-brazzaville\/sports\/football-le-bilan-des-diables-rouges-et-des-congolais-de-la-diaspora-en-europe-albanie-armenie-et-autriche\"},\"wordCount\":508,\"commentCount\":0,\"image\":{\"@id\":\"https:\/\/www.africa-press.net\/congo-brazzaville\/sports\/football-le-bilan-des-diables-rouges-et-des-congolais-de-la-diaspora-en-europe-albanie-armenie-et-autriche#primaryimage\"},\"thumbnailUrl\":\"https:\/\/static.africa-press.net\/congo-brazzaville\/sites\/51\/2024\/05\/sm_1717150282.830574.jpg\",\"keywords\":[\"Africa Press\",\"Africa Press-Congo Brazzaville\",\"Congo Brazzaville\"],\"articleSection\":[\"Sports\",\"Toutes les actualit\u00e9s\"],\"inLanguage\":\"fr-FR\",\"potentialAction\":[{\"@type\":\"CommentAction\",\"name\":\"Comment\",\"target\":[\"https:\/\/www.africa-press.net\/congo-brazzaville\/sports\/football-le-bilan-des-diables-rouges-et-des-congolais-de-la-diaspora-en-europe-albanie-armenie-et-autriche#respond\"]}]},{\"@type\":\"WebPage\",\"@id\":\"https:\/\/www.africa-press.net\/congo-brazzaville\/sports\/football-le-bilan-des-diables-rouges-et-des-congolais-de-la-diaspora-en-europe-albanie-armenie-et-autriche\",\"url\":\"https:\/\/www.africa-press.net\/congo-brazzaville\/sports\/football-le-bilan-des-diables-rouges-et-des-congolais-de-la-diaspora-en-europe-albanie-armenie-et-autriche\",\"name\":\"Football: le bilan des Diables rouges et des Congolais de la diaspora en Europe (Albanie, Arm\u00e9nie et Autriche) - Congo Brazzaville\",\"isPartOf\":{\"@id\":\"https:\/\/www.africa-press.net\/congo-brazzaville\/#website\"},\"primaryImageOfPage\":{\"@id\":\"https:\/\/www.africa-press.net\/congo-brazzaville\/sports\/football-le-bilan-des-diables-rouges-et-des-congolais-de-la-diaspora-en-europe-albanie-armenie-et-autriche#primaryimage\"},\"image\":{\"@id\":\"https:\/\/www.africa-press.net\/congo-brazzaville\/sports\/football-le-bilan-des-diables-rouges-et-des-congolais-de-la-diaspora-en-europe-albanie-armenie-et-autriche#primaryimage\"},\"thumbnailUrl\":\"https:\/\/static.africa-press.net\/congo-brazzaville\/sites\/51\/2024\/05\/sm_1717150282.830574.jpg\",\"datePublished\":\"2024-05-31T12:35:55+00:00\",\"dateModified\":\"2024-05-31T13:43:51+00:00\",\"author\":{\"@id\":\"https:\/\/www.africa-press.net\/congo-brazzaville\/#\/schema\/person\/2b1cf3cd81a31e3cd26889ca66d677f1\"},\"description\":\"Archange Bintsouka, FK Partizani, 1re division Avec son but inscrit lors de la demi-finale de la phase finale du ...\",\"breadcrumb\":{\"@id\":\"https:\/\/www.africa-press.net\/congo-brazzaville\/sports\/football-le-bilan-des-diables-rouges-et-des-congolais-de-la-diaspora-en-europe-albanie-armenie-et-autriche#breadcrumb\"},\"inLanguage\":\"fr-FR\",\"potentialAction\":[{\"@type\":\"ReadAction\",\"target\":[\"https:\/\/www.africa-press.net\/congo-brazzaville\/sports\/football-le-bilan-des-diables-rouges-et-des-congolais-de-la-diaspora-en-europe-albanie-armenie-et-autriche\"]}]},{\"@type\":\"ImageObject\",\"inLanguage\":\"fr-FR\",\"@id\":\"https:\/\/www.africa-press.net\/congo-brazzaville\/sports\/football-le-bilan-des-diables-rouges-et-des-congolais-de-la-diaspora-en-europe-albanie-armenie-et-autriche#primaryimage\",\"url\":\"https:\/\/static.africa-press.net\/congo-brazzaville\/sites\/51\/2024\/05\/sm_1717150282.830574.jpg\",\"contentUrl\":\"https:\/\/static.africa-press.net\/congo-brazzaville\/sites\/51\/2024\/05\/sm_1717150282.830574.jpg\",\"width\":1728,\"height\":1152,\"caption\":\"Football: le bilan des Diables rouges et des Congolais de la diaspora en Europe (Albanie, Arm\u00e9nie et Autriche)\"},{\"@type\":\"BreadcrumbList\",\"@id\":\"https:\/\/www.africa-press.net\/congo-brazzaville\/sports\/football-le-bilan-des-diables-rouges-et-des-congolais-de-la-diaspora-en-europe-albanie-armenie-et-autriche#breadcrumb\",\"itemListElement\":[{\"@type\":\"ListItem\",\"position\":1,\"name\":\"Accueil\",\"item\":\"https:\/\/www.africa-press.net\/congo-brazzaville\/\"},{\"@type\":\"ListItem\",\"position\":2,\"name\":\"Football: le bilan des Diables rouges et des Congolais de la diaspora en Europe (Albanie, Arm\u00e9nie et Autriche)\"}]},{\"@type\":\"WebSite\",\"@id\":\"https:\/\/www.africa-press.net\/congo-brazzaville\/#website\",\"url\":\"https:\/\/www.africa-press.net\/congo-brazzaville\/\",\"name\":\"Congo Brazzaville\",\"description\":\"Just another Africa News Agency Sites site\",\"potentialAction\":[{\"@type\":\"SearchAction\",\"target\":{\"@type\":\"EntryPoint\",\"urlTemplate\":\"https:\/\/www.africa-press.net\/congo-brazzaville\/?s={search_term_string}\"},\"query-input\":{\"@type\":\"PropertyValueSpecification\",\"valueRequired\":true,\"valueName\":\"search_term_string\"}}],\"inLanguage\":\"fr-FR\"},{\"@type\":\"Person\",\"@id\":\"https:\/\/www.africa-press.net\/congo-brazzaville\/#\/schema\/person\/2b1cf3cd81a31e3cd26889ca66d677f1\",\"name\":\"cfeditorfr\"}]}<\/script>\n<!-- \/ Yoast SEO Premium plugin. -->","yoast_head_json":{"title":"Football: le bilan des Diables rouges et des Congolais de la diaspora en Europe (Albanie, Arm\u00e9nie et Autriche) - Congo Brazzaville","description":"Archange Bintsouka, FK Partizani, 1re division Avec son but inscrit lors de la demi-finale de la phase finale du ...","robots":{"index":"index","follow":"follow","max-snippet":"max-snippet:-1","max-image-preview":"max-image-preview:large","max-video-preview":"max-video-preview:-1"},"canonical":"https:\/\/www.africa-press.net\/congo-brazzaville\/sports\/football-le-bilan-des-diables-rouges-et-des-congolais-de-la-diaspora-en-europe-albanie-armenie-et-autriche","og_locale":"fr_FR","og_type":"article","og_title":"Football: le bilan des Diables rouges et des Congolais de la diaspora en Europe (Albanie, Arm\u00e9nie et Autriche)","og_description":"Archange Bintsouka, FK Partizani, 1re division Avec son but inscrit lors de la demi-finale de la phase finale du ...","og_url":"https:\/\/www.africa-press.net\/congo-brazzaville\/sports\/football-le-bilan-des-diables-rouges-et-des-congolais-de-la-diaspora-en-europe-albanie-armenie-et-autriche","og_site_name":"Congo Brazzaville","article_published_time":"2024-05-31T12:35:55+00:00","article_modified_time":"2024-05-31T13:43:51+00:00","og_image":[{"width":1728,"height":1152,"url":"https:\/\/static.africa-press.net\/congo-brazzaville\/sites\/51\/2024\/05\/sm_1717150282.830574.jpg","type":"image\/jpeg"}],"author":"cfeditorfr","twitter_card":"summary_large_image","twitter_misc":{"\u00c9crit par":"cfeditorfr","Dur\u00e9e de lecture estim\u00e9e":"2 minutes"},"schema":{"@context":"https:\/\/schema.org","@graph":[{"@type":"Article","@id":"https:\/\/www.africa-press.net\/congo-brazzaville\/sports\/football-le-bilan-des-diables-rouges-et-des-congolais-de-la-diaspora-en-europe-albanie-armenie-et-autriche#article","isPartOf":{"@id":"https:\/\/www.africa-press.net\/congo-brazzaville\/sports\/football-le-bilan-des-diables-rouges-et-des-congolais-de-la-diaspora-en-europe-albanie-armenie-et-autriche"},"author":{"name":"cfeditorfr","@id":"https:\/\/www.africa-press.net\/congo-brazzaville\/#\/schema\/person\/2b1cf3cd81a31e3cd26889ca66d677f1"},"headline":"Football: le bilan des Diables rouges et des Congolais de la diaspora en Europe (Albanie, Arm\u00e9nie et Autriche)","datePublished":"2024-05-31T12:35:55+00:00","dateModified":"2024-05-31T13:43:51+00:00","mainEntityOfPage":{"@id":"https:\/\/www.africa-press.net\/congo-brazzaville\/sports\/football-le-bilan-des-diables-rouges-et-des-congolais-de-la-diaspora-en-europe-albanie-armenie-et-autriche"},"wordCount":508,"commentCount":0,"image":{"@id":"https:\/\/www.africa-press.net\/congo-brazzaville\/sports\/football-le-bilan-des-diables-rouges-et-des-congolais-de-la-diaspora-en-europe-albanie-armenie-et-autriche#primaryimage"},"thumbnailUrl":"https:\/\/static.africa-press.net\/congo-brazzaville\/sites\/51\/2024\/05\/sm_1717150282.830574.jpg","keywords":["Africa Press","Africa Press-Congo Brazzaville","Congo Brazzaville"],"articleSection":["Sports","Toutes les actualit\u00e9s"],"inLanguage":"fr-FR","potentialAction":[{"@type":"CommentAction","name":"Comment","target":["https:\/\/www.africa-press.net\/congo-brazzaville\/sports\/football-le-bilan-des-diables-rouges-et-des-congolais-de-la-diaspora-en-europe-albanie-armenie-et-autriche#respond"]}]},{"@type":"WebPage","@id":"https:\/\/www.africa-press.net\/congo-brazzaville\/sports\/football-le-bilan-des-diables-rouges-et-des-congolais-de-la-diaspora-en-europe-albanie-armenie-et-autriche","url":"https:\/\/www.africa-press.net\/congo-brazzaville\/sports\/football-le-bilan-des-diables-rouges-et-des-congolais-de-la-diaspora-en-europe-albanie-armenie-et-autriche","name":"Football: le bilan des Diables rouges et des Congolais de la diaspora en Europe (Albanie, Arm\u00e9nie et Autriche) - Congo Brazzaville","isPartOf":{"@id":"https:\/\/www.africa-press.net\/congo-brazzaville\/#website"},"primaryImageOfPage":{"@id":"https:\/\/www.africa-press.net\/congo-brazzaville\/sports\/football-le-bilan-des-diables-rouges-et-des-congolais-de-la-diaspora-en-europe-albanie-armenie-et-autriche#primaryimage"},"image":{"@id":"https:\/\/www.africa-press.net\/congo-brazzaville\/sports\/football-le-bilan-des-diables-rouges-et-des-congolais-de-la-diaspora-en-europe-albanie-armenie-et-autriche#primaryimage"},"thumbnailUrl":"https:\/\/static.africa-press.net\/congo-brazzaville\/sites\/51\/2024\/05\/sm_1717150282.830574.jpg","datePublished":"2024-05-31T12:35:55+00:00","dateModified":"2024-05-31T13:43:51+00:00","author":{"@id":"https:\/\/www.africa-press.net\/congo-brazzaville\/#\/schema\/person\/2b1cf3cd81a31e3cd26889ca66d677f1"},"description":"Archange Bintsouka, FK Partizani, 1re division Avec son but inscrit lors de la demi-finale de la phase finale du ...","breadcrumb":{"@id":"https:\/\/www.africa-press.net\/congo-brazzaville\/sports\/football-le-bilan-des-diables-rouges-et-des-congolais-de-la-diaspora-en-europe-albanie-armenie-et-autriche#breadcrumb"},"inLanguage":"fr-FR","potentialAction":[{"@type":"ReadAction","target":["https:\/\/www.africa-press.net\/congo-brazzaville\/sports\/football-le-bilan-des-diables-rouges-et-des-congolais-de-la-diaspora-en-europe-albanie-armenie-et-autriche"]}]},{"@type":"ImageObject","inLanguage":"fr-FR","@id":"https:\/\/www.africa-press.net\/congo-brazzaville\/sports\/football-le-bilan-des-diables-rouges-et-des-congolais-de-la-diaspora-en-europe-albanie-armenie-et-autriche#primaryimage","url":"https:\/\/static.africa-press.net\/congo-brazzaville\/sites\/51\/2024\/05\/sm_1717150282.830574.jpg","contentUrl":"https:\/\/static.africa-press.net\/congo-brazzaville\/sites\/51\/2024\/05\/sm_1717150282.830574.jpg","width":1728,"height":1152,"caption":"Football: le bilan des Diables rouges et des Congolais de la diaspora en Europe (Albanie, Arm\u00e9nie et Autriche)"},{"@type":"BreadcrumbList","@id":"https:\/\/www.africa-press.net\/congo-brazzaville\/sports\/football-le-bilan-des-diables-rouges-et-des-congolais-de-la-diaspora-en-europe-albanie-armenie-et-autriche#breadcrumb","itemListElement":[{"@type":"ListItem","position":1,"name":"Accueil","item":"https:\/\/www.africa-press.net\/congo-brazzaville\/"},{"@type":"ListItem","position":2,"name":"Football: le bilan des Diables rouges et des Congolais de la diaspora en Europe (Albanie, Arm\u00e9nie et Autriche)"}]},{"@type":"WebSite","@id":"https:\/\/www.africa-press.net\/congo-brazzaville\/#website","url":"https:\/\/www.africa-press.net\/congo-brazzaville\/","name":"Congo Brazzaville","description":"Just another Africa News Agency Sites site","potentialAction":[{"@type":"SearchAction","target":{"@type":"EntryPoint","urlTemplate":"https:\/\/www.africa-press.net\/congo-brazzaville\/?s={search_term_string}"},"query-input":{"@type":"PropertyValueSpecification","valueRequired":true,"valueName":"search_term_string"}}],"inLanguage":"fr-FR"},{"@type":"Person","@id":"https:\/\/www.africa-press.net\/congo-brazzaville\/#\/schema\/person\/2b1cf3cd81a31e3cd26889ca66d677f1","name":"cfeditorfr"}]}},"_links":{"self":[{"href":"https:\/\/www.africa-press.net\/congo-brazzaville\/wp-json\/wp\/v2\/posts\/30997","targetHints":{"allow":["GET"]}}],"collection":[{"href":"https:\/\/www.africa-press.net\/congo-brazzaville\/wp-json\/wp\/v2\/posts"}],"about":[{"href":"https:\/\/www.africa-press.net\/congo-brazzaville\/wp-json\/wp\/v2\/types\/post"}],"author":[{"embeddable":true,"href":"https:\/\/www.africa-press.net\/congo-brazzaville\/wp-json\/wp\/v2\/users\/82"}],"replies":[{"embeddable":true,"href":"https:\/\/www.africa-press.net\/congo-brazzaville\/wp-json\/wp\/v2\/comments?post=30997"}],"version-history":[{"count":0,"href":"https:\/\/www.africa-press.net\/congo-brazzaville\/wp-json\/wp\/v2\/posts\/30997\/revisions"}],"wp:featuredmedia":[{"embeddable":true,"href":"https:\/\/www.africa-press.net\/congo-brazzaville\/wp-json\/wp\/v2\/media\/30996"}],"wp:attachment":[{"href":"https:\/\/www.africa-press.net\/congo-brazzaville\/wp-json\/wp\/v2\/media?parent=30997"}],"wp:term":[{"taxonomy":"category","embeddable":true,"href":"https:\/\/www.africa-press.net\/congo-brazzaville\/wp-json\/wp\/v2\/categories?post=30997"},{"taxonomy":"post_tag","embeddable":true,"href":"https:\/\/www.africa-press.net\/congo-brazzaville\/wp-json\/wp\/v2\/tags?post=30997"}],"curies":[{"name":"wp","href":"https:\/\/api.w.org\/{rel}","templated":true}]}}