{"id":31023,"date":"2024-06-01T20:14:33","date_gmt":"2024-06-01T20:14:33","guid":{"rendered":"https:\/\/www.africa-press.net\/congo-brazzaville\/politique\/vie-des-partis-les-communicateurs-du-pct-renforcent-leurs-capacites"},"modified":"2024-06-01T20:46:26","modified_gmt":"2024-06-01T20:46:26","slug":"vie-des-partis-les-communicateurs-du-pct-renforcent-leurs-capacites","status":"publish","type":"post","link":"https:\/\/www.africa-press.net\/congo-brazzaville\/politique\/vie-des-partis-les-communicateurs-du-pct-renforcent-leurs-capacites","title":{"rendered":"Vie des Partis: les Communicateurs du PCT Renforcent Leurs Capacite\u0301s"},"content":{"rendered":"<p><span style=\"color: #ff6600\"><strong>Africa-Press &#8211; Congo Brazzaville. <\/strong><\/span><b>Le de\u0301partement de la communication et des technologies de l\u2019information du Parti congolais du travail (PCT) a organise\u0301, le 1er juin a\u0300 Brazzaville, un se\u0301minaire spe\u0301cial au profit des communicateurs de la fe\u0301de\u0301ration de Brazzaville sur la communication politique afin de renforcer la visibilite\u0301 de l\u2019action au niveau des organes interme\u0301diaires et de base du parti.<\/b><\/p>\n<p>Plus de soixante communicateurs du PCT, de la Force montante congolaise (FMC) et de l\u2019Organisation des femmes du Congo (OFC), venus des neuf comite\u0301s des arrondissements et de l\u2019Ile Mbamou, ont pris part au se\u0301minaire atelier.<\/p>\n<p>Ils ont suivi deux expose\u0301s anime\u0301s par deux experts en communication. Le premier, de\u0301veloppe\u0301 par Christian Brice Elion, a porte\u0301 sur la \u00ab Re\u0301daction d\u2019une de\u0301pe\u0302che politique et la pratique des re\u0301seaux sociaux \u00bb. L\u2019orateur a fait savoir que comme dans d\u2019autres domaines, la re\u0301daction d\u2019un article a\u0300 caracte\u0300re politique obe\u0301it aux six questions de re\u0301fe\u0301rence, principes fondamentaux du journalisme: le qui, le quoi, le ou\u0300, le quand, le comment et le pourquoi ?<\/p>\n<p>La de\u0301pe\u0302che politique, a-t-il pre\u0301cise\u0301, obe\u0301it a\u0300 une de\u0301marche technique qui ne\u0301cessite la clarte\u0301, la pre\u0301cision et la concision. Dans sa propagande politique, le communicateur ou communicant doit utiliser un jargon approprie\u0301 et faire usage des vocables et expressions politiques<\/p>\n<p>\u00ab Il est conseille\u0301, dans la re\u0301daction d\u2019une de\u0301pe\u0302che politique, peu importe sa connotation, de recourir au style direct, d\u2019aller droit au but ou a\u0300 l\u2019essentiel, en mettant l\u2019accent sur les faits et non sur les commentaires. Dans sa structuration, l\u2019article politique doit comporter un titre, un chapeau et une progression appele\u0301e encore de\u0301veloppement. Dans d\u2019autres genres journalistiques tels que l\u2019e\u0301ditorial, on y ajoute une conclusion \u00bb, a souligne\u0301 Christian Brice Elion, expert en communication.<\/p>\n<p>Parlant des re\u0301seaux sociaux qui sont les nouveaux me\u0301dias, l\u2019orateur a affirme\u0301 aux communicateurs du PCT qu\u2019a\u0300 ce niveau, le message se ve\u0301hicule essentiellement a\u0300 travers Internet. Il s\u2019agit, entre autres, de Facebook, WhatsApp, Instagram, Tik-Tok, YouTube et Twitter. Le technicien a renche\u0301ri aux communicants du PCT que la diffusion des nouvelles dans ces canaux exige beaucoup de pre\u0301cautions en terme de ve\u0301racite\u0301 des faits. Ainsi, a-t-il soutenu, l\u2019information doit e\u0302tre recoupe\u0301e, ve\u0301rifie\u0301e et authentifie\u0301e avant sa diffusion, car une fake new publie\u0301e peut me\u0301riter des poursuites judiciaires.<\/p>\n<p>De\u0301veloppant le second the\u0300me sur \u00ab Comment parler en politique et accorder une interview ? \u00bb, Itoua Ndinga a indique\u0301 aux participants que le communicateur politique doit avant tout mai\u0302triser sa langue de communication pour captiver l\u2019auditoire. Il doit surtout cibler l\u2019objet du message, e\u0302tre court et pre\u0301cis pour e\u0301viter de se perdre.<\/p>\n<p>En initiant ce se\u0301minaire, l\u2019objectif du de\u0301partement communication du PCT est de renforcer la visibilite\u0301 de l\u2019action du parti aux niveaux interme\u0301diaire et de base ; appliquer toutes les formes modernes de marketing politique et d\u2019occuper de fac\u0327on permanente le terrain politique a\u0300 travers les structures du parti.<\/p>\n<p>Pour le porte-parole du PCT, Parfait Iloki, le se\u0301minaire va s\u2019e\u0301tendre sur l\u2019ensemble du territoire national afin de permettre au PCT d\u2019ame\u0301liorer sa communication.<\/p>\n<p><strong>Pour plus d&rsquo;informations et d&rsquo;analyses sur la <a href=\"https:\/\/www.africa-press.net\/congo-brazzaville\">Congo Brazzaville<\/a>, suivez <a href=\"https:\/\/www.africa-press.net\/\">Africa-Press<\/a><\/strong><\/p>\n","protected":false},"excerpt":{"rendered":"<p>Africa-Press &#8211; Congo Brazzaville. Le de\u0301partement de la communication et des technologies de l\u2019information du Parti congolais du travail (PCT) a organise\u0301, le 1er juin a\u0300 Brazzaville, un se\u0301minaire spe\u0301cial au profit des communicateurs de la fe\u0301de\u0301ration de Brazzaville sur la communication politique afin de renforcer la visibilite\u0301 de l\u2019action au niveau des organes interme\u0301diaires [&hellip;]<\/p>\n","protected":false},"author":82,"featured_media":31022,"comment_status":"open","ping_status":"closed","sticky":false,"template":"","format":"standard","meta":{"footnotes":""},"categories":[2,10],"tags":[36,47,46],"class_list":["post-31023","post","type-post","status-publish","format-standard","has-post-thumbnail","hentry","category-politique","category-toutes-les-actualites","tag-africa-press","tag-africa-press-congo-brazzaville","tag-congo-brazzaville"],"yoast_head":"<!-- This site is optimized with the Yoast SEO Premium plugin v26.1 (Yoast SEO v27.0) - https:\/\/yoast.com\/product\/yoast-seo-premium-wordpress\/ -->\n<title>Vie des Partis: les Communicateurs du PCT Renforcent Leurs Capacite\u0301s - Congo Brazzaville<\/title>\n<meta name=\"description\" content=\"Le de\u0301partement de la communication et des technologies de l\u2019information du Parti congolais du travail (PCT) a organi ...\" \/>\n<meta name=\"robots\" content=\"index, follow, max-snippet:-1, max-image-preview:large, max-video-preview:-1\" \/>\n<link rel=\"canonical\" href=\"https:\/\/www.africa-press.net\/congo-brazzaville\/politique\/vie-des-partis-les-communicateurs-du-pct-renforcent-leurs-capacites\" \/>\n<meta property=\"og:locale\" content=\"fr_FR\" \/>\n<meta property=\"og:type\" content=\"article\" \/>\n<meta property=\"og:title\" content=\"Vie des Partis: les Communicateurs du PCT Renforcent Leurs Capacite\u0301s\" \/>\n<meta property=\"og:description\" content=\"Le de\u0301partement de la communication et des technologies de l\u2019information du Parti congolais du travail (PCT) a organi ...\" \/>\n<meta property=\"og:url\" content=\"https:\/\/www.africa-press.net\/congo-brazzaville\/politique\/vie-des-partis-les-communicateurs-du-pct-renforcent-leurs-capacites\" \/>\n<meta property=\"og:site_name\" content=\"Congo Brazzaville\" \/>\n<meta property=\"article:published_time\" content=\"2024-06-01T20:14:33+00:00\" \/>\n<meta property=\"article:modified_time\" content=\"2024-06-01T20:46:26+00:00\" \/>\n<meta property=\"og:image\" content=\"https:\/\/static.africa-press.net\/congo-brazzaville\/sites\/51\/2024\/06\/sm_1717261997.708935.jpg\" \/>\n\t<meta property=\"og:image:width\" content=\"1024\" \/>\n\t<meta property=\"og:image:height\" content=\"768\" \/>\n\t<meta property=\"og:image:type\" content=\"image\/jpeg\" \/>\n<meta name=\"author\" content=\"cfeditorfr\" \/>\n<meta name=\"twitter:card\" content=\"summary_large_image\" \/>\n<meta name=\"twitter:label1\" content=\"\u00c9crit par\" \/>\n\t<meta name=\"twitter:data1\" content=\"cfeditorfr\" \/>\n\t<meta name=\"twitter:label2\" content=\"Dur\u00e9e de lecture estim\u00e9e\" \/>\n\t<meta name=\"twitter:data2\" content=\"3 minutes\" \/>\n<script type=\"application\/ld+json\" class=\"yoast-schema-graph\">{\"@context\":\"https:\/\/schema.org\",\"@graph\":[{\"@type\":\"Article\",\"@id\":\"https:\/\/www.africa-press.net\/congo-brazzaville\/politique\/vie-des-partis-les-communicateurs-du-pct-renforcent-leurs-capacites#article\",\"isPartOf\":{\"@id\":\"https:\/\/www.africa-press.net\/congo-brazzaville\/politique\/vie-des-partis-les-communicateurs-du-pct-renforcent-leurs-capacites\"},\"author\":{\"name\":\"cfeditorfr\",\"@id\":\"https:\/\/www.africa-press.net\/congo-brazzaville\/#\/schema\/person\/2b1cf3cd81a31e3cd26889ca66d677f1\"},\"headline\":\"Vie des Partis: les Communicateurs du PCT Renforcent Leurs Capacite\u0301s\",\"datePublished\":\"2024-06-01T20:14:33+00:00\",\"dateModified\":\"2024-06-01T20:46:26+00:00\",\"mainEntityOfPage\":{\"@id\":\"https:\/\/www.africa-press.net\/congo-brazzaville\/politique\/vie-des-partis-les-communicateurs-du-pct-renforcent-leurs-capacites\"},\"wordCount\":599,\"commentCount\":0,\"image\":{\"@id\":\"https:\/\/www.africa-press.net\/congo-brazzaville\/politique\/vie-des-partis-les-communicateurs-du-pct-renforcent-leurs-capacites#primaryimage\"},\"thumbnailUrl\":\"https:\/\/static.africa-press.net\/congo-brazzaville\/sites\/51\/2024\/06\/sm_1717261997.708935.jpg\",\"keywords\":[\"Africa Press\",\"Africa Press-Congo Brazzaville\",\"Congo Brazzaville\"],\"articleSection\":[\"Politique\",\"Toutes les actualit\u00e9s\"],\"inLanguage\":\"fr-FR\",\"potentialAction\":[{\"@type\":\"CommentAction\",\"name\":\"Comment\",\"target\":[\"https:\/\/www.africa-press.net\/congo-brazzaville\/politique\/vie-des-partis-les-communicateurs-du-pct-renforcent-leurs-capacites#respond\"]}]},{\"@type\":\"WebPage\",\"@id\":\"https:\/\/www.africa-press.net\/congo-brazzaville\/politique\/vie-des-partis-les-communicateurs-du-pct-renforcent-leurs-capacites\",\"url\":\"https:\/\/www.africa-press.net\/congo-brazzaville\/politique\/vie-des-partis-les-communicateurs-du-pct-renforcent-leurs-capacites\",\"name\":\"Vie des Partis: les Communicateurs du PCT Renforcent Leurs Capacite\u0301s - Congo Brazzaville\",\"isPartOf\":{\"@id\":\"https:\/\/www.africa-press.net\/congo-brazzaville\/#website\"},\"primaryImageOfPage\":{\"@id\":\"https:\/\/www.africa-press.net\/congo-brazzaville\/politique\/vie-des-partis-les-communicateurs-du-pct-renforcent-leurs-capacites#primaryimage\"},\"image\":{\"@id\":\"https:\/\/www.africa-press.net\/congo-brazzaville\/politique\/vie-des-partis-les-communicateurs-du-pct-renforcent-leurs-capacites#primaryimage\"},\"thumbnailUrl\":\"https:\/\/static.africa-press.net\/congo-brazzaville\/sites\/51\/2024\/06\/sm_1717261997.708935.jpg\",\"datePublished\":\"2024-06-01T20:14:33+00:00\",\"dateModified\":\"2024-06-01T20:46:26+00:00\",\"author\":{\"@id\":\"https:\/\/www.africa-press.net\/congo-brazzaville\/#\/schema\/person\/2b1cf3cd81a31e3cd26889ca66d677f1\"},\"description\":\"Le de\u0301partement de la communication et des technologies de l\u2019information du Parti congolais du travail (PCT) a organi ...\",\"breadcrumb\":{\"@id\":\"https:\/\/www.africa-press.net\/congo-brazzaville\/politique\/vie-des-partis-les-communicateurs-du-pct-renforcent-leurs-capacites#breadcrumb\"},\"inLanguage\":\"fr-FR\",\"potentialAction\":[{\"@type\":\"ReadAction\",\"target\":[\"https:\/\/www.africa-press.net\/congo-brazzaville\/politique\/vie-des-partis-les-communicateurs-du-pct-renforcent-leurs-capacites\"]}]},{\"@type\":\"ImageObject\",\"inLanguage\":\"fr-FR\",\"@id\":\"https:\/\/www.africa-press.net\/congo-brazzaville\/politique\/vie-des-partis-les-communicateurs-du-pct-renforcent-leurs-capacites#primaryimage\",\"url\":\"https:\/\/static.africa-press.net\/congo-brazzaville\/sites\/51\/2024\/06\/sm_1717261997.708935.jpg\",\"contentUrl\":\"https:\/\/static.africa-press.net\/congo-brazzaville\/sites\/51\/2024\/06\/sm_1717261997.708935.jpg\",\"width\":1024,\"height\":768,\"caption\":\"Vie des Partis: les Communicateurs du PCT Renforcent Leurs Capacite\u0301s\"},{\"@type\":\"BreadcrumbList\",\"@id\":\"https:\/\/www.africa-press.net\/congo-brazzaville\/politique\/vie-des-partis-les-communicateurs-du-pct-renforcent-leurs-capacites#breadcrumb\",\"itemListElement\":[{\"@type\":\"ListItem\",\"position\":1,\"name\":\"Accueil\",\"item\":\"https:\/\/www.africa-press.net\/congo-brazzaville\/\"},{\"@type\":\"ListItem\",\"position\":2,\"name\":\"Vie des Partis: les Communicateurs du PCT Renforcent Leurs Capacite\u0301s\"}]},{\"@type\":\"WebSite\",\"@id\":\"https:\/\/www.africa-press.net\/congo-brazzaville\/#website\",\"url\":\"https:\/\/www.africa-press.net\/congo-brazzaville\/\",\"name\":\"Congo Brazzaville\",\"description\":\"Just another Africa News Agency Sites site\",\"potentialAction\":[{\"@type\":\"SearchAction\",\"target\":{\"@type\":\"EntryPoint\",\"urlTemplate\":\"https:\/\/www.africa-press.net\/congo-brazzaville\/?s={search_term_string}\"},\"query-input\":{\"@type\":\"PropertyValueSpecification\",\"valueRequired\":true,\"valueName\":\"search_term_string\"}}],\"inLanguage\":\"fr-FR\"},{\"@type\":\"Person\",\"@id\":\"https:\/\/www.africa-press.net\/congo-brazzaville\/#\/schema\/person\/2b1cf3cd81a31e3cd26889ca66d677f1\",\"name\":\"cfeditorfr\"}]}<\/script>\n<!-- \/ Yoast SEO Premium plugin. -->","yoast_head_json":{"title":"Vie des Partis: les Communicateurs du PCT Renforcent Leurs Capacite\u0301s - Congo Brazzaville","description":"Le de\u0301partement de la communication et des technologies de l\u2019information du Parti congolais du travail (PCT) a organi ...","robots":{"index":"index","follow":"follow","max-snippet":"max-snippet:-1","max-image-preview":"max-image-preview:large","max-video-preview":"max-video-preview:-1"},"canonical":"https:\/\/www.africa-press.net\/congo-brazzaville\/politique\/vie-des-partis-les-communicateurs-du-pct-renforcent-leurs-capacites","og_locale":"fr_FR","og_type":"article","og_title":"Vie des Partis: les Communicateurs du PCT Renforcent Leurs Capacite\u0301s","og_description":"Le de\u0301partement de la communication et des technologies de l\u2019information du Parti congolais du travail (PCT) a organi ...","og_url":"https:\/\/www.africa-press.net\/congo-brazzaville\/politique\/vie-des-partis-les-communicateurs-du-pct-renforcent-leurs-capacites","og_site_name":"Congo Brazzaville","article_published_time":"2024-06-01T20:14:33+00:00","article_modified_time":"2024-06-01T20:46:26+00:00","og_image":[{"width":1024,"height":768,"url":"https:\/\/static.africa-press.net\/congo-brazzaville\/sites\/51\/2024\/06\/sm_1717261997.708935.jpg","type":"image\/jpeg"}],"author":"cfeditorfr","twitter_card":"summary_large_image","twitter_misc":{"\u00c9crit par":"cfeditorfr","Dur\u00e9e de lecture estim\u00e9e":"3 minutes"},"schema":{"@context":"https:\/\/schema.org","@graph":[{"@type":"Article","@id":"https:\/\/www.africa-press.net\/congo-brazzaville\/politique\/vie-des-partis-les-communicateurs-du-pct-renforcent-leurs-capacites#article","isPartOf":{"@id":"https:\/\/www.africa-press.net\/congo-brazzaville\/politique\/vie-des-partis-les-communicateurs-du-pct-renforcent-leurs-capacites"},"author":{"name":"cfeditorfr","@id":"https:\/\/www.africa-press.net\/congo-brazzaville\/#\/schema\/person\/2b1cf3cd81a31e3cd26889ca66d677f1"},"headline":"Vie des Partis: les Communicateurs du PCT Renforcent Leurs Capacite\u0301s","datePublished":"2024-06-01T20:14:33+00:00","dateModified":"2024-06-01T20:46:26+00:00","mainEntityOfPage":{"@id":"https:\/\/www.africa-press.net\/congo-brazzaville\/politique\/vie-des-partis-les-communicateurs-du-pct-renforcent-leurs-capacites"},"wordCount":599,"commentCount":0,"image":{"@id":"https:\/\/www.africa-press.net\/congo-brazzaville\/politique\/vie-des-partis-les-communicateurs-du-pct-renforcent-leurs-capacites#primaryimage"},"thumbnailUrl":"https:\/\/static.africa-press.net\/congo-brazzaville\/sites\/51\/2024\/06\/sm_1717261997.708935.jpg","keywords":["Africa Press","Africa Press-Congo Brazzaville","Congo Brazzaville"],"articleSection":["Politique","Toutes les actualit\u00e9s"],"inLanguage":"fr-FR","potentialAction":[{"@type":"CommentAction","name":"Comment","target":["https:\/\/www.africa-press.net\/congo-brazzaville\/politique\/vie-des-partis-les-communicateurs-du-pct-renforcent-leurs-capacites#respond"]}]},{"@type":"WebPage","@id":"https:\/\/www.africa-press.net\/congo-brazzaville\/politique\/vie-des-partis-les-communicateurs-du-pct-renforcent-leurs-capacites","url":"https:\/\/www.africa-press.net\/congo-brazzaville\/politique\/vie-des-partis-les-communicateurs-du-pct-renforcent-leurs-capacites","name":"Vie des Partis: les Communicateurs du PCT Renforcent Leurs Capacite\u0301s - Congo Brazzaville","isPartOf":{"@id":"https:\/\/www.africa-press.net\/congo-brazzaville\/#website"},"primaryImageOfPage":{"@id":"https:\/\/www.africa-press.net\/congo-brazzaville\/politique\/vie-des-partis-les-communicateurs-du-pct-renforcent-leurs-capacites#primaryimage"},"image":{"@id":"https:\/\/www.africa-press.net\/congo-brazzaville\/politique\/vie-des-partis-les-communicateurs-du-pct-renforcent-leurs-capacites#primaryimage"},"thumbnailUrl":"https:\/\/static.africa-press.net\/congo-brazzaville\/sites\/51\/2024\/06\/sm_1717261997.708935.jpg","datePublished":"2024-06-01T20:14:33+00:00","dateModified":"2024-06-01T20:46:26+00:00","author":{"@id":"https:\/\/www.africa-press.net\/congo-brazzaville\/#\/schema\/person\/2b1cf3cd81a31e3cd26889ca66d677f1"},"description":"Le de\u0301partement de la communication et des technologies de l\u2019information du Parti congolais du travail (PCT) a organi ...","breadcrumb":{"@id":"https:\/\/www.africa-press.net\/congo-brazzaville\/politique\/vie-des-partis-les-communicateurs-du-pct-renforcent-leurs-capacites#breadcrumb"},"inLanguage":"fr-FR","potentialAction":[{"@type":"ReadAction","target":["https:\/\/www.africa-press.net\/congo-brazzaville\/politique\/vie-des-partis-les-communicateurs-du-pct-renforcent-leurs-capacites"]}]},{"@type":"ImageObject","inLanguage":"fr-FR","@id":"https:\/\/www.africa-press.net\/congo-brazzaville\/politique\/vie-des-partis-les-communicateurs-du-pct-renforcent-leurs-capacites#primaryimage","url":"https:\/\/static.africa-press.net\/congo-brazzaville\/sites\/51\/2024\/06\/sm_1717261997.708935.jpg","contentUrl":"https:\/\/static.africa-press.net\/congo-brazzaville\/sites\/51\/2024\/06\/sm_1717261997.708935.jpg","width":1024,"height":768,"caption":"Vie des Partis: les Communicateurs du PCT Renforcent Leurs Capacite\u0301s"},{"@type":"BreadcrumbList","@id":"https:\/\/www.africa-press.net\/congo-brazzaville\/politique\/vie-des-partis-les-communicateurs-du-pct-renforcent-leurs-capacites#breadcrumb","itemListElement":[{"@type":"ListItem","position":1,"name":"Accueil","item":"https:\/\/www.africa-press.net\/congo-brazzaville\/"},{"@type":"ListItem","position":2,"name":"Vie des Partis: les Communicateurs du PCT Renforcent Leurs Capacite\u0301s"}]},{"@type":"WebSite","@id":"https:\/\/www.africa-press.net\/congo-brazzaville\/#website","url":"https:\/\/www.africa-press.net\/congo-brazzaville\/","name":"Congo Brazzaville","description":"Just another Africa News Agency Sites site","potentialAction":[{"@type":"SearchAction","target":{"@type":"EntryPoint","urlTemplate":"https:\/\/www.africa-press.net\/congo-brazzaville\/?s={search_term_string}"},"query-input":{"@type":"PropertyValueSpecification","valueRequired":true,"valueName":"search_term_string"}}],"inLanguage":"fr-FR"},{"@type":"Person","@id":"https:\/\/www.africa-press.net\/congo-brazzaville\/#\/schema\/person\/2b1cf3cd81a31e3cd26889ca66d677f1","name":"cfeditorfr"}]}},"_links":{"self":[{"href":"https:\/\/www.africa-press.net\/congo-brazzaville\/wp-json\/wp\/v2\/posts\/31023","targetHints":{"allow":["GET"]}}],"collection":[{"href":"https:\/\/www.africa-press.net\/congo-brazzaville\/wp-json\/wp\/v2\/posts"}],"about":[{"href":"https:\/\/www.africa-press.net\/congo-brazzaville\/wp-json\/wp\/v2\/types\/post"}],"author":[{"embeddable":true,"href":"https:\/\/www.africa-press.net\/congo-brazzaville\/wp-json\/wp\/v2\/users\/82"}],"replies":[{"embeddable":true,"href":"https:\/\/www.africa-press.net\/congo-brazzaville\/wp-json\/wp\/v2\/comments?post=31023"}],"version-history":[{"count":0,"href":"https:\/\/www.africa-press.net\/congo-brazzaville\/wp-json\/wp\/v2\/posts\/31023\/revisions"}],"wp:featuredmedia":[{"embeddable":true,"href":"https:\/\/www.africa-press.net\/congo-brazzaville\/wp-json\/wp\/v2\/media\/31022"}],"wp:attachment":[{"href":"https:\/\/www.africa-press.net\/congo-brazzaville\/wp-json\/wp\/v2\/media?parent=31023"}],"wp:term":[{"taxonomy":"category","embeddable":true,"href":"https:\/\/www.africa-press.net\/congo-brazzaville\/wp-json\/wp\/v2\/categories?post=31023"},{"taxonomy":"post_tag","embeddable":true,"href":"https:\/\/www.africa-press.net\/congo-brazzaville\/wp-json\/wp\/v2\/tags?post=31023"}],"curies":[{"name":"wp","href":"https:\/\/api.w.org\/{rel}","templated":true}]}}