{"id":31114,"date":"2024-06-04T21:46:24","date_gmt":"2024-06-04T21:46:24","guid":{"rendered":"https:\/\/www.africa-press.net\/congo-brazzaville\/politique\/conflit-russie-ukraine-serguei-lavrov-salue-la-position-du-congo"},"modified":"2024-06-04T22:04:25","modified_gmt":"2024-06-04T22:04:25","slug":"conflit-russie-ukraine-serguei-lavrov-salue-la-position-du-congo","status":"publish","type":"post","link":"https:\/\/www.africa-press.net\/congo-brazzaville\/politique\/conflit-russie-ukraine-serguei-lavrov-salue-la-position-du-congo","title":{"rendered":"Conflit Russie-Ukraine : Sergue\u00ef Lavrov Salue la Position du Congo"},"content":{"rendered":"<p><span style=\"color: #ff6600\"><strong>Africa-Press &#8211; Congo Brazzaville. <\/strong><\/span><b>Au terme de son se\u0301jour a\u0300 Oyo, les 3 et 4 juin, aupre\u0300s du pre\u0301sident Denis Sassou N\u2019Guesso, le chef de la diplomatie russe a salue\u0301 la position de la Re\u0301publique du Congo qui appelle a\u0300 une solution ne\u0301gocie\u0301e dans le conflit en Ukraine. <\/b><\/p>\n<p>Le ministre russe des Affaires e\u0301trange\u0300res a boucle\u0301, le 4 juin, sa visite de travail de 48 heures a\u0300 Oyo, par une confe\u0301rence de presse co-anime\u0301e avec son homologue congolais Jean-Claude Gakosso apre\u0300s un entretien d&rsquo;une heure et demie avec le pre\u0301sident Denis Sassou N\u2019Guesso. Dans son mot liminaire, Serguei\u0308 Lavrov a, de prime abord, rappele\u0301 l&rsquo;historique des relations entre son pays et le Congo. Vieilles de 60 ans, elles sont consolide\u0301es par l&rsquo;amitie\u0301 particulie\u0300re qui unit les pre\u0301sidents Vladimir Poutine et Denis Sassou N\u2019Guesso, a-t-il de\u0301clare\u0301 avant d\u2019ajouter: \u00a0\u00bb Nous tiendrons tre\u0300s prochainement a\u0300 Moscou la Commission intergouvernementale entre nos deux pays pour affermir notre coope\u0301ration en matie\u0300re de de\u0301fense et de se\u0301curite\u0301, de l&rsquo;e\u0301ducation et de la sante\u0301 \u00bb.<\/p>\n<p>Les offres de bourses russes aux e\u0301tudiants congolais sont en hausse et la Russie installera biento\u0302t au Congo un laboratoire de recherche sur les maladies infectieuses, a ajoute\u0301 Serguei Lavrov. Il reste, en outre, reconnaissant envers le Congo pour le soutien apporte\u0301 au rayonnement de la Maison russe a\u0300 Brazzaville (ex-Centre culturel russe) et pour le renforcement de l&rsquo;apprentissage de la langue russe au Congo. Lavrov a e\u0301galement loue\u0301 l\u2019excellence des liens entre les partis au pouvoir a\u0300 Brazzaville et a\u0300 Moscou, notant qu\u2019il y a quelques mois, en visite a\u0300 Moscou, les dirigeants du Parti congolais du travail avaient eu des entretiens fructueux avec leurs colle\u0300gues du parti Russie unie.<\/p>\n<p><b>Conflits en Afrique<\/b><\/p>\n<p>Serguei\u0308 Lavrov a de\u0301clare\u0301 avoir e\u0301voque\u0301 avec le chef de l\u2019Etat congolais les crises sur le continent, en particulier les cas de la Re\u0301publique de\u0301mocratique du Congo, de la Re\u0301publique centrafricaine, de la Libye et des pays d\u2019Afrique de l&rsquo;Ouest, allusion faite au Mali, au Niger et au Burkina Faso, ce dernier pays constituant l\u2019une des e\u0301tapes de son pe\u0301riple africain commence\u0301 en Guine\u0301e. Pour le diplomate russe, toutes ces crises devraient e\u0302tre re\u0301gle\u0301es sur le continent a\u0300 partir d&rsquo;initiatives africaines avec le soutien de la communaute\u0301 internationale.<\/p>\n<p>Sur le cas libyen, la Russie, a-t-il de\u0301clare\u0301, soutient le Comite\u0301 de haut niveau de l&rsquo;Union africaine pre\u0301side\u0301 par Denis Sassou N\u2019Guesso, et la convocation d\u2019un dialogue inter libyen devant consacrer l&rsquo;organisation d&rsquo;e\u0301lections ge\u0301ne\u0301rales et la sortie de crise. Il a en me\u0302me temps souligne\u0301 que ce pays nague\u0300re en paix est plonge\u0301 dans cette trage\u0301die depuis plus d\u2019une de\u0301cennie du fait de l\u2019intervention des pays de l\u2019Otan (Organisation du traite\u0301 de l\u2019Atlantique Nord), qui se sont comporte\u0301s de la me\u0302me manie\u0300re en Irak et en Afghanistan, sans jamais apporter de solution viable.<\/p>\n<p><b>Guerre en Ukraine<\/b><\/p>\n<p>A\u0300 propos du conflit russo-ukrainien, le chef de la diplomatie russe a salue\u0301 la position du Congo depuis le de\u0301but. Pour lui, la solution a\u0300 la crise passe par un dialogue au cours duquel toutes les parties sont assises autour d&rsquo;une table. A\u0300 condition, a-t-il re\u0301pe\u0301te\u0301, que l\u2019on tienne compte de la situation re\u0301elle sur le terrain. Depuis le de\u0301clenchement de son \u00ab ope\u0301ration militaire spe\u0301ciale \u00bb en Ukraine, en fe\u0301vrier 2022, la Russie a e\u0301largi ses frontie\u0300res en inte\u0301grant de nouveaux territoires anciennement ukrainiens. Et pour Moscou, toute ne\u0301gociation devra ente\u0301riner cette nouvelle donne. \u00a0\u00bb L&rsquo;Occident jure d&rsquo;infliger a\u0300 la Russie une de\u0301faite sur le champ de bataille, et utilise l&rsquo;Ukraine pour arriver a\u0300 ses fins. Mais, pour nous, une initiative de paix qui ignore la re\u0301alite\u0301 du terrain, a\u0300 l\u2019instar de la confe\u0301rence convoque\u0301e mi-juin en Suisse, est sans lendemain\u00a0\u00bb, a-t-il de\u0301plore\u0301<\/p>\n<p>Serguei\u0308 Lavrov note, en outre, que malheureusement les dirigeants ukrainiens, depuis l\u2019ancien pre\u0301sident Pe\u0301tro Porochenko en passant par le dirigeant actuel, Volodimyr Zelenski ont pris des lois interdisant l&rsquo;usage de la langue russe dans les territoires ou\u0300 elle e\u0301tait la plus parle\u0301e, et d\u2019autres interdisant toute ne\u0301gociation tout en glorifiant le nazisme. A ses yeux, ces actes violent l&rsquo;esprit du proce\u0300s de Nuremberg organise\u0301 contre les crimes nazis. \u00a0\u00bb Malheureusement pour les autorite\u0301s de Kiev et leurs soutiens, beaucoup de pays a\u0300 travers le monde l&rsquo;ont compris: ces mobilisations, a\u0300 l&rsquo;exemple du sommet convoque\u0301 en Suisse, sont le signe d\u2019un syste\u0300me occidental en de\u0301clin qui tente par tous les moyens de se donner des gages pour encore re\u0301sister \u00bb.<\/p>\n<p>Evoquant dans le me\u0302me ordre d\u2019ide\u0301es la pre\u0301sence suppose\u0301e de soldats franc\u0327ais en Ukraine, Serguei\u0308 Lavrov a indique\u0301 \u00ab qu\u2019ils soient des instructeurs ou des mercenaires, ces contingents sont dans tous les cas de\u0301ja\u0300 sur place en Ukraine et seront la cible de nos forces arme\u0301es \u00bb. Conside\u0301rant que l\u2019Ukraine joue la carte de l\u2019Occident mene\u0301 par Washington, il a de\u0301clare\u0301 que son pays est pre\u0302t a\u0300 discuter avec les Etats-Unis pour parvenir a\u0300 la fin des hostilite\u0301s.<\/p>\n<p><b>La position \u00ab invariable \u00bb du Congo<\/b><\/p>\n<p>A\u0300 la suite de son homologue russe, Jean Claude Gakosso a re\u0301ite\u0301re\u0301 la position du Congo sur le conflit en Ukraine. Pour le ministre congolais des Affaires e\u0301trange\u0300res, l&rsquo;unique solution est de s&rsquo;asseoir a\u0300 la me\u0302me table et ne\u0301gocier. \u00a0\u00bb Ceux qui incitent a\u0300 la guerre e\u0301voquent l\u2019envoi des troupes, ne mesurent pas le risque qu&rsquo;ils font courir a\u0300 l&rsquo;humanite\u0301\u00a0\u00bb, a-t-il fait constater. Il a renche\u0301ri que beaucoup de ceux qui parlent ne savent peut-e\u0302tre pas que l&rsquo;Ukraine et la Russie sont un me\u0302me peuple et que l&rsquo;a\u0302me russe a pris corps en Ukraine.<\/p>\n<p>Jean Claude Gakosso est convaincu que le conflit russo-ukrainien se terminera par la ne\u0301gociation a\u0300 l&rsquo;exemple de tous les conflits d&rsquo;ampleur que l&rsquo;humanite\u0301 a connus notamment au sie\u0300cle dernier. Il a cite\u0301 l&rsquo;exemple de la Seconde Guerre mondiale ou\u0300, apre\u0300s leur de\u0301faite, les forces allemandes ont pris place a\u0300 la me\u0302me table que les vainqueurs pour signer la capitulation.<\/p>\n<p>Il a rappele\u0301 que l\u2019initiative africaine de paix, dont une mission compose\u0301e de plusieurs pays, conduite par l\u2019ancien pre\u0301sident en exercice de l\u2019Union africaine, Azali Assoumani, avait se\u0301journe\u0301 en Ukraine et en Russie, e\u0301tait partie du Congo dans le but d\u2019\u0153uvrer a\u0300 une sortie de crise ne\u0301gocie\u0301e. \u00ab Ne vous fatiguez pas de le noter, la seule solution qui vaille dans ce conflit, et c\u2019est la position \u00ab invariable \u00bb du Congo: ouvrir les ne\u0301gociations de paix \u00bb.<\/p>\n<p>Attentif aux pre\u0301sentations, Serguei\u0308 Lavrov et son homologue Jean Claude Gakosso e\u0301taient interroge\u0301s par des confre\u0300res de RFI et de BBC. Son constat: \u00ab Je suis heureux de visiter un pays libre comme le Congo car, en matie\u0300re de presse, les pays dont vous repre\u0301sentez les me\u0301dias ont interdit tous les organes de presse russes sur leur territoire, alors que les leurs sont toujours accre\u0301dite\u0301s en Russie \u00bb. La deuxie\u0300me visite au Congo du ministre russe des Affaires e\u0301trange\u0300res est un signe que Brazzaville et Moscou sont anime\u0301s par la volonte\u0301 de renforcer leur coope\u0301ration dans plusieurs domaines.<\/p>\n<p><strong>Pour plus d&rsquo;informations et d&rsquo;analyses sur la Congo Brazzaville, suivez Africa-Press<\/strong><\/p>\n","protected":false},"excerpt":{"rendered":"<p>Africa-Press &#8211; Congo Brazzaville. Au terme de son se\u0301jour a\u0300 Oyo, les 3 et 4 juin, aupre\u0300s du pre\u0301sident Denis Sassou N\u2019Guesso, le chef de la diplomatie russe a salue\u0301 la position de la Re\u0301publique du Congo qui appelle a\u0300 une solution ne\u0301gocie\u0301e dans le conflit en Ukraine. Le ministre russe des Affaires e\u0301trange\u0300res a [&hellip;]<\/p>\n","protected":false},"author":82,"featured_media":31113,"comment_status":"open","ping_status":"closed","sticky":false,"template":"","format":"standard","meta":{"footnotes":""},"categories":[2,49,20,10],"tags":[46],"class_list":["post-31114","post","type-post","status-publish","format-standard","has-post-thumbnail","hentry","category-politique","category-to-homepage","category-top-nouvelles","category-toutes-les-actualites","tag-congo-brazzaville"],"yoast_head":"<!-- This site is optimized with the Yoast SEO Premium plugin v26.1 (Yoast SEO v27.0) - https:\/\/yoast.com\/product\/yoast-seo-premium-wordpress\/ -->\n<title>Conflit Russie-Ukraine : Sergue\u00ef Lavrov Salue la Position du Congo - Congo Brazzaville<\/title>\n<meta name=\"description\" content=\"Au terme de son se\u0301jour a\u0300 Oyo, les 3 et 4 juin, aupre\u0300s du pre\u0301sident Denis Sassou N\u2019Guesso, le chef de la diplomati ...\" \/>\n<meta name=\"robots\" content=\"index, follow, max-snippet:-1, max-image-preview:large, max-video-preview:-1\" \/>\n<link rel=\"canonical\" href=\"https:\/\/www.africa-press.net\/congo-brazzaville\/politique\/conflit-russie-ukraine-serguei-lavrov-salue-la-position-du-congo\" \/>\n<meta property=\"og:locale\" content=\"fr_FR\" \/>\n<meta property=\"og:type\" content=\"article\" \/>\n<meta property=\"og:title\" content=\"Conflit Russie-Ukraine : Sergue\u00ef Lavrov Salue la Position du Congo\" \/>\n<meta property=\"og:description\" content=\"Au terme de son se\u0301jour a\u0300 Oyo, les 3 et 4 juin, aupre\u0300s du pre\u0301sident Denis Sassou N\u2019Guesso, le chef de la diplomati ...\" \/>\n<meta property=\"og:url\" content=\"https:\/\/www.africa-press.net\/congo-brazzaville\/politique\/conflit-russie-ukraine-serguei-lavrov-salue-la-position-du-congo\" \/>\n<meta property=\"og:site_name\" content=\"Congo Brazzaville\" \/>\n<meta property=\"article:published_time\" content=\"2024-06-04T21:46:24+00:00\" \/>\n<meta property=\"article:modified_time\" content=\"2024-06-04T22:04:25+00:00\" \/>\n<meta property=\"og:image\" content=\"https:\/\/static.africa-press.net\/congo-brazzaville\/sites\/51\/2024\/06\/sm_1717525835.883519.jpg\" \/>\n\t<meta property=\"og:image:width\" content=\"1020\" \/>\n\t<meta property=\"og:image:height\" content=\"765\" \/>\n\t<meta property=\"og:image:type\" content=\"image\/jpeg\" \/>\n<meta name=\"author\" content=\"cfeditorfr\" \/>\n<meta name=\"twitter:card\" content=\"summary_large_image\" \/>\n<meta name=\"twitter:label1\" content=\"\u00c9crit par\" \/>\n\t<meta name=\"twitter:data1\" content=\"cfeditorfr\" \/>\n\t<meta name=\"twitter:label2\" content=\"Dur\u00e9e de lecture estim\u00e9e\" \/>\n\t<meta name=\"twitter:data2\" content=\"7 minutes\" \/>\n<script type=\"application\/ld+json\" class=\"yoast-schema-graph\">{\"@context\":\"https:\/\/schema.org\",\"@graph\":[{\"@type\":\"Article\",\"@id\":\"https:\/\/www.africa-press.net\/congo-brazzaville\/politique\/conflit-russie-ukraine-serguei-lavrov-salue-la-position-du-congo#article\",\"isPartOf\":{\"@id\":\"https:\/\/www.africa-press.net\/congo-brazzaville\/politique\/conflit-russie-ukraine-serguei-lavrov-salue-la-position-du-congo\"},\"author\":{\"name\":\"cfeditorfr\",\"@id\":\"https:\/\/www.africa-press.net\/congo-brazzaville\/#\/schema\/person\/2b1cf3cd81a31e3cd26889ca66d677f1\"},\"headline\":\"Conflit Russie-Ukraine : Sergue\u00ef Lavrov Salue la Position du Congo\",\"datePublished\":\"2024-06-04T21:46:24+00:00\",\"dateModified\":\"2024-06-04T22:04:25+00:00\",\"mainEntityOfPage\":{\"@id\":\"https:\/\/www.africa-press.net\/congo-brazzaville\/politique\/conflit-russie-ukraine-serguei-lavrov-salue-la-position-du-congo\"},\"wordCount\":1325,\"commentCount\":0,\"image\":{\"@id\":\"https:\/\/www.africa-press.net\/congo-brazzaville\/politique\/conflit-russie-ukraine-serguei-lavrov-salue-la-position-du-congo#primaryimage\"},\"thumbnailUrl\":\"https:\/\/static.africa-press.net\/congo-brazzaville\/sites\/51\/2024\/06\/sm_1717525835.883519.jpg\",\"keywords\":[\"Congo Brazzaville\"],\"articleSection\":[\"Politique\",\"to-homepage\",\"Top Nouvelles\",\"Toutes les actualit\u00e9s\"],\"inLanguage\":\"fr-FR\",\"potentialAction\":[{\"@type\":\"CommentAction\",\"name\":\"Comment\",\"target\":[\"https:\/\/www.africa-press.net\/congo-brazzaville\/politique\/conflit-russie-ukraine-serguei-lavrov-salue-la-position-du-congo#respond\"]}]},{\"@type\":\"WebPage\",\"@id\":\"https:\/\/www.africa-press.net\/congo-brazzaville\/politique\/conflit-russie-ukraine-serguei-lavrov-salue-la-position-du-congo\",\"url\":\"https:\/\/www.africa-press.net\/congo-brazzaville\/politique\/conflit-russie-ukraine-serguei-lavrov-salue-la-position-du-congo\",\"name\":\"Conflit Russie-Ukraine : Sergue\u00ef Lavrov Salue la Position du Congo - Congo Brazzaville\",\"isPartOf\":{\"@id\":\"https:\/\/www.africa-press.net\/congo-brazzaville\/#website\"},\"primaryImageOfPage\":{\"@id\":\"https:\/\/www.africa-press.net\/congo-brazzaville\/politique\/conflit-russie-ukraine-serguei-lavrov-salue-la-position-du-congo#primaryimage\"},\"image\":{\"@id\":\"https:\/\/www.africa-press.net\/congo-brazzaville\/politique\/conflit-russie-ukraine-serguei-lavrov-salue-la-position-du-congo#primaryimage\"},\"thumbnailUrl\":\"https:\/\/static.africa-press.net\/congo-brazzaville\/sites\/51\/2024\/06\/sm_1717525835.883519.jpg\",\"datePublished\":\"2024-06-04T21:46:24+00:00\",\"dateModified\":\"2024-06-04T22:04:25+00:00\",\"author\":{\"@id\":\"https:\/\/www.africa-press.net\/congo-brazzaville\/#\/schema\/person\/2b1cf3cd81a31e3cd26889ca66d677f1\"},\"description\":\"Au terme de son se\u0301jour a\u0300 Oyo, les 3 et 4 juin, aupre\u0300s du pre\u0301sident Denis Sassou N\u2019Guesso, le chef de la diplomati ...\",\"breadcrumb\":{\"@id\":\"https:\/\/www.africa-press.net\/congo-brazzaville\/politique\/conflit-russie-ukraine-serguei-lavrov-salue-la-position-du-congo#breadcrumb\"},\"inLanguage\":\"fr-FR\",\"potentialAction\":[{\"@type\":\"ReadAction\",\"target\":[\"https:\/\/www.africa-press.net\/congo-brazzaville\/politique\/conflit-russie-ukraine-serguei-lavrov-salue-la-position-du-congo\"]}]},{\"@type\":\"ImageObject\",\"inLanguage\":\"fr-FR\",\"@id\":\"https:\/\/www.africa-press.net\/congo-brazzaville\/politique\/conflit-russie-ukraine-serguei-lavrov-salue-la-position-du-congo#primaryimage\",\"url\":\"https:\/\/static.africa-press.net\/congo-brazzaville\/sites\/51\/2024\/06\/sm_1717525835.883519.jpg\",\"contentUrl\":\"https:\/\/static.africa-press.net\/congo-brazzaville\/sites\/51\/2024\/06\/sm_1717525835.883519.jpg\",\"width\":1020,\"height\":765,\"caption\":\"Conflit Russie-Ukraine : Sergue\u00ef Lavrov Salue la Position du Congo\"},{\"@type\":\"BreadcrumbList\",\"@id\":\"https:\/\/www.africa-press.net\/congo-brazzaville\/politique\/conflit-russie-ukraine-serguei-lavrov-salue-la-position-du-congo#breadcrumb\",\"itemListElement\":[{\"@type\":\"ListItem\",\"position\":1,\"name\":\"Accueil\",\"item\":\"https:\/\/www.africa-press.net\/congo-brazzaville\/\"},{\"@type\":\"ListItem\",\"position\":2,\"name\":\"Conflit Russie-Ukraine : Sergue\u00ef Lavrov Salue la Position du Congo\"}]},{\"@type\":\"WebSite\",\"@id\":\"https:\/\/www.africa-press.net\/congo-brazzaville\/#website\",\"url\":\"https:\/\/www.africa-press.net\/congo-brazzaville\/\",\"name\":\"Congo Brazzaville\",\"description\":\"Just another Africa News Agency Sites site\",\"potentialAction\":[{\"@type\":\"SearchAction\",\"target\":{\"@type\":\"EntryPoint\",\"urlTemplate\":\"https:\/\/www.africa-press.net\/congo-brazzaville\/?s={search_term_string}\"},\"query-input\":{\"@type\":\"PropertyValueSpecification\",\"valueRequired\":true,\"valueName\":\"search_term_string\"}}],\"inLanguage\":\"fr-FR\"},{\"@type\":\"Person\",\"@id\":\"https:\/\/www.africa-press.net\/congo-brazzaville\/#\/schema\/person\/2b1cf3cd81a31e3cd26889ca66d677f1\",\"name\":\"cfeditorfr\"}]}<\/script>\n<!-- \/ Yoast SEO Premium plugin. -->","yoast_head_json":{"title":"Conflit Russie-Ukraine : Sergue\u00ef Lavrov Salue la Position du Congo - Congo Brazzaville","description":"Au terme de son se\u0301jour a\u0300 Oyo, les 3 et 4 juin, aupre\u0300s du pre\u0301sident Denis Sassou N\u2019Guesso, le chef de la diplomati ...","robots":{"index":"index","follow":"follow","max-snippet":"max-snippet:-1","max-image-preview":"max-image-preview:large","max-video-preview":"max-video-preview:-1"},"canonical":"https:\/\/www.africa-press.net\/congo-brazzaville\/politique\/conflit-russie-ukraine-serguei-lavrov-salue-la-position-du-congo","og_locale":"fr_FR","og_type":"article","og_title":"Conflit Russie-Ukraine : Sergue\u00ef Lavrov Salue la Position du Congo","og_description":"Au terme de son se\u0301jour a\u0300 Oyo, les 3 et 4 juin, aupre\u0300s du pre\u0301sident Denis Sassou N\u2019Guesso, le chef de la diplomati ...","og_url":"https:\/\/www.africa-press.net\/congo-brazzaville\/politique\/conflit-russie-ukraine-serguei-lavrov-salue-la-position-du-congo","og_site_name":"Congo Brazzaville","article_published_time":"2024-06-04T21:46:24+00:00","article_modified_time":"2024-06-04T22:04:25+00:00","og_image":[{"width":1020,"height":765,"url":"https:\/\/static.africa-press.net\/congo-brazzaville\/sites\/51\/2024\/06\/sm_1717525835.883519.jpg","type":"image\/jpeg"}],"author":"cfeditorfr","twitter_card":"summary_large_image","twitter_misc":{"\u00c9crit par":"cfeditorfr","Dur\u00e9e de lecture estim\u00e9e":"7 minutes"},"schema":{"@context":"https:\/\/schema.org","@graph":[{"@type":"Article","@id":"https:\/\/www.africa-press.net\/congo-brazzaville\/politique\/conflit-russie-ukraine-serguei-lavrov-salue-la-position-du-congo#article","isPartOf":{"@id":"https:\/\/www.africa-press.net\/congo-brazzaville\/politique\/conflit-russie-ukraine-serguei-lavrov-salue-la-position-du-congo"},"author":{"name":"cfeditorfr","@id":"https:\/\/www.africa-press.net\/congo-brazzaville\/#\/schema\/person\/2b1cf3cd81a31e3cd26889ca66d677f1"},"headline":"Conflit Russie-Ukraine : Sergue\u00ef Lavrov Salue la Position du Congo","datePublished":"2024-06-04T21:46:24+00:00","dateModified":"2024-06-04T22:04:25+00:00","mainEntityOfPage":{"@id":"https:\/\/www.africa-press.net\/congo-brazzaville\/politique\/conflit-russie-ukraine-serguei-lavrov-salue-la-position-du-congo"},"wordCount":1325,"commentCount":0,"image":{"@id":"https:\/\/www.africa-press.net\/congo-brazzaville\/politique\/conflit-russie-ukraine-serguei-lavrov-salue-la-position-du-congo#primaryimage"},"thumbnailUrl":"https:\/\/static.africa-press.net\/congo-brazzaville\/sites\/51\/2024\/06\/sm_1717525835.883519.jpg","keywords":["Congo Brazzaville"],"articleSection":["Politique","to-homepage","Top Nouvelles","Toutes les actualit\u00e9s"],"inLanguage":"fr-FR","potentialAction":[{"@type":"CommentAction","name":"Comment","target":["https:\/\/www.africa-press.net\/congo-brazzaville\/politique\/conflit-russie-ukraine-serguei-lavrov-salue-la-position-du-congo#respond"]}]},{"@type":"WebPage","@id":"https:\/\/www.africa-press.net\/congo-brazzaville\/politique\/conflit-russie-ukraine-serguei-lavrov-salue-la-position-du-congo","url":"https:\/\/www.africa-press.net\/congo-brazzaville\/politique\/conflit-russie-ukraine-serguei-lavrov-salue-la-position-du-congo","name":"Conflit Russie-Ukraine : Sergue\u00ef Lavrov Salue la Position du Congo - Congo Brazzaville","isPartOf":{"@id":"https:\/\/www.africa-press.net\/congo-brazzaville\/#website"},"primaryImageOfPage":{"@id":"https:\/\/www.africa-press.net\/congo-brazzaville\/politique\/conflit-russie-ukraine-serguei-lavrov-salue-la-position-du-congo#primaryimage"},"image":{"@id":"https:\/\/www.africa-press.net\/congo-brazzaville\/politique\/conflit-russie-ukraine-serguei-lavrov-salue-la-position-du-congo#primaryimage"},"thumbnailUrl":"https:\/\/static.africa-press.net\/congo-brazzaville\/sites\/51\/2024\/06\/sm_1717525835.883519.jpg","datePublished":"2024-06-04T21:46:24+00:00","dateModified":"2024-06-04T22:04:25+00:00","author":{"@id":"https:\/\/www.africa-press.net\/congo-brazzaville\/#\/schema\/person\/2b1cf3cd81a31e3cd26889ca66d677f1"},"description":"Au terme de son se\u0301jour a\u0300 Oyo, les 3 et 4 juin, aupre\u0300s du pre\u0301sident Denis Sassou N\u2019Guesso, le chef de la diplomati ...","breadcrumb":{"@id":"https:\/\/www.africa-press.net\/congo-brazzaville\/politique\/conflit-russie-ukraine-serguei-lavrov-salue-la-position-du-congo#breadcrumb"},"inLanguage":"fr-FR","potentialAction":[{"@type":"ReadAction","target":["https:\/\/www.africa-press.net\/congo-brazzaville\/politique\/conflit-russie-ukraine-serguei-lavrov-salue-la-position-du-congo"]}]},{"@type":"ImageObject","inLanguage":"fr-FR","@id":"https:\/\/www.africa-press.net\/congo-brazzaville\/politique\/conflit-russie-ukraine-serguei-lavrov-salue-la-position-du-congo#primaryimage","url":"https:\/\/static.africa-press.net\/congo-brazzaville\/sites\/51\/2024\/06\/sm_1717525835.883519.jpg","contentUrl":"https:\/\/static.africa-press.net\/congo-brazzaville\/sites\/51\/2024\/06\/sm_1717525835.883519.jpg","width":1020,"height":765,"caption":"Conflit Russie-Ukraine : Sergue\u00ef Lavrov Salue la Position du Congo"},{"@type":"BreadcrumbList","@id":"https:\/\/www.africa-press.net\/congo-brazzaville\/politique\/conflit-russie-ukraine-serguei-lavrov-salue-la-position-du-congo#breadcrumb","itemListElement":[{"@type":"ListItem","position":1,"name":"Accueil","item":"https:\/\/www.africa-press.net\/congo-brazzaville\/"},{"@type":"ListItem","position":2,"name":"Conflit Russie-Ukraine : Sergue\u00ef Lavrov Salue la Position du Congo"}]},{"@type":"WebSite","@id":"https:\/\/www.africa-press.net\/congo-brazzaville\/#website","url":"https:\/\/www.africa-press.net\/congo-brazzaville\/","name":"Congo Brazzaville","description":"Just another Africa News Agency Sites site","potentialAction":[{"@type":"SearchAction","target":{"@type":"EntryPoint","urlTemplate":"https:\/\/www.africa-press.net\/congo-brazzaville\/?s={search_term_string}"},"query-input":{"@type":"PropertyValueSpecification","valueRequired":true,"valueName":"search_term_string"}}],"inLanguage":"fr-FR"},{"@type":"Person","@id":"https:\/\/www.africa-press.net\/congo-brazzaville\/#\/schema\/person\/2b1cf3cd81a31e3cd26889ca66d677f1","name":"cfeditorfr"}]}},"_links":{"self":[{"href":"https:\/\/www.africa-press.net\/congo-brazzaville\/wp-json\/wp\/v2\/posts\/31114","targetHints":{"allow":["GET"]}}],"collection":[{"href":"https:\/\/www.africa-press.net\/congo-brazzaville\/wp-json\/wp\/v2\/posts"}],"about":[{"href":"https:\/\/www.africa-press.net\/congo-brazzaville\/wp-json\/wp\/v2\/types\/post"}],"author":[{"embeddable":true,"href":"https:\/\/www.africa-press.net\/congo-brazzaville\/wp-json\/wp\/v2\/users\/82"}],"replies":[{"embeddable":true,"href":"https:\/\/www.africa-press.net\/congo-brazzaville\/wp-json\/wp\/v2\/comments?post=31114"}],"version-history":[{"count":0,"href":"https:\/\/www.africa-press.net\/congo-brazzaville\/wp-json\/wp\/v2\/posts\/31114\/revisions"}],"wp:featuredmedia":[{"embeddable":true,"href":"https:\/\/www.africa-press.net\/congo-brazzaville\/wp-json\/wp\/v2\/media\/31113"}],"wp:attachment":[{"href":"https:\/\/www.africa-press.net\/congo-brazzaville\/wp-json\/wp\/v2\/media?parent=31114"}],"wp:term":[{"taxonomy":"category","embeddable":true,"href":"https:\/\/www.africa-press.net\/congo-brazzaville\/wp-json\/wp\/v2\/categories?post=31114"},{"taxonomy":"post_tag","embeddable":true,"href":"https:\/\/www.africa-press.net\/congo-brazzaville\/wp-json\/wp\/v2\/tags?post=31114"}],"curies":[{"name":"wp","href":"https:\/\/api.w.org\/{rel}","templated":true}]}}