{"id":32552,"date":"2024-07-13T22:48:33","date_gmt":"2024-07-13T22:48:33","guid":{"rendered":"https:\/\/www.africa-press.net\/congo-brazzaville\/politique\/peinture-rencontre-avec-un-artiste-congolais-en-herbe"},"modified":"2024-07-14T01:04:29","modified_gmt":"2024-07-14T01:04:29","slug":"peinture-rencontre-avec-un-artiste-congolais-en-herbe","status":"publish","type":"post","link":"https:\/\/www.africa-press.net\/congo-brazzaville\/culture-et-art\/peinture-rencontre-avec-un-artiste-congolais-en-herbe","title":{"rendered":"Peinture : rencontre avec un artiste congolais en herbe"},"content":{"rendered":"<p><span style=\"color: #ff6600\"><strong>Africa-Press &#8211; Congo Brazzaville. <\/strong><\/span><b>Le peintre autodidacte Tyras.MKZ multiplie des expositions depuis le de\u0301but de cette anne\u0301e. Rencontre\u0301 au vernissage de l\u2019exposition a\u0300 la galerie \u00ab\u00a0Libre est l\u2019art\u00a0\u00bb, le jeune cre\u0301ateur de 27 ans est aussi e\u0301le\u0301gant que l\u2019harmonie de ses \u0153uvres.<\/b><\/p>\n<p>Le parcours solitaire de Tyras vers la peinture est insolite. Ne\u0301 au Congo, dont la capitale Brazzavile abrite l\u2019E\u0301cole de peinture de Poto-Poto, il est arrive\u0301 en France a\u0300 l\u2019a\u0302ge de 7 ans sans aucune intention de devenir peintre.<\/p>\n<p>Il a de\u0301couvert la peinture durant ses e\u0301tudes en architecture d&rsquo;inte\u0301rieur il y a cinq ans. Quand il s\u2019est mis a\u0300 peindre, il a puise\u0301 ses sources d&rsquo;inspirations diverses. En dehors de l&rsquo;Afrique qui l&rsquo;inspire le plus ou\u0300 il cherche a\u0300 mettre en lumie\u0300re la richesse de la faune, il peint e\u0301galement certaines ico\u0302nes particulie\u0300res de la diaspora, telles l\u2019artiste Fally Ipupa ou le sapeur Armel Le Bachelor.<\/p>\n<p>\u00ab J\u2019ai re\u0301alise\u0301 ces tableaux a\u0300 titre gracieux \u00bb, pre\u0301cise-t-il en justifiant sa de\u0301marche artistique car, ayant termine\u0301 ses e\u0301tudes d\u2019architecture d\u2019inte\u0301rieur, il souhaite pluto\u0302t allier l\u2019art et le me\u0301tier d&rsquo;architecte.<\/p>\n<p>A\u0300 son actif, les vernissages et les expositions se succe\u0300dent, entrai\u0302nant une affluence de commandes. Les plus re\u0301centes expositions sont celles re\u0301alise\u0301es lors du gala de charite\u0301 en faveur des personnes atteintes de dre\u0301panocytose au Congo ; ensuite, a\u0300 la Maison de l&rsquo;Unesco durant la Semaine africaine ou\u0300 il a repre\u0301sente\u0301 le Congo; apre\u0300s, a\u0300 l&rsquo;universite\u0301 Panthe\u0301on-Sorbonne sur invitation des e\u0301tudiants pour l\u2019e\u0301ve\u0301nement \u00ab\u00a0l\u2019Africana\u00a0\u00bb de\u0301die\u0301 a\u0300 la promotion de la culture africaine et, celle en cours a\u0300 la galerie \u00ab\u00a0Libre est l&rsquo;art\u00a0\u00bb, a\u0300 Paris.<\/p>\n<p>Le succe\u0300s ne lui monte pas a\u0300 la te\u0302te: il continue pluto\u0302t a\u0300 approfondir son art. De nature jovial, il observe, il perpe\u0301tue. \u00ab J\u2019ai choisi ce mode d\u2019expression pour montrer la panoplie de la richesse du bassin du Congo, tant dans sa culture, sa faune, sa flore y compris sa population \u00bb, explique-t-il. Assure\u0301ment, c\u2019est un grand artiste en devenir.<\/p>\n<p><strong>Pour plus d&rsquo;informations et d&rsquo;analyses sur la <span style=\"color: #ff6600\">Congo Brazzaville<\/span>, suivez <span style=\"color: #ff6600\">Africa-Press<\/span><\/strong><\/p>\n","protected":false},"excerpt":{"rendered":"<p>Africa-Press &#8211; Congo Brazzaville. Le peintre autodidacte Tyras.MKZ multiplie des expositions depuis le de\u0301but de cette anne\u0301e. Rencontre\u0301 au vernissage de l\u2019exposition a\u0300 la galerie \u00ab\u00a0Libre est l\u2019art\u00a0\u00bb, le jeune cre\u0301ateur de 27 ans est aussi e\u0301le\u0301gant que l\u2019harmonie de ses \u0153uvres. Le parcours solitaire de Tyras vers la peinture est insolite. Ne\u0301 au Congo, [&hellip;]<\/p>\n","protected":false},"author":82,"featured_media":32551,"comment_status":"open","ping_status":"closed","sticky":false,"template":"","format":"standard","meta":{"footnotes":""},"categories":[5,10],"tags":[46],"class_list":["post-32552","post","type-post","status-publish","format-standard","has-post-thumbnail","hentry","category-culture-et-art","category-toutes-les-actualites","tag-congo-brazzaville"],"yoast_head":"<!-- This site is optimized with the Yoast SEO Premium plugin v26.1 (Yoast SEO v27.0) - https:\/\/yoast.com\/product\/yoast-seo-premium-wordpress\/ -->\n<title>Peinture : rencontre avec un artiste congolais en herbe - Congo Brazzaville<\/title>\n<meta name=\"description\" content=\"Le peintre autodidacte Tyras.MKZ multiplie des expositions depuis le de\u0301but de cette anne\u0301e. Rencontre\u0301 au vernissage ...\" \/>\n<meta name=\"robots\" content=\"index, follow, max-snippet:-1, max-image-preview:large, max-video-preview:-1\" \/>\n<link rel=\"canonical\" href=\"https:\/\/www.africa-press.net\/congo-brazzaville\/culture-et-art\/peinture-rencontre-avec-un-artiste-congolais-en-herbe\" \/>\n<meta property=\"og:locale\" content=\"fr_FR\" \/>\n<meta property=\"og:type\" content=\"article\" \/>\n<meta property=\"og:title\" content=\"Peinture : rencontre avec un artiste congolais en herbe\" \/>\n<meta property=\"og:description\" content=\"Le peintre autodidacte Tyras.MKZ multiplie des expositions depuis le de\u0301but de cette anne\u0301e. Rencontre\u0301 au vernissage ...\" \/>\n<meta property=\"og:url\" content=\"https:\/\/www.africa-press.net\/congo-brazzaville\/culture-et-art\/peinture-rencontre-avec-un-artiste-congolais-en-herbe\" \/>\n<meta property=\"og:site_name\" content=\"Congo Brazzaville\" \/>\n<meta property=\"article:published_time\" content=\"2024-07-13T22:48:33+00:00\" \/>\n<meta property=\"article:modified_time\" content=\"2024-07-14T01:04:29+00:00\" \/>\n<meta property=\"og:image\" content=\"https:\/\/static.africa-press.net\/congo-brazzaville\/sites\/51\/2024\/07\/sm_1720899217.104621.jpg\" \/>\n\t<meta property=\"og:image:width\" content=\"1580\" \/>\n\t<meta property=\"og:image:height\" content=\"1116\" \/>\n\t<meta property=\"og:image:type\" content=\"image\/jpeg\" \/>\n<meta name=\"author\" content=\"cfeditorfr\" \/>\n<meta name=\"twitter:card\" content=\"summary_large_image\" \/>\n<meta name=\"twitter:label1\" content=\"\u00c9crit par\" \/>\n\t<meta name=\"twitter:data1\" content=\"cfeditorfr\" \/>\n\t<meta name=\"twitter:label2\" content=\"Dur\u00e9e de lecture estim\u00e9e\" \/>\n\t<meta name=\"twitter:data2\" content=\"2 minutes\" \/>\n<script type=\"application\/ld+json\" class=\"yoast-schema-graph\">{\"@context\":\"https:\/\/schema.org\",\"@graph\":[{\"@type\":\"Article\",\"@id\":\"https:\/\/www.africa-press.net\/congo-brazzaville\/culture-et-art\/peinture-rencontre-avec-un-artiste-congolais-en-herbe#article\",\"isPartOf\":{\"@id\":\"https:\/\/www.africa-press.net\/congo-brazzaville\/culture-et-art\/peinture-rencontre-avec-un-artiste-congolais-en-herbe\"},\"author\":{\"name\":\"cfeditorfr\",\"@id\":\"https:\/\/www.africa-press.net\/congo-brazzaville\/#\/schema\/person\/2b1cf3cd81a31e3cd26889ca66d677f1\"},\"headline\":\"Peinture : rencontre avec un artiste congolais en herbe\",\"datePublished\":\"2024-07-13T22:48:33+00:00\",\"dateModified\":\"2024-07-14T01:04:29+00:00\",\"mainEntityOfPage\":{\"@id\":\"https:\/\/www.africa-press.net\/congo-brazzaville\/culture-et-art\/peinture-rencontre-avec-un-artiste-congolais-en-herbe\"},\"wordCount\":403,\"commentCount\":0,\"image\":{\"@id\":\"https:\/\/www.africa-press.net\/congo-brazzaville\/culture-et-art\/peinture-rencontre-avec-un-artiste-congolais-en-herbe#primaryimage\"},\"thumbnailUrl\":\"https:\/\/static.africa-press.net\/congo-brazzaville\/sites\/51\/2024\/07\/sm_1720899217.104621.jpg\",\"keywords\":[\"Congo Brazzaville\"],\"articleSection\":[\"Culture et Art\",\"Toutes les actualit\u00e9s\"],\"inLanguage\":\"fr-FR\",\"potentialAction\":[{\"@type\":\"CommentAction\",\"name\":\"Comment\",\"target\":[\"https:\/\/www.africa-press.net\/congo-brazzaville\/culture-et-art\/peinture-rencontre-avec-un-artiste-congolais-en-herbe#respond\"]}]},{\"@type\":\"WebPage\",\"@id\":\"https:\/\/www.africa-press.net\/congo-brazzaville\/culture-et-art\/peinture-rencontre-avec-un-artiste-congolais-en-herbe\",\"url\":\"https:\/\/www.africa-press.net\/congo-brazzaville\/culture-et-art\/peinture-rencontre-avec-un-artiste-congolais-en-herbe\",\"name\":\"Peinture : rencontre avec un artiste congolais en herbe - Congo Brazzaville\",\"isPartOf\":{\"@id\":\"https:\/\/www.africa-press.net\/congo-brazzaville\/#website\"},\"primaryImageOfPage\":{\"@id\":\"https:\/\/www.africa-press.net\/congo-brazzaville\/culture-et-art\/peinture-rencontre-avec-un-artiste-congolais-en-herbe#primaryimage\"},\"image\":{\"@id\":\"https:\/\/www.africa-press.net\/congo-brazzaville\/culture-et-art\/peinture-rencontre-avec-un-artiste-congolais-en-herbe#primaryimage\"},\"thumbnailUrl\":\"https:\/\/static.africa-press.net\/congo-brazzaville\/sites\/51\/2024\/07\/sm_1720899217.104621.jpg\",\"datePublished\":\"2024-07-13T22:48:33+00:00\",\"dateModified\":\"2024-07-14T01:04:29+00:00\",\"author\":{\"@id\":\"https:\/\/www.africa-press.net\/congo-brazzaville\/#\/schema\/person\/2b1cf3cd81a31e3cd26889ca66d677f1\"},\"description\":\"Le peintre autodidacte Tyras.MKZ multiplie des expositions depuis le de\u0301but de cette anne\u0301e. Rencontre\u0301 au vernissage ...\",\"breadcrumb\":{\"@id\":\"https:\/\/www.africa-press.net\/congo-brazzaville\/culture-et-art\/peinture-rencontre-avec-un-artiste-congolais-en-herbe#breadcrumb\"},\"inLanguage\":\"fr-FR\",\"potentialAction\":[{\"@type\":\"ReadAction\",\"target\":[\"https:\/\/www.africa-press.net\/congo-brazzaville\/culture-et-art\/peinture-rencontre-avec-un-artiste-congolais-en-herbe\"]}]},{\"@type\":\"ImageObject\",\"inLanguage\":\"fr-FR\",\"@id\":\"https:\/\/www.africa-press.net\/congo-brazzaville\/culture-et-art\/peinture-rencontre-avec-un-artiste-congolais-en-herbe#primaryimage\",\"url\":\"https:\/\/static.africa-press.net\/congo-brazzaville\/sites\/51\/2024\/07\/sm_1720899217.104621.jpg\",\"contentUrl\":\"https:\/\/static.africa-press.net\/congo-brazzaville\/sites\/51\/2024\/07\/sm_1720899217.104621.jpg\",\"width\":1580,\"height\":1116,\"caption\":\"Peinture : rencontre avec un artiste congolais en herbe\"},{\"@type\":\"BreadcrumbList\",\"@id\":\"https:\/\/www.africa-press.net\/congo-brazzaville\/culture-et-art\/peinture-rencontre-avec-un-artiste-congolais-en-herbe#breadcrumb\",\"itemListElement\":[{\"@type\":\"ListItem\",\"position\":1,\"name\":\"Accueil\",\"item\":\"https:\/\/www.africa-press.net\/congo-brazzaville\/\"},{\"@type\":\"ListItem\",\"position\":2,\"name\":\"Peinture : rencontre avec un artiste congolais en herbe\"}]},{\"@type\":\"WebSite\",\"@id\":\"https:\/\/www.africa-press.net\/congo-brazzaville\/#website\",\"url\":\"https:\/\/www.africa-press.net\/congo-brazzaville\/\",\"name\":\"Congo Brazzaville\",\"description\":\"Just another Africa News Agency Sites site\",\"potentialAction\":[{\"@type\":\"SearchAction\",\"target\":{\"@type\":\"EntryPoint\",\"urlTemplate\":\"https:\/\/www.africa-press.net\/congo-brazzaville\/?s={search_term_string}\"},\"query-input\":{\"@type\":\"PropertyValueSpecification\",\"valueRequired\":true,\"valueName\":\"search_term_string\"}}],\"inLanguage\":\"fr-FR\"},{\"@type\":\"Person\",\"@id\":\"https:\/\/www.africa-press.net\/congo-brazzaville\/#\/schema\/person\/2b1cf3cd81a31e3cd26889ca66d677f1\",\"name\":\"cfeditorfr\"}]}<\/script>\n<!-- \/ Yoast SEO Premium plugin. -->","yoast_head_json":{"title":"Peinture : rencontre avec un artiste congolais en herbe - Congo Brazzaville","description":"Le peintre autodidacte Tyras.MKZ multiplie des expositions depuis le de\u0301but de cette anne\u0301e. Rencontre\u0301 au vernissage ...","robots":{"index":"index","follow":"follow","max-snippet":"max-snippet:-1","max-image-preview":"max-image-preview:large","max-video-preview":"max-video-preview:-1"},"canonical":"https:\/\/www.africa-press.net\/congo-brazzaville\/culture-et-art\/peinture-rencontre-avec-un-artiste-congolais-en-herbe","og_locale":"fr_FR","og_type":"article","og_title":"Peinture : rencontre avec un artiste congolais en herbe","og_description":"Le peintre autodidacte Tyras.MKZ multiplie des expositions depuis le de\u0301but de cette anne\u0301e. Rencontre\u0301 au vernissage ...","og_url":"https:\/\/www.africa-press.net\/congo-brazzaville\/culture-et-art\/peinture-rencontre-avec-un-artiste-congolais-en-herbe","og_site_name":"Congo Brazzaville","article_published_time":"2024-07-13T22:48:33+00:00","article_modified_time":"2024-07-14T01:04:29+00:00","og_image":[{"width":1580,"height":1116,"url":"https:\/\/static.africa-press.net\/congo-brazzaville\/sites\/51\/2024\/07\/sm_1720899217.104621.jpg","type":"image\/jpeg"}],"author":"cfeditorfr","twitter_card":"summary_large_image","twitter_misc":{"\u00c9crit par":"cfeditorfr","Dur\u00e9e de lecture estim\u00e9e":"2 minutes"},"schema":{"@context":"https:\/\/schema.org","@graph":[{"@type":"Article","@id":"https:\/\/www.africa-press.net\/congo-brazzaville\/culture-et-art\/peinture-rencontre-avec-un-artiste-congolais-en-herbe#article","isPartOf":{"@id":"https:\/\/www.africa-press.net\/congo-brazzaville\/culture-et-art\/peinture-rencontre-avec-un-artiste-congolais-en-herbe"},"author":{"name":"cfeditorfr","@id":"https:\/\/www.africa-press.net\/congo-brazzaville\/#\/schema\/person\/2b1cf3cd81a31e3cd26889ca66d677f1"},"headline":"Peinture : rencontre avec un artiste congolais en herbe","datePublished":"2024-07-13T22:48:33+00:00","dateModified":"2024-07-14T01:04:29+00:00","mainEntityOfPage":{"@id":"https:\/\/www.africa-press.net\/congo-brazzaville\/culture-et-art\/peinture-rencontre-avec-un-artiste-congolais-en-herbe"},"wordCount":403,"commentCount":0,"image":{"@id":"https:\/\/www.africa-press.net\/congo-brazzaville\/culture-et-art\/peinture-rencontre-avec-un-artiste-congolais-en-herbe#primaryimage"},"thumbnailUrl":"https:\/\/static.africa-press.net\/congo-brazzaville\/sites\/51\/2024\/07\/sm_1720899217.104621.jpg","keywords":["Congo Brazzaville"],"articleSection":["Culture et Art","Toutes les actualit\u00e9s"],"inLanguage":"fr-FR","potentialAction":[{"@type":"CommentAction","name":"Comment","target":["https:\/\/www.africa-press.net\/congo-brazzaville\/culture-et-art\/peinture-rencontre-avec-un-artiste-congolais-en-herbe#respond"]}]},{"@type":"WebPage","@id":"https:\/\/www.africa-press.net\/congo-brazzaville\/culture-et-art\/peinture-rencontre-avec-un-artiste-congolais-en-herbe","url":"https:\/\/www.africa-press.net\/congo-brazzaville\/culture-et-art\/peinture-rencontre-avec-un-artiste-congolais-en-herbe","name":"Peinture : rencontre avec un artiste congolais en herbe - Congo Brazzaville","isPartOf":{"@id":"https:\/\/www.africa-press.net\/congo-brazzaville\/#website"},"primaryImageOfPage":{"@id":"https:\/\/www.africa-press.net\/congo-brazzaville\/culture-et-art\/peinture-rencontre-avec-un-artiste-congolais-en-herbe#primaryimage"},"image":{"@id":"https:\/\/www.africa-press.net\/congo-brazzaville\/culture-et-art\/peinture-rencontre-avec-un-artiste-congolais-en-herbe#primaryimage"},"thumbnailUrl":"https:\/\/static.africa-press.net\/congo-brazzaville\/sites\/51\/2024\/07\/sm_1720899217.104621.jpg","datePublished":"2024-07-13T22:48:33+00:00","dateModified":"2024-07-14T01:04:29+00:00","author":{"@id":"https:\/\/www.africa-press.net\/congo-brazzaville\/#\/schema\/person\/2b1cf3cd81a31e3cd26889ca66d677f1"},"description":"Le peintre autodidacte Tyras.MKZ multiplie des expositions depuis le de\u0301but de cette anne\u0301e. Rencontre\u0301 au vernissage ...","breadcrumb":{"@id":"https:\/\/www.africa-press.net\/congo-brazzaville\/culture-et-art\/peinture-rencontre-avec-un-artiste-congolais-en-herbe#breadcrumb"},"inLanguage":"fr-FR","potentialAction":[{"@type":"ReadAction","target":["https:\/\/www.africa-press.net\/congo-brazzaville\/culture-et-art\/peinture-rencontre-avec-un-artiste-congolais-en-herbe"]}]},{"@type":"ImageObject","inLanguage":"fr-FR","@id":"https:\/\/www.africa-press.net\/congo-brazzaville\/culture-et-art\/peinture-rencontre-avec-un-artiste-congolais-en-herbe#primaryimage","url":"https:\/\/static.africa-press.net\/congo-brazzaville\/sites\/51\/2024\/07\/sm_1720899217.104621.jpg","contentUrl":"https:\/\/static.africa-press.net\/congo-brazzaville\/sites\/51\/2024\/07\/sm_1720899217.104621.jpg","width":1580,"height":1116,"caption":"Peinture : rencontre avec un artiste congolais en herbe"},{"@type":"BreadcrumbList","@id":"https:\/\/www.africa-press.net\/congo-brazzaville\/culture-et-art\/peinture-rencontre-avec-un-artiste-congolais-en-herbe#breadcrumb","itemListElement":[{"@type":"ListItem","position":1,"name":"Accueil","item":"https:\/\/www.africa-press.net\/congo-brazzaville\/"},{"@type":"ListItem","position":2,"name":"Peinture : rencontre avec un artiste congolais en herbe"}]},{"@type":"WebSite","@id":"https:\/\/www.africa-press.net\/congo-brazzaville\/#website","url":"https:\/\/www.africa-press.net\/congo-brazzaville\/","name":"Congo Brazzaville","description":"Just another Africa News Agency Sites site","potentialAction":[{"@type":"SearchAction","target":{"@type":"EntryPoint","urlTemplate":"https:\/\/www.africa-press.net\/congo-brazzaville\/?s={search_term_string}"},"query-input":{"@type":"PropertyValueSpecification","valueRequired":true,"valueName":"search_term_string"}}],"inLanguage":"fr-FR"},{"@type":"Person","@id":"https:\/\/www.africa-press.net\/congo-brazzaville\/#\/schema\/person\/2b1cf3cd81a31e3cd26889ca66d677f1","name":"cfeditorfr"}]}},"_links":{"self":[{"href":"https:\/\/www.africa-press.net\/congo-brazzaville\/wp-json\/wp\/v2\/posts\/32552","targetHints":{"allow":["GET"]}}],"collection":[{"href":"https:\/\/www.africa-press.net\/congo-brazzaville\/wp-json\/wp\/v2\/posts"}],"about":[{"href":"https:\/\/www.africa-press.net\/congo-brazzaville\/wp-json\/wp\/v2\/types\/post"}],"author":[{"embeddable":true,"href":"https:\/\/www.africa-press.net\/congo-brazzaville\/wp-json\/wp\/v2\/users\/82"}],"replies":[{"embeddable":true,"href":"https:\/\/www.africa-press.net\/congo-brazzaville\/wp-json\/wp\/v2\/comments?post=32552"}],"version-history":[{"count":0,"href":"https:\/\/www.africa-press.net\/congo-brazzaville\/wp-json\/wp\/v2\/posts\/32552\/revisions"}],"wp:featuredmedia":[{"embeddable":true,"href":"https:\/\/www.africa-press.net\/congo-brazzaville\/wp-json\/wp\/v2\/media\/32551"}],"wp:attachment":[{"href":"https:\/\/www.africa-press.net\/congo-brazzaville\/wp-json\/wp\/v2\/media?parent=32552"}],"wp:term":[{"taxonomy":"category","embeddable":true,"href":"https:\/\/www.africa-press.net\/congo-brazzaville\/wp-json\/wp\/v2\/categories?post=32552"},{"taxonomy":"post_tag","embeddable":true,"href":"https:\/\/www.africa-press.net\/congo-brazzaville\/wp-json\/wp\/v2\/tags?post=32552"}],"curies":[{"name":"wp","href":"https:\/\/api.w.org\/{rel}","templated":true}]}}